{"id":137645,"date":"2022-11-12T19:45:16","date_gmt":"2022-11-12T18:45:16","guid":{"rendered":"https:\/\/www.bellunopress.it\/?p=137645"},"modified":"2022-11-12T19:45:16","modified_gmt":"2022-11-12T18:45:16","slug":"cordoglio-per-la-scomparsa-del-professor-gianmario-dal-molin-sindaco-fusaro-feltre-perde-una-figura-di-rilievo-in-vari-ambiti","status":"publish","type":"post","link":"https:\/\/www.bellunopress.it\/fr\/2022\/11\/12\/cordoglio-per-la-scomparsa-del-professor-gianmario-dal-molin-sindaco-fusaro-feltre-perde-una-figura-di-rilievo-in-vari-ambiti\/","title":{"rendered":"Cordoglio per la scomparsa del professor Gianmario Dal Molin. Sindaco Fusaro: \u201cFeltre perde una figura di rilievo in vari ambiti\u201d"},"content":{"rendered":"<p><img loading=\"lazy\" decoding=\"async\" class=\"alignleft size-full wp-image-119261\" src=\"https:\/\/www.bellunopress.it\/wp-content\/uploads\/2020\/11\/lutto_edited.jpg\" alt=\"\" width=\"800\" height=\"445\" srcset=\"https:\/\/www.bellunopress.it\/wp-content\/uploads\/2020\/11\/lutto_edited.jpg 800w, https:\/\/www.bellunopress.it\/wp-content\/uploads\/2020\/11\/lutto_edited-500x278.jpg 500w, https:\/\/www.bellunopress.it\/wp-content\/uploads\/2020\/11\/lutto_edited-696x387.jpg 696w, https:\/\/www.bellunopress.it\/wp-content\/uploads\/2020\/11\/lutto_edited-755x420.jpg 755w\" sizes=\"auto, (max-width: 800px) 100vw, 800px\" \/>\u201cFeltre perde un appassionato cultore della sua storia e delle sue tradizioni, ma soprattutto un cittadino che ha interpretato con passione e dedizione il suo amore per la citt\u00e0 e per il territorio che la circonda in vari ambiti\u201d.<\/p>\n<p>Cos\u00ec il sindaco di Feltre, Viviana Fusaro, esprime a nome di tutta l\u2019Amministrazione e della comunit\u00e0 feltrina il cordoglio per la scomparsa, avvenuta oggi, di Gianmario Dal Molin.<\/p>\n<p>\u201cDifficile trovare un campo in cui il professor Dal Molin, impegnato a titolo professionale o meno, non abbia manifestato l\u2019attaccamento convinto alla nostra citt\u00e0, al suo patrimonio culturale, storico sociale e religioso, ai suoi valori\u201d, prosegue il sindaco, che aggiunge: \u201cImpossibile ricordare tutti gli ambiti del suo impegno. Direttore dell\u2019allora ULSS di Feltre, componente della giunta comunale come assessore alla cultura durante la seconda amministrazione Vaccari, membro del cda dello IULM, docente, storico locale, presidente del Lions e anima di Famiglia Feltrina &#8211; di cui era attualmente presidente onorario &#8211; per molti anni, Dal Molin ha interpretato un ruolo attivo e di primo piano nella vita del Feltrino nell\u2019ultimo mezzo secolo della sua storia. Come non ricordare, a solo titolo di esempio tra le molte iniziative di cui \u00e8 stato promotore o capofila in tempi recenti, l\u2019appassionata attivit\u00e0 in difesa della sanit\u00e0 feltrina e del suo ospedale o, su un altro versante, il ruolo di capofila nell\u2019operazione culturale che riport\u00f2 in citt\u00e0 della statua di Esculapio nel 2015?\u201d<\/p>\n<p>\u201cEsprimo ai familiari del professor Gianmario Dal Molin il cordoglio di tutta la comunit\u00e0 feltrina, per cui la sua scomparsa rappresenta una perdita senza dubbio importante\u201d, conclude il sindaco Fusaro.<\/p>","protected":false},"excerpt":{"rendered":"<p>\u201cFeltre perde un appassionato cultore della sua storia e delle sue tradizioni, ma soprattutto un cittadino che ha interpretato con passione e dedizione il suo amore per la citt\u00e0 e per il territorio che la circonda in vari ambiti\u201d. Cos\u00ec il sindaco di Feltre, Viviana Fusaro, esprime a nome di tutta l\u2019Amministrazione e della comunit\u00e0 [&hellip;]<\/p>\n","protected":false},"author":2,"featured_media":119261,"comment_status":"closed","ping_status":"open","sticky":false,"template":"","format":"standard","meta":{"footnotes":""},"categories":[5,26],"tags":[],"class_list":["post-137645","post","type-post","status-publish","format-standard","has-post-thumbnail","category-cronaca","category-prima-pagina"],"yoast_head":"<!-- This site is optimized with the Yoast SEO plugin v28.4 - https:\/\/yoast.com\/product\/yoast-seo-wordpress\/ -->\n<title>Cordoglio per la scomparsa del professor Gianmario Dal Molin. Sindaco Fusaro: \u201cFeltre perde una figura di rilievo in vari ambiti\u201d - Bellunopress - Dolomiti<\/title>\n<meta name=\"robots\" content=\"index, follow, max-snippet:-1, max-image-preview:large, max-video-preview:-1\" \/>\n<link rel=\"canonical\" href=\"https:\/\/www.bellunopress.it\/fr\/2022\/11\/12\/cordoglio-per-la-scomparsa-del-professor-gianmario-dal-molin-sindaco-fusaro-feltre-perde-una-figura-di-rilievo-in-vari-ambiti\/\" \/>\n<meta property=\"og:locale\" content=\"fr_FR\" \/>\n<meta property=\"og:type\" content=\"article\" \/>\n<meta property=\"og:title\" content=\"Cordoglio per la scomparsa del professor Gianmario Dal Molin. Sindaco Fusaro: \u201cFeltre perde una figura di rilievo in vari ambiti\u201d - Bellunopress - Dolomiti\" \/>\n<meta property=\"og:description\" content=\"\u201cFeltre perde un appassionato cultore della sua storia e delle sue tradizioni, ma soprattutto un cittadino che ha interpretato con passione e dedizione il suo amore per la citt\u00e0 e per il territorio che la circonda in vari ambiti\u201d. Cos\u00ec il sindaco di Feltre, Viviana Fusaro, esprime a nome di tutta l\u2019Amministrazione e della comunit\u00e0 [&hellip;]\" \/>\n<meta property=\"og:url\" content=\"https:\/\/www.bellunopress.it\/fr\/2022\/11\/12\/cordoglio-per-la-scomparsa-del-professor-gianmario-dal-molin-sindaco-fusaro-feltre-perde-una-figura-di-rilievo-in-vari-ambiti\/\" \/>\n<meta property=\"og:site_name\" content=\"Bellunopress - Dolomiti\" \/>\n<meta property=\"article:publisher\" content=\"https:\/\/www.facebook.com\/profile.php?id=100008943462799\" \/>\n<meta property=\"article:published_time\" content=\"2022-11-12T18:45:16+00:00\" \/>\n<meta property=\"og:image\" content=\"https:\/\/www.bellunopress.it\/wp-content\/uploads\/2020\/11\/lutto_edited.jpg\" \/>\n\t<meta property=\"og:image:width\" content=\"800\" \/>\n\t<meta property=\"og:image:height\" content=\"445\" \/>\n\t<meta property=\"og:image:type\" content=\"image\/jpeg\" \/>\n<meta name=\"author\" content=\"redazione\" \/>\n<meta name=\"twitter:card\" content=\"summary_large_image\" \/>\n<meta name=\"twitter:creator\" content=\"@bellunopress\" \/>\n<meta name=\"twitter:site\" content=\"@bellunopress\" \/>\n<meta name=\"twitter:label1\" content=\"\u00c9crit par\" \/>\n\t<meta name=\"twitter:data1\" content=\"redazione\" \/>\n\t<meta name=\"twitter:label2\" content=\"Dur\u00e9e de lecture estim\u00e9e\" \/>\n\t<meta name=\"twitter:data2\" content=\"2 minutes\" \/>\n<script type=\"application\/ld+json\" class=\"yoast-schema-graph\">{\"@context\":\"https:\\\/\\\/schema.org\",\"@graph\":[{\"@type\":\"Article\",\"@id\":\"https:\\\/\\\/www.bellunopress.it\\\/2022\\\/11\\\/12\\\/cordoglio-per-la-scomparsa-del-professor-gianmario-dal-molin-sindaco-fusaro-feltre-perde-una-figura-di-rilievo-in-vari-ambiti\\\/#article\",\"isPartOf\":{\"@id\":\"https:\\\/\\\/www.bellunopress.it\\\/2022\\\/11\\\/12\\\/cordoglio-per-la-scomparsa-del-professor-gianmario-dal-molin-sindaco-fusaro-feltre-perde-una-figura-di-rilievo-in-vari-ambiti\\\/\"},\"author\":{\"name\":\"redazione\",\"@id\":\"https:\\\/\\\/www.bellunopress.it\\\/#\\\/schema\\\/person\\\/79bb06722b37ece1c03d3e94beb30d73\"},\"headline\":\"Cordoglio per la scomparsa del professor Gianmario Dal Molin. Sindaco Fusaro: \u201cFeltre perde una figura di rilievo in vari ambiti\u201d\",\"datePublished\":\"2022-11-12T18:45:16+00:00\",\"mainEntityOfPage\":{\"@id\":\"https:\\\/\\\/www.bellunopress.it\\\/2022\\\/11\\\/12\\\/cordoglio-per-la-scomparsa-del-professor-gianmario-dal-molin-sindaco-fusaro-feltre-perde-una-figura-di-rilievo-in-vari-ambiti\\\/\"},\"wordCount\":289,\"publisher\":{\"@id\":\"https:\\\/\\\/www.bellunopress.it\\\/#organization\"},\"image\":{\"@id\":\"https:\\\/\\\/www.bellunopress.it\\\/2022\\\/11\\\/12\\\/cordoglio-per-la-scomparsa-del-professor-gianmario-dal-molin-sindaco-fusaro-feltre-perde-una-figura-di-rilievo-in-vari-ambiti\\\/#primaryimage\"},\"thumbnailUrl\":\"https:\\\/\\\/www.bellunopress.it\\\/wp-content\\\/uploads\\\/2020\\\/11\\\/lutto_edited.jpg\",\"articleSection\":[\"Cronaca\\\/Politica\",\"Prima Pagina\"],\"inLanguage\":\"fr-FR\"},{\"@type\":\"WebPage\",\"@id\":\"https:\\\/\\\/www.bellunopress.it\\\/2022\\\/11\\\/12\\\/cordoglio-per-la-scomparsa-del-professor-gianmario-dal-molin-sindaco-fusaro-feltre-perde-una-figura-di-rilievo-in-vari-ambiti\\\/\",\"url\":\"https:\\\/\\\/www.bellunopress.it\\\/2022\\\/11\\\/12\\\/cordoglio-per-la-scomparsa-del-professor-gianmario-dal-molin-sindaco-fusaro-feltre-perde-una-figura-di-rilievo-in-vari-ambiti\\\/\",\"name\":\"Cordoglio per la scomparsa del professor Gianmario Dal Molin. Sindaco Fusaro: \u201cFeltre perde una figura di rilievo in vari ambiti\u201d - Bellunopress - Dolomiti\",\"isPartOf\":{\"@id\":\"https:\\\/\\\/www.bellunopress.it\\\/#website\"},\"primaryImageOfPage\":{\"@id\":\"https:\\\/\\\/www.bellunopress.it\\\/2022\\\/11\\\/12\\\/cordoglio-per-la-scomparsa-del-professor-gianmario-dal-molin-sindaco-fusaro-feltre-perde-una-figura-di-rilievo-in-vari-ambiti\\\/#primaryimage\"},\"image\":{\"@id\":\"https:\\\/\\\/www.bellunopress.it\\\/2022\\\/11\\\/12\\\/cordoglio-per-la-scomparsa-del-professor-gianmario-dal-molin-sindaco-fusaro-feltre-perde-una-figura-di-rilievo-in-vari-ambiti\\\/#primaryimage\"},\"thumbnailUrl\":\"https:\\\/\\\/www.bellunopress.it\\\/wp-content\\\/uploads\\\/2020\\\/11\\\/lutto_edited.jpg\",\"datePublished\":\"2022-11-12T18:45:16+00:00\",\"breadcrumb\":{\"@id\":\"https:\\\/\\\/www.bellunopress.it\\\/2022\\\/11\\\/12\\\/cordoglio-per-la-scomparsa-del-professor-gianmario-dal-molin-sindaco-fusaro-feltre-perde-una-figura-di-rilievo-in-vari-ambiti\\\/#breadcrumb\"},\"inLanguage\":\"fr-FR\",\"potentialAction\":[{\"@type\":\"ReadAction\",\"target\":[\"https:\\\/\\\/www.bellunopress.it\\\/2022\\\/11\\\/12\\\/cordoglio-per-la-scomparsa-del-professor-gianmario-dal-molin-sindaco-fusaro-feltre-perde-una-figura-di-rilievo-in-vari-ambiti\\\/\"]}]},{\"@type\":\"ImageObject\",\"inLanguage\":\"fr-FR\",\"@id\":\"https:\\\/\\\/www.bellunopress.it\\\/2022\\\/11\\\/12\\\/cordoglio-per-la-scomparsa-del-professor-gianmario-dal-molin-sindaco-fusaro-feltre-perde-una-figura-di-rilievo-in-vari-ambiti\\\/#primaryimage\",\"url\":\"https:\\\/\\\/www.bellunopress.it\\\/wp-content\\\/uploads\\\/2020\\\/11\\\/lutto_edited.jpg\",\"contentUrl\":\"https:\\\/\\\/www.bellunopress.it\\\/wp-content\\\/uploads\\\/2020\\\/11\\\/lutto_edited.jpg\",\"width\":800,\"height\":445},{\"@type\":\"BreadcrumbList\",\"@id\":\"https:\\\/\\\/www.bellunopress.it\\\/2022\\\/11\\\/12\\\/cordoglio-per-la-scomparsa-del-professor-gianmario-dal-molin-sindaco-fusaro-feltre-perde-una-figura-di-rilievo-in-vari-ambiti\\\/#breadcrumb\",\"itemListElement\":[{\"@type\":\"ListItem\",\"position\":1,\"name\":\"Home\",\"item\":\"https:\\\/\\\/www.bellunopress.it\\\/\"},{\"@type\":\"ListItem\",\"position\":2,\"name\":\"Cordoglio per la scomparsa del professor Gianmario Dal Molin. Sindaco Fusaro: \u201cFeltre perde una figura di rilievo in vari ambiti\u201d\"}]},{\"@type\":\"WebSite\",\"@id\":\"https:\\\/\\\/www.bellunopress.it\\\/#website\",\"url\":\"https:\\\/\\\/www.bellunopress.it\\\/\",\"name\":\"Bellunopress - Dolomiti\",\"description\":\"e-mail: redazione@bellunopress.it\",\"publisher\":{\"@id\":\"https:\\\/\\\/www.bellunopress.it\\\/#organization\"},\"potentialAction\":[{\"@type\":\"SearchAction\",\"target\":{\"@type\":\"EntryPoint\",\"urlTemplate\":\"https:\\\/\\\/www.bellunopress.it\\\/?s={search_term_string}\"},\"query-input\":{\"@type\":\"PropertyValueSpecification\",\"valueRequired\":true,\"valueName\":\"search_term_string\"}}],\"inLanguage\":\"fr-FR\"},{\"@type\":\"Organization\",\"@id\":\"https:\\\/\\\/www.bellunopress.it\\\/#organization\",\"name\":\"Bellunopress\",\"url\":\"https:\\\/\\\/www.bellunopress.it\\\/\",\"logo\":{\"@type\":\"ImageObject\",\"inLanguage\":\"fr-FR\",\"@id\":\"https:\\\/\\\/www.bellunopress.it\\\/#\\\/schema\\\/logo\\\/image\\\/\",\"url\":\"https:\\\/\\\/www.bellunopress.it\\\/wp-content\\\/uploads\\\/2011\\\/05\\\/cropped-logo-bellunopress-.jpg\",\"contentUrl\":\"https:\\\/\\\/www.bellunopress.it\\\/wp-content\\\/uploads\\\/2011\\\/05\\\/cropped-logo-bellunopress-.jpg\",\"width\":512,\"height\":512,\"caption\":\"Bellunopress\"},\"image\":{\"@id\":\"https:\\\/\\\/www.bellunopress.it\\\/#\\\/schema\\\/logo\\\/image\\\/\"},\"sameAs\":[\"https:\\\/\\\/www.facebook.com\\\/profile.php?id=100008943462799\",\"https:\\\/\\\/x.com\\\/bellunopress\",\"https:\\\/\\\/www.linkedin.com\\\/hp\\\/?dnr=JBzUWaJfMUw8vbXJJ2tVW5-I3jZKvC4wsoxE&amp;amp;amp;amp;amp;amp;trk=nav_responsive_tab_home\",\"https:\\\/\\\/www.youtube.com\\\/channel\\\/UCxL0wu1uN0_3_7hGG0306cw\"]},{\"@type\":\"Person\",\"@id\":\"https:\\\/\\\/www.bellunopress.it\\\/#\\\/schema\\\/person\\\/79bb06722b37ece1c03d3e94beb30d73\",\"name\":\"redazione\",\"image\":{\"@type\":\"ImageObject\",\"inLanguage\":\"fr-FR\",\"@id\":\"https:\\\/\\\/secure.gravatar.com\\\/avatar\\\/37d968a2e67a6fd04c169c4bdef102d0bc5d31b2546345219e348575eb80e9a0?s=96&d=mm&r=g\",\"url\":\"https:\\\/\\\/secure.gravatar.com\\\/avatar\\\/37d968a2e67a6fd04c169c4bdef102d0bc5d31b2546345219e348575eb80e9a0?s=96&d=mm&r=g\",\"contentUrl\":\"https:\\\/\\\/secure.gravatar.com\\\/avatar\\\/37d968a2e67a6fd04c169c4bdef102d0bc5d31b2546345219e348575eb80e9a0?s=96&d=mm&r=g\",\"caption\":\"redazione\"},\"sameAs\":[\"http:\\\/\\\/www.bellunopress.it\",\"https:\\\/\\\/x.com\\\/bellunopress\"],\"url\":\"https:\\\/\\\/www.bellunopress.it\\\/fr\\\/author\\\/redazione\\\/\"}]}<\/script>\n<!-- \/ Yoast SEO plugin. -->","yoast_head_json":{"title":"Cordoglio per la scomparsa del professor Gianmario Dal Molin. Sindaco Fusaro: \u201cFeltre perde una figura di rilievo in vari ambiti\u201d - Bellunopress - Dolomiti","robots":{"index":"index","follow":"follow","max-snippet":"max-snippet:-1","max-image-preview":"max-image-preview:large","max-video-preview":"max-video-preview:-1"},"canonical":"https:\/\/www.bellunopress.it\/fr\/2022\/11\/12\/cordoglio-per-la-scomparsa-del-professor-gianmario-dal-molin-sindaco-fusaro-feltre-perde-una-figura-di-rilievo-in-vari-ambiti\/","og_locale":"fr_FR","og_type":"article","og_title":"Cordoglio per la scomparsa del professor Gianmario Dal Molin. Sindaco Fusaro: \u201cFeltre perde una figura di rilievo in vari ambiti\u201d - Bellunopress - Dolomiti","og_description":"\u201cFeltre perde un appassionato cultore della sua storia e delle sue tradizioni, ma soprattutto un cittadino che ha interpretato con passione e dedizione il suo amore per la citt\u00e0 e per il territorio che la circonda in vari ambiti\u201d. Cos\u00ec il sindaco di Feltre, Viviana Fusaro, esprime a nome di tutta l\u2019Amministrazione e della comunit\u00e0 [&hellip;]","og_url":"https:\/\/www.bellunopress.it\/fr\/2022\/11\/12\/cordoglio-per-la-scomparsa-del-professor-gianmario-dal-molin-sindaco-fusaro-feltre-perde-una-figura-di-rilievo-in-vari-ambiti\/","og_site_name":"Bellunopress - Dolomiti","article_publisher":"https:\/\/www.facebook.com\/profile.php?id=100008943462799","article_published_time":"2022-11-12T18:45:16+00:00","og_image":[{"width":800,"height":445,"url":"https:\/\/www.bellunopress.it\/wp-content\/uploads\/2020\/11\/lutto_edited.jpg","type":"image\/jpeg"}],"author":"redazione","twitter_card":"summary_large_image","twitter_creator":"@bellunopress","twitter_site":"@bellunopress","twitter_misc":{"\u00c9crit par":"redazione","Dur\u00e9e de lecture estim\u00e9e":"2 minutes"},"schema":{"@context":"https:\/\/schema.org","@graph":[{"@type":"Article","@id":"https:\/\/www.bellunopress.it\/2022\/11\/12\/cordoglio-per-la-scomparsa-del-professor-gianmario-dal-molin-sindaco-fusaro-feltre-perde-una-figura-di-rilievo-in-vari-ambiti\/#article","isPartOf":{"@id":"https:\/\/www.bellunopress.it\/2022\/11\/12\/cordoglio-per-la-scomparsa-del-professor-gianmario-dal-molin-sindaco-fusaro-feltre-perde-una-figura-di-rilievo-in-vari-ambiti\/"},"author":{"name":"redazione","@id":"https:\/\/www.bellunopress.it\/#\/schema\/person\/79bb06722b37ece1c03d3e94beb30d73"},"headline":"Cordoglio per la scomparsa del professor Gianmario Dal Molin. Sindaco Fusaro: \u201cFeltre perde una figura di rilievo in vari ambiti\u201d","datePublished":"2022-11-12T18:45:16+00:00","mainEntityOfPage":{"@id":"https:\/\/www.bellunopress.it\/2022\/11\/12\/cordoglio-per-la-scomparsa-del-professor-gianmario-dal-molin-sindaco-fusaro-feltre-perde-una-figura-di-rilievo-in-vari-ambiti\/"},"wordCount":289,"publisher":{"@id":"https:\/\/www.bellunopress.it\/#organization"},"image":{"@id":"https:\/\/www.bellunopress.it\/2022\/11\/12\/cordoglio-per-la-scomparsa-del-professor-gianmario-dal-molin-sindaco-fusaro-feltre-perde-una-figura-di-rilievo-in-vari-ambiti\/#primaryimage"},"thumbnailUrl":"https:\/\/www.bellunopress.it\/wp-content\/uploads\/2020\/11\/lutto_edited.jpg","articleSection":["Cronaca\/Politica","Prima Pagina"],"inLanguage":"fr-FR"},{"@type":"WebPage","@id":"https:\/\/www.bellunopress.it\/2022\/11\/12\/cordoglio-per-la-scomparsa-del-professor-gianmario-dal-molin-sindaco-fusaro-feltre-perde-una-figura-di-rilievo-in-vari-ambiti\/","url":"https:\/\/www.bellunopress.it\/2022\/11\/12\/cordoglio-per-la-scomparsa-del-professor-gianmario-dal-molin-sindaco-fusaro-feltre-perde-una-figura-di-rilievo-in-vari-ambiti\/","name":"Cordoglio per la scomparsa del professor Gianmario Dal Molin. Sindaco Fusaro: \u201cFeltre perde una figura di rilievo in vari ambiti\u201d - Bellunopress - Dolomiti","isPartOf":{"@id":"https:\/\/www.bellunopress.it\/#website"},"primaryImageOfPage":{"@id":"https:\/\/www.bellunopress.it\/2022\/11\/12\/cordoglio-per-la-scomparsa-del-professor-gianmario-dal-molin-sindaco-fusaro-feltre-perde-una-figura-di-rilievo-in-vari-ambiti\/#primaryimage"},"image":{"@id":"https:\/\/www.bellunopress.it\/2022\/11\/12\/cordoglio-per-la-scomparsa-del-professor-gianmario-dal-molin-sindaco-fusaro-feltre-perde-una-figura-di-rilievo-in-vari-ambiti\/#primaryimage"},"thumbnailUrl":"https:\/\/www.bellunopress.it\/wp-content\/uploads\/2020\/11\/lutto_edited.jpg","datePublished":"2022-11-12T18:45:16+00:00","breadcrumb":{"@id":"https:\/\/www.bellunopress.it\/2022\/11\/12\/cordoglio-per-la-scomparsa-del-professor-gianmario-dal-molin-sindaco-fusaro-feltre-perde-una-figura-di-rilievo-in-vari-ambiti\/#breadcrumb"},"inLanguage":"fr-FR","potentialAction":[{"@type":"ReadAction","target":["https:\/\/www.bellunopress.it\/2022\/11\/12\/cordoglio-per-la-scomparsa-del-professor-gianmario-dal-molin-sindaco-fusaro-feltre-perde-una-figura-di-rilievo-in-vari-ambiti\/"]}]},{"@type":"ImageObject","inLanguage":"fr-FR","@id":"https:\/\/www.bellunopress.it\/2022\/11\/12\/cordoglio-per-la-scomparsa-del-professor-gianmario-dal-molin-sindaco-fusaro-feltre-perde-una-figura-di-rilievo-in-vari-ambiti\/#primaryimage","url":"https:\/\/www.bellunopress.it\/wp-content\/uploads\/2020\/11\/lutto_edited.jpg","contentUrl":"https:\/\/www.bellunopress.it\/wp-content\/uploads\/2020\/11\/lutto_edited.jpg","width":800,"height":445},{"@type":"BreadcrumbList","@id":"https:\/\/www.bellunopress.it\/2022\/11\/12\/cordoglio-per-la-scomparsa-del-professor-gianmario-dal-molin-sindaco-fusaro-feltre-perde-una-figura-di-rilievo-in-vari-ambiti\/#breadcrumb","itemListElement":[{"@type":"ListItem","position":1,"name":"Home","item":"https:\/\/www.bellunopress.it\/"},{"@type":"ListItem","position":2,"name":"Cordoglio per la scomparsa del professor Gianmario Dal Molin. Sindaco Fusaro: \u201cFeltre perde una figura di rilievo in vari ambiti\u201d"}]},{"@type":"WebSite","@id":"https:\/\/www.bellunopress.it\/#website","url":"https:\/\/www.bellunopress.it\/","name":"Bellunopress - Dolomiti","description":"e-mail: redazione@bellunopress.it","publisher":{"@id":"https:\/\/www.bellunopress.it\/#organization"},"potentialAction":[{"@type":"SearchAction","target":{"@type":"EntryPoint","urlTemplate":"https:\/\/www.bellunopress.it\/?s={search_term_string}"},"query-input":{"@type":"PropertyValueSpecification","valueRequired":true,"valueName":"search_term_string"}}],"inLanguage":"fr-FR"},{"@type":"Organization","@id":"https:\/\/www.bellunopress.it\/#organization","name":"Bellunopress","url":"https:\/\/www.bellunopress.it\/","logo":{"@type":"ImageObject","inLanguage":"fr-FR","@id":"https:\/\/www.bellunopress.it\/#\/schema\/logo\/image\/","url":"https:\/\/www.bellunopress.it\/wp-content\/uploads\/2011\/05\/cropped-logo-bellunopress-.jpg","contentUrl":"https:\/\/www.bellunopress.it\/wp-content\/uploads\/2011\/05\/cropped-logo-bellunopress-.jpg","width":512,"height":512,"caption":"Bellunopress"},"image":{"@id":"https:\/\/www.bellunopress.it\/#\/schema\/logo\/image\/"},"sameAs":["https:\/\/www.facebook.com\/profile.php?id=100008943462799","https:\/\/x.com\/bellunopress","https:\/\/www.linkedin.com\/hp\/?dnr=JBzUWaJfMUw8vbXJJ2tVW5-I3jZKvC4wsoxE&amp;amp;amp;amp;amp;amp;trk=nav_responsive_tab_home","https:\/\/www.youtube.com\/channel\/UCxL0wu1uN0_3_7hGG0306cw"]},{"@type":"Person","@id":"https:\/\/www.bellunopress.it\/#\/schema\/person\/79bb06722b37ece1c03d3e94beb30d73","name":"r\u00e9daction","image":{"@type":"ImageObject","inLanguage":"fr-FR","@id":"https:\/\/secure.gravatar.com\/avatar\/37d968a2e67a6fd04c169c4bdef102d0bc5d31b2546345219e348575eb80e9a0?s=96&d=mm&r=g","url":"https:\/\/secure.gravatar.com\/avatar\/37d968a2e67a6fd04c169c4bdef102d0bc5d31b2546345219e348575eb80e9a0?s=96&d=mm&r=g","contentUrl":"https:\/\/secure.gravatar.com\/avatar\/37d968a2e67a6fd04c169c4bdef102d0bc5d31b2546345219e348575eb80e9a0?s=96&d=mm&r=g","caption":"redazione"},"sameAs":["http:\/\/www.bellunopress.it","https:\/\/x.com\/bellunopress"],"url":"https:\/\/www.bellunopress.it\/fr\/author\/redazione\/"}]}},"_links":{"self":[{"href":"https:\/\/www.bellunopress.it\/fr\/wp-json\/wp\/v2\/posts\/137645","targetHints":{"allow":["GET"]}}],"collection":[{"href":"https:\/\/www.bellunopress.it\/fr\/wp-json\/wp\/v2\/posts"}],"about":[{"href":"https:\/\/www.bellunopress.it\/fr\/wp-json\/wp\/v2\/types\/post"}],"author":[{"embeddable":true,"href":"https:\/\/www.bellunopress.it\/fr\/wp-json\/wp\/v2\/users\/2"}],"replies":[{"embeddable":true,"href":"https:\/\/www.bellunopress.it\/fr\/wp-json\/wp\/v2\/comments?post=137645"}],"version-history":[{"count":1,"href":"https:\/\/www.bellunopress.it\/fr\/wp-json\/wp\/v2\/posts\/137645\/revisions"}],"predecessor-version":[{"id":137646,"href":"https:\/\/www.bellunopress.it\/fr\/wp-json\/wp\/v2\/posts\/137645\/revisions\/137646"}],"wp:featuredmedia":[{"embeddable":true,"href":"https:\/\/www.bellunopress.it\/fr\/wp-json\/wp\/v2\/media\/119261"}],"wp:attachment":[{"href":"https:\/\/www.bellunopress.it\/fr\/wp-json\/wp\/v2\/media?parent=137645"}],"wp:term":[{"taxonomy":"category","embeddable":true,"href":"https:\/\/www.bellunopress.it\/fr\/wp-json\/wp\/v2\/categories?post=137645"},{"taxonomy":"post_tag","embeddable":true,"href":"https:\/\/www.bellunopress.it\/fr\/wp-json\/wp\/v2\/tags?post=137645"}],"curies":[{"name":"wp","href":"https:\/\/api.w.org\/{rel}","templated":true}]}}