{"id":137642,"date":"2022-11-12T17:25:52","date_gmt":"2022-11-12T16:25:52","guid":{"rendered":"https:\/\/www.bellunopress.it\/?p=137642"},"modified":"2022-11-12T17:25:52","modified_gmt":"2022-11-12T16:25:52","slug":"franco-stien-eletto-segretario-della-lega-a-feltre","status":"publish","type":"post","link":"https:\/\/www.bellunopress.it\/fr\/2022\/11\/12\/franco-stien-eletto-segretario-della-lega-a-feltre\/","title":{"rendered":"Franco Stien eletto segretario della Lega a Feltre"},"content":{"rendered":"<p><img loading=\"lazy\" decoding=\"async\" class=\"alignleft size-full wp-image-137643\" src=\"https:\/\/www.bellunopress.it\/wp-content\/uploads\/2022\/11\/Franco-Stien-segretario-Lega-Feltre.jpg\" alt=\"\" width=\"552\" height=\"428\" srcset=\"https:\/\/www.bellunopress.it\/wp-content\/uploads\/2022\/11\/Franco-Stien-segretario-Lega-Feltre.jpg 552w, https:\/\/www.bellunopress.it\/wp-content\/uploads\/2022\/11\/Franco-Stien-segretario-Lega-Feltre-500x388.jpg 500w, https:\/\/www.bellunopress.it\/wp-content\/uploads\/2022\/11\/Franco-Stien-segretario-Lega-Feltre-542x420.jpg 542w\" sizes=\"auto, (max-width: 552px) 100vw, 552px\" \/>E&#8217; Franco Stien il nuovo segretario di sezione della Lega di Feltre. Militante da circa un anno, sostenitore da molto tempo, Stien \u00e8 stato eletto nel corso del congresso di venerd\u00ec sera. Nella stessa occasione \u00e8 stato rinnovato anche il consiglio direttivo che, per i prossimi tre anni, sar\u00e0 quindi cos\u00ec formato: Tiziana Penco (commissario uscente), Gilberto Signoretti, Francesco Faoro e Luigi d&#8217;Agostini. Sandro d&#8217;Incau seguir\u00e0 da vicino i lavori del direttivo come membro supplente.<\/p>\n<p>Penco, commissario della sezione dal novembre 2021 alla nomina del nuovo segretario, da parte sua sottolinea la rinnovata vivacit\u00e0 della sezione feltrina che proprio in questi mesi si sta rafforzando con l&#8217;ingresso di nuovi tesserati, con nuovi militanti e l&#8217;avvicinamento di molti giovani. &#8220;Lascio nelle mani del nuovo segretario un partito attivo, dove si respira entusiasmo e voglia di fare \u2013 commenta -, la sezione \u00e8 motivata e i nuovi sostenitori dimostrano grande voglia di impegnarsi nelle attivit\u00e0 del partito. Il ricambio generazionale, poi, \u00e8 fondamentale ed \u00e8 uno dei punti su cui lavoreremo a fondo nei prossimi anni: i nuovi, giovani, ingressi saranno coinvolti sempre nelle iniziative, gli saranno affidati compiti e si stimoler\u00e0 sempre con loro un dialogo con l&#8217;obiettivo di farli crescere e favorire il rinnovo nel gruppo. Con la nomina del direttivo, poi, abbiamo cercato di rappresentare diverse parti del Feltrino, dalla citt\u00e0 ai comuni limitrofi, alle frazioni&#8221;.<\/p>\n<p>Imprenditore di 62 anni, sposato con due figli, Stien ha assunto il nuovo incarico con entusiasmo, sfoderando subito idee e iniziative per i prossimi mesi. &#8220;Mi sento orgoglioso di partecipare al movimento feltrino e di fare politica tra la gente. Questo \u00e8 importante, perch\u00e9 le sezioni avranno un ruolo determinante per il rilancio del partito \u2013 il suo commento \u2013 per il contatto con il territorio e il confronto con esso. Dobbiamo sforzarci di ampliare la nostra base di iscritti, sar\u00e0 questo uno degli impegni da qui in avanti, anche attraverso il coinvolgimento di associazioni. Sar\u00e0 mia, nostra, responsabilit\u00e0 rappresentare al meglio anche i comuni confinanti e dialogare con il territorio per avvicinare la politica alla gente&#8221;.<\/p>\n<p>&nbsp;<\/p>","protected":false},"excerpt":{"rendered":"<p>E&#8217; Franco Stien il nuovo segretario di sezione della Lega di Feltre. Militante da circa un anno, sostenitore da molto tempo, Stien \u00e8 stato eletto nel corso del congresso di venerd\u00ec sera. Nella stessa occasione \u00e8 stato rinnovato anche il consiglio direttivo che, per i prossimi tre anni, sar\u00e0 quindi cos\u00ec formato: Tiziana Penco (commissario [&hellip;]<\/p>\n","protected":false},"author":2,"featured_media":137643,"comment_status":"closed","ping_status":"open","sticky":false,"template":"","format":"standard","meta":{"footnotes":""},"categories":[5],"tags":[],"class_list":["post-137642","post","type-post","status-publish","format-standard","has-post-thumbnail","category-cronaca"],"yoast_head":"<!-- This site is optimized with the Yoast SEO plugin v28.4 - https:\/\/yoast.com\/product\/yoast-seo-wordpress\/ -->\n<title>Franco Stien eletto segretario della Lega a Feltre - Bellunopress - Dolomiti<\/title>\n<meta name=\"robots\" content=\"index, follow, max-snippet:-1, max-image-preview:large, max-video-preview:-1\" \/>\n<link rel=\"canonical\" href=\"https:\/\/www.bellunopress.it\/fr\/2022\/11\/12\/franco-stien-eletto-segretario-della-lega-a-feltre\/\" \/>\n<meta property=\"og:locale\" content=\"fr_FR\" \/>\n<meta property=\"og:type\" content=\"article\" \/>\n<meta property=\"og:title\" content=\"Franco Stien eletto segretario della Lega a Feltre - Bellunopress - Dolomiti\" \/>\n<meta property=\"og:description\" content=\"E&#8217; Franco Stien il nuovo segretario di sezione della Lega di Feltre. Militante da circa un anno, sostenitore da molto tempo, Stien \u00e8 stato eletto nel corso del congresso di venerd\u00ec sera. Nella stessa occasione \u00e8 stato rinnovato anche il consiglio direttivo che, per i prossimi tre anni, sar\u00e0 quindi cos\u00ec formato: Tiziana Penco (commissario [&hellip;]\" \/>\n<meta property=\"og:url\" content=\"https:\/\/www.bellunopress.it\/fr\/2022\/11\/12\/franco-stien-eletto-segretario-della-lega-a-feltre\/\" \/>\n<meta property=\"og:site_name\" content=\"Bellunopress - Dolomiti\" \/>\n<meta property=\"article:publisher\" content=\"https:\/\/www.facebook.com\/profile.php?id=100008943462799\" \/>\n<meta property=\"article:published_time\" content=\"2022-11-12T16:25:52+00:00\" \/>\n<meta property=\"og:image\" content=\"https:\/\/www.bellunopress.it\/wp-content\/uploads\/2022\/11\/Franco-Stien-segretario-Lega-Feltre.jpg\" \/>\n\t<meta property=\"og:image:width\" content=\"552\" \/>\n\t<meta property=\"og:image:height\" content=\"428\" \/>\n\t<meta property=\"og:image:type\" content=\"image\/jpeg\" \/>\n<meta name=\"author\" content=\"redazione\" \/>\n<meta name=\"twitter:card\" content=\"summary_large_image\" \/>\n<meta name=\"twitter:creator\" content=\"@bellunopress\" \/>\n<meta name=\"twitter:site\" content=\"@bellunopress\" \/>\n<meta name=\"twitter:label1\" content=\"Written by\" \/>\n\t<meta name=\"twitter:data1\" content=\"redazione\" \/>\n\t<meta name=\"twitter:label2\" content=\"Est. reading time\" \/>\n\t<meta name=\"twitter:data2\" content=\"3 minutes\" \/>\n<script type=\"application\/ld+json\" class=\"yoast-schema-graph\">{\"@context\":\"https:\\\/\\\/schema.org\",\"@graph\":[{\"@type\":\"Article\",\"@id\":\"https:\\\/\\\/www.bellunopress.it\\\/2022\\\/11\\\/12\\\/franco-stien-eletto-segretario-della-lega-a-feltre\\\/#article\",\"isPartOf\":{\"@id\":\"https:\\\/\\\/www.bellunopress.it\\\/2022\\\/11\\\/12\\\/franco-stien-eletto-segretario-della-lega-a-feltre\\\/\"},\"author\":{\"name\":\"redazione\",\"@id\":\"https:\\\/\\\/www.bellunopress.it\\\/#\\\/schema\\\/person\\\/79bb06722b37ece1c03d3e94beb30d73\"},\"headline\":\"Franco Stien eletto segretario della Lega a Feltre\",\"datePublished\":\"2022-11-12T16:25:52+00:00\",\"mainEntityOfPage\":{\"@id\":\"https:\\\/\\\/www.bellunopress.it\\\/2022\\\/11\\\/12\\\/franco-stien-eletto-segretario-della-lega-a-feltre\\\/\"},\"wordCount\":347,\"publisher\":{\"@id\":\"https:\\\/\\\/www.bellunopress.it\\\/#organization\"},\"image\":{\"@id\":\"https:\\\/\\\/www.bellunopress.it\\\/2022\\\/11\\\/12\\\/franco-stien-eletto-segretario-della-lega-a-feltre\\\/#primaryimage\"},\"thumbnailUrl\":\"https:\\\/\\\/www.bellunopress.it\\\/wp-content\\\/uploads\\\/2022\\\/11\\\/Franco-Stien-segretario-Lega-Feltre.jpg\",\"articleSection\":[\"Cronaca\\\/Politica\"],\"inLanguage\":\"fr-FR\"},{\"@type\":\"WebPage\",\"@id\":\"https:\\\/\\\/www.bellunopress.it\\\/2022\\\/11\\\/12\\\/franco-stien-eletto-segretario-della-lega-a-feltre\\\/\",\"url\":\"https:\\\/\\\/www.bellunopress.it\\\/2022\\\/11\\\/12\\\/franco-stien-eletto-segretario-della-lega-a-feltre\\\/\",\"name\":\"Franco Stien eletto segretario della Lega a Feltre - Bellunopress - Dolomiti\",\"isPartOf\":{\"@id\":\"https:\\\/\\\/www.bellunopress.it\\\/#website\"},\"primaryImageOfPage\":{\"@id\":\"https:\\\/\\\/www.bellunopress.it\\\/2022\\\/11\\\/12\\\/franco-stien-eletto-segretario-della-lega-a-feltre\\\/#primaryimage\"},\"image\":{\"@id\":\"https:\\\/\\\/www.bellunopress.it\\\/2022\\\/11\\\/12\\\/franco-stien-eletto-segretario-della-lega-a-feltre\\\/#primaryimage\"},\"thumbnailUrl\":\"https:\\\/\\\/www.bellunopress.it\\\/wp-content\\\/uploads\\\/2022\\\/11\\\/Franco-Stien-segretario-Lega-Feltre.jpg\",\"datePublished\":\"2022-11-12T16:25:52+00:00\",\"breadcrumb\":{\"@id\":\"https:\\\/\\\/www.bellunopress.it\\\/2022\\\/11\\\/12\\\/franco-stien-eletto-segretario-della-lega-a-feltre\\\/#breadcrumb\"},\"inLanguage\":\"fr-FR\",\"potentialAction\":[{\"@type\":\"ReadAction\",\"target\":[\"https:\\\/\\\/www.bellunopress.it\\\/2022\\\/11\\\/12\\\/franco-stien-eletto-segretario-della-lega-a-feltre\\\/\"]}]},{\"@type\":\"ImageObject\",\"inLanguage\":\"fr-FR\",\"@id\":\"https:\\\/\\\/www.bellunopress.it\\\/2022\\\/11\\\/12\\\/franco-stien-eletto-segretario-della-lega-a-feltre\\\/#primaryimage\",\"url\":\"https:\\\/\\\/www.bellunopress.it\\\/wp-content\\\/uploads\\\/2022\\\/11\\\/Franco-Stien-segretario-Lega-Feltre.jpg\",\"contentUrl\":\"https:\\\/\\\/www.bellunopress.it\\\/wp-content\\\/uploads\\\/2022\\\/11\\\/Franco-Stien-segretario-Lega-Feltre.jpg\",\"width\":552,\"height\":428},{\"@type\":\"BreadcrumbList\",\"@id\":\"https:\\\/\\\/www.bellunopress.it\\\/2022\\\/11\\\/12\\\/franco-stien-eletto-segretario-della-lega-a-feltre\\\/#breadcrumb\",\"itemListElement\":[{\"@type\":\"ListItem\",\"position\":1,\"name\":\"Home\",\"item\":\"https:\\\/\\\/www.bellunopress.it\\\/\"},{\"@type\":\"ListItem\",\"position\":2,\"name\":\"Franco Stien eletto segretario della Lega a Feltre\"}]},{\"@type\":\"WebSite\",\"@id\":\"https:\\\/\\\/www.bellunopress.it\\\/#website\",\"url\":\"https:\\\/\\\/www.bellunopress.it\\\/\",\"name\":\"Bellunopress - Dolomiti\",\"description\":\"e-mail: redazione@bellunopress.it\",\"publisher\":{\"@id\":\"https:\\\/\\\/www.bellunopress.it\\\/#organization\"},\"potentialAction\":[{\"@type\":\"SearchAction\",\"target\":{\"@type\":\"EntryPoint\",\"urlTemplate\":\"https:\\\/\\\/www.bellunopress.it\\\/?s={search_term_string}\"},\"query-input\":{\"@type\":\"PropertyValueSpecification\",\"valueRequired\":true,\"valueName\":\"search_term_string\"}}],\"inLanguage\":\"fr-FR\"},{\"@type\":\"Organization\",\"@id\":\"https:\\\/\\\/www.bellunopress.it\\\/#organization\",\"name\":\"Bellunopress\",\"url\":\"https:\\\/\\\/www.bellunopress.it\\\/\",\"logo\":{\"@type\":\"ImageObject\",\"inLanguage\":\"fr-FR\",\"@id\":\"https:\\\/\\\/www.bellunopress.it\\\/#\\\/schema\\\/logo\\\/image\\\/\",\"url\":\"https:\\\/\\\/www.bellunopress.it\\\/wp-content\\\/uploads\\\/2011\\\/05\\\/cropped-logo-bellunopress-.jpg\",\"contentUrl\":\"https:\\\/\\\/www.bellunopress.it\\\/wp-content\\\/uploads\\\/2011\\\/05\\\/cropped-logo-bellunopress-.jpg\",\"width\":512,\"height\":512,\"caption\":\"Bellunopress\"},\"image\":{\"@id\":\"https:\\\/\\\/www.bellunopress.it\\\/#\\\/schema\\\/logo\\\/image\\\/\"},\"sameAs\":[\"https:\\\/\\\/www.facebook.com\\\/profile.php?id=100008943462799\",\"https:\\\/\\\/x.com\\\/bellunopress\",\"https:\\\/\\\/www.linkedin.com\\\/hp\\\/?dnr=JBzUWaJfMUw8vbXJJ2tVW5-I3jZKvC4wsoxE&amp;amp;amp;amp;amp;amp;trk=nav_responsive_tab_home\",\"https:\\\/\\\/www.youtube.com\\\/channel\\\/UCxL0wu1uN0_3_7hGG0306cw\"]},{\"@type\":\"Person\",\"@id\":\"https:\\\/\\\/www.bellunopress.it\\\/#\\\/schema\\\/person\\\/79bb06722b37ece1c03d3e94beb30d73\",\"name\":\"redazione\",\"image\":{\"@type\":\"ImageObject\",\"inLanguage\":\"fr-FR\",\"@id\":\"https:\\\/\\\/secure.gravatar.com\\\/avatar\\\/37d968a2e67a6fd04c169c4bdef102d0bc5d31b2546345219e348575eb80e9a0?s=96&d=mm&r=g\",\"url\":\"https:\\\/\\\/secure.gravatar.com\\\/avatar\\\/37d968a2e67a6fd04c169c4bdef102d0bc5d31b2546345219e348575eb80e9a0?s=96&d=mm&r=g\",\"contentUrl\":\"https:\\\/\\\/secure.gravatar.com\\\/avatar\\\/37d968a2e67a6fd04c169c4bdef102d0bc5d31b2546345219e348575eb80e9a0?s=96&d=mm&r=g\",\"caption\":\"redazione\"},\"sameAs\":[\"http:\\\/\\\/www.bellunopress.it\",\"https:\\\/\\\/x.com\\\/bellunopress\"],\"url\":\"https:\\\/\\\/www.bellunopress.it\\\/fr\\\/author\\\/redazione\\\/\"}]}<\/script>\n<!-- \/ Yoast SEO plugin. -->","yoast_head_json":{"title":"Franco Stien eletto segretario della Lega a Feltre - Bellunopress - Dolomiti","robots":{"index":"index","follow":"follow","max-snippet":"max-snippet:-1","max-image-preview":"max-image-preview:large","max-video-preview":"max-video-preview:-1"},"canonical":"https:\/\/www.bellunopress.it\/fr\/2022\/11\/12\/franco-stien-eletto-segretario-della-lega-a-feltre\/","og_locale":"fr_FR","og_type":"article","og_title":"Franco Stien eletto segretario della Lega a Feltre - Bellunopress - Dolomiti","og_description":"E&#8217; Franco Stien il nuovo segretario di sezione della Lega di Feltre. Militante da circa un anno, sostenitore da molto tempo, Stien \u00e8 stato eletto nel corso del congresso di venerd\u00ec sera. Nella stessa occasione \u00e8 stato rinnovato anche il consiglio direttivo che, per i prossimi tre anni, sar\u00e0 quindi cos\u00ec formato: Tiziana Penco (commissario [&hellip;]","og_url":"https:\/\/www.bellunopress.it\/fr\/2022\/11\/12\/franco-stien-eletto-segretario-della-lega-a-feltre\/","og_site_name":"Bellunopress - Dolomiti","article_publisher":"https:\/\/www.facebook.com\/profile.php?id=100008943462799","article_published_time":"2022-11-12T16:25:52+00:00","og_image":[{"width":552,"height":428,"url":"https:\/\/www.bellunopress.it\/wp-content\/uploads\/2022\/11\/Franco-Stien-segretario-Lega-Feltre.jpg","type":"image\/jpeg"}],"author":"redazione","twitter_card":"summary_large_image","twitter_creator":"@bellunopress","twitter_site":"@bellunopress","twitter_misc":{"Written by":"redazione","Est. reading time":"3 minutes"},"schema":{"@context":"https:\/\/schema.org","@graph":[{"@type":"Article","@id":"https:\/\/www.bellunopress.it\/2022\/11\/12\/franco-stien-eletto-segretario-della-lega-a-feltre\/#article","isPartOf":{"@id":"https:\/\/www.bellunopress.it\/2022\/11\/12\/franco-stien-eletto-segretario-della-lega-a-feltre\/"},"author":{"name":"redazione","@id":"https:\/\/www.bellunopress.it\/#\/schema\/person\/79bb06722b37ece1c03d3e94beb30d73"},"headline":"Franco Stien eletto segretario della Lega a Feltre","datePublished":"2022-11-12T16:25:52+00:00","mainEntityOfPage":{"@id":"https:\/\/www.bellunopress.it\/2022\/11\/12\/franco-stien-eletto-segretario-della-lega-a-feltre\/"},"wordCount":347,"publisher":{"@id":"https:\/\/www.bellunopress.it\/#organization"},"image":{"@id":"https:\/\/www.bellunopress.it\/2022\/11\/12\/franco-stien-eletto-segretario-della-lega-a-feltre\/#primaryimage"},"thumbnailUrl":"https:\/\/www.bellunopress.it\/wp-content\/uploads\/2022\/11\/Franco-Stien-segretario-Lega-Feltre.jpg","articleSection":["Cronaca\/Politica"],"inLanguage":"fr-FR"},{"@type":"WebPage","@id":"https:\/\/www.bellunopress.it\/2022\/11\/12\/franco-stien-eletto-segretario-della-lega-a-feltre\/","url":"https:\/\/www.bellunopress.it\/2022\/11\/12\/franco-stien-eletto-segretario-della-lega-a-feltre\/","name":"Franco Stien eletto segretario della Lega a Feltre - Bellunopress - Dolomiti","isPartOf":{"@id":"https:\/\/www.bellunopress.it\/#website"},"primaryImageOfPage":{"@id":"https:\/\/www.bellunopress.it\/2022\/11\/12\/franco-stien-eletto-segretario-della-lega-a-feltre\/#primaryimage"},"image":{"@id":"https:\/\/www.bellunopress.it\/2022\/11\/12\/franco-stien-eletto-segretario-della-lega-a-feltre\/#primaryimage"},"thumbnailUrl":"https:\/\/www.bellunopress.it\/wp-content\/uploads\/2022\/11\/Franco-Stien-segretario-Lega-Feltre.jpg","datePublished":"2022-11-12T16:25:52+00:00","breadcrumb":{"@id":"https:\/\/www.bellunopress.it\/2022\/11\/12\/franco-stien-eletto-segretario-della-lega-a-feltre\/#breadcrumb"},"inLanguage":"fr-FR","potentialAction":[{"@type":"ReadAction","target":["https:\/\/www.bellunopress.it\/2022\/11\/12\/franco-stien-eletto-segretario-della-lega-a-feltre\/"]}]},{"@type":"ImageObject","inLanguage":"fr-FR","@id":"https:\/\/www.bellunopress.it\/2022\/11\/12\/franco-stien-eletto-segretario-della-lega-a-feltre\/#primaryimage","url":"https:\/\/www.bellunopress.it\/wp-content\/uploads\/2022\/11\/Franco-Stien-segretario-Lega-Feltre.jpg","contentUrl":"https:\/\/www.bellunopress.it\/wp-content\/uploads\/2022\/11\/Franco-Stien-segretario-Lega-Feltre.jpg","width":552,"height":428},{"@type":"BreadcrumbList","@id":"https:\/\/www.bellunopress.it\/2022\/11\/12\/franco-stien-eletto-segretario-della-lega-a-feltre\/#breadcrumb","itemListElement":[{"@type":"ListItem","position":1,"name":"Home","item":"https:\/\/www.bellunopress.it\/"},{"@type":"ListItem","position":2,"name":"Franco Stien eletto segretario della Lega a Feltre"}]},{"@type":"WebSite","@id":"https:\/\/www.bellunopress.it\/#website","url":"https:\/\/www.bellunopress.it\/","name":"Bellunopress - Dolomiti","description":"e-mail: redazione@bellunopress.it","publisher":{"@id":"https:\/\/www.bellunopress.it\/#organization"},"potentialAction":[{"@type":"SearchAction","target":{"@type":"EntryPoint","urlTemplate":"https:\/\/www.bellunopress.it\/?s={search_term_string}"},"query-input":{"@type":"PropertyValueSpecification","valueRequired":true,"valueName":"search_term_string"}}],"inLanguage":"fr-FR"},{"@type":"Organization","@id":"https:\/\/www.bellunopress.it\/#organization","name":"Bellunopress","url":"https:\/\/www.bellunopress.it\/","logo":{"@type":"ImageObject","inLanguage":"fr-FR","@id":"https:\/\/www.bellunopress.it\/#\/schema\/logo\/image\/","url":"https:\/\/www.bellunopress.it\/wp-content\/uploads\/2011\/05\/cropped-logo-bellunopress-.jpg","contentUrl":"https:\/\/www.bellunopress.it\/wp-content\/uploads\/2011\/05\/cropped-logo-bellunopress-.jpg","width":512,"height":512,"caption":"Bellunopress"},"image":{"@id":"https:\/\/www.bellunopress.it\/#\/schema\/logo\/image\/"},"sameAs":["https:\/\/www.facebook.com\/profile.php?id=100008943462799","https:\/\/x.com\/bellunopress","https:\/\/www.linkedin.com\/hp\/?dnr=JBzUWaJfMUw8vbXJJ2tVW5-I3jZKvC4wsoxE&amp;amp;amp;amp;amp;amp;trk=nav_responsive_tab_home","https:\/\/www.youtube.com\/channel\/UCxL0wu1uN0_3_7hGG0306cw"]},{"@type":"Person","@id":"https:\/\/www.bellunopress.it\/#\/schema\/person\/79bb06722b37ece1c03d3e94beb30d73","name":"r\u00e9daction","image":{"@type":"ImageObject","inLanguage":"fr-FR","@id":"https:\/\/secure.gravatar.com\/avatar\/37d968a2e67a6fd04c169c4bdef102d0bc5d31b2546345219e348575eb80e9a0?s=96&d=mm&r=g","url":"https:\/\/secure.gravatar.com\/avatar\/37d968a2e67a6fd04c169c4bdef102d0bc5d31b2546345219e348575eb80e9a0?s=96&d=mm&r=g","contentUrl":"https:\/\/secure.gravatar.com\/avatar\/37d968a2e67a6fd04c169c4bdef102d0bc5d31b2546345219e348575eb80e9a0?s=96&d=mm&r=g","caption":"redazione"},"sameAs":["http:\/\/www.bellunopress.it","https:\/\/x.com\/bellunopress"],"url":"https:\/\/www.bellunopress.it\/fr\/author\/redazione\/"}]}},"_links":{"self":[{"href":"https:\/\/www.bellunopress.it\/fr\/wp-json\/wp\/v2\/posts\/137642","targetHints":{"allow":["GET"]}}],"collection":[{"href":"https:\/\/www.bellunopress.it\/fr\/wp-json\/wp\/v2\/posts"}],"about":[{"href":"https:\/\/www.bellunopress.it\/fr\/wp-json\/wp\/v2\/types\/post"}],"author":[{"embeddable":true,"href":"https:\/\/www.bellunopress.it\/fr\/wp-json\/wp\/v2\/users\/2"}],"replies":[{"embeddable":true,"href":"https:\/\/www.bellunopress.it\/fr\/wp-json\/wp\/v2\/comments?post=137642"}],"version-history":[{"count":1,"href":"https:\/\/www.bellunopress.it\/fr\/wp-json\/wp\/v2\/posts\/137642\/revisions"}],"predecessor-version":[{"id":137644,"href":"https:\/\/www.bellunopress.it\/fr\/wp-json\/wp\/v2\/posts\/137642\/revisions\/137644"}],"wp:featuredmedia":[{"embeddable":true,"href":"https:\/\/www.bellunopress.it\/fr\/wp-json\/wp\/v2\/media\/137643"}],"wp:attachment":[{"href":"https:\/\/www.bellunopress.it\/fr\/wp-json\/wp\/v2\/media?parent=137642"}],"wp:term":[{"taxonomy":"category","embeddable":true,"href":"https:\/\/www.bellunopress.it\/fr\/wp-json\/wp\/v2\/categories?post=137642"},{"taxonomy":"post_tag","embeddable":true,"href":"https:\/\/www.bellunopress.it\/fr\/wp-json\/wp\/v2\/tags?post=137642"}],"curies":[{"name":"wp","href":"https:\/\/api.w.org\/{rel}","templated":true}]}}