{"id":137637,"date":"2022-11-12T17:13:05","date_gmt":"2022-11-12T16:13:05","guid":{"rendered":"https:\/\/www.bellunopress.it\/?p=137637"},"modified":"2022-11-12T17:13:05","modified_gmt":"2022-11-12T16:13:05","slug":"oggi-al-monumento-di-cadola-la-cerimonia-in-ricordo-dei-caduti-militari-e-civili-di-nassiriya","status":"publish","type":"post","link":"https:\/\/www.bellunopress.it\/fr\/2022\/11\/12\/oggi-al-monumento-di-cadola-la-cerimonia-in-ricordo-dei-caduti-militari-e-civili-di-nassiriya\/","title":{"rendered":"Oggi al monumento di Cadola la cerimonia in ricordo dei Caduti militari e civili di Nassiriya"},"content":{"rendered":"<p><img loading=\"lazy\" decoding=\"async\" class=\"alignleft size-full wp-image-137638\" src=\"https:\/\/www.bellunopress.it\/wp-content\/uploads\/2022\/11\/cerimonia-monumento-caduti-Canevoi_edited.jpg\" alt=\"\" width=\"854\" height=\"461\" srcset=\"https:\/\/www.bellunopress.it\/wp-content\/uploads\/2022\/11\/cerimonia-monumento-caduti-Canevoi_edited.jpg 854w, https:\/\/www.bellunopress.it\/wp-content\/uploads\/2022\/11\/cerimonia-monumento-caduti-Canevoi_edited-500x270.jpg 500w, https:\/\/www.bellunopress.it\/wp-content\/uploads\/2022\/11\/cerimonia-monumento-caduti-Canevoi_edited-696x376.jpg 696w, https:\/\/www.bellunopress.it\/wp-content\/uploads\/2022\/11\/cerimonia-monumento-caduti-Canevoi_edited-778x420.jpg 778w\" sizes=\"auto, (max-width: 854px) 100vw, 854px\" \/>Ponte nelle Alpi, 12 novembre 2022 &#8211; Per ricordare le vittime di tutte le guerre, gli oltre 700 morti in Italia sul lavoro e per deporre una corona in memoria dei caduti di Nassiriya, si \u00e8 svolta una solenne cerimonia, al Monumento della Provincia di Belluno di Canevoi. A organizzare la significativa mattinata \u00e8 stata l&#8217;associazione AlBelPont, capitanata da Leonardo De Pra Panciera.<\/p>\n<p>In Iraq, il 12 novembre 2003, avvenne infatti il grave attentato contro le forze armate italiane, evidentemente considerate truppe di occupazione da una parte irachena di uomini in armi. Persero la vita in diciannove, tra cui dodici carabinieri (Massimiliano Bruno, Giovanni Cavallaro, Giuseppe Coletta, Andrea Filippa, Enzo Fregosi, Daniele Ghione, Horacio Majorana, Ivan Ghitti, Domenico Intravaia, Filippo Merlino, Alfio Ragazzi, Alfonso Trincone), cinque militari dell&#8217;Esercito (Massimo Ficuciello, Silvio Olla, Alessandro Carrisi, Emanuele Ferraro, Pietro Petrucci) e due civili (il regista Stefano Rolla e cooperante internazionale Marco Beci). E a Cadola un commosso pensiero \u00e8 andato a ognuno di loro.<\/p>\n<p>Per quanto riguarda il monumento, \u00e8 stato eretto nel 1954 dall&#8217;architetto De Castello in un terreno privato della famiglia Sonego: ha valenza provinciale e lo scopo di ricordare tutti i caduti delle guerre e del lavoro.<\/p>\n<p>Dopo la messa, celebrata dal parroco di Cadola, don Giuseppe, gli studenti della scuola media di Ponte nelle Alpi hanno eseguito brani musicali e letto poesie sul tema della pace, mentre il sindaco Paolo Vendramini ha ringraziato le associazioni presenti: Alpini, Artiglieri, Carabinieri, Marinai, oltre alle frazioni. Lo stesso primo cittadino ha sottolineato che, nel 2024, si celebrer\u00e0 il 70. anniversario della costruzione del monumento. Per l&#8217;occasione, l&#8217;amministrazione e il locale gruppo AlBelPont, si adopereranno con l&#8217;intento di promuovere al meglio l&#8217;iniziativa.<\/p>\n<p>Alla cerimonia, infine, \u00e8 intervenuta la dirigente scolastica Orietta Isotton per sottolineare la collaborazione della scuola al territorio.<\/p>","protected":false},"excerpt":{"rendered":"<p>Ponte nelle Alpi, 12 novembre 2022 &#8211; Per ricordare le vittime di tutte le guerre, gli oltre 700 morti in Italia sul lavoro e per deporre una corona in memoria dei caduti di Nassiriya, si \u00e8 svolta una solenne cerimonia, al Monumento della Provincia di Belluno di Canevoi. A organizzare la significativa mattinata \u00e8 stata [&hellip;]<\/p>\n","protected":false},"author":2,"featured_media":137638,"comment_status":"closed","ping_status":"open","sticky":false,"template":"","format":"standard","meta":{"footnotes":""},"categories":[5,15,8],"tags":[],"class_list":["post-137637","post","type-post","status-publish","format-standard","has-post-thumbnail","category-cronaca","category-scuola","category-societa-istituzioni"],"yoast_head":"<!-- This site is optimized with the Yoast SEO plugin v28.4 - https:\/\/yoast.com\/product\/yoast-seo-wordpress\/ -->\n<title>Oggi al monumento di Cadola la cerimonia in ricordo dei Caduti militari e civili di Nassiriya - Bellunopress - Dolomiti<\/title>\n<meta name=\"robots\" content=\"index, follow, max-snippet:-1, max-image-preview:large, max-video-preview:-1\" \/>\n<link rel=\"canonical\" href=\"https:\/\/www.bellunopress.it\/fr\/2022\/11\/12\/oggi-al-monumento-di-cadola-la-cerimonia-in-ricordo-dei-caduti-militari-e-civili-di-nassiriya\/\" \/>\n<meta property=\"og:locale\" content=\"fr_FR\" \/>\n<meta property=\"og:type\" content=\"article\" \/>\n<meta property=\"og:title\" content=\"Oggi al monumento di Cadola la cerimonia in ricordo dei Caduti militari e civili di Nassiriya - Bellunopress - Dolomiti\" \/>\n<meta property=\"og:description\" content=\"Ponte nelle Alpi, 12 novembre 2022 &#8211; Per ricordare le vittime di tutte le guerre, gli oltre 700 morti in Italia sul lavoro e per deporre una corona in memoria dei caduti di Nassiriya, si \u00e8 svolta una solenne cerimonia, al Monumento della Provincia di Belluno di Canevoi. A organizzare la significativa mattinata \u00e8 stata [&hellip;]\" \/>\n<meta property=\"og:url\" content=\"https:\/\/www.bellunopress.it\/fr\/2022\/11\/12\/oggi-al-monumento-di-cadola-la-cerimonia-in-ricordo-dei-caduti-militari-e-civili-di-nassiriya\/\" \/>\n<meta property=\"og:site_name\" content=\"Bellunopress - Dolomiti\" \/>\n<meta property=\"article:publisher\" content=\"https:\/\/www.facebook.com\/profile.php?id=100008943462799\" \/>\n<meta property=\"article:published_time\" content=\"2022-11-12T16:13:05+00:00\" \/>\n<meta property=\"og:image\" content=\"https:\/\/www.bellunopress.it\/wp-content\/uploads\/2022\/11\/cerimonia-monumento-caduti-Canevoi_edited.jpg\" \/>\n\t<meta property=\"og:image:width\" content=\"854\" \/>\n\t<meta property=\"og:image:height\" content=\"461\" \/>\n\t<meta property=\"og:image:type\" content=\"image\/jpeg\" \/>\n<meta name=\"author\" content=\"redazione\" \/>\n<meta name=\"twitter:card\" content=\"summary_large_image\" \/>\n<meta name=\"twitter:creator\" content=\"@bellunopress\" \/>\n<meta name=\"twitter:site\" content=\"@bellunopress\" \/>\n<meta name=\"twitter:label1\" content=\"\u00c9crit par\" \/>\n\t<meta name=\"twitter:data1\" content=\"redazione\" \/>\n\t<meta name=\"twitter:label2\" content=\"Dur\u00e9e de lecture estim\u00e9e\" \/>\n\t<meta name=\"twitter:data2\" content=\"2 minutes\" \/>\n<script type=\"application\/ld+json\" class=\"yoast-schema-graph\">{\"@context\":\"https:\\\/\\\/schema.org\",\"@graph\":[{\"@type\":\"Article\",\"@id\":\"https:\\\/\\\/www.bellunopress.it\\\/2022\\\/11\\\/12\\\/oggi-al-monumento-di-cadola-la-cerimonia-in-ricordo-dei-caduti-militari-e-civili-di-nassiriya\\\/#article\",\"isPartOf\":{\"@id\":\"https:\\\/\\\/www.bellunopress.it\\\/2022\\\/11\\\/12\\\/oggi-al-monumento-di-cadola-la-cerimonia-in-ricordo-dei-caduti-militari-e-civili-di-nassiriya\\\/\"},\"author\":{\"name\":\"redazione\",\"@id\":\"https:\\\/\\\/www.bellunopress.it\\\/#\\\/schema\\\/person\\\/79bb06722b37ece1c03d3e94beb30d73\"},\"headline\":\"Oggi al monumento di Cadola la cerimonia in ricordo dei Caduti militari e civili di Nassiriya\",\"datePublished\":\"2022-11-12T16:13:05+00:00\",\"mainEntityOfPage\":{\"@id\":\"https:\\\/\\\/www.bellunopress.it\\\/2022\\\/11\\\/12\\\/oggi-al-monumento-di-cadola-la-cerimonia-in-ricordo-dei-caduti-militari-e-civili-di-nassiriya\\\/\"},\"wordCount\":308,\"publisher\":{\"@id\":\"https:\\\/\\\/www.bellunopress.it\\\/#organization\"},\"image\":{\"@id\":\"https:\\\/\\\/www.bellunopress.it\\\/2022\\\/11\\\/12\\\/oggi-al-monumento-di-cadola-la-cerimonia-in-ricordo-dei-caduti-militari-e-civili-di-nassiriya\\\/#primaryimage\"},\"thumbnailUrl\":\"https:\\\/\\\/www.bellunopress.it\\\/wp-content\\\/uploads\\\/2022\\\/11\\\/cerimonia-monumento-caduti-Canevoi_edited.jpg\",\"articleSection\":[\"Cronaca\\\/Politica\",\"Scuola\",\"Societ\u00e0, Associazioni, Istituzioni\"],\"inLanguage\":\"fr-FR\"},{\"@type\":\"WebPage\",\"@id\":\"https:\\\/\\\/www.bellunopress.it\\\/2022\\\/11\\\/12\\\/oggi-al-monumento-di-cadola-la-cerimonia-in-ricordo-dei-caduti-militari-e-civili-di-nassiriya\\\/\",\"url\":\"https:\\\/\\\/www.bellunopress.it\\\/2022\\\/11\\\/12\\\/oggi-al-monumento-di-cadola-la-cerimonia-in-ricordo-dei-caduti-militari-e-civili-di-nassiriya\\\/\",\"name\":\"Oggi al monumento di Cadola la cerimonia in ricordo dei Caduti militari e civili di Nassiriya - Bellunopress - Dolomiti\",\"isPartOf\":{\"@id\":\"https:\\\/\\\/www.bellunopress.it\\\/#website\"},\"primaryImageOfPage\":{\"@id\":\"https:\\\/\\\/www.bellunopress.it\\\/2022\\\/11\\\/12\\\/oggi-al-monumento-di-cadola-la-cerimonia-in-ricordo-dei-caduti-militari-e-civili-di-nassiriya\\\/#primaryimage\"},\"image\":{\"@id\":\"https:\\\/\\\/www.bellunopress.it\\\/2022\\\/11\\\/12\\\/oggi-al-monumento-di-cadola-la-cerimonia-in-ricordo-dei-caduti-militari-e-civili-di-nassiriya\\\/#primaryimage\"},\"thumbnailUrl\":\"https:\\\/\\\/www.bellunopress.it\\\/wp-content\\\/uploads\\\/2022\\\/11\\\/cerimonia-monumento-caduti-Canevoi_edited.jpg\",\"datePublished\":\"2022-11-12T16:13:05+00:00\",\"breadcrumb\":{\"@id\":\"https:\\\/\\\/www.bellunopress.it\\\/2022\\\/11\\\/12\\\/oggi-al-monumento-di-cadola-la-cerimonia-in-ricordo-dei-caduti-militari-e-civili-di-nassiriya\\\/#breadcrumb\"},\"inLanguage\":\"fr-FR\",\"potentialAction\":[{\"@type\":\"ReadAction\",\"target\":[\"https:\\\/\\\/www.bellunopress.it\\\/2022\\\/11\\\/12\\\/oggi-al-monumento-di-cadola-la-cerimonia-in-ricordo-dei-caduti-militari-e-civili-di-nassiriya\\\/\"]}]},{\"@type\":\"ImageObject\",\"inLanguage\":\"fr-FR\",\"@id\":\"https:\\\/\\\/www.bellunopress.it\\\/2022\\\/11\\\/12\\\/oggi-al-monumento-di-cadola-la-cerimonia-in-ricordo-dei-caduti-militari-e-civili-di-nassiriya\\\/#primaryimage\",\"url\":\"https:\\\/\\\/www.bellunopress.it\\\/wp-content\\\/uploads\\\/2022\\\/11\\\/cerimonia-monumento-caduti-Canevoi_edited.jpg\",\"contentUrl\":\"https:\\\/\\\/www.bellunopress.it\\\/wp-content\\\/uploads\\\/2022\\\/11\\\/cerimonia-monumento-caduti-Canevoi_edited.jpg\",\"width\":854,\"height\":461},{\"@type\":\"BreadcrumbList\",\"@id\":\"https:\\\/\\\/www.bellunopress.it\\\/2022\\\/11\\\/12\\\/oggi-al-monumento-di-cadola-la-cerimonia-in-ricordo-dei-caduti-militari-e-civili-di-nassiriya\\\/#breadcrumb\",\"itemListElement\":[{\"@type\":\"ListItem\",\"position\":1,\"name\":\"Home\",\"item\":\"https:\\\/\\\/www.bellunopress.it\\\/\"},{\"@type\":\"ListItem\",\"position\":2,\"name\":\"Oggi al monumento di Cadola la cerimonia in ricordo dei Caduti militari e civili di Nassiriya\"}]},{\"@type\":\"WebSite\",\"@id\":\"https:\\\/\\\/www.bellunopress.it\\\/#website\",\"url\":\"https:\\\/\\\/www.bellunopress.it\\\/\",\"name\":\"Bellunopress - Dolomiti\",\"description\":\"e-mail: redazione@bellunopress.it\",\"publisher\":{\"@id\":\"https:\\\/\\\/www.bellunopress.it\\\/#organization\"},\"potentialAction\":[{\"@type\":\"SearchAction\",\"target\":{\"@type\":\"EntryPoint\",\"urlTemplate\":\"https:\\\/\\\/www.bellunopress.it\\\/?s={search_term_string}\"},\"query-input\":{\"@type\":\"PropertyValueSpecification\",\"valueRequired\":true,\"valueName\":\"search_term_string\"}}],\"inLanguage\":\"fr-FR\"},{\"@type\":\"Organization\",\"@id\":\"https:\\\/\\\/www.bellunopress.it\\\/#organization\",\"name\":\"Bellunopress\",\"url\":\"https:\\\/\\\/www.bellunopress.it\\\/\",\"logo\":{\"@type\":\"ImageObject\",\"inLanguage\":\"fr-FR\",\"@id\":\"https:\\\/\\\/www.bellunopress.it\\\/#\\\/schema\\\/logo\\\/image\\\/\",\"url\":\"https:\\\/\\\/www.bellunopress.it\\\/wp-content\\\/uploads\\\/2011\\\/05\\\/cropped-logo-bellunopress-.jpg\",\"contentUrl\":\"https:\\\/\\\/www.bellunopress.it\\\/wp-content\\\/uploads\\\/2011\\\/05\\\/cropped-logo-bellunopress-.jpg\",\"width\":512,\"height\":512,\"caption\":\"Bellunopress\"},\"image\":{\"@id\":\"https:\\\/\\\/www.bellunopress.it\\\/#\\\/schema\\\/logo\\\/image\\\/\"},\"sameAs\":[\"https:\\\/\\\/www.facebook.com\\\/profile.php?id=100008943462799\",\"https:\\\/\\\/x.com\\\/bellunopress\",\"https:\\\/\\\/www.linkedin.com\\\/hp\\\/?dnr=JBzUWaJfMUw8vbXJJ2tVW5-I3jZKvC4wsoxE&amp;amp;amp;amp;amp;amp;trk=nav_responsive_tab_home\",\"https:\\\/\\\/www.youtube.com\\\/channel\\\/UCxL0wu1uN0_3_7hGG0306cw\"]},{\"@type\":\"Person\",\"@id\":\"https:\\\/\\\/www.bellunopress.it\\\/#\\\/schema\\\/person\\\/79bb06722b37ece1c03d3e94beb30d73\",\"name\":\"redazione\",\"image\":{\"@type\":\"ImageObject\",\"inLanguage\":\"fr-FR\",\"@id\":\"https:\\\/\\\/secure.gravatar.com\\\/avatar\\\/37d968a2e67a6fd04c169c4bdef102d0bc5d31b2546345219e348575eb80e9a0?s=96&d=mm&r=g\",\"url\":\"https:\\\/\\\/secure.gravatar.com\\\/avatar\\\/37d968a2e67a6fd04c169c4bdef102d0bc5d31b2546345219e348575eb80e9a0?s=96&d=mm&r=g\",\"contentUrl\":\"https:\\\/\\\/secure.gravatar.com\\\/avatar\\\/37d968a2e67a6fd04c169c4bdef102d0bc5d31b2546345219e348575eb80e9a0?s=96&d=mm&r=g\",\"caption\":\"redazione\"},\"sameAs\":[\"http:\\\/\\\/www.bellunopress.it\",\"https:\\\/\\\/x.com\\\/bellunopress\"],\"url\":\"https:\\\/\\\/www.bellunopress.it\\\/fr\\\/author\\\/redazione\\\/\"}]}<\/script>\n<!-- \/ Yoast SEO plugin. -->","yoast_head_json":{"title":"Oggi al monumento di Cadola la cerimonia in ricordo dei Caduti militari e civili di Nassiriya - Bellunopress - Dolomiti","robots":{"index":"index","follow":"follow","max-snippet":"max-snippet:-1","max-image-preview":"max-image-preview:large","max-video-preview":"max-video-preview:-1"},"canonical":"https:\/\/www.bellunopress.it\/fr\/2022\/11\/12\/oggi-al-monumento-di-cadola-la-cerimonia-in-ricordo-dei-caduti-militari-e-civili-di-nassiriya\/","og_locale":"fr_FR","og_type":"article","og_title":"Oggi al monumento di Cadola la cerimonia in ricordo dei Caduti militari e civili di Nassiriya - Bellunopress - Dolomiti","og_description":"Ponte nelle Alpi, 12 novembre 2022 &#8211; Per ricordare le vittime di tutte le guerre, gli oltre 700 morti in Italia sul lavoro e per deporre una corona in memoria dei caduti di Nassiriya, si \u00e8 svolta una solenne cerimonia, al Monumento della Provincia di Belluno di Canevoi. A organizzare la significativa mattinata \u00e8 stata [&hellip;]","og_url":"https:\/\/www.bellunopress.it\/fr\/2022\/11\/12\/oggi-al-monumento-di-cadola-la-cerimonia-in-ricordo-dei-caduti-militari-e-civili-di-nassiriya\/","og_site_name":"Bellunopress - Dolomiti","article_publisher":"https:\/\/www.facebook.com\/profile.php?id=100008943462799","article_published_time":"2022-11-12T16:13:05+00:00","og_image":[{"width":854,"height":461,"url":"https:\/\/www.bellunopress.it\/wp-content\/uploads\/2022\/11\/cerimonia-monumento-caduti-Canevoi_edited.jpg","type":"image\/jpeg"}],"author":"redazione","twitter_card":"summary_large_image","twitter_creator":"@bellunopress","twitter_site":"@bellunopress","twitter_misc":{"\u00c9crit par":"redazione","Dur\u00e9e de lecture estim\u00e9e":"2 minutes"},"schema":{"@context":"https:\/\/schema.org","@graph":[{"@type":"Article","@id":"https:\/\/www.bellunopress.it\/2022\/11\/12\/oggi-al-monumento-di-cadola-la-cerimonia-in-ricordo-dei-caduti-militari-e-civili-di-nassiriya\/#article","isPartOf":{"@id":"https:\/\/www.bellunopress.it\/2022\/11\/12\/oggi-al-monumento-di-cadola-la-cerimonia-in-ricordo-dei-caduti-militari-e-civili-di-nassiriya\/"},"author":{"name":"redazione","@id":"https:\/\/www.bellunopress.it\/#\/schema\/person\/79bb06722b37ece1c03d3e94beb30d73"},"headline":"Oggi al monumento di Cadola la cerimonia in ricordo dei Caduti militari e civili di Nassiriya","datePublished":"2022-11-12T16:13:05+00:00","mainEntityOfPage":{"@id":"https:\/\/www.bellunopress.it\/2022\/11\/12\/oggi-al-monumento-di-cadola-la-cerimonia-in-ricordo-dei-caduti-militari-e-civili-di-nassiriya\/"},"wordCount":308,"publisher":{"@id":"https:\/\/www.bellunopress.it\/#organization"},"image":{"@id":"https:\/\/www.bellunopress.it\/2022\/11\/12\/oggi-al-monumento-di-cadola-la-cerimonia-in-ricordo-dei-caduti-militari-e-civili-di-nassiriya\/#primaryimage"},"thumbnailUrl":"https:\/\/www.bellunopress.it\/wp-content\/uploads\/2022\/11\/cerimonia-monumento-caduti-Canevoi_edited.jpg","articleSection":["Cronaca\/Politica","Scuola","Societ\u00e0, Associazioni, Istituzioni"],"inLanguage":"fr-FR"},{"@type":"WebPage","@id":"https:\/\/www.bellunopress.it\/2022\/11\/12\/oggi-al-monumento-di-cadola-la-cerimonia-in-ricordo-dei-caduti-militari-e-civili-di-nassiriya\/","url":"https:\/\/www.bellunopress.it\/2022\/11\/12\/oggi-al-monumento-di-cadola-la-cerimonia-in-ricordo-dei-caduti-militari-e-civili-di-nassiriya\/","name":"Oggi al monumento di Cadola la cerimonia in ricordo dei Caduti militari e civili di Nassiriya - Bellunopress - Dolomiti","isPartOf":{"@id":"https:\/\/www.bellunopress.it\/#website"},"primaryImageOfPage":{"@id":"https:\/\/www.bellunopress.it\/2022\/11\/12\/oggi-al-monumento-di-cadola-la-cerimonia-in-ricordo-dei-caduti-militari-e-civili-di-nassiriya\/#primaryimage"},"image":{"@id":"https:\/\/www.bellunopress.it\/2022\/11\/12\/oggi-al-monumento-di-cadola-la-cerimonia-in-ricordo-dei-caduti-militari-e-civili-di-nassiriya\/#primaryimage"},"thumbnailUrl":"https:\/\/www.bellunopress.it\/wp-content\/uploads\/2022\/11\/cerimonia-monumento-caduti-Canevoi_edited.jpg","datePublished":"2022-11-12T16:13:05+00:00","breadcrumb":{"@id":"https:\/\/www.bellunopress.it\/2022\/11\/12\/oggi-al-monumento-di-cadola-la-cerimonia-in-ricordo-dei-caduti-militari-e-civili-di-nassiriya\/#breadcrumb"},"inLanguage":"fr-FR","potentialAction":[{"@type":"ReadAction","target":["https:\/\/www.bellunopress.it\/2022\/11\/12\/oggi-al-monumento-di-cadola-la-cerimonia-in-ricordo-dei-caduti-militari-e-civili-di-nassiriya\/"]}]},{"@type":"ImageObject","inLanguage":"fr-FR","@id":"https:\/\/www.bellunopress.it\/2022\/11\/12\/oggi-al-monumento-di-cadola-la-cerimonia-in-ricordo-dei-caduti-militari-e-civili-di-nassiriya\/#primaryimage","url":"https:\/\/www.bellunopress.it\/wp-content\/uploads\/2022\/11\/cerimonia-monumento-caduti-Canevoi_edited.jpg","contentUrl":"https:\/\/www.bellunopress.it\/wp-content\/uploads\/2022\/11\/cerimonia-monumento-caduti-Canevoi_edited.jpg","width":854,"height":461},{"@type":"BreadcrumbList","@id":"https:\/\/www.bellunopress.it\/2022\/11\/12\/oggi-al-monumento-di-cadola-la-cerimonia-in-ricordo-dei-caduti-militari-e-civili-di-nassiriya\/#breadcrumb","itemListElement":[{"@type":"ListItem","position":1,"name":"Home","item":"https:\/\/www.bellunopress.it\/"},{"@type":"ListItem","position":2,"name":"Oggi al monumento di Cadola la cerimonia in ricordo dei Caduti militari e civili di Nassiriya"}]},{"@type":"WebSite","@id":"https:\/\/www.bellunopress.it\/#website","url":"https:\/\/www.bellunopress.it\/","name":"Bellunopress - Dolomiti","description":"e-mail: redazione@bellunopress.it","publisher":{"@id":"https:\/\/www.bellunopress.it\/#organization"},"potentialAction":[{"@type":"SearchAction","target":{"@type":"EntryPoint","urlTemplate":"https:\/\/www.bellunopress.it\/?s={search_term_string}"},"query-input":{"@type":"PropertyValueSpecification","valueRequired":true,"valueName":"search_term_string"}}],"inLanguage":"fr-FR"},{"@type":"Organization","@id":"https:\/\/www.bellunopress.it\/#organization","name":"Bellunopress","url":"https:\/\/www.bellunopress.it\/","logo":{"@type":"ImageObject","inLanguage":"fr-FR","@id":"https:\/\/www.bellunopress.it\/#\/schema\/logo\/image\/","url":"https:\/\/www.bellunopress.it\/wp-content\/uploads\/2011\/05\/cropped-logo-bellunopress-.jpg","contentUrl":"https:\/\/www.bellunopress.it\/wp-content\/uploads\/2011\/05\/cropped-logo-bellunopress-.jpg","width":512,"height":512,"caption":"Bellunopress"},"image":{"@id":"https:\/\/www.bellunopress.it\/#\/schema\/logo\/image\/"},"sameAs":["https:\/\/www.facebook.com\/profile.php?id=100008943462799","https:\/\/x.com\/bellunopress","https:\/\/www.linkedin.com\/hp\/?dnr=JBzUWaJfMUw8vbXJJ2tVW5-I3jZKvC4wsoxE&amp;amp;amp;amp;amp;amp;trk=nav_responsive_tab_home","https:\/\/www.youtube.com\/channel\/UCxL0wu1uN0_3_7hGG0306cw"]},{"@type":"Person","@id":"https:\/\/www.bellunopress.it\/#\/schema\/person\/79bb06722b37ece1c03d3e94beb30d73","name":"r\u00e9daction","image":{"@type":"ImageObject","inLanguage":"fr-FR","@id":"https:\/\/secure.gravatar.com\/avatar\/37d968a2e67a6fd04c169c4bdef102d0bc5d31b2546345219e348575eb80e9a0?s=96&d=mm&r=g","url":"https:\/\/secure.gravatar.com\/avatar\/37d968a2e67a6fd04c169c4bdef102d0bc5d31b2546345219e348575eb80e9a0?s=96&d=mm&r=g","contentUrl":"https:\/\/secure.gravatar.com\/avatar\/37d968a2e67a6fd04c169c4bdef102d0bc5d31b2546345219e348575eb80e9a0?s=96&d=mm&r=g","caption":"redazione"},"sameAs":["http:\/\/www.bellunopress.it","https:\/\/x.com\/bellunopress"],"url":"https:\/\/www.bellunopress.it\/fr\/author\/redazione\/"}]}},"_links":{"self":[{"href":"https:\/\/www.bellunopress.it\/fr\/wp-json\/wp\/v2\/posts\/137637","targetHints":{"allow":["GET"]}}],"collection":[{"href":"https:\/\/www.bellunopress.it\/fr\/wp-json\/wp\/v2\/posts"}],"about":[{"href":"https:\/\/www.bellunopress.it\/fr\/wp-json\/wp\/v2\/types\/post"}],"author":[{"embeddable":true,"href":"https:\/\/www.bellunopress.it\/fr\/wp-json\/wp\/v2\/users\/2"}],"replies":[{"embeddable":true,"href":"https:\/\/www.bellunopress.it\/fr\/wp-json\/wp\/v2\/comments?post=137637"}],"version-history":[{"count":1,"href":"https:\/\/www.bellunopress.it\/fr\/wp-json\/wp\/v2\/posts\/137637\/revisions"}],"predecessor-version":[{"id":137639,"href":"https:\/\/www.bellunopress.it\/fr\/wp-json\/wp\/v2\/posts\/137637\/revisions\/137639"}],"wp:featuredmedia":[{"embeddable":true,"href":"https:\/\/www.bellunopress.it\/fr\/wp-json\/wp\/v2\/media\/137638"}],"wp:attachment":[{"href":"https:\/\/www.bellunopress.it\/fr\/wp-json\/wp\/v2\/media?parent=137637"}],"wp:term":[{"taxonomy":"category","embeddable":true,"href":"https:\/\/www.bellunopress.it\/fr\/wp-json\/wp\/v2\/categories?post=137637"},{"taxonomy":"post_tag","embeddable":true,"href":"https:\/\/www.bellunopress.it\/fr\/wp-json\/wp\/v2\/tags?post=137637"}],"curies":[{"name":"wp","href":"https:\/\/api.w.org\/{rel}","templated":true}]}}