{"id":137634,"date":"2022-11-13T10:29:06","date_gmt":"2022-11-13T09:29:06","guid":{"rendered":"https:\/\/www.bellunopress.it\/?p=137634"},"modified":"2022-11-12T10:39:07","modified_gmt":"2022-11-12T09:39:07","slug":"noi-che-riflessioni-sugli-anni-60-e-70-venerdi-18-novembre-al-teatro-san-gaetano-di-castion","status":"publish","type":"post","link":"https:\/\/www.bellunopress.it\/fr\/2022\/11\/13\/noi-che-riflessioni-sugli-anni-60-e-70-venerdi-18-novembre-al-teatro-san-gaetano-di-castion\/","title":{"rendered":"&#8220;Noi che&#8230;&#8221; riflessioni sugli anni &#8217;60 e &#8217;70. Venerd\u00ec 18 novembre al Teatro San Gaetano di Castion"},"content":{"rendered":"<p><img loading=\"lazy\" decoding=\"async\" class=\"alignleft size-full wp-image-137635\" src=\"https:\/\/www.bellunopress.it\/wp-content\/uploads\/2022\/11\/teatro_edited.jpg\" alt=\"\" width=\"702\" height=\"393\" srcset=\"https:\/\/www.bellunopress.it\/wp-content\/uploads\/2022\/11\/teatro_edited.jpg 702w, https:\/\/www.bellunopress.it\/wp-content\/uploads\/2022\/11\/teatro_edited-500x280.jpg 500w, https:\/\/www.bellunopress.it\/wp-content\/uploads\/2022\/11\/teatro_edited-696x390.jpg 696w\" sizes=\"auto, (max-width: 702px) 100vw, 702px\" \/>&#8220;Toglimi il pane, se vuoi toglimi l&#8217;aria, ma non togliermi mai il tuo sorriso&#8221; diceva Pablo Neruda. Perch\u00e9 sorridere, soprattutto in questo periodo difficile, pu\u00f2 far bene a s\u00e9 stessi e agli altri.<\/p>\n<p>Per questo la sala del teatro San Gaetano di Castion ospiter\u00e0 venerd\u00ec 18 novembre alle 20.30 lo spettacolo &#8220;Noi che\u2026&#8221;, una serie di riflessioni &#8220;semiserie&#8221; sugli anni Sessanta e Settanta allestite dall&#8217;omonima compagnia teatrale. L&#8217;organizzazione \u00e8 curata con la collaborazione della sezione provinciale di Aido Belluno. L&#8217;ingresso \u00e8 libero. Il ricavato sar\u00e0 devoluto alle attivit\u00e0 dell&#8217;associazione, che opera per promuovere la donazione di organi.<\/p>\n<p>Nato pochi mesi fa, il gruppo &#8220;Noi che&#8221; \u00e8 composto da attori provenienti da Sedico, quasi tutti freschi pensionati, alcuni dei quali hanno alle spalle delle esperienze teatrali significative, maturate con altri sodalizi della Valbelluna.<\/p>\n<p>\u00abLo spettacolo si propone una rivisitazione un po\u2019 seria, malinconica ma al tempo stesso<br \/>\nesilarante di quelli che sono stati gli anni Sessanta e Settanta per noi giovani di quegli anni\u00bb spiega Mirta Tormen, ideatrice dell&#8217;iniziativa. Con Tormen, concorrono alla realizzazione dello spettacolo, come attori, conduttori o tecnici Gabriele Bortot, Doriano Pavei, Egidio Pasuch, Norma Sossai, Fabio Dal Pont, Gianluca Galvanio Andrea Gretti, Eddi Titton e Christian De Dea.<\/p>\n<p>Lo spettacolo \u00e8 gi\u00e0 stato presentato in questi mesi in diverse zone della provincia ed \u00e8 servito a sostenere varie iniziative sociali e culturali. Dopo un inquadramento storico generale e agile degli anni Sessanta e Settanta, il palcoscenico \u00e8 occupato da sketch che fanno rivivere la vita di tutti i giorni, facendo riaffiorare i ricordi nel pubblico.<br \/>\nL&#8217;esibizione \u00e8 accompagnata da musiche e immagini significative e rievocative. \u00abAnche se manca ancora un po&#8217; a Natale, con questo spettacolo l&#8217;Aido augura buone feste con spensieratezza visto il momento storico che stiamo attraversando.<br \/>\nDedichiamo la serata a tutti coloro che hanno donato e che sono in attesa di un trapianto di organi\u00bb conclude Mirko Dalle Mulle, vice presidente di Aido Belluno<\/p>","protected":false},"excerpt":{"rendered":"<p>&#8220;Toglimi il pane, se vuoi toglimi l&#8217;aria, ma non togliermi mai il tuo sorriso&#8221; diceva Pablo Neruda. Perch\u00e9 sorridere, soprattutto in questo periodo difficile, pu\u00f2 far bene a s\u00e9 stessi e agli altri. Per questo la sala del teatro San Gaetano di Castion ospiter\u00e0 venerd\u00ec 18 novembre alle 20.30 lo spettacolo &#8220;Noi che\u2026&#8221;, una serie [&hellip;]<\/p>\n","protected":false},"author":2,"featured_media":137635,"comment_status":"closed","ping_status":"open","sticky":false,"template":"","format":"standard","meta":{"footnotes":""},"categories":[27,25],"tags":[],"class_list":["post-137634","post","type-post","status-publish","format-standard","has-post-thumbnail","category-appuntamenti","category-pausa-caffe"],"yoast_head":"<!-- This site is optimized with the Yoast SEO plugin v28.4 - https:\/\/yoast.com\/product\/yoast-seo-wordpress\/ -->\n<title>&quot;Noi che...&quot; riflessioni sugli anni &#039;60 e &#039;70. Venerd\u00ec 18 novembre al Teatro San Gaetano di Castion - Bellunopress - Dolomiti<\/title>\n<meta name=\"robots\" content=\"index, follow, max-snippet:-1, max-image-preview:large, max-video-preview:-1\" \/>\n<link rel=\"canonical\" href=\"https:\/\/www.bellunopress.it\/fr\/2022\/11\/13\/noi-che-riflessioni-sugli-anni-60-e-70-venerdi-18-novembre-al-teatro-san-gaetano-di-castion\/\" \/>\n<meta property=\"og:locale\" content=\"fr_FR\" \/>\n<meta property=\"og:type\" content=\"article\" \/>\n<meta property=\"og:title\" content=\"&quot;Noi che...&quot; riflessioni sugli anni &#039;60 e &#039;70. Venerd\u00ec 18 novembre al Teatro San Gaetano di Castion - Bellunopress - Dolomiti\" \/>\n<meta property=\"og:description\" content=\"&#8220;Toglimi il pane, se vuoi toglimi l&#8217;aria, ma non togliermi mai il tuo sorriso&#8221; diceva Pablo Neruda. Perch\u00e9 sorridere, soprattutto in questo periodo difficile, pu\u00f2 far bene a s\u00e9 stessi e agli altri. Per questo la sala del teatro San Gaetano di Castion ospiter\u00e0 venerd\u00ec 18 novembre alle 20.30 lo spettacolo &#8220;Noi che\u2026&#8221;, una serie [&hellip;]\" \/>\n<meta property=\"og:url\" content=\"https:\/\/www.bellunopress.it\/fr\/2022\/11\/13\/noi-che-riflessioni-sugli-anni-60-e-70-venerdi-18-novembre-al-teatro-san-gaetano-di-castion\/\" \/>\n<meta property=\"og:site_name\" content=\"Bellunopress - Dolomiti\" \/>\n<meta property=\"article:publisher\" content=\"https:\/\/www.facebook.com\/profile.php?id=100008943462799\" \/>\n<meta property=\"article:published_time\" content=\"2022-11-13T09:29:06+00:00\" \/>\n<meta property=\"og:image\" content=\"https:\/\/www.bellunopress.it\/wp-content\/uploads\/2022\/11\/teatro_edited.jpg\" \/>\n\t<meta property=\"og:image:width\" content=\"702\" \/>\n\t<meta property=\"og:image:height\" content=\"393\" \/>\n\t<meta property=\"og:image:type\" content=\"image\/jpeg\" \/>\n<meta name=\"author\" content=\"redazione\" \/>\n<meta name=\"twitter:card\" content=\"summary_large_image\" \/>\n<meta name=\"twitter:creator\" content=\"@bellunopress\" \/>\n<meta name=\"twitter:site\" content=\"@bellunopress\" \/>\n<meta name=\"twitter:label1\" content=\"Written by\" \/>\n\t<meta name=\"twitter:data1\" content=\"redazione\" \/>\n\t<meta name=\"twitter:label2\" content=\"Est. reading time\" \/>\n\t<meta name=\"twitter:data2\" content=\"2 minutes\" \/>\n<script type=\"application\/ld+json\" class=\"yoast-schema-graph\">{\"@context\":\"https:\\\/\\\/schema.org\",\"@graph\":[{\"@type\":\"Article\",\"@id\":\"https:\\\/\\\/www.bellunopress.it\\\/2022\\\/11\\\/13\\\/noi-che-riflessioni-sugli-anni-60-e-70-venerdi-18-novembre-al-teatro-san-gaetano-di-castion\\\/#article\",\"isPartOf\":{\"@id\":\"https:\\\/\\\/www.bellunopress.it\\\/2022\\\/11\\\/13\\\/noi-che-riflessioni-sugli-anni-60-e-70-venerdi-18-novembre-al-teatro-san-gaetano-di-castion\\\/\"},\"author\":{\"name\":\"redazione\",\"@id\":\"https:\\\/\\\/www.bellunopress.it\\\/#\\\/schema\\\/person\\\/79bb06722b37ece1c03d3e94beb30d73\"},\"headline\":\"&#8220;Noi che&#8230;&#8221; riflessioni sugli anni &#8217;60 e &#8217;70. Venerd\u00ec 18 novembre al Teatro San Gaetano di Castion\",\"datePublished\":\"2022-11-13T09:29:06+00:00\",\"mainEntityOfPage\":{\"@id\":\"https:\\\/\\\/www.bellunopress.it\\\/2022\\\/11\\\/13\\\/noi-che-riflessioni-sugli-anni-60-e-70-venerdi-18-novembre-al-teatro-san-gaetano-di-castion\\\/\"},\"wordCount\":333,\"publisher\":{\"@id\":\"https:\\\/\\\/www.bellunopress.it\\\/#organization\"},\"image\":{\"@id\":\"https:\\\/\\\/www.bellunopress.it\\\/2022\\\/11\\\/13\\\/noi-che-riflessioni-sugli-anni-60-e-70-venerdi-18-novembre-al-teatro-san-gaetano-di-castion\\\/#primaryimage\"},\"thumbnailUrl\":\"https:\\\/\\\/www.bellunopress.it\\\/wp-content\\\/uploads\\\/2022\\\/11\\\/teatro_edited.jpg\",\"articleSection\":[\"Appuntamenti, Eventi\",\"Pausa Caff\u00e8\"],\"inLanguage\":\"fr-FR\"},{\"@type\":\"WebPage\",\"@id\":\"https:\\\/\\\/www.bellunopress.it\\\/2022\\\/11\\\/13\\\/noi-che-riflessioni-sugli-anni-60-e-70-venerdi-18-novembre-al-teatro-san-gaetano-di-castion\\\/\",\"url\":\"https:\\\/\\\/www.bellunopress.it\\\/2022\\\/11\\\/13\\\/noi-che-riflessioni-sugli-anni-60-e-70-venerdi-18-novembre-al-teatro-san-gaetano-di-castion\\\/\",\"name\":\"\\\"Noi che...\\\" riflessioni sugli anni '60 e '70. Venerd\u00ec 18 novembre al Teatro San Gaetano di Castion - Bellunopress - Dolomiti\",\"isPartOf\":{\"@id\":\"https:\\\/\\\/www.bellunopress.it\\\/#website\"},\"primaryImageOfPage\":{\"@id\":\"https:\\\/\\\/www.bellunopress.it\\\/2022\\\/11\\\/13\\\/noi-che-riflessioni-sugli-anni-60-e-70-venerdi-18-novembre-al-teatro-san-gaetano-di-castion\\\/#primaryimage\"},\"image\":{\"@id\":\"https:\\\/\\\/www.bellunopress.it\\\/2022\\\/11\\\/13\\\/noi-che-riflessioni-sugli-anni-60-e-70-venerdi-18-novembre-al-teatro-san-gaetano-di-castion\\\/#primaryimage\"},\"thumbnailUrl\":\"https:\\\/\\\/www.bellunopress.it\\\/wp-content\\\/uploads\\\/2022\\\/11\\\/teatro_edited.jpg\",\"datePublished\":\"2022-11-13T09:29:06+00:00\",\"breadcrumb\":{\"@id\":\"https:\\\/\\\/www.bellunopress.it\\\/2022\\\/11\\\/13\\\/noi-che-riflessioni-sugli-anni-60-e-70-venerdi-18-novembre-al-teatro-san-gaetano-di-castion\\\/#breadcrumb\"},\"inLanguage\":\"fr-FR\",\"potentialAction\":[{\"@type\":\"ReadAction\",\"target\":[\"https:\\\/\\\/www.bellunopress.it\\\/2022\\\/11\\\/13\\\/noi-che-riflessioni-sugli-anni-60-e-70-venerdi-18-novembre-al-teatro-san-gaetano-di-castion\\\/\"]}]},{\"@type\":\"ImageObject\",\"inLanguage\":\"fr-FR\",\"@id\":\"https:\\\/\\\/www.bellunopress.it\\\/2022\\\/11\\\/13\\\/noi-che-riflessioni-sugli-anni-60-e-70-venerdi-18-novembre-al-teatro-san-gaetano-di-castion\\\/#primaryimage\",\"url\":\"https:\\\/\\\/www.bellunopress.it\\\/wp-content\\\/uploads\\\/2022\\\/11\\\/teatro_edited.jpg\",\"contentUrl\":\"https:\\\/\\\/www.bellunopress.it\\\/wp-content\\\/uploads\\\/2022\\\/11\\\/teatro_edited.jpg\",\"width\":702,\"height\":393},{\"@type\":\"BreadcrumbList\",\"@id\":\"https:\\\/\\\/www.bellunopress.it\\\/2022\\\/11\\\/13\\\/noi-che-riflessioni-sugli-anni-60-e-70-venerdi-18-novembre-al-teatro-san-gaetano-di-castion\\\/#breadcrumb\",\"itemListElement\":[{\"@type\":\"ListItem\",\"position\":1,\"name\":\"Home\",\"item\":\"https:\\\/\\\/www.bellunopress.it\\\/\"},{\"@type\":\"ListItem\",\"position\":2,\"name\":\"&#8220;Noi che&#8230;&#8221; riflessioni sugli anni &#8217;60 e &#8217;70. Venerd\u00ec 18 novembre al Teatro San Gaetano di Castion\"}]},{\"@type\":\"WebSite\",\"@id\":\"https:\\\/\\\/www.bellunopress.it\\\/#website\",\"url\":\"https:\\\/\\\/www.bellunopress.it\\\/\",\"name\":\"Bellunopress - Dolomiti\",\"description\":\"e-mail: redazione@bellunopress.it\",\"publisher\":{\"@id\":\"https:\\\/\\\/www.bellunopress.it\\\/#organization\"},\"potentialAction\":[{\"@type\":\"SearchAction\",\"target\":{\"@type\":\"EntryPoint\",\"urlTemplate\":\"https:\\\/\\\/www.bellunopress.it\\\/?s={search_term_string}\"},\"query-input\":{\"@type\":\"PropertyValueSpecification\",\"valueRequired\":true,\"valueName\":\"search_term_string\"}}],\"inLanguage\":\"fr-FR\"},{\"@type\":\"Organization\",\"@id\":\"https:\\\/\\\/www.bellunopress.it\\\/#organization\",\"name\":\"Bellunopress\",\"url\":\"https:\\\/\\\/www.bellunopress.it\\\/\",\"logo\":{\"@type\":\"ImageObject\",\"inLanguage\":\"fr-FR\",\"@id\":\"https:\\\/\\\/www.bellunopress.it\\\/#\\\/schema\\\/logo\\\/image\\\/\",\"url\":\"https:\\\/\\\/www.bellunopress.it\\\/wp-content\\\/uploads\\\/2011\\\/05\\\/cropped-logo-bellunopress-.jpg\",\"contentUrl\":\"https:\\\/\\\/www.bellunopress.it\\\/wp-content\\\/uploads\\\/2011\\\/05\\\/cropped-logo-bellunopress-.jpg\",\"width\":512,\"height\":512,\"caption\":\"Bellunopress\"},\"image\":{\"@id\":\"https:\\\/\\\/www.bellunopress.it\\\/#\\\/schema\\\/logo\\\/image\\\/\"},\"sameAs\":[\"https:\\\/\\\/www.facebook.com\\\/profile.php?id=100008943462799\",\"https:\\\/\\\/x.com\\\/bellunopress\",\"https:\\\/\\\/www.linkedin.com\\\/hp\\\/?dnr=JBzUWaJfMUw8vbXJJ2tVW5-I3jZKvC4wsoxE&amp;amp;amp;amp;amp;amp;trk=nav_responsive_tab_home\",\"https:\\\/\\\/www.youtube.com\\\/channel\\\/UCxL0wu1uN0_3_7hGG0306cw\"]},{\"@type\":\"Person\",\"@id\":\"https:\\\/\\\/www.bellunopress.it\\\/#\\\/schema\\\/person\\\/79bb06722b37ece1c03d3e94beb30d73\",\"name\":\"redazione\",\"image\":{\"@type\":\"ImageObject\",\"inLanguage\":\"fr-FR\",\"@id\":\"https:\\\/\\\/secure.gravatar.com\\\/avatar\\\/37d968a2e67a6fd04c169c4bdef102d0bc5d31b2546345219e348575eb80e9a0?s=96&d=mm&r=g\",\"url\":\"https:\\\/\\\/secure.gravatar.com\\\/avatar\\\/37d968a2e67a6fd04c169c4bdef102d0bc5d31b2546345219e348575eb80e9a0?s=96&d=mm&r=g\",\"contentUrl\":\"https:\\\/\\\/secure.gravatar.com\\\/avatar\\\/37d968a2e67a6fd04c169c4bdef102d0bc5d31b2546345219e348575eb80e9a0?s=96&d=mm&r=g\",\"caption\":\"redazione\"},\"sameAs\":[\"http:\\\/\\\/www.bellunopress.it\",\"https:\\\/\\\/x.com\\\/bellunopress\"],\"url\":\"https:\\\/\\\/www.bellunopress.it\\\/fr\\\/author\\\/redazione\\\/\"}]}<\/script>\n<!-- \/ Yoast SEO plugin. -->","yoast_head_json":{"title":"\"Noi che...\" riflessioni sugli anni '60 e '70. Venerd\u00ec 18 novembre al Teatro San Gaetano di Castion - Bellunopress - Dolomiti","robots":{"index":"index","follow":"follow","max-snippet":"max-snippet:-1","max-image-preview":"max-image-preview:large","max-video-preview":"max-video-preview:-1"},"canonical":"https:\/\/www.bellunopress.it\/fr\/2022\/11\/13\/noi-che-riflessioni-sugli-anni-60-e-70-venerdi-18-novembre-al-teatro-san-gaetano-di-castion\/","og_locale":"fr_FR","og_type":"article","og_title":"\"Noi che...\" riflessioni sugli anni '60 e '70. Venerd\u00ec 18 novembre al Teatro San Gaetano di Castion - Bellunopress - Dolomiti","og_description":"&#8220;Toglimi il pane, se vuoi toglimi l&#8217;aria, ma non togliermi mai il tuo sorriso&#8221; diceva Pablo Neruda. Perch\u00e9 sorridere, soprattutto in questo periodo difficile, pu\u00f2 far bene a s\u00e9 stessi e agli altri. Per questo la sala del teatro San Gaetano di Castion ospiter\u00e0 venerd\u00ec 18 novembre alle 20.30 lo spettacolo &#8220;Noi che\u2026&#8221;, una serie [&hellip;]","og_url":"https:\/\/www.bellunopress.it\/fr\/2022\/11\/13\/noi-che-riflessioni-sugli-anni-60-e-70-venerdi-18-novembre-al-teatro-san-gaetano-di-castion\/","og_site_name":"Bellunopress - Dolomiti","article_publisher":"https:\/\/www.facebook.com\/profile.php?id=100008943462799","article_published_time":"2022-11-13T09:29:06+00:00","og_image":[{"width":702,"height":393,"url":"https:\/\/www.bellunopress.it\/wp-content\/uploads\/2022\/11\/teatro_edited.jpg","type":"image\/jpeg"}],"author":"redazione","twitter_card":"summary_large_image","twitter_creator":"@bellunopress","twitter_site":"@bellunopress","twitter_misc":{"Written by":"redazione","Est. reading time":"2 minutes"},"schema":{"@context":"https:\/\/schema.org","@graph":[{"@type":"Article","@id":"https:\/\/www.bellunopress.it\/2022\/11\/13\/noi-che-riflessioni-sugli-anni-60-e-70-venerdi-18-novembre-al-teatro-san-gaetano-di-castion\/#article","isPartOf":{"@id":"https:\/\/www.bellunopress.it\/2022\/11\/13\/noi-che-riflessioni-sugli-anni-60-e-70-venerdi-18-novembre-al-teatro-san-gaetano-di-castion\/"},"author":{"name":"redazione","@id":"https:\/\/www.bellunopress.it\/#\/schema\/person\/79bb06722b37ece1c03d3e94beb30d73"},"headline":"&#8220;Noi che&#8230;&#8221; riflessioni sugli anni &#8217;60 e &#8217;70. Venerd\u00ec 18 novembre al Teatro San Gaetano di Castion","datePublished":"2022-11-13T09:29:06+00:00","mainEntityOfPage":{"@id":"https:\/\/www.bellunopress.it\/2022\/11\/13\/noi-che-riflessioni-sugli-anni-60-e-70-venerdi-18-novembre-al-teatro-san-gaetano-di-castion\/"},"wordCount":333,"publisher":{"@id":"https:\/\/www.bellunopress.it\/#organization"},"image":{"@id":"https:\/\/www.bellunopress.it\/2022\/11\/13\/noi-che-riflessioni-sugli-anni-60-e-70-venerdi-18-novembre-al-teatro-san-gaetano-di-castion\/#primaryimage"},"thumbnailUrl":"https:\/\/www.bellunopress.it\/wp-content\/uploads\/2022\/11\/teatro_edited.jpg","articleSection":["Appuntamenti, Eventi","Pausa Caff\u00e8"],"inLanguage":"fr-FR"},{"@type":"WebPage","@id":"https:\/\/www.bellunopress.it\/2022\/11\/13\/noi-che-riflessioni-sugli-anni-60-e-70-venerdi-18-novembre-al-teatro-san-gaetano-di-castion\/","url":"https:\/\/www.bellunopress.it\/2022\/11\/13\/noi-che-riflessioni-sugli-anni-60-e-70-venerdi-18-novembre-al-teatro-san-gaetano-di-castion\/","name":"\"Noi che...\" riflessioni sugli anni '60 e '70. Venerd\u00ec 18 novembre al Teatro San Gaetano di Castion - Bellunopress - Dolomiti","isPartOf":{"@id":"https:\/\/www.bellunopress.it\/#website"},"primaryImageOfPage":{"@id":"https:\/\/www.bellunopress.it\/2022\/11\/13\/noi-che-riflessioni-sugli-anni-60-e-70-venerdi-18-novembre-al-teatro-san-gaetano-di-castion\/#primaryimage"},"image":{"@id":"https:\/\/www.bellunopress.it\/2022\/11\/13\/noi-che-riflessioni-sugli-anni-60-e-70-venerdi-18-novembre-al-teatro-san-gaetano-di-castion\/#primaryimage"},"thumbnailUrl":"https:\/\/www.bellunopress.it\/wp-content\/uploads\/2022\/11\/teatro_edited.jpg","datePublished":"2022-11-13T09:29:06+00:00","breadcrumb":{"@id":"https:\/\/www.bellunopress.it\/2022\/11\/13\/noi-che-riflessioni-sugli-anni-60-e-70-venerdi-18-novembre-al-teatro-san-gaetano-di-castion\/#breadcrumb"},"inLanguage":"fr-FR","potentialAction":[{"@type":"ReadAction","target":["https:\/\/www.bellunopress.it\/2022\/11\/13\/noi-che-riflessioni-sugli-anni-60-e-70-venerdi-18-novembre-al-teatro-san-gaetano-di-castion\/"]}]},{"@type":"ImageObject","inLanguage":"fr-FR","@id":"https:\/\/www.bellunopress.it\/2022\/11\/13\/noi-che-riflessioni-sugli-anni-60-e-70-venerdi-18-novembre-al-teatro-san-gaetano-di-castion\/#primaryimage","url":"https:\/\/www.bellunopress.it\/wp-content\/uploads\/2022\/11\/teatro_edited.jpg","contentUrl":"https:\/\/www.bellunopress.it\/wp-content\/uploads\/2022\/11\/teatro_edited.jpg","width":702,"height":393},{"@type":"BreadcrumbList","@id":"https:\/\/www.bellunopress.it\/2022\/11\/13\/noi-che-riflessioni-sugli-anni-60-e-70-venerdi-18-novembre-al-teatro-san-gaetano-di-castion\/#breadcrumb","itemListElement":[{"@type":"ListItem","position":1,"name":"Home","item":"https:\/\/www.bellunopress.it\/"},{"@type":"ListItem","position":2,"name":"&#8220;Noi che&#8230;&#8221; riflessioni sugli anni &#8217;60 e &#8217;70. Venerd\u00ec 18 novembre al Teatro San Gaetano di Castion"}]},{"@type":"WebSite","@id":"https:\/\/www.bellunopress.it\/#website","url":"https:\/\/www.bellunopress.it\/","name":"Bellunopress - Dolomiti","description":"e-mail: redazione@bellunopress.it","publisher":{"@id":"https:\/\/www.bellunopress.it\/#organization"},"potentialAction":[{"@type":"SearchAction","target":{"@type":"EntryPoint","urlTemplate":"https:\/\/www.bellunopress.it\/?s={search_term_string}"},"query-input":{"@type":"PropertyValueSpecification","valueRequired":true,"valueName":"search_term_string"}}],"inLanguage":"fr-FR"},{"@type":"Organization","@id":"https:\/\/www.bellunopress.it\/#organization","name":"Bellunopress","url":"https:\/\/www.bellunopress.it\/","logo":{"@type":"ImageObject","inLanguage":"fr-FR","@id":"https:\/\/www.bellunopress.it\/#\/schema\/logo\/image\/","url":"https:\/\/www.bellunopress.it\/wp-content\/uploads\/2011\/05\/cropped-logo-bellunopress-.jpg","contentUrl":"https:\/\/www.bellunopress.it\/wp-content\/uploads\/2011\/05\/cropped-logo-bellunopress-.jpg","width":512,"height":512,"caption":"Bellunopress"},"image":{"@id":"https:\/\/www.bellunopress.it\/#\/schema\/logo\/image\/"},"sameAs":["https:\/\/www.facebook.com\/profile.php?id=100008943462799","https:\/\/x.com\/bellunopress","https:\/\/www.linkedin.com\/hp\/?dnr=JBzUWaJfMUw8vbXJJ2tVW5-I3jZKvC4wsoxE&amp;amp;amp;amp;amp;amp;trk=nav_responsive_tab_home","https:\/\/www.youtube.com\/channel\/UCxL0wu1uN0_3_7hGG0306cw"]},{"@type":"Person","@id":"https:\/\/www.bellunopress.it\/#\/schema\/person\/79bb06722b37ece1c03d3e94beb30d73","name":"r\u00e9daction","image":{"@type":"ImageObject","inLanguage":"fr-FR","@id":"https:\/\/secure.gravatar.com\/avatar\/37d968a2e67a6fd04c169c4bdef102d0bc5d31b2546345219e348575eb80e9a0?s=96&d=mm&r=g","url":"https:\/\/secure.gravatar.com\/avatar\/37d968a2e67a6fd04c169c4bdef102d0bc5d31b2546345219e348575eb80e9a0?s=96&d=mm&r=g","contentUrl":"https:\/\/secure.gravatar.com\/avatar\/37d968a2e67a6fd04c169c4bdef102d0bc5d31b2546345219e348575eb80e9a0?s=96&d=mm&r=g","caption":"redazione"},"sameAs":["http:\/\/www.bellunopress.it","https:\/\/x.com\/bellunopress"],"url":"https:\/\/www.bellunopress.it\/fr\/author\/redazione\/"}]}},"_links":{"self":[{"href":"https:\/\/www.bellunopress.it\/fr\/wp-json\/wp\/v2\/posts\/137634","targetHints":{"allow":["GET"]}}],"collection":[{"href":"https:\/\/www.bellunopress.it\/fr\/wp-json\/wp\/v2\/posts"}],"about":[{"href":"https:\/\/www.bellunopress.it\/fr\/wp-json\/wp\/v2\/types\/post"}],"author":[{"embeddable":true,"href":"https:\/\/www.bellunopress.it\/fr\/wp-json\/wp\/v2\/users\/2"}],"replies":[{"embeddable":true,"href":"https:\/\/www.bellunopress.it\/fr\/wp-json\/wp\/v2\/comments?post=137634"}],"version-history":[{"count":1,"href":"https:\/\/www.bellunopress.it\/fr\/wp-json\/wp\/v2\/posts\/137634\/revisions"}],"predecessor-version":[{"id":137636,"href":"https:\/\/www.bellunopress.it\/fr\/wp-json\/wp\/v2\/posts\/137634\/revisions\/137636"}],"wp:featuredmedia":[{"embeddable":true,"href":"https:\/\/www.bellunopress.it\/fr\/wp-json\/wp\/v2\/media\/137635"}],"wp:attachment":[{"href":"https:\/\/www.bellunopress.it\/fr\/wp-json\/wp\/v2\/media?parent=137634"}],"wp:term":[{"taxonomy":"category","embeddable":true,"href":"https:\/\/www.bellunopress.it\/fr\/wp-json\/wp\/v2\/categories?post=137634"},{"taxonomy":"post_tag","embeddable":true,"href":"https:\/\/www.bellunopress.it\/fr\/wp-json\/wp\/v2\/tags?post=137634"}],"curies":[{"name":"wp","href":"https:\/\/api.w.org\/{rel}","templated":true}]}}