{"id":137597,"date":"2022-11-10T14:14:53","date_gmt":"2022-11-10T13:14:53","guid":{"rendered":"https:\/\/www.bellunopress.it\/?p=137597"},"modified":"2022-11-10T14:14:53","modified_gmt":"2022-11-10T13:14:53","slug":"diana-krall-la-leggenda-mondiale-del-jazz-al-geox-di-padova-il-30-aprile-2023","status":"publish","type":"post","link":"https:\/\/www.bellunopress.it\/fr\/2022\/11\/10\/diana-krall-la-leggenda-mondiale-del-jazz-al-geox-di-padova-il-30-aprile-2023\/","title":{"rendered":"Diana Krall, la leggenda mondiale del Jazz al Geox di Padova il 30 aprile 2023"},"content":{"rendered":"<p><img loading=\"lazy\" decoding=\"async\" class=\"alignleft size-full wp-image-137598\" src=\"https:\/\/www.bellunopress.it\/wp-content\/uploads\/2022\/11\/Diana-Krall_edited.jpg\" alt=\"\" width=\"900\" height=\"565\" srcset=\"https:\/\/www.bellunopress.it\/wp-content\/uploads\/2022\/11\/Diana-Krall_edited.jpg 900w, https:\/\/www.bellunopress.it\/wp-content\/uploads\/2022\/11\/Diana-Krall_edited-500x314.jpg 500w, https:\/\/www.bellunopress.it\/wp-content\/uploads\/2022\/11\/Diana-Krall_edited-696x437.jpg 696w, https:\/\/www.bellunopress.it\/wp-content\/uploads\/2022\/11\/Diana-Krall_edited-669x420.jpg 669w\" sizes=\"auto, (max-width: 900px) 100vw, 900px\" \/>C&#8217;\u00e8 un nuovo appuntamento con la grande musica internazionale da segnare in agenda per Padova: il 30 aprile 2023 far\u00e0 infatti tappa al Gran Teatro Geox la stella mondiale del jazz Diana Krall!<\/p>\n<p>I biglietti saranno disponibili a partire dalle ore 12 di domani venerd\u00ec 11 novembre su Ticketmaster, Ticketone e in tutti i punti vendita autorizzati.<\/p>\n<p>Per Diana Krall a parlare \u00e8 la sua carriera costellata di successi. \u00c8 l&#8217;unica cantante dell&#8217;area jazz ad avere visto nove suoi album debuttare in testa alla classifica Billboard Jazz Albums. Ad oggi, i suoi album hanno guadagnato cinque Grammy Awards, dieci Juno Awards e hanno conquistato nove dischi d&#8217;oro, tre di platino e sette multi-platinum. Ha venduto oltre 6 milioni di dischi solo negli USA e oltre 15 in tutto il mondo e durante gli anni &#8217;90 e 2000 \u00e8 stata l&#8217;artista jazz donna col massimo numero di ascolti e di dischi venduti nel mondo.<\/p>\n<p>La visita nella Citt\u00e0 del Santo sar\u00e0 l&#8217;occasione per l&#8217;artista canadese di proporre ai fan italiani tutti i suoi grandi successi insieme ai brani di &#8220;This Dream of You &#8220;, il suo ultimo album uscito nel 2020. Album che vede Diana Krall in quartetto con colleghi con i quali ha collaborato per anni: John Clayton, Jeff Hamilton e Anthony Wilson in &#8220;Almost Like Being In Love&#8221; e &#8220;That&#8217;s All&#8221;, cosi\u0300 come in trio con Christian McBride e Russell Malone in &#8220;Autumn in New York&#8221; e &#8220;There&#8217;s No You.&#8221;<\/p>\n<p>I duetti includono una straordinaria first-take di &#8220;I Wished On The Moon&#8221; con Krall e John Clayton e due registrazioni \u2013 &#8220;More Than You Know&#8221; e &#8220;Don&#8217;t Smoke In Bed&#8221; \u2013 in cui allo sgabello del pianoforte e\u0300 Alan Broadbent, anche autore dell&#8217;orchestrazione per &#8220;But Beautiful&#8221; nonche\u0301 dell&#8217;arrangiamento per archi in &#8220;Autumn In New York.&#8221;<\/p>\n<p>L&#8217;ultima seduta di incisione per quest&#8217;album ebbe luogo presso i Capitol Studios, con un ensemble di cui facevano parte il chitarrista Marc Ribot, il violino di Stuart Duncan ed una sezione ritmica composta da Tony Garnier al contrabbasso e Karriem Riggins alla batteria. Questa formazione registro\u0300 &#8220;Just You, Just Me&#8221;, la gia\u0300 citata &#8220;How Deep Is The Ocean&#8221; di Irving Berlin e la canzone di Bob Dylan &#8220;This Dream Of You&#8221;, nella quale Randall Krall suona la fisarmonica.<\/p>\n<p>&nbsp;<\/p>\n<p><strong>A proposito di DIANA KRALL<\/strong><\/p>\n<p>Diana Krall e\u0300 cresciuta in Canada a Nanaimo, nella British Columbia. Suo nonno lavorava nelle miniere di carbone e, con la nonna, negli ultimi passo\u0300 a lavorare in un piccolo ristorante. Sua madre insegnava musica e archivistica, mentre suo padre era uno stimato contabile che collezionava dischi a 78 giri \u2013 e suonava il piano. Anche suo zio, Randall Krall, e\u0300 musicista. Circondata cosi\u0300 da un ambiente che amava e rispettava le arti, Diana e\u0300 cresciuta ascoltando musica dai 78 giri. Era solita ascoltare senza posa &#8220;West End Blues&#8221;, il capolavoro di Louis Armstrong. Giovanissima, grazie ad un grammofono a caricamento manuale scopri\u0300 in tal modo tanti musicisti. Aveva 15 anni al suo primo ingaggio come pianista in un locale della sua citta\u0300, imparando tanto da grandi musicisti, generosi quanto gentili: oggi ricorda questi personaggi dai quali ha imparato e con cui ha avuto l&#8217;opportunita\u0300 di suonare, e rende loro omaggio con la sua arte.<br \/>\nDiana si e\u0300 esibita come pianista \u2013 capace anche di cantare \u2013 in tutto il mondo. Ha sposato il musicista britannico Elvis Costello il 6 dicembre 2003 nella tenuta di Elton John, alla periferia di Londra. Hanno avuto due gemelli, Dexter Henry Lorcan e Frank Harlan James, nati il 6 dicembre 2006 a New York. Vivono a New York e in Canada, a Vancouver.<\/p>","protected":false},"excerpt":{"rendered":"<p>C&#8217;\u00e8 un nuovo appuntamento con la grande musica internazionale da segnare in agenda per Padova: il 30 aprile 2023 far\u00e0 infatti tappa al Gran Teatro Geox la stella mondiale del jazz Diana Krall! I biglietti saranno disponibili a partire dalle ore 12 di domani venerd\u00ec 11 novembre su Ticketmaster, Ticketone e in tutti i punti [&hellip;]<\/p>\n","protected":false},"author":2,"featured_media":137598,"comment_status":"closed","ping_status":"open","sticky":false,"template":"","format":"standard","meta":{"footnotes":""},"categories":[27,3,25],"tags":[],"class_list":["post-137597","post","type-post","status-publish","format-standard","has-post-thumbnail","category-appuntamenti","category-arte-cultura-spettacoli-scienza-archivi","category-pausa-caffe"],"yoast_head":"<!-- This site is optimized with the Yoast SEO plugin v28.4 - https:\/\/yoast.com\/product\/yoast-seo-wordpress\/ -->\n<title>Diana Krall, la leggenda mondiale del Jazz al Geox di Padova il 30 aprile 2023 - Bellunopress - Dolomiti<\/title>\n<meta name=\"robots\" content=\"index, follow, max-snippet:-1, max-image-preview:large, max-video-preview:-1\" \/>\n<link rel=\"canonical\" href=\"https:\/\/www.bellunopress.it\/fr\/2022\/11\/10\/diana-krall-la-leggenda-mondiale-del-jazz-al-geox-di-padova-il-30-aprile-2023\/\" \/>\n<meta property=\"og:locale\" content=\"fr_FR\" \/>\n<meta property=\"og:type\" content=\"article\" \/>\n<meta property=\"og:title\" content=\"Diana Krall, la leggenda mondiale del Jazz al Geox di Padova il 30 aprile 2023 - Bellunopress - Dolomiti\" \/>\n<meta property=\"og:description\" content=\"C&#8217;\u00e8 un nuovo appuntamento con la grande musica internazionale da segnare in agenda per Padova: il 30 aprile 2023 far\u00e0 infatti tappa al Gran Teatro Geox la stella mondiale del jazz Diana Krall! I biglietti saranno disponibili a partire dalle ore 12 di domani venerd\u00ec 11 novembre su Ticketmaster, Ticketone e in tutti i punti [&hellip;]\" \/>\n<meta property=\"og:url\" content=\"https:\/\/www.bellunopress.it\/fr\/2022\/11\/10\/diana-krall-la-leggenda-mondiale-del-jazz-al-geox-di-padova-il-30-aprile-2023\/\" \/>\n<meta property=\"og:site_name\" content=\"Bellunopress - Dolomiti\" \/>\n<meta property=\"article:publisher\" content=\"https:\/\/www.facebook.com\/profile.php?id=100008943462799\" \/>\n<meta property=\"article:published_time\" content=\"2022-11-10T13:14:53+00:00\" \/>\n<meta property=\"og:image\" content=\"https:\/\/www.bellunopress.it\/wp-content\/uploads\/2022\/11\/Diana-Krall_edited.jpg\" \/>\n\t<meta property=\"og:image:width\" content=\"900\" \/>\n\t<meta property=\"og:image:height\" content=\"565\" \/>\n\t<meta property=\"og:image:type\" content=\"image\/jpeg\" \/>\n<meta name=\"author\" content=\"redazione\" \/>\n<meta name=\"twitter:card\" content=\"summary_large_image\" \/>\n<meta name=\"twitter:creator\" content=\"@bellunopress\" \/>\n<meta name=\"twitter:site\" content=\"@bellunopress\" \/>\n<meta name=\"twitter:label1\" content=\"\u00c9crit par\" \/>\n\t<meta name=\"twitter:data1\" content=\"redazione\" \/>\n\t<meta name=\"twitter:label2\" content=\"Dur\u00e9e de lecture estim\u00e9e\" \/>\n\t<meta name=\"twitter:data2\" content=\"4 minutes\" \/>\n<script type=\"application\/ld+json\" class=\"yoast-schema-graph\">{\"@context\":\"https:\\\/\\\/schema.org\",\"@graph\":[{\"@type\":\"Article\",\"@id\":\"https:\\\/\\\/www.bellunopress.it\\\/2022\\\/11\\\/10\\\/diana-krall-la-leggenda-mondiale-del-jazz-al-geox-di-padova-il-30-aprile-2023\\\/#article\",\"isPartOf\":{\"@id\":\"https:\\\/\\\/www.bellunopress.it\\\/2022\\\/11\\\/10\\\/diana-krall-la-leggenda-mondiale-del-jazz-al-geox-di-padova-il-30-aprile-2023\\\/\"},\"author\":{\"name\":\"redazione\",\"@id\":\"https:\\\/\\\/www.bellunopress.it\\\/#\\\/schema\\\/person\\\/79bb06722b37ece1c03d3e94beb30d73\"},\"headline\":\"Diana Krall, la leggenda mondiale del Jazz al Geox di Padova il 30 aprile 2023\",\"datePublished\":\"2022-11-10T13:14:53+00:00\",\"mainEntityOfPage\":{\"@id\":\"https:\\\/\\\/www.bellunopress.it\\\/2022\\\/11\\\/10\\\/diana-krall-la-leggenda-mondiale-del-jazz-al-geox-di-padova-il-30-aprile-2023\\\/\"},\"wordCount\":601,\"publisher\":{\"@id\":\"https:\\\/\\\/www.bellunopress.it\\\/#organization\"},\"image\":{\"@id\":\"https:\\\/\\\/www.bellunopress.it\\\/2022\\\/11\\\/10\\\/diana-krall-la-leggenda-mondiale-del-jazz-al-geox-di-padova-il-30-aprile-2023\\\/#primaryimage\"},\"thumbnailUrl\":\"https:\\\/\\\/www.bellunopress.it\\\/wp-content\\\/uploads\\\/2022\\\/11\\\/Diana-Krall_edited.jpg\",\"articleSection\":[\"Appuntamenti, Eventi\",\"Arte, Cultura, Spettacoli, Scienza\",\"Pausa Caff\u00e8\"],\"inLanguage\":\"fr-FR\"},{\"@type\":\"WebPage\",\"@id\":\"https:\\\/\\\/www.bellunopress.it\\\/2022\\\/11\\\/10\\\/diana-krall-la-leggenda-mondiale-del-jazz-al-geox-di-padova-il-30-aprile-2023\\\/\",\"url\":\"https:\\\/\\\/www.bellunopress.it\\\/2022\\\/11\\\/10\\\/diana-krall-la-leggenda-mondiale-del-jazz-al-geox-di-padova-il-30-aprile-2023\\\/\",\"name\":\"Diana Krall, la leggenda mondiale del Jazz al Geox di Padova il 30 aprile 2023 - Bellunopress - Dolomiti\",\"isPartOf\":{\"@id\":\"https:\\\/\\\/www.bellunopress.it\\\/#website\"},\"primaryImageOfPage\":{\"@id\":\"https:\\\/\\\/www.bellunopress.it\\\/2022\\\/11\\\/10\\\/diana-krall-la-leggenda-mondiale-del-jazz-al-geox-di-padova-il-30-aprile-2023\\\/#primaryimage\"},\"image\":{\"@id\":\"https:\\\/\\\/www.bellunopress.it\\\/2022\\\/11\\\/10\\\/diana-krall-la-leggenda-mondiale-del-jazz-al-geox-di-padova-il-30-aprile-2023\\\/#primaryimage\"},\"thumbnailUrl\":\"https:\\\/\\\/www.bellunopress.it\\\/wp-content\\\/uploads\\\/2022\\\/11\\\/Diana-Krall_edited.jpg\",\"datePublished\":\"2022-11-10T13:14:53+00:00\",\"breadcrumb\":{\"@id\":\"https:\\\/\\\/www.bellunopress.it\\\/2022\\\/11\\\/10\\\/diana-krall-la-leggenda-mondiale-del-jazz-al-geox-di-padova-il-30-aprile-2023\\\/#breadcrumb\"},\"inLanguage\":\"fr-FR\",\"potentialAction\":[{\"@type\":\"ReadAction\",\"target\":[\"https:\\\/\\\/www.bellunopress.it\\\/2022\\\/11\\\/10\\\/diana-krall-la-leggenda-mondiale-del-jazz-al-geox-di-padova-il-30-aprile-2023\\\/\"]}]},{\"@type\":\"ImageObject\",\"inLanguage\":\"fr-FR\",\"@id\":\"https:\\\/\\\/www.bellunopress.it\\\/2022\\\/11\\\/10\\\/diana-krall-la-leggenda-mondiale-del-jazz-al-geox-di-padova-il-30-aprile-2023\\\/#primaryimage\",\"url\":\"https:\\\/\\\/www.bellunopress.it\\\/wp-content\\\/uploads\\\/2022\\\/11\\\/Diana-Krall_edited.jpg\",\"contentUrl\":\"https:\\\/\\\/www.bellunopress.it\\\/wp-content\\\/uploads\\\/2022\\\/11\\\/Diana-Krall_edited.jpg\",\"width\":900,\"height\":565},{\"@type\":\"BreadcrumbList\",\"@id\":\"https:\\\/\\\/www.bellunopress.it\\\/2022\\\/11\\\/10\\\/diana-krall-la-leggenda-mondiale-del-jazz-al-geox-di-padova-il-30-aprile-2023\\\/#breadcrumb\",\"itemListElement\":[{\"@type\":\"ListItem\",\"position\":1,\"name\":\"Home\",\"item\":\"https:\\\/\\\/www.bellunopress.it\\\/\"},{\"@type\":\"ListItem\",\"position\":2,\"name\":\"Diana Krall, la leggenda mondiale del Jazz al Geox di Padova il 30 aprile 2023\"}]},{\"@type\":\"WebSite\",\"@id\":\"https:\\\/\\\/www.bellunopress.it\\\/#website\",\"url\":\"https:\\\/\\\/www.bellunopress.it\\\/\",\"name\":\"Bellunopress - Dolomiti\",\"description\":\"e-mail: redazione@bellunopress.it\",\"publisher\":{\"@id\":\"https:\\\/\\\/www.bellunopress.it\\\/#organization\"},\"potentialAction\":[{\"@type\":\"SearchAction\",\"target\":{\"@type\":\"EntryPoint\",\"urlTemplate\":\"https:\\\/\\\/www.bellunopress.it\\\/?s={search_term_string}\"},\"query-input\":{\"@type\":\"PropertyValueSpecification\",\"valueRequired\":true,\"valueName\":\"search_term_string\"}}],\"inLanguage\":\"fr-FR\"},{\"@type\":\"Organization\",\"@id\":\"https:\\\/\\\/www.bellunopress.it\\\/#organization\",\"name\":\"Bellunopress\",\"url\":\"https:\\\/\\\/www.bellunopress.it\\\/\",\"logo\":{\"@type\":\"ImageObject\",\"inLanguage\":\"fr-FR\",\"@id\":\"https:\\\/\\\/www.bellunopress.it\\\/#\\\/schema\\\/logo\\\/image\\\/\",\"url\":\"https:\\\/\\\/www.bellunopress.it\\\/wp-content\\\/uploads\\\/2011\\\/05\\\/cropped-logo-bellunopress-.jpg\",\"contentUrl\":\"https:\\\/\\\/www.bellunopress.it\\\/wp-content\\\/uploads\\\/2011\\\/05\\\/cropped-logo-bellunopress-.jpg\",\"width\":512,\"height\":512,\"caption\":\"Bellunopress\"},\"image\":{\"@id\":\"https:\\\/\\\/www.bellunopress.it\\\/#\\\/schema\\\/logo\\\/image\\\/\"},\"sameAs\":[\"https:\\\/\\\/www.facebook.com\\\/profile.php?id=100008943462799\",\"https:\\\/\\\/x.com\\\/bellunopress\",\"https:\\\/\\\/www.linkedin.com\\\/hp\\\/?dnr=JBzUWaJfMUw8vbXJJ2tVW5-I3jZKvC4wsoxE&amp;amp;amp;amp;amp;amp;trk=nav_responsive_tab_home\",\"https:\\\/\\\/www.youtube.com\\\/channel\\\/UCxL0wu1uN0_3_7hGG0306cw\"]},{\"@type\":\"Person\",\"@id\":\"https:\\\/\\\/www.bellunopress.it\\\/#\\\/schema\\\/person\\\/79bb06722b37ece1c03d3e94beb30d73\",\"name\":\"redazione\",\"image\":{\"@type\":\"ImageObject\",\"inLanguage\":\"fr-FR\",\"@id\":\"https:\\\/\\\/secure.gravatar.com\\\/avatar\\\/37d968a2e67a6fd04c169c4bdef102d0bc5d31b2546345219e348575eb80e9a0?s=96&d=mm&r=g\",\"url\":\"https:\\\/\\\/secure.gravatar.com\\\/avatar\\\/37d968a2e67a6fd04c169c4bdef102d0bc5d31b2546345219e348575eb80e9a0?s=96&d=mm&r=g\",\"contentUrl\":\"https:\\\/\\\/secure.gravatar.com\\\/avatar\\\/37d968a2e67a6fd04c169c4bdef102d0bc5d31b2546345219e348575eb80e9a0?s=96&d=mm&r=g\",\"caption\":\"redazione\"},\"sameAs\":[\"http:\\\/\\\/www.bellunopress.it\",\"https:\\\/\\\/x.com\\\/bellunopress\"],\"url\":\"https:\\\/\\\/www.bellunopress.it\\\/fr\\\/author\\\/redazione\\\/\"}]}<\/script>\n<!-- \/ Yoast SEO plugin. -->","yoast_head_json":{"title":"Diana Krall, la leggenda mondiale del Jazz al Geox di Padova il 30 aprile 2023 - Bellunopress - Dolomiti","robots":{"index":"index","follow":"follow","max-snippet":"max-snippet:-1","max-image-preview":"max-image-preview:large","max-video-preview":"max-video-preview:-1"},"canonical":"https:\/\/www.bellunopress.it\/fr\/2022\/11\/10\/diana-krall-la-leggenda-mondiale-del-jazz-al-geox-di-padova-il-30-aprile-2023\/","og_locale":"fr_FR","og_type":"article","og_title":"Diana Krall, la leggenda mondiale del Jazz al Geox di Padova il 30 aprile 2023 - Bellunopress - Dolomiti","og_description":"C&#8217;\u00e8 un nuovo appuntamento con la grande musica internazionale da segnare in agenda per Padova: il 30 aprile 2023 far\u00e0 infatti tappa al Gran Teatro Geox la stella mondiale del jazz Diana Krall! I biglietti saranno disponibili a partire dalle ore 12 di domani venerd\u00ec 11 novembre su Ticketmaster, Ticketone e in tutti i punti [&hellip;]","og_url":"https:\/\/www.bellunopress.it\/fr\/2022\/11\/10\/diana-krall-la-leggenda-mondiale-del-jazz-al-geox-di-padova-il-30-aprile-2023\/","og_site_name":"Bellunopress - Dolomiti","article_publisher":"https:\/\/www.facebook.com\/profile.php?id=100008943462799","article_published_time":"2022-11-10T13:14:53+00:00","og_image":[{"width":900,"height":565,"url":"https:\/\/www.bellunopress.it\/wp-content\/uploads\/2022\/11\/Diana-Krall_edited.jpg","type":"image\/jpeg"}],"author":"redazione","twitter_card":"summary_large_image","twitter_creator":"@bellunopress","twitter_site":"@bellunopress","twitter_misc":{"\u00c9crit par":"redazione","Dur\u00e9e de lecture estim\u00e9e":"4 minutes"},"schema":{"@context":"https:\/\/schema.org","@graph":[{"@type":"Article","@id":"https:\/\/www.bellunopress.it\/2022\/11\/10\/diana-krall-la-leggenda-mondiale-del-jazz-al-geox-di-padova-il-30-aprile-2023\/#article","isPartOf":{"@id":"https:\/\/www.bellunopress.it\/2022\/11\/10\/diana-krall-la-leggenda-mondiale-del-jazz-al-geox-di-padova-il-30-aprile-2023\/"},"author":{"name":"redazione","@id":"https:\/\/www.bellunopress.it\/#\/schema\/person\/79bb06722b37ece1c03d3e94beb30d73"},"headline":"Diana Krall, la leggenda mondiale del Jazz al Geox di Padova il 30 aprile 2023","datePublished":"2022-11-10T13:14:53+00:00","mainEntityOfPage":{"@id":"https:\/\/www.bellunopress.it\/2022\/11\/10\/diana-krall-la-leggenda-mondiale-del-jazz-al-geox-di-padova-il-30-aprile-2023\/"},"wordCount":601,"publisher":{"@id":"https:\/\/www.bellunopress.it\/#organization"},"image":{"@id":"https:\/\/www.bellunopress.it\/2022\/11\/10\/diana-krall-la-leggenda-mondiale-del-jazz-al-geox-di-padova-il-30-aprile-2023\/#primaryimage"},"thumbnailUrl":"https:\/\/www.bellunopress.it\/wp-content\/uploads\/2022\/11\/Diana-Krall_edited.jpg","articleSection":["Appuntamenti, Eventi","Arte, Cultura, Spettacoli, Scienza","Pausa Caff\u00e8"],"inLanguage":"fr-FR"},{"@type":"WebPage","@id":"https:\/\/www.bellunopress.it\/2022\/11\/10\/diana-krall-la-leggenda-mondiale-del-jazz-al-geox-di-padova-il-30-aprile-2023\/","url":"https:\/\/www.bellunopress.it\/2022\/11\/10\/diana-krall-la-leggenda-mondiale-del-jazz-al-geox-di-padova-il-30-aprile-2023\/","name":"Diana Krall, la leggenda mondiale del Jazz al Geox di Padova il 30 aprile 2023 - Bellunopress - Dolomiti","isPartOf":{"@id":"https:\/\/www.bellunopress.it\/#website"},"primaryImageOfPage":{"@id":"https:\/\/www.bellunopress.it\/2022\/11\/10\/diana-krall-la-leggenda-mondiale-del-jazz-al-geox-di-padova-il-30-aprile-2023\/#primaryimage"},"image":{"@id":"https:\/\/www.bellunopress.it\/2022\/11\/10\/diana-krall-la-leggenda-mondiale-del-jazz-al-geox-di-padova-il-30-aprile-2023\/#primaryimage"},"thumbnailUrl":"https:\/\/www.bellunopress.it\/wp-content\/uploads\/2022\/11\/Diana-Krall_edited.jpg","datePublished":"2022-11-10T13:14:53+00:00","breadcrumb":{"@id":"https:\/\/www.bellunopress.it\/2022\/11\/10\/diana-krall-la-leggenda-mondiale-del-jazz-al-geox-di-padova-il-30-aprile-2023\/#breadcrumb"},"inLanguage":"fr-FR","potentialAction":[{"@type":"ReadAction","target":["https:\/\/www.bellunopress.it\/2022\/11\/10\/diana-krall-la-leggenda-mondiale-del-jazz-al-geox-di-padova-il-30-aprile-2023\/"]}]},{"@type":"ImageObject","inLanguage":"fr-FR","@id":"https:\/\/www.bellunopress.it\/2022\/11\/10\/diana-krall-la-leggenda-mondiale-del-jazz-al-geox-di-padova-il-30-aprile-2023\/#primaryimage","url":"https:\/\/www.bellunopress.it\/wp-content\/uploads\/2022\/11\/Diana-Krall_edited.jpg","contentUrl":"https:\/\/www.bellunopress.it\/wp-content\/uploads\/2022\/11\/Diana-Krall_edited.jpg","width":900,"height":565},{"@type":"BreadcrumbList","@id":"https:\/\/www.bellunopress.it\/2022\/11\/10\/diana-krall-la-leggenda-mondiale-del-jazz-al-geox-di-padova-il-30-aprile-2023\/#breadcrumb","itemListElement":[{"@type":"ListItem","position":1,"name":"Home","item":"https:\/\/www.bellunopress.it\/"},{"@type":"ListItem","position":2,"name":"Diana Krall, la leggenda mondiale del Jazz al Geox di Padova il 30 aprile 2023"}]},{"@type":"WebSite","@id":"https:\/\/www.bellunopress.it\/#website","url":"https:\/\/www.bellunopress.it\/","name":"Bellunopress - Dolomiti","description":"e-mail: redazione@bellunopress.it","publisher":{"@id":"https:\/\/www.bellunopress.it\/#organization"},"potentialAction":[{"@type":"SearchAction","target":{"@type":"EntryPoint","urlTemplate":"https:\/\/www.bellunopress.it\/?s={search_term_string}"},"query-input":{"@type":"PropertyValueSpecification","valueRequired":true,"valueName":"search_term_string"}}],"inLanguage":"fr-FR"},{"@type":"Organization","@id":"https:\/\/www.bellunopress.it\/#organization","name":"Bellunopress","url":"https:\/\/www.bellunopress.it\/","logo":{"@type":"ImageObject","inLanguage":"fr-FR","@id":"https:\/\/www.bellunopress.it\/#\/schema\/logo\/image\/","url":"https:\/\/www.bellunopress.it\/wp-content\/uploads\/2011\/05\/cropped-logo-bellunopress-.jpg","contentUrl":"https:\/\/www.bellunopress.it\/wp-content\/uploads\/2011\/05\/cropped-logo-bellunopress-.jpg","width":512,"height":512,"caption":"Bellunopress"},"image":{"@id":"https:\/\/www.bellunopress.it\/#\/schema\/logo\/image\/"},"sameAs":["https:\/\/www.facebook.com\/profile.php?id=100008943462799","https:\/\/x.com\/bellunopress","https:\/\/www.linkedin.com\/hp\/?dnr=JBzUWaJfMUw8vbXJJ2tVW5-I3jZKvC4wsoxE&amp;amp;amp;amp;amp;amp;trk=nav_responsive_tab_home","https:\/\/www.youtube.com\/channel\/UCxL0wu1uN0_3_7hGG0306cw"]},{"@type":"Person","@id":"https:\/\/www.bellunopress.it\/#\/schema\/person\/79bb06722b37ece1c03d3e94beb30d73","name":"r\u00e9daction","image":{"@type":"ImageObject","inLanguage":"fr-FR","@id":"https:\/\/secure.gravatar.com\/avatar\/37d968a2e67a6fd04c169c4bdef102d0bc5d31b2546345219e348575eb80e9a0?s=96&d=mm&r=g","url":"https:\/\/secure.gravatar.com\/avatar\/37d968a2e67a6fd04c169c4bdef102d0bc5d31b2546345219e348575eb80e9a0?s=96&d=mm&r=g","contentUrl":"https:\/\/secure.gravatar.com\/avatar\/37d968a2e67a6fd04c169c4bdef102d0bc5d31b2546345219e348575eb80e9a0?s=96&d=mm&r=g","caption":"redazione"},"sameAs":["http:\/\/www.bellunopress.it","https:\/\/x.com\/bellunopress"],"url":"https:\/\/www.bellunopress.it\/fr\/author\/redazione\/"}]}},"_links":{"self":[{"href":"https:\/\/www.bellunopress.it\/fr\/wp-json\/wp\/v2\/posts\/137597","targetHints":{"allow":["GET"]}}],"collection":[{"href":"https:\/\/www.bellunopress.it\/fr\/wp-json\/wp\/v2\/posts"}],"about":[{"href":"https:\/\/www.bellunopress.it\/fr\/wp-json\/wp\/v2\/types\/post"}],"author":[{"embeddable":true,"href":"https:\/\/www.bellunopress.it\/fr\/wp-json\/wp\/v2\/users\/2"}],"replies":[{"embeddable":true,"href":"https:\/\/www.bellunopress.it\/fr\/wp-json\/wp\/v2\/comments?post=137597"}],"version-history":[{"count":1,"href":"https:\/\/www.bellunopress.it\/fr\/wp-json\/wp\/v2\/posts\/137597\/revisions"}],"predecessor-version":[{"id":137599,"href":"https:\/\/www.bellunopress.it\/fr\/wp-json\/wp\/v2\/posts\/137597\/revisions\/137599"}],"wp:featuredmedia":[{"embeddable":true,"href":"https:\/\/www.bellunopress.it\/fr\/wp-json\/wp\/v2\/media\/137598"}],"wp:attachment":[{"href":"https:\/\/www.bellunopress.it\/fr\/wp-json\/wp\/v2\/media?parent=137597"}],"wp:term":[{"taxonomy":"category","embeddable":true,"href":"https:\/\/www.bellunopress.it\/fr\/wp-json\/wp\/v2\/categories?post=137597"},{"taxonomy":"post_tag","embeddable":true,"href":"https:\/\/www.bellunopress.it\/fr\/wp-json\/wp\/v2\/tags?post=137597"}],"curies":[{"name":"wp","href":"https:\/\/api.w.org\/{rel}","templated":true}]}}