{"id":137592,"date":"2022-11-10T11:47:36","date_gmt":"2022-11-10T10:47:36","guid":{"rendered":"https:\/\/www.bellunopress.it\/?p=137592"},"modified":"2022-11-10T12:52:54","modified_gmt":"2022-11-10T11:52:54","slug":"san-martino-patrono-delle-delle-cure-palliative","status":"publish","type":"post","link":"https:\/\/www.bellunopress.it\/fr\/2022\/11\/10\/san-martino-patrono-delle-delle-cure-palliative\/","title":{"rendered":"San Martino, patrono delle delle cure palliative"},"content":{"rendered":"<figure id=\"attachment_112673\" aria-describedby=\"caption-attachment-112673\" style=\"width: 900px\" class=\"wp-caption alignleft\"><img loading=\"lazy\" decoding=\"async\" class=\"size-full wp-image-112673\" src=\"https:\/\/www.bellunopress.it\/wp-content\/uploads\/2020\/03\/ospedale-feltre.jpg\" alt=\"\" width=\"900\" height=\"573\" srcset=\"https:\/\/www.bellunopress.it\/wp-content\/uploads\/2020\/03\/ospedale-feltre.jpg 900w, https:\/\/www.bellunopress.it\/wp-content\/uploads\/2020\/03\/ospedale-feltre-500x318.jpg 500w, https:\/\/www.bellunopress.it\/wp-content\/uploads\/2020\/03\/ospedale-feltre-696x443.jpg 696w, https:\/\/www.bellunopress.it\/wp-content\/uploads\/2020\/03\/ospedale-feltre-660x420.jpg 660w\" sizes=\"auto, (max-width: 900px) 100vw, 900px\" \/><figcaption id=\"caption-attachment-112673\" class=\"wp-caption-text\">Ospedale di Feltre<\/figcaption><\/figure>\n<p>Le unit\u00e0 operative delle Cure palliative dell\u2019Ulss Dolomiti sono sempre in movimento per stare accanto alle persone ammalate e alle loro famiglie per migliorare il pi\u00f9 possibile la qualit\u00e0 di vita e alleviare la sofferenza. Sono 225.000 i km percorsi in un anno dal personale delle Cure palliative per garantire a sempre pi\u00f9 persone l\u2019accesso alle cure palliative e portare la dolcezza di un sorriso, mettendo al centro i desideri e i bisogni della persona.<\/p>\n<p>L\u201911 novembre ricorre la Giornata delle Cure palliative, data legata alla leggenda di San Martino, giovane soldato che decise di tagliare a met\u00e0 il suo mantello (dal latino pallium) per offrirlo come ristoro a un mendicante infreddolito e ammalato che chiedeva aiuto.<br \/>\nProprio da pallium deriva \u201cpalliative\u201d ed \u00e8 cos\u00ec che San Martino, che con il suo mantello avvolge la persona sofferente per alleviarne il dolore, \u00e8 considerato oggi il patrono delle cure palliative.<\/p>\n<p>\u00abSempre di pi\u00f9 le cure palliative si caratterizzano per la complessit\u00e0 assistenziale, che in particolare in questi ultimi anni si \u00e8 ulteriormente accentuata causa la pandemia da Covid. Questa situazione ha senza dubbio messo alla prova l\u2019equipe di Cure palliative che si \u00e8 trovata a dover gestire situazioni nuove e particolarmente impegnative. Abbiamo pertanto ritenuto opportuno dare particolare sostegno all\u2019equipe attraverso momenti di condivisione e formativi che sono stati e sono tutt\u2019ora un elemento fondamentale per la nostra attivit\u00e0 quotidiana\u00bb, commenta Giuseppe Fornasier, direttore della UOC Cure palliative di Belluno.<\/p>\n<p>\u00abQuest\u2019anno l\u2019integrazione Ospedale-Territorio del Distretto di Feltre \u00e8 stata ulteriormente potenziata grazie alla collaborazione tra Oncologia e il team di Cure palliative.<br \/>\nIl lavoro sinergico tra varie figure professionali (oncologo, palliativista, psicologo, nutrizionista, ecc) ha permesso di ottenere un importante riconoscimento da parte della Societ\u00e0 Europea di Oncologi Medici (ESMO) in termini di \u201cAccreditamento del percorso integrato tra Oncologia e Cure palliative\u201d \u00bb, commenta la responsabile della UOS Cure Palliative di Feltre Roberta Perin.<\/p>\n<p>L\u2019impegno dell\u2019Azienda \u00e8 quello di diffondere sempre di pi\u00f9 le cure palliative, accompagnando sempre pi\u00f9 persone e famiglie nell\u2019ultimo miglio, con sollievo e dignit\u00e0.<\/p>","protected":false},"excerpt":{"rendered":"<p>Le unit\u00e0 operative delle Cure palliative dell\u2019Ulss Dolomiti sono sempre in movimento per stare accanto alle persone ammalate e alle loro famiglie per migliorare il pi\u00f9 possibile la qualit\u00e0 di vita e alleviare la sofferenza. Sono 225.000 i km percorsi in un anno dal personale delle Cure palliative per garantire a sempre pi\u00f9 persone l\u2019accesso [&hellip;]<\/p>\n","protected":false},"author":2,"featured_media":112673,"comment_status":"closed","ping_status":"open","sticky":false,"template":"","format":"standard","meta":{"footnotes":""},"categories":[17],"tags":[],"class_list":["post-137592","post","type-post","status-publish","format-standard","has-post-thumbnail","category-sanita"],"yoast_head":"<!-- This site is optimized with the Yoast SEO plugin v28.4 - https:\/\/yoast.com\/product\/yoast-seo-wordpress\/ -->\n<title>San Martino, patrono delle delle cure palliative - Bellunopress - Dolomiti<\/title>\n<meta name=\"robots\" content=\"index, follow, max-snippet:-1, max-image-preview:large, max-video-preview:-1\" \/>\n<link rel=\"canonical\" href=\"https:\/\/www.bellunopress.it\/fr\/2022\/11\/10\/san-martino-patrono-delle-delle-cure-palliative\/\" \/>\n<meta property=\"og:locale\" content=\"fr_FR\" \/>\n<meta property=\"og:type\" content=\"article\" \/>\n<meta property=\"og:title\" content=\"San Martino, patrono delle delle cure palliative - Bellunopress - Dolomiti\" \/>\n<meta property=\"og:description\" content=\"Le unit\u00e0 operative delle Cure palliative dell\u2019Ulss Dolomiti sono sempre in movimento per stare accanto alle persone ammalate e alle loro famiglie per migliorare il pi\u00f9 possibile la qualit\u00e0 di vita e alleviare la sofferenza. Sono 225.000 i km percorsi in un anno dal personale delle Cure palliative per garantire a sempre pi\u00f9 persone l\u2019accesso [&hellip;]\" \/>\n<meta property=\"og:url\" content=\"https:\/\/www.bellunopress.it\/fr\/2022\/11\/10\/san-martino-patrono-delle-delle-cure-palliative\/\" \/>\n<meta property=\"og:site_name\" content=\"Bellunopress - Dolomiti\" \/>\n<meta property=\"article:publisher\" content=\"https:\/\/www.facebook.com\/profile.php?id=100008943462799\" \/>\n<meta property=\"article:published_time\" content=\"2022-11-10T10:47:36+00:00\" \/>\n<meta property=\"article:modified_time\" content=\"2022-11-10T11:52:54+00:00\" \/>\n<meta property=\"og:image\" content=\"https:\/\/www.bellunopress.it\/wp-content\/uploads\/2020\/03\/ospedale-feltre.jpg\" \/>\n\t<meta property=\"og:image:width\" content=\"900\" \/>\n\t<meta property=\"og:image:height\" content=\"573\" \/>\n\t<meta property=\"og:image:type\" content=\"image\/jpeg\" \/>\n<meta name=\"author\" content=\"redazione\" \/>\n<meta name=\"twitter:card\" content=\"summary_large_image\" \/>\n<meta name=\"twitter:creator\" content=\"@bellunopress\" \/>\n<meta name=\"twitter:site\" content=\"@bellunopress\" \/>\n<meta name=\"twitter:label1\" content=\"\u00c9crit par\" \/>\n\t<meta name=\"twitter:data1\" content=\"redazione\" \/>\n\t<meta name=\"twitter:label2\" content=\"Dur\u00e9e de lecture estim\u00e9e\" \/>\n\t<meta name=\"twitter:data2\" content=\"3 minutes\" \/>\n<script type=\"application\/ld+json\" class=\"yoast-schema-graph\">{\"@context\":\"https:\\\/\\\/schema.org\",\"@graph\":[{\"@type\":\"Article\",\"@id\":\"https:\\\/\\\/www.bellunopress.it\\\/2022\\\/11\\\/10\\\/san-martino-patrono-delle-delle-cure-palliative\\\/#article\",\"isPartOf\":{\"@id\":\"https:\\\/\\\/www.bellunopress.it\\\/2022\\\/11\\\/10\\\/san-martino-patrono-delle-delle-cure-palliative\\\/\"},\"author\":{\"name\":\"redazione\",\"@id\":\"https:\\\/\\\/www.bellunopress.it\\\/#\\\/schema\\\/person\\\/79bb06722b37ece1c03d3e94beb30d73\"},\"headline\":\"San Martino, patrono delle delle cure palliative\",\"datePublished\":\"2022-11-10T10:47:36+00:00\",\"dateModified\":\"2022-11-10T11:52:54+00:00\",\"mainEntityOfPage\":{\"@id\":\"https:\\\/\\\/www.bellunopress.it\\\/2022\\\/11\\\/10\\\/san-martino-patrono-delle-delle-cure-palliative\\\/\"},\"wordCount\":356,\"publisher\":{\"@id\":\"https:\\\/\\\/www.bellunopress.it\\\/#organization\"},\"image\":{\"@id\":\"https:\\\/\\\/www.bellunopress.it\\\/2022\\\/11\\\/10\\\/san-martino-patrono-delle-delle-cure-palliative\\\/#primaryimage\"},\"thumbnailUrl\":\"https:\\\/\\\/www.bellunopress.it\\\/wp-content\\\/uploads\\\/2020\\\/03\\\/ospedale-feltre.jpg\",\"articleSection\":[\"Sanit\u00e0 Medicina\"],\"inLanguage\":\"fr-FR\"},{\"@type\":\"WebPage\",\"@id\":\"https:\\\/\\\/www.bellunopress.it\\\/2022\\\/11\\\/10\\\/san-martino-patrono-delle-delle-cure-palliative\\\/\",\"url\":\"https:\\\/\\\/www.bellunopress.it\\\/2022\\\/11\\\/10\\\/san-martino-patrono-delle-delle-cure-palliative\\\/\",\"name\":\"San Martino, patrono delle delle cure palliative - Bellunopress - Dolomiti\",\"isPartOf\":{\"@id\":\"https:\\\/\\\/www.bellunopress.it\\\/#website\"},\"primaryImageOfPage\":{\"@id\":\"https:\\\/\\\/www.bellunopress.it\\\/2022\\\/11\\\/10\\\/san-martino-patrono-delle-delle-cure-palliative\\\/#primaryimage\"},\"image\":{\"@id\":\"https:\\\/\\\/www.bellunopress.it\\\/2022\\\/11\\\/10\\\/san-martino-patrono-delle-delle-cure-palliative\\\/#primaryimage\"},\"thumbnailUrl\":\"https:\\\/\\\/www.bellunopress.it\\\/wp-content\\\/uploads\\\/2020\\\/03\\\/ospedale-feltre.jpg\",\"datePublished\":\"2022-11-10T10:47:36+00:00\",\"dateModified\":\"2022-11-10T11:52:54+00:00\",\"breadcrumb\":{\"@id\":\"https:\\\/\\\/www.bellunopress.it\\\/2022\\\/11\\\/10\\\/san-martino-patrono-delle-delle-cure-palliative\\\/#breadcrumb\"},\"inLanguage\":\"fr-FR\",\"potentialAction\":[{\"@type\":\"ReadAction\",\"target\":[\"https:\\\/\\\/www.bellunopress.it\\\/2022\\\/11\\\/10\\\/san-martino-patrono-delle-delle-cure-palliative\\\/\"]}]},{\"@type\":\"ImageObject\",\"inLanguage\":\"fr-FR\",\"@id\":\"https:\\\/\\\/www.bellunopress.it\\\/2022\\\/11\\\/10\\\/san-martino-patrono-delle-delle-cure-palliative\\\/#primaryimage\",\"url\":\"https:\\\/\\\/www.bellunopress.it\\\/wp-content\\\/uploads\\\/2020\\\/03\\\/ospedale-feltre.jpg\",\"contentUrl\":\"https:\\\/\\\/www.bellunopress.it\\\/wp-content\\\/uploads\\\/2020\\\/03\\\/ospedale-feltre.jpg\",\"width\":900,\"height\":573},{\"@type\":\"BreadcrumbList\",\"@id\":\"https:\\\/\\\/www.bellunopress.it\\\/2022\\\/11\\\/10\\\/san-martino-patrono-delle-delle-cure-palliative\\\/#breadcrumb\",\"itemListElement\":[{\"@type\":\"ListItem\",\"position\":1,\"name\":\"Home\",\"item\":\"https:\\\/\\\/www.bellunopress.it\\\/\"},{\"@type\":\"ListItem\",\"position\":2,\"name\":\"San Martino, patrono delle delle cure palliative\"}]},{\"@type\":\"WebSite\",\"@id\":\"https:\\\/\\\/www.bellunopress.it\\\/#website\",\"url\":\"https:\\\/\\\/www.bellunopress.it\\\/\",\"name\":\"Bellunopress - Dolomiti\",\"description\":\"e-mail: redazione@bellunopress.it\",\"publisher\":{\"@id\":\"https:\\\/\\\/www.bellunopress.it\\\/#organization\"},\"potentialAction\":[{\"@type\":\"SearchAction\",\"target\":{\"@type\":\"EntryPoint\",\"urlTemplate\":\"https:\\\/\\\/www.bellunopress.it\\\/?s={search_term_string}\"},\"query-input\":{\"@type\":\"PropertyValueSpecification\",\"valueRequired\":true,\"valueName\":\"search_term_string\"}}],\"inLanguage\":\"fr-FR\"},{\"@type\":\"Organization\",\"@id\":\"https:\\\/\\\/www.bellunopress.it\\\/#organization\",\"name\":\"Bellunopress\",\"url\":\"https:\\\/\\\/www.bellunopress.it\\\/\",\"logo\":{\"@type\":\"ImageObject\",\"inLanguage\":\"fr-FR\",\"@id\":\"https:\\\/\\\/www.bellunopress.it\\\/#\\\/schema\\\/logo\\\/image\\\/\",\"url\":\"https:\\\/\\\/www.bellunopress.it\\\/wp-content\\\/uploads\\\/2011\\\/05\\\/cropped-logo-bellunopress-.jpg\",\"contentUrl\":\"https:\\\/\\\/www.bellunopress.it\\\/wp-content\\\/uploads\\\/2011\\\/05\\\/cropped-logo-bellunopress-.jpg\",\"width\":512,\"height\":512,\"caption\":\"Bellunopress\"},\"image\":{\"@id\":\"https:\\\/\\\/www.bellunopress.it\\\/#\\\/schema\\\/logo\\\/image\\\/\"},\"sameAs\":[\"https:\\\/\\\/www.facebook.com\\\/profile.php?id=100008943462799\",\"https:\\\/\\\/x.com\\\/bellunopress\",\"https:\\\/\\\/www.linkedin.com\\\/hp\\\/?dnr=JBzUWaJfMUw8vbXJJ2tVW5-I3jZKvC4wsoxE&amp;amp;amp;amp;amp;amp;trk=nav_responsive_tab_home\",\"https:\\\/\\\/www.youtube.com\\\/channel\\\/UCxL0wu1uN0_3_7hGG0306cw\"]},{\"@type\":\"Person\",\"@id\":\"https:\\\/\\\/www.bellunopress.it\\\/#\\\/schema\\\/person\\\/79bb06722b37ece1c03d3e94beb30d73\",\"name\":\"redazione\",\"image\":{\"@type\":\"ImageObject\",\"inLanguage\":\"fr-FR\",\"@id\":\"https:\\\/\\\/secure.gravatar.com\\\/avatar\\\/37d968a2e67a6fd04c169c4bdef102d0bc5d31b2546345219e348575eb80e9a0?s=96&d=mm&r=g\",\"url\":\"https:\\\/\\\/secure.gravatar.com\\\/avatar\\\/37d968a2e67a6fd04c169c4bdef102d0bc5d31b2546345219e348575eb80e9a0?s=96&d=mm&r=g\",\"contentUrl\":\"https:\\\/\\\/secure.gravatar.com\\\/avatar\\\/37d968a2e67a6fd04c169c4bdef102d0bc5d31b2546345219e348575eb80e9a0?s=96&d=mm&r=g\",\"caption\":\"redazione\"},\"sameAs\":[\"http:\\\/\\\/www.bellunopress.it\",\"https:\\\/\\\/x.com\\\/bellunopress\"],\"url\":\"https:\\\/\\\/www.bellunopress.it\\\/fr\\\/author\\\/redazione\\\/\"}]}<\/script>\n<!-- \/ Yoast SEO plugin. -->","yoast_head_json":{"title":"San Martino, patrono delle delle cure palliative - Bellunopress - Dolomiti","robots":{"index":"index","follow":"follow","max-snippet":"max-snippet:-1","max-image-preview":"max-image-preview:large","max-video-preview":"max-video-preview:-1"},"canonical":"https:\/\/www.bellunopress.it\/fr\/2022\/11\/10\/san-martino-patrono-delle-delle-cure-palliative\/","og_locale":"fr_FR","og_type":"article","og_title":"San Martino, patrono delle delle cure palliative - Bellunopress - Dolomiti","og_description":"Le unit\u00e0 operative delle Cure palliative dell\u2019Ulss Dolomiti sono sempre in movimento per stare accanto alle persone ammalate e alle loro famiglie per migliorare il pi\u00f9 possibile la qualit\u00e0 di vita e alleviare la sofferenza. Sono 225.000 i km percorsi in un anno dal personale delle Cure palliative per garantire a sempre pi\u00f9 persone l\u2019accesso [&hellip;]","og_url":"https:\/\/www.bellunopress.it\/fr\/2022\/11\/10\/san-martino-patrono-delle-delle-cure-palliative\/","og_site_name":"Bellunopress - Dolomiti","article_publisher":"https:\/\/www.facebook.com\/profile.php?id=100008943462799","article_published_time":"2022-11-10T10:47:36+00:00","article_modified_time":"2022-11-10T11:52:54+00:00","og_image":[{"width":900,"height":573,"url":"https:\/\/www.bellunopress.it\/wp-content\/uploads\/2020\/03\/ospedale-feltre.jpg","type":"image\/jpeg"}],"author":"redazione","twitter_card":"summary_large_image","twitter_creator":"@bellunopress","twitter_site":"@bellunopress","twitter_misc":{"\u00c9crit par":"redazione","Dur\u00e9e de lecture estim\u00e9e":"3 minutes"},"schema":{"@context":"https:\/\/schema.org","@graph":[{"@type":"Article","@id":"https:\/\/www.bellunopress.it\/2022\/11\/10\/san-martino-patrono-delle-delle-cure-palliative\/#article","isPartOf":{"@id":"https:\/\/www.bellunopress.it\/2022\/11\/10\/san-martino-patrono-delle-delle-cure-palliative\/"},"author":{"name":"redazione","@id":"https:\/\/www.bellunopress.it\/#\/schema\/person\/79bb06722b37ece1c03d3e94beb30d73"},"headline":"San Martino, patrono delle delle cure palliative","datePublished":"2022-11-10T10:47:36+00:00","dateModified":"2022-11-10T11:52:54+00:00","mainEntityOfPage":{"@id":"https:\/\/www.bellunopress.it\/2022\/11\/10\/san-martino-patrono-delle-delle-cure-palliative\/"},"wordCount":356,"publisher":{"@id":"https:\/\/www.bellunopress.it\/#organization"},"image":{"@id":"https:\/\/www.bellunopress.it\/2022\/11\/10\/san-martino-patrono-delle-delle-cure-palliative\/#primaryimage"},"thumbnailUrl":"https:\/\/www.bellunopress.it\/wp-content\/uploads\/2020\/03\/ospedale-feltre.jpg","articleSection":["Sanit\u00e0 Medicina"],"inLanguage":"fr-FR"},{"@type":"WebPage","@id":"https:\/\/www.bellunopress.it\/2022\/11\/10\/san-martino-patrono-delle-delle-cure-palliative\/","url":"https:\/\/www.bellunopress.it\/2022\/11\/10\/san-martino-patrono-delle-delle-cure-palliative\/","name":"San Martino, patrono delle delle cure palliative - Bellunopress - Dolomiti","isPartOf":{"@id":"https:\/\/www.bellunopress.it\/#website"},"primaryImageOfPage":{"@id":"https:\/\/www.bellunopress.it\/2022\/11\/10\/san-martino-patrono-delle-delle-cure-palliative\/#primaryimage"},"image":{"@id":"https:\/\/www.bellunopress.it\/2022\/11\/10\/san-martino-patrono-delle-delle-cure-palliative\/#primaryimage"},"thumbnailUrl":"https:\/\/www.bellunopress.it\/wp-content\/uploads\/2020\/03\/ospedale-feltre.jpg","datePublished":"2022-11-10T10:47:36+00:00","dateModified":"2022-11-10T11:52:54+00:00","breadcrumb":{"@id":"https:\/\/www.bellunopress.it\/2022\/11\/10\/san-martino-patrono-delle-delle-cure-palliative\/#breadcrumb"},"inLanguage":"fr-FR","potentialAction":[{"@type":"ReadAction","target":["https:\/\/www.bellunopress.it\/2022\/11\/10\/san-martino-patrono-delle-delle-cure-palliative\/"]}]},{"@type":"ImageObject","inLanguage":"fr-FR","@id":"https:\/\/www.bellunopress.it\/2022\/11\/10\/san-martino-patrono-delle-delle-cure-palliative\/#primaryimage","url":"https:\/\/www.bellunopress.it\/wp-content\/uploads\/2020\/03\/ospedale-feltre.jpg","contentUrl":"https:\/\/www.bellunopress.it\/wp-content\/uploads\/2020\/03\/ospedale-feltre.jpg","width":900,"height":573},{"@type":"BreadcrumbList","@id":"https:\/\/www.bellunopress.it\/2022\/11\/10\/san-martino-patrono-delle-delle-cure-palliative\/#breadcrumb","itemListElement":[{"@type":"ListItem","position":1,"name":"Home","item":"https:\/\/www.bellunopress.it\/"},{"@type":"ListItem","position":2,"name":"San Martino, patrono delle delle cure palliative"}]},{"@type":"WebSite","@id":"https:\/\/www.bellunopress.it\/#website","url":"https:\/\/www.bellunopress.it\/","name":"Bellunopress - Dolomiti","description":"e-mail: redazione@bellunopress.it","publisher":{"@id":"https:\/\/www.bellunopress.it\/#organization"},"potentialAction":[{"@type":"SearchAction","target":{"@type":"EntryPoint","urlTemplate":"https:\/\/www.bellunopress.it\/?s={search_term_string}"},"query-input":{"@type":"PropertyValueSpecification","valueRequired":true,"valueName":"search_term_string"}}],"inLanguage":"fr-FR"},{"@type":"Organization","@id":"https:\/\/www.bellunopress.it\/#organization","name":"Bellunopress","url":"https:\/\/www.bellunopress.it\/","logo":{"@type":"ImageObject","inLanguage":"fr-FR","@id":"https:\/\/www.bellunopress.it\/#\/schema\/logo\/image\/","url":"https:\/\/www.bellunopress.it\/wp-content\/uploads\/2011\/05\/cropped-logo-bellunopress-.jpg","contentUrl":"https:\/\/www.bellunopress.it\/wp-content\/uploads\/2011\/05\/cropped-logo-bellunopress-.jpg","width":512,"height":512,"caption":"Bellunopress"},"image":{"@id":"https:\/\/www.bellunopress.it\/#\/schema\/logo\/image\/"},"sameAs":["https:\/\/www.facebook.com\/profile.php?id=100008943462799","https:\/\/x.com\/bellunopress","https:\/\/www.linkedin.com\/hp\/?dnr=JBzUWaJfMUw8vbXJJ2tVW5-I3jZKvC4wsoxE&amp;amp;amp;amp;amp;amp;trk=nav_responsive_tab_home","https:\/\/www.youtube.com\/channel\/UCxL0wu1uN0_3_7hGG0306cw"]},{"@type":"Person","@id":"https:\/\/www.bellunopress.it\/#\/schema\/person\/79bb06722b37ece1c03d3e94beb30d73","name":"r\u00e9daction","image":{"@type":"ImageObject","inLanguage":"fr-FR","@id":"https:\/\/secure.gravatar.com\/avatar\/37d968a2e67a6fd04c169c4bdef102d0bc5d31b2546345219e348575eb80e9a0?s=96&d=mm&r=g","url":"https:\/\/secure.gravatar.com\/avatar\/37d968a2e67a6fd04c169c4bdef102d0bc5d31b2546345219e348575eb80e9a0?s=96&d=mm&r=g","contentUrl":"https:\/\/secure.gravatar.com\/avatar\/37d968a2e67a6fd04c169c4bdef102d0bc5d31b2546345219e348575eb80e9a0?s=96&d=mm&r=g","caption":"redazione"},"sameAs":["http:\/\/www.bellunopress.it","https:\/\/x.com\/bellunopress"],"url":"https:\/\/www.bellunopress.it\/fr\/author\/redazione\/"}]}},"_links":{"self":[{"href":"https:\/\/www.bellunopress.it\/fr\/wp-json\/wp\/v2\/posts\/137592","targetHints":{"allow":["GET"]}}],"collection":[{"href":"https:\/\/www.bellunopress.it\/fr\/wp-json\/wp\/v2\/posts"}],"about":[{"href":"https:\/\/www.bellunopress.it\/fr\/wp-json\/wp\/v2\/types\/post"}],"author":[{"embeddable":true,"href":"https:\/\/www.bellunopress.it\/fr\/wp-json\/wp\/v2\/users\/2"}],"replies":[{"embeddable":true,"href":"https:\/\/www.bellunopress.it\/fr\/wp-json\/wp\/v2\/comments?post=137592"}],"version-history":[{"count":1,"href":"https:\/\/www.bellunopress.it\/fr\/wp-json\/wp\/v2\/posts\/137592\/revisions"}],"predecessor-version":[{"id":137593,"href":"https:\/\/www.bellunopress.it\/fr\/wp-json\/wp\/v2\/posts\/137592\/revisions\/137593"}],"wp:featuredmedia":[{"embeddable":true,"href":"https:\/\/www.bellunopress.it\/fr\/wp-json\/wp\/v2\/media\/112673"}],"wp:attachment":[{"href":"https:\/\/www.bellunopress.it\/fr\/wp-json\/wp\/v2\/media?parent=137592"}],"wp:term":[{"taxonomy":"category","embeddable":true,"href":"https:\/\/www.bellunopress.it\/fr\/wp-json\/wp\/v2\/categories?post=137592"},{"taxonomy":"post_tag","embeddable":true,"href":"https:\/\/www.bellunopress.it\/fr\/wp-json\/wp\/v2\/tags?post=137592"}],"curies":[{"name":"wp","href":"https:\/\/api.w.org\/{rel}","templated":true}]}}