{"id":137587,"date":"2022-11-14T05:49:57","date_gmt":"2022-11-14T04:49:57","guid":{"rendered":"https:\/\/www.bellunopress.it\/?p=137587"},"modified":"2022-11-10T09:57:23","modified_gmt":"2022-11-10T08:57:23","slug":"acquisti-online-aumentano-le-ricerche-di-offerte-per-il-black-friday","status":"publish","type":"post","link":"https:\/\/www.bellunopress.it\/fr\/2022\/11\/14\/acquisti-online-aumentano-le-ricerche-di-offerte-per-il-black-friday\/","title":{"rendered":"Acquisti online: aumentano le ricerche di offerte per il black Friday"},"content":{"rendered":"<p><img loading=\"lazy\" decoding=\"async\" class=\"alignleft size-full wp-image-137588\" src=\"https:\/\/www.bellunopress.it\/wp-content\/uploads\/2022\/11\/Black-Friday_edited.jpg\" alt=\"\" width=\"815\" height=\"489\" srcset=\"https:\/\/www.bellunopress.it\/wp-content\/uploads\/2022\/11\/Black-Friday_edited.jpg 815w, https:\/\/www.bellunopress.it\/wp-content\/uploads\/2022\/11\/Black-Friday_edited-500x300.jpg 500w, https:\/\/www.bellunopress.it\/wp-content\/uploads\/2022\/11\/Black-Friday_edited-696x418.jpg 696w, https:\/\/www.bellunopress.it\/wp-content\/uploads\/2022\/11\/Black-Friday_edited-700x420.jpg 700w\" sizes=\"auto, (max-width: 815px) 100vw, 815px\" \/>Il <strong>Black Friday<\/strong>, ovvero il giorno che segue la festa del Thanksgiving americana, \u00e8 ormai diventato un appuntamento fisso anche per gli utenti italiani, i quali approfittano delle interessanti <strong>offerte promozionali<\/strong> presenti, in particolare, sul web.<\/p>\n<p>Questa ricorrenza segna un momento dell&#8217;anno strategico anche per le aziende le quali, in vista dell&#8217;avvio dello <strong>shopping natalizio<\/strong>, propongono spesso campagne dedicate che si caratterizzano per il prezzo particolarmente conveniente dei prodotti. Anche per quest&#8217;anno si prevede, quindi, che i consumatori sfruttino questa occasione sia per iniziare a fare degli acquisti in vista delle imminenti festivit\u00e0 natalizie, sia per acquistare beni per uso personale.<\/p>\n<p>La caccia allo sconto coinvolge anche il <strong>settore del riscaldamento e della climatizzazione<\/strong>: non a caso, anche in conseguenza della crisi energetica che sta mettendo a dura prova i consumatori italiani, sono sempre di pi\u00f9 gli utenti che scelgono di sfruttare le promozioni del Venerd\u00ec nero per acquistare condizionatori, pompe di calore, sistemi ibridi o caldaie.<\/p>\n<p>Anche in questo settore, per l\u2019evento di shopping pi\u00f9 atteso dell\u2019anno \u00e8 previsto un vero e proprio boom di ricerche sul web, dove i <strong>portali e-commerce specializzati<\/strong> rappresentano ormai un vero e proprio punto di riferimento per gli utenti.<\/p>\n<p>Ne costituisce un esempio <strong>Climamarket.it<\/strong>, che si contraddistingue per l\u2019ampia gamma di proposte, i prezzi competitivi e l\u2019esperienza di navigazione ottimale: per rimanere costantemente aggiornati su <a href=\"https:\/\/www.climamarket.it\/black-friday\">tutte le offerte per il Black Friday di Climamarket<\/a> \u00e8 sufficiente visitare la sezione dedicata del sito web ufficiale, cos\u00ec da individuare <strong>le opportunit\u00e0 pi\u00f9 interessanti<\/strong> per le proprie, specifiche necessit\u00e0.<\/p>\n<h2>Black Friday: gli acquisti online sono un trend in crescita<\/h2>\n<p>Per quanto riguarda le statistiche relative alle vendite, si consolida la <strong>tendenza ad acquistare online<\/strong>, non solamente il giorno del Venerd\u00ec nero, ma durante la settimana. Questo particolare periodo dell&#8217;anno, chiamato Cyber Week, \u00e8 nato dapprima negli Stati Uniti, per poi diffondersi anche nel resto del mondo, Italia compresa.<\/p>\n<p>Nel 2021 lo shopping online ha raggiunto il suo massimo storico, con un incremento del 2% e un giro d&#8217;affari che solo negli USA vale 275 milioni di dollari, e le previsioni per il 2022 registrano il rafforzamento di questo trend. Tra le soluzioni di risparmio pi\u00f9 cercate online dagli utenti spiccano categorie merceologiche ben specifiche, a cominciare, come detto, dai prodotti per la <strong>climatizzazione<\/strong>.<\/p>\n<h2>Climatizzazione: le offerte pi\u00f9 ricercate dagli utenti per il Black Friday<\/h2>\n<p>Sono diversi gli aspetti da tenere in considerazione quando si deve scegliere un impianto di climatizzazione. Per non sbagliare \u00e8 necessario analizzare in primo luogo le caratteristiche dell&#8217;edificio dove si dovr\u00e0 installare la macchina, infatti pi\u00f9 l&#8217;area da raffreddare \u00e8 grande, pi\u00f9 potente dovr\u00e0 essere l&#8217;apparecchio. Poi, un consiglio utile per non far lievitare troppo i costi energetici \u00e8 quello si optare per <strong>condizionatori di classe superiore<\/strong>: i dispositivi di fascia A+++, infatti, sono l&#8217;ideale per mantenere basso il costo della bolletta e, grazie alle convenienti <strong>offerte in occasione del Black Friday<\/strong>, possono essere acquistati ad un prezzo decisamente inferiore rispetto al normale.<\/p>\n<p>Un ulteriore aiuto per il contenimento dei costi \u00e8 dato dalla <strong>tecnologia Inverter<\/strong>, che ormai \u00e8 presente su molti apparecchi. Grazie all&#8217;Inverter, infatti, il condizionatore \u00e8 in grado, non appena raggiunge la temperatura impostata dall&#8217;utente, di mantenerla stabile, in modo che non si verifichino bruschi picchi di calore dovuti ad un eccessivo surriscaldamento della stanza. Le macchine che non dispongono di questa soluzione, ad esempio, pur essendo pi\u00f9 economiche, lavorano sempre alla massima potenza, determinando un forte aumento dei costi energetici in bolletta.<\/p>\n<p>\u00c8 importante, inoltre, stabilire con attenzione la quantit\u00e0 di <strong>BTU necessari<\/strong> affinch\u00e9 il condizionatore raffreddi una stanza: in genere, si consiglia di scegliere 9000 BTU per un ambiente di 15- 25 mq e almeno 2000 BTU per un&#8217;area compresa tra 25 e 40 mq.<\/p>\n<p>&nbsp;<\/p>","protected":false},"excerpt":{"rendered":"<p>Il Black Friday, ovvero il giorno che segue la festa del Thanksgiving americana, \u00e8 ormai diventato un appuntamento fisso anche per gli utenti italiani, i quali approfittano delle interessanti offerte promozionali presenti, in particolare, sul web. Questa ricorrenza segna un momento dell&#8217;anno strategico anche per le aziende le quali, in vista dell&#8217;avvio dello shopping natalizio, [&hellip;]<\/p>\n","protected":false},"author":2,"featured_media":137588,"comment_status":"closed","ping_status":"open","sticky":false,"template":"","format":"standard","meta":{"footnotes":""},"categories":[4],"tags":[],"class_list":["post-137587","post","type-post","status-publish","format-standard","has-post-thumbnail","category-sport"],"yoast_head":"<!-- This site is optimized with the Yoast SEO plugin v28.4 - https:\/\/yoast.com\/product\/yoast-seo-wordpress\/ -->\n<title>Acquisti online: aumentano le ricerche di offerte per il black Friday - Bellunopress - Dolomiti<\/title>\n<meta name=\"robots\" content=\"index, follow, max-snippet:-1, max-image-preview:large, max-video-preview:-1\" \/>\n<link rel=\"canonical\" href=\"https:\/\/www.bellunopress.it\/fr\/2022\/11\/14\/acquisti-online-aumentano-le-ricerche-di-offerte-per-il-black-friday\/\" \/>\n<meta property=\"og:locale\" content=\"fr_FR\" \/>\n<meta property=\"og:type\" content=\"article\" \/>\n<meta property=\"og:title\" content=\"Acquisti online: aumentano le ricerche di offerte per il black Friday - Bellunopress - Dolomiti\" \/>\n<meta property=\"og:description\" content=\"Il Black Friday, ovvero il giorno che segue la festa del Thanksgiving americana, \u00e8 ormai diventato un appuntamento fisso anche per gli utenti italiani, i quali approfittano delle interessanti offerte promozionali presenti, in particolare, sul web. Questa ricorrenza segna un momento dell&#8217;anno strategico anche per le aziende le quali, in vista dell&#8217;avvio dello shopping natalizio, [&hellip;]\" \/>\n<meta property=\"og:url\" content=\"https:\/\/www.bellunopress.it\/fr\/2022\/11\/14\/acquisti-online-aumentano-le-ricerche-di-offerte-per-il-black-friday\/\" \/>\n<meta property=\"og:site_name\" content=\"Bellunopress - Dolomiti\" \/>\n<meta property=\"article:publisher\" content=\"https:\/\/www.facebook.com\/profile.php?id=100008943462799\" \/>\n<meta property=\"article:published_time\" content=\"2022-11-14T04:49:57+00:00\" \/>\n<meta property=\"og:image\" content=\"https:\/\/www.bellunopress.it\/wp-content\/uploads\/2022\/11\/Black-Friday_edited.jpg\" \/>\n\t<meta property=\"og:image:width\" content=\"815\" \/>\n\t<meta property=\"og:image:height\" content=\"489\" \/>\n\t<meta property=\"og:image:type\" content=\"image\/jpeg\" \/>\n<meta name=\"author\" content=\"redazione\" \/>\n<meta name=\"twitter:card\" content=\"summary_large_image\" \/>\n<meta name=\"twitter:creator\" content=\"@bellunopress\" \/>\n<meta name=\"twitter:site\" content=\"@bellunopress\" \/>\n<meta name=\"twitter:label1\" content=\"Written by\" \/>\n\t<meta name=\"twitter:data1\" content=\"redazione\" \/>\n\t<meta name=\"twitter:label2\" content=\"Est. reading time\" \/>\n\t<meta name=\"twitter:data2\" content=\"4 minutes\" \/>\n<script type=\"application\/ld+json\" class=\"yoast-schema-graph\">{\"@context\":\"https:\\\/\\\/schema.org\",\"@graph\":[{\"@type\":\"Article\",\"@id\":\"https:\\\/\\\/www.bellunopress.it\\\/2022\\\/11\\\/14\\\/acquisti-online-aumentano-le-ricerche-di-offerte-per-il-black-friday\\\/#article\",\"isPartOf\":{\"@id\":\"https:\\\/\\\/www.bellunopress.it\\\/2022\\\/11\\\/14\\\/acquisti-online-aumentano-le-ricerche-di-offerte-per-il-black-friday\\\/\"},\"author\":{\"name\":\"redazione\",\"@id\":\"https:\\\/\\\/www.bellunopress.it\\\/#\\\/schema\\\/person\\\/79bb06722b37ece1c03d3e94beb30d73\"},\"headline\":\"Acquisti online: aumentano le ricerche di offerte per il black Friday\",\"datePublished\":\"2022-11-14T04:49:57+00:00\",\"mainEntityOfPage\":{\"@id\":\"https:\\\/\\\/www.bellunopress.it\\\/2022\\\/11\\\/14\\\/acquisti-online-aumentano-le-ricerche-di-offerte-per-il-black-friday\\\/\"},\"wordCount\":627,\"publisher\":{\"@id\":\"https:\\\/\\\/www.bellunopress.it\\\/#organization\"},\"image\":{\"@id\":\"https:\\\/\\\/www.bellunopress.it\\\/2022\\\/11\\\/14\\\/acquisti-online-aumentano-le-ricerche-di-offerte-per-il-black-friday\\\/#primaryimage\"},\"thumbnailUrl\":\"https:\\\/\\\/www.bellunopress.it\\\/wp-content\\\/uploads\\\/2022\\\/11\\\/Black-Friday_edited.jpg\",\"articleSection\":[\"Sport, tempo libero\"],\"inLanguage\":\"fr-FR\"},{\"@type\":\"WebPage\",\"@id\":\"https:\\\/\\\/www.bellunopress.it\\\/2022\\\/11\\\/14\\\/acquisti-online-aumentano-le-ricerche-di-offerte-per-il-black-friday\\\/\",\"url\":\"https:\\\/\\\/www.bellunopress.it\\\/2022\\\/11\\\/14\\\/acquisti-online-aumentano-le-ricerche-di-offerte-per-il-black-friday\\\/\",\"name\":\"Acquisti online: aumentano le ricerche di offerte per il black Friday - Bellunopress - Dolomiti\",\"isPartOf\":{\"@id\":\"https:\\\/\\\/www.bellunopress.it\\\/#website\"},\"primaryImageOfPage\":{\"@id\":\"https:\\\/\\\/www.bellunopress.it\\\/2022\\\/11\\\/14\\\/acquisti-online-aumentano-le-ricerche-di-offerte-per-il-black-friday\\\/#primaryimage\"},\"image\":{\"@id\":\"https:\\\/\\\/www.bellunopress.it\\\/2022\\\/11\\\/14\\\/acquisti-online-aumentano-le-ricerche-di-offerte-per-il-black-friday\\\/#primaryimage\"},\"thumbnailUrl\":\"https:\\\/\\\/www.bellunopress.it\\\/wp-content\\\/uploads\\\/2022\\\/11\\\/Black-Friday_edited.jpg\",\"datePublished\":\"2022-11-14T04:49:57+00:00\",\"breadcrumb\":{\"@id\":\"https:\\\/\\\/www.bellunopress.it\\\/2022\\\/11\\\/14\\\/acquisti-online-aumentano-le-ricerche-di-offerte-per-il-black-friday\\\/#breadcrumb\"},\"inLanguage\":\"fr-FR\",\"potentialAction\":[{\"@type\":\"ReadAction\",\"target\":[\"https:\\\/\\\/www.bellunopress.it\\\/2022\\\/11\\\/14\\\/acquisti-online-aumentano-le-ricerche-di-offerte-per-il-black-friday\\\/\"]}]},{\"@type\":\"ImageObject\",\"inLanguage\":\"fr-FR\",\"@id\":\"https:\\\/\\\/www.bellunopress.it\\\/2022\\\/11\\\/14\\\/acquisti-online-aumentano-le-ricerche-di-offerte-per-il-black-friday\\\/#primaryimage\",\"url\":\"https:\\\/\\\/www.bellunopress.it\\\/wp-content\\\/uploads\\\/2022\\\/11\\\/Black-Friday_edited.jpg\",\"contentUrl\":\"https:\\\/\\\/www.bellunopress.it\\\/wp-content\\\/uploads\\\/2022\\\/11\\\/Black-Friday_edited.jpg\",\"width\":815,\"height\":489},{\"@type\":\"BreadcrumbList\",\"@id\":\"https:\\\/\\\/www.bellunopress.it\\\/2022\\\/11\\\/14\\\/acquisti-online-aumentano-le-ricerche-di-offerte-per-il-black-friday\\\/#breadcrumb\",\"itemListElement\":[{\"@type\":\"ListItem\",\"position\":1,\"name\":\"Home\",\"item\":\"https:\\\/\\\/www.bellunopress.it\\\/\"},{\"@type\":\"ListItem\",\"position\":2,\"name\":\"Acquisti online: aumentano le ricerche di offerte per il black Friday\"}]},{\"@type\":\"WebSite\",\"@id\":\"https:\\\/\\\/www.bellunopress.it\\\/#website\",\"url\":\"https:\\\/\\\/www.bellunopress.it\\\/\",\"name\":\"Bellunopress - Dolomiti\",\"description\":\"e-mail: redazione@bellunopress.it\",\"publisher\":{\"@id\":\"https:\\\/\\\/www.bellunopress.it\\\/#organization\"},\"potentialAction\":[{\"@type\":\"SearchAction\",\"target\":{\"@type\":\"EntryPoint\",\"urlTemplate\":\"https:\\\/\\\/www.bellunopress.it\\\/?s={search_term_string}\"},\"query-input\":{\"@type\":\"PropertyValueSpecification\",\"valueRequired\":true,\"valueName\":\"search_term_string\"}}],\"inLanguage\":\"fr-FR\"},{\"@type\":\"Organization\",\"@id\":\"https:\\\/\\\/www.bellunopress.it\\\/#organization\",\"name\":\"Bellunopress\",\"url\":\"https:\\\/\\\/www.bellunopress.it\\\/\",\"logo\":{\"@type\":\"ImageObject\",\"inLanguage\":\"fr-FR\",\"@id\":\"https:\\\/\\\/www.bellunopress.it\\\/#\\\/schema\\\/logo\\\/image\\\/\",\"url\":\"https:\\\/\\\/www.bellunopress.it\\\/wp-content\\\/uploads\\\/2011\\\/05\\\/cropped-logo-bellunopress-.jpg\",\"contentUrl\":\"https:\\\/\\\/www.bellunopress.it\\\/wp-content\\\/uploads\\\/2011\\\/05\\\/cropped-logo-bellunopress-.jpg\",\"width\":512,\"height\":512,\"caption\":\"Bellunopress\"},\"image\":{\"@id\":\"https:\\\/\\\/www.bellunopress.it\\\/#\\\/schema\\\/logo\\\/image\\\/\"},\"sameAs\":[\"https:\\\/\\\/www.facebook.com\\\/profile.php?id=100008943462799\",\"https:\\\/\\\/x.com\\\/bellunopress\",\"https:\\\/\\\/www.linkedin.com\\\/hp\\\/?dnr=JBzUWaJfMUw8vbXJJ2tVW5-I3jZKvC4wsoxE&amp;amp;amp;amp;amp;amp;trk=nav_responsive_tab_home\",\"https:\\\/\\\/www.youtube.com\\\/channel\\\/UCxL0wu1uN0_3_7hGG0306cw\"]},{\"@type\":\"Person\",\"@id\":\"https:\\\/\\\/www.bellunopress.it\\\/#\\\/schema\\\/person\\\/79bb06722b37ece1c03d3e94beb30d73\",\"name\":\"redazione\",\"image\":{\"@type\":\"ImageObject\",\"inLanguage\":\"fr-FR\",\"@id\":\"https:\\\/\\\/secure.gravatar.com\\\/avatar\\\/37d968a2e67a6fd04c169c4bdef102d0bc5d31b2546345219e348575eb80e9a0?s=96&d=mm&r=g\",\"url\":\"https:\\\/\\\/secure.gravatar.com\\\/avatar\\\/37d968a2e67a6fd04c169c4bdef102d0bc5d31b2546345219e348575eb80e9a0?s=96&d=mm&r=g\",\"contentUrl\":\"https:\\\/\\\/secure.gravatar.com\\\/avatar\\\/37d968a2e67a6fd04c169c4bdef102d0bc5d31b2546345219e348575eb80e9a0?s=96&d=mm&r=g\",\"caption\":\"redazione\"},\"sameAs\":[\"http:\\\/\\\/www.bellunopress.it\",\"https:\\\/\\\/x.com\\\/bellunopress\"],\"url\":\"https:\\\/\\\/www.bellunopress.it\\\/fr\\\/author\\\/redazione\\\/\"}]}<\/script>\n<!-- \/ Yoast SEO plugin. -->","yoast_head_json":{"title":"Acquisti online: aumentano le ricerche di offerte per il black Friday - Bellunopress - Dolomiti","robots":{"index":"index","follow":"follow","max-snippet":"max-snippet:-1","max-image-preview":"max-image-preview:large","max-video-preview":"max-video-preview:-1"},"canonical":"https:\/\/www.bellunopress.it\/fr\/2022\/11\/14\/acquisti-online-aumentano-le-ricerche-di-offerte-per-il-black-friday\/","og_locale":"fr_FR","og_type":"article","og_title":"Acquisti online: aumentano le ricerche di offerte per il black Friday - Bellunopress - Dolomiti","og_description":"Il Black Friday, ovvero il giorno che segue la festa del Thanksgiving americana, \u00e8 ormai diventato un appuntamento fisso anche per gli utenti italiani, i quali approfittano delle interessanti offerte promozionali presenti, in particolare, sul web. Questa ricorrenza segna un momento dell&#8217;anno strategico anche per le aziende le quali, in vista dell&#8217;avvio dello shopping natalizio, [&hellip;]","og_url":"https:\/\/www.bellunopress.it\/fr\/2022\/11\/14\/acquisti-online-aumentano-le-ricerche-di-offerte-per-il-black-friday\/","og_site_name":"Bellunopress - Dolomiti","article_publisher":"https:\/\/www.facebook.com\/profile.php?id=100008943462799","article_published_time":"2022-11-14T04:49:57+00:00","og_image":[{"width":815,"height":489,"url":"https:\/\/www.bellunopress.it\/wp-content\/uploads\/2022\/11\/Black-Friday_edited.jpg","type":"image\/jpeg"}],"author":"redazione","twitter_card":"summary_large_image","twitter_creator":"@bellunopress","twitter_site":"@bellunopress","twitter_misc":{"Written by":"redazione","Est. reading time":"4 minutes"},"schema":{"@context":"https:\/\/schema.org","@graph":[{"@type":"Article","@id":"https:\/\/www.bellunopress.it\/2022\/11\/14\/acquisti-online-aumentano-le-ricerche-di-offerte-per-il-black-friday\/#article","isPartOf":{"@id":"https:\/\/www.bellunopress.it\/2022\/11\/14\/acquisti-online-aumentano-le-ricerche-di-offerte-per-il-black-friday\/"},"author":{"name":"redazione","@id":"https:\/\/www.bellunopress.it\/#\/schema\/person\/79bb06722b37ece1c03d3e94beb30d73"},"headline":"Acquisti online: aumentano le ricerche di offerte per il black Friday","datePublished":"2022-11-14T04:49:57+00:00","mainEntityOfPage":{"@id":"https:\/\/www.bellunopress.it\/2022\/11\/14\/acquisti-online-aumentano-le-ricerche-di-offerte-per-il-black-friday\/"},"wordCount":627,"publisher":{"@id":"https:\/\/www.bellunopress.it\/#organization"},"image":{"@id":"https:\/\/www.bellunopress.it\/2022\/11\/14\/acquisti-online-aumentano-le-ricerche-di-offerte-per-il-black-friday\/#primaryimage"},"thumbnailUrl":"https:\/\/www.bellunopress.it\/wp-content\/uploads\/2022\/11\/Black-Friday_edited.jpg","articleSection":["Sport, tempo libero"],"inLanguage":"fr-FR"},{"@type":"WebPage","@id":"https:\/\/www.bellunopress.it\/2022\/11\/14\/acquisti-online-aumentano-le-ricerche-di-offerte-per-il-black-friday\/","url":"https:\/\/www.bellunopress.it\/2022\/11\/14\/acquisti-online-aumentano-le-ricerche-di-offerte-per-il-black-friday\/","name":"Acquisti online: aumentano le ricerche di offerte per il black Friday - Bellunopress - Dolomiti","isPartOf":{"@id":"https:\/\/www.bellunopress.it\/#website"},"primaryImageOfPage":{"@id":"https:\/\/www.bellunopress.it\/2022\/11\/14\/acquisti-online-aumentano-le-ricerche-di-offerte-per-il-black-friday\/#primaryimage"},"image":{"@id":"https:\/\/www.bellunopress.it\/2022\/11\/14\/acquisti-online-aumentano-le-ricerche-di-offerte-per-il-black-friday\/#primaryimage"},"thumbnailUrl":"https:\/\/www.bellunopress.it\/wp-content\/uploads\/2022\/11\/Black-Friday_edited.jpg","datePublished":"2022-11-14T04:49:57+00:00","breadcrumb":{"@id":"https:\/\/www.bellunopress.it\/2022\/11\/14\/acquisti-online-aumentano-le-ricerche-di-offerte-per-il-black-friday\/#breadcrumb"},"inLanguage":"fr-FR","potentialAction":[{"@type":"ReadAction","target":["https:\/\/www.bellunopress.it\/2022\/11\/14\/acquisti-online-aumentano-le-ricerche-di-offerte-per-il-black-friday\/"]}]},{"@type":"ImageObject","inLanguage":"fr-FR","@id":"https:\/\/www.bellunopress.it\/2022\/11\/14\/acquisti-online-aumentano-le-ricerche-di-offerte-per-il-black-friday\/#primaryimage","url":"https:\/\/www.bellunopress.it\/wp-content\/uploads\/2022\/11\/Black-Friday_edited.jpg","contentUrl":"https:\/\/www.bellunopress.it\/wp-content\/uploads\/2022\/11\/Black-Friday_edited.jpg","width":815,"height":489},{"@type":"BreadcrumbList","@id":"https:\/\/www.bellunopress.it\/2022\/11\/14\/acquisti-online-aumentano-le-ricerche-di-offerte-per-il-black-friday\/#breadcrumb","itemListElement":[{"@type":"ListItem","position":1,"name":"Home","item":"https:\/\/www.bellunopress.it\/"},{"@type":"ListItem","position":2,"name":"Acquisti online: aumentano le ricerche di offerte per il black Friday"}]},{"@type":"WebSite","@id":"https:\/\/www.bellunopress.it\/#website","url":"https:\/\/www.bellunopress.it\/","name":"Bellunopress - Dolomiti","description":"e-mail: redazione@bellunopress.it","publisher":{"@id":"https:\/\/www.bellunopress.it\/#organization"},"potentialAction":[{"@type":"SearchAction","target":{"@type":"EntryPoint","urlTemplate":"https:\/\/www.bellunopress.it\/?s={search_term_string}"},"query-input":{"@type":"PropertyValueSpecification","valueRequired":true,"valueName":"search_term_string"}}],"inLanguage":"fr-FR"},{"@type":"Organization","@id":"https:\/\/www.bellunopress.it\/#organization","name":"Bellunopress","url":"https:\/\/www.bellunopress.it\/","logo":{"@type":"ImageObject","inLanguage":"fr-FR","@id":"https:\/\/www.bellunopress.it\/#\/schema\/logo\/image\/","url":"https:\/\/www.bellunopress.it\/wp-content\/uploads\/2011\/05\/cropped-logo-bellunopress-.jpg","contentUrl":"https:\/\/www.bellunopress.it\/wp-content\/uploads\/2011\/05\/cropped-logo-bellunopress-.jpg","width":512,"height":512,"caption":"Bellunopress"},"image":{"@id":"https:\/\/www.bellunopress.it\/#\/schema\/logo\/image\/"},"sameAs":["https:\/\/www.facebook.com\/profile.php?id=100008943462799","https:\/\/x.com\/bellunopress","https:\/\/www.linkedin.com\/hp\/?dnr=JBzUWaJfMUw8vbXJJ2tVW5-I3jZKvC4wsoxE&amp;amp;amp;amp;amp;amp;trk=nav_responsive_tab_home","https:\/\/www.youtube.com\/channel\/UCxL0wu1uN0_3_7hGG0306cw"]},{"@type":"Person","@id":"https:\/\/www.bellunopress.it\/#\/schema\/person\/79bb06722b37ece1c03d3e94beb30d73","name":"r\u00e9daction","image":{"@type":"ImageObject","inLanguage":"fr-FR","@id":"https:\/\/secure.gravatar.com\/avatar\/37d968a2e67a6fd04c169c4bdef102d0bc5d31b2546345219e348575eb80e9a0?s=96&d=mm&r=g","url":"https:\/\/secure.gravatar.com\/avatar\/37d968a2e67a6fd04c169c4bdef102d0bc5d31b2546345219e348575eb80e9a0?s=96&d=mm&r=g","contentUrl":"https:\/\/secure.gravatar.com\/avatar\/37d968a2e67a6fd04c169c4bdef102d0bc5d31b2546345219e348575eb80e9a0?s=96&d=mm&r=g","caption":"redazione"},"sameAs":["http:\/\/www.bellunopress.it","https:\/\/x.com\/bellunopress"],"url":"https:\/\/www.bellunopress.it\/fr\/author\/redazione\/"}]}},"_links":{"self":[{"href":"https:\/\/www.bellunopress.it\/fr\/wp-json\/wp\/v2\/posts\/137587","targetHints":{"allow":["GET"]}}],"collection":[{"href":"https:\/\/www.bellunopress.it\/fr\/wp-json\/wp\/v2\/posts"}],"about":[{"href":"https:\/\/www.bellunopress.it\/fr\/wp-json\/wp\/v2\/types\/post"}],"author":[{"embeddable":true,"href":"https:\/\/www.bellunopress.it\/fr\/wp-json\/wp\/v2\/users\/2"}],"replies":[{"embeddable":true,"href":"https:\/\/www.bellunopress.it\/fr\/wp-json\/wp\/v2\/comments?post=137587"}],"version-history":[{"count":1,"href":"https:\/\/www.bellunopress.it\/fr\/wp-json\/wp\/v2\/posts\/137587\/revisions"}],"predecessor-version":[{"id":137589,"href":"https:\/\/www.bellunopress.it\/fr\/wp-json\/wp\/v2\/posts\/137587\/revisions\/137589"}],"wp:featuredmedia":[{"embeddable":true,"href":"https:\/\/www.bellunopress.it\/fr\/wp-json\/wp\/v2\/media\/137588"}],"wp:attachment":[{"href":"https:\/\/www.bellunopress.it\/fr\/wp-json\/wp\/v2\/media?parent=137587"}],"wp:term":[{"taxonomy":"category","embeddable":true,"href":"https:\/\/www.bellunopress.it\/fr\/wp-json\/wp\/v2\/categories?post=137587"},{"taxonomy":"post_tag","embeddable":true,"href":"https:\/\/www.bellunopress.it\/fr\/wp-json\/wp\/v2\/tags?post=137587"}],"curies":[{"name":"wp","href":"https:\/\/api.w.org\/{rel}","templated":true}]}}