{"id":137573,"date":"2022-11-09T15:47:37","date_gmt":"2022-11-09T14:47:37","guid":{"rendered":"https:\/\/www.bellunopress.it\/?p=137573"},"modified":"2022-11-09T15:47:37","modified_gmt":"2022-11-09T14:47:37","slug":"dote-sport-rinnovata-liniziativa-il-bando-per-il-contributo-sara-on-line-a-breve","status":"publish","type":"post","link":"https:\/\/www.bellunopress.it\/fr\/2022\/11\/09\/dote-sport-rinnovata-liniziativa-il-bando-per-il-contributo-sara-on-line-a-breve\/","title":{"rendered":"Dote sport. Rinnovata l&#8217;iniziativa, il bando per il contributo sar\u00e0 on line a breve"},"content":{"rendered":"<figure id=\"attachment_135245\" aria-describedby=\"caption-attachment-135245\" style=\"width: 803px\" class=\"wp-caption alignleft\"><img loading=\"lazy\" decoding=\"async\" class=\"size-full wp-image-135245\" src=\"https:\/\/www.bellunopress.it\/wp-content\/uploads\/2022\/07\/Oscar-De-Pellegrin-sindaco-di-Belluno_edited.jpg\" alt=\"\" width=\"803\" height=\"1000\" srcset=\"https:\/\/www.bellunopress.it\/wp-content\/uploads\/2022\/07\/Oscar-De-Pellegrin-sindaco-di-Belluno_edited.jpg 803w, https:\/\/www.bellunopress.it\/wp-content\/uploads\/2022\/07\/Oscar-De-Pellegrin-sindaco-di-Belluno_edited-402x500.jpg 402w, https:\/\/www.bellunopress.it\/wp-content\/uploads\/2022\/07\/Oscar-De-Pellegrin-sindaco-di-Belluno_edited-696x867.jpg 696w, https:\/\/www.bellunopress.it\/wp-content\/uploads\/2022\/07\/Oscar-De-Pellegrin-sindaco-di-Belluno_edited-337x420.jpg 337w\" sizes=\"auto, (max-width: 803px) 100vw, 803px\" \/><figcaption id=\"caption-attachment-135245\" class=\"wp-caption-text\">Oscar De Pellegrin, sindaco di Belluno<\/figcaption><\/figure>\n<p>L\u2019amministrazione De Pellegrin rinnova il fondo dedicato ai ragazzi e all\u2019attivit\u00e0 sportiva: nel sito del Comune di Belluno, sezione \u201cBandi e avvisi\u201d, nei prossimi giorni sar\u00e0 pubblicato il bando del Progetto Dote Sport 2022. \u201cSiamo riusciti, nonostante le difficolt\u00e0 attuali del bilancio, a riservare una quota per questa iniziativa alla quale intendiamo dare seguito e che vogliamo in futuro ampliare \u2013 commenta il sindaco, Oscar De Pellegrin -. E\u2019 nota l\u2019importanza che lo sport ha avuto e ha per me, sono convinto che al di l\u00e0 della storia personale di ognuno praticare attivit\u00e0 sportiva migliori la qualit\u00e0 della vita, delle relazioni e della crescita. Per i nostri ragazzi \u00e8 uno strumento di prevenzione rispetto ai disagi dell\u2019et\u00e0 adolescenziale\u201d.<\/p>\n<figure id=\"attachment_133968\" aria-describedby=\"caption-attachment-133968\" style=\"width: 546px\" class=\"wp-caption alignleft\"><img loading=\"lazy\" decoding=\"async\" class=\"size-full wp-image-133968\" src=\"https:\/\/www.bellunopress.it\/wp-content\/uploads\/2022\/05\/monica-mazzoccoli_edited.jpg\" alt=\"\" width=\"546\" height=\"700\" srcset=\"https:\/\/www.bellunopress.it\/wp-content\/uploads\/2022\/05\/monica-mazzoccoli_edited.jpg 546w, https:\/\/www.bellunopress.it\/wp-content\/uploads\/2022\/05\/monica-mazzoccoli_edited-390x500.jpg 390w, https:\/\/www.bellunopress.it\/wp-content\/uploads\/2022\/05\/monica-mazzoccoli_edited-328x420.jpg 328w\" sizes=\"auto, (max-width: 546px) 100vw, 546px\" \/><figcaption id=\"caption-attachment-133968\" class=\"wp-caption-text\">Monica Mazzoccoli, assessora allo Sport del Comune di Belluno<\/figcaption><\/figure>\n<p>L\u2019attuale momento storico ed economico mette in difficolt\u00e0 tante famiglie del territorio che faticano a far fronte alle spese di iscrizione dei propri figli alle societ\u00e0 sportive. Il disagio colpisce in particolare i nuclei a basso reddito e penalizza, di conseguenza, l\u2019attivit\u00e0 aggregativa tipica delle societ\u00e0 sportive dilettantistiche che rischiano di veder calare il numero dei propri iscritti. L\u2019iniziativa \u00e8 dunque finalizzata a sostenere il bisogno dei giovani di stare insieme in modo sano e formativo attraverso l\u2019erogazione di un bonus per la riduzione della quota annuale di partecipazione alla singola pratica sportiva. \u201cE\u2019 un aiuto per le famiglie a bassa fascia di reddito, per affrontare il costo delle rette stagionali \u2013 commenta l\u2019assessore allo sport, Monica Mazzoccoli -, ma di fatto \u00e8 un sostegno anche per le stesse societ\u00e0 sportive, che in un momento di ristrettezze come quello attuale potrebbero veder calare il numero delle iscrizioni\u201d.<\/p>\n<p>Potranno beneficiare del fondo genitori e tutori di bambini e di giovani di et\u00e0 compresa tra 5 e 16 anni, residenti nel comune di Belluno e iscritti ad associazioni sportive che esercitano la propria attivit\u00e0 nel territorio comunale. Previa verifica della disponibilit\u00e0 finanziaria, potranno essere prese in considerazione le istanze di residenti del comune di Belluno iscritti ad associazioni sportive che esercitano la propria attivit\u00e0 in altri comuni.<\/p>\n<p>Il contributo sar\u00e0 valido per l\u2019anno sportivo 2022\/2023 e sar\u00e0 erogato sulla base dell\u2019attestazione Isee fino al limite della capienza del fondo, eventualmente implementabile.<\/p>\n<p>\u2022 ISEE pari o inferiore a \u20ac 8.000,00: \u20ac 300,00;<br \/>\n\u2022 ISEE compreso tra \u20ac 8.001,00 e \u20ac 10.000,00: \u20ac 200,00;<br \/>\n\u2022 ISEE compreso tra \u20ac 10.001,00 e \u20ac 12.000,00: \u20ac 100,00;<\/p>\n<p>Il Comune di Belluno verser\u00e0 la quota direttamente alle societ\u00e0 sportive che aderiranno all&#8217;iniziativa; solo nel caso in cui le famiglie abbiano gi\u00e0 pagato l&#8217;iscrizione ed esibiscano la documentazione che attesti l&#8217;effettivo versamento, il contributo potr\u00e0 essere erogato direttamente alla famiglia.<br \/>\nIl contributo non \u00e8 cumulabile con altri di analoga ispirazione.<br \/>\nIl contributo sar\u00e0 assegnato sulla base del bando, che sar\u00e0 scaricabile dal sito Internet istituzionale a breve, non appena sar\u00e0 perfezionata la pubblicazione della delibera e dell&#8217;avviso.<\/p>\n<p>La richiesta dovr\u00e0 essere presentata compilando il modulo scaricabile dal sito del Comune e consegnandolo (completo della fotocopia della carta di identit\u00e0), entro la scadenza che verr\u00e0 fissata nell&#8217;avviso, al Comune di Bellu-no, Ufficio Sport &#8211; piazza Duomo 2 oppure Ufficio Protocollo \u2013 piazza Duomo 1, oppure con firma digitale via email all\u2019indirizzo sport@comune.belluno.it o pec belluno.bl@cert.ip-veneto.net<br \/>\nIl Comune prender\u00e0 in considerazione le sole richieste che perverranno nei ter-mini previsti dall&#8217;avviso e stiler\u00e0 una graduatoria in base all&#8217;ISEE fino ad esaurimento della cifra destinata a finanziare l&#8217;iniziativa.<br \/>\nPer informazioni, \u00e8 possibile rivolgersi all&#8217;Ufficio Sport, piazza Duomo, 2 &#8211; telefo-no 0437 913141 \u2013 sport@comune.belluno.it.<\/p>\n<p>A questa iniziativa ne seguir\u00e0 presto un\u2019altra, allo stesso modo incentrata sul valore dell\u2019attivit\u00e0 sportiva nell\u2019educazione e nella formazione. \u201cSi tratter\u00e0 di una rassegna di incontri per le scuole \u2013 spiega Mazzoccoli -, dedicati proprio all\u2019importanza dello stare insieme in squadra, del mettersi alla prova e dell\u2019impegno per raggiungere i propri obiettivi, in relazione alle problematiche tipiche dell\u2019et\u00e0 giovanile. Crediamo molto nel valore dello sport per lo sviluppo sano dell\u2019individuo\u201d.<\/p>\n<p>&nbsp;<\/p>\n<p>&nbsp;<\/p>","protected":false},"excerpt":{"rendered":"<p>L\u2019amministrazione De Pellegrin rinnova il fondo dedicato ai ragazzi e all\u2019attivit\u00e0 sportiva: nel sito del Comune di Belluno, sezione \u201cBandi e avvisi\u201d, nei prossimi giorni sar\u00e0 pubblicato il bando del Progetto Dote Sport 2022. \u201cSiamo riusciti, nonostante le difficolt\u00e0 attuali del bilancio, a riservare una quota per questa iniziativa alla quale intendiamo dare seguito e [&hellip;]<\/p>\n","protected":false},"author":2,"featured_media":133968,"comment_status":"closed","ping_status":"open","sticky":false,"template":"","format":"standard","meta":{"footnotes":""},"categories":[4],"tags":[],"class_list":["post-137573","post","type-post","status-publish","format-standard","has-post-thumbnail","category-sport"],"yoast_head":"<!-- This site is optimized with the Yoast SEO plugin v28.4 - https:\/\/yoast.com\/product\/yoast-seo-wordpress\/ -->\n<title>Dote sport. Rinnovata l&#039;iniziativa, il bando per il contributo sar\u00e0 on line a breve - Bellunopress - Dolomiti<\/title>\n<meta name=\"robots\" content=\"index, follow, max-snippet:-1, max-image-preview:large, max-video-preview:-1\" \/>\n<link rel=\"canonical\" href=\"https:\/\/www.bellunopress.it\/fr\/2022\/11\/09\/dote-sport-rinnovata-liniziativa-il-bando-per-il-contributo-sara-on-line-a-breve\/\" \/>\n<meta property=\"og:locale\" content=\"fr_FR\" \/>\n<meta property=\"og:type\" content=\"article\" \/>\n<meta property=\"og:title\" content=\"Dote sport. Rinnovata l&#039;iniziativa, il bando per il contributo sar\u00e0 on line a breve - Bellunopress - Dolomiti\" \/>\n<meta property=\"og:description\" content=\"L\u2019amministrazione De Pellegrin rinnova il fondo dedicato ai ragazzi e all\u2019attivit\u00e0 sportiva: nel sito del Comune di Belluno, sezione \u201cBandi e avvisi\u201d, nei prossimi giorni sar\u00e0 pubblicato il bando del Progetto Dote Sport 2022. \u201cSiamo riusciti, nonostante le difficolt\u00e0 attuali del bilancio, a riservare una quota per questa iniziativa alla quale intendiamo dare seguito e [&hellip;]\" \/>\n<meta property=\"og:url\" content=\"https:\/\/www.bellunopress.it\/fr\/2022\/11\/09\/dote-sport-rinnovata-liniziativa-il-bando-per-il-contributo-sara-on-line-a-breve\/\" \/>\n<meta property=\"og:site_name\" content=\"Bellunopress - Dolomiti\" \/>\n<meta property=\"article:publisher\" content=\"https:\/\/www.facebook.com\/profile.php?id=100008943462799\" \/>\n<meta property=\"article:published_time\" content=\"2022-11-09T14:47:37+00:00\" \/>\n<meta property=\"og:image\" content=\"https:\/\/www.bellunopress.it\/wp-content\/uploads\/2022\/05\/monica-mazzoccoli_edited.jpg\" \/>\n\t<meta property=\"og:image:width\" content=\"546\" \/>\n\t<meta property=\"og:image:height\" content=\"700\" \/>\n\t<meta property=\"og:image:type\" content=\"image\/jpeg\" \/>\n<meta name=\"author\" content=\"redazione\" \/>\n<meta name=\"twitter:card\" content=\"summary_large_image\" \/>\n<meta name=\"twitter:creator\" content=\"@bellunopress\" \/>\n<meta name=\"twitter:site\" content=\"@bellunopress\" \/>\n<meta name=\"twitter:label1\" content=\"Written by\" \/>\n\t<meta name=\"twitter:data1\" content=\"redazione\" \/>\n\t<meta name=\"twitter:label2\" content=\"Est. reading time\" \/>\n\t<meta name=\"twitter:data2\" content=\"4 minutes\" \/>\n<script type=\"application\/ld+json\" class=\"yoast-schema-graph\">{\"@context\":\"https:\\\/\\\/schema.org\",\"@graph\":[{\"@type\":\"Article\",\"@id\":\"https:\\\/\\\/www.bellunopress.it\\\/2022\\\/11\\\/09\\\/dote-sport-rinnovata-liniziativa-il-bando-per-il-contributo-sara-on-line-a-breve\\\/#article\",\"isPartOf\":{\"@id\":\"https:\\\/\\\/www.bellunopress.it\\\/2022\\\/11\\\/09\\\/dote-sport-rinnovata-liniziativa-il-bando-per-il-contributo-sara-on-line-a-breve\\\/\"},\"author\":{\"name\":\"redazione\",\"@id\":\"https:\\\/\\\/www.bellunopress.it\\\/#\\\/schema\\\/person\\\/79bb06722b37ece1c03d3e94beb30d73\"},\"headline\":\"Dote sport. Rinnovata l&#8217;iniziativa, il bando per il contributo sar\u00e0 on line a breve\",\"datePublished\":\"2022-11-09T14:47:37+00:00\",\"mainEntityOfPage\":{\"@id\":\"https:\\\/\\\/www.bellunopress.it\\\/2022\\\/11\\\/09\\\/dote-sport-rinnovata-liniziativa-il-bando-per-il-contributo-sara-on-line-a-breve\\\/\"},\"wordCount\":686,\"publisher\":{\"@id\":\"https:\\\/\\\/www.bellunopress.it\\\/#organization\"},\"image\":{\"@id\":\"https:\\\/\\\/www.bellunopress.it\\\/2022\\\/11\\\/09\\\/dote-sport-rinnovata-liniziativa-il-bando-per-il-contributo-sara-on-line-a-breve\\\/#primaryimage\"},\"thumbnailUrl\":\"https:\\\/\\\/www.bellunopress.it\\\/wp-content\\\/uploads\\\/2022\\\/05\\\/monica-mazzoccoli_edited.jpg\",\"articleSection\":[\"Sport, tempo libero\"],\"inLanguage\":\"fr-FR\"},{\"@type\":\"WebPage\",\"@id\":\"https:\\\/\\\/www.bellunopress.it\\\/2022\\\/11\\\/09\\\/dote-sport-rinnovata-liniziativa-il-bando-per-il-contributo-sara-on-line-a-breve\\\/\",\"url\":\"https:\\\/\\\/www.bellunopress.it\\\/2022\\\/11\\\/09\\\/dote-sport-rinnovata-liniziativa-il-bando-per-il-contributo-sara-on-line-a-breve\\\/\",\"name\":\"Dote sport. Rinnovata l'iniziativa, il bando per il contributo sar\u00e0 on line a breve - Bellunopress - Dolomiti\",\"isPartOf\":{\"@id\":\"https:\\\/\\\/www.bellunopress.it\\\/#website\"},\"primaryImageOfPage\":{\"@id\":\"https:\\\/\\\/www.bellunopress.it\\\/2022\\\/11\\\/09\\\/dote-sport-rinnovata-liniziativa-il-bando-per-il-contributo-sara-on-line-a-breve\\\/#primaryimage\"},\"image\":{\"@id\":\"https:\\\/\\\/www.bellunopress.it\\\/2022\\\/11\\\/09\\\/dote-sport-rinnovata-liniziativa-il-bando-per-il-contributo-sara-on-line-a-breve\\\/#primaryimage\"},\"thumbnailUrl\":\"https:\\\/\\\/www.bellunopress.it\\\/wp-content\\\/uploads\\\/2022\\\/05\\\/monica-mazzoccoli_edited.jpg\",\"datePublished\":\"2022-11-09T14:47:37+00:00\",\"breadcrumb\":{\"@id\":\"https:\\\/\\\/www.bellunopress.it\\\/2022\\\/11\\\/09\\\/dote-sport-rinnovata-liniziativa-il-bando-per-il-contributo-sara-on-line-a-breve\\\/#breadcrumb\"},\"inLanguage\":\"fr-FR\",\"potentialAction\":[{\"@type\":\"ReadAction\",\"target\":[\"https:\\\/\\\/www.bellunopress.it\\\/2022\\\/11\\\/09\\\/dote-sport-rinnovata-liniziativa-il-bando-per-il-contributo-sara-on-line-a-breve\\\/\"]}]},{\"@type\":\"ImageObject\",\"inLanguage\":\"fr-FR\",\"@id\":\"https:\\\/\\\/www.bellunopress.it\\\/2022\\\/11\\\/09\\\/dote-sport-rinnovata-liniziativa-il-bando-per-il-contributo-sara-on-line-a-breve\\\/#primaryimage\",\"url\":\"https:\\\/\\\/www.bellunopress.it\\\/wp-content\\\/uploads\\\/2022\\\/05\\\/monica-mazzoccoli_edited.jpg\",\"contentUrl\":\"https:\\\/\\\/www.bellunopress.it\\\/wp-content\\\/uploads\\\/2022\\\/05\\\/monica-mazzoccoli_edited.jpg\",\"width\":546,\"height\":700,\"caption\":\"Monica Mazzoccoli, assessora allo Sport del Comune di Belluno\"},{\"@type\":\"BreadcrumbList\",\"@id\":\"https:\\\/\\\/www.bellunopress.it\\\/2022\\\/11\\\/09\\\/dote-sport-rinnovata-liniziativa-il-bando-per-il-contributo-sara-on-line-a-breve\\\/#breadcrumb\",\"itemListElement\":[{\"@type\":\"ListItem\",\"position\":1,\"name\":\"Home\",\"item\":\"https:\\\/\\\/www.bellunopress.it\\\/\"},{\"@type\":\"ListItem\",\"position\":2,\"name\":\"Dote sport. Rinnovata l&#8217;iniziativa, il bando per il contributo sar\u00e0 on line a breve\"}]},{\"@type\":\"WebSite\",\"@id\":\"https:\\\/\\\/www.bellunopress.it\\\/#website\",\"url\":\"https:\\\/\\\/www.bellunopress.it\\\/\",\"name\":\"Bellunopress - Dolomiti\",\"description\":\"e-mail: redazione@bellunopress.it\",\"publisher\":{\"@id\":\"https:\\\/\\\/www.bellunopress.it\\\/#organization\"},\"potentialAction\":[{\"@type\":\"SearchAction\",\"target\":{\"@type\":\"EntryPoint\",\"urlTemplate\":\"https:\\\/\\\/www.bellunopress.it\\\/?s={search_term_string}\"},\"query-input\":{\"@type\":\"PropertyValueSpecification\",\"valueRequired\":true,\"valueName\":\"search_term_string\"}}],\"inLanguage\":\"fr-FR\"},{\"@type\":\"Organization\",\"@id\":\"https:\\\/\\\/www.bellunopress.it\\\/#organization\",\"name\":\"Bellunopress\",\"url\":\"https:\\\/\\\/www.bellunopress.it\\\/\",\"logo\":{\"@type\":\"ImageObject\",\"inLanguage\":\"fr-FR\",\"@id\":\"https:\\\/\\\/www.bellunopress.it\\\/#\\\/schema\\\/logo\\\/image\\\/\",\"url\":\"https:\\\/\\\/www.bellunopress.it\\\/wp-content\\\/uploads\\\/2011\\\/05\\\/cropped-logo-bellunopress-.jpg\",\"contentUrl\":\"https:\\\/\\\/www.bellunopress.it\\\/wp-content\\\/uploads\\\/2011\\\/05\\\/cropped-logo-bellunopress-.jpg\",\"width\":512,\"height\":512,\"caption\":\"Bellunopress\"},\"image\":{\"@id\":\"https:\\\/\\\/www.bellunopress.it\\\/#\\\/schema\\\/logo\\\/image\\\/\"},\"sameAs\":[\"https:\\\/\\\/www.facebook.com\\\/profile.php?id=100008943462799\",\"https:\\\/\\\/x.com\\\/bellunopress\",\"https:\\\/\\\/www.linkedin.com\\\/hp\\\/?dnr=JBzUWaJfMUw8vbXJJ2tVW5-I3jZKvC4wsoxE&amp;amp;amp;amp;amp;amp;trk=nav_responsive_tab_home\",\"https:\\\/\\\/www.youtube.com\\\/channel\\\/UCxL0wu1uN0_3_7hGG0306cw\"]},{\"@type\":\"Person\",\"@id\":\"https:\\\/\\\/www.bellunopress.it\\\/#\\\/schema\\\/person\\\/79bb06722b37ece1c03d3e94beb30d73\",\"name\":\"redazione\",\"image\":{\"@type\":\"ImageObject\",\"inLanguage\":\"fr-FR\",\"@id\":\"https:\\\/\\\/secure.gravatar.com\\\/avatar\\\/37d968a2e67a6fd04c169c4bdef102d0bc5d31b2546345219e348575eb80e9a0?s=96&d=mm&r=g\",\"url\":\"https:\\\/\\\/secure.gravatar.com\\\/avatar\\\/37d968a2e67a6fd04c169c4bdef102d0bc5d31b2546345219e348575eb80e9a0?s=96&d=mm&r=g\",\"contentUrl\":\"https:\\\/\\\/secure.gravatar.com\\\/avatar\\\/37d968a2e67a6fd04c169c4bdef102d0bc5d31b2546345219e348575eb80e9a0?s=96&d=mm&r=g\",\"caption\":\"redazione\"},\"sameAs\":[\"http:\\\/\\\/www.bellunopress.it\",\"https:\\\/\\\/x.com\\\/bellunopress\"],\"url\":\"https:\\\/\\\/www.bellunopress.it\\\/fr\\\/author\\\/redazione\\\/\"}]}<\/script>\n<!-- \/ Yoast SEO plugin. -->","yoast_head_json":{"title":"Dote sport. Rinnovata l'iniziativa, il bando per il contributo sar\u00e0 on line a breve - Bellunopress - Dolomiti","robots":{"index":"index","follow":"follow","max-snippet":"max-snippet:-1","max-image-preview":"max-image-preview:large","max-video-preview":"max-video-preview:-1"},"canonical":"https:\/\/www.bellunopress.it\/fr\/2022\/11\/09\/dote-sport-rinnovata-liniziativa-il-bando-per-il-contributo-sara-on-line-a-breve\/","og_locale":"fr_FR","og_type":"article","og_title":"Dote sport. Rinnovata l'iniziativa, il bando per il contributo sar\u00e0 on line a breve - Bellunopress - Dolomiti","og_description":"L\u2019amministrazione De Pellegrin rinnova il fondo dedicato ai ragazzi e all\u2019attivit\u00e0 sportiva: nel sito del Comune di Belluno, sezione \u201cBandi e avvisi\u201d, nei prossimi giorni sar\u00e0 pubblicato il bando del Progetto Dote Sport 2022. \u201cSiamo riusciti, nonostante le difficolt\u00e0 attuali del bilancio, a riservare una quota per questa iniziativa alla quale intendiamo dare seguito e [&hellip;]","og_url":"https:\/\/www.bellunopress.it\/fr\/2022\/11\/09\/dote-sport-rinnovata-liniziativa-il-bando-per-il-contributo-sara-on-line-a-breve\/","og_site_name":"Bellunopress - Dolomiti","article_publisher":"https:\/\/www.facebook.com\/profile.php?id=100008943462799","article_published_time":"2022-11-09T14:47:37+00:00","og_image":[{"width":546,"height":700,"url":"https:\/\/www.bellunopress.it\/wp-content\/uploads\/2022\/05\/monica-mazzoccoli_edited.jpg","type":"image\/jpeg"}],"author":"redazione","twitter_card":"summary_large_image","twitter_creator":"@bellunopress","twitter_site":"@bellunopress","twitter_misc":{"Written by":"redazione","Est. reading time":"4 minutes"},"schema":{"@context":"https:\/\/schema.org","@graph":[{"@type":"Article","@id":"https:\/\/www.bellunopress.it\/2022\/11\/09\/dote-sport-rinnovata-liniziativa-il-bando-per-il-contributo-sara-on-line-a-breve\/#article","isPartOf":{"@id":"https:\/\/www.bellunopress.it\/2022\/11\/09\/dote-sport-rinnovata-liniziativa-il-bando-per-il-contributo-sara-on-line-a-breve\/"},"author":{"name":"redazione","@id":"https:\/\/www.bellunopress.it\/#\/schema\/person\/79bb06722b37ece1c03d3e94beb30d73"},"headline":"Dote sport. Rinnovata l&#8217;iniziativa, il bando per il contributo sar\u00e0 on line a breve","datePublished":"2022-11-09T14:47:37+00:00","mainEntityOfPage":{"@id":"https:\/\/www.bellunopress.it\/2022\/11\/09\/dote-sport-rinnovata-liniziativa-il-bando-per-il-contributo-sara-on-line-a-breve\/"},"wordCount":686,"publisher":{"@id":"https:\/\/www.bellunopress.it\/#organization"},"image":{"@id":"https:\/\/www.bellunopress.it\/2022\/11\/09\/dote-sport-rinnovata-liniziativa-il-bando-per-il-contributo-sara-on-line-a-breve\/#primaryimage"},"thumbnailUrl":"https:\/\/www.bellunopress.it\/wp-content\/uploads\/2022\/05\/monica-mazzoccoli_edited.jpg","articleSection":["Sport, tempo libero"],"inLanguage":"fr-FR"},{"@type":"WebPage","@id":"https:\/\/www.bellunopress.it\/2022\/11\/09\/dote-sport-rinnovata-liniziativa-il-bando-per-il-contributo-sara-on-line-a-breve\/","url":"https:\/\/www.bellunopress.it\/2022\/11\/09\/dote-sport-rinnovata-liniziativa-il-bando-per-il-contributo-sara-on-line-a-breve\/","name":"Dote sport. Rinnovata l'iniziativa, il bando per il contributo sar\u00e0 on line a breve - Bellunopress - Dolomiti","isPartOf":{"@id":"https:\/\/www.bellunopress.it\/#website"},"primaryImageOfPage":{"@id":"https:\/\/www.bellunopress.it\/2022\/11\/09\/dote-sport-rinnovata-liniziativa-il-bando-per-il-contributo-sara-on-line-a-breve\/#primaryimage"},"image":{"@id":"https:\/\/www.bellunopress.it\/2022\/11\/09\/dote-sport-rinnovata-liniziativa-il-bando-per-il-contributo-sara-on-line-a-breve\/#primaryimage"},"thumbnailUrl":"https:\/\/www.bellunopress.it\/wp-content\/uploads\/2022\/05\/monica-mazzoccoli_edited.jpg","datePublished":"2022-11-09T14:47:37+00:00","breadcrumb":{"@id":"https:\/\/www.bellunopress.it\/2022\/11\/09\/dote-sport-rinnovata-liniziativa-il-bando-per-il-contributo-sara-on-line-a-breve\/#breadcrumb"},"inLanguage":"fr-FR","potentialAction":[{"@type":"ReadAction","target":["https:\/\/www.bellunopress.it\/2022\/11\/09\/dote-sport-rinnovata-liniziativa-il-bando-per-il-contributo-sara-on-line-a-breve\/"]}]},{"@type":"ImageObject","inLanguage":"fr-FR","@id":"https:\/\/www.bellunopress.it\/2022\/11\/09\/dote-sport-rinnovata-liniziativa-il-bando-per-il-contributo-sara-on-line-a-breve\/#primaryimage","url":"https:\/\/www.bellunopress.it\/wp-content\/uploads\/2022\/05\/monica-mazzoccoli_edited.jpg","contentUrl":"https:\/\/www.bellunopress.it\/wp-content\/uploads\/2022\/05\/monica-mazzoccoli_edited.jpg","width":546,"height":700,"caption":"Monica Mazzoccoli, assessora allo Sport del Comune di Belluno"},{"@type":"BreadcrumbList","@id":"https:\/\/www.bellunopress.it\/2022\/11\/09\/dote-sport-rinnovata-liniziativa-il-bando-per-il-contributo-sara-on-line-a-breve\/#breadcrumb","itemListElement":[{"@type":"ListItem","position":1,"name":"Home","item":"https:\/\/www.bellunopress.it\/"},{"@type":"ListItem","position":2,"name":"Dote sport. Rinnovata l&#8217;iniziativa, il bando per il contributo sar\u00e0 on line a breve"}]},{"@type":"WebSite","@id":"https:\/\/www.bellunopress.it\/#website","url":"https:\/\/www.bellunopress.it\/","name":"Bellunopress - Dolomiti","description":"e-mail: redazione@bellunopress.it","publisher":{"@id":"https:\/\/www.bellunopress.it\/#organization"},"potentialAction":[{"@type":"SearchAction","target":{"@type":"EntryPoint","urlTemplate":"https:\/\/www.bellunopress.it\/?s={search_term_string}"},"query-input":{"@type":"PropertyValueSpecification","valueRequired":true,"valueName":"search_term_string"}}],"inLanguage":"fr-FR"},{"@type":"Organization","@id":"https:\/\/www.bellunopress.it\/#organization","name":"Bellunopress","url":"https:\/\/www.bellunopress.it\/","logo":{"@type":"ImageObject","inLanguage":"fr-FR","@id":"https:\/\/www.bellunopress.it\/#\/schema\/logo\/image\/","url":"https:\/\/www.bellunopress.it\/wp-content\/uploads\/2011\/05\/cropped-logo-bellunopress-.jpg","contentUrl":"https:\/\/www.bellunopress.it\/wp-content\/uploads\/2011\/05\/cropped-logo-bellunopress-.jpg","width":512,"height":512,"caption":"Bellunopress"},"image":{"@id":"https:\/\/www.bellunopress.it\/#\/schema\/logo\/image\/"},"sameAs":["https:\/\/www.facebook.com\/profile.php?id=100008943462799","https:\/\/x.com\/bellunopress","https:\/\/www.linkedin.com\/hp\/?dnr=JBzUWaJfMUw8vbXJJ2tVW5-I3jZKvC4wsoxE&amp;amp;amp;amp;amp;amp;trk=nav_responsive_tab_home","https:\/\/www.youtube.com\/channel\/UCxL0wu1uN0_3_7hGG0306cw"]},{"@type":"Person","@id":"https:\/\/www.bellunopress.it\/#\/schema\/person\/79bb06722b37ece1c03d3e94beb30d73","name":"r\u00e9daction","image":{"@type":"ImageObject","inLanguage":"fr-FR","@id":"https:\/\/secure.gravatar.com\/avatar\/37d968a2e67a6fd04c169c4bdef102d0bc5d31b2546345219e348575eb80e9a0?s=96&d=mm&r=g","url":"https:\/\/secure.gravatar.com\/avatar\/37d968a2e67a6fd04c169c4bdef102d0bc5d31b2546345219e348575eb80e9a0?s=96&d=mm&r=g","contentUrl":"https:\/\/secure.gravatar.com\/avatar\/37d968a2e67a6fd04c169c4bdef102d0bc5d31b2546345219e348575eb80e9a0?s=96&d=mm&r=g","caption":"redazione"},"sameAs":["http:\/\/www.bellunopress.it","https:\/\/x.com\/bellunopress"],"url":"https:\/\/www.bellunopress.it\/fr\/author\/redazione\/"}]}},"_links":{"self":[{"href":"https:\/\/www.bellunopress.it\/fr\/wp-json\/wp\/v2\/posts\/137573","targetHints":{"allow":["GET"]}}],"collection":[{"href":"https:\/\/www.bellunopress.it\/fr\/wp-json\/wp\/v2\/posts"}],"about":[{"href":"https:\/\/www.bellunopress.it\/fr\/wp-json\/wp\/v2\/types\/post"}],"author":[{"embeddable":true,"href":"https:\/\/www.bellunopress.it\/fr\/wp-json\/wp\/v2\/users\/2"}],"replies":[{"embeddable":true,"href":"https:\/\/www.bellunopress.it\/fr\/wp-json\/wp\/v2\/comments?post=137573"}],"version-history":[{"count":1,"href":"https:\/\/www.bellunopress.it\/fr\/wp-json\/wp\/v2\/posts\/137573\/revisions"}],"predecessor-version":[{"id":137574,"href":"https:\/\/www.bellunopress.it\/fr\/wp-json\/wp\/v2\/posts\/137573\/revisions\/137574"}],"wp:featuredmedia":[{"embeddable":true,"href":"https:\/\/www.bellunopress.it\/fr\/wp-json\/wp\/v2\/media\/133968"}],"wp:attachment":[{"href":"https:\/\/www.bellunopress.it\/fr\/wp-json\/wp\/v2\/media?parent=137573"}],"wp:term":[{"taxonomy":"category","embeddable":true,"href":"https:\/\/www.bellunopress.it\/fr\/wp-json\/wp\/v2\/categories?post=137573"},{"taxonomy":"post_tag","embeddable":true,"href":"https:\/\/www.bellunopress.it\/fr\/wp-json\/wp\/v2\/tags?post=137573"}],"curies":[{"name":"wp","href":"https:\/\/api.w.org\/{rel}","templated":true}]}}