{"id":137571,"date":"2022-11-09T15:35:26","date_gmt":"2022-11-09T14:35:26","guid":{"rendered":"https:\/\/www.bellunopress.it\/?p=137571"},"modified":"2022-11-09T18:33:40","modified_gmt":"2022-11-09T17:33:40","slug":"sorveglianza-pfas-cristina-guarda-ev-la-regione-veneto-approva-valori-errati-sulla-sicurezza-alimentare","status":"publish","type":"post","link":"https:\/\/www.bellunopress.it\/fr\/2022\/11\/09\/sorveglianza-pfas-cristina-guarda-ev-la-regione-veneto-approva-valori-errati-sulla-sicurezza-alimentare\/","title":{"rendered":"Sorveglianza Pfas, Cristina Guarda (EV): &#8220;La Regione Veneto approva valori errati sulla sicurezza alimentare&#8221;"},"content":{"rendered":"<figure id=\"attachment_73418\" aria-describedby=\"caption-attachment-73418\" style=\"width: 137px\" class=\"wp-caption alignleft\"><img loading=\"lazy\" decoding=\"async\" class=\"size-full wp-image-73418\" src=\"https:\/\/www.bellunopress.it\/wp-content\/uploads\/2015\/11\/Cristina-Guarda-consigliere-regionale.jpg\" alt=\"\" width=\"137\" height=\"190\" \/><figcaption id=\"caption-attachment-73418\" class=\"wp-caption-text\">Cristina Guarda, consigliere regionale<\/figcaption><\/figure>\n<p>&#8220;Rispetto a quanto indicato dagli scienziati, per la Giunta regionale la quantit\u00e0 di Pfas assimilabili senza danno raddoppia, anzi&#8230; \u00e8 4 volte pi\u00f9 alta! Ho richiesto di aggiornare i parametri.&#8221; E&#8217; quanto sostiene Cristina Guarda consigliera regionale di Europa Verde.<\/p>\n<p>E&#8217; stata pubblicata la delibera della Giunta regionale che instrada la collaborazione tra Regione del Veneto e Istituto Superiore di Sanit\u00e0 sulle azioni di sorveglianza e di monitoraggio dei Pfas, sulla questione interviene la Consigliera regionale Cristina Guarda (Europa Verde): &#8220;In presenza di una elevata concentrazione di Pfas nella dieta dei cittadini, aumentano i rischi per la salute dei cittadini perch\u00e8 aumentano i Pfas assorbiti dal corpo, un principio elementare divenuto mantra ormai da anni e anni. Sorprende quindi apprendere che, nonostante la bomba ecologica scoppiata proprio in Veneto e la preparazione vantata dalla Regione sul tema, sulla esposizione alle sostanze perfluoroalchiliche non si renda conto di riportare valori errati e si dimentichi di includere 2 tipologie di Pfas su 4!<\/p>\n<p>Infatti, l&#8217;Ente Europeo per la sicurezza alimentare parlava molto chiaro nel 2020 indicando in 4,4ng\/kg bw per settimana il valore di Pfas assimilabili, limitati a 4 tipi: Pfoa, Pfos, Pfna e Pfhxs.<br \/>\nNella recente delibera della Giunta regionale n. 706, dove si suggella il rapporto tra Regione e ISS nella sorveglianza dei Pfas, il valore assimilabile raddoppia, passando a 8 ng\/Kg per settimana, e addirittura vale solo per Pfoa e Pfos!&#8221;<\/p>\n<p>Precisa Guarda: &#8220;Sono trascorsi 7 anni da quando la Regione avrebbe dovuto stendere un vero piano di sicurezza alimentare, ma l&#8217;attesa viene vanificata nel momento in cui i parametri presi in considerazione non corrispondono a quelli indicati dalle autorit\u00e0 europee con maggiore competenza sul tema. Per questo ho presentato una interrogazione in Consiglio regionale, per chiedere all&#8217;Assessore regionale alla Sanit\u00e0 se non intenda sottoporre a revisione i parametri indicati nell&#8217;accordo tra Regione e l&#8217;Istituto di Sanit\u00e0. Basare su dati certi il valore che stabilisce quanti Pfas possiamo ingerire non \u00e8 assolutamente secondario, da questo valore dipendono le azioni di prevenzione, ma anche la diagnosi sulla salute di chi purtroppo \u00e8 stata a lungo esposto a questi veleni letali. Un errore, forse frutto di disattenzione, al quale bisogna porre urgente rimedio.&#8221;<\/p>\n<p>&nbsp;<\/p>\n<p>Secondo la Direzione del Dipartimento prevenzione \u00e8 tutto a norma.<\/p>\n<p>Venezia, 9 novembre 2022\u00a0In merito alle dichiarazioni odierne e alla interrogazione della consigliera regionale Cristina Guarda relativamente al tema della sorveglianza PFAS, la Direzione Prevenzione, Sicurezza Alimentare, Veterinaria della Regione del Veneto precisa quanto segue:<\/p>\n<p>\u201cDalla DGR 706\/2022 si evince che i valori di riferimento sono quelli stabiliti dall\u2019Autorit\u00e0 Europea per la Sicurezza Alimentare (EFSA) del 2020 e che le sostanze da valutare sono tutti i congeneri, nello specifico 14.<\/p>\n<p>Vedi al sesto capoverso delle premesse: &#8220;Alla luce delle considerazioni dell&#8217;ISS, acquisite a protocollo regionale n. 273651 del 25 giugno 2019, la Regione del Veneto ha ritenuto di procedere all\u2019elaborazione di due ulteriori piani di campionamento ed analisi con l&#8217;obiettivo, da un lato, di acquisire i dati relativi al livello di presenza delle dodici molecole PFAS, integrate da altre molecole di interesse emerse recentemente (quali GenX e cC6O4), nei prodotti alimentari e materiali a contatto con gli alimenti presenti sul mercato regionale e, dall&#8217;altro lato, di ottenere ulteriori dati analitici sui prodotti alimentari vegetali e animali campionati nella zona rossa e arancione.&#8221;<\/p>\n<p>E ancora a pagina 3 dell&#8217;Allegato A: &#8220;in tale contesto la Regione del Veneto intende affidare all&#8217;ISS l\u2019elaborazione dei piani suddetti con uno specifico disegno di studio e l\u2019analisi dei loro risultati, in particolare, da un lato, per valutare l\u2019esposizione e caratterizzare il rischio alla luce del TWI (dose settimanale tollerabile) di gruppo identificato da EFSA nel 2020 e dall\u2019altro per acquisire elementi di conoscenza sui fattori che presiedono al trasferimento di PFAS lungo le filiere agrozootecniche; la Regione del Veneto intende inoltre avvalersi del supporto tecnico-scientifico di ISS per l\u2019individuazione delle eventuali misure di gestione del rischio che dovessero rendersi necessarie sulla base dei risultati ottenuti, nonch\u00e9 per la comunicazione del rischio alla popolazione e ai portatori di interessi.&#8221;<\/p>\n<p>E in aggiunta all\u2019art. 2 della convenzione con ISS: &#8220;Art. 2 (Oggetto della Convenzione) Il presente Accordo ha ad oggetto le seguenti attivit\u00e0:<br \/>\n&#8211; il disegno del \u201cPiano di monitoraggio regionale dei PFASs sugli alimenti e sui materiali a contatto presenti sul mercato\u201d e del \u201cPiano di sorveglianza dei PFAS nei prodotti agroalimentari delle zone rossa e arancione\u201d;<br \/>\n&#8211; l\u2019analisi dei risultati, con particolare riguardo, da un lato, alla valutazione dell\u2019esposizione e alla caratterizzazione del rischio alla luce del TWI di gruppo identificato da EFSA nel 2020 &#8230;&#8221;.<\/p>\n<p>La stretta collaborazione con l\u2019ISS ci consente di proseguire nella valutazione e controllo della contaminazione da Pfas secondo quanto stabilito dai pareri EFSA ed aggiornare in tempo reale le attivit\u00e0 conseguenti nell\u2019ottica di salvaguardia della popolazione esposta\u201d.<\/p>\n<p>&nbsp;<\/p>\n<figure id=\"attachment_73418-2\" aria-describedby=\"caption-attachment-73418-2\" style=\"width: 137px\" class=\"wp-caption alignleft\"><img loading=\"lazy\" decoding=\"async\" class=\"size-full wp-image-73418\" src=\"https:\/\/www.bellunopress.it\/wp-content\/uploads\/2015\/11\/Cristina-Guarda-consigliere-regionale.jpg\" alt=\"\" width=\"137\" height=\"190\" \/><figcaption id=\"caption-attachment-73418-2\" class=\"wp-caption-text\">Cristina Guarda, consigliere regionale<\/figcaption><\/figure>\n<p>&#8220;Apprendo della tempestiva replica da parte della Direzione del Dipartimento di prevenzione alla mia interrogazione, prendo atto della difesa, ma non posso che riconfermare quanto ho gi\u00e0 espresso, poich\u00e9 le autorit\u00e0 europee non confermano affatto quanto riportato in delibera.<\/p>\n<p>Infatti la Scientific Opinion EFSA 2020, a pagina 7, indica la somma PFOA+PFOS+PFNA+PHHxS per una dose massima giornaliera (TWI) pari a 4.4 ng\/kg-settimana e, a quanto risulta dagli atti, l&#8217;ISS non ha presentato osservazioni a riguardo.<\/p>\n<p>Mentre nella DGR 706\/2022 della Regione Veneto, secondo capoverso di pagina 2 dell&#8217;Allegato B \u00e8 dato leggere quanto segue: &#8220;Nel 2020, l&#8217;Autorit\u00e0 Europea per la Sicurezza Alimentare (European Food Safety Authority, EFSA) ha adottato un TWI di gruppo pari a 8 ng\/kg p.c. per settimana per la somma di 4 molecole&#8221;.<\/p>\n<p>Speriamo che anche la mia interrogazione in Consiglio regionale trovi un riscontro tanto celere , cosa che non \u00e8 avvenuta per le precedenti interrogazioni riguardanti gli alimenti ed i dati non ancora forniti alle Mamme No Pfas, atti ispettivi in attesa di risposta da un anno.&#8221;<\/p>\n<p>E&#8217; possibile verificare a questo link la correttezza di quanto da me riportato :<br \/>\nhttps:\/\/efsa.onlinelibrary.wiley.com\/doi\/epdf\/10.2903\/j.efsa.2020.62230<\/p>\n<p>&nbsp;<\/p>","protected":false},"excerpt":{"rendered":"<p>&#8220;Rispetto a quanto indicato dagli scienziati, per la Giunta regionale la quantit\u00e0 di Pfas assimilabili senza danno raddoppia, anzi&#8230; \u00e8 4 volte pi\u00f9 alta! Ho richiesto di aggiornare i parametri.&#8221; E&#8217; quanto sostiene Cristina Guarda consigliera regionale di Europa Verde. E&#8217; stata pubblicata la delibera della Giunta regionale che instrada la collaborazione tra Regione del [&hellip;]<\/p>\n","protected":false},"author":2,"featured_media":111322,"comment_status":"closed","ping_status":"open","sticky":false,"template":"","format":"standard","meta":{"footnotes":""},"categories":[5,38],"tags":[],"class_list":["post-137571","post","type-post","status-publish","format-standard","has-post-thumbnail","category-cronaca","category-natura-ambiente"],"yoast_head":"<!-- This site is optimized with the Yoast SEO plugin v28.4 - https:\/\/yoast.com\/product\/yoast-seo-wordpress\/ -->\n<title>Sorveglianza Pfas, Cristina Guarda (EV): &quot;La Regione Veneto approva valori errati sulla sicurezza alimentare&quot; - Bellunopress - Dolomiti<\/title>\n<meta name=\"robots\" content=\"index, follow, max-snippet:-1, max-image-preview:large, max-video-preview:-1\" \/>\n<link rel=\"canonical\" href=\"https:\/\/www.bellunopress.it\/fr\/2022\/11\/09\/sorveglianza-pfas-cristina-guarda-ev-la-regione-veneto-approva-valori-errati-sulla-sicurezza-alimentare\/\" \/>\n<meta property=\"og:locale\" content=\"fr_FR\" \/>\n<meta property=\"og:type\" content=\"article\" \/>\n<meta property=\"og:title\" content=\"Sorveglianza Pfas, Cristina Guarda (EV): &quot;La Regione Veneto approva valori errati sulla sicurezza alimentare&quot; - Bellunopress - Dolomiti\" \/>\n<meta property=\"og:description\" content=\"&#8220;Rispetto a quanto indicato dagli scienziati, per la Giunta regionale la quantit\u00e0 di Pfas assimilabili senza danno raddoppia, anzi&#8230; \u00e8 4 volte pi\u00f9 alta! Ho richiesto di aggiornare i parametri.&#8221; E&#8217; quanto sostiene Cristina Guarda consigliera regionale di Europa Verde. E&#8217; stata pubblicata la delibera della Giunta regionale che instrada la collaborazione tra Regione del [&hellip;]\" \/>\n<meta property=\"og:url\" content=\"https:\/\/www.bellunopress.it\/fr\/2022\/11\/09\/sorveglianza-pfas-cristina-guarda-ev-la-regione-veneto-approva-valori-errati-sulla-sicurezza-alimentare\/\" \/>\n<meta property=\"og:site_name\" content=\"Bellunopress - Dolomiti\" \/>\n<meta property=\"article:publisher\" content=\"https:\/\/www.facebook.com\/profile.php?id=100008943462799\" \/>\n<meta property=\"article:published_time\" content=\"2022-11-09T14:35:26+00:00\" \/>\n<meta property=\"article:modified_time\" content=\"2022-11-09T17:33:40+00:00\" \/>\n<meta property=\"og:image\" content=\"https:\/\/www.bellunopress.it\/wp-content\/uploads\/2020\/01\/Europa-Verde.jpg\" \/>\n\t<meta property=\"og:image:width\" content=\"290\" \/>\n\t<meta property=\"og:image:height\" content=\"290\" \/>\n\t<meta property=\"og:image:type\" content=\"image\/jpeg\" \/>\n<meta name=\"author\" content=\"redazione\" \/>\n<meta name=\"twitter:card\" content=\"summary_large_image\" \/>\n<meta name=\"twitter:creator\" content=\"@bellunopress\" \/>\n<meta name=\"twitter:site\" content=\"@bellunopress\" \/>\n<meta name=\"twitter:label1\" content=\"Written by\" \/>\n\t<meta name=\"twitter:data1\" content=\"redazione\" \/>\n\t<meta name=\"twitter:label2\" content=\"Est. reading time\" \/>\n\t<meta name=\"twitter:data2\" content=\"6 minutes\" \/>\n<script type=\"application\/ld+json\" class=\"yoast-schema-graph\">{\"@context\":\"https:\\\/\\\/schema.org\",\"@graph\":[{\"@type\":\"Article\",\"@id\":\"https:\\\/\\\/www.bellunopress.it\\\/2022\\\/11\\\/09\\\/sorveglianza-pfas-cristina-guarda-ev-la-regione-veneto-approva-valori-errati-sulla-sicurezza-alimentare\\\/#article\",\"isPartOf\":{\"@id\":\"https:\\\/\\\/www.bellunopress.it\\\/2022\\\/11\\\/09\\\/sorveglianza-pfas-cristina-guarda-ev-la-regione-veneto-approva-valori-errati-sulla-sicurezza-alimentare\\\/\"},\"author\":{\"name\":\"redazione\",\"@id\":\"https:\\\/\\\/www.bellunopress.it\\\/#\\\/schema\\\/person\\\/79bb06722b37ece1c03d3e94beb30d73\"},\"headline\":\"Sorveglianza Pfas, Cristina Guarda (EV): &#8220;La Regione Veneto approva valori errati sulla sicurezza alimentare&#8221;\",\"datePublished\":\"2022-11-09T14:35:26+00:00\",\"dateModified\":\"2022-11-09T17:33:40+00:00\",\"mainEntityOfPage\":{\"@id\":\"https:\\\/\\\/www.bellunopress.it\\\/2022\\\/11\\\/09\\\/sorveglianza-pfas-cristina-guarda-ev-la-regione-veneto-approva-valori-errati-sulla-sicurezza-alimentare\\\/\"},\"wordCount\":1020,\"publisher\":{\"@id\":\"https:\\\/\\\/www.bellunopress.it\\\/#organization\"},\"image\":{\"@id\":\"https:\\\/\\\/www.bellunopress.it\\\/2022\\\/11\\\/09\\\/sorveglianza-pfas-cristina-guarda-ev-la-regione-veneto-approva-valori-errati-sulla-sicurezza-alimentare\\\/#primaryimage\"},\"thumbnailUrl\":\"https:\\\/\\\/www.bellunopress.it\\\/wp-content\\\/uploads\\\/2020\\\/01\\\/Europa-Verde.jpg\",\"articleSection\":[\"Cronaca\\\/Politica\",\"Meteo, natura, ambiente, animali\"],\"inLanguage\":\"fr-FR\"},{\"@type\":\"WebPage\",\"@id\":\"https:\\\/\\\/www.bellunopress.it\\\/2022\\\/11\\\/09\\\/sorveglianza-pfas-cristina-guarda-ev-la-regione-veneto-approva-valori-errati-sulla-sicurezza-alimentare\\\/\",\"url\":\"https:\\\/\\\/www.bellunopress.it\\\/2022\\\/11\\\/09\\\/sorveglianza-pfas-cristina-guarda-ev-la-regione-veneto-approva-valori-errati-sulla-sicurezza-alimentare\\\/\",\"name\":\"Sorveglianza Pfas, Cristina Guarda (EV): \\\"La Regione Veneto approva valori errati sulla sicurezza alimentare\\\" - Bellunopress - Dolomiti\",\"isPartOf\":{\"@id\":\"https:\\\/\\\/www.bellunopress.it\\\/#website\"},\"primaryImageOfPage\":{\"@id\":\"https:\\\/\\\/www.bellunopress.it\\\/2022\\\/11\\\/09\\\/sorveglianza-pfas-cristina-guarda-ev-la-regione-veneto-approva-valori-errati-sulla-sicurezza-alimentare\\\/#primaryimage\"},\"image\":{\"@id\":\"https:\\\/\\\/www.bellunopress.it\\\/2022\\\/11\\\/09\\\/sorveglianza-pfas-cristina-guarda-ev-la-regione-veneto-approva-valori-errati-sulla-sicurezza-alimentare\\\/#primaryimage\"},\"thumbnailUrl\":\"https:\\\/\\\/www.bellunopress.it\\\/wp-content\\\/uploads\\\/2020\\\/01\\\/Europa-Verde.jpg\",\"datePublished\":\"2022-11-09T14:35:26+00:00\",\"dateModified\":\"2022-11-09T17:33:40+00:00\",\"breadcrumb\":{\"@id\":\"https:\\\/\\\/www.bellunopress.it\\\/2022\\\/11\\\/09\\\/sorveglianza-pfas-cristina-guarda-ev-la-regione-veneto-approva-valori-errati-sulla-sicurezza-alimentare\\\/#breadcrumb\"},\"inLanguage\":\"fr-FR\",\"potentialAction\":[{\"@type\":\"ReadAction\",\"target\":[\"https:\\\/\\\/www.bellunopress.it\\\/2022\\\/11\\\/09\\\/sorveglianza-pfas-cristina-guarda-ev-la-regione-veneto-approva-valori-errati-sulla-sicurezza-alimentare\\\/\"]}]},{\"@type\":\"ImageObject\",\"inLanguage\":\"fr-FR\",\"@id\":\"https:\\\/\\\/www.bellunopress.it\\\/2022\\\/11\\\/09\\\/sorveglianza-pfas-cristina-guarda-ev-la-regione-veneto-approva-valori-errati-sulla-sicurezza-alimentare\\\/#primaryimage\",\"url\":\"https:\\\/\\\/www.bellunopress.it\\\/wp-content\\\/uploads\\\/2020\\\/01\\\/Europa-Verde.jpg\",\"contentUrl\":\"https:\\\/\\\/www.bellunopress.it\\\/wp-content\\\/uploads\\\/2020\\\/01\\\/Europa-Verde.jpg\",\"width\":290,\"height\":290},{\"@type\":\"BreadcrumbList\",\"@id\":\"https:\\\/\\\/www.bellunopress.it\\\/2022\\\/11\\\/09\\\/sorveglianza-pfas-cristina-guarda-ev-la-regione-veneto-approva-valori-errati-sulla-sicurezza-alimentare\\\/#breadcrumb\",\"itemListElement\":[{\"@type\":\"ListItem\",\"position\":1,\"name\":\"Home\",\"item\":\"https:\\\/\\\/www.bellunopress.it\\\/\"},{\"@type\":\"ListItem\",\"position\":2,\"name\":\"Sorveglianza Pfas, Cristina Guarda (EV): &#8220;La Regione Veneto approva valori errati sulla sicurezza alimentare&#8221;\"}]},{\"@type\":\"WebSite\",\"@id\":\"https:\\\/\\\/www.bellunopress.it\\\/#website\",\"url\":\"https:\\\/\\\/www.bellunopress.it\\\/\",\"name\":\"Bellunopress - Dolomiti\",\"description\":\"e-mail: redazione@bellunopress.it\",\"publisher\":{\"@id\":\"https:\\\/\\\/www.bellunopress.it\\\/#organization\"},\"potentialAction\":[{\"@type\":\"SearchAction\",\"target\":{\"@type\":\"EntryPoint\",\"urlTemplate\":\"https:\\\/\\\/www.bellunopress.it\\\/?s={search_term_string}\"},\"query-input\":{\"@type\":\"PropertyValueSpecification\",\"valueRequired\":true,\"valueName\":\"search_term_string\"}}],\"inLanguage\":\"fr-FR\"},{\"@type\":\"Organization\",\"@id\":\"https:\\\/\\\/www.bellunopress.it\\\/#organization\",\"name\":\"Bellunopress\",\"url\":\"https:\\\/\\\/www.bellunopress.it\\\/\",\"logo\":{\"@type\":\"ImageObject\",\"inLanguage\":\"fr-FR\",\"@id\":\"https:\\\/\\\/www.bellunopress.it\\\/#\\\/schema\\\/logo\\\/image\\\/\",\"url\":\"https:\\\/\\\/www.bellunopress.it\\\/wp-content\\\/uploads\\\/2011\\\/05\\\/cropped-logo-bellunopress-.jpg\",\"contentUrl\":\"https:\\\/\\\/www.bellunopress.it\\\/wp-content\\\/uploads\\\/2011\\\/05\\\/cropped-logo-bellunopress-.jpg\",\"width\":512,\"height\":512,\"caption\":\"Bellunopress\"},\"image\":{\"@id\":\"https:\\\/\\\/www.bellunopress.it\\\/#\\\/schema\\\/logo\\\/image\\\/\"},\"sameAs\":[\"https:\\\/\\\/www.facebook.com\\\/profile.php?id=100008943462799\",\"https:\\\/\\\/x.com\\\/bellunopress\",\"https:\\\/\\\/www.linkedin.com\\\/hp\\\/?dnr=JBzUWaJfMUw8vbXJJ2tVW5-I3jZKvC4wsoxE&amp;amp;amp;amp;amp;amp;trk=nav_responsive_tab_home\",\"https:\\\/\\\/www.youtube.com\\\/channel\\\/UCxL0wu1uN0_3_7hGG0306cw\"]},{\"@type\":\"Person\",\"@id\":\"https:\\\/\\\/www.bellunopress.it\\\/#\\\/schema\\\/person\\\/79bb06722b37ece1c03d3e94beb30d73\",\"name\":\"redazione\",\"image\":{\"@type\":\"ImageObject\",\"inLanguage\":\"fr-FR\",\"@id\":\"https:\\\/\\\/secure.gravatar.com\\\/avatar\\\/37d968a2e67a6fd04c169c4bdef102d0bc5d31b2546345219e348575eb80e9a0?s=96&d=mm&r=g\",\"url\":\"https:\\\/\\\/secure.gravatar.com\\\/avatar\\\/37d968a2e67a6fd04c169c4bdef102d0bc5d31b2546345219e348575eb80e9a0?s=96&d=mm&r=g\",\"contentUrl\":\"https:\\\/\\\/secure.gravatar.com\\\/avatar\\\/37d968a2e67a6fd04c169c4bdef102d0bc5d31b2546345219e348575eb80e9a0?s=96&d=mm&r=g\",\"caption\":\"redazione\"},\"sameAs\":[\"http:\\\/\\\/www.bellunopress.it\",\"https:\\\/\\\/x.com\\\/bellunopress\"],\"url\":\"https:\\\/\\\/www.bellunopress.it\\\/fr\\\/author\\\/redazione\\\/\"}]}<\/script>\n<!-- \/ Yoast SEO plugin. -->","yoast_head_json":{"title":"Sorveglianza Pfas, Cristina Guarda (EV): \"La Regione Veneto approva valori errati sulla sicurezza alimentare\" - Bellunopress - Dolomiti","robots":{"index":"index","follow":"follow","max-snippet":"max-snippet:-1","max-image-preview":"max-image-preview:large","max-video-preview":"max-video-preview:-1"},"canonical":"https:\/\/www.bellunopress.it\/fr\/2022\/11\/09\/sorveglianza-pfas-cristina-guarda-ev-la-regione-veneto-approva-valori-errati-sulla-sicurezza-alimentare\/","og_locale":"fr_FR","og_type":"article","og_title":"Sorveglianza Pfas, Cristina Guarda (EV): \"La Regione Veneto approva valori errati sulla sicurezza alimentare\" - Bellunopress - Dolomiti","og_description":"&#8220;Rispetto a quanto indicato dagli scienziati, per la Giunta regionale la quantit\u00e0 di Pfas assimilabili senza danno raddoppia, anzi&#8230; \u00e8 4 volte pi\u00f9 alta! Ho richiesto di aggiornare i parametri.&#8221; E&#8217; quanto sostiene Cristina Guarda consigliera regionale di Europa Verde. E&#8217; stata pubblicata la delibera della Giunta regionale che instrada la collaborazione tra Regione del [&hellip;]","og_url":"https:\/\/www.bellunopress.it\/fr\/2022\/11\/09\/sorveglianza-pfas-cristina-guarda-ev-la-regione-veneto-approva-valori-errati-sulla-sicurezza-alimentare\/","og_site_name":"Bellunopress - Dolomiti","article_publisher":"https:\/\/www.facebook.com\/profile.php?id=100008943462799","article_published_time":"2022-11-09T14:35:26+00:00","article_modified_time":"2022-11-09T17:33:40+00:00","og_image":[{"width":290,"height":290,"url":"https:\/\/www.bellunopress.it\/wp-content\/uploads\/2020\/01\/Europa-Verde.jpg","type":"image\/jpeg"}],"author":"redazione","twitter_card":"summary_large_image","twitter_creator":"@bellunopress","twitter_site":"@bellunopress","twitter_misc":{"Written by":"redazione","Est. reading time":"6 minutes"},"schema":{"@context":"https:\/\/schema.org","@graph":[{"@type":"Article","@id":"https:\/\/www.bellunopress.it\/2022\/11\/09\/sorveglianza-pfas-cristina-guarda-ev-la-regione-veneto-approva-valori-errati-sulla-sicurezza-alimentare\/#article","isPartOf":{"@id":"https:\/\/www.bellunopress.it\/2022\/11\/09\/sorveglianza-pfas-cristina-guarda-ev-la-regione-veneto-approva-valori-errati-sulla-sicurezza-alimentare\/"},"author":{"name":"redazione","@id":"https:\/\/www.bellunopress.it\/#\/schema\/person\/79bb06722b37ece1c03d3e94beb30d73"},"headline":"Sorveglianza Pfas, Cristina Guarda (EV): &#8220;La Regione Veneto approva valori errati sulla sicurezza alimentare&#8221;","datePublished":"2022-11-09T14:35:26+00:00","dateModified":"2022-11-09T17:33:40+00:00","mainEntityOfPage":{"@id":"https:\/\/www.bellunopress.it\/2022\/11\/09\/sorveglianza-pfas-cristina-guarda-ev-la-regione-veneto-approva-valori-errati-sulla-sicurezza-alimentare\/"},"wordCount":1020,"publisher":{"@id":"https:\/\/www.bellunopress.it\/#organization"},"image":{"@id":"https:\/\/www.bellunopress.it\/2022\/11\/09\/sorveglianza-pfas-cristina-guarda-ev-la-regione-veneto-approva-valori-errati-sulla-sicurezza-alimentare\/#primaryimage"},"thumbnailUrl":"https:\/\/www.bellunopress.it\/wp-content\/uploads\/2020\/01\/Europa-Verde.jpg","articleSection":["Cronaca\/Politica","Meteo, natura, ambiente, animali"],"inLanguage":"fr-FR"},{"@type":"WebPage","@id":"https:\/\/www.bellunopress.it\/2022\/11\/09\/sorveglianza-pfas-cristina-guarda-ev-la-regione-veneto-approva-valori-errati-sulla-sicurezza-alimentare\/","url":"https:\/\/www.bellunopress.it\/2022\/11\/09\/sorveglianza-pfas-cristina-guarda-ev-la-regione-veneto-approva-valori-errati-sulla-sicurezza-alimentare\/","name":"Sorveglianza Pfas, Cristina Guarda (EV): \"La Regione Veneto approva valori errati sulla sicurezza alimentare\" - Bellunopress - Dolomiti","isPartOf":{"@id":"https:\/\/www.bellunopress.it\/#website"},"primaryImageOfPage":{"@id":"https:\/\/www.bellunopress.it\/2022\/11\/09\/sorveglianza-pfas-cristina-guarda-ev-la-regione-veneto-approva-valori-errati-sulla-sicurezza-alimentare\/#primaryimage"},"image":{"@id":"https:\/\/www.bellunopress.it\/2022\/11\/09\/sorveglianza-pfas-cristina-guarda-ev-la-regione-veneto-approva-valori-errati-sulla-sicurezza-alimentare\/#primaryimage"},"thumbnailUrl":"https:\/\/www.bellunopress.it\/wp-content\/uploads\/2020\/01\/Europa-Verde.jpg","datePublished":"2022-11-09T14:35:26+00:00","dateModified":"2022-11-09T17:33:40+00:00","breadcrumb":{"@id":"https:\/\/www.bellunopress.it\/2022\/11\/09\/sorveglianza-pfas-cristina-guarda-ev-la-regione-veneto-approva-valori-errati-sulla-sicurezza-alimentare\/#breadcrumb"},"inLanguage":"fr-FR","potentialAction":[{"@type":"ReadAction","target":["https:\/\/www.bellunopress.it\/2022\/11\/09\/sorveglianza-pfas-cristina-guarda-ev-la-regione-veneto-approva-valori-errati-sulla-sicurezza-alimentare\/"]}]},{"@type":"ImageObject","inLanguage":"fr-FR","@id":"https:\/\/www.bellunopress.it\/2022\/11\/09\/sorveglianza-pfas-cristina-guarda-ev-la-regione-veneto-approva-valori-errati-sulla-sicurezza-alimentare\/#primaryimage","url":"https:\/\/www.bellunopress.it\/wp-content\/uploads\/2020\/01\/Europa-Verde.jpg","contentUrl":"https:\/\/www.bellunopress.it\/wp-content\/uploads\/2020\/01\/Europa-Verde.jpg","width":290,"height":290},{"@type":"BreadcrumbList","@id":"https:\/\/www.bellunopress.it\/2022\/11\/09\/sorveglianza-pfas-cristina-guarda-ev-la-regione-veneto-approva-valori-errati-sulla-sicurezza-alimentare\/#breadcrumb","itemListElement":[{"@type":"ListItem","position":1,"name":"Home","item":"https:\/\/www.bellunopress.it\/"},{"@type":"ListItem","position":2,"name":"Sorveglianza Pfas, Cristina Guarda (EV): &#8220;La Regione Veneto approva valori errati sulla sicurezza alimentare&#8221;"}]},{"@type":"WebSite","@id":"https:\/\/www.bellunopress.it\/#website","url":"https:\/\/www.bellunopress.it\/","name":"Bellunopress - Dolomiti","description":"e-mail: redazione@bellunopress.it","publisher":{"@id":"https:\/\/www.bellunopress.it\/#organization"},"potentialAction":[{"@type":"SearchAction","target":{"@type":"EntryPoint","urlTemplate":"https:\/\/www.bellunopress.it\/?s={search_term_string}"},"query-input":{"@type":"PropertyValueSpecification","valueRequired":true,"valueName":"search_term_string"}}],"inLanguage":"fr-FR"},{"@type":"Organization","@id":"https:\/\/www.bellunopress.it\/#organization","name":"Bellunopress","url":"https:\/\/www.bellunopress.it\/","logo":{"@type":"ImageObject","inLanguage":"fr-FR","@id":"https:\/\/www.bellunopress.it\/#\/schema\/logo\/image\/","url":"https:\/\/www.bellunopress.it\/wp-content\/uploads\/2011\/05\/cropped-logo-bellunopress-.jpg","contentUrl":"https:\/\/www.bellunopress.it\/wp-content\/uploads\/2011\/05\/cropped-logo-bellunopress-.jpg","width":512,"height":512,"caption":"Bellunopress"},"image":{"@id":"https:\/\/www.bellunopress.it\/#\/schema\/logo\/image\/"},"sameAs":["https:\/\/www.facebook.com\/profile.php?id=100008943462799","https:\/\/x.com\/bellunopress","https:\/\/www.linkedin.com\/hp\/?dnr=JBzUWaJfMUw8vbXJJ2tVW5-I3jZKvC4wsoxE&amp;amp;amp;amp;amp;amp;trk=nav_responsive_tab_home","https:\/\/www.youtube.com\/channel\/UCxL0wu1uN0_3_7hGG0306cw"]},{"@type":"Person","@id":"https:\/\/www.bellunopress.it\/#\/schema\/person\/79bb06722b37ece1c03d3e94beb30d73","name":"r\u00e9daction","image":{"@type":"ImageObject","inLanguage":"fr-FR","@id":"https:\/\/secure.gravatar.com\/avatar\/37d968a2e67a6fd04c169c4bdef102d0bc5d31b2546345219e348575eb80e9a0?s=96&d=mm&r=g","url":"https:\/\/secure.gravatar.com\/avatar\/37d968a2e67a6fd04c169c4bdef102d0bc5d31b2546345219e348575eb80e9a0?s=96&d=mm&r=g","contentUrl":"https:\/\/secure.gravatar.com\/avatar\/37d968a2e67a6fd04c169c4bdef102d0bc5d31b2546345219e348575eb80e9a0?s=96&d=mm&r=g","caption":"redazione"},"sameAs":["http:\/\/www.bellunopress.it","https:\/\/x.com\/bellunopress"],"url":"https:\/\/www.bellunopress.it\/fr\/author\/redazione\/"}]}},"_links":{"self":[{"href":"https:\/\/www.bellunopress.it\/fr\/wp-json\/wp\/v2\/posts\/137571","targetHints":{"allow":["GET"]}}],"collection":[{"href":"https:\/\/www.bellunopress.it\/fr\/wp-json\/wp\/v2\/posts"}],"about":[{"href":"https:\/\/www.bellunopress.it\/fr\/wp-json\/wp\/v2\/types\/post"}],"author":[{"embeddable":true,"href":"https:\/\/www.bellunopress.it\/fr\/wp-json\/wp\/v2\/users\/2"}],"replies":[{"embeddable":true,"href":"https:\/\/www.bellunopress.it\/fr\/wp-json\/wp\/v2\/comments?post=137571"}],"version-history":[{"count":4,"href":"https:\/\/www.bellunopress.it\/fr\/wp-json\/wp\/v2\/posts\/137571\/revisions"}],"predecessor-version":[{"id":137584,"href":"https:\/\/www.bellunopress.it\/fr\/wp-json\/wp\/v2\/posts\/137571\/revisions\/137584"}],"wp:featuredmedia":[{"embeddable":true,"href":"https:\/\/www.bellunopress.it\/fr\/wp-json\/wp\/v2\/media\/111322"}],"wp:attachment":[{"href":"https:\/\/www.bellunopress.it\/fr\/wp-json\/wp\/v2\/media?parent=137571"}],"wp:term":[{"taxonomy":"category","embeddable":true,"href":"https:\/\/www.bellunopress.it\/fr\/wp-json\/wp\/v2\/categories?post=137571"},{"taxonomy":"post_tag","embeddable":true,"href":"https:\/\/www.bellunopress.it\/fr\/wp-json\/wp\/v2\/tags?post=137571"}],"curies":[{"name":"wp","href":"https:\/\/api.w.org\/{rel}","templated":true}]}}