{"id":137568,"date":"2022-11-09T15:18:52","date_gmt":"2022-11-09T14:18:52","guid":{"rendered":"https:\/\/www.bellunopress.it\/?p=137568"},"modified":"2022-11-09T15:18:52","modified_gmt":"2022-11-09T14:18:52","slug":"una-mostra-alle-poste-centrali-dedicata-alle-foreste-infrante","status":"publish","type":"post","link":"https:\/\/www.bellunopress.it\/fr\/2022\/11\/09\/una-mostra-alle-poste-centrali-dedicata-alle-foreste-infrante\/","title":{"rendered":"Una mostra alle Poste centrali dedicata alle &#8220;Foreste infrante&#8221;"},"content":{"rendered":"<p><img loading=\"lazy\" decoding=\"async\" class=\"alignleft size-full wp-image-137569\" src=\"https:\/\/www.bellunopress.it\/wp-content\/uploads\/2022\/11\/mostra-vaia-poste-centrali_edited.jpg\" alt=\"\" width=\"956\" height=\"1000\" srcset=\"https:\/\/www.bellunopress.it\/wp-content\/uploads\/2022\/11\/mostra-vaia-poste-centrali_edited.jpg 956w, https:\/\/www.bellunopress.it\/wp-content\/uploads\/2022\/11\/mostra-vaia-poste-centrali_edited-478x500.jpg 478w, https:\/\/www.bellunopress.it\/wp-content\/uploads\/2022\/11\/mostra-vaia-poste-centrali_edited-696x728.jpg 696w, https:\/\/www.bellunopress.it\/wp-content\/uploads\/2022\/11\/mostra-vaia-poste-centrali_edited-402x420.jpg 402w\" sizes=\"auto, (max-width: 956px) 100vw, 956px\" \/>Belluno, 9 novembre 2022 &#8211; Alla fine di ottobre 2018 anche gli Uffici Postali ed i centri di recapito bellunesi furono parzialmente investiti dalla tempesta Vaia: interrotti i collegamenti stradali, la corrente elettrica, la rete telefonica e internet, mancavano notizie sullo stato di salute del personale o sulle condizioni degli edifici. Grazie all\u2019impegno di tutti i dipendenti di Belluno fu possibile ripristinare un po\u2019 alla volta i servizi: riavere denaro contante, riscuotere pensioni, ricevere o inviare posta diventava un punto di partenza verso la normalit\u00e0. A testimonianza dell\u2019impegno dell\u2019Azienda, nel maggio 2019 si svolse a Belluno un triangolare di calcio tra la Nazionale Italiana Cantanti, la Nazionale Sindaci e la Nazionale Poste Italiane. L\u2019intero ricavato dell\u2019evento fu devoluto al Fondo Welfare e Identit\u00e0 Territoriale della Provincia di Belluno.<\/p>\n<p>Nel ricordo di quelle esperienze, le Poste Centrali di Belluno si aprono oggi alla cittadinanza con un\u2019esposizione che punta anche a rendere gli spazi di piazza Castello un luogo di condivisione culturale a disposizione di tutti. Quattro anni dopo Vaia, che ha sconvolto il paesaggio ed evidenziato ancora di pi\u00f9 l\u2019urgenza e la gravit\u00e0 della questione ambientale, Poste Italiane affronta, attraverso il francobollo, il racconto delle tematiche ecologiche e della sostenibilit\u00e0.<br \/>\nIl francobollo ha sempre avuto una doppia funzione, strumento per favorire la comunicazione ma anche portatore di significati. Da tassa postale, col tempo il francobollo \u00e8 diventato anche strumento di comunicazione istituzionale. Riuscire a visualizzare in pochissimo spazio contenuti complessi \u00e8 una sfida creativa ed \u00e8 cos\u00ec che la mostra, dagli anni\u201970, racconta la questione ambientale con il linguaggio dei francobolli. Un linguaggio a volte infantile, perch\u00e9 lo schematismo del disegno dei bambini \u00e8 pi\u00f9 facilmente riproducibile in un piccolissimo spazio e si presta meglio alla sintesi: i francobolli dell\u2019epoca ci parlano di protezione di boschi, alberi, aree protette, fiori e animali.<br \/>\nE mentre in quegli anni e nel decennio seguente il dibattito politico si arricchisce di nuove consapevolezze, il francobollo si concentra un po\u2019 alla volta sugli effetti indesiderati del progresso, pur conservando un messaggio protezionista in senso stretto, come testimoniano le emissioni italiane dedicate alla Forestale, alla protezione di flora e fauna. Nel 1986 la natura diventa anche poesia e per la prima volta persino energia, accostando cos\u00ec due aspetti di quella che oggi chiamiamo sostenibilit\u00e0.<br \/>\nSono gli anni di Chernobyl: in alcuni francobolli stranieri il linguaggio appare in quegli anni pi\u00f9 esplicito ma \u00e8 con l\u2019arrivo del nuovo millennio che ci si interroga sul futuro e tra le speranze ci sono le inquietudini per il futuro.<br \/>\nProva a raccontarlo il francobollo italiano del 2000 intitolato \u201cCome vedi il futuro\u201d: un bambino sta per raggiungere con una grande scala un pianeta verde. La consapevolezza ambientale \u00e8 sempre pi\u00f9 diffusa, ma la sfida diventa sempre pi\u00f9 difficile, perch\u00e9 dalla tutela della natura si \u00e8 passati alla tutela del pianeta e del genere umano. Nello stesso anno un altro francobollo premonitore ci ammonisce su una realt\u00e0 che pareva lontana, almeno per noi occidentali: la guerra.<br \/>\nSignificativamente il 2020 \u2013 commemorato da un francobollo italiano, \u00e8 stato l\u2019anno internazionale della salute delle piante. Vaia aveva da poco evidenziato la fragilit\u00e0 delle foreste dolomitiche, prima con piante che non hanno resistito alla furia del vento poi con l\u2019attacco del bostrico, l\u2019insetto che sta lentamente uccidendo i boschi. \u201cDipendiamo dalle piante, quindi tutelarle \u00e8 necessario se si vuole tutelare l\u2019uomo\u201d, ci ricorda il botanico Stefano Mancuso, al quale si aggiungono le parole e gli allarmi lanciati in questi anni dai grandi scrittori veneti Dino Buzzati, Mario Rigoni Stern, Andrea Zanzotto.<br \/>\nNon c\u2019\u00e8 solo la denuncia, nei francobolli, c\u2019\u00e8 anche la speranza, perch\u00e9 tutti possiamo contribuire a limitare il cambiamento climatico. Nel modo in cui viaggiamo e consumiamo energia, nel cibo che mangiamo e nelle cose che compriamo, possiamo fare la differenza. Il decalogo delle Nazioni Unite verr\u00e0 infatti riprodotto in una serie di francobolli italiane chiamati Act Now, \u201cAgiamo Subito\u201d.<br \/>\nLa mostra ricorda inoltre che anche Poste Italiane sta agendo, con dei precisi obiettivi di sostenibilit\u00e0 ambientale ed alcuni progetti, con l\u2019obbiettivo delle Zero emissioni entro il 2030.<\/p>\n<p>Progetto \u201cFotovoltaico\u201d in 18 Uffici Postali e Centri di Recapito e nei 2 grandi Centri Polifunzionali di Mestre e Padova per un totale di circa 2000 kWh all\u2019anno risparmiando ogni anno circa 1.300.000 kg di CO2. Attivati 10 impianti fotovoltaici: Mestre, 2.105 mq di pannelli fotovoltaici che produrranno 353.000 kWh su un totale di 1.859.400 KWh assorbiti (risparmio di circa il 20 %). Impianti sugli uffici postali di: Martellago, Oriago, Santa Maria di Sala, Negrar, Lugagnano, Cerea, Albignasego, Legnago, Rovigo. A Padova, nelle prossime settimane saranno attivati 4.823 mq di pannelli, altri 2.410 mq nel 2023 (totale 7.233 mq), il pi\u00f9 grande impianto fotovoltaico di Poste Italiane. Altri impianti in progettazione o attivazione: Uffici di Preganziol, San Giovanni Lupatoto, Laives (BZ), Marcon, Feltre, Portogruaro, Thiene, Ronchi (GO), San Giorgio di Nogaro (UD).<br \/>\nProgetto Smart Building, per risparmiare il 15% di energia elettrica e il 10% di gas con un sistema di gestione energetica da remoto di 186 edifici in Veneto, 62 in Friuli V.G., 83 in Trentino A.A. Progetto Efficientamento energetico: avviato nelle province di Venezia, Padova, Belluno e Rovigo, Udine e Pordenone per sostituire caldaie e impianti di climatizzazione.<\/p>\n<p>Esempio pi\u00f9 recente: Belluno Castello. Progetto Serbatoi: rimozione di vecchi serbatoi e la piantumazione di alberi e siepi e creazione di un sistema di raccolta dell\u2019acqua. Progetto colonnine di ricarica mezzi elettrici: Accordo con Enel per la fornitura e la gestione di colonnine di ricarica dei mezzi elettrici. La Flotta Green Nord Est: 2511 veicoli a basse emissioni, di cui 1572 in Veneto: auto, ciclomotori e furgoni con propulsori endotermici di ultima generazione, a metano, motori ibridi e full electric.<\/p>\n<p>L\u2019esposizione \u00e8 stata realizzata in collaborazione con il Museo Postale e Telegrafico della Mitteleuropa di Trieste e potr\u00e0 essere visitata fino al 24 novembre nell\u2019orario di apertura dell\u2019Ufficio Postale Belluno Castello (luned\u00ec \u2013 venerd\u00ec 8.20 \u2013 19.05; sabato 8.20 \u2013 12.35).<\/p>","protected":false},"excerpt":{"rendered":"<p>Belluno, 9 novembre 2022 &#8211; Alla fine di ottobre 2018 anche gli Uffici Postali ed i centri di recapito bellunesi furono parzialmente investiti dalla tempesta Vaia: interrotti i collegamenti stradali, la corrente elettrica, la rete telefonica e internet, mancavano notizie sullo stato di salute del personale o sulle condizioni degli edifici. Grazie all\u2019impegno di tutti [&hellip;]<\/p>\n","protected":false},"author":2,"featured_media":137569,"comment_status":"closed","ping_status":"open","sticky":false,"template":"","format":"standard","meta":{"footnotes":""},"categories":[3,25],"tags":[],"class_list":["post-137568","post","type-post","status-publish","format-standard","has-post-thumbnail","category-arte-cultura-spettacoli-scienza-archivi","category-pausa-caffe"],"yoast_head":"<!-- This site is optimized with the Yoast SEO plugin v28.4 - https:\/\/yoast.com\/product\/yoast-seo-wordpress\/ -->\n<title>Una mostra alle Poste centrali dedicata alle &quot;Foreste infrante&quot; - Bellunopress - Dolomiti<\/title>\n<meta name=\"robots\" content=\"index, follow, max-snippet:-1, max-image-preview:large, max-video-preview:-1\" \/>\n<link rel=\"canonical\" href=\"https:\/\/www.bellunopress.it\/fr\/2022\/11\/09\/una-mostra-alle-poste-centrali-dedicata-alle-foreste-infrante\/\" \/>\n<meta property=\"og:locale\" content=\"fr_FR\" \/>\n<meta property=\"og:type\" content=\"article\" \/>\n<meta property=\"og:title\" content=\"Una mostra alle Poste centrali dedicata alle &quot;Foreste infrante&quot; - Bellunopress - Dolomiti\" \/>\n<meta property=\"og:description\" content=\"Belluno, 9 novembre 2022 &#8211; Alla fine di ottobre 2018 anche gli Uffici Postali ed i centri di recapito bellunesi furono parzialmente investiti dalla tempesta Vaia: interrotti i collegamenti stradali, la corrente elettrica, la rete telefonica e internet, mancavano notizie sullo stato di salute del personale o sulle condizioni degli edifici. Grazie all\u2019impegno di tutti [&hellip;]\" \/>\n<meta property=\"og:url\" content=\"https:\/\/www.bellunopress.it\/fr\/2022\/11\/09\/una-mostra-alle-poste-centrali-dedicata-alle-foreste-infrante\/\" \/>\n<meta property=\"og:site_name\" content=\"Bellunopress - Dolomiti\" \/>\n<meta property=\"article:publisher\" content=\"https:\/\/www.facebook.com\/profile.php?id=100008943462799\" \/>\n<meta property=\"article:published_time\" content=\"2022-11-09T14:18:52+00:00\" \/>\n<meta property=\"og:image\" content=\"https:\/\/www.bellunopress.it\/wp-content\/uploads\/2022\/11\/mostra-vaia-poste-centrali_edited.jpg\" \/>\n\t<meta property=\"og:image:width\" content=\"956\" \/>\n\t<meta property=\"og:image:height\" content=\"1000\" \/>\n\t<meta property=\"og:image:type\" content=\"image\/jpeg\" \/>\n<meta name=\"author\" content=\"redazione\" \/>\n<meta name=\"twitter:card\" content=\"summary_large_image\" \/>\n<meta name=\"twitter:creator\" content=\"@bellunopress\" \/>\n<meta name=\"twitter:site\" content=\"@bellunopress\" \/>\n<meta name=\"twitter:label1\" content=\"Written by\" \/>\n\t<meta name=\"twitter:data1\" content=\"redazione\" \/>\n\t<meta name=\"twitter:label2\" content=\"Est. reading time\" \/>\n\t<meta name=\"twitter:data2\" content=\"6 minutes\" \/>\n<script type=\"application\/ld+json\" class=\"yoast-schema-graph\">{\"@context\":\"https:\\\/\\\/schema.org\",\"@graph\":[{\"@type\":\"Article\",\"@id\":\"https:\\\/\\\/www.bellunopress.it\\\/2022\\\/11\\\/09\\\/una-mostra-alle-poste-centrali-dedicata-alle-foreste-infrante\\\/#article\",\"isPartOf\":{\"@id\":\"https:\\\/\\\/www.bellunopress.it\\\/2022\\\/11\\\/09\\\/una-mostra-alle-poste-centrali-dedicata-alle-foreste-infrante\\\/\"},\"author\":{\"name\":\"redazione\",\"@id\":\"https:\\\/\\\/www.bellunopress.it\\\/#\\\/schema\\\/person\\\/79bb06722b37ece1c03d3e94beb30d73\"},\"headline\":\"Una mostra alle Poste centrali dedicata alle &#8220;Foreste infrante&#8221;\",\"datePublished\":\"2022-11-09T14:18:52+00:00\",\"mainEntityOfPage\":{\"@id\":\"https:\\\/\\\/www.bellunopress.it\\\/2022\\\/11\\\/09\\\/una-mostra-alle-poste-centrali-dedicata-alle-foreste-infrante\\\/\"},\"wordCount\":967,\"publisher\":{\"@id\":\"https:\\\/\\\/www.bellunopress.it\\\/#organization\"},\"image\":{\"@id\":\"https:\\\/\\\/www.bellunopress.it\\\/2022\\\/11\\\/09\\\/una-mostra-alle-poste-centrali-dedicata-alle-foreste-infrante\\\/#primaryimage\"},\"thumbnailUrl\":\"https:\\\/\\\/www.bellunopress.it\\\/wp-content\\\/uploads\\\/2022\\\/11\\\/mostra-vaia-poste-centrali_edited.jpg\",\"articleSection\":[\"Arte, Cultura, Spettacoli, Scienza\",\"Pausa Caff\u00e8\"],\"inLanguage\":\"fr-FR\"},{\"@type\":\"WebPage\",\"@id\":\"https:\\\/\\\/www.bellunopress.it\\\/2022\\\/11\\\/09\\\/una-mostra-alle-poste-centrali-dedicata-alle-foreste-infrante\\\/\",\"url\":\"https:\\\/\\\/www.bellunopress.it\\\/2022\\\/11\\\/09\\\/una-mostra-alle-poste-centrali-dedicata-alle-foreste-infrante\\\/\",\"name\":\"Una mostra alle Poste centrali dedicata alle \\\"Foreste infrante\\\" - Bellunopress - Dolomiti\",\"isPartOf\":{\"@id\":\"https:\\\/\\\/www.bellunopress.it\\\/#website\"},\"primaryImageOfPage\":{\"@id\":\"https:\\\/\\\/www.bellunopress.it\\\/2022\\\/11\\\/09\\\/una-mostra-alle-poste-centrali-dedicata-alle-foreste-infrante\\\/#primaryimage\"},\"image\":{\"@id\":\"https:\\\/\\\/www.bellunopress.it\\\/2022\\\/11\\\/09\\\/una-mostra-alle-poste-centrali-dedicata-alle-foreste-infrante\\\/#primaryimage\"},\"thumbnailUrl\":\"https:\\\/\\\/www.bellunopress.it\\\/wp-content\\\/uploads\\\/2022\\\/11\\\/mostra-vaia-poste-centrali_edited.jpg\",\"datePublished\":\"2022-11-09T14:18:52+00:00\",\"breadcrumb\":{\"@id\":\"https:\\\/\\\/www.bellunopress.it\\\/2022\\\/11\\\/09\\\/una-mostra-alle-poste-centrali-dedicata-alle-foreste-infrante\\\/#breadcrumb\"},\"inLanguage\":\"fr-FR\",\"potentialAction\":[{\"@type\":\"ReadAction\",\"target\":[\"https:\\\/\\\/www.bellunopress.it\\\/2022\\\/11\\\/09\\\/una-mostra-alle-poste-centrali-dedicata-alle-foreste-infrante\\\/\"]}]},{\"@type\":\"ImageObject\",\"inLanguage\":\"fr-FR\",\"@id\":\"https:\\\/\\\/www.bellunopress.it\\\/2022\\\/11\\\/09\\\/una-mostra-alle-poste-centrali-dedicata-alle-foreste-infrante\\\/#primaryimage\",\"url\":\"https:\\\/\\\/www.bellunopress.it\\\/wp-content\\\/uploads\\\/2022\\\/11\\\/mostra-vaia-poste-centrali_edited.jpg\",\"contentUrl\":\"https:\\\/\\\/www.bellunopress.it\\\/wp-content\\\/uploads\\\/2022\\\/11\\\/mostra-vaia-poste-centrali_edited.jpg\",\"width\":956,\"height\":1000},{\"@type\":\"BreadcrumbList\",\"@id\":\"https:\\\/\\\/www.bellunopress.it\\\/2022\\\/11\\\/09\\\/una-mostra-alle-poste-centrali-dedicata-alle-foreste-infrante\\\/#breadcrumb\",\"itemListElement\":[{\"@type\":\"ListItem\",\"position\":1,\"name\":\"Home\",\"item\":\"https:\\\/\\\/www.bellunopress.it\\\/\"},{\"@type\":\"ListItem\",\"position\":2,\"name\":\"Una mostra alle Poste centrali dedicata alle &#8220;Foreste infrante&#8221;\"}]},{\"@type\":\"WebSite\",\"@id\":\"https:\\\/\\\/www.bellunopress.it\\\/#website\",\"url\":\"https:\\\/\\\/www.bellunopress.it\\\/\",\"name\":\"Bellunopress - Dolomiti\",\"description\":\"e-mail: redazione@bellunopress.it\",\"publisher\":{\"@id\":\"https:\\\/\\\/www.bellunopress.it\\\/#organization\"},\"potentialAction\":[{\"@type\":\"SearchAction\",\"target\":{\"@type\":\"EntryPoint\",\"urlTemplate\":\"https:\\\/\\\/www.bellunopress.it\\\/?s={search_term_string}\"},\"query-input\":{\"@type\":\"PropertyValueSpecification\",\"valueRequired\":true,\"valueName\":\"search_term_string\"}}],\"inLanguage\":\"fr-FR\"},{\"@type\":\"Organization\",\"@id\":\"https:\\\/\\\/www.bellunopress.it\\\/#organization\",\"name\":\"Bellunopress\",\"url\":\"https:\\\/\\\/www.bellunopress.it\\\/\",\"logo\":{\"@type\":\"ImageObject\",\"inLanguage\":\"fr-FR\",\"@id\":\"https:\\\/\\\/www.bellunopress.it\\\/#\\\/schema\\\/logo\\\/image\\\/\",\"url\":\"https:\\\/\\\/www.bellunopress.it\\\/wp-content\\\/uploads\\\/2011\\\/05\\\/cropped-logo-bellunopress-.jpg\",\"contentUrl\":\"https:\\\/\\\/www.bellunopress.it\\\/wp-content\\\/uploads\\\/2011\\\/05\\\/cropped-logo-bellunopress-.jpg\",\"width\":512,\"height\":512,\"caption\":\"Bellunopress\"},\"image\":{\"@id\":\"https:\\\/\\\/www.bellunopress.it\\\/#\\\/schema\\\/logo\\\/image\\\/\"},\"sameAs\":[\"https:\\\/\\\/www.facebook.com\\\/profile.php?id=100008943462799\",\"https:\\\/\\\/x.com\\\/bellunopress\",\"https:\\\/\\\/www.linkedin.com\\\/hp\\\/?dnr=JBzUWaJfMUw8vbXJJ2tVW5-I3jZKvC4wsoxE&amp;amp;amp;amp;amp;amp;trk=nav_responsive_tab_home\",\"https:\\\/\\\/www.youtube.com\\\/channel\\\/UCxL0wu1uN0_3_7hGG0306cw\"]},{\"@type\":\"Person\",\"@id\":\"https:\\\/\\\/www.bellunopress.it\\\/#\\\/schema\\\/person\\\/79bb06722b37ece1c03d3e94beb30d73\",\"name\":\"redazione\",\"image\":{\"@type\":\"ImageObject\",\"inLanguage\":\"fr-FR\",\"@id\":\"https:\\\/\\\/secure.gravatar.com\\\/avatar\\\/37d968a2e67a6fd04c169c4bdef102d0bc5d31b2546345219e348575eb80e9a0?s=96&d=mm&r=g\",\"url\":\"https:\\\/\\\/secure.gravatar.com\\\/avatar\\\/37d968a2e67a6fd04c169c4bdef102d0bc5d31b2546345219e348575eb80e9a0?s=96&d=mm&r=g\",\"contentUrl\":\"https:\\\/\\\/secure.gravatar.com\\\/avatar\\\/37d968a2e67a6fd04c169c4bdef102d0bc5d31b2546345219e348575eb80e9a0?s=96&d=mm&r=g\",\"caption\":\"redazione\"},\"sameAs\":[\"http:\\\/\\\/www.bellunopress.it\",\"https:\\\/\\\/x.com\\\/bellunopress\"],\"url\":\"https:\\\/\\\/www.bellunopress.it\\\/fr\\\/author\\\/redazione\\\/\"}]}<\/script>\n<!-- \/ Yoast SEO plugin. -->","yoast_head_json":{"title":"Una mostra alle Poste centrali dedicata alle \"Foreste infrante\" - Bellunopress - Dolomiti","robots":{"index":"index","follow":"follow","max-snippet":"max-snippet:-1","max-image-preview":"max-image-preview:large","max-video-preview":"max-video-preview:-1"},"canonical":"https:\/\/www.bellunopress.it\/fr\/2022\/11\/09\/una-mostra-alle-poste-centrali-dedicata-alle-foreste-infrante\/","og_locale":"fr_FR","og_type":"article","og_title":"Una mostra alle Poste centrali dedicata alle \"Foreste infrante\" - Bellunopress - Dolomiti","og_description":"Belluno, 9 novembre 2022 &#8211; Alla fine di ottobre 2018 anche gli Uffici Postali ed i centri di recapito bellunesi furono parzialmente investiti dalla tempesta Vaia: interrotti i collegamenti stradali, la corrente elettrica, la rete telefonica e internet, mancavano notizie sullo stato di salute del personale o sulle condizioni degli edifici. Grazie all\u2019impegno di tutti [&hellip;]","og_url":"https:\/\/www.bellunopress.it\/fr\/2022\/11\/09\/una-mostra-alle-poste-centrali-dedicata-alle-foreste-infrante\/","og_site_name":"Bellunopress - Dolomiti","article_publisher":"https:\/\/www.facebook.com\/profile.php?id=100008943462799","article_published_time":"2022-11-09T14:18:52+00:00","og_image":[{"width":956,"height":1000,"url":"https:\/\/www.bellunopress.it\/wp-content\/uploads\/2022\/11\/mostra-vaia-poste-centrali_edited.jpg","type":"image\/jpeg"}],"author":"redazione","twitter_card":"summary_large_image","twitter_creator":"@bellunopress","twitter_site":"@bellunopress","twitter_misc":{"Written by":"redazione","Est. reading time":"6 minutes"},"schema":{"@context":"https:\/\/schema.org","@graph":[{"@type":"Article","@id":"https:\/\/www.bellunopress.it\/2022\/11\/09\/una-mostra-alle-poste-centrali-dedicata-alle-foreste-infrante\/#article","isPartOf":{"@id":"https:\/\/www.bellunopress.it\/2022\/11\/09\/una-mostra-alle-poste-centrali-dedicata-alle-foreste-infrante\/"},"author":{"name":"redazione","@id":"https:\/\/www.bellunopress.it\/#\/schema\/person\/79bb06722b37ece1c03d3e94beb30d73"},"headline":"Una mostra alle Poste centrali dedicata alle &#8220;Foreste infrante&#8221;","datePublished":"2022-11-09T14:18:52+00:00","mainEntityOfPage":{"@id":"https:\/\/www.bellunopress.it\/2022\/11\/09\/una-mostra-alle-poste-centrali-dedicata-alle-foreste-infrante\/"},"wordCount":967,"publisher":{"@id":"https:\/\/www.bellunopress.it\/#organization"},"image":{"@id":"https:\/\/www.bellunopress.it\/2022\/11\/09\/una-mostra-alle-poste-centrali-dedicata-alle-foreste-infrante\/#primaryimage"},"thumbnailUrl":"https:\/\/www.bellunopress.it\/wp-content\/uploads\/2022\/11\/mostra-vaia-poste-centrali_edited.jpg","articleSection":["Arte, Cultura, Spettacoli, Scienza","Pausa Caff\u00e8"],"inLanguage":"fr-FR"},{"@type":"WebPage","@id":"https:\/\/www.bellunopress.it\/2022\/11\/09\/una-mostra-alle-poste-centrali-dedicata-alle-foreste-infrante\/","url":"https:\/\/www.bellunopress.it\/2022\/11\/09\/una-mostra-alle-poste-centrali-dedicata-alle-foreste-infrante\/","name":"Una mostra alle Poste centrali dedicata alle \"Foreste infrante\" - Bellunopress - Dolomiti","isPartOf":{"@id":"https:\/\/www.bellunopress.it\/#website"},"primaryImageOfPage":{"@id":"https:\/\/www.bellunopress.it\/2022\/11\/09\/una-mostra-alle-poste-centrali-dedicata-alle-foreste-infrante\/#primaryimage"},"image":{"@id":"https:\/\/www.bellunopress.it\/2022\/11\/09\/una-mostra-alle-poste-centrali-dedicata-alle-foreste-infrante\/#primaryimage"},"thumbnailUrl":"https:\/\/www.bellunopress.it\/wp-content\/uploads\/2022\/11\/mostra-vaia-poste-centrali_edited.jpg","datePublished":"2022-11-09T14:18:52+00:00","breadcrumb":{"@id":"https:\/\/www.bellunopress.it\/2022\/11\/09\/una-mostra-alle-poste-centrali-dedicata-alle-foreste-infrante\/#breadcrumb"},"inLanguage":"fr-FR","potentialAction":[{"@type":"ReadAction","target":["https:\/\/www.bellunopress.it\/2022\/11\/09\/una-mostra-alle-poste-centrali-dedicata-alle-foreste-infrante\/"]}]},{"@type":"ImageObject","inLanguage":"fr-FR","@id":"https:\/\/www.bellunopress.it\/2022\/11\/09\/una-mostra-alle-poste-centrali-dedicata-alle-foreste-infrante\/#primaryimage","url":"https:\/\/www.bellunopress.it\/wp-content\/uploads\/2022\/11\/mostra-vaia-poste-centrali_edited.jpg","contentUrl":"https:\/\/www.bellunopress.it\/wp-content\/uploads\/2022\/11\/mostra-vaia-poste-centrali_edited.jpg","width":956,"height":1000},{"@type":"BreadcrumbList","@id":"https:\/\/www.bellunopress.it\/2022\/11\/09\/una-mostra-alle-poste-centrali-dedicata-alle-foreste-infrante\/#breadcrumb","itemListElement":[{"@type":"ListItem","position":1,"name":"Home","item":"https:\/\/www.bellunopress.it\/"},{"@type":"ListItem","position":2,"name":"Una mostra alle Poste centrali dedicata alle &#8220;Foreste infrante&#8221;"}]},{"@type":"WebSite","@id":"https:\/\/www.bellunopress.it\/#website","url":"https:\/\/www.bellunopress.it\/","name":"Bellunopress - Dolomiti","description":"e-mail: redazione@bellunopress.it","publisher":{"@id":"https:\/\/www.bellunopress.it\/#organization"},"potentialAction":[{"@type":"SearchAction","target":{"@type":"EntryPoint","urlTemplate":"https:\/\/www.bellunopress.it\/?s={search_term_string}"},"query-input":{"@type":"PropertyValueSpecification","valueRequired":true,"valueName":"search_term_string"}}],"inLanguage":"fr-FR"},{"@type":"Organization","@id":"https:\/\/www.bellunopress.it\/#organization","name":"Bellunopress","url":"https:\/\/www.bellunopress.it\/","logo":{"@type":"ImageObject","inLanguage":"fr-FR","@id":"https:\/\/www.bellunopress.it\/#\/schema\/logo\/image\/","url":"https:\/\/www.bellunopress.it\/wp-content\/uploads\/2011\/05\/cropped-logo-bellunopress-.jpg","contentUrl":"https:\/\/www.bellunopress.it\/wp-content\/uploads\/2011\/05\/cropped-logo-bellunopress-.jpg","width":512,"height":512,"caption":"Bellunopress"},"image":{"@id":"https:\/\/www.bellunopress.it\/#\/schema\/logo\/image\/"},"sameAs":["https:\/\/www.facebook.com\/profile.php?id=100008943462799","https:\/\/x.com\/bellunopress","https:\/\/www.linkedin.com\/hp\/?dnr=JBzUWaJfMUw8vbXJJ2tVW5-I3jZKvC4wsoxE&amp;amp;amp;amp;amp;amp;trk=nav_responsive_tab_home","https:\/\/www.youtube.com\/channel\/UCxL0wu1uN0_3_7hGG0306cw"]},{"@type":"Person","@id":"https:\/\/www.bellunopress.it\/#\/schema\/person\/79bb06722b37ece1c03d3e94beb30d73","name":"r\u00e9daction","image":{"@type":"ImageObject","inLanguage":"fr-FR","@id":"https:\/\/secure.gravatar.com\/avatar\/37d968a2e67a6fd04c169c4bdef102d0bc5d31b2546345219e348575eb80e9a0?s=96&d=mm&r=g","url":"https:\/\/secure.gravatar.com\/avatar\/37d968a2e67a6fd04c169c4bdef102d0bc5d31b2546345219e348575eb80e9a0?s=96&d=mm&r=g","contentUrl":"https:\/\/secure.gravatar.com\/avatar\/37d968a2e67a6fd04c169c4bdef102d0bc5d31b2546345219e348575eb80e9a0?s=96&d=mm&r=g","caption":"redazione"},"sameAs":["http:\/\/www.bellunopress.it","https:\/\/x.com\/bellunopress"],"url":"https:\/\/www.bellunopress.it\/fr\/author\/redazione\/"}]}},"_links":{"self":[{"href":"https:\/\/www.bellunopress.it\/fr\/wp-json\/wp\/v2\/posts\/137568","targetHints":{"allow":["GET"]}}],"collection":[{"href":"https:\/\/www.bellunopress.it\/fr\/wp-json\/wp\/v2\/posts"}],"about":[{"href":"https:\/\/www.bellunopress.it\/fr\/wp-json\/wp\/v2\/types\/post"}],"author":[{"embeddable":true,"href":"https:\/\/www.bellunopress.it\/fr\/wp-json\/wp\/v2\/users\/2"}],"replies":[{"embeddable":true,"href":"https:\/\/www.bellunopress.it\/fr\/wp-json\/wp\/v2\/comments?post=137568"}],"version-history":[{"count":1,"href":"https:\/\/www.bellunopress.it\/fr\/wp-json\/wp\/v2\/posts\/137568\/revisions"}],"predecessor-version":[{"id":137570,"href":"https:\/\/www.bellunopress.it\/fr\/wp-json\/wp\/v2\/posts\/137568\/revisions\/137570"}],"wp:featuredmedia":[{"embeddable":true,"href":"https:\/\/www.bellunopress.it\/fr\/wp-json\/wp\/v2\/media\/137569"}],"wp:attachment":[{"href":"https:\/\/www.bellunopress.it\/fr\/wp-json\/wp\/v2\/media?parent=137568"}],"wp:term":[{"taxonomy":"category","embeddable":true,"href":"https:\/\/www.bellunopress.it\/fr\/wp-json\/wp\/v2\/categories?post=137568"},{"taxonomy":"post_tag","embeddable":true,"href":"https:\/\/www.bellunopress.it\/fr\/wp-json\/wp\/v2\/tags?post=137568"}],"curies":[{"name":"wp","href":"https:\/\/api.w.org\/{rel}","templated":true}]}}