{"id":137561,"date":"2022-11-08T17:34:24","date_gmt":"2022-11-08T16:34:24","guid":{"rendered":"https:\/\/www.bellunopress.it\/?p=137561"},"modified":"2022-11-09T10:47:49","modified_gmt":"2022-11-09T09:47:49","slug":"solidarieta-ai-proprietari-dellhotel-ponte-serra","status":"publish","type":"post","link":"https:\/\/www.bellunopress.it\/fr\/2022\/11\/08\/solidarieta-ai-proprietari-dellhotel-ponte-serra\/","title":{"rendered":"Solidariet\u00e0 ai proprietari dell&#8217;hotel Ponte Serra. L&#8217;Associazione Turistica Lamon apre un conto corrente per la raccolta fondi"},"content":{"rendered":"<p><img loading=\"lazy\" decoding=\"async\" class=\"alignleft size-full wp-image-137548\" src=\"https:\/\/www.bellunopress.it\/wp-content\/uploads\/2022\/11\/albergo-ponte-serra_edited.jpg\" alt=\"\" width=\"1000\" height=\"750\" srcset=\"https:\/\/www.bellunopress.it\/wp-content\/uploads\/2022\/11\/albergo-ponte-serra_edited.jpg 1000w, https:\/\/www.bellunopress.it\/wp-content\/uploads\/2022\/11\/albergo-ponte-serra_edited-500x375.jpg 500w, https:\/\/www.bellunopress.it\/wp-content\/uploads\/2022\/11\/albergo-ponte-serra_edited-696x522.jpg 696w, https:\/\/www.bellunopress.it\/wp-content\/uploads\/2022\/11\/albergo-ponte-serra_edited-560x420.jpg 560w, https:\/\/www.bellunopress.it\/wp-content\/uploads\/2022\/11\/albergo-ponte-serra_edited-80x60.jpg 80w, https:\/\/www.bellunopress.it\/wp-content\/uploads\/2022\/11\/albergo-ponte-serra_edited-265x198.jpg 265w\" sizes=\"auto, (max-width: 1000px) 100vw, 1000px\" \/><\/p>\n<p><strong> Associazione Solidariet\u00e0 agli amici Debora e Davide.<\/strong><br \/>\n<strong>In queste ore l&#8217;A.T.L. ( Associazione Turistica Lamon) ha attivato un conto corrente per raccogliere fondi a favore dell&#8217; Osteria Ponte Serra.<\/strong><br \/>\n<strong>Questo l&#8217;iban: IT75U0810261140000023001793<\/strong><br \/>\n<strong>A.T.L. ASSOCIAZIONE TURISTICA LAMON<\/strong><br \/>\n<strong>CAUSALE: RACCOLTA FONDI A FAVORE OSTERIA PONTE SERRA<\/strong><\/p>\n<p>\u00abLa notizia del rogo alla Locanda Ponte Serra ci ha profondamente colpiti. Da Confcommercio e Federalberghi la vicinanza ai titolari Debora e Davide che avevano tanto investito e creduto nella loro attivit\u00e0. Siamo senza parole, \u00e8 un dispiacere profondo vedere come in un attimo possano interrompersi sogni e progetti di colleghi cos\u00ec dediti alla<br \/>\npropria attivit\u00e0\u00bb. Cos\u00ec Walter De Cassan, presidente di Federalberghi Belluno, commenta la triste notizia dell\u2019incendio di stamattina nei pressi di Lamon.<br \/>\n\u00abOltre alla vicinanza del nostro sistema associativo raccolto in Confcommercio Belluno ed a nome di tutti i colleghi\u00bb, afferma De Cassan, \u00abci tengo a portare anche la vicinanza di Federalberghi Veneto il cui presidente Massimiliano Schiavon mi ha contattato pi\u00f9 volte in giornata per essere aggiornato e per esprimere solidariet\u00e0 e partecipazione\u00bb.<br \/>\n\u00abConfidiamo che l\u2019eccezionale lavoro svolto dai Vigili del Fuoco ai quali va il ringraziamento dell\u2019intera comunit\u00e0 abbia limitato i danni lasciando aperti spiragli e speranze di ripartenza\u00bb<\/p>\n<p>&nbsp;<\/p>\n<p>&#8220;Le immagini della Locanda Ponte Serra in fiamme stringono il cuore, piena solidariet\u00e0 ai proprietari&#8221;, sono le parole dei consiglieri regionali della Lega Silvia Cestaro e Giovanni Puppato, una volta appresa la notizia dell&#8217;incendio divampato alle prime luci dell&#8217;alba alla storica struttura.\u00a0&#8220;E&#8217; un dispiacere enorme, parliamo di un punto di riferimento per chi frequenta l&#8217;asse Feltre \u2013 Primiero \u2013 dichiara Cestaro -, ma soprattutto parliamo di un locale storico, che ha segnato il viaggio di molti viandanti e commercianti nell&#8217;Ottocento e che di recente era stato riaperto. Il nostro augurio \u00e8 che presto i titolari possano tornare a riaprire e ad offrire la qualit\u00e0 e la professionalit\u00e0 con cui si sono contraddistinti fino ad oggi&#8221;.<br \/>\n&#8220;La riapertura della Locanda nel 2017, dopo oltre quarant&#8217;anni di chiusura, \u00e8 stato un atto di coraggio e di speranza, allo stesso tempo, per il nostro territorio e in particolare per quelle zone decentrate dove i servizi pi\u00f9 che aprire chiudono \u2013 osserva il consigliere Puppato -, per questo oggi mi sento di dire ai titolari di non mollare e di non esitare a domandare aiuto, perch\u00e9 la comunit\u00e0 \u00e8 con loro e questa storia merita un lieto fine&#8221;.<\/p>\n<p>&nbsp;<\/p>\n<p>E&#8217; con profonda tristezza che abbiamo appreso dell&#8217;incendio alla Locanda Ponte Serra, il comitato organizzatore esprime tutta la propria solidariet\u00e0 ai titolari della struttura ricettiva che in pochi anni era diventata un punto di riferimento prezioso per i ciclisti che raggiungevano Feltre da tutto il mondo per partecipare alla granfondo Sportful Dolomiti Race.\u00a0Grazie ai lavori di ristrutturazione dello stabile, finalmente anche nei giorni della granfondo potevamo contare su nuovi posti letto e soprattutto un nuovo albergo che in poco tempo era riuscito a farsi apprezzare per la qualit\u00e0 della struttura e del servizio, per la professionalit\u00e0 di titolari e dipendenti che avevano creato un luogo che sapeva anche promuovere le tradizioni del territorio, oltre ad avere un ottimo rapporto qualit\u00e0 prezzo. Come organizzatori avevamo trovato una struttura con cui collaborare concretamente e che assecondava le esigenze dei nostri ospiti (ciclisti ma soprattutto giornalisti italiani e stranieri) con un senso di ospitalit\u00e0 che era molto apprezzato.\u00a0Dispiace veramente tantissimo, quanto accaduto rappresenta una grave perdita per i titolari ma anche per tutto il territorio feltrino.\u00a0Il comitato organizzatore augura ai titolari Davide e Debora di poter ripristinare il piccolo gioiello che erano riusciti a creare, a continuare a credere nei loro sogni e li invita a non mollare&#8230; perch\u00e9 dopo una salita c&#8217;\u00e8 sempre una discesa!<br \/>\nil comitato organizzatore<\/p>\n<p><strong>Sportful Dolomiti Race<\/strong><\/p>","protected":false},"excerpt":{"rendered":"<p>Associazione Solidariet\u00e0 agli amici Debora e Davide. In queste ore l&#8217;A.T.L. ( Associazione Turistica Lamon) ha attivato un conto corrente per raccogliere fondi a favore dell&#8217; Osteria Ponte Serra. Questo l&#8217;iban: IT75U0810261140000023001793 A.T.L. ASSOCIAZIONE TURISTICA LAMON CAUSALE: RACCOLTA FONDI A FAVORE OSTERIA PONTE SERRA \u00abLa notizia del rogo alla Locanda Ponte Serra ci ha profondamente [&hellip;]<\/p>\n","protected":false},"author":2,"featured_media":137548,"comment_status":"closed","ping_status":"open","sticky":false,"template":"","format":"standard","meta":{"footnotes":""},"categories":[5,36,26,8],"tags":[],"class_list":["post-137561","post","type-post","status-publish","format-standard","has-post-thumbnail","category-cronaca","category-lavoro-economia","category-prima-pagina","category-societa-istituzioni"],"yoast_head":"<!-- This site is optimized with the Yoast SEO plugin v28.4 - https:\/\/yoast.com\/product\/yoast-seo-wordpress\/ -->\n<title>Solidariet\u00e0 ai proprietari dell&#039;hotel Ponte Serra. L&#039;Associazione Turistica Lamon apre un conto corrente per la raccolta fondi - Bellunopress - Dolomiti<\/title>\n<meta name=\"robots\" content=\"index, follow, max-snippet:-1, max-image-preview:large, max-video-preview:-1\" \/>\n<link rel=\"canonical\" href=\"https:\/\/www.bellunopress.it\/fr\/2022\/11\/08\/solidarieta-ai-proprietari-dellhotel-ponte-serra\/\" \/>\n<meta property=\"og:locale\" content=\"fr_FR\" \/>\n<meta property=\"og:type\" content=\"article\" \/>\n<meta property=\"og:title\" content=\"Solidariet\u00e0 ai proprietari dell&#039;hotel Ponte Serra. L&#039;Associazione Turistica Lamon apre un conto corrente per la raccolta fondi - Bellunopress - Dolomiti\" \/>\n<meta property=\"og:description\" content=\"Associazione Solidariet\u00e0 agli amici Debora e Davide. In queste ore l&#8217;A.T.L. ( Associazione Turistica Lamon) ha attivato un conto corrente per raccogliere fondi a favore dell&#8217; Osteria Ponte Serra. Questo l&#8217;iban: IT75U0810261140000023001793 A.T.L. ASSOCIAZIONE TURISTICA LAMON CAUSALE: RACCOLTA FONDI A FAVORE OSTERIA PONTE SERRA \u00abLa notizia del rogo alla Locanda Ponte Serra ci ha profondamente [&hellip;]\" \/>\n<meta property=\"og:url\" content=\"https:\/\/www.bellunopress.it\/fr\/2022\/11\/08\/solidarieta-ai-proprietari-dellhotel-ponte-serra\/\" \/>\n<meta property=\"og:site_name\" content=\"Bellunopress - Dolomiti\" \/>\n<meta property=\"article:publisher\" content=\"https:\/\/www.facebook.com\/profile.php?id=100008943462799\" \/>\n<meta property=\"article:published_time\" content=\"2022-11-08T16:34:24+00:00\" \/>\n<meta property=\"article:modified_time\" content=\"2022-11-09T09:47:49+00:00\" \/>\n<meta property=\"og:image\" content=\"https:\/\/www.bellunopress.it\/wp-content\/uploads\/2022\/11\/albergo-ponte-serra_edited.jpg\" \/>\n\t<meta property=\"og:image:width\" content=\"1000\" \/>\n\t<meta property=\"og:image:height\" content=\"750\" \/>\n\t<meta property=\"og:image:type\" content=\"image\/jpeg\" \/>\n<meta name=\"author\" content=\"redazione\" \/>\n<meta name=\"twitter:card\" content=\"summary_large_image\" \/>\n<meta name=\"twitter:creator\" content=\"@bellunopress\" \/>\n<meta name=\"twitter:site\" content=\"@bellunopress\" \/>\n<meta name=\"twitter:label1\" content=\"Written by\" \/>\n\t<meta name=\"twitter:data1\" content=\"redazione\" \/>\n\t<meta name=\"twitter:label2\" content=\"Est. reading time\" \/>\n\t<meta name=\"twitter:data2\" content=\"4 minutes\" \/>\n<script type=\"application\/ld+json\" class=\"yoast-schema-graph\">{\"@context\":\"https:\\\/\\\/schema.org\",\"@graph\":[{\"@type\":\"Article\",\"@id\":\"https:\\\/\\\/www.bellunopress.it\\\/2022\\\/11\\\/08\\\/solidarieta-ai-proprietari-dellhotel-ponte-serra\\\/#article\",\"isPartOf\":{\"@id\":\"https:\\\/\\\/www.bellunopress.it\\\/2022\\\/11\\\/08\\\/solidarieta-ai-proprietari-dellhotel-ponte-serra\\\/\"},\"author\":{\"name\":\"redazione\",\"@id\":\"https:\\\/\\\/www.bellunopress.it\\\/#\\\/schema\\\/person\\\/79bb06722b37ece1c03d3e94beb30d73\"},\"headline\":\"Solidariet\u00e0 ai proprietari dell&#8217;hotel Ponte Serra. L&#8217;Associazione Turistica Lamon apre un conto corrente per la raccolta fondi\",\"datePublished\":\"2022-11-08T16:34:24+00:00\",\"dateModified\":\"2022-11-09T09:47:49+00:00\",\"mainEntityOfPage\":{\"@id\":\"https:\\\/\\\/www.bellunopress.it\\\/2022\\\/11\\\/08\\\/solidarieta-ai-proprietari-dellhotel-ponte-serra\\\/\"},\"wordCount\":643,\"publisher\":{\"@id\":\"https:\\\/\\\/www.bellunopress.it\\\/#organization\"},\"image\":{\"@id\":\"https:\\\/\\\/www.bellunopress.it\\\/2022\\\/11\\\/08\\\/solidarieta-ai-proprietari-dellhotel-ponte-serra\\\/#primaryimage\"},\"thumbnailUrl\":\"https:\\\/\\\/www.bellunopress.it\\\/wp-content\\\/uploads\\\/2022\\\/11\\\/albergo-ponte-serra_edited.jpg\",\"articleSection\":[\"Cronaca\\\/Politica\",\"Lavoro, Economia, Turismo\",\"Prima Pagina\",\"Societ\u00e0, Associazioni, Istituzioni\"],\"inLanguage\":\"fr-FR\"},{\"@type\":\"WebPage\",\"@id\":\"https:\\\/\\\/www.bellunopress.it\\\/2022\\\/11\\\/08\\\/solidarieta-ai-proprietari-dellhotel-ponte-serra\\\/\",\"url\":\"https:\\\/\\\/www.bellunopress.it\\\/2022\\\/11\\\/08\\\/solidarieta-ai-proprietari-dellhotel-ponte-serra\\\/\",\"name\":\"Solidariet\u00e0 ai proprietari dell'hotel Ponte Serra. L'Associazione Turistica Lamon apre un conto corrente per la raccolta fondi - Bellunopress - Dolomiti\",\"isPartOf\":{\"@id\":\"https:\\\/\\\/www.bellunopress.it\\\/#website\"},\"primaryImageOfPage\":{\"@id\":\"https:\\\/\\\/www.bellunopress.it\\\/2022\\\/11\\\/08\\\/solidarieta-ai-proprietari-dellhotel-ponte-serra\\\/#primaryimage\"},\"image\":{\"@id\":\"https:\\\/\\\/www.bellunopress.it\\\/2022\\\/11\\\/08\\\/solidarieta-ai-proprietari-dellhotel-ponte-serra\\\/#primaryimage\"},\"thumbnailUrl\":\"https:\\\/\\\/www.bellunopress.it\\\/wp-content\\\/uploads\\\/2022\\\/11\\\/albergo-ponte-serra_edited.jpg\",\"datePublished\":\"2022-11-08T16:34:24+00:00\",\"dateModified\":\"2022-11-09T09:47:49+00:00\",\"breadcrumb\":{\"@id\":\"https:\\\/\\\/www.bellunopress.it\\\/2022\\\/11\\\/08\\\/solidarieta-ai-proprietari-dellhotel-ponte-serra\\\/#breadcrumb\"},\"inLanguage\":\"fr-FR\",\"potentialAction\":[{\"@type\":\"ReadAction\",\"target\":[\"https:\\\/\\\/www.bellunopress.it\\\/2022\\\/11\\\/08\\\/solidarieta-ai-proprietari-dellhotel-ponte-serra\\\/\"]}]},{\"@type\":\"ImageObject\",\"inLanguage\":\"fr-FR\",\"@id\":\"https:\\\/\\\/www.bellunopress.it\\\/2022\\\/11\\\/08\\\/solidarieta-ai-proprietari-dellhotel-ponte-serra\\\/#primaryimage\",\"url\":\"https:\\\/\\\/www.bellunopress.it\\\/wp-content\\\/uploads\\\/2022\\\/11\\\/albergo-ponte-serra_edited.jpg\",\"contentUrl\":\"https:\\\/\\\/www.bellunopress.it\\\/wp-content\\\/uploads\\\/2022\\\/11\\\/albergo-ponte-serra_edited.jpg\",\"width\":1000,\"height\":750},{\"@type\":\"BreadcrumbList\",\"@id\":\"https:\\\/\\\/www.bellunopress.it\\\/2022\\\/11\\\/08\\\/solidarieta-ai-proprietari-dellhotel-ponte-serra\\\/#breadcrumb\",\"itemListElement\":[{\"@type\":\"ListItem\",\"position\":1,\"name\":\"Home\",\"item\":\"https:\\\/\\\/www.bellunopress.it\\\/\"},{\"@type\":\"ListItem\",\"position\":2,\"name\":\"Solidariet\u00e0 ai proprietari dell&#8217;hotel Ponte Serra. L&#8217;Associazione Turistica Lamon apre un conto corrente per la raccolta fondi\"}]},{\"@type\":\"WebSite\",\"@id\":\"https:\\\/\\\/www.bellunopress.it\\\/#website\",\"url\":\"https:\\\/\\\/www.bellunopress.it\\\/\",\"name\":\"Bellunopress - Dolomiti\",\"description\":\"e-mail: redazione@bellunopress.it\",\"publisher\":{\"@id\":\"https:\\\/\\\/www.bellunopress.it\\\/#organization\"},\"potentialAction\":[{\"@type\":\"SearchAction\",\"target\":{\"@type\":\"EntryPoint\",\"urlTemplate\":\"https:\\\/\\\/www.bellunopress.it\\\/?s={search_term_string}\"},\"query-input\":{\"@type\":\"PropertyValueSpecification\",\"valueRequired\":true,\"valueName\":\"search_term_string\"}}],\"inLanguage\":\"fr-FR\"},{\"@type\":\"Organization\",\"@id\":\"https:\\\/\\\/www.bellunopress.it\\\/#organization\",\"name\":\"Bellunopress\",\"url\":\"https:\\\/\\\/www.bellunopress.it\\\/\",\"logo\":{\"@type\":\"ImageObject\",\"inLanguage\":\"fr-FR\",\"@id\":\"https:\\\/\\\/www.bellunopress.it\\\/#\\\/schema\\\/logo\\\/image\\\/\",\"url\":\"https:\\\/\\\/www.bellunopress.it\\\/wp-content\\\/uploads\\\/2011\\\/05\\\/cropped-logo-bellunopress-.jpg\",\"contentUrl\":\"https:\\\/\\\/www.bellunopress.it\\\/wp-content\\\/uploads\\\/2011\\\/05\\\/cropped-logo-bellunopress-.jpg\",\"width\":512,\"height\":512,\"caption\":\"Bellunopress\"},\"image\":{\"@id\":\"https:\\\/\\\/www.bellunopress.it\\\/#\\\/schema\\\/logo\\\/image\\\/\"},\"sameAs\":[\"https:\\\/\\\/www.facebook.com\\\/profile.php?id=100008943462799\",\"https:\\\/\\\/x.com\\\/bellunopress\",\"https:\\\/\\\/www.linkedin.com\\\/hp\\\/?dnr=JBzUWaJfMUw8vbXJJ2tVW5-I3jZKvC4wsoxE&amp;amp;amp;amp;amp;amp;trk=nav_responsive_tab_home\",\"https:\\\/\\\/www.youtube.com\\\/channel\\\/UCxL0wu1uN0_3_7hGG0306cw\"]},{\"@type\":\"Person\",\"@id\":\"https:\\\/\\\/www.bellunopress.it\\\/#\\\/schema\\\/person\\\/79bb06722b37ece1c03d3e94beb30d73\",\"name\":\"redazione\",\"image\":{\"@type\":\"ImageObject\",\"inLanguage\":\"fr-FR\",\"@id\":\"https:\\\/\\\/secure.gravatar.com\\\/avatar\\\/37d968a2e67a6fd04c169c4bdef102d0bc5d31b2546345219e348575eb80e9a0?s=96&d=mm&r=g\",\"url\":\"https:\\\/\\\/secure.gravatar.com\\\/avatar\\\/37d968a2e67a6fd04c169c4bdef102d0bc5d31b2546345219e348575eb80e9a0?s=96&d=mm&r=g\",\"contentUrl\":\"https:\\\/\\\/secure.gravatar.com\\\/avatar\\\/37d968a2e67a6fd04c169c4bdef102d0bc5d31b2546345219e348575eb80e9a0?s=96&d=mm&r=g\",\"caption\":\"redazione\"},\"sameAs\":[\"http:\\\/\\\/www.bellunopress.it\",\"https:\\\/\\\/x.com\\\/bellunopress\"],\"url\":\"https:\\\/\\\/www.bellunopress.it\\\/fr\\\/author\\\/redazione\\\/\"}]}<\/script>\n<!-- \/ Yoast SEO plugin. -->","yoast_head_json":{"title":"Solidariet\u00e0 ai proprietari dell'hotel Ponte Serra. L'Associazione Turistica Lamon apre un conto corrente per la raccolta fondi - Bellunopress - Dolomiti","robots":{"index":"index","follow":"follow","max-snippet":"max-snippet:-1","max-image-preview":"max-image-preview:large","max-video-preview":"max-video-preview:-1"},"canonical":"https:\/\/www.bellunopress.it\/fr\/2022\/11\/08\/solidarieta-ai-proprietari-dellhotel-ponte-serra\/","og_locale":"fr_FR","og_type":"article","og_title":"Solidariet\u00e0 ai proprietari dell'hotel Ponte Serra. L'Associazione Turistica Lamon apre un conto corrente per la raccolta fondi - Bellunopress - Dolomiti","og_description":"Associazione Solidariet\u00e0 agli amici Debora e Davide. In queste ore l&#8217;A.T.L. ( Associazione Turistica Lamon) ha attivato un conto corrente per raccogliere fondi a favore dell&#8217; Osteria Ponte Serra. Questo l&#8217;iban: IT75U0810261140000023001793 A.T.L. ASSOCIAZIONE TURISTICA LAMON CAUSALE: RACCOLTA FONDI A FAVORE OSTERIA PONTE SERRA \u00abLa notizia del rogo alla Locanda Ponte Serra ci ha profondamente [&hellip;]","og_url":"https:\/\/www.bellunopress.it\/fr\/2022\/11\/08\/solidarieta-ai-proprietari-dellhotel-ponte-serra\/","og_site_name":"Bellunopress - Dolomiti","article_publisher":"https:\/\/www.facebook.com\/profile.php?id=100008943462799","article_published_time":"2022-11-08T16:34:24+00:00","article_modified_time":"2022-11-09T09:47:49+00:00","og_image":[{"width":1000,"height":750,"url":"https:\/\/www.bellunopress.it\/wp-content\/uploads\/2022\/11\/albergo-ponte-serra_edited.jpg","type":"image\/jpeg"}],"author":"redazione","twitter_card":"summary_large_image","twitter_creator":"@bellunopress","twitter_site":"@bellunopress","twitter_misc":{"Written by":"redazione","Est. reading time":"4 minutes"},"schema":{"@context":"https:\/\/schema.org","@graph":[{"@type":"Article","@id":"https:\/\/www.bellunopress.it\/2022\/11\/08\/solidarieta-ai-proprietari-dellhotel-ponte-serra\/#article","isPartOf":{"@id":"https:\/\/www.bellunopress.it\/2022\/11\/08\/solidarieta-ai-proprietari-dellhotel-ponte-serra\/"},"author":{"name":"redazione","@id":"https:\/\/www.bellunopress.it\/#\/schema\/person\/79bb06722b37ece1c03d3e94beb30d73"},"headline":"Solidariet\u00e0 ai proprietari dell&#8217;hotel Ponte Serra. L&#8217;Associazione Turistica Lamon apre un conto corrente per la raccolta fondi","datePublished":"2022-11-08T16:34:24+00:00","dateModified":"2022-11-09T09:47:49+00:00","mainEntityOfPage":{"@id":"https:\/\/www.bellunopress.it\/2022\/11\/08\/solidarieta-ai-proprietari-dellhotel-ponte-serra\/"},"wordCount":643,"publisher":{"@id":"https:\/\/www.bellunopress.it\/#organization"},"image":{"@id":"https:\/\/www.bellunopress.it\/2022\/11\/08\/solidarieta-ai-proprietari-dellhotel-ponte-serra\/#primaryimage"},"thumbnailUrl":"https:\/\/www.bellunopress.it\/wp-content\/uploads\/2022\/11\/albergo-ponte-serra_edited.jpg","articleSection":["Cronaca\/Politica","Lavoro, Economia, Turismo","Prima Pagina","Societ\u00e0, Associazioni, Istituzioni"],"inLanguage":"fr-FR"},{"@type":"WebPage","@id":"https:\/\/www.bellunopress.it\/2022\/11\/08\/solidarieta-ai-proprietari-dellhotel-ponte-serra\/","url":"https:\/\/www.bellunopress.it\/2022\/11\/08\/solidarieta-ai-proprietari-dellhotel-ponte-serra\/","name":"Solidariet\u00e0 ai proprietari dell'hotel Ponte Serra. L'Associazione Turistica Lamon apre un conto corrente per la raccolta fondi - Bellunopress - Dolomiti","isPartOf":{"@id":"https:\/\/www.bellunopress.it\/#website"},"primaryImageOfPage":{"@id":"https:\/\/www.bellunopress.it\/2022\/11\/08\/solidarieta-ai-proprietari-dellhotel-ponte-serra\/#primaryimage"},"image":{"@id":"https:\/\/www.bellunopress.it\/2022\/11\/08\/solidarieta-ai-proprietari-dellhotel-ponte-serra\/#primaryimage"},"thumbnailUrl":"https:\/\/www.bellunopress.it\/wp-content\/uploads\/2022\/11\/albergo-ponte-serra_edited.jpg","datePublished":"2022-11-08T16:34:24+00:00","dateModified":"2022-11-09T09:47:49+00:00","breadcrumb":{"@id":"https:\/\/www.bellunopress.it\/2022\/11\/08\/solidarieta-ai-proprietari-dellhotel-ponte-serra\/#breadcrumb"},"inLanguage":"fr-FR","potentialAction":[{"@type":"ReadAction","target":["https:\/\/www.bellunopress.it\/2022\/11\/08\/solidarieta-ai-proprietari-dellhotel-ponte-serra\/"]}]},{"@type":"ImageObject","inLanguage":"fr-FR","@id":"https:\/\/www.bellunopress.it\/2022\/11\/08\/solidarieta-ai-proprietari-dellhotel-ponte-serra\/#primaryimage","url":"https:\/\/www.bellunopress.it\/wp-content\/uploads\/2022\/11\/albergo-ponte-serra_edited.jpg","contentUrl":"https:\/\/www.bellunopress.it\/wp-content\/uploads\/2022\/11\/albergo-ponte-serra_edited.jpg","width":1000,"height":750},{"@type":"BreadcrumbList","@id":"https:\/\/www.bellunopress.it\/2022\/11\/08\/solidarieta-ai-proprietari-dellhotel-ponte-serra\/#breadcrumb","itemListElement":[{"@type":"ListItem","position":1,"name":"Home","item":"https:\/\/www.bellunopress.it\/"},{"@type":"ListItem","position":2,"name":"Solidariet\u00e0 ai proprietari dell&#8217;hotel Ponte Serra. L&#8217;Associazione Turistica Lamon apre un conto corrente per la raccolta fondi"}]},{"@type":"WebSite","@id":"https:\/\/www.bellunopress.it\/#website","url":"https:\/\/www.bellunopress.it\/","name":"Bellunopress - Dolomiti","description":"e-mail: redazione@bellunopress.it","publisher":{"@id":"https:\/\/www.bellunopress.it\/#organization"},"potentialAction":[{"@type":"SearchAction","target":{"@type":"EntryPoint","urlTemplate":"https:\/\/www.bellunopress.it\/?s={search_term_string}"},"query-input":{"@type":"PropertyValueSpecification","valueRequired":true,"valueName":"search_term_string"}}],"inLanguage":"fr-FR"},{"@type":"Organization","@id":"https:\/\/www.bellunopress.it\/#organization","name":"Bellunopress","url":"https:\/\/www.bellunopress.it\/","logo":{"@type":"ImageObject","inLanguage":"fr-FR","@id":"https:\/\/www.bellunopress.it\/#\/schema\/logo\/image\/","url":"https:\/\/www.bellunopress.it\/wp-content\/uploads\/2011\/05\/cropped-logo-bellunopress-.jpg","contentUrl":"https:\/\/www.bellunopress.it\/wp-content\/uploads\/2011\/05\/cropped-logo-bellunopress-.jpg","width":512,"height":512,"caption":"Bellunopress"},"image":{"@id":"https:\/\/www.bellunopress.it\/#\/schema\/logo\/image\/"},"sameAs":["https:\/\/www.facebook.com\/profile.php?id=100008943462799","https:\/\/x.com\/bellunopress","https:\/\/www.linkedin.com\/hp\/?dnr=JBzUWaJfMUw8vbXJJ2tVW5-I3jZKvC4wsoxE&amp;amp;amp;amp;amp;amp;trk=nav_responsive_tab_home","https:\/\/www.youtube.com\/channel\/UCxL0wu1uN0_3_7hGG0306cw"]},{"@type":"Person","@id":"https:\/\/www.bellunopress.it\/#\/schema\/person\/79bb06722b37ece1c03d3e94beb30d73","name":"r\u00e9daction","image":{"@type":"ImageObject","inLanguage":"fr-FR","@id":"https:\/\/secure.gravatar.com\/avatar\/37d968a2e67a6fd04c169c4bdef102d0bc5d31b2546345219e348575eb80e9a0?s=96&d=mm&r=g","url":"https:\/\/secure.gravatar.com\/avatar\/37d968a2e67a6fd04c169c4bdef102d0bc5d31b2546345219e348575eb80e9a0?s=96&d=mm&r=g","contentUrl":"https:\/\/secure.gravatar.com\/avatar\/37d968a2e67a6fd04c169c4bdef102d0bc5d31b2546345219e348575eb80e9a0?s=96&d=mm&r=g","caption":"redazione"},"sameAs":["http:\/\/www.bellunopress.it","https:\/\/x.com\/bellunopress"],"url":"https:\/\/www.bellunopress.it\/fr\/author\/redazione\/"}]}},"_links":{"self":[{"href":"https:\/\/www.bellunopress.it\/fr\/wp-json\/wp\/v2\/posts\/137561","targetHints":{"allow":["GET"]}}],"collection":[{"href":"https:\/\/www.bellunopress.it\/fr\/wp-json\/wp\/v2\/posts"}],"about":[{"href":"https:\/\/www.bellunopress.it\/fr\/wp-json\/wp\/v2\/types\/post"}],"author":[{"embeddable":true,"href":"https:\/\/www.bellunopress.it\/fr\/wp-json\/wp\/v2\/users\/2"}],"replies":[{"embeddable":true,"href":"https:\/\/www.bellunopress.it\/fr\/wp-json\/wp\/v2\/comments?post=137561"}],"version-history":[{"count":4,"href":"https:\/\/www.bellunopress.it\/fr\/wp-json\/wp\/v2\/posts\/137561\/revisions"}],"predecessor-version":[{"id":137565,"href":"https:\/\/www.bellunopress.it\/fr\/wp-json\/wp\/v2\/posts\/137561\/revisions\/137565"}],"wp:featuredmedia":[{"embeddable":true,"href":"https:\/\/www.bellunopress.it\/fr\/wp-json\/wp\/v2\/media\/137548"}],"wp:attachment":[{"href":"https:\/\/www.bellunopress.it\/fr\/wp-json\/wp\/v2\/media?parent=137561"}],"wp:term":[{"taxonomy":"category","embeddable":true,"href":"https:\/\/www.bellunopress.it\/fr\/wp-json\/wp\/v2\/categories?post=137561"},{"taxonomy":"post_tag","embeddable":true,"href":"https:\/\/www.bellunopress.it\/fr\/wp-json\/wp\/v2\/tags?post=137561"}],"curies":[{"name":"wp","href":"https:\/\/api.w.org\/{rel}","templated":true}]}}