{"id":137559,"date":"2022-11-08T17:23:15","date_gmt":"2022-11-08T16:23:15","guid":{"rendered":"https:\/\/www.bellunopress.it\/?p=137559"},"modified":"2022-11-08T17:23:15","modified_gmt":"2022-11-08T16:23:15","slug":"consiglio-provinciale-via-libera-a-due-varianti-urbanistiche-per-longarone-e-ponte-nelle-alpi","status":"publish","type":"post","link":"https:\/\/www.bellunopress.it\/fr\/2022\/11\/08\/consiglio-provinciale-via-libera-a-due-varianti-urbanistiche-per-longarone-e-ponte-nelle-alpi\/","title":{"rendered":"Consiglio provinciale. Via libera a due varianti urbanistiche per Longarone e Ponte nelle Alpi"},"content":{"rendered":"<p><em>Approvata anche la messa in sicurezza di un versante al centro ittiogenico di Bolzano Bellunese<\/em><\/p>\n<p><img loading=\"lazy\" decoding=\"async\" class=\"alignleft size-full wp-image-135368\" src=\"https:\/\/www.bellunopress.it\/wp-content\/uploads\/2022\/07\/consiglio-provinciale_edited.jpg\" alt=\"\" width=\"1000\" height=\"750\" srcset=\"https:\/\/www.bellunopress.it\/wp-content\/uploads\/2022\/07\/consiglio-provinciale_edited.jpg 1000w, https:\/\/www.bellunopress.it\/wp-content\/uploads\/2022\/07\/consiglio-provinciale_edited-500x375.jpg 500w, https:\/\/www.bellunopress.it\/wp-content\/uploads\/2022\/07\/consiglio-provinciale_edited-696x522.jpg 696w, https:\/\/www.bellunopress.it\/wp-content\/uploads\/2022\/07\/consiglio-provinciale_edited-560x420.jpg 560w, https:\/\/www.bellunopress.it\/wp-content\/uploads\/2022\/07\/consiglio-provinciale_edited-80x60.jpg 80w, https:\/\/www.bellunopress.it\/wp-content\/uploads\/2022\/07\/consiglio-provinciale_edited-265x198.jpg 265w\" sizes=\"auto, (max-width: 1000px) 100vw, 1000px\" \/>Sistemazione del centro di Castellavazzo e insediamento di un nuovo stabilimento industriale a Ponte nelle Alpi. Sono le due misure in materia di urbanistica varate oggi dal consiglio provinciale di Belluno. Una seduta che si \u00e8 aperta con la solidariet\u00e0 espressa dal presidente Roberto Padrin nei confronti dei proprietari dell&#8217;albergo Ponte Serra (a Lamon), colpito durante la notte da un terribile incendio.<\/p>\n<p><strong>CASTELLAVAZZO<\/strong><\/p>\n<p>Il primo provvedimento di variante urbanistica riguarda il Pat di Longarone, ed \u00e8 stato adottato per adeguare la strumentazione del territorio dell&#8217;ex Comune di Castellavazzo, in seguito alla fusione.<\/p>\n<p>\u00abIl Pat ha l&#8217;obiettivo di attivare politiche ed interventi finalizzati alla stabilizzazione demografica e all&#8217;offerta di adeguati livelli di qualit\u00e0 dei servizi per i residenti, in particolare per anziani e giovani. Sembra infatti evidenziarsi un&#8217;esigenza di minor necessit\u00e0 di nuova volumetria e, parallelamente, una maggiore necessit\u00e0 di recupero e riuso del patrimonio edilizio esistente\u00bb ha illustrato il consigliere provinciale Franco De Bon, con delega all&#8217;urbanistica. \u00abIl piano prevede infatti, in linea anche con la normativa sul contenimento del consumo di suolo, una riduzione delle volumetrie esistenti con un volume a destinazione residenziale di 55.605 metri cubi, corrispondente a 222 nuovi abitanti teorici\u00bb.<\/p>\n<p>All&#8217;interno delle strategie del Piano, particolare rilievo ha la prevenzione dai rischi e dalle calamit\u00e0 naturali con individuazione degli interventi idonei e necessari in particolare nelle zone produttive di Malcom e Codissago, e nelle aree di pericolosit\u00e0 geologica a monte di Castellavazzo e Codissago. Il Pat prevede anche la valorizzazione dei centri storici che, per le tipicit\u00e0 costruttive e per le caratteristiche della pietra di Castellavazzo impiegata, possono rappresentare nuclei di estrema attrattivit\u00e0 turistica e luoghi di qualit\u00e0 per la vita dei residenti. Vengono confermate le tre aree produttive di rilevanza comunale (Codissago, Malcom e Le Vare-ex cementificio) e non sono previste nuove espansioni, con l&#8217;idea di puntare al recupero della qualit\u00e0 ambientale, all&#8217;innovazione di produzioni, all&#8217;utilizzo di energie rinnovabili da fonti diverse e al recupero e riutilizzo anche con funzioni diverse dei volumi e aree dismesse.<\/p>\n<p>Per il sistema turistico, il Pat promuove lo sviluppo di una rete di offerta che intercetti i flussi che transitano sull&#8217;asse viario di fondovalle fondandosi sulla qualit\u00e0 ambientale, paesaggistica e naturalistica del territorio con una politica di recupero dei numerosi volumi sotto utilizzati per offerta turistica di piccolo taglio. Infine, per il territorio agricolo, data la scarsit\u00e0 di terreni coltivabili, il Piano tutela i pochi suoli a vocazione pascoliva e malghiva comprese le aree prative esistenti, per favorire la permanenza delle aziende agricole esistenti.<\/p>\n<p><strong>NUOVO FABBRICATO INDUSTRIALE A PONTE NELLE ALPI<\/strong><\/p>\n<p>La seconda variante urbanistica approvata dal consiglio provinciale riguarda invece la realizzazione di un nuovo stabilimento produttivo a Ponte nelle Alpi. \u00abUna struttura che creer\u00e0 una novantina di nuovi posti di lavoro\u00bb ha spiegato il consigliere De Bon.<\/p>\n<p>Si tratta della ditta J.F. Amonn spa che ha presentato al Suap del Comune di Ponte nelle Alpi la richiesta di realizzazione di nuovo fabbricato industriale in area produttiva consolidata, per la produzione di cosmetica per le attivit\u00e0 alberghiere. \u00abViene previsto l&#8217;impiego di circa 89 nuovi addetti, di cui 40 tra produzione e ricerca. Sono quindi evidenti le ricadute economiche dell&#8217;intervento per l&#8217;intero territorio comunale\u00bb ha illustrato il consigliere delegato. \u00abL&#8217;intervento risulta in variante urbanistica perch\u00e9 prevede, sostanzialmente, una altezza maggiore di quella ammessa dal piano regolatore vigente\u00bb.<\/p>\n<p>Nel nuovo fabbricato sono previsti uffici, sale riunioni, spazi di rappresentanza, laboratori per la ricerca, area di produzione e confezionamento di cosmetici. La nuova realizzazione sar\u00e0 raggiungibile dalla strada comunale esistente, e sono previste delle aree a parcheggio pubblico di circa 1.000 metri quadri; la superficie coperta dal nuovo fabbricato \u00e8 di circa 4.000 metri quadri su una superficie fondiaria di circa 8.200. Il progetto, in linea con quanto richiesto dal Ptcp, prevede una riduzione della pressione del fabbricato, con un impianto fotovoltaico in copertura e uso di tecnologie e materiali a ridotto impatto e riduzione della produzione di rifiuti.<\/p>\n<p><strong>SOMMA URGENZA<\/strong><\/p>\n<p>Tra i punti all&#8217;ordine del giorno della seduta del consiglio, anche i lavori in somma urgenza al centro ittiogenico di Bolzano Bellunese, dove un versante della scarpata che sovrasta la struttura di propriet\u00e0 della Provincia ha mostrato segni di cedimento a seguito di alcuni eventi meteo. Il cantiere di messa in sicurezza \u00e8 stato quasi completato, per un investimento complessivo di circa 50mila euro, ricavati da economie interne al bilancio, nel capitolo &#8220;caccia e pesca&#8221;.<\/p>","protected":false},"excerpt":{"rendered":"<p>Approvata anche la messa in sicurezza di un versante al centro ittiogenico di Bolzano Bellunese Sistemazione del centro di Castellavazzo e insediamento di un nuovo stabilimento industriale a Ponte nelle Alpi. Sono le due misure in materia di urbanistica varate oggi dal consiglio provinciale di Belluno. Una seduta che si \u00e8 aperta con la solidariet\u00e0 [&hellip;]<\/p>\n","protected":false},"author":2,"featured_media":135368,"comment_status":"closed","ping_status":"open","sticky":false,"template":"","format":"standard","meta":{"footnotes":""},"categories":[5],"tags":[],"class_list":["post-137559","post","type-post","status-publish","format-standard","has-post-thumbnail","category-cronaca"],"yoast_head":"<!-- This site is optimized with the Yoast SEO plugin v28.4 - https:\/\/yoast.com\/product\/yoast-seo-wordpress\/ -->\n<title>Consiglio provinciale. Via libera a due varianti urbanistiche per Longarone e Ponte nelle Alpi - Bellunopress - Dolomiti<\/title>\n<meta name=\"robots\" content=\"index, follow, max-snippet:-1, max-image-preview:large, max-video-preview:-1\" \/>\n<link rel=\"canonical\" href=\"https:\/\/www.bellunopress.it\/fr\/2022\/11\/08\/consiglio-provinciale-via-libera-a-due-varianti-urbanistiche-per-longarone-e-ponte-nelle-alpi\/\" \/>\n<meta property=\"og:locale\" content=\"fr_FR\" \/>\n<meta property=\"og:type\" content=\"article\" \/>\n<meta property=\"og:title\" content=\"Consiglio provinciale. Via libera a due varianti urbanistiche per Longarone e Ponte nelle Alpi - Bellunopress - Dolomiti\" \/>\n<meta property=\"og:description\" content=\"Approvata anche la messa in sicurezza di un versante al centro ittiogenico di Bolzano Bellunese Sistemazione del centro di Castellavazzo e insediamento di un nuovo stabilimento industriale a Ponte nelle Alpi. Sono le due misure in materia di urbanistica varate oggi dal consiglio provinciale di Belluno. Una seduta che si \u00e8 aperta con la solidariet\u00e0 [&hellip;]\" \/>\n<meta property=\"og:url\" content=\"https:\/\/www.bellunopress.it\/fr\/2022\/11\/08\/consiglio-provinciale-via-libera-a-due-varianti-urbanistiche-per-longarone-e-ponte-nelle-alpi\/\" \/>\n<meta property=\"og:site_name\" content=\"Bellunopress - Dolomiti\" \/>\n<meta property=\"article:publisher\" content=\"https:\/\/www.facebook.com\/profile.php?id=100008943462799\" \/>\n<meta property=\"article:published_time\" content=\"2022-11-08T16:23:15+00:00\" \/>\n<meta property=\"og:image\" content=\"https:\/\/www.bellunopress.it\/wp-content\/uploads\/2022\/07\/consiglio-provinciale_edited.jpg\" \/>\n\t<meta property=\"og:image:width\" content=\"1000\" \/>\n\t<meta property=\"og:image:height\" content=\"750\" \/>\n\t<meta property=\"og:image:type\" content=\"image\/jpeg\" \/>\n<meta name=\"author\" content=\"redazione\" \/>\n<meta name=\"twitter:card\" content=\"summary_large_image\" \/>\n<meta name=\"twitter:creator\" content=\"@bellunopress\" \/>\n<meta name=\"twitter:site\" content=\"@bellunopress\" \/>\n<meta name=\"twitter:label1\" content=\"\u00c9crit par\" \/>\n\t<meta name=\"twitter:data1\" content=\"redazione\" \/>\n\t<meta name=\"twitter:label2\" content=\"Dur\u00e9e de lecture estim\u00e9e\" \/>\n\t<meta name=\"twitter:data2\" content=\"5 minutes\" \/>\n<script type=\"application\/ld+json\" class=\"yoast-schema-graph\">{\"@context\":\"https:\\\/\\\/schema.org\",\"@graph\":[{\"@type\":\"Article\",\"@id\":\"https:\\\/\\\/www.bellunopress.it\\\/2022\\\/11\\\/08\\\/consiglio-provinciale-via-libera-a-due-varianti-urbanistiche-per-longarone-e-ponte-nelle-alpi\\\/#article\",\"isPartOf\":{\"@id\":\"https:\\\/\\\/www.bellunopress.it\\\/2022\\\/11\\\/08\\\/consiglio-provinciale-via-libera-a-due-varianti-urbanistiche-per-longarone-e-ponte-nelle-alpi\\\/\"},\"author\":{\"name\":\"redazione\",\"@id\":\"https:\\\/\\\/www.bellunopress.it\\\/#\\\/schema\\\/person\\\/79bb06722b37ece1c03d3e94beb30d73\"},\"headline\":\"Consiglio provinciale. Via libera a due varianti urbanistiche per Longarone e Ponte nelle Alpi\",\"datePublished\":\"2022-11-08T16:23:15+00:00\",\"mainEntityOfPage\":{\"@id\":\"https:\\\/\\\/www.bellunopress.it\\\/2022\\\/11\\\/08\\\/consiglio-provinciale-via-libera-a-due-varianti-urbanistiche-per-longarone-e-ponte-nelle-alpi\\\/\"},\"wordCount\":760,\"publisher\":{\"@id\":\"https:\\\/\\\/www.bellunopress.it\\\/#organization\"},\"image\":{\"@id\":\"https:\\\/\\\/www.bellunopress.it\\\/2022\\\/11\\\/08\\\/consiglio-provinciale-via-libera-a-due-varianti-urbanistiche-per-longarone-e-ponte-nelle-alpi\\\/#primaryimage\"},\"thumbnailUrl\":\"https:\\\/\\\/www.bellunopress.it\\\/wp-content\\\/uploads\\\/2022\\\/07\\\/consiglio-provinciale_edited.jpg\",\"articleSection\":[\"Cronaca\\\/Politica\"],\"inLanguage\":\"fr-FR\"},{\"@type\":\"WebPage\",\"@id\":\"https:\\\/\\\/www.bellunopress.it\\\/2022\\\/11\\\/08\\\/consiglio-provinciale-via-libera-a-due-varianti-urbanistiche-per-longarone-e-ponte-nelle-alpi\\\/\",\"url\":\"https:\\\/\\\/www.bellunopress.it\\\/2022\\\/11\\\/08\\\/consiglio-provinciale-via-libera-a-due-varianti-urbanistiche-per-longarone-e-ponte-nelle-alpi\\\/\",\"name\":\"Consiglio provinciale. Via libera a due varianti urbanistiche per Longarone e Ponte nelle Alpi - Bellunopress - Dolomiti\",\"isPartOf\":{\"@id\":\"https:\\\/\\\/www.bellunopress.it\\\/#website\"},\"primaryImageOfPage\":{\"@id\":\"https:\\\/\\\/www.bellunopress.it\\\/2022\\\/11\\\/08\\\/consiglio-provinciale-via-libera-a-due-varianti-urbanistiche-per-longarone-e-ponte-nelle-alpi\\\/#primaryimage\"},\"image\":{\"@id\":\"https:\\\/\\\/www.bellunopress.it\\\/2022\\\/11\\\/08\\\/consiglio-provinciale-via-libera-a-due-varianti-urbanistiche-per-longarone-e-ponte-nelle-alpi\\\/#primaryimage\"},\"thumbnailUrl\":\"https:\\\/\\\/www.bellunopress.it\\\/wp-content\\\/uploads\\\/2022\\\/07\\\/consiglio-provinciale_edited.jpg\",\"datePublished\":\"2022-11-08T16:23:15+00:00\",\"breadcrumb\":{\"@id\":\"https:\\\/\\\/www.bellunopress.it\\\/2022\\\/11\\\/08\\\/consiglio-provinciale-via-libera-a-due-varianti-urbanistiche-per-longarone-e-ponte-nelle-alpi\\\/#breadcrumb\"},\"inLanguage\":\"fr-FR\",\"potentialAction\":[{\"@type\":\"ReadAction\",\"target\":[\"https:\\\/\\\/www.bellunopress.it\\\/2022\\\/11\\\/08\\\/consiglio-provinciale-via-libera-a-due-varianti-urbanistiche-per-longarone-e-ponte-nelle-alpi\\\/\"]}]},{\"@type\":\"ImageObject\",\"inLanguage\":\"fr-FR\",\"@id\":\"https:\\\/\\\/www.bellunopress.it\\\/2022\\\/11\\\/08\\\/consiglio-provinciale-via-libera-a-due-varianti-urbanistiche-per-longarone-e-ponte-nelle-alpi\\\/#primaryimage\",\"url\":\"https:\\\/\\\/www.bellunopress.it\\\/wp-content\\\/uploads\\\/2022\\\/07\\\/consiglio-provinciale_edited.jpg\",\"contentUrl\":\"https:\\\/\\\/www.bellunopress.it\\\/wp-content\\\/uploads\\\/2022\\\/07\\\/consiglio-provinciale_edited.jpg\",\"width\":1000,\"height\":750},{\"@type\":\"BreadcrumbList\",\"@id\":\"https:\\\/\\\/www.bellunopress.it\\\/2022\\\/11\\\/08\\\/consiglio-provinciale-via-libera-a-due-varianti-urbanistiche-per-longarone-e-ponte-nelle-alpi\\\/#breadcrumb\",\"itemListElement\":[{\"@type\":\"ListItem\",\"position\":1,\"name\":\"Home\",\"item\":\"https:\\\/\\\/www.bellunopress.it\\\/\"},{\"@type\":\"ListItem\",\"position\":2,\"name\":\"Consiglio provinciale. Via libera a due varianti urbanistiche per Longarone e Ponte nelle Alpi\"}]},{\"@type\":\"WebSite\",\"@id\":\"https:\\\/\\\/www.bellunopress.it\\\/#website\",\"url\":\"https:\\\/\\\/www.bellunopress.it\\\/\",\"name\":\"Bellunopress - Dolomiti\",\"description\":\"e-mail: redazione@bellunopress.it\",\"publisher\":{\"@id\":\"https:\\\/\\\/www.bellunopress.it\\\/#organization\"},\"potentialAction\":[{\"@type\":\"SearchAction\",\"target\":{\"@type\":\"EntryPoint\",\"urlTemplate\":\"https:\\\/\\\/www.bellunopress.it\\\/?s={search_term_string}\"},\"query-input\":{\"@type\":\"PropertyValueSpecification\",\"valueRequired\":true,\"valueName\":\"search_term_string\"}}],\"inLanguage\":\"fr-FR\"},{\"@type\":\"Organization\",\"@id\":\"https:\\\/\\\/www.bellunopress.it\\\/#organization\",\"name\":\"Bellunopress\",\"url\":\"https:\\\/\\\/www.bellunopress.it\\\/\",\"logo\":{\"@type\":\"ImageObject\",\"inLanguage\":\"fr-FR\",\"@id\":\"https:\\\/\\\/www.bellunopress.it\\\/#\\\/schema\\\/logo\\\/image\\\/\",\"url\":\"https:\\\/\\\/www.bellunopress.it\\\/wp-content\\\/uploads\\\/2011\\\/05\\\/cropped-logo-bellunopress-.jpg\",\"contentUrl\":\"https:\\\/\\\/www.bellunopress.it\\\/wp-content\\\/uploads\\\/2011\\\/05\\\/cropped-logo-bellunopress-.jpg\",\"width\":512,\"height\":512,\"caption\":\"Bellunopress\"},\"image\":{\"@id\":\"https:\\\/\\\/www.bellunopress.it\\\/#\\\/schema\\\/logo\\\/image\\\/\"},\"sameAs\":[\"https:\\\/\\\/www.facebook.com\\\/profile.php?id=100008943462799\",\"https:\\\/\\\/x.com\\\/bellunopress\",\"https:\\\/\\\/www.linkedin.com\\\/hp\\\/?dnr=JBzUWaJfMUw8vbXJJ2tVW5-I3jZKvC4wsoxE&amp;amp;amp;amp;amp;amp;trk=nav_responsive_tab_home\",\"https:\\\/\\\/www.youtube.com\\\/channel\\\/UCxL0wu1uN0_3_7hGG0306cw\"]},{\"@type\":\"Person\",\"@id\":\"https:\\\/\\\/www.bellunopress.it\\\/#\\\/schema\\\/person\\\/79bb06722b37ece1c03d3e94beb30d73\",\"name\":\"redazione\",\"image\":{\"@type\":\"ImageObject\",\"inLanguage\":\"fr-FR\",\"@id\":\"https:\\\/\\\/secure.gravatar.com\\\/avatar\\\/37d968a2e67a6fd04c169c4bdef102d0bc5d31b2546345219e348575eb80e9a0?s=96&d=mm&r=g\",\"url\":\"https:\\\/\\\/secure.gravatar.com\\\/avatar\\\/37d968a2e67a6fd04c169c4bdef102d0bc5d31b2546345219e348575eb80e9a0?s=96&d=mm&r=g\",\"contentUrl\":\"https:\\\/\\\/secure.gravatar.com\\\/avatar\\\/37d968a2e67a6fd04c169c4bdef102d0bc5d31b2546345219e348575eb80e9a0?s=96&d=mm&r=g\",\"caption\":\"redazione\"},\"sameAs\":[\"http:\\\/\\\/www.bellunopress.it\",\"https:\\\/\\\/x.com\\\/bellunopress\"],\"url\":\"https:\\\/\\\/www.bellunopress.it\\\/fr\\\/author\\\/redazione\\\/\"}]}<\/script>\n<!-- \/ Yoast SEO plugin. -->","yoast_head_json":{"title":"Consiglio provinciale. Via libera a due varianti urbanistiche per Longarone e Ponte nelle Alpi - Bellunopress - Dolomiti","robots":{"index":"index","follow":"follow","max-snippet":"max-snippet:-1","max-image-preview":"max-image-preview:large","max-video-preview":"max-video-preview:-1"},"canonical":"https:\/\/www.bellunopress.it\/fr\/2022\/11\/08\/consiglio-provinciale-via-libera-a-due-varianti-urbanistiche-per-longarone-e-ponte-nelle-alpi\/","og_locale":"fr_FR","og_type":"article","og_title":"Consiglio provinciale. Via libera a due varianti urbanistiche per Longarone e Ponte nelle Alpi - Bellunopress - Dolomiti","og_description":"Approvata anche la messa in sicurezza di un versante al centro ittiogenico di Bolzano Bellunese Sistemazione del centro di Castellavazzo e insediamento di un nuovo stabilimento industriale a Ponte nelle Alpi. Sono le due misure in materia di urbanistica varate oggi dal consiglio provinciale di Belluno. Una seduta che si \u00e8 aperta con la solidariet\u00e0 [&hellip;]","og_url":"https:\/\/www.bellunopress.it\/fr\/2022\/11\/08\/consiglio-provinciale-via-libera-a-due-varianti-urbanistiche-per-longarone-e-ponte-nelle-alpi\/","og_site_name":"Bellunopress - Dolomiti","article_publisher":"https:\/\/www.facebook.com\/profile.php?id=100008943462799","article_published_time":"2022-11-08T16:23:15+00:00","og_image":[{"width":1000,"height":750,"url":"https:\/\/www.bellunopress.it\/wp-content\/uploads\/2022\/07\/consiglio-provinciale_edited.jpg","type":"image\/jpeg"}],"author":"redazione","twitter_card":"summary_large_image","twitter_creator":"@bellunopress","twitter_site":"@bellunopress","twitter_misc":{"\u00c9crit par":"redazione","Dur\u00e9e de lecture estim\u00e9e":"5 minutes"},"schema":{"@context":"https:\/\/schema.org","@graph":[{"@type":"Article","@id":"https:\/\/www.bellunopress.it\/2022\/11\/08\/consiglio-provinciale-via-libera-a-due-varianti-urbanistiche-per-longarone-e-ponte-nelle-alpi\/#article","isPartOf":{"@id":"https:\/\/www.bellunopress.it\/2022\/11\/08\/consiglio-provinciale-via-libera-a-due-varianti-urbanistiche-per-longarone-e-ponte-nelle-alpi\/"},"author":{"name":"redazione","@id":"https:\/\/www.bellunopress.it\/#\/schema\/person\/79bb06722b37ece1c03d3e94beb30d73"},"headline":"Consiglio provinciale. Via libera a due varianti urbanistiche per Longarone e Ponte nelle Alpi","datePublished":"2022-11-08T16:23:15+00:00","mainEntityOfPage":{"@id":"https:\/\/www.bellunopress.it\/2022\/11\/08\/consiglio-provinciale-via-libera-a-due-varianti-urbanistiche-per-longarone-e-ponte-nelle-alpi\/"},"wordCount":760,"publisher":{"@id":"https:\/\/www.bellunopress.it\/#organization"},"image":{"@id":"https:\/\/www.bellunopress.it\/2022\/11\/08\/consiglio-provinciale-via-libera-a-due-varianti-urbanistiche-per-longarone-e-ponte-nelle-alpi\/#primaryimage"},"thumbnailUrl":"https:\/\/www.bellunopress.it\/wp-content\/uploads\/2022\/07\/consiglio-provinciale_edited.jpg","articleSection":["Cronaca\/Politica"],"inLanguage":"fr-FR"},{"@type":"WebPage","@id":"https:\/\/www.bellunopress.it\/2022\/11\/08\/consiglio-provinciale-via-libera-a-due-varianti-urbanistiche-per-longarone-e-ponte-nelle-alpi\/","url":"https:\/\/www.bellunopress.it\/2022\/11\/08\/consiglio-provinciale-via-libera-a-due-varianti-urbanistiche-per-longarone-e-ponte-nelle-alpi\/","name":"Consiglio provinciale. Via libera a due varianti urbanistiche per Longarone e Ponte nelle Alpi - Bellunopress - Dolomiti","isPartOf":{"@id":"https:\/\/www.bellunopress.it\/#website"},"primaryImageOfPage":{"@id":"https:\/\/www.bellunopress.it\/2022\/11\/08\/consiglio-provinciale-via-libera-a-due-varianti-urbanistiche-per-longarone-e-ponte-nelle-alpi\/#primaryimage"},"image":{"@id":"https:\/\/www.bellunopress.it\/2022\/11\/08\/consiglio-provinciale-via-libera-a-due-varianti-urbanistiche-per-longarone-e-ponte-nelle-alpi\/#primaryimage"},"thumbnailUrl":"https:\/\/www.bellunopress.it\/wp-content\/uploads\/2022\/07\/consiglio-provinciale_edited.jpg","datePublished":"2022-11-08T16:23:15+00:00","breadcrumb":{"@id":"https:\/\/www.bellunopress.it\/2022\/11\/08\/consiglio-provinciale-via-libera-a-due-varianti-urbanistiche-per-longarone-e-ponte-nelle-alpi\/#breadcrumb"},"inLanguage":"fr-FR","potentialAction":[{"@type":"ReadAction","target":["https:\/\/www.bellunopress.it\/2022\/11\/08\/consiglio-provinciale-via-libera-a-due-varianti-urbanistiche-per-longarone-e-ponte-nelle-alpi\/"]}]},{"@type":"ImageObject","inLanguage":"fr-FR","@id":"https:\/\/www.bellunopress.it\/2022\/11\/08\/consiglio-provinciale-via-libera-a-due-varianti-urbanistiche-per-longarone-e-ponte-nelle-alpi\/#primaryimage","url":"https:\/\/www.bellunopress.it\/wp-content\/uploads\/2022\/07\/consiglio-provinciale_edited.jpg","contentUrl":"https:\/\/www.bellunopress.it\/wp-content\/uploads\/2022\/07\/consiglio-provinciale_edited.jpg","width":1000,"height":750},{"@type":"BreadcrumbList","@id":"https:\/\/www.bellunopress.it\/2022\/11\/08\/consiglio-provinciale-via-libera-a-due-varianti-urbanistiche-per-longarone-e-ponte-nelle-alpi\/#breadcrumb","itemListElement":[{"@type":"ListItem","position":1,"name":"Home","item":"https:\/\/www.bellunopress.it\/"},{"@type":"ListItem","position":2,"name":"Consiglio provinciale. Via libera a due varianti urbanistiche per Longarone e Ponte nelle Alpi"}]},{"@type":"WebSite","@id":"https:\/\/www.bellunopress.it\/#website","url":"https:\/\/www.bellunopress.it\/","name":"Bellunopress - Dolomiti","description":"e-mail: redazione@bellunopress.it","publisher":{"@id":"https:\/\/www.bellunopress.it\/#organization"},"potentialAction":[{"@type":"SearchAction","target":{"@type":"EntryPoint","urlTemplate":"https:\/\/www.bellunopress.it\/?s={search_term_string}"},"query-input":{"@type":"PropertyValueSpecification","valueRequired":true,"valueName":"search_term_string"}}],"inLanguage":"fr-FR"},{"@type":"Organization","@id":"https:\/\/www.bellunopress.it\/#organization","name":"Bellunopress","url":"https:\/\/www.bellunopress.it\/","logo":{"@type":"ImageObject","inLanguage":"fr-FR","@id":"https:\/\/www.bellunopress.it\/#\/schema\/logo\/image\/","url":"https:\/\/www.bellunopress.it\/wp-content\/uploads\/2011\/05\/cropped-logo-bellunopress-.jpg","contentUrl":"https:\/\/www.bellunopress.it\/wp-content\/uploads\/2011\/05\/cropped-logo-bellunopress-.jpg","width":512,"height":512,"caption":"Bellunopress"},"image":{"@id":"https:\/\/www.bellunopress.it\/#\/schema\/logo\/image\/"},"sameAs":["https:\/\/www.facebook.com\/profile.php?id=100008943462799","https:\/\/x.com\/bellunopress","https:\/\/www.linkedin.com\/hp\/?dnr=JBzUWaJfMUw8vbXJJ2tVW5-I3jZKvC4wsoxE&amp;amp;amp;amp;amp;amp;trk=nav_responsive_tab_home","https:\/\/www.youtube.com\/channel\/UCxL0wu1uN0_3_7hGG0306cw"]},{"@type":"Person","@id":"https:\/\/www.bellunopress.it\/#\/schema\/person\/79bb06722b37ece1c03d3e94beb30d73","name":"r\u00e9daction","image":{"@type":"ImageObject","inLanguage":"fr-FR","@id":"https:\/\/secure.gravatar.com\/avatar\/37d968a2e67a6fd04c169c4bdef102d0bc5d31b2546345219e348575eb80e9a0?s=96&d=mm&r=g","url":"https:\/\/secure.gravatar.com\/avatar\/37d968a2e67a6fd04c169c4bdef102d0bc5d31b2546345219e348575eb80e9a0?s=96&d=mm&r=g","contentUrl":"https:\/\/secure.gravatar.com\/avatar\/37d968a2e67a6fd04c169c4bdef102d0bc5d31b2546345219e348575eb80e9a0?s=96&d=mm&r=g","caption":"redazione"},"sameAs":["http:\/\/www.bellunopress.it","https:\/\/x.com\/bellunopress"],"url":"https:\/\/www.bellunopress.it\/fr\/author\/redazione\/"}]}},"_links":{"self":[{"href":"https:\/\/www.bellunopress.it\/fr\/wp-json\/wp\/v2\/posts\/137559","targetHints":{"allow":["GET"]}}],"collection":[{"href":"https:\/\/www.bellunopress.it\/fr\/wp-json\/wp\/v2\/posts"}],"about":[{"href":"https:\/\/www.bellunopress.it\/fr\/wp-json\/wp\/v2\/types\/post"}],"author":[{"embeddable":true,"href":"https:\/\/www.bellunopress.it\/fr\/wp-json\/wp\/v2\/users\/2"}],"replies":[{"embeddable":true,"href":"https:\/\/www.bellunopress.it\/fr\/wp-json\/wp\/v2\/comments?post=137559"}],"version-history":[{"count":1,"href":"https:\/\/www.bellunopress.it\/fr\/wp-json\/wp\/v2\/posts\/137559\/revisions"}],"predecessor-version":[{"id":137560,"href":"https:\/\/www.bellunopress.it\/fr\/wp-json\/wp\/v2\/posts\/137559\/revisions\/137560"}],"wp:featuredmedia":[{"embeddable":true,"href":"https:\/\/www.bellunopress.it\/fr\/wp-json\/wp\/v2\/media\/135368"}],"wp:attachment":[{"href":"https:\/\/www.bellunopress.it\/fr\/wp-json\/wp\/v2\/media?parent=137559"}],"wp:term":[{"taxonomy":"category","embeddable":true,"href":"https:\/\/www.bellunopress.it\/fr\/wp-json\/wp\/v2\/categories?post=137559"},{"taxonomy":"post_tag","embeddable":true,"href":"https:\/\/www.bellunopress.it\/fr\/wp-json\/wp\/v2\/tags?post=137559"}],"curies":[{"name":"wp","href":"https:\/\/api.w.org\/{rel}","templated":true}]}}