{"id":137555,"date":"2022-11-08T15:57:02","date_gmt":"2022-11-08T14:57:02","guid":{"rendered":"https:\/\/www.bellunopress.it\/?p=137555"},"modified":"2022-11-08T15:57:02","modified_gmt":"2022-11-08T14:57:02","slug":"paolo-guiso-e-il-nuovo-questore-vicario-di-belluno","status":"publish","type":"post","link":"https:\/\/www.bellunopress.it\/fr\/2022\/11\/08\/paolo-guiso-e-il-nuovo-questore-vicario-di-belluno\/","title":{"rendered":"Paolo Guiso \u00e8 il nuovo questore vicario di Belluno"},"content":{"rendered":"<figure id=\"attachment_137556\" aria-describedby=\"caption-attachment-137556\" style=\"width: 1000px\" class=\"wp-caption alignleft\"><img loading=\"lazy\" decoding=\"async\" class=\"size-full wp-image-137556\" src=\"https:\/\/www.bellunopress.it\/wp-content\/uploads\/2022\/11\/vicario-Paolo-Guiso_edited.jpg\" alt=\"\" width=\"1000\" height=\"840\" srcset=\"https:\/\/www.bellunopress.it\/wp-content\/uploads\/2022\/11\/vicario-Paolo-Guiso_edited.jpg 1000w, https:\/\/www.bellunopress.it\/wp-content\/uploads\/2022\/11\/vicario-Paolo-Guiso_edited-500x420.jpg 500w, https:\/\/www.bellunopress.it\/wp-content\/uploads\/2022\/11\/vicario-Paolo-Guiso_edited-696x585.jpg 696w\" sizes=\"auto, (max-width: 1000px) 100vw, 1000px\" \/><figcaption id=\"caption-attachment-137556\" class=\"wp-caption-text\">Paolo Guiso, questore vicario di Belluno<\/figcaption><\/figure>\n<p>Paolo Guiso, I\u00b0 dirigente della Polizia di Stato, \u00e8 il nuovo questore vicario di Belluno. Cinquantaseienne, romano di nascita, ha sempre ricoperto incarichi operativi, di ordine pubblico e polizia giudiziaria. Da gennaio scorso era al vertice del IV Distretto di San Basilio a Roma, nota zona di spaccio di droga. Precedentemente aveva prestato servizio a Genova per 5 anni, Alessandria, Pistoia, Roma, Verona, Nuoro.<\/p>\n<p>&nbsp;<\/p>\n<figure id=\"attachment_137557\" aria-describedby=\"caption-attachment-137557\" style=\"width: 1000px\" class=\"wp-caption alignleft\"><img loading=\"lazy\" decoding=\"async\" class=\"size-full wp-image-137557\" src=\"https:\/\/www.bellunopress.it\/wp-content\/uploads\/2022\/11\/vicario-Guiso-questore-Maggese_edited.jpg\" alt=\"\" width=\"1000\" height=\"680\" srcset=\"https:\/\/www.bellunopress.it\/wp-content\/uploads\/2022\/11\/vicario-Guiso-questore-Maggese_edited.jpg 1000w, https:\/\/www.bellunopress.it\/wp-content\/uploads\/2022\/11\/vicario-Guiso-questore-Maggese_edited-500x340.jpg 500w, https:\/\/www.bellunopress.it\/wp-content\/uploads\/2022\/11\/vicario-Guiso-questore-Maggese_edited-696x473.jpg 696w, https:\/\/www.bellunopress.it\/wp-content\/uploads\/2022\/11\/vicario-Guiso-questore-Maggese_edited-618x420.jpg 618w\" sizes=\"auto, (max-width: 1000px) 100vw, 1000px\" \/><figcaption id=\"caption-attachment-137557\" class=\"wp-caption-text\">Paolo Guiso questore vicario e Giuseppe Maggese questore<\/figcaption><\/figure>\n<p>&#8220;Il dottor Guiso subentra nella funzione di vicario, che per lui \u00e8 una prima nomina &#8211; ha detto il questore di Belluno Giuseppe Maggese nel corso della conferenza di presentazione &#8211; al dottor Nicol\u00f2 D&#8217;Amico che arriv\u00f2 in piena pandemia e dovette gestire una situazione difficile. Il dottor Guiso &#8211; ha sottolineato il questore &#8211; si \u00e8 distinto per la sua mano ferma nella gestione dell&#8217;ordine pubblico quando era a Verona&#8221;.<\/p>\n<p>&#8220;Amo molto questo territorio &#8211; ha detto il neo questore vicario Guiso &#8211; dove ho fatto servizio ai recenti mondiali di sci di Cortina ed ho potuto apprezzare la gente e la montagna di cui sono appassionato. Spero di dare il mio contributo per mantenere e migliorare lo standard di sicurezza del Bellunese&#8221;.<\/p>","protected":false},"excerpt":{"rendered":"<p>Paolo Guiso, I\u00b0 dirigente della Polizia di Stato, \u00e8 il nuovo questore vicario di Belluno. Cinquantaseienne, romano di nascita, ha sempre ricoperto incarichi operativi, di ordine pubblico e polizia giudiziaria. Da gennaio scorso era al vertice del IV Distretto di San Basilio a Roma, nota zona di spaccio di droga. Precedentemente aveva prestato servizio a [&hellip;]<\/p>\n","protected":false},"author":2,"featured_media":137556,"comment_status":"closed","ping_status":"open","sticky":false,"template":"","format":"standard","meta":{"footnotes":""},"categories":[5,8],"tags":[],"class_list":["post-137555","post","type-post","status-publish","format-standard","has-post-thumbnail","category-cronaca","category-societa-istituzioni"],"yoast_head":"<!-- This site is optimized with the Yoast SEO plugin v28.4 - https:\/\/yoast.com\/product\/yoast-seo-wordpress\/ -->\n<title>Paolo Guiso \u00e8 il nuovo questore vicario di Belluno - Bellunopress - Dolomiti<\/title>\n<meta name=\"robots\" content=\"index, follow, max-snippet:-1, max-image-preview:large, max-video-preview:-1\" \/>\n<link rel=\"canonical\" href=\"https:\/\/www.bellunopress.it\/fr\/2022\/11\/08\/paolo-guiso-e-il-nuovo-questore-vicario-di-belluno\/\" \/>\n<meta property=\"og:locale\" content=\"fr_FR\" \/>\n<meta property=\"og:type\" content=\"article\" \/>\n<meta property=\"og:title\" content=\"Paolo Guiso \u00e8 il nuovo questore vicario di Belluno - Bellunopress - Dolomiti\" \/>\n<meta property=\"og:description\" content=\"Paolo Guiso, I\u00b0 dirigente della Polizia di Stato, \u00e8 il nuovo questore vicario di Belluno. Cinquantaseienne, romano di nascita, ha sempre ricoperto incarichi operativi, di ordine pubblico e polizia giudiziaria. Da gennaio scorso era al vertice del IV Distretto di San Basilio a Roma, nota zona di spaccio di droga. Precedentemente aveva prestato servizio a [&hellip;]\" \/>\n<meta property=\"og:url\" content=\"https:\/\/www.bellunopress.it\/fr\/2022\/11\/08\/paolo-guiso-e-il-nuovo-questore-vicario-di-belluno\/\" \/>\n<meta property=\"og:site_name\" content=\"Bellunopress - Dolomiti\" \/>\n<meta property=\"article:publisher\" content=\"https:\/\/www.facebook.com\/profile.php?id=100008943462799\" \/>\n<meta property=\"article:published_time\" content=\"2022-11-08T14:57:02+00:00\" \/>\n<meta property=\"og:image\" content=\"https:\/\/www.bellunopress.it\/wp-content\/uploads\/2022\/11\/vicario-Paolo-Guiso_edited.jpg\" \/>\n\t<meta property=\"og:image:width\" content=\"1000\" \/>\n\t<meta property=\"og:image:height\" content=\"840\" \/>\n\t<meta property=\"og:image:type\" content=\"image\/jpeg\" \/>\n<meta name=\"author\" content=\"redazione\" \/>\n<meta name=\"twitter:card\" content=\"summary_large_image\" \/>\n<meta name=\"twitter:creator\" content=\"@bellunopress\" \/>\n<meta name=\"twitter:site\" content=\"@bellunopress\" \/>\n<meta name=\"twitter:label1\" content=\"\u00c9crit par\" \/>\n\t<meta name=\"twitter:data1\" content=\"redazione\" \/>\n\t<meta name=\"twitter:label2\" content=\"Dur\u00e9e de lecture estim\u00e9e\" \/>\n\t<meta name=\"twitter:data2\" content=\"2 minutes\" \/>\n<script type=\"application\/ld+json\" class=\"yoast-schema-graph\">{\"@context\":\"https:\\\/\\\/schema.org\",\"@graph\":[{\"@type\":\"Article\",\"@id\":\"https:\\\/\\\/www.bellunopress.it\\\/2022\\\/11\\\/08\\\/paolo-guiso-e-il-nuovo-questore-vicario-di-belluno\\\/#article\",\"isPartOf\":{\"@id\":\"https:\\\/\\\/www.bellunopress.it\\\/2022\\\/11\\\/08\\\/paolo-guiso-e-il-nuovo-questore-vicario-di-belluno\\\/\"},\"author\":{\"name\":\"redazione\",\"@id\":\"https:\\\/\\\/www.bellunopress.it\\\/#\\\/schema\\\/person\\\/79bb06722b37ece1c03d3e94beb30d73\"},\"headline\":\"Paolo Guiso \u00e8 il nuovo questore vicario di Belluno\",\"datePublished\":\"2022-11-08T14:57:02+00:00\",\"mainEntityOfPage\":{\"@id\":\"https:\\\/\\\/www.bellunopress.it\\\/2022\\\/11\\\/08\\\/paolo-guiso-e-il-nuovo-questore-vicario-di-belluno\\\/\"},\"wordCount\":223,\"publisher\":{\"@id\":\"https:\\\/\\\/www.bellunopress.it\\\/#organization\"},\"image\":{\"@id\":\"https:\\\/\\\/www.bellunopress.it\\\/2022\\\/11\\\/08\\\/paolo-guiso-e-il-nuovo-questore-vicario-di-belluno\\\/#primaryimage\"},\"thumbnailUrl\":\"https:\\\/\\\/www.bellunopress.it\\\/wp-content\\\/uploads\\\/2022\\\/11\\\/vicario-Paolo-Guiso_edited.jpg\",\"articleSection\":[\"Cronaca\\\/Politica\",\"Societ\u00e0, Associazioni, Istituzioni\"],\"inLanguage\":\"fr-FR\"},{\"@type\":\"WebPage\",\"@id\":\"https:\\\/\\\/www.bellunopress.it\\\/2022\\\/11\\\/08\\\/paolo-guiso-e-il-nuovo-questore-vicario-di-belluno\\\/\",\"url\":\"https:\\\/\\\/www.bellunopress.it\\\/2022\\\/11\\\/08\\\/paolo-guiso-e-il-nuovo-questore-vicario-di-belluno\\\/\",\"name\":\"Paolo Guiso \u00e8 il nuovo questore vicario di Belluno - Bellunopress - Dolomiti\",\"isPartOf\":{\"@id\":\"https:\\\/\\\/www.bellunopress.it\\\/#website\"},\"primaryImageOfPage\":{\"@id\":\"https:\\\/\\\/www.bellunopress.it\\\/2022\\\/11\\\/08\\\/paolo-guiso-e-il-nuovo-questore-vicario-di-belluno\\\/#primaryimage\"},\"image\":{\"@id\":\"https:\\\/\\\/www.bellunopress.it\\\/2022\\\/11\\\/08\\\/paolo-guiso-e-il-nuovo-questore-vicario-di-belluno\\\/#primaryimage\"},\"thumbnailUrl\":\"https:\\\/\\\/www.bellunopress.it\\\/wp-content\\\/uploads\\\/2022\\\/11\\\/vicario-Paolo-Guiso_edited.jpg\",\"datePublished\":\"2022-11-08T14:57:02+00:00\",\"breadcrumb\":{\"@id\":\"https:\\\/\\\/www.bellunopress.it\\\/2022\\\/11\\\/08\\\/paolo-guiso-e-il-nuovo-questore-vicario-di-belluno\\\/#breadcrumb\"},\"inLanguage\":\"fr-FR\",\"potentialAction\":[{\"@type\":\"ReadAction\",\"target\":[\"https:\\\/\\\/www.bellunopress.it\\\/2022\\\/11\\\/08\\\/paolo-guiso-e-il-nuovo-questore-vicario-di-belluno\\\/\"]}]},{\"@type\":\"ImageObject\",\"inLanguage\":\"fr-FR\",\"@id\":\"https:\\\/\\\/www.bellunopress.it\\\/2022\\\/11\\\/08\\\/paolo-guiso-e-il-nuovo-questore-vicario-di-belluno\\\/#primaryimage\",\"url\":\"https:\\\/\\\/www.bellunopress.it\\\/wp-content\\\/uploads\\\/2022\\\/11\\\/vicario-Paolo-Guiso_edited.jpg\",\"contentUrl\":\"https:\\\/\\\/www.bellunopress.it\\\/wp-content\\\/uploads\\\/2022\\\/11\\\/vicario-Paolo-Guiso_edited.jpg\",\"width\":1000,\"height\":840,\"caption\":\"Paolo Guiso, questore vicario di Belluno\"},{\"@type\":\"BreadcrumbList\",\"@id\":\"https:\\\/\\\/www.bellunopress.it\\\/2022\\\/11\\\/08\\\/paolo-guiso-e-il-nuovo-questore-vicario-di-belluno\\\/#breadcrumb\",\"itemListElement\":[{\"@type\":\"ListItem\",\"position\":1,\"name\":\"Home\",\"item\":\"https:\\\/\\\/www.bellunopress.it\\\/\"},{\"@type\":\"ListItem\",\"position\":2,\"name\":\"Paolo Guiso \u00e8 il nuovo questore vicario di Belluno\"}]},{\"@type\":\"WebSite\",\"@id\":\"https:\\\/\\\/www.bellunopress.it\\\/#website\",\"url\":\"https:\\\/\\\/www.bellunopress.it\\\/\",\"name\":\"Bellunopress - Dolomiti\",\"description\":\"e-mail: redazione@bellunopress.it\",\"publisher\":{\"@id\":\"https:\\\/\\\/www.bellunopress.it\\\/#organization\"},\"potentialAction\":[{\"@type\":\"SearchAction\",\"target\":{\"@type\":\"EntryPoint\",\"urlTemplate\":\"https:\\\/\\\/www.bellunopress.it\\\/?s={search_term_string}\"},\"query-input\":{\"@type\":\"PropertyValueSpecification\",\"valueRequired\":true,\"valueName\":\"search_term_string\"}}],\"inLanguage\":\"fr-FR\"},{\"@type\":\"Organization\",\"@id\":\"https:\\\/\\\/www.bellunopress.it\\\/#organization\",\"name\":\"Bellunopress\",\"url\":\"https:\\\/\\\/www.bellunopress.it\\\/\",\"logo\":{\"@type\":\"ImageObject\",\"inLanguage\":\"fr-FR\",\"@id\":\"https:\\\/\\\/www.bellunopress.it\\\/#\\\/schema\\\/logo\\\/image\\\/\",\"url\":\"https:\\\/\\\/www.bellunopress.it\\\/wp-content\\\/uploads\\\/2011\\\/05\\\/cropped-logo-bellunopress-.jpg\",\"contentUrl\":\"https:\\\/\\\/www.bellunopress.it\\\/wp-content\\\/uploads\\\/2011\\\/05\\\/cropped-logo-bellunopress-.jpg\",\"width\":512,\"height\":512,\"caption\":\"Bellunopress\"},\"image\":{\"@id\":\"https:\\\/\\\/www.bellunopress.it\\\/#\\\/schema\\\/logo\\\/image\\\/\"},\"sameAs\":[\"https:\\\/\\\/www.facebook.com\\\/profile.php?id=100008943462799\",\"https:\\\/\\\/x.com\\\/bellunopress\",\"https:\\\/\\\/www.linkedin.com\\\/hp\\\/?dnr=JBzUWaJfMUw8vbXJJ2tVW5-I3jZKvC4wsoxE&amp;amp;amp;amp;amp;amp;trk=nav_responsive_tab_home\",\"https:\\\/\\\/www.youtube.com\\\/channel\\\/UCxL0wu1uN0_3_7hGG0306cw\"]},{\"@type\":\"Person\",\"@id\":\"https:\\\/\\\/www.bellunopress.it\\\/#\\\/schema\\\/person\\\/79bb06722b37ece1c03d3e94beb30d73\",\"name\":\"redazione\",\"image\":{\"@type\":\"ImageObject\",\"inLanguage\":\"fr-FR\",\"@id\":\"https:\\\/\\\/secure.gravatar.com\\\/avatar\\\/37d968a2e67a6fd04c169c4bdef102d0bc5d31b2546345219e348575eb80e9a0?s=96&d=mm&r=g\",\"url\":\"https:\\\/\\\/secure.gravatar.com\\\/avatar\\\/37d968a2e67a6fd04c169c4bdef102d0bc5d31b2546345219e348575eb80e9a0?s=96&d=mm&r=g\",\"contentUrl\":\"https:\\\/\\\/secure.gravatar.com\\\/avatar\\\/37d968a2e67a6fd04c169c4bdef102d0bc5d31b2546345219e348575eb80e9a0?s=96&d=mm&r=g\",\"caption\":\"redazione\"},\"sameAs\":[\"http:\\\/\\\/www.bellunopress.it\",\"https:\\\/\\\/x.com\\\/bellunopress\"],\"url\":\"https:\\\/\\\/www.bellunopress.it\\\/fr\\\/author\\\/redazione\\\/\"}]}<\/script>\n<!-- \/ Yoast SEO plugin. -->","yoast_head_json":{"title":"Paolo Guiso \u00e8 il nuovo questore vicario di Belluno - Bellunopress - Dolomiti","robots":{"index":"index","follow":"follow","max-snippet":"max-snippet:-1","max-image-preview":"max-image-preview:large","max-video-preview":"max-video-preview:-1"},"canonical":"https:\/\/www.bellunopress.it\/fr\/2022\/11\/08\/paolo-guiso-e-il-nuovo-questore-vicario-di-belluno\/","og_locale":"fr_FR","og_type":"article","og_title":"Paolo Guiso \u00e8 il nuovo questore vicario di Belluno - Bellunopress - Dolomiti","og_description":"Paolo Guiso, I\u00b0 dirigente della Polizia di Stato, \u00e8 il nuovo questore vicario di Belluno. Cinquantaseienne, romano di nascita, ha sempre ricoperto incarichi operativi, di ordine pubblico e polizia giudiziaria. Da gennaio scorso era al vertice del IV Distretto di San Basilio a Roma, nota zona di spaccio di droga. Precedentemente aveva prestato servizio a [&hellip;]","og_url":"https:\/\/www.bellunopress.it\/fr\/2022\/11\/08\/paolo-guiso-e-il-nuovo-questore-vicario-di-belluno\/","og_site_name":"Bellunopress - Dolomiti","article_publisher":"https:\/\/www.facebook.com\/profile.php?id=100008943462799","article_published_time":"2022-11-08T14:57:02+00:00","og_image":[{"width":1000,"height":840,"url":"https:\/\/www.bellunopress.it\/wp-content\/uploads\/2022\/11\/vicario-Paolo-Guiso_edited.jpg","type":"image\/jpeg"}],"author":"redazione","twitter_card":"summary_large_image","twitter_creator":"@bellunopress","twitter_site":"@bellunopress","twitter_misc":{"\u00c9crit par":"redazione","Dur\u00e9e de lecture estim\u00e9e":"2 minutes"},"schema":{"@context":"https:\/\/schema.org","@graph":[{"@type":"Article","@id":"https:\/\/www.bellunopress.it\/2022\/11\/08\/paolo-guiso-e-il-nuovo-questore-vicario-di-belluno\/#article","isPartOf":{"@id":"https:\/\/www.bellunopress.it\/2022\/11\/08\/paolo-guiso-e-il-nuovo-questore-vicario-di-belluno\/"},"author":{"name":"redazione","@id":"https:\/\/www.bellunopress.it\/#\/schema\/person\/79bb06722b37ece1c03d3e94beb30d73"},"headline":"Paolo Guiso \u00e8 il nuovo questore vicario di Belluno","datePublished":"2022-11-08T14:57:02+00:00","mainEntityOfPage":{"@id":"https:\/\/www.bellunopress.it\/2022\/11\/08\/paolo-guiso-e-il-nuovo-questore-vicario-di-belluno\/"},"wordCount":223,"publisher":{"@id":"https:\/\/www.bellunopress.it\/#organization"},"image":{"@id":"https:\/\/www.bellunopress.it\/2022\/11\/08\/paolo-guiso-e-il-nuovo-questore-vicario-di-belluno\/#primaryimage"},"thumbnailUrl":"https:\/\/www.bellunopress.it\/wp-content\/uploads\/2022\/11\/vicario-Paolo-Guiso_edited.jpg","articleSection":["Cronaca\/Politica","Societ\u00e0, Associazioni, Istituzioni"],"inLanguage":"fr-FR"},{"@type":"WebPage","@id":"https:\/\/www.bellunopress.it\/2022\/11\/08\/paolo-guiso-e-il-nuovo-questore-vicario-di-belluno\/","url":"https:\/\/www.bellunopress.it\/2022\/11\/08\/paolo-guiso-e-il-nuovo-questore-vicario-di-belluno\/","name":"Paolo Guiso \u00e8 il nuovo questore vicario di Belluno - Bellunopress - Dolomiti","isPartOf":{"@id":"https:\/\/www.bellunopress.it\/#website"},"primaryImageOfPage":{"@id":"https:\/\/www.bellunopress.it\/2022\/11\/08\/paolo-guiso-e-il-nuovo-questore-vicario-di-belluno\/#primaryimage"},"image":{"@id":"https:\/\/www.bellunopress.it\/2022\/11\/08\/paolo-guiso-e-il-nuovo-questore-vicario-di-belluno\/#primaryimage"},"thumbnailUrl":"https:\/\/www.bellunopress.it\/wp-content\/uploads\/2022\/11\/vicario-Paolo-Guiso_edited.jpg","datePublished":"2022-11-08T14:57:02+00:00","breadcrumb":{"@id":"https:\/\/www.bellunopress.it\/2022\/11\/08\/paolo-guiso-e-il-nuovo-questore-vicario-di-belluno\/#breadcrumb"},"inLanguage":"fr-FR","potentialAction":[{"@type":"ReadAction","target":["https:\/\/www.bellunopress.it\/2022\/11\/08\/paolo-guiso-e-il-nuovo-questore-vicario-di-belluno\/"]}]},{"@type":"ImageObject","inLanguage":"fr-FR","@id":"https:\/\/www.bellunopress.it\/2022\/11\/08\/paolo-guiso-e-il-nuovo-questore-vicario-di-belluno\/#primaryimage","url":"https:\/\/www.bellunopress.it\/wp-content\/uploads\/2022\/11\/vicario-Paolo-Guiso_edited.jpg","contentUrl":"https:\/\/www.bellunopress.it\/wp-content\/uploads\/2022\/11\/vicario-Paolo-Guiso_edited.jpg","width":1000,"height":840,"caption":"Paolo Guiso, questore vicario di Belluno"},{"@type":"BreadcrumbList","@id":"https:\/\/www.bellunopress.it\/2022\/11\/08\/paolo-guiso-e-il-nuovo-questore-vicario-di-belluno\/#breadcrumb","itemListElement":[{"@type":"ListItem","position":1,"name":"Home","item":"https:\/\/www.bellunopress.it\/"},{"@type":"ListItem","position":2,"name":"Paolo Guiso \u00e8 il nuovo questore vicario di Belluno"}]},{"@type":"WebSite","@id":"https:\/\/www.bellunopress.it\/#website","url":"https:\/\/www.bellunopress.it\/","name":"Bellunopress - Dolomiti","description":"e-mail: redazione@bellunopress.it","publisher":{"@id":"https:\/\/www.bellunopress.it\/#organization"},"potentialAction":[{"@type":"SearchAction","target":{"@type":"EntryPoint","urlTemplate":"https:\/\/www.bellunopress.it\/?s={search_term_string}"},"query-input":{"@type":"PropertyValueSpecification","valueRequired":true,"valueName":"search_term_string"}}],"inLanguage":"fr-FR"},{"@type":"Organization","@id":"https:\/\/www.bellunopress.it\/#organization","name":"Bellunopress","url":"https:\/\/www.bellunopress.it\/","logo":{"@type":"ImageObject","inLanguage":"fr-FR","@id":"https:\/\/www.bellunopress.it\/#\/schema\/logo\/image\/","url":"https:\/\/www.bellunopress.it\/wp-content\/uploads\/2011\/05\/cropped-logo-bellunopress-.jpg","contentUrl":"https:\/\/www.bellunopress.it\/wp-content\/uploads\/2011\/05\/cropped-logo-bellunopress-.jpg","width":512,"height":512,"caption":"Bellunopress"},"image":{"@id":"https:\/\/www.bellunopress.it\/#\/schema\/logo\/image\/"},"sameAs":["https:\/\/www.facebook.com\/profile.php?id=100008943462799","https:\/\/x.com\/bellunopress","https:\/\/www.linkedin.com\/hp\/?dnr=JBzUWaJfMUw8vbXJJ2tVW5-I3jZKvC4wsoxE&amp;amp;amp;amp;amp;amp;trk=nav_responsive_tab_home","https:\/\/www.youtube.com\/channel\/UCxL0wu1uN0_3_7hGG0306cw"]},{"@type":"Person","@id":"https:\/\/www.bellunopress.it\/#\/schema\/person\/79bb06722b37ece1c03d3e94beb30d73","name":"r\u00e9daction","image":{"@type":"ImageObject","inLanguage":"fr-FR","@id":"https:\/\/secure.gravatar.com\/avatar\/37d968a2e67a6fd04c169c4bdef102d0bc5d31b2546345219e348575eb80e9a0?s=96&d=mm&r=g","url":"https:\/\/secure.gravatar.com\/avatar\/37d968a2e67a6fd04c169c4bdef102d0bc5d31b2546345219e348575eb80e9a0?s=96&d=mm&r=g","contentUrl":"https:\/\/secure.gravatar.com\/avatar\/37d968a2e67a6fd04c169c4bdef102d0bc5d31b2546345219e348575eb80e9a0?s=96&d=mm&r=g","caption":"redazione"},"sameAs":["http:\/\/www.bellunopress.it","https:\/\/x.com\/bellunopress"],"url":"https:\/\/www.bellunopress.it\/fr\/author\/redazione\/"}]}},"_links":{"self":[{"href":"https:\/\/www.bellunopress.it\/fr\/wp-json\/wp\/v2\/posts\/137555","targetHints":{"allow":["GET"]}}],"collection":[{"href":"https:\/\/www.bellunopress.it\/fr\/wp-json\/wp\/v2\/posts"}],"about":[{"href":"https:\/\/www.bellunopress.it\/fr\/wp-json\/wp\/v2\/types\/post"}],"author":[{"embeddable":true,"href":"https:\/\/www.bellunopress.it\/fr\/wp-json\/wp\/v2\/users\/2"}],"replies":[{"embeddable":true,"href":"https:\/\/www.bellunopress.it\/fr\/wp-json\/wp\/v2\/comments?post=137555"}],"version-history":[{"count":1,"href":"https:\/\/www.bellunopress.it\/fr\/wp-json\/wp\/v2\/posts\/137555\/revisions"}],"predecessor-version":[{"id":137558,"href":"https:\/\/www.bellunopress.it\/fr\/wp-json\/wp\/v2\/posts\/137555\/revisions\/137558"}],"wp:featuredmedia":[{"embeddable":true,"href":"https:\/\/www.bellunopress.it\/fr\/wp-json\/wp\/v2\/media\/137556"}],"wp:attachment":[{"href":"https:\/\/www.bellunopress.it\/fr\/wp-json\/wp\/v2\/media?parent=137555"}],"wp:term":[{"taxonomy":"category","embeddable":true,"href":"https:\/\/www.bellunopress.it\/fr\/wp-json\/wp\/v2\/categories?post=137555"},{"taxonomy":"post_tag","embeddable":true,"href":"https:\/\/www.bellunopress.it\/fr\/wp-json\/wp\/v2\/tags?post=137555"}],"curies":[{"name":"wp","href":"https:\/\/api.w.org\/{rel}","templated":true}]}}