{"id":137552,"date":"2022-11-08T15:20:13","date_gmt":"2022-11-08T14:20:13","guid":{"rendered":"https:\/\/www.bellunopress.it\/?p=137552"},"modified":"2022-11-08T15:20:13","modified_gmt":"2022-11-08T14:20:13","slug":"vigili-del-fuoco-abbattuto-il-vecchio-fabbricato-dellex-caserma-toigo-dove-sorgera-il-nuovo-centro-coordinamento-soccorsi","status":"publish","type":"post","link":"https:\/\/www.bellunopress.it\/fr\/2022\/11\/08\/vigili-del-fuoco-abbattuto-il-vecchio-fabbricato-dellex-caserma-toigo-dove-sorgera-il-nuovo-centro-coordinamento-soccorsi\/","title":{"rendered":"Vigili del fuoco. Abbattuto il vecchio fabbricato dell&#8217;ex caserma Toigo dove sorger\u00e0 il nuovo Centro coordinamento soccorsi"},"content":{"rendered":"<p><img loading=\"lazy\" decoding=\"async\" class=\"alignleft size-full wp-image-137553\" src=\"https:\/\/www.bellunopress.it\/wp-content\/uploads\/2022\/11\/vigili-del-fuoco-demolizione-vecchio-fabbricato_edited.jpg\" alt=\"\" width=\"1000\" height=\"693\" srcset=\"https:\/\/www.bellunopress.it\/wp-content\/uploads\/2022\/11\/vigili-del-fuoco-demolizione-vecchio-fabbricato_edited.jpg 1000w, https:\/\/www.bellunopress.it\/wp-content\/uploads\/2022\/11\/vigili-del-fuoco-demolizione-vecchio-fabbricato_edited-500x347.jpg 500w, https:\/\/www.bellunopress.it\/wp-content\/uploads\/2022\/11\/vigili-del-fuoco-demolizione-vecchio-fabbricato_edited-218x150.jpg 218w, https:\/\/www.bellunopress.it\/wp-content\/uploads\/2022\/11\/vigili-del-fuoco-demolizione-vecchio-fabbricato_edited-696x482.jpg 696w, https:\/\/www.bellunopress.it\/wp-content\/uploads\/2022\/11\/vigili-del-fuoco-demolizione-vecchio-fabbricato_edited-606x420.jpg 606w, https:\/\/www.bellunopress.it\/wp-content\/uploads\/2022\/11\/vigili-del-fuoco-demolizione-vecchio-fabbricato_edited-100x70.jpg 100w\" sizes=\"auto, (max-width: 1000px) 100vw, 1000px\" \/>Belluno, 8 novembre 2022 &#8211; Cade l&#8217;ultimo pezzo della ex caserma Toigo. Il vasto comprensorio della Caserma Toigo ospitava originariamente il Battaglione Logistico della Brigata Cadore ed \u00e8 stato interamente concesso in uso al Dipartimento dei Vigili del Fuoco che, con fondi del bilancio del Ministero dell\u2019Interno, ha promosso la realizzazione dell&#8217;attuale presidio provinciale dei vigili del fuoco.<\/p>\n<p>Sono iniziati oggi con la demolizione del vecchio edificio all\u2019interno della sede dei vigili del fuoco di Belluno, in via Col da Ren, i lavori per la nuova sede del CCS (Centro Coordinamento Soccorsi).<\/p>\n<p>Il nuovo centro coordinamento soccorso provinciale sar\u00e0 destinato alla direzione di tutti gli interventi di protezione civile di eventi rilevanti che possano interessare la provincia di Belluno.<br \/>\nAlle ore 9 di di questa mattina, marted\u00ec 8 novembre, presente il prefetto di Belluno Mariano Savastano, l\u2019assessore alla protezione civile Giampaolo Bottacin e il presidente della provincia Roberto Padrin sono iniziati i lavori di demolizione eseguiti dal nucleo GOS (Gruppi Operativi Speciali) movimento terra dei Vigili del fuoco. A fare da supervisore il comandante Antonio del Gallo, che ha illustrato agli ospiti anche le peculiarit\u00e0 dei GOS di cui il comando di Belluno \u00e8 una delle sei sedi nazionali. I gruppi operativi speciali, inseriti nelle colonne mobili regionali, sono costituiti da mezzi particolari, quali: escavatori, pale gommate, pale cingolate, trattori apri pista, mini escavatori, e autocarri per il trasporto di macerie e pinze con cui sono iniziati i lavori di demolizione.<\/p>","protected":false},"excerpt":{"rendered":"<p>Belluno, 8 novembre 2022 &#8211; Cade l&#8217;ultimo pezzo della ex caserma Toigo. Il vasto comprensorio della Caserma Toigo ospitava originariamente il Battaglione Logistico della Brigata Cadore ed \u00e8 stato interamente concesso in uso al Dipartimento dei Vigili del Fuoco che, con fondi del bilancio del Ministero dell\u2019Interno, ha promosso la realizzazione dell&#8217;attuale presidio provinciale dei [&hellip;]<\/p>\n","protected":false},"author":2,"featured_media":137553,"comment_status":"closed","ping_status":"open","sticky":false,"template":"","format":"standard","meta":{"footnotes":""},"categories":[26,8],"tags":[],"class_list":["post-137552","post","type-post","status-publish","format-standard","has-post-thumbnail","category-prima-pagina","category-societa-istituzioni"],"yoast_head":"<!-- This site is optimized with the Yoast SEO plugin v28.4 - https:\/\/yoast.com\/product\/yoast-seo-wordpress\/ -->\n<title>Vigili del fuoco. Abbattuto il vecchio fabbricato dell&#039;ex caserma Toigo dove sorger\u00e0 il nuovo Centro coordinamento soccorsi - Bellunopress - Dolomiti<\/title>\n<meta name=\"robots\" content=\"index, follow, max-snippet:-1, max-image-preview:large, max-video-preview:-1\" \/>\n<link rel=\"canonical\" href=\"https:\/\/www.bellunopress.it\/fr\/2022\/11\/08\/vigili-del-fuoco-abbattuto-il-vecchio-fabbricato-dellex-caserma-toigo-dove-sorgera-il-nuovo-centro-coordinamento-soccorsi\/\" \/>\n<meta property=\"og:locale\" content=\"fr_FR\" \/>\n<meta property=\"og:type\" content=\"article\" \/>\n<meta property=\"og:title\" content=\"Vigili del fuoco. Abbattuto il vecchio fabbricato dell&#039;ex caserma Toigo dove sorger\u00e0 il nuovo Centro coordinamento soccorsi - Bellunopress - Dolomiti\" \/>\n<meta property=\"og:description\" content=\"Belluno, 8 novembre 2022 &#8211; Cade l&#8217;ultimo pezzo della ex caserma Toigo. Il vasto comprensorio della Caserma Toigo ospitava originariamente il Battaglione Logistico della Brigata Cadore ed \u00e8 stato interamente concesso in uso al Dipartimento dei Vigili del Fuoco che, con fondi del bilancio del Ministero dell\u2019Interno, ha promosso la realizzazione dell&#8217;attuale presidio provinciale dei [&hellip;]\" \/>\n<meta property=\"og:url\" content=\"https:\/\/www.bellunopress.it\/fr\/2022\/11\/08\/vigili-del-fuoco-abbattuto-il-vecchio-fabbricato-dellex-caserma-toigo-dove-sorgera-il-nuovo-centro-coordinamento-soccorsi\/\" \/>\n<meta property=\"og:site_name\" content=\"Bellunopress - Dolomiti\" \/>\n<meta property=\"article:publisher\" content=\"https:\/\/www.facebook.com\/profile.php?id=100008943462799\" \/>\n<meta property=\"article:published_time\" content=\"2022-11-08T14:20:13+00:00\" \/>\n<meta property=\"og:image\" content=\"https:\/\/www.bellunopress.it\/wp-content\/uploads\/2022\/11\/vigili-del-fuoco-demolizione-vecchio-fabbricato_edited.jpg\" \/>\n\t<meta property=\"og:image:width\" content=\"1000\" \/>\n\t<meta property=\"og:image:height\" content=\"693\" \/>\n\t<meta property=\"og:image:type\" content=\"image\/jpeg\" \/>\n<meta name=\"author\" content=\"redazione\" \/>\n<meta name=\"twitter:card\" content=\"summary_large_image\" \/>\n<meta name=\"twitter:creator\" content=\"@bellunopress\" \/>\n<meta name=\"twitter:site\" content=\"@bellunopress\" \/>\n<meta name=\"twitter:label1\" content=\"\u00c9crit par\" \/>\n\t<meta name=\"twitter:data1\" content=\"redazione\" \/>\n\t<meta name=\"twitter:label2\" content=\"Dur\u00e9e de lecture estim\u00e9e\" \/>\n\t<meta name=\"twitter:data2\" content=\"2 minutes\" \/>\n<script type=\"application\/ld+json\" class=\"yoast-schema-graph\">{\"@context\":\"https:\\\/\\\/schema.org\",\"@graph\":[{\"@type\":\"Article\",\"@id\":\"https:\\\/\\\/www.bellunopress.it\\\/2022\\\/11\\\/08\\\/vigili-del-fuoco-abbattuto-il-vecchio-fabbricato-dellex-caserma-toigo-dove-sorgera-il-nuovo-centro-coordinamento-soccorsi\\\/#article\",\"isPartOf\":{\"@id\":\"https:\\\/\\\/www.bellunopress.it\\\/2022\\\/11\\\/08\\\/vigili-del-fuoco-abbattuto-il-vecchio-fabbricato-dellex-caserma-toigo-dove-sorgera-il-nuovo-centro-coordinamento-soccorsi\\\/\"},\"author\":{\"name\":\"redazione\",\"@id\":\"https:\\\/\\\/www.bellunopress.it\\\/#\\\/schema\\\/person\\\/79bb06722b37ece1c03d3e94beb30d73\"},\"headline\":\"Vigili del fuoco. Abbattuto il vecchio fabbricato dell&#8217;ex caserma Toigo dove sorger\u00e0 il nuovo Centro coordinamento soccorsi\",\"datePublished\":\"2022-11-08T14:20:13+00:00\",\"mainEntityOfPage\":{\"@id\":\"https:\\\/\\\/www.bellunopress.it\\\/2022\\\/11\\\/08\\\/vigili-del-fuoco-abbattuto-il-vecchio-fabbricato-dellex-caserma-toigo-dove-sorgera-il-nuovo-centro-coordinamento-soccorsi\\\/\"},\"wordCount\":258,\"publisher\":{\"@id\":\"https:\\\/\\\/www.bellunopress.it\\\/#organization\"},\"image\":{\"@id\":\"https:\\\/\\\/www.bellunopress.it\\\/2022\\\/11\\\/08\\\/vigili-del-fuoco-abbattuto-il-vecchio-fabbricato-dellex-caserma-toigo-dove-sorgera-il-nuovo-centro-coordinamento-soccorsi\\\/#primaryimage\"},\"thumbnailUrl\":\"https:\\\/\\\/www.bellunopress.it\\\/wp-content\\\/uploads\\\/2022\\\/11\\\/vigili-del-fuoco-demolizione-vecchio-fabbricato_edited.jpg\",\"articleSection\":[\"Prima Pagina\",\"Societ\u00e0, Associazioni, Istituzioni\"],\"inLanguage\":\"fr-FR\"},{\"@type\":\"WebPage\",\"@id\":\"https:\\\/\\\/www.bellunopress.it\\\/2022\\\/11\\\/08\\\/vigili-del-fuoco-abbattuto-il-vecchio-fabbricato-dellex-caserma-toigo-dove-sorgera-il-nuovo-centro-coordinamento-soccorsi\\\/\",\"url\":\"https:\\\/\\\/www.bellunopress.it\\\/2022\\\/11\\\/08\\\/vigili-del-fuoco-abbattuto-il-vecchio-fabbricato-dellex-caserma-toigo-dove-sorgera-il-nuovo-centro-coordinamento-soccorsi\\\/\",\"name\":\"Vigili del fuoco. Abbattuto il vecchio fabbricato dell'ex caserma Toigo dove sorger\u00e0 il nuovo Centro coordinamento soccorsi - Bellunopress - Dolomiti\",\"isPartOf\":{\"@id\":\"https:\\\/\\\/www.bellunopress.it\\\/#website\"},\"primaryImageOfPage\":{\"@id\":\"https:\\\/\\\/www.bellunopress.it\\\/2022\\\/11\\\/08\\\/vigili-del-fuoco-abbattuto-il-vecchio-fabbricato-dellex-caserma-toigo-dove-sorgera-il-nuovo-centro-coordinamento-soccorsi\\\/#primaryimage\"},\"image\":{\"@id\":\"https:\\\/\\\/www.bellunopress.it\\\/2022\\\/11\\\/08\\\/vigili-del-fuoco-abbattuto-il-vecchio-fabbricato-dellex-caserma-toigo-dove-sorgera-il-nuovo-centro-coordinamento-soccorsi\\\/#primaryimage\"},\"thumbnailUrl\":\"https:\\\/\\\/www.bellunopress.it\\\/wp-content\\\/uploads\\\/2022\\\/11\\\/vigili-del-fuoco-demolizione-vecchio-fabbricato_edited.jpg\",\"datePublished\":\"2022-11-08T14:20:13+00:00\",\"breadcrumb\":{\"@id\":\"https:\\\/\\\/www.bellunopress.it\\\/2022\\\/11\\\/08\\\/vigili-del-fuoco-abbattuto-il-vecchio-fabbricato-dellex-caserma-toigo-dove-sorgera-il-nuovo-centro-coordinamento-soccorsi\\\/#breadcrumb\"},\"inLanguage\":\"fr-FR\",\"potentialAction\":[{\"@type\":\"ReadAction\",\"target\":[\"https:\\\/\\\/www.bellunopress.it\\\/2022\\\/11\\\/08\\\/vigili-del-fuoco-abbattuto-il-vecchio-fabbricato-dellex-caserma-toigo-dove-sorgera-il-nuovo-centro-coordinamento-soccorsi\\\/\"]}]},{\"@type\":\"ImageObject\",\"inLanguage\":\"fr-FR\",\"@id\":\"https:\\\/\\\/www.bellunopress.it\\\/2022\\\/11\\\/08\\\/vigili-del-fuoco-abbattuto-il-vecchio-fabbricato-dellex-caserma-toigo-dove-sorgera-il-nuovo-centro-coordinamento-soccorsi\\\/#primaryimage\",\"url\":\"https:\\\/\\\/www.bellunopress.it\\\/wp-content\\\/uploads\\\/2022\\\/11\\\/vigili-del-fuoco-demolizione-vecchio-fabbricato_edited.jpg\",\"contentUrl\":\"https:\\\/\\\/www.bellunopress.it\\\/wp-content\\\/uploads\\\/2022\\\/11\\\/vigili-del-fuoco-demolizione-vecchio-fabbricato_edited.jpg\",\"width\":1000,\"height\":693},{\"@type\":\"BreadcrumbList\",\"@id\":\"https:\\\/\\\/www.bellunopress.it\\\/2022\\\/11\\\/08\\\/vigili-del-fuoco-abbattuto-il-vecchio-fabbricato-dellex-caserma-toigo-dove-sorgera-il-nuovo-centro-coordinamento-soccorsi\\\/#breadcrumb\",\"itemListElement\":[{\"@type\":\"ListItem\",\"position\":1,\"name\":\"Home\",\"item\":\"https:\\\/\\\/www.bellunopress.it\\\/\"},{\"@type\":\"ListItem\",\"position\":2,\"name\":\"Vigili del fuoco. Abbattuto il vecchio fabbricato dell&#8217;ex caserma Toigo dove sorger\u00e0 il nuovo Centro coordinamento soccorsi\"}]},{\"@type\":\"WebSite\",\"@id\":\"https:\\\/\\\/www.bellunopress.it\\\/#website\",\"url\":\"https:\\\/\\\/www.bellunopress.it\\\/\",\"name\":\"Bellunopress - Dolomiti\",\"description\":\"e-mail: redazione@bellunopress.it\",\"publisher\":{\"@id\":\"https:\\\/\\\/www.bellunopress.it\\\/#organization\"},\"potentialAction\":[{\"@type\":\"SearchAction\",\"target\":{\"@type\":\"EntryPoint\",\"urlTemplate\":\"https:\\\/\\\/www.bellunopress.it\\\/?s={search_term_string}\"},\"query-input\":{\"@type\":\"PropertyValueSpecification\",\"valueRequired\":true,\"valueName\":\"search_term_string\"}}],\"inLanguage\":\"fr-FR\"},{\"@type\":\"Organization\",\"@id\":\"https:\\\/\\\/www.bellunopress.it\\\/#organization\",\"name\":\"Bellunopress\",\"url\":\"https:\\\/\\\/www.bellunopress.it\\\/\",\"logo\":{\"@type\":\"ImageObject\",\"inLanguage\":\"fr-FR\",\"@id\":\"https:\\\/\\\/www.bellunopress.it\\\/#\\\/schema\\\/logo\\\/image\\\/\",\"url\":\"https:\\\/\\\/www.bellunopress.it\\\/wp-content\\\/uploads\\\/2011\\\/05\\\/cropped-logo-bellunopress-.jpg\",\"contentUrl\":\"https:\\\/\\\/www.bellunopress.it\\\/wp-content\\\/uploads\\\/2011\\\/05\\\/cropped-logo-bellunopress-.jpg\",\"width\":512,\"height\":512,\"caption\":\"Bellunopress\"},\"image\":{\"@id\":\"https:\\\/\\\/www.bellunopress.it\\\/#\\\/schema\\\/logo\\\/image\\\/\"},\"sameAs\":[\"https:\\\/\\\/www.facebook.com\\\/profile.php?id=100008943462799\",\"https:\\\/\\\/x.com\\\/bellunopress\",\"https:\\\/\\\/www.linkedin.com\\\/hp\\\/?dnr=JBzUWaJfMUw8vbXJJ2tVW5-I3jZKvC4wsoxE&amp;amp;amp;amp;amp;amp;trk=nav_responsive_tab_home\",\"https:\\\/\\\/www.youtube.com\\\/channel\\\/UCxL0wu1uN0_3_7hGG0306cw\"]},{\"@type\":\"Person\",\"@id\":\"https:\\\/\\\/www.bellunopress.it\\\/#\\\/schema\\\/person\\\/79bb06722b37ece1c03d3e94beb30d73\",\"name\":\"redazione\",\"image\":{\"@type\":\"ImageObject\",\"inLanguage\":\"fr-FR\",\"@id\":\"https:\\\/\\\/secure.gravatar.com\\\/avatar\\\/37d968a2e67a6fd04c169c4bdef102d0bc5d31b2546345219e348575eb80e9a0?s=96&d=mm&r=g\",\"url\":\"https:\\\/\\\/secure.gravatar.com\\\/avatar\\\/37d968a2e67a6fd04c169c4bdef102d0bc5d31b2546345219e348575eb80e9a0?s=96&d=mm&r=g\",\"contentUrl\":\"https:\\\/\\\/secure.gravatar.com\\\/avatar\\\/37d968a2e67a6fd04c169c4bdef102d0bc5d31b2546345219e348575eb80e9a0?s=96&d=mm&r=g\",\"caption\":\"redazione\"},\"sameAs\":[\"http:\\\/\\\/www.bellunopress.it\",\"https:\\\/\\\/x.com\\\/bellunopress\"],\"url\":\"https:\\\/\\\/www.bellunopress.it\\\/fr\\\/author\\\/redazione\\\/\"}]}<\/script>\n<!-- \/ Yoast SEO plugin. -->","yoast_head_json":{"title":"Vigili del fuoco. Abbattuto il vecchio fabbricato dell'ex caserma Toigo dove sorger\u00e0 il nuovo Centro coordinamento soccorsi - Bellunopress - Dolomiti","robots":{"index":"index","follow":"follow","max-snippet":"max-snippet:-1","max-image-preview":"max-image-preview:large","max-video-preview":"max-video-preview:-1"},"canonical":"https:\/\/www.bellunopress.it\/fr\/2022\/11\/08\/vigili-del-fuoco-abbattuto-il-vecchio-fabbricato-dellex-caserma-toigo-dove-sorgera-il-nuovo-centro-coordinamento-soccorsi\/","og_locale":"fr_FR","og_type":"article","og_title":"Vigili del fuoco. Abbattuto il vecchio fabbricato dell'ex caserma Toigo dove sorger\u00e0 il nuovo Centro coordinamento soccorsi - Bellunopress - Dolomiti","og_description":"Belluno, 8 novembre 2022 &#8211; Cade l&#8217;ultimo pezzo della ex caserma Toigo. Il vasto comprensorio della Caserma Toigo ospitava originariamente il Battaglione Logistico della Brigata Cadore ed \u00e8 stato interamente concesso in uso al Dipartimento dei Vigili del Fuoco che, con fondi del bilancio del Ministero dell\u2019Interno, ha promosso la realizzazione dell&#8217;attuale presidio provinciale dei [&hellip;]","og_url":"https:\/\/www.bellunopress.it\/fr\/2022\/11\/08\/vigili-del-fuoco-abbattuto-il-vecchio-fabbricato-dellex-caserma-toigo-dove-sorgera-il-nuovo-centro-coordinamento-soccorsi\/","og_site_name":"Bellunopress - Dolomiti","article_publisher":"https:\/\/www.facebook.com\/profile.php?id=100008943462799","article_published_time":"2022-11-08T14:20:13+00:00","og_image":[{"width":1000,"height":693,"url":"https:\/\/www.bellunopress.it\/wp-content\/uploads\/2022\/11\/vigili-del-fuoco-demolizione-vecchio-fabbricato_edited.jpg","type":"image\/jpeg"}],"author":"redazione","twitter_card":"summary_large_image","twitter_creator":"@bellunopress","twitter_site":"@bellunopress","twitter_misc":{"\u00c9crit par":"redazione","Dur\u00e9e de lecture estim\u00e9e":"2 minutes"},"schema":{"@context":"https:\/\/schema.org","@graph":[{"@type":"Article","@id":"https:\/\/www.bellunopress.it\/2022\/11\/08\/vigili-del-fuoco-abbattuto-il-vecchio-fabbricato-dellex-caserma-toigo-dove-sorgera-il-nuovo-centro-coordinamento-soccorsi\/#article","isPartOf":{"@id":"https:\/\/www.bellunopress.it\/2022\/11\/08\/vigili-del-fuoco-abbattuto-il-vecchio-fabbricato-dellex-caserma-toigo-dove-sorgera-il-nuovo-centro-coordinamento-soccorsi\/"},"author":{"name":"redazione","@id":"https:\/\/www.bellunopress.it\/#\/schema\/person\/79bb06722b37ece1c03d3e94beb30d73"},"headline":"Vigili del fuoco. Abbattuto il vecchio fabbricato dell&#8217;ex caserma Toigo dove sorger\u00e0 il nuovo Centro coordinamento soccorsi","datePublished":"2022-11-08T14:20:13+00:00","mainEntityOfPage":{"@id":"https:\/\/www.bellunopress.it\/2022\/11\/08\/vigili-del-fuoco-abbattuto-il-vecchio-fabbricato-dellex-caserma-toigo-dove-sorgera-il-nuovo-centro-coordinamento-soccorsi\/"},"wordCount":258,"publisher":{"@id":"https:\/\/www.bellunopress.it\/#organization"},"image":{"@id":"https:\/\/www.bellunopress.it\/2022\/11\/08\/vigili-del-fuoco-abbattuto-il-vecchio-fabbricato-dellex-caserma-toigo-dove-sorgera-il-nuovo-centro-coordinamento-soccorsi\/#primaryimage"},"thumbnailUrl":"https:\/\/www.bellunopress.it\/wp-content\/uploads\/2022\/11\/vigili-del-fuoco-demolizione-vecchio-fabbricato_edited.jpg","articleSection":["Prima Pagina","Societ\u00e0, Associazioni, Istituzioni"],"inLanguage":"fr-FR"},{"@type":"WebPage","@id":"https:\/\/www.bellunopress.it\/2022\/11\/08\/vigili-del-fuoco-abbattuto-il-vecchio-fabbricato-dellex-caserma-toigo-dove-sorgera-il-nuovo-centro-coordinamento-soccorsi\/","url":"https:\/\/www.bellunopress.it\/2022\/11\/08\/vigili-del-fuoco-abbattuto-il-vecchio-fabbricato-dellex-caserma-toigo-dove-sorgera-il-nuovo-centro-coordinamento-soccorsi\/","name":"Vigili del fuoco. Abbattuto il vecchio fabbricato dell'ex caserma Toigo dove sorger\u00e0 il nuovo Centro coordinamento soccorsi - Bellunopress - Dolomiti","isPartOf":{"@id":"https:\/\/www.bellunopress.it\/#website"},"primaryImageOfPage":{"@id":"https:\/\/www.bellunopress.it\/2022\/11\/08\/vigili-del-fuoco-abbattuto-il-vecchio-fabbricato-dellex-caserma-toigo-dove-sorgera-il-nuovo-centro-coordinamento-soccorsi\/#primaryimage"},"image":{"@id":"https:\/\/www.bellunopress.it\/2022\/11\/08\/vigili-del-fuoco-abbattuto-il-vecchio-fabbricato-dellex-caserma-toigo-dove-sorgera-il-nuovo-centro-coordinamento-soccorsi\/#primaryimage"},"thumbnailUrl":"https:\/\/www.bellunopress.it\/wp-content\/uploads\/2022\/11\/vigili-del-fuoco-demolizione-vecchio-fabbricato_edited.jpg","datePublished":"2022-11-08T14:20:13+00:00","breadcrumb":{"@id":"https:\/\/www.bellunopress.it\/2022\/11\/08\/vigili-del-fuoco-abbattuto-il-vecchio-fabbricato-dellex-caserma-toigo-dove-sorgera-il-nuovo-centro-coordinamento-soccorsi\/#breadcrumb"},"inLanguage":"fr-FR","potentialAction":[{"@type":"ReadAction","target":["https:\/\/www.bellunopress.it\/2022\/11\/08\/vigili-del-fuoco-abbattuto-il-vecchio-fabbricato-dellex-caserma-toigo-dove-sorgera-il-nuovo-centro-coordinamento-soccorsi\/"]}]},{"@type":"ImageObject","inLanguage":"fr-FR","@id":"https:\/\/www.bellunopress.it\/2022\/11\/08\/vigili-del-fuoco-abbattuto-il-vecchio-fabbricato-dellex-caserma-toigo-dove-sorgera-il-nuovo-centro-coordinamento-soccorsi\/#primaryimage","url":"https:\/\/www.bellunopress.it\/wp-content\/uploads\/2022\/11\/vigili-del-fuoco-demolizione-vecchio-fabbricato_edited.jpg","contentUrl":"https:\/\/www.bellunopress.it\/wp-content\/uploads\/2022\/11\/vigili-del-fuoco-demolizione-vecchio-fabbricato_edited.jpg","width":1000,"height":693},{"@type":"BreadcrumbList","@id":"https:\/\/www.bellunopress.it\/2022\/11\/08\/vigili-del-fuoco-abbattuto-il-vecchio-fabbricato-dellex-caserma-toigo-dove-sorgera-il-nuovo-centro-coordinamento-soccorsi\/#breadcrumb","itemListElement":[{"@type":"ListItem","position":1,"name":"Home","item":"https:\/\/www.bellunopress.it\/"},{"@type":"ListItem","position":2,"name":"Vigili del fuoco. Abbattuto il vecchio fabbricato dell&#8217;ex caserma Toigo dove sorger\u00e0 il nuovo Centro coordinamento soccorsi"}]},{"@type":"WebSite","@id":"https:\/\/www.bellunopress.it\/#website","url":"https:\/\/www.bellunopress.it\/","name":"Bellunopress - Dolomiti","description":"e-mail: redazione@bellunopress.it","publisher":{"@id":"https:\/\/www.bellunopress.it\/#organization"},"potentialAction":[{"@type":"SearchAction","target":{"@type":"EntryPoint","urlTemplate":"https:\/\/www.bellunopress.it\/?s={search_term_string}"},"query-input":{"@type":"PropertyValueSpecification","valueRequired":true,"valueName":"search_term_string"}}],"inLanguage":"fr-FR"},{"@type":"Organization","@id":"https:\/\/www.bellunopress.it\/#organization","name":"Bellunopress","url":"https:\/\/www.bellunopress.it\/","logo":{"@type":"ImageObject","inLanguage":"fr-FR","@id":"https:\/\/www.bellunopress.it\/#\/schema\/logo\/image\/","url":"https:\/\/www.bellunopress.it\/wp-content\/uploads\/2011\/05\/cropped-logo-bellunopress-.jpg","contentUrl":"https:\/\/www.bellunopress.it\/wp-content\/uploads\/2011\/05\/cropped-logo-bellunopress-.jpg","width":512,"height":512,"caption":"Bellunopress"},"image":{"@id":"https:\/\/www.bellunopress.it\/#\/schema\/logo\/image\/"},"sameAs":["https:\/\/www.facebook.com\/profile.php?id=100008943462799","https:\/\/x.com\/bellunopress","https:\/\/www.linkedin.com\/hp\/?dnr=JBzUWaJfMUw8vbXJJ2tVW5-I3jZKvC4wsoxE&amp;amp;amp;amp;amp;amp;trk=nav_responsive_tab_home","https:\/\/www.youtube.com\/channel\/UCxL0wu1uN0_3_7hGG0306cw"]},{"@type":"Person","@id":"https:\/\/www.bellunopress.it\/#\/schema\/person\/79bb06722b37ece1c03d3e94beb30d73","name":"r\u00e9daction","image":{"@type":"ImageObject","inLanguage":"fr-FR","@id":"https:\/\/secure.gravatar.com\/avatar\/37d968a2e67a6fd04c169c4bdef102d0bc5d31b2546345219e348575eb80e9a0?s=96&d=mm&r=g","url":"https:\/\/secure.gravatar.com\/avatar\/37d968a2e67a6fd04c169c4bdef102d0bc5d31b2546345219e348575eb80e9a0?s=96&d=mm&r=g","contentUrl":"https:\/\/secure.gravatar.com\/avatar\/37d968a2e67a6fd04c169c4bdef102d0bc5d31b2546345219e348575eb80e9a0?s=96&d=mm&r=g","caption":"redazione"},"sameAs":["http:\/\/www.bellunopress.it","https:\/\/x.com\/bellunopress"],"url":"https:\/\/www.bellunopress.it\/fr\/author\/redazione\/"}]}},"_links":{"self":[{"href":"https:\/\/www.bellunopress.it\/fr\/wp-json\/wp\/v2\/posts\/137552","targetHints":{"allow":["GET"]}}],"collection":[{"href":"https:\/\/www.bellunopress.it\/fr\/wp-json\/wp\/v2\/posts"}],"about":[{"href":"https:\/\/www.bellunopress.it\/fr\/wp-json\/wp\/v2\/types\/post"}],"author":[{"embeddable":true,"href":"https:\/\/www.bellunopress.it\/fr\/wp-json\/wp\/v2\/users\/2"}],"replies":[{"embeddable":true,"href":"https:\/\/www.bellunopress.it\/fr\/wp-json\/wp\/v2\/comments?post=137552"}],"version-history":[{"count":1,"href":"https:\/\/www.bellunopress.it\/fr\/wp-json\/wp\/v2\/posts\/137552\/revisions"}],"predecessor-version":[{"id":137554,"href":"https:\/\/www.bellunopress.it\/fr\/wp-json\/wp\/v2\/posts\/137552\/revisions\/137554"}],"wp:featuredmedia":[{"embeddable":true,"href":"https:\/\/www.bellunopress.it\/fr\/wp-json\/wp\/v2\/media\/137553"}],"wp:attachment":[{"href":"https:\/\/www.bellunopress.it\/fr\/wp-json\/wp\/v2\/media?parent=137552"}],"wp:term":[{"taxonomy":"category","embeddable":true,"href":"https:\/\/www.bellunopress.it\/fr\/wp-json\/wp\/v2\/categories?post=137552"},{"taxonomy":"post_tag","embeddable":true,"href":"https:\/\/www.bellunopress.it\/fr\/wp-json\/wp\/v2\/tags?post=137552"}],"curies":[{"name":"wp","href":"https:\/\/api.w.org\/{rel}","templated":true}]}}