{"id":137545,"date":"2022-11-08T06:06:59","date_gmt":"2022-11-08T05:06:59","guid":{"rendered":"https:\/\/www.bellunopress.it\/?p=137545"},"modified":"2024-03-06T17:12:07","modified_gmt":"2024-03-06T16:12:07","slug":"lettera-aperta-ai-presidenti-degli-ordini-dei-medici","status":"publish","type":"post","link":"https:\/\/www.bellunopress.it\/fr\/2022\/11\/08\/lettera-aperta-ai-presidenti-degli-ordini-dei-medici\/","title":{"rendered":"Lettera aperta ai presidenti degli Ordini dei Medici"},"content":{"rendered":"<p><img loading=\"lazy\" decoding=\"async\" class=\"alignleft size-full wp-image-123649\" src=\"https:\/\/www.bellunopress.it\/wp-content\/uploads\/2021\/04\/lettera-mail_edited.jpg\" alt=\"\" width=\"962\" height=\"1000\" srcset=\"https:\/\/www.bellunopress.it\/wp-content\/uploads\/2021\/04\/lettera-mail_edited.jpg 962w, https:\/\/www.bellunopress.it\/wp-content\/uploads\/2021\/04\/lettera-mail_edited-481x500.jpg 481w, https:\/\/www.bellunopress.it\/wp-content\/uploads\/2021\/04\/lettera-mail_edited-696x723.jpg 696w, https:\/\/www.bellunopress.it\/wp-content\/uploads\/2021\/04\/lettera-mail_edited-404x420.jpg 404w\" sizes=\"auto, (max-width: 962px) 100vw, 962px\" \/>Egregio Presidente,<\/p>\n<p>mi \u00e8 capitato di leggere che il politico, economista e accademico italiano Renato Brunetta, gi\u00e0 Ministro per la pubblica amministrazione, Europarlamentare e Ministro per l\u2019innovazione, esprimendo il suo interesse per i no-vax abbia dichiarato \u201ctorturiamo i no-vax coi tamponi fino al cervello\u201d La cronaca non ci dice se \u00e8 stato assunto anche come infermiere volontario, a titolo gratuito, per esercitare questa sua insospettabile passione neurochirurgica.<\/p>\n<p>Il cardiologo Giuseppe Gigantino, iscritto all\u2019Ordine dei Medici di Salerno, deve aver avuto qualche problema di memoria poich\u00e9 ha totalmente dimenticato il suo impegno professionale nella parte in cui dice \u201cgiuro di perseguire la difesa della vita, la tutela della salute fisica e psichica, il trattamento del dolore e il sollievo dalla sofferenza, nel rispetto della dignit\u00e0 e libert\u00e0 della persona cui, con costante impegno scientifico, culturale e sociale ispirer\u00f2 ogni mio atto professionale\u201d e augura \u201ccampi di sterminio per chi non si vaccina\u201d.<\/p>\n<p>L\u2019assessore alla cultura e al paesaggio della Regione Emilia Romagna, Mauro Felicori di Italia Viva, laureato in filosofia, funzionario e docente universitario vuole vagoni separati per i non vaccinati. Non \u00e8 dato sapere se per proteggere i non vaccinati da coloro che si sono vaccinati e che sappiamo essere pi\u00f9 numerosi e pi\u00f9 contagiosi; o se per evitare che i vaccinati capiscano di essere stati turlupinati quando \u00e8 stata garantita loro la immunit\u00e0 dal virus. Comunque, essendo uomo di pensiero, dovrebbe esplicitare meglio le sue teorie e, forse, leggere meglio i bugiardini dei vaccini.<\/p>\n<p>L\u2019ex sindacalista ed esponente di +Europa Giuliano Cazzola invoca la ministra Lamorgese a richiamare in servizio Bava Beccaris (o i suoi epigoni, che non mancano) per trattare come si deve, col piombo, a cannonate, quei terroristi dei no-vax. Putin deve avere infiammato la sua anima semplice e buona.<\/p>\n<p>La giornalista, opinionista, blogger, scrittrice, conduttrice radiofonica, commediografa e attrice teatrale italiana Selvaggia Lucarelli ha trovato una ricetta pi\u00f9 rapida per risolvere il problema dei no-vax \u201cun virus che ti mangi gli organi in 10 minuti e che ti riduca in una poltiglia verdastra che stia in un bicchiere per vedere quanti inflessibili no-vax restano al mondo\u201d Non ha capito la bella Selvaggia che il vaccino ti protegge per tre mesi circa e poi, avendo troppo specializzato le difese immunitarie, rende i vaccinati pi\u00f9 aggredibili da altre possibili infezioni. Potrebbe diventare verde lei.<\/p>\n<p>Egregio Presidente, politici, laureati in filosofia, attrici, opinionisti, medici al soldo dell\u2019industria del farmaco (anche il dottore in scienze politiche \u201cvigile attesa e tachipirina\u201d e il Presidente del Consiglio \u201cnon prendi il vaccino e muori\u201d, ricordiamoli!) hanno espresso le loro ricette e noi, come medici, in fatto di medicina e salute attendiamo i loro consigli e obbediamo ai loro ordini?<\/p>\n<p>E Lei Presidente, che ha rigorosamente adottato tutte le disposizioni di Speranza, ora che cosa fa con quelle diverse del nuovo governo e del nuovo ministro della Sanit\u00e0? Non \u00e8 stato consigliato dal Suo Consiglio? Non ha pensato di consultare la Consulta di Bioetica? Non sarebbe forse il caso di rileggersi il giuramento di Ippocrate? il codice di deontologia medica? e la lettera che i 41 medici italiani, titolati cattedratici e studiosi, hanno spedito a Speranza nell\u2019ormai lontano aprile 2020?<\/p>\n<p><strong>Dr. Filiberto Dal Molin &#8211; Belluno<\/strong><\/p>","protected":false},"excerpt":{"rendered":"<p>Egregio Presidente, mi \u00e8 capitato di leggere che il politico, economista e accademico italiano Renato Brunetta, gi\u00e0 Ministro per la pubblica amministrazione, Europarlamentare e Ministro per l\u2019innovazione, esprimendo il suo interesse per i no-vax abbia dichiarato \u201ctorturiamo i no-vax coi tamponi fino al cervello\u201d La cronaca non ci dice se \u00e8 stato assunto anche come [&hellip;]<\/p>\n","protected":false},"author":2,"featured_media":123649,"comment_status":"closed","ping_status":"open","sticky":false,"template":"","format":"standard","meta":{"footnotes":""},"categories":[3614,1,26,17],"tags":[],"class_list":["post-137545","post","type-post","status-publish","format-standard","has-post-thumbnail","category-controcorrente","category-leo","category-prima-pagina","category-sanita"],"yoast_head":"<!-- This site is optimized with the Yoast SEO plugin v28.4 - https:\/\/yoast.com\/product\/yoast-seo-wordpress\/ -->\n<title>Lettera aperta ai presidenti degli Ordini dei Medici - Bellunopress - Dolomiti<\/title>\n<meta name=\"robots\" content=\"index, follow, max-snippet:-1, max-image-preview:large, max-video-preview:-1\" \/>\n<link rel=\"canonical\" href=\"https:\/\/www.bellunopress.it\/fr\/2022\/11\/08\/lettera-aperta-ai-presidenti-degli-ordini-dei-medici\/\" \/>\n<meta property=\"og:locale\" content=\"fr_FR\" \/>\n<meta property=\"og:type\" content=\"article\" \/>\n<meta property=\"og:title\" content=\"Lettera aperta ai presidenti degli Ordini dei Medici - Bellunopress - Dolomiti\" \/>\n<meta property=\"og:description\" content=\"Egregio Presidente, mi \u00e8 capitato di leggere che il politico, economista e accademico italiano Renato Brunetta, gi\u00e0 Ministro per la pubblica amministrazione, Europarlamentare e Ministro per l\u2019innovazione, esprimendo il suo interesse per i no-vax abbia dichiarato \u201ctorturiamo i no-vax coi tamponi fino al cervello\u201d La cronaca non ci dice se \u00e8 stato assunto anche come [&hellip;]\" \/>\n<meta property=\"og:url\" content=\"https:\/\/www.bellunopress.it\/fr\/2022\/11\/08\/lettera-aperta-ai-presidenti-degli-ordini-dei-medici\/\" \/>\n<meta property=\"og:site_name\" content=\"Bellunopress - Dolomiti\" \/>\n<meta property=\"article:publisher\" content=\"https:\/\/www.facebook.com\/profile.php?id=100008943462799\" \/>\n<meta property=\"article:published_time\" content=\"2022-11-08T05:06:59+00:00\" \/>\n<meta property=\"article:modified_time\" content=\"2024-03-06T16:12:07+00:00\" \/>\n<meta property=\"og:image\" content=\"https:\/\/www.bellunopress.it\/wp-content\/uploads\/2021\/04\/lettera-mail_edited.jpg\" \/>\n\t<meta property=\"og:image:width\" content=\"962\" \/>\n\t<meta property=\"og:image:height\" content=\"1000\" \/>\n\t<meta property=\"og:image:type\" content=\"image\/jpeg\" \/>\n<meta name=\"author\" content=\"redazione\" \/>\n<meta name=\"twitter:card\" content=\"summary_large_image\" \/>\n<meta name=\"twitter:creator\" content=\"@bellunopress\" \/>\n<meta name=\"twitter:site\" content=\"@bellunopress\" \/>\n<meta name=\"twitter:label1\" content=\"Written by\" \/>\n\t<meta name=\"twitter:data1\" content=\"redazione\" \/>\n\t<meta name=\"twitter:label2\" content=\"Est. reading time\" \/>\n\t<meta name=\"twitter:data2\" content=\"4 minutes\" \/>\n<script type=\"application\/ld+json\" class=\"yoast-schema-graph\">{\"@context\":\"https:\\\/\\\/schema.org\",\"@graph\":[{\"@type\":\"Article\",\"@id\":\"https:\\\/\\\/www.bellunopress.it\\\/2022\\\/11\\\/08\\\/lettera-aperta-ai-presidenti-degli-ordini-dei-medici\\\/#article\",\"isPartOf\":{\"@id\":\"https:\\\/\\\/www.bellunopress.it\\\/2022\\\/11\\\/08\\\/lettera-aperta-ai-presidenti-degli-ordini-dei-medici\\\/\"},\"author\":{\"name\":\"redazione\",\"@id\":\"https:\\\/\\\/www.bellunopress.it\\\/#\\\/schema\\\/person\\\/79bb06722b37ece1c03d3e94beb30d73\"},\"headline\":\"Lettera aperta ai presidenti degli Ordini dei Medici\",\"datePublished\":\"2022-11-08T05:06:59+00:00\",\"dateModified\":\"2024-03-06T16:12:07+00:00\",\"mainEntityOfPage\":{\"@id\":\"https:\\\/\\\/www.bellunopress.it\\\/2022\\\/11\\\/08\\\/lettera-aperta-ai-presidenti-degli-ordini-dei-medici\\\/\"},\"wordCount\":538,\"publisher\":{\"@id\":\"https:\\\/\\\/www.bellunopress.it\\\/#organization\"},\"image\":{\"@id\":\"https:\\\/\\\/www.bellunopress.it\\\/2022\\\/11\\\/08\\\/lettera-aperta-ai-presidenti-degli-ordini-dei-medici\\\/#primaryimage\"},\"thumbnailUrl\":\"https:\\\/\\\/www.bellunopress.it\\\/wp-content\\\/uploads\\\/2021\\\/04\\\/lettera-mail_edited.jpg\",\"articleSection\":[\"Controcorrente Dr Filiberto Dal Molin\",\"Lettere Opinioni\",\"Prima Pagina\",\"Sanit\u00e0 Medicina\"],\"inLanguage\":\"fr-FR\"},{\"@type\":\"WebPage\",\"@id\":\"https:\\\/\\\/www.bellunopress.it\\\/2022\\\/11\\\/08\\\/lettera-aperta-ai-presidenti-degli-ordini-dei-medici\\\/\",\"url\":\"https:\\\/\\\/www.bellunopress.it\\\/2022\\\/11\\\/08\\\/lettera-aperta-ai-presidenti-degli-ordini-dei-medici\\\/\",\"name\":\"Lettera aperta ai presidenti degli Ordini dei Medici - Bellunopress - Dolomiti\",\"isPartOf\":{\"@id\":\"https:\\\/\\\/www.bellunopress.it\\\/#website\"},\"primaryImageOfPage\":{\"@id\":\"https:\\\/\\\/www.bellunopress.it\\\/2022\\\/11\\\/08\\\/lettera-aperta-ai-presidenti-degli-ordini-dei-medici\\\/#primaryimage\"},\"image\":{\"@id\":\"https:\\\/\\\/www.bellunopress.it\\\/2022\\\/11\\\/08\\\/lettera-aperta-ai-presidenti-degli-ordini-dei-medici\\\/#primaryimage\"},\"thumbnailUrl\":\"https:\\\/\\\/www.bellunopress.it\\\/wp-content\\\/uploads\\\/2021\\\/04\\\/lettera-mail_edited.jpg\",\"datePublished\":\"2022-11-08T05:06:59+00:00\",\"dateModified\":\"2024-03-06T16:12:07+00:00\",\"breadcrumb\":{\"@id\":\"https:\\\/\\\/www.bellunopress.it\\\/2022\\\/11\\\/08\\\/lettera-aperta-ai-presidenti-degli-ordini-dei-medici\\\/#breadcrumb\"},\"inLanguage\":\"fr-FR\",\"potentialAction\":[{\"@type\":\"ReadAction\",\"target\":[\"https:\\\/\\\/www.bellunopress.it\\\/2022\\\/11\\\/08\\\/lettera-aperta-ai-presidenti-degli-ordini-dei-medici\\\/\"]}]},{\"@type\":\"ImageObject\",\"inLanguage\":\"fr-FR\",\"@id\":\"https:\\\/\\\/www.bellunopress.it\\\/2022\\\/11\\\/08\\\/lettera-aperta-ai-presidenti-degli-ordini-dei-medici\\\/#primaryimage\",\"url\":\"https:\\\/\\\/www.bellunopress.it\\\/wp-content\\\/uploads\\\/2021\\\/04\\\/lettera-mail_edited.jpg\",\"contentUrl\":\"https:\\\/\\\/www.bellunopress.it\\\/wp-content\\\/uploads\\\/2021\\\/04\\\/lettera-mail_edited.jpg\",\"width\":962,\"height\":1000},{\"@type\":\"BreadcrumbList\",\"@id\":\"https:\\\/\\\/www.bellunopress.it\\\/2022\\\/11\\\/08\\\/lettera-aperta-ai-presidenti-degli-ordini-dei-medici\\\/#breadcrumb\",\"itemListElement\":[{\"@type\":\"ListItem\",\"position\":1,\"name\":\"Home\",\"item\":\"https:\\\/\\\/www.bellunopress.it\\\/\"},{\"@type\":\"ListItem\",\"position\":2,\"name\":\"Lettera aperta ai presidenti degli Ordini dei Medici\"}]},{\"@type\":\"WebSite\",\"@id\":\"https:\\\/\\\/www.bellunopress.it\\\/#website\",\"url\":\"https:\\\/\\\/www.bellunopress.it\\\/\",\"name\":\"Bellunopress - Dolomiti\",\"description\":\"e-mail: redazione@bellunopress.it\",\"publisher\":{\"@id\":\"https:\\\/\\\/www.bellunopress.it\\\/#organization\"},\"potentialAction\":[{\"@type\":\"SearchAction\",\"target\":{\"@type\":\"EntryPoint\",\"urlTemplate\":\"https:\\\/\\\/www.bellunopress.it\\\/?s={search_term_string}\"},\"query-input\":{\"@type\":\"PropertyValueSpecification\",\"valueRequired\":true,\"valueName\":\"search_term_string\"}}],\"inLanguage\":\"fr-FR\"},{\"@type\":\"Organization\",\"@id\":\"https:\\\/\\\/www.bellunopress.it\\\/#organization\",\"name\":\"Bellunopress\",\"url\":\"https:\\\/\\\/www.bellunopress.it\\\/\",\"logo\":{\"@type\":\"ImageObject\",\"inLanguage\":\"fr-FR\",\"@id\":\"https:\\\/\\\/www.bellunopress.it\\\/#\\\/schema\\\/logo\\\/image\\\/\",\"url\":\"https:\\\/\\\/www.bellunopress.it\\\/wp-content\\\/uploads\\\/2011\\\/05\\\/cropped-logo-bellunopress-.jpg\",\"contentUrl\":\"https:\\\/\\\/www.bellunopress.it\\\/wp-content\\\/uploads\\\/2011\\\/05\\\/cropped-logo-bellunopress-.jpg\",\"width\":512,\"height\":512,\"caption\":\"Bellunopress\"},\"image\":{\"@id\":\"https:\\\/\\\/www.bellunopress.it\\\/#\\\/schema\\\/logo\\\/image\\\/\"},\"sameAs\":[\"https:\\\/\\\/www.facebook.com\\\/profile.php?id=100008943462799\",\"https:\\\/\\\/x.com\\\/bellunopress\",\"https:\\\/\\\/www.linkedin.com\\\/hp\\\/?dnr=JBzUWaJfMUw8vbXJJ2tVW5-I3jZKvC4wsoxE&amp;amp;amp;amp;amp;amp;trk=nav_responsive_tab_home\",\"https:\\\/\\\/www.youtube.com\\\/channel\\\/UCxL0wu1uN0_3_7hGG0306cw\"]},{\"@type\":\"Person\",\"@id\":\"https:\\\/\\\/www.bellunopress.it\\\/#\\\/schema\\\/person\\\/79bb06722b37ece1c03d3e94beb30d73\",\"name\":\"redazione\",\"image\":{\"@type\":\"ImageObject\",\"inLanguage\":\"fr-FR\",\"@id\":\"https:\\\/\\\/secure.gravatar.com\\\/avatar\\\/37d968a2e67a6fd04c169c4bdef102d0bc5d31b2546345219e348575eb80e9a0?s=96&d=mm&r=g\",\"url\":\"https:\\\/\\\/secure.gravatar.com\\\/avatar\\\/37d968a2e67a6fd04c169c4bdef102d0bc5d31b2546345219e348575eb80e9a0?s=96&d=mm&r=g\",\"contentUrl\":\"https:\\\/\\\/secure.gravatar.com\\\/avatar\\\/37d968a2e67a6fd04c169c4bdef102d0bc5d31b2546345219e348575eb80e9a0?s=96&d=mm&r=g\",\"caption\":\"redazione\"},\"sameAs\":[\"http:\\\/\\\/www.bellunopress.it\",\"https:\\\/\\\/x.com\\\/bellunopress\"],\"url\":\"https:\\\/\\\/www.bellunopress.it\\\/fr\\\/author\\\/redazione\\\/\"}]}<\/script>\n<!-- \/ Yoast SEO plugin. -->","yoast_head_json":{"title":"Lettera aperta ai presidenti degli Ordini dei Medici - Bellunopress - Dolomiti","robots":{"index":"index","follow":"follow","max-snippet":"max-snippet:-1","max-image-preview":"max-image-preview:large","max-video-preview":"max-video-preview:-1"},"canonical":"https:\/\/www.bellunopress.it\/fr\/2022\/11\/08\/lettera-aperta-ai-presidenti-degli-ordini-dei-medici\/","og_locale":"fr_FR","og_type":"article","og_title":"Lettera aperta ai presidenti degli Ordini dei Medici - Bellunopress - Dolomiti","og_description":"Egregio Presidente, mi \u00e8 capitato di leggere che il politico, economista e accademico italiano Renato Brunetta, gi\u00e0 Ministro per la pubblica amministrazione, Europarlamentare e Ministro per l\u2019innovazione, esprimendo il suo interesse per i no-vax abbia dichiarato \u201ctorturiamo i no-vax coi tamponi fino al cervello\u201d La cronaca non ci dice se \u00e8 stato assunto anche come [&hellip;]","og_url":"https:\/\/www.bellunopress.it\/fr\/2022\/11\/08\/lettera-aperta-ai-presidenti-degli-ordini-dei-medici\/","og_site_name":"Bellunopress - Dolomiti","article_publisher":"https:\/\/www.facebook.com\/profile.php?id=100008943462799","article_published_time":"2022-11-08T05:06:59+00:00","article_modified_time":"2024-03-06T16:12:07+00:00","og_image":[{"width":962,"height":1000,"url":"https:\/\/www.bellunopress.it\/wp-content\/uploads\/2021\/04\/lettera-mail_edited.jpg","type":"image\/jpeg"}],"author":"redazione","twitter_card":"summary_large_image","twitter_creator":"@bellunopress","twitter_site":"@bellunopress","twitter_misc":{"Written by":"redazione","Est. reading time":"4 minutes"},"schema":{"@context":"https:\/\/schema.org","@graph":[{"@type":"Article","@id":"https:\/\/www.bellunopress.it\/2022\/11\/08\/lettera-aperta-ai-presidenti-degli-ordini-dei-medici\/#article","isPartOf":{"@id":"https:\/\/www.bellunopress.it\/2022\/11\/08\/lettera-aperta-ai-presidenti-degli-ordini-dei-medici\/"},"author":{"name":"redazione","@id":"https:\/\/www.bellunopress.it\/#\/schema\/person\/79bb06722b37ece1c03d3e94beb30d73"},"headline":"Lettera aperta ai presidenti degli Ordini dei Medici","datePublished":"2022-11-08T05:06:59+00:00","dateModified":"2024-03-06T16:12:07+00:00","mainEntityOfPage":{"@id":"https:\/\/www.bellunopress.it\/2022\/11\/08\/lettera-aperta-ai-presidenti-degli-ordini-dei-medici\/"},"wordCount":538,"publisher":{"@id":"https:\/\/www.bellunopress.it\/#organization"},"image":{"@id":"https:\/\/www.bellunopress.it\/2022\/11\/08\/lettera-aperta-ai-presidenti-degli-ordini-dei-medici\/#primaryimage"},"thumbnailUrl":"https:\/\/www.bellunopress.it\/wp-content\/uploads\/2021\/04\/lettera-mail_edited.jpg","articleSection":["Controcorrente Dr Filiberto Dal Molin","Lettere Opinioni","Prima Pagina","Sanit\u00e0 Medicina"],"inLanguage":"fr-FR"},{"@type":"WebPage","@id":"https:\/\/www.bellunopress.it\/2022\/11\/08\/lettera-aperta-ai-presidenti-degli-ordini-dei-medici\/","url":"https:\/\/www.bellunopress.it\/2022\/11\/08\/lettera-aperta-ai-presidenti-degli-ordini-dei-medici\/","name":"Lettera aperta ai presidenti degli Ordini dei Medici - Bellunopress - Dolomiti","isPartOf":{"@id":"https:\/\/www.bellunopress.it\/#website"},"primaryImageOfPage":{"@id":"https:\/\/www.bellunopress.it\/2022\/11\/08\/lettera-aperta-ai-presidenti-degli-ordini-dei-medici\/#primaryimage"},"image":{"@id":"https:\/\/www.bellunopress.it\/2022\/11\/08\/lettera-aperta-ai-presidenti-degli-ordini-dei-medici\/#primaryimage"},"thumbnailUrl":"https:\/\/www.bellunopress.it\/wp-content\/uploads\/2021\/04\/lettera-mail_edited.jpg","datePublished":"2022-11-08T05:06:59+00:00","dateModified":"2024-03-06T16:12:07+00:00","breadcrumb":{"@id":"https:\/\/www.bellunopress.it\/2022\/11\/08\/lettera-aperta-ai-presidenti-degli-ordini-dei-medici\/#breadcrumb"},"inLanguage":"fr-FR","potentialAction":[{"@type":"ReadAction","target":["https:\/\/www.bellunopress.it\/2022\/11\/08\/lettera-aperta-ai-presidenti-degli-ordini-dei-medici\/"]}]},{"@type":"ImageObject","inLanguage":"fr-FR","@id":"https:\/\/www.bellunopress.it\/2022\/11\/08\/lettera-aperta-ai-presidenti-degli-ordini-dei-medici\/#primaryimage","url":"https:\/\/www.bellunopress.it\/wp-content\/uploads\/2021\/04\/lettera-mail_edited.jpg","contentUrl":"https:\/\/www.bellunopress.it\/wp-content\/uploads\/2021\/04\/lettera-mail_edited.jpg","width":962,"height":1000},{"@type":"BreadcrumbList","@id":"https:\/\/www.bellunopress.it\/2022\/11\/08\/lettera-aperta-ai-presidenti-degli-ordini-dei-medici\/#breadcrumb","itemListElement":[{"@type":"ListItem","position":1,"name":"Home","item":"https:\/\/www.bellunopress.it\/"},{"@type":"ListItem","position":2,"name":"Lettera aperta ai presidenti degli Ordini dei Medici"}]},{"@type":"WebSite","@id":"https:\/\/www.bellunopress.it\/#website","url":"https:\/\/www.bellunopress.it\/","name":"Bellunopress - Dolomiti","description":"e-mail: redazione@bellunopress.it","publisher":{"@id":"https:\/\/www.bellunopress.it\/#organization"},"potentialAction":[{"@type":"SearchAction","target":{"@type":"EntryPoint","urlTemplate":"https:\/\/www.bellunopress.it\/?s={search_term_string}"},"query-input":{"@type":"PropertyValueSpecification","valueRequired":true,"valueName":"search_term_string"}}],"inLanguage":"fr-FR"},{"@type":"Organization","@id":"https:\/\/www.bellunopress.it\/#organization","name":"Bellunopress","url":"https:\/\/www.bellunopress.it\/","logo":{"@type":"ImageObject","inLanguage":"fr-FR","@id":"https:\/\/www.bellunopress.it\/#\/schema\/logo\/image\/","url":"https:\/\/www.bellunopress.it\/wp-content\/uploads\/2011\/05\/cropped-logo-bellunopress-.jpg","contentUrl":"https:\/\/www.bellunopress.it\/wp-content\/uploads\/2011\/05\/cropped-logo-bellunopress-.jpg","width":512,"height":512,"caption":"Bellunopress"},"image":{"@id":"https:\/\/www.bellunopress.it\/#\/schema\/logo\/image\/"},"sameAs":["https:\/\/www.facebook.com\/profile.php?id=100008943462799","https:\/\/x.com\/bellunopress","https:\/\/www.linkedin.com\/hp\/?dnr=JBzUWaJfMUw8vbXJJ2tVW5-I3jZKvC4wsoxE&amp;amp;amp;amp;amp;amp;trk=nav_responsive_tab_home","https:\/\/www.youtube.com\/channel\/UCxL0wu1uN0_3_7hGG0306cw"]},{"@type":"Person","@id":"https:\/\/www.bellunopress.it\/#\/schema\/person\/79bb06722b37ece1c03d3e94beb30d73","name":"r\u00e9daction","image":{"@type":"ImageObject","inLanguage":"fr-FR","@id":"https:\/\/secure.gravatar.com\/avatar\/37d968a2e67a6fd04c169c4bdef102d0bc5d31b2546345219e348575eb80e9a0?s=96&d=mm&r=g","url":"https:\/\/secure.gravatar.com\/avatar\/37d968a2e67a6fd04c169c4bdef102d0bc5d31b2546345219e348575eb80e9a0?s=96&d=mm&r=g","contentUrl":"https:\/\/secure.gravatar.com\/avatar\/37d968a2e67a6fd04c169c4bdef102d0bc5d31b2546345219e348575eb80e9a0?s=96&d=mm&r=g","caption":"redazione"},"sameAs":["http:\/\/www.bellunopress.it","https:\/\/x.com\/bellunopress"],"url":"https:\/\/www.bellunopress.it\/fr\/author\/redazione\/"}]}},"_links":{"self":[{"href":"https:\/\/www.bellunopress.it\/fr\/wp-json\/wp\/v2\/posts\/137545","targetHints":{"allow":["GET"]}}],"collection":[{"href":"https:\/\/www.bellunopress.it\/fr\/wp-json\/wp\/v2\/posts"}],"about":[{"href":"https:\/\/www.bellunopress.it\/fr\/wp-json\/wp\/v2\/types\/post"}],"author":[{"embeddable":true,"href":"https:\/\/www.bellunopress.it\/fr\/wp-json\/wp\/v2\/users\/2"}],"replies":[{"embeddable":true,"href":"https:\/\/www.bellunopress.it\/fr\/wp-json\/wp\/v2\/comments?post=137545"}],"version-history":[{"count":1,"href":"https:\/\/www.bellunopress.it\/fr\/wp-json\/wp\/v2\/posts\/137545\/revisions"}],"predecessor-version":[{"id":137546,"href":"https:\/\/www.bellunopress.it\/fr\/wp-json\/wp\/v2\/posts\/137545\/revisions\/137546"}],"wp:featuredmedia":[{"embeddable":true,"href":"https:\/\/www.bellunopress.it\/fr\/wp-json\/wp\/v2\/media\/123649"}],"wp:attachment":[{"href":"https:\/\/www.bellunopress.it\/fr\/wp-json\/wp\/v2\/media?parent=137545"}],"wp:term":[{"taxonomy":"category","embeddable":true,"href":"https:\/\/www.bellunopress.it\/fr\/wp-json\/wp\/v2\/categories?post=137545"},{"taxonomy":"post_tag","embeddable":true,"href":"https:\/\/www.bellunopress.it\/fr\/wp-json\/wp\/v2\/tags?post=137545"}],"curies":[{"name":"wp","href":"https:\/\/api.w.org\/{rel}","templated":true}]}}