{"id":137540,"date":"2022-11-08T07:43:35","date_gmt":"2022-11-08T06:43:35","guid":{"rendered":"https:\/\/www.bellunopress.it\/?p=137540"},"modified":"2022-11-08T09:55:43","modified_gmt":"2022-11-08T08:55:43","slug":"incendio-alla-locanda-ponte-serra-di-lamon-recentemente-ristrutturata","status":"publish","type":"post","link":"https:\/\/www.bellunopress.it\/fr\/2022\/11\/08\/incendio-alla-locanda-ponte-serra-di-lamon-recentemente-ristrutturata\/","title":{"rendered":"Incendio alla Locanda Ponte Serra di Lamon, recentemente ristrutturata"},"content":{"rendered":"<p><img loading=\"lazy\" decoding=\"async\" class=\"alignleft size-full wp-image-137541\" src=\"https:\/\/www.bellunopress.it\/wp-content\/uploads\/2022\/11\/incendio-ponte-serra-Lamon_edited.jpg\" alt=\"\" width=\"1000\" height=\"539\" srcset=\"https:\/\/www.bellunopress.it\/wp-content\/uploads\/2022\/11\/incendio-ponte-serra-Lamon_edited.jpg 1000w, https:\/\/www.bellunopress.it\/wp-content\/uploads\/2022\/11\/incendio-ponte-serra-Lamon_edited-500x270.jpg 500w, https:\/\/www.bellunopress.it\/wp-content\/uploads\/2022\/11\/incendio-ponte-serra-Lamon_edited-696x375.jpg 696w, https:\/\/www.bellunopress.it\/wp-content\/uploads\/2022\/11\/incendio-ponte-serra-Lamon_edited-779x420.jpg 779w\" sizes=\"auto, (max-width: 1000px) 100vw, 1000px\" \/><img loading=\"lazy\" decoding=\"async\" class=\"alignleft size-full wp-image-137548\" src=\"https:\/\/www.bellunopress.it\/wp-content\/uploads\/2022\/11\/albergo-ponte-serra_edited.jpg\" alt=\"\" width=\"1000\" height=\"750\" srcset=\"https:\/\/www.bellunopress.it\/wp-content\/uploads\/2022\/11\/albergo-ponte-serra_edited.jpg 1000w, https:\/\/www.bellunopress.it\/wp-content\/uploads\/2022\/11\/albergo-ponte-serra_edited-500x375.jpg 500w, https:\/\/www.bellunopress.it\/wp-content\/uploads\/2022\/11\/albergo-ponte-serra_edited-696x522.jpg 696w, https:\/\/www.bellunopress.it\/wp-content\/uploads\/2022\/11\/albergo-ponte-serra_edited-560x420.jpg 560w, https:\/\/www.bellunopress.it\/wp-content\/uploads\/2022\/11\/albergo-ponte-serra_edited-80x60.jpg 80w, https:\/\/www.bellunopress.it\/wp-content\/uploads\/2022\/11\/albergo-ponte-serra_edited-265x198.jpg 265w\" sizes=\"auto, (max-width: 1000px) 100vw, 1000px\" \/>Lamon, 8 novembre 2022 &#8211; Grave incendio allo storico edificio del 1860 Locanda Ponte Serra di Lamon, ristrutturata completamente nel 2019, classificata con 3 leoni dalla Regione Veneto.<\/p>\n<p>Dalle 5 di questa mattina i vigili del fuoco sono impegnati a Lamon in localit\u00e0 Ponte Serra per l&#8217;incendio dell&#8217;albergo dove gli ospiti sono stati evacuati e al momento non risultano persone coinvolte. Sul posto stanno operando i vigili del fuoco di Feltre, con il contributo di dei volontari del Basso Feltrino, i vigili permanenti di Bassano del Grappa,\u00a0 21 unit\u00e0 del comando operatori volontari Vigili del Fuoco Volontari del comando di Trento, presente con tre autopompe e due autobotte, un&#8217;autoscala. Sul posto il comandante Antonio Del Gallo e il funzionario.<\/p>\n<p>Traffico in direzione Feltre\/Fonzaso temporaneamente deviato per Faller\/Croce d&#8217;Aune. E per Castel Tesino il traffico diretto a Trento.<\/p>","protected":false},"excerpt":{"rendered":"<p>Lamon, 8 novembre 2022 &#8211; Grave incendio allo storico edificio del 1860 Locanda Ponte Serra di Lamon, ristrutturata completamente nel 2019, classificata con 3 leoni dalla Regione Veneto. Dalle 5 di questa mattina i vigili del fuoco sono impegnati a Lamon in localit\u00e0 Ponte Serra per l&#8217;incendio dell&#8217;albergo dove gli ospiti sono stati evacuati e [&hellip;]<\/p>\n","protected":false},"author":2,"featured_media":137541,"comment_status":"closed","ping_status":"open","sticky":false,"template":"","format":"standard","meta":{"footnotes":""},"categories":[5,26],"tags":[400,3550],"class_list":["post-137540","post","type-post","status-publish","format-standard","has-post-thumbnail","category-cronaca","category-prima-pagina","tag-lamon","tag-ponte-serra"],"yoast_head":"<!-- This site is optimized with the Yoast SEO plugin v28.4 - https:\/\/yoast.com\/product\/yoast-seo-wordpress\/ -->\n<title>Incendio alla Locanda Ponte Serra di Lamon, recentemente ristrutturata - Bellunopress - Dolomiti<\/title>\n<meta name=\"robots\" content=\"index, follow, max-snippet:-1, max-image-preview:large, max-video-preview:-1\" \/>\n<link rel=\"canonical\" href=\"https:\/\/www.bellunopress.it\/fr\/2022\/11\/08\/incendio-alla-locanda-ponte-serra-di-lamon-recentemente-ristrutturata\/\" \/>\n<meta property=\"og:locale\" content=\"fr_FR\" \/>\n<meta property=\"og:type\" content=\"article\" \/>\n<meta property=\"og:title\" content=\"Incendio alla Locanda Ponte Serra di Lamon, recentemente ristrutturata - Bellunopress - Dolomiti\" \/>\n<meta property=\"og:description\" content=\"Lamon, 8 novembre 2022 &#8211; Grave incendio allo storico edificio del 1860 Locanda Ponte Serra di Lamon, ristrutturata completamente nel 2019, classificata con 3 leoni dalla Regione Veneto. Dalle 5 di questa mattina i vigili del fuoco sono impegnati a Lamon in localit\u00e0 Ponte Serra per l&#8217;incendio dell&#8217;albergo dove gli ospiti sono stati evacuati e [&hellip;]\" \/>\n<meta property=\"og:url\" content=\"https:\/\/www.bellunopress.it\/fr\/2022\/11\/08\/incendio-alla-locanda-ponte-serra-di-lamon-recentemente-ristrutturata\/\" \/>\n<meta property=\"og:site_name\" content=\"Bellunopress - Dolomiti\" \/>\n<meta property=\"article:publisher\" content=\"https:\/\/www.facebook.com\/profile.php?id=100008943462799\" \/>\n<meta property=\"article:published_time\" content=\"2022-11-08T06:43:35+00:00\" \/>\n<meta property=\"article:modified_time\" content=\"2022-11-08T08:55:43+00:00\" \/>\n<meta property=\"og:image\" content=\"https:\/\/www.bellunopress.it\/wp-content\/uploads\/2022\/11\/incendio-ponte-serra-Lamon_edited.jpg\" \/>\n\t<meta property=\"og:image:width\" content=\"1000\" \/>\n\t<meta property=\"og:image:height\" content=\"539\" \/>\n\t<meta property=\"og:image:type\" content=\"image\/jpeg\" \/>\n<meta name=\"author\" content=\"redazione\" \/>\n<meta name=\"twitter:card\" content=\"summary_large_image\" \/>\n<meta name=\"twitter:creator\" content=\"@bellunopress\" \/>\n<meta name=\"twitter:site\" content=\"@bellunopress\" \/>\n<meta name=\"twitter:label1\" content=\"\u00c9crit par\" \/>\n\t<meta name=\"twitter:data1\" content=\"redazione\" \/>\n\t<meta name=\"twitter:label2\" content=\"Dur\u00e9e de lecture estim\u00e9e\" \/>\n\t<meta name=\"twitter:data2\" content=\"2 minutes\" \/>\n<script type=\"application\/ld+json\" class=\"yoast-schema-graph\">{\"@context\":\"https:\\\/\\\/schema.org\",\"@graph\":[{\"@type\":\"Article\",\"@id\":\"https:\\\/\\\/www.bellunopress.it\\\/2022\\\/11\\\/08\\\/incendio-alla-locanda-ponte-serra-di-lamon-recentemente-ristrutturata\\\/#article\",\"isPartOf\":{\"@id\":\"https:\\\/\\\/www.bellunopress.it\\\/2022\\\/11\\\/08\\\/incendio-alla-locanda-ponte-serra-di-lamon-recentemente-ristrutturata\\\/\"},\"author\":{\"name\":\"redazione\",\"@id\":\"https:\\\/\\\/www.bellunopress.it\\\/#\\\/schema\\\/person\\\/79bb06722b37ece1c03d3e94beb30d73\"},\"headline\":\"Incendio alla Locanda Ponte Serra di Lamon, recentemente ristrutturata\",\"datePublished\":\"2022-11-08T06:43:35+00:00\",\"dateModified\":\"2022-11-08T08:55:43+00:00\",\"mainEntityOfPage\":{\"@id\":\"https:\\\/\\\/www.bellunopress.it\\\/2022\\\/11\\\/08\\\/incendio-alla-locanda-ponte-serra-di-lamon-recentemente-ristrutturata\\\/\"},\"wordCount\":145,\"publisher\":{\"@id\":\"https:\\\/\\\/www.bellunopress.it\\\/#organization\"},\"image\":{\"@id\":\"https:\\\/\\\/www.bellunopress.it\\\/2022\\\/11\\\/08\\\/incendio-alla-locanda-ponte-serra-di-lamon-recentemente-ristrutturata\\\/#primaryimage\"},\"thumbnailUrl\":\"https:\\\/\\\/www.bellunopress.it\\\/wp-content\\\/uploads\\\/2022\\\/11\\\/incendio-ponte-serra-Lamon_edited.jpg\",\"keywords\":[\"Lamon\",\"Ponte Serra\"],\"articleSection\":[\"Cronaca\\\/Politica\",\"Prima Pagina\"],\"inLanguage\":\"fr-FR\"},{\"@type\":\"WebPage\",\"@id\":\"https:\\\/\\\/www.bellunopress.it\\\/2022\\\/11\\\/08\\\/incendio-alla-locanda-ponte-serra-di-lamon-recentemente-ristrutturata\\\/\",\"url\":\"https:\\\/\\\/www.bellunopress.it\\\/2022\\\/11\\\/08\\\/incendio-alla-locanda-ponte-serra-di-lamon-recentemente-ristrutturata\\\/\",\"name\":\"Incendio alla Locanda Ponte Serra di Lamon, recentemente ristrutturata - Bellunopress - Dolomiti\",\"isPartOf\":{\"@id\":\"https:\\\/\\\/www.bellunopress.it\\\/#website\"},\"primaryImageOfPage\":{\"@id\":\"https:\\\/\\\/www.bellunopress.it\\\/2022\\\/11\\\/08\\\/incendio-alla-locanda-ponte-serra-di-lamon-recentemente-ristrutturata\\\/#primaryimage\"},\"image\":{\"@id\":\"https:\\\/\\\/www.bellunopress.it\\\/2022\\\/11\\\/08\\\/incendio-alla-locanda-ponte-serra-di-lamon-recentemente-ristrutturata\\\/#primaryimage\"},\"thumbnailUrl\":\"https:\\\/\\\/www.bellunopress.it\\\/wp-content\\\/uploads\\\/2022\\\/11\\\/incendio-ponte-serra-Lamon_edited.jpg\",\"datePublished\":\"2022-11-08T06:43:35+00:00\",\"dateModified\":\"2022-11-08T08:55:43+00:00\",\"breadcrumb\":{\"@id\":\"https:\\\/\\\/www.bellunopress.it\\\/2022\\\/11\\\/08\\\/incendio-alla-locanda-ponte-serra-di-lamon-recentemente-ristrutturata\\\/#breadcrumb\"},\"inLanguage\":\"fr-FR\",\"potentialAction\":[{\"@type\":\"ReadAction\",\"target\":[\"https:\\\/\\\/www.bellunopress.it\\\/2022\\\/11\\\/08\\\/incendio-alla-locanda-ponte-serra-di-lamon-recentemente-ristrutturata\\\/\"]}]},{\"@type\":\"ImageObject\",\"inLanguage\":\"fr-FR\",\"@id\":\"https:\\\/\\\/www.bellunopress.it\\\/2022\\\/11\\\/08\\\/incendio-alla-locanda-ponte-serra-di-lamon-recentemente-ristrutturata\\\/#primaryimage\",\"url\":\"https:\\\/\\\/www.bellunopress.it\\\/wp-content\\\/uploads\\\/2022\\\/11\\\/incendio-ponte-serra-Lamon_edited.jpg\",\"contentUrl\":\"https:\\\/\\\/www.bellunopress.it\\\/wp-content\\\/uploads\\\/2022\\\/11\\\/incendio-ponte-serra-Lamon_edited.jpg\",\"width\":1000,\"height\":539},{\"@type\":\"BreadcrumbList\",\"@id\":\"https:\\\/\\\/www.bellunopress.it\\\/2022\\\/11\\\/08\\\/incendio-alla-locanda-ponte-serra-di-lamon-recentemente-ristrutturata\\\/#breadcrumb\",\"itemListElement\":[{\"@type\":\"ListItem\",\"position\":1,\"name\":\"Home\",\"item\":\"https:\\\/\\\/www.bellunopress.it\\\/\"},{\"@type\":\"ListItem\",\"position\":2,\"name\":\"Incendio alla Locanda Ponte Serra di Lamon, recentemente ristrutturata\"}]},{\"@type\":\"WebSite\",\"@id\":\"https:\\\/\\\/www.bellunopress.it\\\/#website\",\"url\":\"https:\\\/\\\/www.bellunopress.it\\\/\",\"name\":\"Bellunopress - Dolomiti\",\"description\":\"e-mail: redazione@bellunopress.it\",\"publisher\":{\"@id\":\"https:\\\/\\\/www.bellunopress.it\\\/#organization\"},\"potentialAction\":[{\"@type\":\"SearchAction\",\"target\":{\"@type\":\"EntryPoint\",\"urlTemplate\":\"https:\\\/\\\/www.bellunopress.it\\\/?s={search_term_string}\"},\"query-input\":{\"@type\":\"PropertyValueSpecification\",\"valueRequired\":true,\"valueName\":\"search_term_string\"}}],\"inLanguage\":\"fr-FR\"},{\"@type\":\"Organization\",\"@id\":\"https:\\\/\\\/www.bellunopress.it\\\/#organization\",\"name\":\"Bellunopress\",\"url\":\"https:\\\/\\\/www.bellunopress.it\\\/\",\"logo\":{\"@type\":\"ImageObject\",\"inLanguage\":\"fr-FR\",\"@id\":\"https:\\\/\\\/www.bellunopress.it\\\/#\\\/schema\\\/logo\\\/image\\\/\",\"url\":\"https:\\\/\\\/www.bellunopress.it\\\/wp-content\\\/uploads\\\/2011\\\/05\\\/cropped-logo-bellunopress-.jpg\",\"contentUrl\":\"https:\\\/\\\/www.bellunopress.it\\\/wp-content\\\/uploads\\\/2011\\\/05\\\/cropped-logo-bellunopress-.jpg\",\"width\":512,\"height\":512,\"caption\":\"Bellunopress\"},\"image\":{\"@id\":\"https:\\\/\\\/www.bellunopress.it\\\/#\\\/schema\\\/logo\\\/image\\\/\"},\"sameAs\":[\"https:\\\/\\\/www.facebook.com\\\/profile.php?id=100008943462799\",\"https:\\\/\\\/x.com\\\/bellunopress\",\"https:\\\/\\\/www.linkedin.com\\\/hp\\\/?dnr=JBzUWaJfMUw8vbXJJ2tVW5-I3jZKvC4wsoxE&amp;amp;amp;amp;amp;amp;trk=nav_responsive_tab_home\",\"https:\\\/\\\/www.youtube.com\\\/channel\\\/UCxL0wu1uN0_3_7hGG0306cw\"]},{\"@type\":\"Person\",\"@id\":\"https:\\\/\\\/www.bellunopress.it\\\/#\\\/schema\\\/person\\\/79bb06722b37ece1c03d3e94beb30d73\",\"name\":\"redazione\",\"image\":{\"@type\":\"ImageObject\",\"inLanguage\":\"fr-FR\",\"@id\":\"https:\\\/\\\/secure.gravatar.com\\\/avatar\\\/37d968a2e67a6fd04c169c4bdef102d0bc5d31b2546345219e348575eb80e9a0?s=96&d=mm&r=g\",\"url\":\"https:\\\/\\\/secure.gravatar.com\\\/avatar\\\/37d968a2e67a6fd04c169c4bdef102d0bc5d31b2546345219e348575eb80e9a0?s=96&d=mm&r=g\",\"contentUrl\":\"https:\\\/\\\/secure.gravatar.com\\\/avatar\\\/37d968a2e67a6fd04c169c4bdef102d0bc5d31b2546345219e348575eb80e9a0?s=96&d=mm&r=g\",\"caption\":\"redazione\"},\"sameAs\":[\"http:\\\/\\\/www.bellunopress.it\",\"https:\\\/\\\/x.com\\\/bellunopress\"],\"url\":\"https:\\\/\\\/www.bellunopress.it\\\/fr\\\/author\\\/redazione\\\/\"}]}<\/script>\n<!-- \/ Yoast SEO plugin. -->","yoast_head_json":{"title":"Incendio alla Locanda Ponte Serra di Lamon, recentemente ristrutturata - Bellunopress - Dolomiti","robots":{"index":"index","follow":"follow","max-snippet":"max-snippet:-1","max-image-preview":"max-image-preview:large","max-video-preview":"max-video-preview:-1"},"canonical":"https:\/\/www.bellunopress.it\/fr\/2022\/11\/08\/incendio-alla-locanda-ponte-serra-di-lamon-recentemente-ristrutturata\/","og_locale":"fr_FR","og_type":"article","og_title":"Incendio alla Locanda Ponte Serra di Lamon, recentemente ristrutturata - Bellunopress - Dolomiti","og_description":"Lamon, 8 novembre 2022 &#8211; Grave incendio allo storico edificio del 1860 Locanda Ponte Serra di Lamon, ristrutturata completamente nel 2019, classificata con 3 leoni dalla Regione Veneto. Dalle 5 di questa mattina i vigili del fuoco sono impegnati a Lamon in localit\u00e0 Ponte Serra per l&#8217;incendio dell&#8217;albergo dove gli ospiti sono stati evacuati e [&hellip;]","og_url":"https:\/\/www.bellunopress.it\/fr\/2022\/11\/08\/incendio-alla-locanda-ponte-serra-di-lamon-recentemente-ristrutturata\/","og_site_name":"Bellunopress - Dolomiti","article_publisher":"https:\/\/www.facebook.com\/profile.php?id=100008943462799","article_published_time":"2022-11-08T06:43:35+00:00","article_modified_time":"2022-11-08T08:55:43+00:00","og_image":[{"width":1000,"height":539,"url":"https:\/\/www.bellunopress.it\/wp-content\/uploads\/2022\/11\/incendio-ponte-serra-Lamon_edited.jpg","type":"image\/jpeg"}],"author":"redazione","twitter_card":"summary_large_image","twitter_creator":"@bellunopress","twitter_site":"@bellunopress","twitter_misc":{"\u00c9crit par":"redazione","Dur\u00e9e de lecture estim\u00e9e":"2 minutes"},"schema":{"@context":"https:\/\/schema.org","@graph":[{"@type":"Article","@id":"https:\/\/www.bellunopress.it\/2022\/11\/08\/incendio-alla-locanda-ponte-serra-di-lamon-recentemente-ristrutturata\/#article","isPartOf":{"@id":"https:\/\/www.bellunopress.it\/2022\/11\/08\/incendio-alla-locanda-ponte-serra-di-lamon-recentemente-ristrutturata\/"},"author":{"name":"redazione","@id":"https:\/\/www.bellunopress.it\/#\/schema\/person\/79bb06722b37ece1c03d3e94beb30d73"},"headline":"Incendio alla Locanda Ponte Serra di Lamon, recentemente ristrutturata","datePublished":"2022-11-08T06:43:35+00:00","dateModified":"2022-11-08T08:55:43+00:00","mainEntityOfPage":{"@id":"https:\/\/www.bellunopress.it\/2022\/11\/08\/incendio-alla-locanda-ponte-serra-di-lamon-recentemente-ristrutturata\/"},"wordCount":145,"publisher":{"@id":"https:\/\/www.bellunopress.it\/#organization"},"image":{"@id":"https:\/\/www.bellunopress.it\/2022\/11\/08\/incendio-alla-locanda-ponte-serra-di-lamon-recentemente-ristrutturata\/#primaryimage"},"thumbnailUrl":"https:\/\/www.bellunopress.it\/wp-content\/uploads\/2022\/11\/incendio-ponte-serra-Lamon_edited.jpg","keywords":["Lamon","Ponte Serra"],"articleSection":["Cronaca\/Politica","Prima Pagina"],"inLanguage":"fr-FR"},{"@type":"WebPage","@id":"https:\/\/www.bellunopress.it\/2022\/11\/08\/incendio-alla-locanda-ponte-serra-di-lamon-recentemente-ristrutturata\/","url":"https:\/\/www.bellunopress.it\/2022\/11\/08\/incendio-alla-locanda-ponte-serra-di-lamon-recentemente-ristrutturata\/","name":"Incendio alla Locanda Ponte Serra di Lamon, recentemente ristrutturata - Bellunopress - Dolomiti","isPartOf":{"@id":"https:\/\/www.bellunopress.it\/#website"},"primaryImageOfPage":{"@id":"https:\/\/www.bellunopress.it\/2022\/11\/08\/incendio-alla-locanda-ponte-serra-di-lamon-recentemente-ristrutturata\/#primaryimage"},"image":{"@id":"https:\/\/www.bellunopress.it\/2022\/11\/08\/incendio-alla-locanda-ponte-serra-di-lamon-recentemente-ristrutturata\/#primaryimage"},"thumbnailUrl":"https:\/\/www.bellunopress.it\/wp-content\/uploads\/2022\/11\/incendio-ponte-serra-Lamon_edited.jpg","datePublished":"2022-11-08T06:43:35+00:00","dateModified":"2022-11-08T08:55:43+00:00","breadcrumb":{"@id":"https:\/\/www.bellunopress.it\/2022\/11\/08\/incendio-alla-locanda-ponte-serra-di-lamon-recentemente-ristrutturata\/#breadcrumb"},"inLanguage":"fr-FR","potentialAction":[{"@type":"ReadAction","target":["https:\/\/www.bellunopress.it\/2022\/11\/08\/incendio-alla-locanda-ponte-serra-di-lamon-recentemente-ristrutturata\/"]}]},{"@type":"ImageObject","inLanguage":"fr-FR","@id":"https:\/\/www.bellunopress.it\/2022\/11\/08\/incendio-alla-locanda-ponte-serra-di-lamon-recentemente-ristrutturata\/#primaryimage","url":"https:\/\/www.bellunopress.it\/wp-content\/uploads\/2022\/11\/incendio-ponte-serra-Lamon_edited.jpg","contentUrl":"https:\/\/www.bellunopress.it\/wp-content\/uploads\/2022\/11\/incendio-ponte-serra-Lamon_edited.jpg","width":1000,"height":539},{"@type":"BreadcrumbList","@id":"https:\/\/www.bellunopress.it\/2022\/11\/08\/incendio-alla-locanda-ponte-serra-di-lamon-recentemente-ristrutturata\/#breadcrumb","itemListElement":[{"@type":"ListItem","position":1,"name":"Home","item":"https:\/\/www.bellunopress.it\/"},{"@type":"ListItem","position":2,"name":"Incendio alla Locanda Ponte Serra di Lamon, recentemente ristrutturata"}]},{"@type":"WebSite","@id":"https:\/\/www.bellunopress.it\/#website","url":"https:\/\/www.bellunopress.it\/","name":"Bellunopress - Dolomiti","description":"e-mail: redazione@bellunopress.it","publisher":{"@id":"https:\/\/www.bellunopress.it\/#organization"},"potentialAction":[{"@type":"SearchAction","target":{"@type":"EntryPoint","urlTemplate":"https:\/\/www.bellunopress.it\/?s={search_term_string}"},"query-input":{"@type":"PropertyValueSpecification","valueRequired":true,"valueName":"search_term_string"}}],"inLanguage":"fr-FR"},{"@type":"Organization","@id":"https:\/\/www.bellunopress.it\/#organization","name":"Bellunopress","url":"https:\/\/www.bellunopress.it\/","logo":{"@type":"ImageObject","inLanguage":"fr-FR","@id":"https:\/\/www.bellunopress.it\/#\/schema\/logo\/image\/","url":"https:\/\/www.bellunopress.it\/wp-content\/uploads\/2011\/05\/cropped-logo-bellunopress-.jpg","contentUrl":"https:\/\/www.bellunopress.it\/wp-content\/uploads\/2011\/05\/cropped-logo-bellunopress-.jpg","width":512,"height":512,"caption":"Bellunopress"},"image":{"@id":"https:\/\/www.bellunopress.it\/#\/schema\/logo\/image\/"},"sameAs":["https:\/\/www.facebook.com\/profile.php?id=100008943462799","https:\/\/x.com\/bellunopress","https:\/\/www.linkedin.com\/hp\/?dnr=JBzUWaJfMUw8vbXJJ2tVW5-I3jZKvC4wsoxE&amp;amp;amp;amp;amp;amp;trk=nav_responsive_tab_home","https:\/\/www.youtube.com\/channel\/UCxL0wu1uN0_3_7hGG0306cw"]},{"@type":"Person","@id":"https:\/\/www.bellunopress.it\/#\/schema\/person\/79bb06722b37ece1c03d3e94beb30d73","name":"r\u00e9daction","image":{"@type":"ImageObject","inLanguage":"fr-FR","@id":"https:\/\/secure.gravatar.com\/avatar\/37d968a2e67a6fd04c169c4bdef102d0bc5d31b2546345219e348575eb80e9a0?s=96&d=mm&r=g","url":"https:\/\/secure.gravatar.com\/avatar\/37d968a2e67a6fd04c169c4bdef102d0bc5d31b2546345219e348575eb80e9a0?s=96&d=mm&r=g","contentUrl":"https:\/\/secure.gravatar.com\/avatar\/37d968a2e67a6fd04c169c4bdef102d0bc5d31b2546345219e348575eb80e9a0?s=96&d=mm&r=g","caption":"redazione"},"sameAs":["http:\/\/www.bellunopress.it","https:\/\/x.com\/bellunopress"],"url":"https:\/\/www.bellunopress.it\/fr\/author\/redazione\/"}]}},"_links":{"self":[{"href":"https:\/\/www.bellunopress.it\/fr\/wp-json\/wp\/v2\/posts\/137540","targetHints":{"allow":["GET"]}}],"collection":[{"href":"https:\/\/www.bellunopress.it\/fr\/wp-json\/wp\/v2\/posts"}],"about":[{"href":"https:\/\/www.bellunopress.it\/fr\/wp-json\/wp\/v2\/types\/post"}],"author":[{"embeddable":true,"href":"https:\/\/www.bellunopress.it\/fr\/wp-json\/wp\/v2\/users\/2"}],"replies":[{"embeddable":true,"href":"https:\/\/www.bellunopress.it\/fr\/wp-json\/wp\/v2\/comments?post=137540"}],"version-history":[{"count":5,"href":"https:\/\/www.bellunopress.it\/fr\/wp-json\/wp\/v2\/posts\/137540\/revisions"}],"predecessor-version":[{"id":137549,"href":"https:\/\/www.bellunopress.it\/fr\/wp-json\/wp\/v2\/posts\/137540\/revisions\/137549"}],"wp:featuredmedia":[{"embeddable":true,"href":"https:\/\/www.bellunopress.it\/fr\/wp-json\/wp\/v2\/media\/137541"}],"wp:attachment":[{"href":"https:\/\/www.bellunopress.it\/fr\/wp-json\/wp\/v2\/media?parent=137540"}],"wp:term":[{"taxonomy":"category","embeddable":true,"href":"https:\/\/www.bellunopress.it\/fr\/wp-json\/wp\/v2\/categories?post=137540"},{"taxonomy":"post_tag","embeddable":true,"href":"https:\/\/www.bellunopress.it\/fr\/wp-json\/wp\/v2\/tags?post=137540"}],"curies":[{"name":"wp","href":"https:\/\/api.w.org\/{rel}","templated":true}]}}