{"id":137538,"date":"2022-11-07T18:57:51","date_gmt":"2022-11-07T17:57:51","guid":{"rendered":"https:\/\/www.bellunopress.it\/?p=137538"},"modified":"2022-11-07T18:57:51","modified_gmt":"2022-11-07T17:57:51","slug":"venerdi-11-novembre-festa-di-san-martino-patrono-della-citta-e-consegna-del-premio-domenica-la-fiera","status":"publish","type":"post","link":"https:\/\/www.bellunopress.it\/fr\/2022\/11\/07\/venerdi-11-novembre-festa-di-san-martino-patrono-della-citta-e-consegna-del-premio-domenica-la-fiera\/","title":{"rendered":"Venerd\u00ec 11 novembre, festa di San Martino patrono della citt\u00e0 e consegna del Premio. Domenica la Fiera"},"content":{"rendered":"<figure id=\"attachment_129189\" aria-describedby=\"caption-attachment-129189\" style=\"width: 800px\" class=\"wp-caption alignleft\"><img loading=\"lazy\" decoding=\"async\" class=\"size-full wp-image-129189\" src=\"https:\/\/www.bellunopress.it\/wp-content\/uploads\/2021\/11\/fiera-san-martino-2010-2.jpg\" alt=\"\" width=\"800\" height=\"533\" srcset=\"https:\/\/www.bellunopress.it\/wp-content\/uploads\/2021\/11\/fiera-san-martino-2010-2.jpg 800w, https:\/\/www.bellunopress.it\/wp-content\/uploads\/2021\/11\/fiera-san-martino-2010-2-500x333.jpg 500w, https:\/\/www.bellunopress.it\/wp-content\/uploads\/2021\/11\/fiera-san-martino-2010-2-696x464.jpg 696w, https:\/\/www.bellunopress.it\/wp-content\/uploads\/2021\/11\/fiera-san-martino-2010-2-630x420.jpg 630w\" sizes=\"auto, (max-width: 800px) 100vw, 800px\" \/><figcaption id=\"caption-attachment-129189\" class=\"wp-caption-text\">Fiera di San Martino 2020 &#8211; Belluno<\/figcaption><\/figure>\n<p>Venerd\u00ec 11 novembre, Belluno festegger\u00e0 la ricorrenza del suo santo patrono, San<br \/>\nMartino, con solenni celebrazioni religiose e con eventi dedicati.<br \/>\nIl programma prevede, dalle 9.40 in Duomo le celebrazioni religiose. Alle 11.30, al Teatro Comunale, avverr\u00e0 la consegna del Premio San Martino 2022.<br \/>\nIl Premio, istituito nel 1972, si propone di riconoscere e dare merito a chi si sia segnalato<br \/>\ncon opere e azioni concrete nel campo delle scienze, delle lettere, delle arti, della musica,<br \/>\ndelle attivit\u00e0 produttive, del lavoro, della scuola, dello sport, dell\u2019ambiente, ovvero anche<br \/>\ncon iniziative di carattere, sociale, assistenziale e filantropico.\u00a0A partire dal 2021, il Premio pu\u00f2 essere assegnato a una persona fisica maggiorenne oppure a un\u2019Associazione\/Ente del Terzo Settore e, inoltre, a una persona minorenne.<\/p>\n<p>L&#8217;Amministrazione comunale per il 2022 ha assegnato il premio a Mauro De Bettio, per<br \/>\nla categoria dei maggiorenni, e a Mirko Bez, giovane minorenne.<br \/>\nMauro De Bettio, nato a Belluno nel 1975, affermato fotografo mondiale freelance,<br \/>\nvincitore di numerosi premi internazionali, cerca di raccontare con le sue fotografie<br \/>\nl&#8217;essenza di una persona ritratta nel suo ambiente. Per lui la fotografia rappresenta un<br \/>\nmodo di comunicare i sentimenti e l&#8217;intimit\u00e0 di ci\u00f2 che vede, dedicando la propria vita allo<br \/>\nsviluppo di progetti sociali e alla continua sensibilizzazione sui diritti umani. Dal 2021 ha<br \/>\ncreato una fondazione a Nairobi per aiutare gli orfani della citt\u00e0 che vivono sulla strada<br \/>\nfornendo loro un pasto quotidiano.<\/p>\n<p>Mirko Bez, nato nel 2004, residente a Belluno, frequenta lo Ski College di Falcade per la<br \/>\npreparazione a gare inserite nel circuito mondiale di sci, nel livello giovanile. Ha salvato<br \/>\nuno sciatore sommerso da una valanga scavando con le mani, insieme ad altri due suoi<br \/>\namici. Si trattava di un turista americano che sarebbe diventato pap\u00e0 dopo alcune<br \/>\nsettimane. Mirko non ha esitato un attimo e, con la semplicit\u00e0 di un ragazzo, con la sua<br \/>\nprontezza di spirito, ha salvato una persona dalla morte.<\/p>\n<p>Il riconoscimento da parte della Citt\u00e0 verr\u00e0 manifestato con solenne cerimonia,<br \/>\nimpreziosita dalle esibizioni dei cori \u201cVoci dai Cortivi\u201d e \u201cMani bianche\u201d, al Teatro<br \/>\ncomunale, alle 11.30, con ingresso libero.<br \/>\nAlle 18.30, nella Basilica Cattedrale, la giornata si concluder\u00e0 con il Canto dei secondi<br \/>\nVespri solenni.<\/p>\n<p>Nella giornata di venerd\u00ec 11 novembre, gli uffici comunali saranno chiusi al pubblico.<br \/>\nLe manifestazioni in onore del Santo Patrono, raggruppate nel cartellone di \u201cBenvenuto<br \/>\nSan Martino &#8211; Belluno in Festa\u201d, proseguiranno poi con la tradizionale Fiera, che si<br \/>\nsvolger\u00e0 domenica 13 novembre e con molti altri eventi per tutto il mese di novembre.<br \/>\nTra le bancarelle della Fiera, una vasta gamma di articoli e tante curiosit\u00e0, nonch\u00e9 il<br \/>\nmercatino dell\u2019antiquariato \u201cCose di Vecchie Case\u201d e le tradizionali castagnate.<br \/>\nIn piazza Duomo, sar\u00e0 presente la Coldiretti, con la \u201cGiornata provinciale del<br \/>\nringraziamento agricolo\u201d; alle 10.45 la Filarmonica di Belluno 1867 si esibir\u00e0 nel<br \/>\ntradizionale concerto, sempre seguito con molto affetto da cittadini e visitatori.<br \/>\nIn piazza Piloni, da sabato pomeriggio a domenica sera, ritorner\u00e0 lo Street-food Village,<br \/>\nil buon cibo di strada di qualit\u00e0, con specialit\u00e0 gastronomiche provenienti da varie regioni<br \/>\nitaliane.<br \/>\nPer informazioni sul programma completo di \u201cBenvenuto San Martino\u201d, consultare il sito<br \/>\nInternet istituzionale all\u2019indirizzo www.comune.belluno.it, dal quale \u00e8 scaricabile anche il<br \/>\npieghevole con tutti gli eventi<\/p>\n<p><strong>Modifiche alla viabilit\u00e0<\/strong><br \/>\nPer la giornata di sabato 12 novembre, dalle ore 14.30 e fino alle ore 24.00 di<br \/>\ndomenica 13 novembre:<br \/>\n&#8211; istituzione del divieto di sosta con rimozione forzata dei veicoli in tutta la<br \/>\npiazza Piloni (negli stalli di sosta regolamentati a parcometro, nell&#8217;area di sosta<br \/>\nriservata ai ciclomotori\/motoveicoli, negli stalli riservati ai veicoli al servizio delle<br \/>\npersone invalide e nelle aree di sosta riservate ai veicoli per le operazioni di carico e<br \/>\nscarico merci) e in via D&#8217;Inc\u00e0, area antistante ai civici 2, 4, 6, 8, 14, 16 (nell&#8217;area<br \/>\ndi sosta riservata ai ciclomotori\/motoveicoli e negli stalli di sosta regolamentati a<br \/>\nparcometro posti sul lato destro), per consentire l&#8217;installazione delle strutture a<br \/>\nservizio dell&#8217;evento \u201cStreet Food Village\u201d e il posizionamento degli autocarri frigo;<br \/>\n&#8211; istituzione del divieto di circolazione veicolare in piazza Piloni, tranne che<br \/>\nnella corsia appositamente delimitata con transenne, a nord della piazza, tra gli<br \/>\nedifici dal civico 15 al civico 23 e le strutture della manifestazione. Nella suddetta<br \/>\ncorsia la circolazione \u00e8 consentita a senso unico con direzione di marcia da via<br \/>\nTasso verso via D\u2019Inc\u00e0.<\/p>\n<p>Per la giornata di domenica 13 novembre:<br \/>\n&#8211; istituzione del divieto di circolazione veicolare dalle ore 5.00 alle ore 21.00,<br \/>\ne comunque, fino al termine della manifestazione, per tutti i veicoli, con eventuali<br \/>\nderoghe da valutarsi da parte degli operatori di vigilanza in servizio all\u2019interno<br \/>\ndell&#8217;area della manifestazione, limitatamente ai casi consentiti secondo le<br \/>\nesigenze del momento, a quelli di Polizia, Polizia Locale, Vigili del Fuoco, Soccorso e<br \/>\nveicoli degli operatori presenti alla fiera. La manifestazione si svolge all&#8217;interno del<br \/>\ncentro storico circoscritto dalle seguenti intersezioni: a est via Simon da Cusighe\/via<br \/>\nGabelli; a nord-est via Tasso\/piazza Piloni; a nord piazzale Battisti\/via Loreto; a<br \/>\novest piazzale Marconi\/via Garibaldi; a sud piazza Duomo;<br \/>\n&#8211; istituzione del doppio senso di circolazione veicolare dalle ore 5.00 alle ore<br \/>\n23.00 in via Zuppani e in via Carrera (nel tratto compreso tra le intersezioni<br \/>\ncon via Zuppani \u2013 piazzetta Santo Stefano), per consentire ai veicoli l&#8217;uscita dal<br \/>\ncentro citt\u00e0 per via D&#8217;Inc\u00e0\/Ostilio;<br \/>\n&#8211; istituzione del divieto di sosta con rimozione forzata di tutti i veicoli dalle ore<br \/>\n5.00 fino alle ore 21.00, e, comunque, fino al termine della manifestazione, in<br \/>\npiazzale C. Battisti, lato est (nell&#8217;area regolamentata a parcometro, eccetto invalidi &#8211;<br \/>\nresidenti &#8211; autorizzati per particolari esigenze dagli operatori di Polizia Locale), via<br \/>\nLoreto, via Matteotti, piazza dei Martiri, piazza Vittorio Emanuele II, via Roma,<br \/>\npiazza S. Stefano, via Simon da Cusighe, piazza Castello (nel tratto di strada<br \/>\ncompreso tra la piazza dei Martiri e piazza Duomo), piazza Duomo e piazza del<br \/>\nMercato, per il posizionamento dei posteggi degli operatori della Fiera e del<br \/>\nMercatino, per le attivit\u00e0 collaterali, nonch\u00e9 per motivi di sicurezza della circolazione<br \/>\nveicolare e pedonale.<br \/>\nIn via Sottocastello la circolazione degli autorizzati dovr\u00e0 avvenire esclusivamente da e per<br \/>\nvia Lambioi (con ingresso lato viale dei Dendrofori)<\/p>","protected":false},"excerpt":{"rendered":"<p>Venerd\u00ec 11 novembre, Belluno festegger\u00e0 la ricorrenza del suo santo patrono, San Martino, con solenni celebrazioni religiose e con eventi dedicati. Il programma prevede, dalle 9.40 in Duomo le celebrazioni religiose. Alle 11.30, al Teatro Comunale, avverr\u00e0 la consegna del Premio San Martino 2022. Il Premio, istituito nel 1972, si propone di riconoscere e dare [&hellip;]<\/p>\n","protected":false},"author":2,"featured_media":129188,"comment_status":"closed","ping_status":"open","sticky":false,"template":"","format":"standard","meta":{"footnotes":""},"categories":[27,25,4],"tags":[],"class_list":["post-137538","post","type-post","status-publish","format-standard","has-post-thumbnail","category-appuntamenti","category-pausa-caffe","category-sport"],"yoast_head":"<!-- This site is optimized with the Yoast SEO plugin v28.4 - https:\/\/yoast.com\/product\/yoast-seo-wordpress\/ -->\n<title>Venerd\u00ec 11 novembre, festa di San Martino patrono della citt\u00e0 e consegna del Premio. Domenica la Fiera - Bellunopress - Dolomiti<\/title>\n<meta name=\"robots\" content=\"index, follow, max-snippet:-1, max-image-preview:large, max-video-preview:-1\" \/>\n<link rel=\"canonical\" href=\"https:\/\/www.bellunopress.it\/fr\/2022\/11\/07\/venerdi-11-novembre-festa-di-san-martino-patrono-della-citta-e-consegna-del-premio-domenica-la-fiera\/\" \/>\n<meta property=\"og:locale\" content=\"fr_FR\" \/>\n<meta property=\"og:type\" content=\"article\" \/>\n<meta property=\"og:title\" content=\"Venerd\u00ec 11 novembre, festa di San Martino patrono della citt\u00e0 e consegna del Premio. Domenica la Fiera - Bellunopress - Dolomiti\" \/>\n<meta property=\"og:description\" content=\"Venerd\u00ec 11 novembre, Belluno festegger\u00e0 la ricorrenza del suo santo patrono, San Martino, con solenni celebrazioni religiose e con eventi dedicati. Il programma prevede, dalle 9.40 in Duomo le celebrazioni religiose. Alle 11.30, al Teatro Comunale, avverr\u00e0 la consegna del Premio San Martino 2022. Il Premio, istituito nel 1972, si propone di riconoscere e dare [&hellip;]\" \/>\n<meta property=\"og:url\" content=\"https:\/\/www.bellunopress.it\/fr\/2022\/11\/07\/venerdi-11-novembre-festa-di-san-martino-patrono-della-citta-e-consegna-del-premio-domenica-la-fiera\/\" \/>\n<meta property=\"og:site_name\" content=\"Bellunopress - Dolomiti\" \/>\n<meta property=\"article:publisher\" content=\"https:\/\/www.facebook.com\/profile.php?id=100008943462799\" \/>\n<meta property=\"article:published_time\" content=\"2022-11-07T17:57:51+00:00\" \/>\n<meta property=\"og:image\" content=\"https:\/\/www.bellunopress.it\/wp-content\/uploads\/2021\/11\/fiera-san-martino-2010-1.jpg\" \/>\n\t<meta property=\"og:image:width\" content=\"800\" \/>\n\t<meta property=\"og:image:height\" content=\"533\" \/>\n\t<meta property=\"og:image:type\" content=\"image\/jpeg\" \/>\n<meta name=\"author\" content=\"redazione\" \/>\n<meta name=\"twitter:card\" content=\"summary_large_image\" \/>\n<meta name=\"twitter:creator\" content=\"@bellunopress\" \/>\n<meta name=\"twitter:site\" content=\"@bellunopress\" \/>\n<meta name=\"twitter:label1\" content=\"Written by\" \/>\n\t<meta name=\"twitter:data1\" content=\"redazione\" \/>\n\t<meta name=\"twitter:label2\" content=\"Est. reading time\" \/>\n\t<meta name=\"twitter:data2\" content=\"6 minutes\" \/>\n<script type=\"application\/ld+json\" class=\"yoast-schema-graph\">{\"@context\":\"https:\\\/\\\/schema.org\",\"@graph\":[{\"@type\":\"Article\",\"@id\":\"https:\\\/\\\/www.bellunopress.it\\\/2022\\\/11\\\/07\\\/venerdi-11-novembre-festa-di-san-martino-patrono-della-citta-e-consegna-del-premio-domenica-la-fiera\\\/#article\",\"isPartOf\":{\"@id\":\"https:\\\/\\\/www.bellunopress.it\\\/2022\\\/11\\\/07\\\/venerdi-11-novembre-festa-di-san-martino-patrono-della-citta-e-consegna-del-premio-domenica-la-fiera\\\/\"},\"author\":{\"name\":\"redazione\",\"@id\":\"https:\\\/\\\/www.bellunopress.it\\\/#\\\/schema\\\/person\\\/79bb06722b37ece1c03d3e94beb30d73\"},\"headline\":\"Venerd\u00ec 11 novembre, festa di San Martino patrono della citt\u00e0 e consegna del Premio. Domenica la Fiera\",\"datePublished\":\"2022-11-07T17:57:51+00:00\",\"mainEntityOfPage\":{\"@id\":\"https:\\\/\\\/www.bellunopress.it\\\/2022\\\/11\\\/07\\\/venerdi-11-novembre-festa-di-san-martino-patrono-della-citta-e-consegna-del-premio-domenica-la-fiera\\\/\"},\"wordCount\":1032,\"publisher\":{\"@id\":\"https:\\\/\\\/www.bellunopress.it\\\/#organization\"},\"image\":{\"@id\":\"https:\\\/\\\/www.bellunopress.it\\\/2022\\\/11\\\/07\\\/venerdi-11-novembre-festa-di-san-martino-patrono-della-citta-e-consegna-del-premio-domenica-la-fiera\\\/#primaryimage\"},\"thumbnailUrl\":\"https:\\\/\\\/www.bellunopress.it\\\/wp-content\\\/uploads\\\/2021\\\/11\\\/fiera-san-martino-2010-1.jpg\",\"articleSection\":[\"Appuntamenti, Eventi\",\"Pausa Caff\u00e8\",\"Sport, tempo libero\"],\"inLanguage\":\"fr-FR\"},{\"@type\":\"WebPage\",\"@id\":\"https:\\\/\\\/www.bellunopress.it\\\/2022\\\/11\\\/07\\\/venerdi-11-novembre-festa-di-san-martino-patrono-della-citta-e-consegna-del-premio-domenica-la-fiera\\\/\",\"url\":\"https:\\\/\\\/www.bellunopress.it\\\/2022\\\/11\\\/07\\\/venerdi-11-novembre-festa-di-san-martino-patrono-della-citta-e-consegna-del-premio-domenica-la-fiera\\\/\",\"name\":\"Venerd\u00ec 11 novembre, festa di San Martino patrono della citt\u00e0 e consegna del Premio. Domenica la Fiera - Bellunopress - Dolomiti\",\"isPartOf\":{\"@id\":\"https:\\\/\\\/www.bellunopress.it\\\/#website\"},\"primaryImageOfPage\":{\"@id\":\"https:\\\/\\\/www.bellunopress.it\\\/2022\\\/11\\\/07\\\/venerdi-11-novembre-festa-di-san-martino-patrono-della-citta-e-consegna-del-premio-domenica-la-fiera\\\/#primaryimage\"},\"image\":{\"@id\":\"https:\\\/\\\/www.bellunopress.it\\\/2022\\\/11\\\/07\\\/venerdi-11-novembre-festa-di-san-martino-patrono-della-citta-e-consegna-del-premio-domenica-la-fiera\\\/#primaryimage\"},\"thumbnailUrl\":\"https:\\\/\\\/www.bellunopress.it\\\/wp-content\\\/uploads\\\/2021\\\/11\\\/fiera-san-martino-2010-1.jpg\",\"datePublished\":\"2022-11-07T17:57:51+00:00\",\"breadcrumb\":{\"@id\":\"https:\\\/\\\/www.bellunopress.it\\\/2022\\\/11\\\/07\\\/venerdi-11-novembre-festa-di-san-martino-patrono-della-citta-e-consegna-del-premio-domenica-la-fiera\\\/#breadcrumb\"},\"inLanguage\":\"fr-FR\",\"potentialAction\":[{\"@type\":\"ReadAction\",\"target\":[\"https:\\\/\\\/www.bellunopress.it\\\/2022\\\/11\\\/07\\\/venerdi-11-novembre-festa-di-san-martino-patrono-della-citta-e-consegna-del-premio-domenica-la-fiera\\\/\"]}]},{\"@type\":\"ImageObject\",\"inLanguage\":\"fr-FR\",\"@id\":\"https:\\\/\\\/www.bellunopress.it\\\/2022\\\/11\\\/07\\\/venerdi-11-novembre-festa-di-san-martino-patrono-della-citta-e-consegna-del-premio-domenica-la-fiera\\\/#primaryimage\",\"url\":\"https:\\\/\\\/www.bellunopress.it\\\/wp-content\\\/uploads\\\/2021\\\/11\\\/fiera-san-martino-2010-1.jpg\",\"contentUrl\":\"https:\\\/\\\/www.bellunopress.it\\\/wp-content\\\/uploads\\\/2021\\\/11\\\/fiera-san-martino-2010-1.jpg\",\"width\":800,\"height\":533,\"caption\":\"Fiera di San Martino 2010 - Belluno\"},{\"@type\":\"BreadcrumbList\",\"@id\":\"https:\\\/\\\/www.bellunopress.it\\\/2022\\\/11\\\/07\\\/venerdi-11-novembre-festa-di-san-martino-patrono-della-citta-e-consegna-del-premio-domenica-la-fiera\\\/#breadcrumb\",\"itemListElement\":[{\"@type\":\"ListItem\",\"position\":1,\"name\":\"Home\",\"item\":\"https:\\\/\\\/www.bellunopress.it\\\/\"},{\"@type\":\"ListItem\",\"position\":2,\"name\":\"Venerd\u00ec 11 novembre, festa di San Martino patrono della citt\u00e0 e consegna del Premio. Domenica la Fiera\"}]},{\"@type\":\"WebSite\",\"@id\":\"https:\\\/\\\/www.bellunopress.it\\\/#website\",\"url\":\"https:\\\/\\\/www.bellunopress.it\\\/\",\"name\":\"Bellunopress - Dolomiti\",\"description\":\"e-mail: redazione@bellunopress.it\",\"publisher\":{\"@id\":\"https:\\\/\\\/www.bellunopress.it\\\/#organization\"},\"potentialAction\":[{\"@type\":\"SearchAction\",\"target\":{\"@type\":\"EntryPoint\",\"urlTemplate\":\"https:\\\/\\\/www.bellunopress.it\\\/?s={search_term_string}\"},\"query-input\":{\"@type\":\"PropertyValueSpecification\",\"valueRequired\":true,\"valueName\":\"search_term_string\"}}],\"inLanguage\":\"fr-FR\"},{\"@type\":\"Organization\",\"@id\":\"https:\\\/\\\/www.bellunopress.it\\\/#organization\",\"name\":\"Bellunopress\",\"url\":\"https:\\\/\\\/www.bellunopress.it\\\/\",\"logo\":{\"@type\":\"ImageObject\",\"inLanguage\":\"fr-FR\",\"@id\":\"https:\\\/\\\/www.bellunopress.it\\\/#\\\/schema\\\/logo\\\/image\\\/\",\"url\":\"https:\\\/\\\/www.bellunopress.it\\\/wp-content\\\/uploads\\\/2011\\\/05\\\/cropped-logo-bellunopress-.jpg\",\"contentUrl\":\"https:\\\/\\\/www.bellunopress.it\\\/wp-content\\\/uploads\\\/2011\\\/05\\\/cropped-logo-bellunopress-.jpg\",\"width\":512,\"height\":512,\"caption\":\"Bellunopress\"},\"image\":{\"@id\":\"https:\\\/\\\/www.bellunopress.it\\\/#\\\/schema\\\/logo\\\/image\\\/\"},\"sameAs\":[\"https:\\\/\\\/www.facebook.com\\\/profile.php?id=100008943462799\",\"https:\\\/\\\/x.com\\\/bellunopress\",\"https:\\\/\\\/www.linkedin.com\\\/hp\\\/?dnr=JBzUWaJfMUw8vbXJJ2tVW5-I3jZKvC4wsoxE&amp;amp;amp;amp;amp;amp;trk=nav_responsive_tab_home\",\"https:\\\/\\\/www.youtube.com\\\/channel\\\/UCxL0wu1uN0_3_7hGG0306cw\"]},{\"@type\":\"Person\",\"@id\":\"https:\\\/\\\/www.bellunopress.it\\\/#\\\/schema\\\/person\\\/79bb06722b37ece1c03d3e94beb30d73\",\"name\":\"redazione\",\"image\":{\"@type\":\"ImageObject\",\"inLanguage\":\"fr-FR\",\"@id\":\"https:\\\/\\\/secure.gravatar.com\\\/avatar\\\/37d968a2e67a6fd04c169c4bdef102d0bc5d31b2546345219e348575eb80e9a0?s=96&d=mm&r=g\",\"url\":\"https:\\\/\\\/secure.gravatar.com\\\/avatar\\\/37d968a2e67a6fd04c169c4bdef102d0bc5d31b2546345219e348575eb80e9a0?s=96&d=mm&r=g\",\"contentUrl\":\"https:\\\/\\\/secure.gravatar.com\\\/avatar\\\/37d968a2e67a6fd04c169c4bdef102d0bc5d31b2546345219e348575eb80e9a0?s=96&d=mm&r=g\",\"caption\":\"redazione\"},\"sameAs\":[\"http:\\\/\\\/www.bellunopress.it\",\"https:\\\/\\\/x.com\\\/bellunopress\"],\"url\":\"https:\\\/\\\/www.bellunopress.it\\\/fr\\\/author\\\/redazione\\\/\"}]}<\/script>\n<!-- \/ Yoast SEO plugin. -->","yoast_head_json":{"title":"Venerd\u00ec 11 novembre, festa di San Martino patrono della citt\u00e0 e consegna del Premio. Domenica la Fiera - Bellunopress - Dolomiti","robots":{"index":"index","follow":"follow","max-snippet":"max-snippet:-1","max-image-preview":"max-image-preview:large","max-video-preview":"max-video-preview:-1"},"canonical":"https:\/\/www.bellunopress.it\/fr\/2022\/11\/07\/venerdi-11-novembre-festa-di-san-martino-patrono-della-citta-e-consegna-del-premio-domenica-la-fiera\/","og_locale":"fr_FR","og_type":"article","og_title":"Venerd\u00ec 11 novembre, festa di San Martino patrono della citt\u00e0 e consegna del Premio. Domenica la Fiera - Bellunopress - Dolomiti","og_description":"Venerd\u00ec 11 novembre, Belluno festegger\u00e0 la ricorrenza del suo santo patrono, San Martino, con solenni celebrazioni religiose e con eventi dedicati. Il programma prevede, dalle 9.40 in Duomo le celebrazioni religiose. Alle 11.30, al Teatro Comunale, avverr\u00e0 la consegna del Premio San Martino 2022. Il Premio, istituito nel 1972, si propone di riconoscere e dare [&hellip;]","og_url":"https:\/\/www.bellunopress.it\/fr\/2022\/11\/07\/venerdi-11-novembre-festa-di-san-martino-patrono-della-citta-e-consegna-del-premio-domenica-la-fiera\/","og_site_name":"Bellunopress - Dolomiti","article_publisher":"https:\/\/www.facebook.com\/profile.php?id=100008943462799","article_published_time":"2022-11-07T17:57:51+00:00","og_image":[{"width":800,"height":533,"url":"https:\/\/www.bellunopress.it\/wp-content\/uploads\/2021\/11\/fiera-san-martino-2010-1.jpg","type":"image\/jpeg"}],"author":"redazione","twitter_card":"summary_large_image","twitter_creator":"@bellunopress","twitter_site":"@bellunopress","twitter_misc":{"Written by":"redazione","Est. reading time":"6 minutes"},"schema":{"@context":"https:\/\/schema.org","@graph":[{"@type":"Article","@id":"https:\/\/www.bellunopress.it\/2022\/11\/07\/venerdi-11-novembre-festa-di-san-martino-patrono-della-citta-e-consegna-del-premio-domenica-la-fiera\/#article","isPartOf":{"@id":"https:\/\/www.bellunopress.it\/2022\/11\/07\/venerdi-11-novembre-festa-di-san-martino-patrono-della-citta-e-consegna-del-premio-domenica-la-fiera\/"},"author":{"name":"redazione","@id":"https:\/\/www.bellunopress.it\/#\/schema\/person\/79bb06722b37ece1c03d3e94beb30d73"},"headline":"Venerd\u00ec 11 novembre, festa di San Martino patrono della citt\u00e0 e consegna del Premio. Domenica la Fiera","datePublished":"2022-11-07T17:57:51+00:00","mainEntityOfPage":{"@id":"https:\/\/www.bellunopress.it\/2022\/11\/07\/venerdi-11-novembre-festa-di-san-martino-patrono-della-citta-e-consegna-del-premio-domenica-la-fiera\/"},"wordCount":1032,"publisher":{"@id":"https:\/\/www.bellunopress.it\/#organization"},"image":{"@id":"https:\/\/www.bellunopress.it\/2022\/11\/07\/venerdi-11-novembre-festa-di-san-martino-patrono-della-citta-e-consegna-del-premio-domenica-la-fiera\/#primaryimage"},"thumbnailUrl":"https:\/\/www.bellunopress.it\/wp-content\/uploads\/2021\/11\/fiera-san-martino-2010-1.jpg","articleSection":["Appuntamenti, Eventi","Pausa Caff\u00e8","Sport, tempo libero"],"inLanguage":"fr-FR"},{"@type":"WebPage","@id":"https:\/\/www.bellunopress.it\/2022\/11\/07\/venerdi-11-novembre-festa-di-san-martino-patrono-della-citta-e-consegna-del-premio-domenica-la-fiera\/","url":"https:\/\/www.bellunopress.it\/2022\/11\/07\/venerdi-11-novembre-festa-di-san-martino-patrono-della-citta-e-consegna-del-premio-domenica-la-fiera\/","name":"Venerd\u00ec 11 novembre, festa di San Martino patrono della citt\u00e0 e consegna del Premio. Domenica la Fiera - Bellunopress - Dolomiti","isPartOf":{"@id":"https:\/\/www.bellunopress.it\/#website"},"primaryImageOfPage":{"@id":"https:\/\/www.bellunopress.it\/2022\/11\/07\/venerdi-11-novembre-festa-di-san-martino-patrono-della-citta-e-consegna-del-premio-domenica-la-fiera\/#primaryimage"},"image":{"@id":"https:\/\/www.bellunopress.it\/2022\/11\/07\/venerdi-11-novembre-festa-di-san-martino-patrono-della-citta-e-consegna-del-premio-domenica-la-fiera\/#primaryimage"},"thumbnailUrl":"https:\/\/www.bellunopress.it\/wp-content\/uploads\/2021\/11\/fiera-san-martino-2010-1.jpg","datePublished":"2022-11-07T17:57:51+00:00","breadcrumb":{"@id":"https:\/\/www.bellunopress.it\/2022\/11\/07\/venerdi-11-novembre-festa-di-san-martino-patrono-della-citta-e-consegna-del-premio-domenica-la-fiera\/#breadcrumb"},"inLanguage":"fr-FR","potentialAction":[{"@type":"ReadAction","target":["https:\/\/www.bellunopress.it\/2022\/11\/07\/venerdi-11-novembre-festa-di-san-martino-patrono-della-citta-e-consegna-del-premio-domenica-la-fiera\/"]}]},{"@type":"ImageObject","inLanguage":"fr-FR","@id":"https:\/\/www.bellunopress.it\/2022\/11\/07\/venerdi-11-novembre-festa-di-san-martino-patrono-della-citta-e-consegna-del-premio-domenica-la-fiera\/#primaryimage","url":"https:\/\/www.bellunopress.it\/wp-content\/uploads\/2021\/11\/fiera-san-martino-2010-1.jpg","contentUrl":"https:\/\/www.bellunopress.it\/wp-content\/uploads\/2021\/11\/fiera-san-martino-2010-1.jpg","width":800,"height":533,"caption":"Fiera di San Martino 2010 - Belluno"},{"@type":"BreadcrumbList","@id":"https:\/\/www.bellunopress.it\/2022\/11\/07\/venerdi-11-novembre-festa-di-san-martino-patrono-della-citta-e-consegna-del-premio-domenica-la-fiera\/#breadcrumb","itemListElement":[{"@type":"ListItem","position":1,"name":"Home","item":"https:\/\/www.bellunopress.it\/"},{"@type":"ListItem","position":2,"name":"Venerd\u00ec 11 novembre, festa di San Martino patrono della citt\u00e0 e consegna del Premio. Domenica la Fiera"}]},{"@type":"WebSite","@id":"https:\/\/www.bellunopress.it\/#website","url":"https:\/\/www.bellunopress.it\/","name":"Bellunopress - Dolomiti","description":"e-mail: redazione@bellunopress.it","publisher":{"@id":"https:\/\/www.bellunopress.it\/#organization"},"potentialAction":[{"@type":"SearchAction","target":{"@type":"EntryPoint","urlTemplate":"https:\/\/www.bellunopress.it\/?s={search_term_string}"},"query-input":{"@type":"PropertyValueSpecification","valueRequired":true,"valueName":"search_term_string"}}],"inLanguage":"fr-FR"},{"@type":"Organization","@id":"https:\/\/www.bellunopress.it\/#organization","name":"Bellunopress","url":"https:\/\/www.bellunopress.it\/","logo":{"@type":"ImageObject","inLanguage":"fr-FR","@id":"https:\/\/www.bellunopress.it\/#\/schema\/logo\/image\/","url":"https:\/\/www.bellunopress.it\/wp-content\/uploads\/2011\/05\/cropped-logo-bellunopress-.jpg","contentUrl":"https:\/\/www.bellunopress.it\/wp-content\/uploads\/2011\/05\/cropped-logo-bellunopress-.jpg","width":512,"height":512,"caption":"Bellunopress"},"image":{"@id":"https:\/\/www.bellunopress.it\/#\/schema\/logo\/image\/"},"sameAs":["https:\/\/www.facebook.com\/profile.php?id=100008943462799","https:\/\/x.com\/bellunopress","https:\/\/www.linkedin.com\/hp\/?dnr=JBzUWaJfMUw8vbXJJ2tVW5-I3jZKvC4wsoxE&amp;amp;amp;amp;amp;amp;trk=nav_responsive_tab_home","https:\/\/www.youtube.com\/channel\/UCxL0wu1uN0_3_7hGG0306cw"]},{"@type":"Person","@id":"https:\/\/www.bellunopress.it\/#\/schema\/person\/79bb06722b37ece1c03d3e94beb30d73","name":"r\u00e9daction","image":{"@type":"ImageObject","inLanguage":"fr-FR","@id":"https:\/\/secure.gravatar.com\/avatar\/37d968a2e67a6fd04c169c4bdef102d0bc5d31b2546345219e348575eb80e9a0?s=96&d=mm&r=g","url":"https:\/\/secure.gravatar.com\/avatar\/37d968a2e67a6fd04c169c4bdef102d0bc5d31b2546345219e348575eb80e9a0?s=96&d=mm&r=g","contentUrl":"https:\/\/secure.gravatar.com\/avatar\/37d968a2e67a6fd04c169c4bdef102d0bc5d31b2546345219e348575eb80e9a0?s=96&d=mm&r=g","caption":"redazione"},"sameAs":["http:\/\/www.bellunopress.it","https:\/\/x.com\/bellunopress"],"url":"https:\/\/www.bellunopress.it\/fr\/author\/redazione\/"}]}},"_links":{"self":[{"href":"https:\/\/www.bellunopress.it\/fr\/wp-json\/wp\/v2\/posts\/137538","targetHints":{"allow":["GET"]}}],"collection":[{"href":"https:\/\/www.bellunopress.it\/fr\/wp-json\/wp\/v2\/posts"}],"about":[{"href":"https:\/\/www.bellunopress.it\/fr\/wp-json\/wp\/v2\/types\/post"}],"author":[{"embeddable":true,"href":"https:\/\/www.bellunopress.it\/fr\/wp-json\/wp\/v2\/users\/2"}],"replies":[{"embeddable":true,"href":"https:\/\/www.bellunopress.it\/fr\/wp-json\/wp\/v2\/comments?post=137538"}],"version-history":[{"count":1,"href":"https:\/\/www.bellunopress.it\/fr\/wp-json\/wp\/v2\/posts\/137538\/revisions"}],"predecessor-version":[{"id":137539,"href":"https:\/\/www.bellunopress.it\/fr\/wp-json\/wp\/v2\/posts\/137538\/revisions\/137539"}],"wp:featuredmedia":[{"embeddable":true,"href":"https:\/\/www.bellunopress.it\/fr\/wp-json\/wp\/v2\/media\/129188"}],"wp:attachment":[{"href":"https:\/\/www.bellunopress.it\/fr\/wp-json\/wp\/v2\/media?parent=137538"}],"wp:term":[{"taxonomy":"category","embeddable":true,"href":"https:\/\/www.bellunopress.it\/fr\/wp-json\/wp\/v2\/categories?post=137538"},{"taxonomy":"post_tag","embeddable":true,"href":"https:\/\/www.bellunopress.it\/fr\/wp-json\/wp\/v2\/tags?post=137538"}],"curies":[{"name":"wp","href":"https:\/\/api.w.org\/{rel}","templated":true}]}}