{"id":137535,"date":"2022-11-07T17:06:02","date_gmt":"2022-11-07T16:06:02","guid":{"rendered":"https:\/\/www.bellunopress.it\/?p=137535"},"modified":"2022-11-07T17:06:02","modified_gmt":"2022-11-07T16:06:02","slug":"qualita-della-vita-ed-ecosistema-urbano-belluno-balza-in-avanti-padrin-certificazione-positiva-a-belluno-si-vive-bene","status":"publish","type":"post","link":"https:\/\/www.bellunopress.it\/fr\/2022\/11\/07\/qualita-della-vita-ed-ecosistema-urbano-belluno-balza-in-avanti-padrin-certificazione-positiva-a-belluno-si-vive-bene\/","title":{"rendered":"Qualit\u00e0 della vita ed Ecosistema urbano, Belluno balza in avanti.\u00a0Padrin: \u00abCertificazione positiva, a Belluno si vive bene\u00bb"},"content":{"rendered":"<p><img loading=\"lazy\" decoding=\"async\" class=\"alignleft size-full wp-image-137536\" src=\"https:\/\/www.bellunopress.it\/wp-content\/uploads\/2022\/11\/piazza-martiri-belluno_edited.jpg\" alt=\"\" width=\"1000\" height=\"750\" srcset=\"https:\/\/www.bellunopress.it\/wp-content\/uploads\/2022\/11\/piazza-martiri-belluno_edited.jpg 1000w, https:\/\/www.bellunopress.it\/wp-content\/uploads\/2022\/11\/piazza-martiri-belluno_edited-500x375.jpg 500w, https:\/\/www.bellunopress.it\/wp-content\/uploads\/2022\/11\/piazza-martiri-belluno_edited-696x522.jpg 696w, https:\/\/www.bellunopress.it\/wp-content\/uploads\/2022\/11\/piazza-martiri-belluno_edited-560x420.jpg 560w, https:\/\/www.bellunopress.it\/wp-content\/uploads\/2022\/11\/piazza-martiri-belluno_edited-80x60.jpg 80w, https:\/\/www.bellunopress.it\/wp-content\/uploads\/2022\/11\/piazza-martiri-belluno_edited-265x198.jpg 265w\" sizes=\"auto, (max-width: 1000px) 100vw, 1000px\" \/>\u00abIn provincia di Belluno si vive bene, c&#8217;\u00e8 lavoro e la qualit\u00e0 di vita creata dall&#8217;ambiente circostante \u00e8 elevata. Lo sappiamo al di l\u00e0 delle classifiche annuali. Dobbiamo condividere questa consapevolezza perch\u00e9 altri vengano ad abitare nelle nostre Dolomiti bellunesi. Lo spopolamento della montagna si contrasta anche cos\u00ec\u00bb.<\/p>\n<figure id=\"attachment_132392\" aria-describedby=\"caption-attachment-132392\" style=\"width: 1000px\" class=\"wp-caption alignleft\"><img loading=\"lazy\" decoding=\"async\" class=\"size-full wp-image-132392\" src=\"https:\/\/www.bellunopress.it\/wp-content\/uploads\/2022\/03\/Roberto-Padrin_edited.jpg\" alt=\"\" width=\"1000\" height=\"704\" srcset=\"https:\/\/www.bellunopress.it\/wp-content\/uploads\/2022\/03\/Roberto-Padrin_edited.jpg 1000w, https:\/\/www.bellunopress.it\/wp-content\/uploads\/2022\/03\/Roberto-Padrin_edited-500x352.jpg 500w, https:\/\/www.bellunopress.it\/wp-content\/uploads\/2022\/03\/Roberto-Padrin_edited-696x490.jpg 696w, https:\/\/www.bellunopress.it\/wp-content\/uploads\/2022\/03\/Roberto-Padrin_edited-597x420.jpg 597w, https:\/\/www.bellunopress.it\/wp-content\/uploads\/2022\/03\/Roberto-Padrin_edited-100x70.jpg 100w\" sizes=\"auto, (max-width: 1000px) 100vw, 1000px\" \/><figcaption id=\"caption-attachment-132392\" class=\"wp-caption-text\">Roberto Padrin, presidente della Provincia<\/figcaption><\/figure>\n<p>Lo dice il presidente della Provincia di Belluno Roberto Padrin, analizzando il report sulla qualit\u00e0 della vita di Italia Oggi e insieme anche il 29mo rapporto Ecosistema urbano di Legambiente e Ambiente Italia, pubblicato sul Sole 24 Ore. Per Italia Oggi, la provincia di Belluno si piazza in 24ma posizione (sul podio, Trento, Bolzano e Bologna), guadagnando ben 17 posti rispetto alla graduatoria 2021. Benissimo le sottocategorie di &#8220;Affari e lavoro&#8221; (12\u00b0 posto), &#8220;Reati e sicurezza&#8221; (13\u00b0 posto) e &#8220;Tempo libero&#8221; (16\u00b0 posto). In sofferenza il criterio relativo alla &#8220;Popolazione&#8221; (74\u00b0 posto).<\/p>\n<p>\u00abNiente di nuovo. La provincia di Belluno ha dei punti di forza che sono dati dalle piccole dimensioni dei nostri centri urbani, come la sicurezza, e altri che sono frutto delle capacit\u00e0 produttive del territorio e dell&#8217;abnegazione per il lavoro dei bellunesi, come il reddito e la ricchezza\u00bb commenta il presidente Padrin. \u00abD&#8217;altra parte, c&#8217;\u00e8 il problema dello spopolamento delle terre alte che continua ad avanzare. \u00c8 per questo che dobbiamo cogliere quanto di buono questo genere di classifiche ci mostra, nella consapevolezza che nessuna graduatoria \u00e8 in grado di fissare un vero perimetro di qualit\u00e0 della vita. Ricordo sempre che anche Napoleone usc\u00ec dall&#8217;accademia militare come quarantaduesimo classificato su cinquantotto allievi. Ma nessuno si ricorda degli ufficiali che secondo la graduatoria erano pi\u00f9 bravi di lui. Semmai dovremmo essere bravi a raccontare quanto bene si vive a Belluno, per attrarre persone da fuori. Le aziende che faticano a trovare professionisti e lavoratori hanno bisogno anche di questo\u00bb.<\/p>\n<p>\u00abQuanto alla qualit\u00e0 dell&#8217;ambiente, rilevo con piacere che la graduatoria del Sole 24 Ore ha rimesso la citt\u00e0 di Belluno sul podio, al terzo posto\u00bb conclude il presidente Padrin. \u00abUna bella certificazione, che dimostra la cura e il senso ambientale dei bellunesi, ma anche la capacit\u00e0 degli enti locali. Come detto, le graduatorie pi\u00f9 che costituire dei premi o dei capi d&#8217;imputazione, devono renderci consapevoli del valore del nostro territorio\u00bb.<\/p>","protected":false},"excerpt":{"rendered":"<p>\u00abIn provincia di Belluno si vive bene, c&#8217;\u00e8 lavoro e la qualit\u00e0 di vita creata dall&#8217;ambiente circostante \u00e8 elevata. Lo sappiamo al di l\u00e0 delle classifiche annuali. Dobbiamo condividere questa consapevolezza perch\u00e9 altri vengano ad abitare nelle nostre Dolomiti bellunesi. Lo spopolamento della montagna si contrasta anche cos\u00ec\u00bb. Lo dice il presidente della Provincia di [&hellip;]<\/p>\n","protected":false},"author":2,"featured_media":137536,"comment_status":"closed","ping_status":"open","sticky":false,"template":"","format":"standard","meta":{"footnotes":""},"categories":[5,26,8],"tags":[],"class_list":["post-137535","post","type-post","status-publish","format-standard","has-post-thumbnail","category-cronaca","category-prima-pagina","category-societa-istituzioni"],"yoast_head":"<!-- This site is optimized with the Yoast SEO plugin v28.4 - https:\/\/yoast.com\/product\/yoast-seo-wordpress\/ -->\n<title>Qualit\u00e0 della vita ed Ecosistema urbano, Belluno balza in avanti.\u00a0Padrin: \u00abCertificazione positiva, a Belluno si vive bene\u00bb - Bellunopress - Dolomiti<\/title>\n<meta name=\"robots\" content=\"index, follow, max-snippet:-1, max-image-preview:large, max-video-preview:-1\" \/>\n<link rel=\"canonical\" href=\"https:\/\/www.bellunopress.it\/fr\/2022\/11\/07\/qualita-della-vita-ed-ecosistema-urbano-belluno-balza-in-avanti-padrin-certificazione-positiva-a-belluno-si-vive-bene\/\" \/>\n<meta property=\"og:locale\" content=\"fr_FR\" \/>\n<meta property=\"og:type\" content=\"article\" \/>\n<meta property=\"og:title\" content=\"Qualit\u00e0 della vita ed Ecosistema urbano, Belluno balza in avanti.\u00a0Padrin: \u00abCertificazione positiva, a Belluno si vive bene\u00bb - Bellunopress - Dolomiti\" \/>\n<meta property=\"og:description\" content=\"\u00abIn provincia di Belluno si vive bene, c&#8217;\u00e8 lavoro e la qualit\u00e0 di vita creata dall&#8217;ambiente circostante \u00e8 elevata. Lo sappiamo al di l\u00e0 delle classifiche annuali. Dobbiamo condividere questa consapevolezza perch\u00e9 altri vengano ad abitare nelle nostre Dolomiti bellunesi. Lo spopolamento della montagna si contrasta anche cos\u00ec\u00bb. Lo dice il presidente della Provincia di [&hellip;]\" \/>\n<meta property=\"og:url\" content=\"https:\/\/www.bellunopress.it\/fr\/2022\/11\/07\/qualita-della-vita-ed-ecosistema-urbano-belluno-balza-in-avanti-padrin-certificazione-positiva-a-belluno-si-vive-bene\/\" \/>\n<meta property=\"og:site_name\" content=\"Bellunopress - Dolomiti\" \/>\n<meta property=\"article:publisher\" content=\"https:\/\/www.facebook.com\/profile.php?id=100008943462799\" \/>\n<meta property=\"article:published_time\" content=\"2022-11-07T16:06:02+00:00\" \/>\n<meta property=\"og:image\" content=\"https:\/\/www.bellunopress.it\/wp-content\/uploads\/2022\/11\/piazza-martiri-belluno_edited.jpg\" \/>\n\t<meta property=\"og:image:width\" content=\"1000\" \/>\n\t<meta property=\"og:image:height\" content=\"750\" \/>\n\t<meta property=\"og:image:type\" content=\"image\/jpeg\" \/>\n<meta name=\"author\" content=\"redazione\" \/>\n<meta name=\"twitter:card\" content=\"summary_large_image\" \/>\n<meta name=\"twitter:creator\" content=\"@bellunopress\" \/>\n<meta name=\"twitter:site\" content=\"@bellunopress\" \/>\n<meta name=\"twitter:label1\" content=\"Written by\" \/>\n\t<meta name=\"twitter:data1\" content=\"redazione\" \/>\n\t<meta name=\"twitter:label2\" content=\"Est. reading time\" \/>\n\t<meta name=\"twitter:data2\" content=\"3 minutes\" \/>\n<script type=\"application\/ld+json\" class=\"yoast-schema-graph\">{\"@context\":\"https:\\\/\\\/schema.org\",\"@graph\":[{\"@type\":\"Article\",\"@id\":\"https:\\\/\\\/www.bellunopress.it\\\/2022\\\/11\\\/07\\\/qualita-della-vita-ed-ecosistema-urbano-belluno-balza-in-avanti-padrin-certificazione-positiva-a-belluno-si-vive-bene\\\/#article\",\"isPartOf\":{\"@id\":\"https:\\\/\\\/www.bellunopress.it\\\/2022\\\/11\\\/07\\\/qualita-della-vita-ed-ecosistema-urbano-belluno-balza-in-avanti-padrin-certificazione-positiva-a-belluno-si-vive-bene\\\/\"},\"author\":{\"name\":\"redazione\",\"@id\":\"https:\\\/\\\/www.bellunopress.it\\\/#\\\/schema\\\/person\\\/79bb06722b37ece1c03d3e94beb30d73\"},\"headline\":\"Qualit\u00e0 della vita ed Ecosistema urbano, Belluno balza in avanti.\u00a0Padrin: \u00abCertificazione positiva, a Belluno si vive bene\u00bb\",\"datePublished\":\"2022-11-07T16:06:02+00:00\",\"mainEntityOfPage\":{\"@id\":\"https:\\\/\\\/www.bellunopress.it\\\/2022\\\/11\\\/07\\\/qualita-della-vita-ed-ecosistema-urbano-belluno-balza-in-avanti-padrin-certificazione-positiva-a-belluno-si-vive-bene\\\/\"},\"wordCount\":393,\"publisher\":{\"@id\":\"https:\\\/\\\/www.bellunopress.it\\\/#organization\"},\"image\":{\"@id\":\"https:\\\/\\\/www.bellunopress.it\\\/2022\\\/11\\\/07\\\/qualita-della-vita-ed-ecosistema-urbano-belluno-balza-in-avanti-padrin-certificazione-positiva-a-belluno-si-vive-bene\\\/#primaryimage\"},\"thumbnailUrl\":\"https:\\\/\\\/www.bellunopress.it\\\/wp-content\\\/uploads\\\/2022\\\/11\\\/piazza-martiri-belluno_edited.jpg\",\"articleSection\":[\"Cronaca\\\/Politica\",\"Prima Pagina\",\"Societ\u00e0, Associazioni, Istituzioni\"],\"inLanguage\":\"fr-FR\"},{\"@type\":\"WebPage\",\"@id\":\"https:\\\/\\\/www.bellunopress.it\\\/2022\\\/11\\\/07\\\/qualita-della-vita-ed-ecosistema-urbano-belluno-balza-in-avanti-padrin-certificazione-positiva-a-belluno-si-vive-bene\\\/\",\"url\":\"https:\\\/\\\/www.bellunopress.it\\\/2022\\\/11\\\/07\\\/qualita-della-vita-ed-ecosistema-urbano-belluno-balza-in-avanti-padrin-certificazione-positiva-a-belluno-si-vive-bene\\\/\",\"name\":\"Qualit\u00e0 della vita ed Ecosistema urbano, Belluno balza in avanti.\u00a0Padrin: \u00abCertificazione positiva, a Belluno si vive bene\u00bb - Bellunopress - Dolomiti\",\"isPartOf\":{\"@id\":\"https:\\\/\\\/www.bellunopress.it\\\/#website\"},\"primaryImageOfPage\":{\"@id\":\"https:\\\/\\\/www.bellunopress.it\\\/2022\\\/11\\\/07\\\/qualita-della-vita-ed-ecosistema-urbano-belluno-balza-in-avanti-padrin-certificazione-positiva-a-belluno-si-vive-bene\\\/#primaryimage\"},\"image\":{\"@id\":\"https:\\\/\\\/www.bellunopress.it\\\/2022\\\/11\\\/07\\\/qualita-della-vita-ed-ecosistema-urbano-belluno-balza-in-avanti-padrin-certificazione-positiva-a-belluno-si-vive-bene\\\/#primaryimage\"},\"thumbnailUrl\":\"https:\\\/\\\/www.bellunopress.it\\\/wp-content\\\/uploads\\\/2022\\\/11\\\/piazza-martiri-belluno_edited.jpg\",\"datePublished\":\"2022-11-07T16:06:02+00:00\",\"breadcrumb\":{\"@id\":\"https:\\\/\\\/www.bellunopress.it\\\/2022\\\/11\\\/07\\\/qualita-della-vita-ed-ecosistema-urbano-belluno-balza-in-avanti-padrin-certificazione-positiva-a-belluno-si-vive-bene\\\/#breadcrumb\"},\"inLanguage\":\"fr-FR\",\"potentialAction\":[{\"@type\":\"ReadAction\",\"target\":[\"https:\\\/\\\/www.bellunopress.it\\\/2022\\\/11\\\/07\\\/qualita-della-vita-ed-ecosistema-urbano-belluno-balza-in-avanti-padrin-certificazione-positiva-a-belluno-si-vive-bene\\\/\"]}]},{\"@type\":\"ImageObject\",\"inLanguage\":\"fr-FR\",\"@id\":\"https:\\\/\\\/www.bellunopress.it\\\/2022\\\/11\\\/07\\\/qualita-della-vita-ed-ecosistema-urbano-belluno-balza-in-avanti-padrin-certificazione-positiva-a-belluno-si-vive-bene\\\/#primaryimage\",\"url\":\"https:\\\/\\\/www.bellunopress.it\\\/wp-content\\\/uploads\\\/2022\\\/11\\\/piazza-martiri-belluno_edited.jpg\",\"contentUrl\":\"https:\\\/\\\/www.bellunopress.it\\\/wp-content\\\/uploads\\\/2022\\\/11\\\/piazza-martiri-belluno_edited.jpg\",\"width\":1000,\"height\":750,\"caption\":\"Belluno, piazza dei Martiri\"},{\"@type\":\"BreadcrumbList\",\"@id\":\"https:\\\/\\\/www.bellunopress.it\\\/2022\\\/11\\\/07\\\/qualita-della-vita-ed-ecosistema-urbano-belluno-balza-in-avanti-padrin-certificazione-positiva-a-belluno-si-vive-bene\\\/#breadcrumb\",\"itemListElement\":[{\"@type\":\"ListItem\",\"position\":1,\"name\":\"Home\",\"item\":\"https:\\\/\\\/www.bellunopress.it\\\/\"},{\"@type\":\"ListItem\",\"position\":2,\"name\":\"Qualit\u00e0 della vita ed Ecosistema urbano, Belluno balza in avanti.\u00a0Padrin: \u00abCertificazione positiva, a Belluno si vive bene\u00bb\"}]},{\"@type\":\"WebSite\",\"@id\":\"https:\\\/\\\/www.bellunopress.it\\\/#website\",\"url\":\"https:\\\/\\\/www.bellunopress.it\\\/\",\"name\":\"Bellunopress - Dolomiti\",\"description\":\"e-mail: redazione@bellunopress.it\",\"publisher\":{\"@id\":\"https:\\\/\\\/www.bellunopress.it\\\/#organization\"},\"potentialAction\":[{\"@type\":\"SearchAction\",\"target\":{\"@type\":\"EntryPoint\",\"urlTemplate\":\"https:\\\/\\\/www.bellunopress.it\\\/?s={search_term_string}\"},\"query-input\":{\"@type\":\"PropertyValueSpecification\",\"valueRequired\":true,\"valueName\":\"search_term_string\"}}],\"inLanguage\":\"fr-FR\"},{\"@type\":\"Organization\",\"@id\":\"https:\\\/\\\/www.bellunopress.it\\\/#organization\",\"name\":\"Bellunopress\",\"url\":\"https:\\\/\\\/www.bellunopress.it\\\/\",\"logo\":{\"@type\":\"ImageObject\",\"inLanguage\":\"fr-FR\",\"@id\":\"https:\\\/\\\/www.bellunopress.it\\\/#\\\/schema\\\/logo\\\/image\\\/\",\"url\":\"https:\\\/\\\/www.bellunopress.it\\\/wp-content\\\/uploads\\\/2011\\\/05\\\/cropped-logo-bellunopress-.jpg\",\"contentUrl\":\"https:\\\/\\\/www.bellunopress.it\\\/wp-content\\\/uploads\\\/2011\\\/05\\\/cropped-logo-bellunopress-.jpg\",\"width\":512,\"height\":512,\"caption\":\"Bellunopress\"},\"image\":{\"@id\":\"https:\\\/\\\/www.bellunopress.it\\\/#\\\/schema\\\/logo\\\/image\\\/\"},\"sameAs\":[\"https:\\\/\\\/www.facebook.com\\\/profile.php?id=100008943462799\",\"https:\\\/\\\/x.com\\\/bellunopress\",\"https:\\\/\\\/www.linkedin.com\\\/hp\\\/?dnr=JBzUWaJfMUw8vbXJJ2tVW5-I3jZKvC4wsoxE&amp;amp;amp;amp;amp;amp;trk=nav_responsive_tab_home\",\"https:\\\/\\\/www.youtube.com\\\/channel\\\/UCxL0wu1uN0_3_7hGG0306cw\"]},{\"@type\":\"Person\",\"@id\":\"https:\\\/\\\/www.bellunopress.it\\\/#\\\/schema\\\/person\\\/79bb06722b37ece1c03d3e94beb30d73\",\"name\":\"redazione\",\"image\":{\"@type\":\"ImageObject\",\"inLanguage\":\"fr-FR\",\"@id\":\"https:\\\/\\\/secure.gravatar.com\\\/avatar\\\/37d968a2e67a6fd04c169c4bdef102d0bc5d31b2546345219e348575eb80e9a0?s=96&d=mm&r=g\",\"url\":\"https:\\\/\\\/secure.gravatar.com\\\/avatar\\\/37d968a2e67a6fd04c169c4bdef102d0bc5d31b2546345219e348575eb80e9a0?s=96&d=mm&r=g\",\"contentUrl\":\"https:\\\/\\\/secure.gravatar.com\\\/avatar\\\/37d968a2e67a6fd04c169c4bdef102d0bc5d31b2546345219e348575eb80e9a0?s=96&d=mm&r=g\",\"caption\":\"redazione\"},\"sameAs\":[\"http:\\\/\\\/www.bellunopress.it\",\"https:\\\/\\\/x.com\\\/bellunopress\"],\"url\":\"https:\\\/\\\/www.bellunopress.it\\\/fr\\\/author\\\/redazione\\\/\"}]}<\/script>\n<!-- \/ Yoast SEO plugin. -->","yoast_head_json":{"title":"Qualit\u00e0 della vita ed Ecosistema urbano, Belluno balza in avanti.\u00a0Padrin: \u00abCertificazione positiva, a Belluno si vive bene\u00bb - Bellunopress - Dolomiti","robots":{"index":"index","follow":"follow","max-snippet":"max-snippet:-1","max-image-preview":"max-image-preview:large","max-video-preview":"max-video-preview:-1"},"canonical":"https:\/\/www.bellunopress.it\/fr\/2022\/11\/07\/qualita-della-vita-ed-ecosistema-urbano-belluno-balza-in-avanti-padrin-certificazione-positiva-a-belluno-si-vive-bene\/","og_locale":"fr_FR","og_type":"article","og_title":"Qualit\u00e0 della vita ed Ecosistema urbano, Belluno balza in avanti.\u00a0Padrin: \u00abCertificazione positiva, a Belluno si vive bene\u00bb - Bellunopress - Dolomiti","og_description":"\u00abIn provincia di Belluno si vive bene, c&#8217;\u00e8 lavoro e la qualit\u00e0 di vita creata dall&#8217;ambiente circostante \u00e8 elevata. Lo sappiamo al di l\u00e0 delle classifiche annuali. Dobbiamo condividere questa consapevolezza perch\u00e9 altri vengano ad abitare nelle nostre Dolomiti bellunesi. Lo spopolamento della montagna si contrasta anche cos\u00ec\u00bb. Lo dice il presidente della Provincia di [&hellip;]","og_url":"https:\/\/www.bellunopress.it\/fr\/2022\/11\/07\/qualita-della-vita-ed-ecosistema-urbano-belluno-balza-in-avanti-padrin-certificazione-positiva-a-belluno-si-vive-bene\/","og_site_name":"Bellunopress - Dolomiti","article_publisher":"https:\/\/www.facebook.com\/profile.php?id=100008943462799","article_published_time":"2022-11-07T16:06:02+00:00","og_image":[{"width":1000,"height":750,"url":"https:\/\/www.bellunopress.it\/wp-content\/uploads\/2022\/11\/piazza-martiri-belluno_edited.jpg","type":"image\/jpeg"}],"author":"redazione","twitter_card":"summary_large_image","twitter_creator":"@bellunopress","twitter_site":"@bellunopress","twitter_misc":{"Written by":"redazione","Est. reading time":"3 minutes"},"schema":{"@context":"https:\/\/schema.org","@graph":[{"@type":"Article","@id":"https:\/\/www.bellunopress.it\/2022\/11\/07\/qualita-della-vita-ed-ecosistema-urbano-belluno-balza-in-avanti-padrin-certificazione-positiva-a-belluno-si-vive-bene\/#article","isPartOf":{"@id":"https:\/\/www.bellunopress.it\/2022\/11\/07\/qualita-della-vita-ed-ecosistema-urbano-belluno-balza-in-avanti-padrin-certificazione-positiva-a-belluno-si-vive-bene\/"},"author":{"name":"redazione","@id":"https:\/\/www.bellunopress.it\/#\/schema\/person\/79bb06722b37ece1c03d3e94beb30d73"},"headline":"Qualit\u00e0 della vita ed Ecosistema urbano, Belluno balza in avanti.\u00a0Padrin: \u00abCertificazione positiva, a Belluno si vive bene\u00bb","datePublished":"2022-11-07T16:06:02+00:00","mainEntityOfPage":{"@id":"https:\/\/www.bellunopress.it\/2022\/11\/07\/qualita-della-vita-ed-ecosistema-urbano-belluno-balza-in-avanti-padrin-certificazione-positiva-a-belluno-si-vive-bene\/"},"wordCount":393,"publisher":{"@id":"https:\/\/www.bellunopress.it\/#organization"},"image":{"@id":"https:\/\/www.bellunopress.it\/2022\/11\/07\/qualita-della-vita-ed-ecosistema-urbano-belluno-balza-in-avanti-padrin-certificazione-positiva-a-belluno-si-vive-bene\/#primaryimage"},"thumbnailUrl":"https:\/\/www.bellunopress.it\/wp-content\/uploads\/2022\/11\/piazza-martiri-belluno_edited.jpg","articleSection":["Cronaca\/Politica","Prima Pagina","Societ\u00e0, Associazioni, Istituzioni"],"inLanguage":"fr-FR"},{"@type":"WebPage","@id":"https:\/\/www.bellunopress.it\/2022\/11\/07\/qualita-della-vita-ed-ecosistema-urbano-belluno-balza-in-avanti-padrin-certificazione-positiva-a-belluno-si-vive-bene\/","url":"https:\/\/www.bellunopress.it\/2022\/11\/07\/qualita-della-vita-ed-ecosistema-urbano-belluno-balza-in-avanti-padrin-certificazione-positiva-a-belluno-si-vive-bene\/","name":"Qualit\u00e0 della vita ed Ecosistema urbano, Belluno balza in avanti.\u00a0Padrin: \u00abCertificazione positiva, a Belluno si vive bene\u00bb - Bellunopress - Dolomiti","isPartOf":{"@id":"https:\/\/www.bellunopress.it\/#website"},"primaryImageOfPage":{"@id":"https:\/\/www.bellunopress.it\/2022\/11\/07\/qualita-della-vita-ed-ecosistema-urbano-belluno-balza-in-avanti-padrin-certificazione-positiva-a-belluno-si-vive-bene\/#primaryimage"},"image":{"@id":"https:\/\/www.bellunopress.it\/2022\/11\/07\/qualita-della-vita-ed-ecosistema-urbano-belluno-balza-in-avanti-padrin-certificazione-positiva-a-belluno-si-vive-bene\/#primaryimage"},"thumbnailUrl":"https:\/\/www.bellunopress.it\/wp-content\/uploads\/2022\/11\/piazza-martiri-belluno_edited.jpg","datePublished":"2022-11-07T16:06:02+00:00","breadcrumb":{"@id":"https:\/\/www.bellunopress.it\/2022\/11\/07\/qualita-della-vita-ed-ecosistema-urbano-belluno-balza-in-avanti-padrin-certificazione-positiva-a-belluno-si-vive-bene\/#breadcrumb"},"inLanguage":"fr-FR","potentialAction":[{"@type":"ReadAction","target":["https:\/\/www.bellunopress.it\/2022\/11\/07\/qualita-della-vita-ed-ecosistema-urbano-belluno-balza-in-avanti-padrin-certificazione-positiva-a-belluno-si-vive-bene\/"]}]},{"@type":"ImageObject","inLanguage":"fr-FR","@id":"https:\/\/www.bellunopress.it\/2022\/11\/07\/qualita-della-vita-ed-ecosistema-urbano-belluno-balza-in-avanti-padrin-certificazione-positiva-a-belluno-si-vive-bene\/#primaryimage","url":"https:\/\/www.bellunopress.it\/wp-content\/uploads\/2022\/11\/piazza-martiri-belluno_edited.jpg","contentUrl":"https:\/\/www.bellunopress.it\/wp-content\/uploads\/2022\/11\/piazza-martiri-belluno_edited.jpg","width":1000,"height":750,"caption":"Belluno, piazza dei Martiri"},{"@type":"BreadcrumbList","@id":"https:\/\/www.bellunopress.it\/2022\/11\/07\/qualita-della-vita-ed-ecosistema-urbano-belluno-balza-in-avanti-padrin-certificazione-positiva-a-belluno-si-vive-bene\/#breadcrumb","itemListElement":[{"@type":"ListItem","position":1,"name":"Home","item":"https:\/\/www.bellunopress.it\/"},{"@type":"ListItem","position":2,"name":"Qualit\u00e0 della vita ed Ecosistema urbano, Belluno balza in avanti.\u00a0Padrin: \u00abCertificazione positiva, a Belluno si vive bene\u00bb"}]},{"@type":"WebSite","@id":"https:\/\/www.bellunopress.it\/#website","url":"https:\/\/www.bellunopress.it\/","name":"Bellunopress - Dolomiti","description":"e-mail: redazione@bellunopress.it","publisher":{"@id":"https:\/\/www.bellunopress.it\/#organization"},"potentialAction":[{"@type":"SearchAction","target":{"@type":"EntryPoint","urlTemplate":"https:\/\/www.bellunopress.it\/?s={search_term_string}"},"query-input":{"@type":"PropertyValueSpecification","valueRequired":true,"valueName":"search_term_string"}}],"inLanguage":"fr-FR"},{"@type":"Organization","@id":"https:\/\/www.bellunopress.it\/#organization","name":"Bellunopress","url":"https:\/\/www.bellunopress.it\/","logo":{"@type":"ImageObject","inLanguage":"fr-FR","@id":"https:\/\/www.bellunopress.it\/#\/schema\/logo\/image\/","url":"https:\/\/www.bellunopress.it\/wp-content\/uploads\/2011\/05\/cropped-logo-bellunopress-.jpg","contentUrl":"https:\/\/www.bellunopress.it\/wp-content\/uploads\/2011\/05\/cropped-logo-bellunopress-.jpg","width":512,"height":512,"caption":"Bellunopress"},"image":{"@id":"https:\/\/www.bellunopress.it\/#\/schema\/logo\/image\/"},"sameAs":["https:\/\/www.facebook.com\/profile.php?id=100008943462799","https:\/\/x.com\/bellunopress","https:\/\/www.linkedin.com\/hp\/?dnr=JBzUWaJfMUw8vbXJJ2tVW5-I3jZKvC4wsoxE&amp;amp;amp;amp;amp;amp;trk=nav_responsive_tab_home","https:\/\/www.youtube.com\/channel\/UCxL0wu1uN0_3_7hGG0306cw"]},{"@type":"Person","@id":"https:\/\/www.bellunopress.it\/#\/schema\/person\/79bb06722b37ece1c03d3e94beb30d73","name":"r\u00e9daction","image":{"@type":"ImageObject","inLanguage":"fr-FR","@id":"https:\/\/secure.gravatar.com\/avatar\/37d968a2e67a6fd04c169c4bdef102d0bc5d31b2546345219e348575eb80e9a0?s=96&d=mm&r=g","url":"https:\/\/secure.gravatar.com\/avatar\/37d968a2e67a6fd04c169c4bdef102d0bc5d31b2546345219e348575eb80e9a0?s=96&d=mm&r=g","contentUrl":"https:\/\/secure.gravatar.com\/avatar\/37d968a2e67a6fd04c169c4bdef102d0bc5d31b2546345219e348575eb80e9a0?s=96&d=mm&r=g","caption":"redazione"},"sameAs":["http:\/\/www.bellunopress.it","https:\/\/x.com\/bellunopress"],"url":"https:\/\/www.bellunopress.it\/fr\/author\/redazione\/"}]}},"_links":{"self":[{"href":"https:\/\/www.bellunopress.it\/fr\/wp-json\/wp\/v2\/posts\/137535","targetHints":{"allow":["GET"]}}],"collection":[{"href":"https:\/\/www.bellunopress.it\/fr\/wp-json\/wp\/v2\/posts"}],"about":[{"href":"https:\/\/www.bellunopress.it\/fr\/wp-json\/wp\/v2\/types\/post"}],"author":[{"embeddable":true,"href":"https:\/\/www.bellunopress.it\/fr\/wp-json\/wp\/v2\/users\/2"}],"replies":[{"embeddable":true,"href":"https:\/\/www.bellunopress.it\/fr\/wp-json\/wp\/v2\/comments?post=137535"}],"version-history":[{"count":1,"href":"https:\/\/www.bellunopress.it\/fr\/wp-json\/wp\/v2\/posts\/137535\/revisions"}],"predecessor-version":[{"id":137537,"href":"https:\/\/www.bellunopress.it\/fr\/wp-json\/wp\/v2\/posts\/137535\/revisions\/137537"}],"wp:featuredmedia":[{"embeddable":true,"href":"https:\/\/www.bellunopress.it\/fr\/wp-json\/wp\/v2\/media\/137536"}],"wp:attachment":[{"href":"https:\/\/www.bellunopress.it\/fr\/wp-json\/wp\/v2\/media?parent=137535"}],"wp:term":[{"taxonomy":"category","embeddable":true,"href":"https:\/\/www.bellunopress.it\/fr\/wp-json\/wp\/v2\/categories?post=137535"},{"taxonomy":"post_tag","embeddable":true,"href":"https:\/\/www.bellunopress.it\/fr\/wp-json\/wp\/v2\/tags?post=137535"}],"curies":[{"name":"wp","href":"https:\/\/api.w.org\/{rel}","templated":true}]}}