{"id":137530,"date":"2022-11-07T13:51:30","date_gmt":"2022-11-07T12:51:30","guid":{"rendered":"https:\/\/www.bellunopress.it\/?p=137530"},"modified":"2022-11-07T13:51:30","modified_gmt":"2022-11-07T12:51:30","slug":"belluno-miraggi-stagione-teatrale-2022-2023","status":"publish","type":"post","link":"https:\/\/www.bellunopress.it\/fr\/2022\/11\/07\/belluno-miraggi-stagione-teatrale-2022-2023\/","title":{"rendered":"Belluno Miraggi, Stagione teatrale 2022\/2023"},"content":{"rendered":"<p><img loading=\"lazy\" decoding=\"async\" class=\"alignleft size-full wp-image-125311\" src=\"https:\/\/www.bellunopress.it\/wp-content\/uploads\/2021\/06\/teatro-comunale-1-piano_edited.jpg\" alt=\"\" width=\"800\" height=\"600\" srcset=\"https:\/\/www.bellunopress.it\/wp-content\/uploads\/2021\/06\/teatro-comunale-1-piano_edited.jpg 800w, https:\/\/www.bellunopress.it\/wp-content\/uploads\/2021\/06\/teatro-comunale-1-piano_edited-500x375.jpg 500w, https:\/\/www.bellunopress.it\/wp-content\/uploads\/2021\/06\/teatro-comunale-1-piano_edited-696x522.jpg 696w, https:\/\/www.bellunopress.it\/wp-content\/uploads\/2021\/06\/teatro-comunale-1-piano_edited-560x420.jpg 560w, https:\/\/www.bellunopress.it\/wp-content\/uploads\/2021\/06\/teatro-comunale-1-piano_edited-80x60.jpg 80w, https:\/\/www.bellunopress.it\/wp-content\/uploads\/2021\/06\/teatro-comunale-1-piano_edited-265x198.jpg 265w\" sizes=\"auto, (max-width: 800px) 100vw, 800px\" \/>Riparte l\u20191 di dicembre l\u2019VIII^ edizione di Belluno Miraggi, la Stagione Teatrale di prosa e contemporaneo di Belluno, stagione ideata e organizzata da SlowMachine in collaborazione con la Fondazione Teatri delle Dolomiti e il Comune di Belluno.<\/p>\n<p>Una Stagione che rinnova il desiderio di presentare al pubblico differenti linguaggi, guardando ai classici come materia viva, plasmabile, ma riflettendo sul contemporaneo e sulla sua complessit\u00e0, in relazione e dialogo con gli spettatori a cui si rivolge. Una stagione che guarda al passato con un nuovo sguardo e al futuro con desiderio di costante rinnovamento e ricerca, portando a Belluno importanti nomi del teatro internazionale.<br \/>\nIl programma, che accompagner\u00e0 gli spettatori da dicembre ad aprile, sempre all\u2019insegna della qualit\u00e0 artistica, va a costruire una stagione ricca ed articolata che presenta sei spettacoli pi\u00f9 una performance e i consueti incontri post spettacolo con gli artisti.<br \/>\nSaranno al Comunale nomi quali i Babilonia Teatri, che aprono l\u201911 di dicembre questa VIII edizione; il celebre regista greco Theodoros Terzopoulos, la Familie Fl\u00f6z; il Teatro degli Incamminati; la drammaturga e regista Fabiana Iacozzilli e inoltre, per festeggiare i dieci anni di SlowMachine, saranno realizzati due eventi speciali che ripercorrono il cammino svolto dalla compagnia bellunese, mettendo insieme punti particolarmente significativi della sua progettualit\u00e0 e ricerca artistica. Un evento a dicembre, la performance multimediale VideoDran, che verr\u00e0 replicata per tutto dicembre presso lo Studio SlowMachine e, a chiusura della stagione, il riallestimento dello spettacolo Notti nella sua nuova versione<\/p>\n<p>\u201cL\u2019VIII edizione di Belluno Miraggi cade nei dieci anni dell\u2019attivit\u00e0 di SlowMachine. L\u2019intreccio di questi due elementi, il numero otto &#8211; che se osservato da un altro punto di vista \u00e8 anche simbolo di infinito, dove inizio e fine si congiungono &#8211; e il decennale di SlowMachine, \u00e8 stato la guida per l\u2019ideazione di questa stagione, che ritorna al lavoro fatto, osservando il passato e allo stesso tempo si interroga su un futuro incerto.<br \/>\nElementi che ritornano in una dimensione circolare che ci riporta ad osservare le stesse cose con occhi diversi, cambiati dal tempo che \u00e8 passato, dalle vicende accadute e dalle nuove esperienze vissute, in un infinito scorrere che \u00e8 insieme ciclica fine e perenne inizio.\u201d<\/p>\n<p><strong>Rajeev Badhan &#8211; Direzione artistica Belluno Miraggi<\/strong><\/p>\n<p>L\u2019immagine dell\u2019VIII edizione di Belluno Miraggi \u00e8 stata realizzata da Ericailcane e le grafiche curate da Alberto Merlin.<\/p>\n<p>Abbonamenti e singoli spettacoli saranno acquistabili anche online. Maggiori informazioni consultando il sito www.slowmachine.org<\/p>\n<p><strong>Il programma\u00a0<\/strong><\/p>\n<p>Dall\u20191 al 31 dicembre (esclusi 25 e 26\/12)<br \/>\nVideoDran_SlowMachine<br \/>\nPERFORMANCE AUDIOVISIVA<br \/>\nStudio SlowMachine Via del Piave 4 ore 18:30<\/p>\n<p>Riallestimento dello spettacolo d\u2019esordio di SlowMachine del 2012.<br \/>\nUna parabola visiva sulla solitudine moderna e sulla modernit\u00e0 della solitudine. Il rapporto tra Uomo e multimedialit\u00e0, l\u2019educazione mediata delle generazioni future.<br \/>\nUn video-dramma, un video che agisce. Un video che e\u0300 dramma in senso teatrale, tragico.<\/p>\n<p>ideazione e regia Rajeev Badhan \/ con Elena Strada, Eliseo Cannone e Rajeev Badhan \/ Produzione SlowMachine<\/p>\n<p>Domenica 11 dicembre<br \/>\nPinocchio_Babilonia Teatri<br \/>\nTEATRO CONTEMPORANEO<br \/>\nPREMIO ASSOCIAZIONE NAZIONALE DEI CRITICI DI TEATRO 2013<br \/>\nBabilonia Teatri compagnia Leone d\u2019Argento alla Biennale di Venezia 2016 che da sempre vede nel teatro uno strumento vivo, sociale, di inclusione e provocazione, arriva a Belluno Miraggi con Pinocchio, il suo ironico e struggente spettacolo realizzato con pazienti usciti dal coma.<br \/>\nUn teatro dove la vita irrompe sulla scena con tutta la sua forza senza essere mediata dalla finzione. Dove l\u2019attore non attore mette in gioco il suo vissuto, la sua inconsapevolezza, la sua sincerit\u00e0.<br \/>\nLo spettacolo \u00e8 portato in scena da Babilonia assieme all\u2019Associazione Gli amici di Luca, da sempre legata alla Casa dei Risvegli \u201cLuca de Nigris\u201d di Bologna, centro di riabilitazione e di ricerca dedicato a giovani e adulti con esiti di coma e stato vegetativo.<br \/>\nPinocchio vive molteplici metamorfosi, di molte rinascite in altre forme. Anche chi si risveglia dal coma si trova cambiato profondamente.<br \/>\ndi Valeria Raimondi ed Enrico Castellani | con Enrico Castellani, Paolo Facchini, Luigi Ferrarini, Riccardo Sielli e Luca Scotton \/ collaborazione artistica Stefano Masotti e Vincenzo Todesco \/ scene, costumi, luci e audio Babilonia Teatri \/ organizzazione Babilonia Teatri e BaGS Entertainment \/ grafiche Franciu \/ foto di scena Marco Caselli Nirmal \/ produzione Babilonia Teatri \/ collaborazione Operaestate Festival Veneto con il Contributo di Comune di Bologna e Regione Emilia Romagna<\/p>\n<p>Sabato 28 Gennaio<br \/>\nHotel Paradiso_Familie Fl\u00f6z<br \/>\nTEATRO DI MASCHERA<\/p>\n<p>Lo spettacolo che ha fatto conoscere la compagnia tedesca al pubblico bellunese ritorna al Teatro Comunale, spettacolo che l\u2019ha resa celebre in tutto il mondo e che ha portato il suo unico e personalissimo linguaggio teatrale a diventare un vero e proprio fenomeno internazionale conquistando il pubblico di tutte le et\u00e0.<\/p>\n<p>La scorciatoia per il paradiso passa per l\u2019inferno. Un giallo sulle Alpi pieno di umorismo, sentimenti travolgenti e un tocco di melanconia.<br \/>\nStrane cose accadono nel tranquillo Hotel Paradiso, un piccolo albergo di montagna gestito con pugno di ferro dalla anziana capo-famiglia. Il figlio sogna il vero amore mentre combatte una dura battaglia con la sorella per mantenere il controllo sulla gestione dell\u2018albergo. La donna del piano ha un problema di cleptomania e il cuoco ha una passione, quella di macellare, non solo animali&#8230;Quando il primo cadavere affiora, tutto l\u2018albergo scivola in un vortice di strani avvenimenti. La chiusura dell\u2019albergo sembra a questo punto solo una questione di tempo. Si sa, un cadavere non porta mai bene.<\/p>\n<p>di Sebastian Kautz, Anna Kistel, Thomas Rascher, Frederik Rohn, Hajo Sch\u00fcler, Michael Vogel e Nicolas Witte \/ regia Michael Vogel \/ maschere Thomas Rascher, Hajo Sch\u00fcler \/ scene Michael Ottopal \/ costumi Eliseu R. Weide \/ sound design Dirk Schr\u00f6der \/ light design Reinhard Hubert \/ suono Florian M\u00f6nks, Thomas Wacker<\/p>\n<p>Sabato 18 febbraio<br \/>\nAspettando Godot _Theodoros Terzopoulos<\/p>\n<p>Aspettando Godot \u00e8 tra i pi\u00f9 celebri e misteriosi testi della scrittura del \u2018900. Theodoros Terzopoulos, il grande regista greco maestro della scena internazionale, lo usa come lente per decifrare l\u2019Altro che, dentro e fuori di noi, chiama all\u2019appello gli opposti: brama animalesca e tensione divina, pazzia e sogno, delirio e incubo. Uno spettacolo imperdibile che interroga la nostra stessa umanit\u00e0.<br \/>\nPer Terzopoulos Aspettando Godot \u00e8 ambientato sulle rovine del mondo, in un futuro pi\u00f9 o meno prossimo, in cui ogni ferita \u00e8 acuita. \u00c8 un viaggio verso il tentativo di coesistere con il prossimo e con l\u2019altro che \u00e8 in noi. Quali sono le condizioni minime perch\u00e9 una vita valga la pena di essere vissuta? L\u2019umanit\u00e0 pu\u00f2 emanciparsi senza abbattere i muri tra dentro e fuori?<\/p>\n<p>di Samuel Beckett \/ copyright Editions de Minuit \/ traduzione Carlo Fruttero<br \/>\nregia, scene, luci e costumi Theodoros Terzopoulos \/ con (in o.a.) Leonardo Capuano, Paolo Musio, Stefano Randisi, Enzo Vetrano e Giulio Germano Cervi nel ruolo del ragazzo \/ musiche Panayiotis Velianitis \/ assistente alla regia Giulio Germano Cervi \/ produzione Emilia Romagna Teatro ERT \/ Teatro Nazionale, Fondazione Teatro di Napoli &#8211; Teatro Bellini<\/p>\n<p>La commedia ASPETTANDO GODOT di Samuel Beckett \u00e8 rappresentata in Italia dall\u2019Agenzia D\u2019Arborio<\/p>\n<p>Sabato 11 Marzo<br \/>\nMatteotti Medley_Teatro degli Incamminati<br \/>\nTEATRO DI NARRAZIONE<br \/>\nLo spettacolo \u00e8 realizzato in collaborazione con l\u2019Associazione Tina Merlin.<br \/>\nIl 10 giugno del 1924 il deputato socialista Giacomo Matteotti veniva rapito e ucciso da un gruppo di \u201carditi\u201d del fascio milanese. Matteotti Medley \u00e8 un documentario teatrale che ripercorre questa storia. Una narrazione d\u2019un solo attore, ma a molteplici voci, che si espande in uno spazio scenico nitido, scarno e rigoroso: luogo dove il passato prende corpo attraverso corpo e voce dell\u2019interprete; dove il racconto documentale si fa testimonianza funambolica tra grande storia e piccole storie. E dove ognuno di noi e\u0300 chiamato a rispondere, come pu\u00f2 o come deve, alla domanda: che valore ha, per noi, oggi, la democrazia?<br \/>\ndocumentario teatrale a cura di e con Maurizio Donadoni \/ regia Paolo Bignamini \/ musiche eseguite dal vivo da Katerina Haidukova \/ scene e costumi studenti del Biennio di Scenografia dell\u2019Accademia di Brera coordinati da Edoardo Sanchi \/ musiche di Stefano Indino \/ disegno luci Pietro Bailo \/ produzione Teatro de Gli Incamminati\/deSidera<\/p>\n<p>Sabato 1 Aprile<br \/>\nUna cosa enorme_Fabiana Iacozzilli<br \/>\nTEATRO CONTEMPORANEO<\/p>\n<p>SPETTACOLO VINCITORE: LAST SEEN 2021 KRAPP&#8217;S LAST POST<br \/>\nIl desiderio di essere madre e il suo contrario, la capacit\u00e0 di prendersi cura sono il cuore del lavoro. In scena, una donna con una pancia enorme si muove nel suo spazio fatto di pochi oggetti tra i quali riesce ancora a essere s\u00e9 stessa: un frigorifero, una macchina del gas, una poltrona, una pianta morta. La donna \u00e8 in costante e paranoico ascolto di una minaccia che incombe dall\u2019alto. \u00c8 incinta da un tempo indefinito e da un tempo infinito cerca di tenere dentro di s\u00e9 il proprio pargolo, di impedirgli di venire al mondo.<br \/>\nUn oggetto emotivo che s\u2019interroga sulla paura e sul desiderio dell\u2019abbandonare s\u00e9 stessi alla cura di un altro essere umano. Un dispositivo in bilico tra la forma spettacolare e la performance.<br \/>\nChe peso ha nelle viscere di una donna l&#8217;essere e il non essere madre?<br \/>\ndi Fabiana Iacozzilli \/ con Marta Meneghetti, Roberto Montosi \/ scene Fiammetta Mandich \/ luci Luigi Biondi, Francesca Zerilli \/ suono Hubert Westkemper \/ produzione Cranpi, La Fabbrica dell\u2019Attore-Teatro Vascello Centro di Produzione Teatrale, Fondazione Sipario Toscana-Centro di Produzione teatrale, Carrozzerie | n.o.t \/ con il contributo di MiC \u2013 Ministero della Cultura, Regione Lazio &#8211; Direzione Regionale Cultura e Politiche Giovanili \u2013 Area Spettacolo dal Vivo<\/p>\n<p>Sabato 29 Aprile<br \/>\nNotti_SlowMachine<br \/>\nTEATRO CONTEMPORANEO<br \/>\nA partire da \u201cLe notti bianche\u201d di Dostoevskij e passando attraverso \u201cAmore liquido\u201d di Bauman, Elena Strada sviluppa una drammaturgia originale che si interroga sulla dimensione nell\u2019oggi di quell\u2019assoluto e fragile sentimento chiamato amore. Attraverso la regia di Rajeev Badhan, che mette in dialogo teatro, video, video live e una recitazione desaturata, ne nasce uno spettacolo dalla forte tensione visionaria in cui due e pi\u00f9 livelli visivi e temporali si intrecciano nella ricerca di un senso profondo delle relazioni ai nostri tempi. Riallestimento dello spettacolo debuttato nel 2019.<br \/>\nda Le notti bianche di Dostoevskij<br \/>\nregia Rajeev Badhan \/ drammaturgia Elena Strada \/ con Elena Strada, Alberto Baraghini e Ruggero Franceschini \/ luci e musiche Rajeev Badhan \/ scene Badhan\/Strada realizzate da Matteo Menegaz \/ produzione SlowMachine con il sostegno di Fondazione Teatri delle Dolomiti, Fondazione Cariverona e FUnder35<\/p>\n<p>INIZIO SPETTACOLI ORE 21:00<br \/>\nTeatro Comunale di Belluno<\/p>\n<p>PRENOTAZIONI<br \/>\nbiglietteria@slowmachine.org<br \/>\ntel. 328 9252116<br \/>\nBiglietteria online Vivaticket \u2013 Vedi sito www.slowmachine.org<\/p>\n<p>BIGLIETTI<\/p>\n<p>Spettacoli: \u201cHotel Paradiso\u201d del 28\/01 e \u201cAspettando Godot\u201d del 18\/02:<\/p>\n<p>Platea e Galleria Centrale:<br \/>\n&#8211; Intero 30 \u20ac<br \/>\n&#8211; Ridotto* 26 \u20ac<\/p>\n<p>Galleria Laterale e Loggione:<br \/>\n&#8211; Intero 20 \u20ac<br \/>\n&#8211; Ridotto* 16 \u20ac<\/p>\n<p>Spettacoli: \u201cPinocchio\u201d dell\u201911\/12, \u201cMatteotti Medley\u201d dell\u201911\/03, \u201cUna cosa enorme\u201d dell\u201901\/04 e \u201cNotti\u201d del 29\/04:<\/p>\n<p>Platea e Galleria Centrale:<br \/>\n&#8211; Intero 20 \u20ac<br \/>\n&#8211; Ridotto* 15 \u20ac<br \/>\nGalleria Laterale:<br \/>\n&#8211; Intero 15 \u20ac<br \/>\n&#8211; Ridotto* 12 \u20ac<\/p>\n<p>Spettacolo VideoDran<br \/>\n&#8211; Ingresso unico 4 \u20ac<\/p>\n<p>ABBONAMENTO<br \/>\n(6 spettacoli)<\/p>\n<p>Platea e Galleria Centrale:<br \/>\n&#8211; Intero 102 \u20ac<br \/>\n&#8211; Ridotto* 90 \u20ac<br \/>\nGalleria Laterale:<br \/>\n&#8211; Intero 81 \u20ac<br \/>\n&#8211; Ridotto* 69 \u20ac<\/p>\n<p>*Riduzioni fino ai 30 anni<\/p>\n<p>Per la Stagione Belluno Miraggi \u00e8 possibile usufruire del Bonus Cultura 18app e della Carta del Docente<\/p>\n<p>PRENOTAZIONI<br \/>\nbiglietteria@slowmachine.org<br \/>\ntel. 328 9252116<br \/>\nPossibilit\u00e0 di acquisto abbonamenti e biglietti online, indicazioni sul nostro sito<\/p>\n<p>BIGLIETTERIA<br \/>\n(Via del Piave 4, Belluno)<br \/>\nGli orari saranno consultabili sul nostro sito<\/p>\n<p>per maggiori informazioni:<br \/>\nwww.slowmachine.org<br \/>\nFacebook: SlowMachine\/Belluno Miraggi<\/p>\n<p>Belluno Miraggi \u00e8 un progetto di:<br \/>\nSlowMachine<\/p>\n<p>Con il sostegno di:<br \/>\nMibact, Fondazione Teatri delle Dolomiti, Associazione Tina Merlin<\/p>\n<p>Con il supporto di:<br \/>\nComune di Belluno<br \/>\nReteeventi<br \/>\nProvincia di Belluno<br \/>\nRegione Veneto<br \/>\nCircuito Biblioteche provinciali<\/p>\n<p>Sponsor:<br \/>\nFontana s.r.l.<br \/>\nVini Biasiotto<br \/>\nRistorante Il Moretto<\/p>","protected":false},"excerpt":{"rendered":"<p>Riparte l\u20191 di dicembre l\u2019VIII^ edizione di Belluno Miraggi, la Stagione Teatrale di prosa e contemporaneo di Belluno, stagione ideata e organizzata da SlowMachine in collaborazione con la Fondazione Teatri delle Dolomiti e il Comune di Belluno. Una Stagione che rinnova il desiderio di presentare al pubblico differenti linguaggi, guardando ai classici come materia viva, [&hellip;]<\/p>\n","protected":false},"author":2,"featured_media":125311,"comment_status":"closed","ping_status":"open","sticky":false,"template":"","format":"standard","meta":{"footnotes":""},"categories":[27,3,25],"tags":[],"class_list":["post-137530","post","type-post","status-publish","format-standard","has-post-thumbnail","category-appuntamenti","category-arte-cultura-spettacoli-scienza-archivi","category-pausa-caffe"],"yoast_head":"<!-- This site is optimized with the Yoast SEO plugin v28.4 - https:\/\/yoast.com\/product\/yoast-seo-wordpress\/ -->\n<title>Belluno Miraggi, Stagione teatrale 2022\/2023 - Bellunopress - Dolomiti<\/title>\n<meta name=\"robots\" content=\"index, follow, max-snippet:-1, max-image-preview:large, max-video-preview:-1\" \/>\n<link rel=\"canonical\" href=\"https:\/\/www.bellunopress.it\/fr\/2022\/11\/07\/belluno-miraggi-stagione-teatrale-2022-2023\/\" \/>\n<meta property=\"og:locale\" content=\"fr_FR\" \/>\n<meta property=\"og:type\" content=\"article\" \/>\n<meta property=\"og:title\" content=\"Belluno Miraggi, Stagione teatrale 2022\/2023 - Bellunopress - Dolomiti\" \/>\n<meta property=\"og:description\" content=\"Riparte l\u20191 di dicembre l\u2019VIII^ edizione di Belluno Miraggi, la Stagione Teatrale di prosa e contemporaneo di Belluno, stagione ideata e organizzata da SlowMachine in collaborazione con la Fondazione Teatri delle Dolomiti e il Comune di Belluno. Una Stagione che rinnova il desiderio di presentare al pubblico differenti linguaggi, guardando ai classici come materia viva, [&hellip;]\" \/>\n<meta property=\"og:url\" content=\"https:\/\/www.bellunopress.it\/fr\/2022\/11\/07\/belluno-miraggi-stagione-teatrale-2022-2023\/\" \/>\n<meta property=\"og:site_name\" content=\"Bellunopress - Dolomiti\" \/>\n<meta property=\"article:publisher\" content=\"https:\/\/www.facebook.com\/profile.php?id=100008943462799\" \/>\n<meta property=\"article:published_time\" content=\"2022-11-07T12:51:30+00:00\" \/>\n<meta property=\"og:image\" content=\"https:\/\/www.bellunopress.it\/wp-content\/uploads\/2021\/06\/teatro-comunale-1-piano_edited.jpg\" \/>\n\t<meta property=\"og:image:width\" content=\"800\" \/>\n\t<meta property=\"og:image:height\" content=\"600\" \/>\n\t<meta property=\"og:image:type\" content=\"image\/jpeg\" \/>\n<meta name=\"author\" content=\"redazione\" \/>\n<meta name=\"twitter:card\" content=\"summary_large_image\" \/>\n<meta name=\"twitter:creator\" content=\"@bellunopress\" \/>\n<meta name=\"twitter:site\" content=\"@bellunopress\" \/>\n<meta name=\"twitter:label1\" content=\"Written by\" \/>\n\t<meta name=\"twitter:data1\" content=\"redazione\" \/>\n\t<meta name=\"twitter:label2\" content=\"Est. reading time\" \/>\n\t<meta name=\"twitter:data2\" content=\"11 minutes\" \/>\n<script type=\"application\/ld+json\" class=\"yoast-schema-graph\">{\"@context\":\"https:\\\/\\\/schema.org\",\"@graph\":[{\"@type\":\"Article\",\"@id\":\"https:\\\/\\\/www.bellunopress.it\\\/2022\\\/11\\\/07\\\/belluno-miraggi-stagione-teatrale-2022-2023\\\/#article\",\"isPartOf\":{\"@id\":\"https:\\\/\\\/www.bellunopress.it\\\/2022\\\/11\\\/07\\\/belluno-miraggi-stagione-teatrale-2022-2023\\\/\"},\"author\":{\"name\":\"redazione\",\"@id\":\"https:\\\/\\\/www.bellunopress.it\\\/#\\\/schema\\\/person\\\/79bb06722b37ece1c03d3e94beb30d73\"},\"headline\":\"Belluno Miraggi, Stagione teatrale 2022\\\/2023\",\"datePublished\":\"2022-11-07T12:51:30+00:00\",\"mainEntityOfPage\":{\"@id\":\"https:\\\/\\\/www.bellunopress.it\\\/2022\\\/11\\\/07\\\/belluno-miraggi-stagione-teatrale-2022-2023\\\/\"},\"wordCount\":1869,\"publisher\":{\"@id\":\"https:\\\/\\\/www.bellunopress.it\\\/#organization\"},\"image\":{\"@id\":\"https:\\\/\\\/www.bellunopress.it\\\/2022\\\/11\\\/07\\\/belluno-miraggi-stagione-teatrale-2022-2023\\\/#primaryimage\"},\"thumbnailUrl\":\"https:\\\/\\\/www.bellunopress.it\\\/wp-content\\\/uploads\\\/2021\\\/06\\\/teatro-comunale-1-piano_edited.jpg\",\"articleSection\":[\"Appuntamenti, Eventi\",\"Arte, Cultura, Spettacoli, Scienza\",\"Pausa Caff\u00e8\"],\"inLanguage\":\"fr-FR\"},{\"@type\":\"WebPage\",\"@id\":\"https:\\\/\\\/www.bellunopress.it\\\/2022\\\/11\\\/07\\\/belluno-miraggi-stagione-teatrale-2022-2023\\\/\",\"url\":\"https:\\\/\\\/www.bellunopress.it\\\/2022\\\/11\\\/07\\\/belluno-miraggi-stagione-teatrale-2022-2023\\\/\",\"name\":\"Belluno Miraggi, Stagione teatrale 2022\\\/2023 - Bellunopress - Dolomiti\",\"isPartOf\":{\"@id\":\"https:\\\/\\\/www.bellunopress.it\\\/#website\"},\"primaryImageOfPage\":{\"@id\":\"https:\\\/\\\/www.bellunopress.it\\\/2022\\\/11\\\/07\\\/belluno-miraggi-stagione-teatrale-2022-2023\\\/#primaryimage\"},\"image\":{\"@id\":\"https:\\\/\\\/www.bellunopress.it\\\/2022\\\/11\\\/07\\\/belluno-miraggi-stagione-teatrale-2022-2023\\\/#primaryimage\"},\"thumbnailUrl\":\"https:\\\/\\\/www.bellunopress.it\\\/wp-content\\\/uploads\\\/2021\\\/06\\\/teatro-comunale-1-piano_edited.jpg\",\"datePublished\":\"2022-11-07T12:51:30+00:00\",\"breadcrumb\":{\"@id\":\"https:\\\/\\\/www.bellunopress.it\\\/2022\\\/11\\\/07\\\/belluno-miraggi-stagione-teatrale-2022-2023\\\/#breadcrumb\"},\"inLanguage\":\"fr-FR\",\"potentialAction\":[{\"@type\":\"ReadAction\",\"target\":[\"https:\\\/\\\/www.bellunopress.it\\\/2022\\\/11\\\/07\\\/belluno-miraggi-stagione-teatrale-2022-2023\\\/\"]}]},{\"@type\":\"ImageObject\",\"inLanguage\":\"fr-FR\",\"@id\":\"https:\\\/\\\/www.bellunopress.it\\\/2022\\\/11\\\/07\\\/belluno-miraggi-stagione-teatrale-2022-2023\\\/#primaryimage\",\"url\":\"https:\\\/\\\/www.bellunopress.it\\\/wp-content\\\/uploads\\\/2021\\\/06\\\/teatro-comunale-1-piano_edited.jpg\",\"contentUrl\":\"https:\\\/\\\/www.bellunopress.it\\\/wp-content\\\/uploads\\\/2021\\\/06\\\/teatro-comunale-1-piano_edited.jpg\",\"width\":800,\"height\":600,\"caption\":\"Teatro Comunale di Belluno\"},{\"@type\":\"BreadcrumbList\",\"@id\":\"https:\\\/\\\/www.bellunopress.it\\\/2022\\\/11\\\/07\\\/belluno-miraggi-stagione-teatrale-2022-2023\\\/#breadcrumb\",\"itemListElement\":[{\"@type\":\"ListItem\",\"position\":1,\"name\":\"Home\",\"item\":\"https:\\\/\\\/www.bellunopress.it\\\/\"},{\"@type\":\"ListItem\",\"position\":2,\"name\":\"Belluno Miraggi, Stagione teatrale 2022\\\/2023\"}]},{\"@type\":\"WebSite\",\"@id\":\"https:\\\/\\\/www.bellunopress.it\\\/#website\",\"url\":\"https:\\\/\\\/www.bellunopress.it\\\/\",\"name\":\"Bellunopress - Dolomiti\",\"description\":\"e-mail: redazione@bellunopress.it\",\"publisher\":{\"@id\":\"https:\\\/\\\/www.bellunopress.it\\\/#organization\"},\"potentialAction\":[{\"@type\":\"SearchAction\",\"target\":{\"@type\":\"EntryPoint\",\"urlTemplate\":\"https:\\\/\\\/www.bellunopress.it\\\/?s={search_term_string}\"},\"query-input\":{\"@type\":\"PropertyValueSpecification\",\"valueRequired\":true,\"valueName\":\"search_term_string\"}}],\"inLanguage\":\"fr-FR\"},{\"@type\":\"Organization\",\"@id\":\"https:\\\/\\\/www.bellunopress.it\\\/#organization\",\"name\":\"Bellunopress\",\"url\":\"https:\\\/\\\/www.bellunopress.it\\\/\",\"logo\":{\"@type\":\"ImageObject\",\"inLanguage\":\"fr-FR\",\"@id\":\"https:\\\/\\\/www.bellunopress.it\\\/#\\\/schema\\\/logo\\\/image\\\/\",\"url\":\"https:\\\/\\\/www.bellunopress.it\\\/wp-content\\\/uploads\\\/2011\\\/05\\\/cropped-logo-bellunopress-.jpg\",\"contentUrl\":\"https:\\\/\\\/www.bellunopress.it\\\/wp-content\\\/uploads\\\/2011\\\/05\\\/cropped-logo-bellunopress-.jpg\",\"width\":512,\"height\":512,\"caption\":\"Bellunopress\"},\"image\":{\"@id\":\"https:\\\/\\\/www.bellunopress.it\\\/#\\\/schema\\\/logo\\\/image\\\/\"},\"sameAs\":[\"https:\\\/\\\/www.facebook.com\\\/profile.php?id=100008943462799\",\"https:\\\/\\\/x.com\\\/bellunopress\",\"https:\\\/\\\/www.linkedin.com\\\/hp\\\/?dnr=JBzUWaJfMUw8vbXJJ2tVW5-I3jZKvC4wsoxE&amp;amp;amp;amp;amp;amp;trk=nav_responsive_tab_home\",\"https:\\\/\\\/www.youtube.com\\\/channel\\\/UCxL0wu1uN0_3_7hGG0306cw\"]},{\"@type\":\"Person\",\"@id\":\"https:\\\/\\\/www.bellunopress.it\\\/#\\\/schema\\\/person\\\/79bb06722b37ece1c03d3e94beb30d73\",\"name\":\"redazione\",\"image\":{\"@type\":\"ImageObject\",\"inLanguage\":\"fr-FR\",\"@id\":\"https:\\\/\\\/secure.gravatar.com\\\/avatar\\\/37d968a2e67a6fd04c169c4bdef102d0bc5d31b2546345219e348575eb80e9a0?s=96&d=mm&r=g\",\"url\":\"https:\\\/\\\/secure.gravatar.com\\\/avatar\\\/37d968a2e67a6fd04c169c4bdef102d0bc5d31b2546345219e348575eb80e9a0?s=96&d=mm&r=g\",\"contentUrl\":\"https:\\\/\\\/secure.gravatar.com\\\/avatar\\\/37d968a2e67a6fd04c169c4bdef102d0bc5d31b2546345219e348575eb80e9a0?s=96&d=mm&r=g\",\"caption\":\"redazione\"},\"sameAs\":[\"http:\\\/\\\/www.bellunopress.it\",\"https:\\\/\\\/x.com\\\/bellunopress\"],\"url\":\"https:\\\/\\\/www.bellunopress.it\\\/fr\\\/author\\\/redazione\\\/\"}]}<\/script>\n<!-- \/ Yoast SEO plugin. -->","yoast_head_json":{"title":"Belluno Miraggi, Stagione teatrale 2022\/2023 - Bellunopress - Dolomiti","robots":{"index":"index","follow":"follow","max-snippet":"max-snippet:-1","max-image-preview":"max-image-preview:large","max-video-preview":"max-video-preview:-1"},"canonical":"https:\/\/www.bellunopress.it\/fr\/2022\/11\/07\/belluno-miraggi-stagione-teatrale-2022-2023\/","og_locale":"fr_FR","og_type":"article","og_title":"Belluno Miraggi, Stagione teatrale 2022\/2023 - Bellunopress - Dolomiti","og_description":"Riparte l\u20191 di dicembre l\u2019VIII^ edizione di Belluno Miraggi, la Stagione Teatrale di prosa e contemporaneo di Belluno, stagione ideata e organizzata da SlowMachine in collaborazione con la Fondazione Teatri delle Dolomiti e il Comune di Belluno. Una Stagione che rinnova il desiderio di presentare al pubblico differenti linguaggi, guardando ai classici come materia viva, [&hellip;]","og_url":"https:\/\/www.bellunopress.it\/fr\/2022\/11\/07\/belluno-miraggi-stagione-teatrale-2022-2023\/","og_site_name":"Bellunopress - Dolomiti","article_publisher":"https:\/\/www.facebook.com\/profile.php?id=100008943462799","article_published_time":"2022-11-07T12:51:30+00:00","og_image":[{"width":800,"height":600,"url":"https:\/\/www.bellunopress.it\/wp-content\/uploads\/2021\/06\/teatro-comunale-1-piano_edited.jpg","type":"image\/jpeg"}],"author":"redazione","twitter_card":"summary_large_image","twitter_creator":"@bellunopress","twitter_site":"@bellunopress","twitter_misc":{"Written by":"redazione","Est. reading time":"11 minutes"},"schema":{"@context":"https:\/\/schema.org","@graph":[{"@type":"Article","@id":"https:\/\/www.bellunopress.it\/2022\/11\/07\/belluno-miraggi-stagione-teatrale-2022-2023\/#article","isPartOf":{"@id":"https:\/\/www.bellunopress.it\/2022\/11\/07\/belluno-miraggi-stagione-teatrale-2022-2023\/"},"author":{"name":"redazione","@id":"https:\/\/www.bellunopress.it\/#\/schema\/person\/79bb06722b37ece1c03d3e94beb30d73"},"headline":"Belluno Miraggi, Stagione teatrale 2022\/2023","datePublished":"2022-11-07T12:51:30+00:00","mainEntityOfPage":{"@id":"https:\/\/www.bellunopress.it\/2022\/11\/07\/belluno-miraggi-stagione-teatrale-2022-2023\/"},"wordCount":1869,"publisher":{"@id":"https:\/\/www.bellunopress.it\/#organization"},"image":{"@id":"https:\/\/www.bellunopress.it\/2022\/11\/07\/belluno-miraggi-stagione-teatrale-2022-2023\/#primaryimage"},"thumbnailUrl":"https:\/\/www.bellunopress.it\/wp-content\/uploads\/2021\/06\/teatro-comunale-1-piano_edited.jpg","articleSection":["Appuntamenti, Eventi","Arte, Cultura, Spettacoli, Scienza","Pausa Caff\u00e8"],"inLanguage":"fr-FR"},{"@type":"WebPage","@id":"https:\/\/www.bellunopress.it\/2022\/11\/07\/belluno-miraggi-stagione-teatrale-2022-2023\/","url":"https:\/\/www.bellunopress.it\/2022\/11\/07\/belluno-miraggi-stagione-teatrale-2022-2023\/","name":"Belluno Miraggi, Stagione teatrale 2022\/2023 - Bellunopress - Dolomiti","isPartOf":{"@id":"https:\/\/www.bellunopress.it\/#website"},"primaryImageOfPage":{"@id":"https:\/\/www.bellunopress.it\/2022\/11\/07\/belluno-miraggi-stagione-teatrale-2022-2023\/#primaryimage"},"image":{"@id":"https:\/\/www.bellunopress.it\/2022\/11\/07\/belluno-miraggi-stagione-teatrale-2022-2023\/#primaryimage"},"thumbnailUrl":"https:\/\/www.bellunopress.it\/wp-content\/uploads\/2021\/06\/teatro-comunale-1-piano_edited.jpg","datePublished":"2022-11-07T12:51:30+00:00","breadcrumb":{"@id":"https:\/\/www.bellunopress.it\/2022\/11\/07\/belluno-miraggi-stagione-teatrale-2022-2023\/#breadcrumb"},"inLanguage":"fr-FR","potentialAction":[{"@type":"ReadAction","target":["https:\/\/www.bellunopress.it\/2022\/11\/07\/belluno-miraggi-stagione-teatrale-2022-2023\/"]}]},{"@type":"ImageObject","inLanguage":"fr-FR","@id":"https:\/\/www.bellunopress.it\/2022\/11\/07\/belluno-miraggi-stagione-teatrale-2022-2023\/#primaryimage","url":"https:\/\/www.bellunopress.it\/wp-content\/uploads\/2021\/06\/teatro-comunale-1-piano_edited.jpg","contentUrl":"https:\/\/www.bellunopress.it\/wp-content\/uploads\/2021\/06\/teatro-comunale-1-piano_edited.jpg","width":800,"height":600,"caption":"Teatro Comunale di Belluno"},{"@type":"BreadcrumbList","@id":"https:\/\/www.bellunopress.it\/2022\/11\/07\/belluno-miraggi-stagione-teatrale-2022-2023\/#breadcrumb","itemListElement":[{"@type":"ListItem","position":1,"name":"Home","item":"https:\/\/www.bellunopress.it\/"},{"@type":"ListItem","position":2,"name":"Belluno Miraggi, Stagione teatrale 2022\/2023"}]},{"@type":"WebSite","@id":"https:\/\/www.bellunopress.it\/#website","url":"https:\/\/www.bellunopress.it\/","name":"Bellunopress - Dolomiti","description":"e-mail: redazione@bellunopress.it","publisher":{"@id":"https:\/\/www.bellunopress.it\/#organization"},"potentialAction":[{"@type":"SearchAction","target":{"@type":"EntryPoint","urlTemplate":"https:\/\/www.bellunopress.it\/?s={search_term_string}"},"query-input":{"@type":"PropertyValueSpecification","valueRequired":true,"valueName":"search_term_string"}}],"inLanguage":"fr-FR"},{"@type":"Organization","@id":"https:\/\/www.bellunopress.it\/#organization","name":"Bellunopress","url":"https:\/\/www.bellunopress.it\/","logo":{"@type":"ImageObject","inLanguage":"fr-FR","@id":"https:\/\/www.bellunopress.it\/#\/schema\/logo\/image\/","url":"https:\/\/www.bellunopress.it\/wp-content\/uploads\/2011\/05\/cropped-logo-bellunopress-.jpg","contentUrl":"https:\/\/www.bellunopress.it\/wp-content\/uploads\/2011\/05\/cropped-logo-bellunopress-.jpg","width":512,"height":512,"caption":"Bellunopress"},"image":{"@id":"https:\/\/www.bellunopress.it\/#\/schema\/logo\/image\/"},"sameAs":["https:\/\/www.facebook.com\/profile.php?id=100008943462799","https:\/\/x.com\/bellunopress","https:\/\/www.linkedin.com\/hp\/?dnr=JBzUWaJfMUw8vbXJJ2tVW5-I3jZKvC4wsoxE&amp;amp;amp;amp;amp;amp;trk=nav_responsive_tab_home","https:\/\/www.youtube.com\/channel\/UCxL0wu1uN0_3_7hGG0306cw"]},{"@type":"Person","@id":"https:\/\/www.bellunopress.it\/#\/schema\/person\/79bb06722b37ece1c03d3e94beb30d73","name":"r\u00e9daction","image":{"@type":"ImageObject","inLanguage":"fr-FR","@id":"https:\/\/secure.gravatar.com\/avatar\/37d968a2e67a6fd04c169c4bdef102d0bc5d31b2546345219e348575eb80e9a0?s=96&d=mm&r=g","url":"https:\/\/secure.gravatar.com\/avatar\/37d968a2e67a6fd04c169c4bdef102d0bc5d31b2546345219e348575eb80e9a0?s=96&d=mm&r=g","contentUrl":"https:\/\/secure.gravatar.com\/avatar\/37d968a2e67a6fd04c169c4bdef102d0bc5d31b2546345219e348575eb80e9a0?s=96&d=mm&r=g","caption":"redazione"},"sameAs":["http:\/\/www.bellunopress.it","https:\/\/x.com\/bellunopress"],"url":"https:\/\/www.bellunopress.it\/fr\/author\/redazione\/"}]}},"_links":{"self":[{"href":"https:\/\/www.bellunopress.it\/fr\/wp-json\/wp\/v2\/posts\/137530","targetHints":{"allow":["GET"]}}],"collection":[{"href":"https:\/\/www.bellunopress.it\/fr\/wp-json\/wp\/v2\/posts"}],"about":[{"href":"https:\/\/www.bellunopress.it\/fr\/wp-json\/wp\/v2\/types\/post"}],"author":[{"embeddable":true,"href":"https:\/\/www.bellunopress.it\/fr\/wp-json\/wp\/v2\/users\/2"}],"replies":[{"embeddable":true,"href":"https:\/\/www.bellunopress.it\/fr\/wp-json\/wp\/v2\/comments?post=137530"}],"version-history":[{"count":1,"href":"https:\/\/www.bellunopress.it\/fr\/wp-json\/wp\/v2\/posts\/137530\/revisions"}],"predecessor-version":[{"id":137531,"href":"https:\/\/www.bellunopress.it\/fr\/wp-json\/wp\/v2\/posts\/137530\/revisions\/137531"}],"wp:featuredmedia":[{"embeddable":true,"href":"https:\/\/www.bellunopress.it\/fr\/wp-json\/wp\/v2\/media\/125311"}],"wp:attachment":[{"href":"https:\/\/www.bellunopress.it\/fr\/wp-json\/wp\/v2\/media?parent=137530"}],"wp:term":[{"taxonomy":"category","embeddable":true,"href":"https:\/\/www.bellunopress.it\/fr\/wp-json\/wp\/v2\/categories?post=137530"},{"taxonomy":"post_tag","embeddable":true,"href":"https:\/\/www.bellunopress.it\/fr\/wp-json\/wp\/v2\/tags?post=137530"}],"curies":[{"name":"wp","href":"https:\/\/api.w.org\/{rel}","templated":true}]}}