{"id":137522,"date":"2022-11-07T09:31:21","date_gmt":"2022-11-07T08:31:21","guid":{"rendered":"https:\/\/www.bellunopress.it\/?p=137522"},"modified":"2022-11-07T09:31:21","modified_gmt":"2022-11-07T08:31:21","slug":"sequestrato-dalla-guardia-di-finanza-di-treviso-un-opificio-tessile-gestito-da-stranieri-accertate-evasioni-fiscali-per-26-milioni","status":"publish","type":"post","link":"https:\/\/www.bellunopress.it\/fr\/2022\/11\/07\/sequestrato-dalla-guardia-di-finanza-di-treviso-un-opificio-tessile-gestito-da-stranieri-accertate-evasioni-fiscali-per-26-milioni\/","title":{"rendered":"Sequestrato dalla Guardia di finanza di Treviso un opificio tessile gestito da stranieri. Accertate evasioni fiscali per 2,6 milioni"},"content":{"rendered":"<p><img loading=\"lazy\" decoding=\"async\" class=\"alignleft size-full wp-image-129946\" src=\"https:\/\/www.bellunopress.it\/wp-content\/uploads\/2021\/12\/Guardia-di-Finanza-1_edited.jpg\" alt=\"\" width=\"1000\" height=\"521\" srcset=\"https:\/\/www.bellunopress.it\/wp-content\/uploads\/2021\/12\/Guardia-di-Finanza-1_edited.jpg 1000w, https:\/\/www.bellunopress.it\/wp-content\/uploads\/2021\/12\/Guardia-di-Finanza-1_edited-500x261.jpg 500w, https:\/\/www.bellunopress.it\/wp-content\/uploads\/2021\/12\/Guardia-di-Finanza-1_edited-696x363.jpg 696w, https:\/\/www.bellunopress.it\/wp-content\/uploads\/2021\/12\/Guardia-di-Finanza-1_edited-806x420.jpg 806w\" sizes=\"auto, (max-width: 1000px) 100vw, 1000px\" \/>Le Fiamme Gialle del Comando Provinciale di Treviso hanno sequestrato un laboratorio tessile, del valore commerciale di circa 100.000 euro, gestito in condizioni di degrado e con diversi fattori di pericolo per la salute e la sicurezza dei lavoratori.<br \/>\nDurante l\u2019intervento, i finanzieri del Gruppo di Treviso hanno anche posto i sigilli a 30 metri cubi di scarti tessili, sparsi in ogni angolo dei locali aziendali (in particolare nell\u2019autorimessa, adibita di fatto a discarica) e a 21 macchinari per la lavorazione dei capi d\u2019abbigliamento, tra cui macchine da cucire, banchi da stiro e da lavoro, una pressa per bottoni.<br \/>\nIl laboratorio, delle dimensioni di circa 300 metri quadri, nel comune di Morgano, era privo di ventilazione e uscite di sicurezza, carente dei pi\u00f9 basilari requisiti igienico-sanitari e delle misure per il corretto smaltimento degli scarti di lavorazione e volte a prevenire gli incendi e tutelare l\u2019incolumit\u00e0 dei lavoratori.<br \/>\nTra le irregolarit\u00e0 \u00e8 emersa anche l\u2019assenza di illuminazione, atteso che tutte le finestre dell\u2019opificio erano oscurate da teli in tessuto, per non mostrare come il laboratorio fosse attivo anche in ore notturne.<br \/>\nPertanto, l\u2019amministratore della ditta, che operava sulla base di commesse ricevute da imprese locali, \u00e8 stato denunciato alla Procura della Repubblica di Treviso, per la violazione delle norme sulla prevenzione dei rischi nei luoghi di lavoro e per aver realizzato, all\u2019esterno e all\u2019interno dell\u2019area produttiva, un deposito incontrollato di rifiuti speciali.<br \/>\nIl sequestro d\u2019urgenza, eseguito con il supporto del Comando Provinciale dei Vigili del Fuoco di Treviso, dello S.P.I.S.A.L. \u2013 ULSS 2 Marca Trevigiana, dell\u2019A.R.P.A.V. di Treviso, del personale tecnico del comune interessato e del Comando Intercomunale della Polizia Locale di Istrana e Morgano, \u00e8 stato convalidato dal Tribunale di Treviso, sulla base del grave quadro indiziario acquisito.<br \/>\nLa ricostruzione delle aziende che nel tempo hanno gestito il laboratorio tessile, con un volume d\u2019affari medio di circa 500 mila euro, ha permesso peraltro di verificare che, prima dell\u2019attuale ditta, costituita nell\u2019agosto 2022, a occuparsi delle produzioni tessili sono state altre nove imprese, le quali, a partire dal 2009, si sono succedute in media ogni 1 o 2 anni, dopo aver maturato rilevanti debiti con il Fisco.<br \/>\nSi tratte di vere e proprie imprese \u201cApri e chiudi\u201d che, dopo essere divenute insolventi con l\u2019Amministrazione Finanziaria, hanno trasferito personale e macchinari nella successiva impresa costituita \u201cad hoc\u201d, che ha continuato a operare sempre nello stesso luogo, con gli stessi clienti e fornitori, cambiando solo il nome e la partita IVA.<br \/>\nEmblematica la circostanza che le aziende, tutte gestite da cittadini stranieri, abbiano accumulato, in 13 anni, debiti con l\u2019Erario per oltre 2,6 milioni di euro.<br \/>\nL\u2019operazione della Guardia di Finanza di Treviso ha avuto il fine di tutelare la salute dei lavoratori e di colpire il comportamento di chi agisce nel mercato in modo sleale, a beneficio degli operatori economici onesti e rispettosi delle regole: lo sfruttamento dei lavoratori, senza rispettare le pi\u00f9 elementari norme in materia di sicurezza, l\u2019illecito smaltimento di rifiuti e il sistematico ricorso a imprese \u201cdi comodo\u201d, costituite una dopo l\u2019altra per favorire l\u2019evasione fiscale, consente di applicare prezzi altamente competitivi, in danno delle imprese che operano rispettando la legge, costrette a sostenere costi maggiori.<\/p>","protected":false},"excerpt":{"rendered":"<p>Le Fiamme Gialle del Comando Provinciale di Treviso hanno sequestrato un laboratorio tessile, del valore commerciale di circa 100.000 euro, gestito in condizioni di degrado e con diversi fattori di pericolo per la salute e la sicurezza dei lavoratori. Durante l\u2019intervento, i finanzieri del Gruppo di Treviso hanno anche posto i sigilli a 30 metri [&hellip;]<\/p>\n","protected":false},"author":2,"featured_media":129946,"comment_status":"closed","ping_status":"open","sticky":false,"template":"","format":"standard","meta":{"footnotes":""},"categories":[5,26],"tags":[],"class_list":["post-137522","post","type-post","status-publish","format-standard","has-post-thumbnail","category-cronaca","category-prima-pagina"],"yoast_head":"<!-- This site is optimized with the Yoast SEO plugin v28.4 - https:\/\/yoast.com\/product\/yoast-seo-wordpress\/ -->\n<title>Sequestrato dalla Guardia di finanza di Treviso un opificio tessile gestito da stranieri. Accertate evasioni fiscali per 2,6 milioni - Bellunopress - Dolomiti<\/title>\n<meta name=\"robots\" content=\"index, follow, max-snippet:-1, max-image-preview:large, max-video-preview:-1\" \/>\n<link rel=\"canonical\" href=\"https:\/\/www.bellunopress.it\/fr\/2022\/11\/07\/sequestrato-dalla-guardia-di-finanza-di-treviso-un-opificio-tessile-gestito-da-stranieri-accertate-evasioni-fiscali-per-26-milioni\/\" \/>\n<meta property=\"og:locale\" content=\"fr_FR\" \/>\n<meta property=\"og:type\" content=\"article\" \/>\n<meta property=\"og:title\" content=\"Sequestrato dalla Guardia di finanza di Treviso un opificio tessile gestito da stranieri. Accertate evasioni fiscali per 2,6 milioni - Bellunopress - Dolomiti\" \/>\n<meta property=\"og:description\" content=\"Le Fiamme Gialle del Comando Provinciale di Treviso hanno sequestrato un laboratorio tessile, del valore commerciale di circa 100.000 euro, gestito in condizioni di degrado e con diversi fattori di pericolo per la salute e la sicurezza dei lavoratori. Durante l\u2019intervento, i finanzieri del Gruppo di Treviso hanno anche posto i sigilli a 30 metri [&hellip;]\" \/>\n<meta property=\"og:url\" content=\"https:\/\/www.bellunopress.it\/fr\/2022\/11\/07\/sequestrato-dalla-guardia-di-finanza-di-treviso-un-opificio-tessile-gestito-da-stranieri-accertate-evasioni-fiscali-per-26-milioni\/\" \/>\n<meta property=\"og:site_name\" content=\"Bellunopress - Dolomiti\" \/>\n<meta property=\"article:publisher\" content=\"https:\/\/www.facebook.com\/profile.php?id=100008943462799\" \/>\n<meta property=\"article:published_time\" content=\"2022-11-07T08:31:21+00:00\" \/>\n<meta property=\"og:image\" content=\"https:\/\/www.bellunopress.it\/wp-content\/uploads\/2021\/12\/Guardia-di-Finanza-1_edited.jpg\" \/>\n\t<meta property=\"og:image:width\" content=\"1000\" \/>\n\t<meta property=\"og:image:height\" content=\"521\" \/>\n\t<meta property=\"og:image:type\" content=\"image\/jpeg\" \/>\n<meta name=\"author\" content=\"redazione\" \/>\n<meta name=\"twitter:card\" content=\"summary_large_image\" \/>\n<meta name=\"twitter:creator\" content=\"@bellunopress\" \/>\n<meta name=\"twitter:site\" content=\"@bellunopress\" \/>\n<meta name=\"twitter:label1\" content=\"\u00c9crit par\" \/>\n\t<meta name=\"twitter:data1\" content=\"redazione\" \/>\n\t<meta name=\"twitter:label2\" content=\"Dur\u00e9e de lecture estim\u00e9e\" \/>\n\t<meta name=\"twitter:data2\" content=\"4 minutes\" \/>\n<script type=\"application\/ld+json\" class=\"yoast-schema-graph\">{\"@context\":\"https:\\\/\\\/schema.org\",\"@graph\":[{\"@type\":\"Article\",\"@id\":\"https:\\\/\\\/www.bellunopress.it\\\/2022\\\/11\\\/07\\\/sequestrato-dalla-guardia-di-finanza-di-treviso-un-opificio-tessile-gestito-da-stranieri-accertate-evasioni-fiscali-per-26-milioni\\\/#article\",\"isPartOf\":{\"@id\":\"https:\\\/\\\/www.bellunopress.it\\\/2022\\\/11\\\/07\\\/sequestrato-dalla-guardia-di-finanza-di-treviso-un-opificio-tessile-gestito-da-stranieri-accertate-evasioni-fiscali-per-26-milioni\\\/\"},\"author\":{\"name\":\"redazione\",\"@id\":\"https:\\\/\\\/www.bellunopress.it\\\/#\\\/schema\\\/person\\\/79bb06722b37ece1c03d3e94beb30d73\"},\"headline\":\"Sequestrato dalla Guardia di finanza di Treviso un opificio tessile gestito da stranieri. Accertate evasioni fiscali per 2,6 milioni\",\"datePublished\":\"2022-11-07T08:31:21+00:00\",\"mainEntityOfPage\":{\"@id\":\"https:\\\/\\\/www.bellunopress.it\\\/2022\\\/11\\\/07\\\/sequestrato-dalla-guardia-di-finanza-di-treviso-un-opificio-tessile-gestito-da-stranieri-accertate-evasioni-fiscali-per-26-milioni\\\/\"},\"wordCount\":560,\"publisher\":{\"@id\":\"https:\\\/\\\/www.bellunopress.it\\\/#organization\"},\"image\":{\"@id\":\"https:\\\/\\\/www.bellunopress.it\\\/2022\\\/11\\\/07\\\/sequestrato-dalla-guardia-di-finanza-di-treviso-un-opificio-tessile-gestito-da-stranieri-accertate-evasioni-fiscali-per-26-milioni\\\/#primaryimage\"},\"thumbnailUrl\":\"https:\\\/\\\/www.bellunopress.it\\\/wp-content\\\/uploads\\\/2021\\\/12\\\/Guardia-di-Finanza-1_edited.jpg\",\"articleSection\":[\"Cronaca\\\/Politica\",\"Prima Pagina\"],\"inLanguage\":\"fr-FR\"},{\"@type\":\"WebPage\",\"@id\":\"https:\\\/\\\/www.bellunopress.it\\\/2022\\\/11\\\/07\\\/sequestrato-dalla-guardia-di-finanza-di-treviso-un-opificio-tessile-gestito-da-stranieri-accertate-evasioni-fiscali-per-26-milioni\\\/\",\"url\":\"https:\\\/\\\/www.bellunopress.it\\\/2022\\\/11\\\/07\\\/sequestrato-dalla-guardia-di-finanza-di-treviso-un-opificio-tessile-gestito-da-stranieri-accertate-evasioni-fiscali-per-26-milioni\\\/\",\"name\":\"Sequestrato dalla Guardia di finanza di Treviso un opificio tessile gestito da stranieri. Accertate evasioni fiscali per 2,6 milioni - Bellunopress - Dolomiti\",\"isPartOf\":{\"@id\":\"https:\\\/\\\/www.bellunopress.it\\\/#website\"},\"primaryImageOfPage\":{\"@id\":\"https:\\\/\\\/www.bellunopress.it\\\/2022\\\/11\\\/07\\\/sequestrato-dalla-guardia-di-finanza-di-treviso-un-opificio-tessile-gestito-da-stranieri-accertate-evasioni-fiscali-per-26-milioni\\\/#primaryimage\"},\"image\":{\"@id\":\"https:\\\/\\\/www.bellunopress.it\\\/2022\\\/11\\\/07\\\/sequestrato-dalla-guardia-di-finanza-di-treviso-un-opificio-tessile-gestito-da-stranieri-accertate-evasioni-fiscali-per-26-milioni\\\/#primaryimage\"},\"thumbnailUrl\":\"https:\\\/\\\/www.bellunopress.it\\\/wp-content\\\/uploads\\\/2021\\\/12\\\/Guardia-di-Finanza-1_edited.jpg\",\"datePublished\":\"2022-11-07T08:31:21+00:00\",\"breadcrumb\":{\"@id\":\"https:\\\/\\\/www.bellunopress.it\\\/2022\\\/11\\\/07\\\/sequestrato-dalla-guardia-di-finanza-di-treviso-un-opificio-tessile-gestito-da-stranieri-accertate-evasioni-fiscali-per-26-milioni\\\/#breadcrumb\"},\"inLanguage\":\"fr-FR\",\"potentialAction\":[{\"@type\":\"ReadAction\",\"target\":[\"https:\\\/\\\/www.bellunopress.it\\\/2022\\\/11\\\/07\\\/sequestrato-dalla-guardia-di-finanza-di-treviso-un-opificio-tessile-gestito-da-stranieri-accertate-evasioni-fiscali-per-26-milioni\\\/\"]}]},{\"@type\":\"ImageObject\",\"inLanguage\":\"fr-FR\",\"@id\":\"https:\\\/\\\/www.bellunopress.it\\\/2022\\\/11\\\/07\\\/sequestrato-dalla-guardia-di-finanza-di-treviso-un-opificio-tessile-gestito-da-stranieri-accertate-evasioni-fiscali-per-26-milioni\\\/#primaryimage\",\"url\":\"https:\\\/\\\/www.bellunopress.it\\\/wp-content\\\/uploads\\\/2021\\\/12\\\/Guardia-di-Finanza-1_edited.jpg\",\"contentUrl\":\"https:\\\/\\\/www.bellunopress.it\\\/wp-content\\\/uploads\\\/2021\\\/12\\\/Guardia-di-Finanza-1_edited.jpg\",\"width\":1000,\"height\":521},{\"@type\":\"BreadcrumbList\",\"@id\":\"https:\\\/\\\/www.bellunopress.it\\\/2022\\\/11\\\/07\\\/sequestrato-dalla-guardia-di-finanza-di-treviso-un-opificio-tessile-gestito-da-stranieri-accertate-evasioni-fiscali-per-26-milioni\\\/#breadcrumb\",\"itemListElement\":[{\"@type\":\"ListItem\",\"position\":1,\"name\":\"Home\",\"item\":\"https:\\\/\\\/www.bellunopress.it\\\/\"},{\"@type\":\"ListItem\",\"position\":2,\"name\":\"Sequestrato dalla Guardia di finanza di Treviso un opificio tessile gestito da stranieri. Accertate evasioni fiscali per 2,6 milioni\"}]},{\"@type\":\"WebSite\",\"@id\":\"https:\\\/\\\/www.bellunopress.it\\\/#website\",\"url\":\"https:\\\/\\\/www.bellunopress.it\\\/\",\"name\":\"Bellunopress - Dolomiti\",\"description\":\"e-mail: redazione@bellunopress.it\",\"publisher\":{\"@id\":\"https:\\\/\\\/www.bellunopress.it\\\/#organization\"},\"potentialAction\":[{\"@type\":\"SearchAction\",\"target\":{\"@type\":\"EntryPoint\",\"urlTemplate\":\"https:\\\/\\\/www.bellunopress.it\\\/?s={search_term_string}\"},\"query-input\":{\"@type\":\"PropertyValueSpecification\",\"valueRequired\":true,\"valueName\":\"search_term_string\"}}],\"inLanguage\":\"fr-FR\"},{\"@type\":\"Organization\",\"@id\":\"https:\\\/\\\/www.bellunopress.it\\\/#organization\",\"name\":\"Bellunopress\",\"url\":\"https:\\\/\\\/www.bellunopress.it\\\/\",\"logo\":{\"@type\":\"ImageObject\",\"inLanguage\":\"fr-FR\",\"@id\":\"https:\\\/\\\/www.bellunopress.it\\\/#\\\/schema\\\/logo\\\/image\\\/\",\"url\":\"https:\\\/\\\/www.bellunopress.it\\\/wp-content\\\/uploads\\\/2011\\\/05\\\/cropped-logo-bellunopress-.jpg\",\"contentUrl\":\"https:\\\/\\\/www.bellunopress.it\\\/wp-content\\\/uploads\\\/2011\\\/05\\\/cropped-logo-bellunopress-.jpg\",\"width\":512,\"height\":512,\"caption\":\"Bellunopress\"},\"image\":{\"@id\":\"https:\\\/\\\/www.bellunopress.it\\\/#\\\/schema\\\/logo\\\/image\\\/\"},\"sameAs\":[\"https:\\\/\\\/www.facebook.com\\\/profile.php?id=100008943462799\",\"https:\\\/\\\/x.com\\\/bellunopress\",\"https:\\\/\\\/www.linkedin.com\\\/hp\\\/?dnr=JBzUWaJfMUw8vbXJJ2tVW5-I3jZKvC4wsoxE&amp;amp;amp;amp;amp;amp;trk=nav_responsive_tab_home\",\"https:\\\/\\\/www.youtube.com\\\/channel\\\/UCxL0wu1uN0_3_7hGG0306cw\"]},{\"@type\":\"Person\",\"@id\":\"https:\\\/\\\/www.bellunopress.it\\\/#\\\/schema\\\/person\\\/79bb06722b37ece1c03d3e94beb30d73\",\"name\":\"redazione\",\"image\":{\"@type\":\"ImageObject\",\"inLanguage\":\"fr-FR\",\"@id\":\"https:\\\/\\\/secure.gravatar.com\\\/avatar\\\/37d968a2e67a6fd04c169c4bdef102d0bc5d31b2546345219e348575eb80e9a0?s=96&d=mm&r=g\",\"url\":\"https:\\\/\\\/secure.gravatar.com\\\/avatar\\\/37d968a2e67a6fd04c169c4bdef102d0bc5d31b2546345219e348575eb80e9a0?s=96&d=mm&r=g\",\"contentUrl\":\"https:\\\/\\\/secure.gravatar.com\\\/avatar\\\/37d968a2e67a6fd04c169c4bdef102d0bc5d31b2546345219e348575eb80e9a0?s=96&d=mm&r=g\",\"caption\":\"redazione\"},\"sameAs\":[\"http:\\\/\\\/www.bellunopress.it\",\"https:\\\/\\\/x.com\\\/bellunopress\"],\"url\":\"https:\\\/\\\/www.bellunopress.it\\\/fr\\\/author\\\/redazione\\\/\"}]}<\/script>\n<!-- \/ Yoast SEO plugin. -->","yoast_head_json":{"title":"Sequestrato dalla Guardia di finanza di Treviso un opificio tessile gestito da stranieri. Accertate evasioni fiscali per 2,6 milioni - Bellunopress - Dolomiti","robots":{"index":"index","follow":"follow","max-snippet":"max-snippet:-1","max-image-preview":"max-image-preview:large","max-video-preview":"max-video-preview:-1"},"canonical":"https:\/\/www.bellunopress.it\/fr\/2022\/11\/07\/sequestrato-dalla-guardia-di-finanza-di-treviso-un-opificio-tessile-gestito-da-stranieri-accertate-evasioni-fiscali-per-26-milioni\/","og_locale":"fr_FR","og_type":"article","og_title":"Sequestrato dalla Guardia di finanza di Treviso un opificio tessile gestito da stranieri. Accertate evasioni fiscali per 2,6 milioni - Bellunopress - Dolomiti","og_description":"Le Fiamme Gialle del Comando Provinciale di Treviso hanno sequestrato un laboratorio tessile, del valore commerciale di circa 100.000 euro, gestito in condizioni di degrado e con diversi fattori di pericolo per la salute e la sicurezza dei lavoratori. Durante l\u2019intervento, i finanzieri del Gruppo di Treviso hanno anche posto i sigilli a 30 metri [&hellip;]","og_url":"https:\/\/www.bellunopress.it\/fr\/2022\/11\/07\/sequestrato-dalla-guardia-di-finanza-di-treviso-un-opificio-tessile-gestito-da-stranieri-accertate-evasioni-fiscali-per-26-milioni\/","og_site_name":"Bellunopress - Dolomiti","article_publisher":"https:\/\/www.facebook.com\/profile.php?id=100008943462799","article_published_time":"2022-11-07T08:31:21+00:00","og_image":[{"width":1000,"height":521,"url":"https:\/\/www.bellunopress.it\/wp-content\/uploads\/2021\/12\/Guardia-di-Finanza-1_edited.jpg","type":"image\/jpeg"}],"author":"redazione","twitter_card":"summary_large_image","twitter_creator":"@bellunopress","twitter_site":"@bellunopress","twitter_misc":{"\u00c9crit par":"redazione","Dur\u00e9e de lecture estim\u00e9e":"4 minutes"},"schema":{"@context":"https:\/\/schema.org","@graph":[{"@type":"Article","@id":"https:\/\/www.bellunopress.it\/2022\/11\/07\/sequestrato-dalla-guardia-di-finanza-di-treviso-un-opificio-tessile-gestito-da-stranieri-accertate-evasioni-fiscali-per-26-milioni\/#article","isPartOf":{"@id":"https:\/\/www.bellunopress.it\/2022\/11\/07\/sequestrato-dalla-guardia-di-finanza-di-treviso-un-opificio-tessile-gestito-da-stranieri-accertate-evasioni-fiscali-per-26-milioni\/"},"author":{"name":"redazione","@id":"https:\/\/www.bellunopress.it\/#\/schema\/person\/79bb06722b37ece1c03d3e94beb30d73"},"headline":"Sequestrato dalla Guardia di finanza di Treviso un opificio tessile gestito da stranieri. Accertate evasioni fiscali per 2,6 milioni","datePublished":"2022-11-07T08:31:21+00:00","mainEntityOfPage":{"@id":"https:\/\/www.bellunopress.it\/2022\/11\/07\/sequestrato-dalla-guardia-di-finanza-di-treviso-un-opificio-tessile-gestito-da-stranieri-accertate-evasioni-fiscali-per-26-milioni\/"},"wordCount":560,"publisher":{"@id":"https:\/\/www.bellunopress.it\/#organization"},"image":{"@id":"https:\/\/www.bellunopress.it\/2022\/11\/07\/sequestrato-dalla-guardia-di-finanza-di-treviso-un-opificio-tessile-gestito-da-stranieri-accertate-evasioni-fiscali-per-26-milioni\/#primaryimage"},"thumbnailUrl":"https:\/\/www.bellunopress.it\/wp-content\/uploads\/2021\/12\/Guardia-di-Finanza-1_edited.jpg","articleSection":["Cronaca\/Politica","Prima Pagina"],"inLanguage":"fr-FR"},{"@type":"WebPage","@id":"https:\/\/www.bellunopress.it\/2022\/11\/07\/sequestrato-dalla-guardia-di-finanza-di-treviso-un-opificio-tessile-gestito-da-stranieri-accertate-evasioni-fiscali-per-26-milioni\/","url":"https:\/\/www.bellunopress.it\/2022\/11\/07\/sequestrato-dalla-guardia-di-finanza-di-treviso-un-opificio-tessile-gestito-da-stranieri-accertate-evasioni-fiscali-per-26-milioni\/","name":"Sequestrato dalla Guardia di finanza di Treviso un opificio tessile gestito da stranieri. Accertate evasioni fiscali per 2,6 milioni - Bellunopress - Dolomiti","isPartOf":{"@id":"https:\/\/www.bellunopress.it\/#website"},"primaryImageOfPage":{"@id":"https:\/\/www.bellunopress.it\/2022\/11\/07\/sequestrato-dalla-guardia-di-finanza-di-treviso-un-opificio-tessile-gestito-da-stranieri-accertate-evasioni-fiscali-per-26-milioni\/#primaryimage"},"image":{"@id":"https:\/\/www.bellunopress.it\/2022\/11\/07\/sequestrato-dalla-guardia-di-finanza-di-treviso-un-opificio-tessile-gestito-da-stranieri-accertate-evasioni-fiscali-per-26-milioni\/#primaryimage"},"thumbnailUrl":"https:\/\/www.bellunopress.it\/wp-content\/uploads\/2021\/12\/Guardia-di-Finanza-1_edited.jpg","datePublished":"2022-11-07T08:31:21+00:00","breadcrumb":{"@id":"https:\/\/www.bellunopress.it\/2022\/11\/07\/sequestrato-dalla-guardia-di-finanza-di-treviso-un-opificio-tessile-gestito-da-stranieri-accertate-evasioni-fiscali-per-26-milioni\/#breadcrumb"},"inLanguage":"fr-FR","potentialAction":[{"@type":"ReadAction","target":["https:\/\/www.bellunopress.it\/2022\/11\/07\/sequestrato-dalla-guardia-di-finanza-di-treviso-un-opificio-tessile-gestito-da-stranieri-accertate-evasioni-fiscali-per-26-milioni\/"]}]},{"@type":"ImageObject","inLanguage":"fr-FR","@id":"https:\/\/www.bellunopress.it\/2022\/11\/07\/sequestrato-dalla-guardia-di-finanza-di-treviso-un-opificio-tessile-gestito-da-stranieri-accertate-evasioni-fiscali-per-26-milioni\/#primaryimage","url":"https:\/\/www.bellunopress.it\/wp-content\/uploads\/2021\/12\/Guardia-di-Finanza-1_edited.jpg","contentUrl":"https:\/\/www.bellunopress.it\/wp-content\/uploads\/2021\/12\/Guardia-di-Finanza-1_edited.jpg","width":1000,"height":521},{"@type":"BreadcrumbList","@id":"https:\/\/www.bellunopress.it\/2022\/11\/07\/sequestrato-dalla-guardia-di-finanza-di-treviso-un-opificio-tessile-gestito-da-stranieri-accertate-evasioni-fiscali-per-26-milioni\/#breadcrumb","itemListElement":[{"@type":"ListItem","position":1,"name":"Home","item":"https:\/\/www.bellunopress.it\/"},{"@type":"ListItem","position":2,"name":"Sequestrato dalla Guardia di finanza di Treviso un opificio tessile gestito da stranieri. Accertate evasioni fiscali per 2,6 milioni"}]},{"@type":"WebSite","@id":"https:\/\/www.bellunopress.it\/#website","url":"https:\/\/www.bellunopress.it\/","name":"Bellunopress - Dolomiti","description":"e-mail: redazione@bellunopress.it","publisher":{"@id":"https:\/\/www.bellunopress.it\/#organization"},"potentialAction":[{"@type":"SearchAction","target":{"@type":"EntryPoint","urlTemplate":"https:\/\/www.bellunopress.it\/?s={search_term_string}"},"query-input":{"@type":"PropertyValueSpecification","valueRequired":true,"valueName":"search_term_string"}}],"inLanguage":"fr-FR"},{"@type":"Organization","@id":"https:\/\/www.bellunopress.it\/#organization","name":"Bellunopress","url":"https:\/\/www.bellunopress.it\/","logo":{"@type":"ImageObject","inLanguage":"fr-FR","@id":"https:\/\/www.bellunopress.it\/#\/schema\/logo\/image\/","url":"https:\/\/www.bellunopress.it\/wp-content\/uploads\/2011\/05\/cropped-logo-bellunopress-.jpg","contentUrl":"https:\/\/www.bellunopress.it\/wp-content\/uploads\/2011\/05\/cropped-logo-bellunopress-.jpg","width":512,"height":512,"caption":"Bellunopress"},"image":{"@id":"https:\/\/www.bellunopress.it\/#\/schema\/logo\/image\/"},"sameAs":["https:\/\/www.facebook.com\/profile.php?id=100008943462799","https:\/\/x.com\/bellunopress","https:\/\/www.linkedin.com\/hp\/?dnr=JBzUWaJfMUw8vbXJJ2tVW5-I3jZKvC4wsoxE&amp;amp;amp;amp;amp;amp;trk=nav_responsive_tab_home","https:\/\/www.youtube.com\/channel\/UCxL0wu1uN0_3_7hGG0306cw"]},{"@type":"Person","@id":"https:\/\/www.bellunopress.it\/#\/schema\/person\/79bb06722b37ece1c03d3e94beb30d73","name":"r\u00e9daction","image":{"@type":"ImageObject","inLanguage":"fr-FR","@id":"https:\/\/secure.gravatar.com\/avatar\/37d968a2e67a6fd04c169c4bdef102d0bc5d31b2546345219e348575eb80e9a0?s=96&d=mm&r=g","url":"https:\/\/secure.gravatar.com\/avatar\/37d968a2e67a6fd04c169c4bdef102d0bc5d31b2546345219e348575eb80e9a0?s=96&d=mm&r=g","contentUrl":"https:\/\/secure.gravatar.com\/avatar\/37d968a2e67a6fd04c169c4bdef102d0bc5d31b2546345219e348575eb80e9a0?s=96&d=mm&r=g","caption":"redazione"},"sameAs":["http:\/\/www.bellunopress.it","https:\/\/x.com\/bellunopress"],"url":"https:\/\/www.bellunopress.it\/fr\/author\/redazione\/"}]}},"_links":{"self":[{"href":"https:\/\/www.bellunopress.it\/fr\/wp-json\/wp\/v2\/posts\/137522","targetHints":{"allow":["GET"]}}],"collection":[{"href":"https:\/\/www.bellunopress.it\/fr\/wp-json\/wp\/v2\/posts"}],"about":[{"href":"https:\/\/www.bellunopress.it\/fr\/wp-json\/wp\/v2\/types\/post"}],"author":[{"embeddable":true,"href":"https:\/\/www.bellunopress.it\/fr\/wp-json\/wp\/v2\/users\/2"}],"replies":[{"embeddable":true,"href":"https:\/\/www.bellunopress.it\/fr\/wp-json\/wp\/v2\/comments?post=137522"}],"version-history":[{"count":1,"href":"https:\/\/www.bellunopress.it\/fr\/wp-json\/wp\/v2\/posts\/137522\/revisions"}],"predecessor-version":[{"id":137523,"href":"https:\/\/www.bellunopress.it\/fr\/wp-json\/wp\/v2\/posts\/137522\/revisions\/137523"}],"wp:featuredmedia":[{"embeddable":true,"href":"https:\/\/www.bellunopress.it\/fr\/wp-json\/wp\/v2\/media\/129946"}],"wp:attachment":[{"href":"https:\/\/www.bellunopress.it\/fr\/wp-json\/wp\/v2\/media?parent=137522"}],"wp:term":[{"taxonomy":"category","embeddable":true,"href":"https:\/\/www.bellunopress.it\/fr\/wp-json\/wp\/v2\/categories?post=137522"},{"taxonomy":"post_tag","embeddable":true,"href":"https:\/\/www.bellunopress.it\/fr\/wp-json\/wp\/v2\/tags?post=137522"}],"curies":[{"name":"wp","href":"https:\/\/api.w.org\/{rel}","templated":true}]}}