{"id":137509,"date":"2022-11-14T15:34:46","date_gmt":"2022-11-14T14:34:46","guid":{"rendered":"https:\/\/www.bellunopress.it\/?p=137509"},"modified":"2022-11-06T15:43:23","modified_gmt":"2022-11-06T14:43:23","slug":"chiamata-a-raccolto-domenica-a-rasai-di-seren-del-grappa-sabato-il-convegno-a-serravella","status":"publish","type":"post","link":"https:\/\/www.bellunopress.it\/fr\/2022\/11\/14\/chiamata-a-raccolto-domenica-a-rasai-di-seren-del-grappa-sabato-il-convegno-a-serravella\/","title":{"rendered":"Chiamata a raccolto. Domenica a Rasai di Seren del Grappa. Sabato il convegno a Serravella"},"content":{"rendered":"<p><img loading=\"lazy\" decoding=\"async\" class=\"alignleft size-full wp-image-132960\" src=\"https:\/\/www.bellunopress.it\/wp-content\/uploads\/2022\/04\/coltivare-condividendo_edited.jpg\" alt=\"\" width=\"900\" height=\"600\" srcset=\"https:\/\/www.bellunopress.it\/wp-content\/uploads\/2022\/04\/coltivare-condividendo_edited.jpg 900w, https:\/\/www.bellunopress.it\/wp-content\/uploads\/2022\/04\/coltivare-condividendo_edited-500x333.jpg 500w, https:\/\/www.bellunopress.it\/wp-content\/uploads\/2022\/04\/coltivare-condividendo_edited-696x464.jpg 696w, https:\/\/www.bellunopress.it\/wp-content\/uploads\/2022\/04\/coltivare-condividendo_edited-630x420.jpg 630w\" sizes=\"auto, (max-width: 900px) 100vw, 900px\" \/>Domenica 20 Novembre torna &#8220;Chiamata a raccolto&#8221; la giornata dedicata alla biodiversit\u00e0, alla condivisione e al coltivare sano.<\/p>\n<p>Dalle ore 10 negli impianti sportivi a Rasai di Seren del Grappa (BL) le principali associazioni, gruppi e realt\u00e0 di salvatori di semi di mezza Italia mostreranno, scambieranno e doneranno i loro semi a tutti coloro che si impegneranno a coltivarli e riprodurli. Ci saranno tantissime variet\u00e0 di sementi antiche, riproducibili e vitali di fagioli, mais, pomodori, cereali, fiori, patate, peperoni, ortaggi e tantissimi altri tipi di semi rari e tipici.<\/p>\n<p>Lo scopo di questa iniziativa, che da anni \u00e8 tra le principali a livello italiano e non solo, sia per numero di partecipanti che di espositori, \u00e8 quella di far toccare con mano quanto consistente ed importante \u00e8 la biodiversit\u00e0. Biodiversit\u00e0 che \u00e8 indispensabile far conoscere, coltivare e diffondere.<\/p>\n<p>Assieme ai semi verranno donate anche conoscenze, saperi, esperienze e consigli utili per ottenere il meglio da queste variet\u00e0 di notevole resistenza e capacit\u00e0 di adattamento anche ai cambiamenti climatici.<\/p>\n<p>Ma a Rasai il 20 novembre non ci saranno solo sementi ma anche svariate bancarelle di produttori e artigiani che daranno vita a un &#8220;mercato della Terra e della biodiversit\u00e0&#8221; sano e sostenibile. Ci sar\u00e0 spazio anche per spettacoli per bambini ed adulti, per musica e momenti di dialogo e confronto.<\/p>\n<p>La Pro Loco di Seren ha predisposto un menu&#8217; vegetariano creato con prodotti locali biologici e naturali, combinati nel modo migliore.<\/p>\n<p>L&#8217;ingresso \u00e8 ovviamente libero e gratuito.<\/p>\n<p>Auspichiamo che questa giornata dia la possibilit\u00e0 a tantissime persone di portarsi a casa sementi e saperi tali da poter diventare autoproduttori e custodi della biodiversit\u00e0, avendo anche la possibilit\u00e0 di avere sempre a disposizione tecnici ed esperti per ricevere consigli e soluzioni per coltivare al meglio i loro orti o campi<\/p>\n<p>Sono oramai 14 anni che l&#8217;associazione Coltivare Condividendo si dedica a questa missione,\u00a0con risultati sicuramente incoraggianti, dato che oltre a tantissimi sostenitori e simpatizzanti ha visto nascere delle vere e proprie filiere basate sulla biodiversit\u00e0 coltivata locale come Naturalmente Valle di Seren e Retecontadina.<\/p>\n<p>Quest&#8217;anno &#8220;Chiamata a raccolto&#8221; avr\u00e0 un importante anticipazione, infatti sabato 19 novembre dalle ore 16.00 presso il Museo Etnografico di Serravella a Cesiomaggiore BL si terr\u00e0 un importante convegno che vedr\u00e0 relatori di caratura internazionale. Aprir\u00e0 un introduzione di Teodoro Margarita storico seed severs, dopo di che il genetista, di fama internazionale Salvatore Ceccarelli ci parler\u00e0 dell&#8217;importanza della biodiversit\u00e0 e di come i &#8220;nuovi ogm&#8221; (nbt tea..) ne sono la negazione. La biologa esperta in genetica molecolare Daniela Conti ci dar\u00e0 le informazioni tecniche e scientifiche per capire perch\u00e9 nuovi e vecchi ogm sono pericolosi e destinati a fallire. Infine la ricercatrice e consulente internazionale per il miglioramento vegetale Stefania Grando ci racconter\u00e0 l&#8217;importanza della biodiversit\u00e0 per la nostra salute e per quella del pianeta.<\/p>\n<p>&nbsp;<\/p>","protected":false},"excerpt":{"rendered":"<p>Domenica 20 Novembre torna &#8220;Chiamata a raccolto&#8221; la giornata dedicata alla biodiversit\u00e0, alla condivisione e al coltivare sano. Dalle ore 10 negli impianti sportivi a Rasai di Seren del Grappa (BL) le principali associazioni, gruppi e realt\u00e0 di salvatori di semi di mezza Italia mostreranno, scambieranno e doneranno i loro semi a tutti coloro che [&hellip;]<\/p>\n","protected":false},"author":2,"featured_media":132960,"comment_status":"closed","ping_status":"open","sticky":false,"template":"","format":"standard","meta":{"footnotes":""},"categories":[36,25],"tags":[2659],"class_list":["post-137509","post","type-post","status-publish","format-standard","has-post-thumbnail","category-lavoro-economia","category-pausa-caffe","tag-coltivare-condividendo"],"yoast_head":"<!-- This site is optimized with the Yoast SEO plugin v28.4 - https:\/\/yoast.com\/product\/yoast-seo-wordpress\/ -->\n<title>Chiamata a raccolto. Domenica a Rasai di Seren del Grappa. Sabato il convegno a Serravella - Bellunopress - Dolomiti<\/title>\n<meta name=\"robots\" content=\"index, follow, max-snippet:-1, max-image-preview:large, max-video-preview:-1\" \/>\n<link rel=\"canonical\" href=\"https:\/\/www.bellunopress.it\/fr\/2022\/11\/14\/chiamata-a-raccolto-domenica-a-rasai-di-seren-del-grappa-sabato-il-convegno-a-serravella\/\" \/>\n<meta property=\"og:locale\" content=\"fr_FR\" \/>\n<meta property=\"og:type\" content=\"article\" \/>\n<meta property=\"og:title\" content=\"Chiamata a raccolto. Domenica a Rasai di Seren del Grappa. Sabato il convegno a Serravella - Bellunopress - Dolomiti\" \/>\n<meta property=\"og:description\" content=\"Domenica 20 Novembre torna &#8220;Chiamata a raccolto&#8221; la giornata dedicata alla biodiversit\u00e0, alla condivisione e al coltivare sano. Dalle ore 10 negli impianti sportivi a Rasai di Seren del Grappa (BL) le principali associazioni, gruppi e realt\u00e0 di salvatori di semi di mezza Italia mostreranno, scambieranno e doneranno i loro semi a tutti coloro che [&hellip;]\" \/>\n<meta property=\"og:url\" content=\"https:\/\/www.bellunopress.it\/fr\/2022\/11\/14\/chiamata-a-raccolto-domenica-a-rasai-di-seren-del-grappa-sabato-il-convegno-a-serravella\/\" \/>\n<meta property=\"og:site_name\" content=\"Bellunopress - Dolomiti\" \/>\n<meta property=\"article:publisher\" content=\"https:\/\/www.facebook.com\/profile.php?id=100008943462799\" \/>\n<meta property=\"article:published_time\" content=\"2022-11-14T14:34:46+00:00\" \/>\n<meta property=\"og:image\" content=\"https:\/\/www.bellunopress.it\/wp-content\/uploads\/2022\/04\/coltivare-condividendo_edited.jpg\" \/>\n\t<meta property=\"og:image:width\" content=\"900\" \/>\n\t<meta property=\"og:image:height\" content=\"600\" \/>\n\t<meta property=\"og:image:type\" content=\"image\/jpeg\" \/>\n<meta name=\"author\" content=\"redazione\" \/>\n<meta name=\"twitter:card\" content=\"summary_large_image\" \/>\n<meta name=\"twitter:creator\" content=\"@bellunopress\" \/>\n<meta name=\"twitter:site\" content=\"@bellunopress\" \/>\n<meta name=\"twitter:label1\" content=\"Written by\" \/>\n\t<meta name=\"twitter:data1\" content=\"redazione\" \/>\n\t<meta name=\"twitter:label2\" content=\"Est. reading time\" \/>\n\t<meta name=\"twitter:data2\" content=\"3 minutes\" \/>\n<script type=\"application\/ld+json\" class=\"yoast-schema-graph\">{\"@context\":\"https:\\\/\\\/schema.org\",\"@graph\":[{\"@type\":\"Article\",\"@id\":\"https:\\\/\\\/www.bellunopress.it\\\/2022\\\/11\\\/14\\\/chiamata-a-raccolto-domenica-a-rasai-di-seren-del-grappa-sabato-il-convegno-a-serravella\\\/#article\",\"isPartOf\":{\"@id\":\"https:\\\/\\\/www.bellunopress.it\\\/2022\\\/11\\\/14\\\/chiamata-a-raccolto-domenica-a-rasai-di-seren-del-grappa-sabato-il-convegno-a-serravella\\\/\"},\"author\":{\"name\":\"redazione\",\"@id\":\"https:\\\/\\\/www.bellunopress.it\\\/#\\\/schema\\\/person\\\/79bb06722b37ece1c03d3e94beb30d73\"},\"headline\":\"Chiamata a raccolto. Domenica a Rasai di Seren del Grappa. Sabato il convegno a Serravella\",\"datePublished\":\"2022-11-14T14:34:46+00:00\",\"mainEntityOfPage\":{\"@id\":\"https:\\\/\\\/www.bellunopress.it\\\/2022\\\/11\\\/14\\\/chiamata-a-raccolto-domenica-a-rasai-di-seren-del-grappa-sabato-il-convegno-a-serravella\\\/\"},\"wordCount\":478,\"publisher\":{\"@id\":\"https:\\\/\\\/www.bellunopress.it\\\/#organization\"},\"image\":{\"@id\":\"https:\\\/\\\/www.bellunopress.it\\\/2022\\\/11\\\/14\\\/chiamata-a-raccolto-domenica-a-rasai-di-seren-del-grappa-sabato-il-convegno-a-serravella\\\/#primaryimage\"},\"thumbnailUrl\":\"https:\\\/\\\/www.bellunopress.it\\\/wp-content\\\/uploads\\\/2022\\\/04\\\/coltivare-condividendo_edited.jpg\",\"keywords\":[\"coltivare condividendo\"],\"articleSection\":[\"Lavoro, Economia, Turismo\",\"Pausa Caff\u00e8\"],\"inLanguage\":\"fr-FR\"},{\"@type\":\"WebPage\",\"@id\":\"https:\\\/\\\/www.bellunopress.it\\\/2022\\\/11\\\/14\\\/chiamata-a-raccolto-domenica-a-rasai-di-seren-del-grappa-sabato-il-convegno-a-serravella\\\/\",\"url\":\"https:\\\/\\\/www.bellunopress.it\\\/2022\\\/11\\\/14\\\/chiamata-a-raccolto-domenica-a-rasai-di-seren-del-grappa-sabato-il-convegno-a-serravella\\\/\",\"name\":\"Chiamata a raccolto. Domenica a Rasai di Seren del Grappa. Sabato il convegno a Serravella - Bellunopress - Dolomiti\",\"isPartOf\":{\"@id\":\"https:\\\/\\\/www.bellunopress.it\\\/#website\"},\"primaryImageOfPage\":{\"@id\":\"https:\\\/\\\/www.bellunopress.it\\\/2022\\\/11\\\/14\\\/chiamata-a-raccolto-domenica-a-rasai-di-seren-del-grappa-sabato-il-convegno-a-serravella\\\/#primaryimage\"},\"image\":{\"@id\":\"https:\\\/\\\/www.bellunopress.it\\\/2022\\\/11\\\/14\\\/chiamata-a-raccolto-domenica-a-rasai-di-seren-del-grappa-sabato-il-convegno-a-serravella\\\/#primaryimage\"},\"thumbnailUrl\":\"https:\\\/\\\/www.bellunopress.it\\\/wp-content\\\/uploads\\\/2022\\\/04\\\/coltivare-condividendo_edited.jpg\",\"datePublished\":\"2022-11-14T14:34:46+00:00\",\"breadcrumb\":{\"@id\":\"https:\\\/\\\/www.bellunopress.it\\\/2022\\\/11\\\/14\\\/chiamata-a-raccolto-domenica-a-rasai-di-seren-del-grappa-sabato-il-convegno-a-serravella\\\/#breadcrumb\"},\"inLanguage\":\"fr-FR\",\"potentialAction\":[{\"@type\":\"ReadAction\",\"target\":[\"https:\\\/\\\/www.bellunopress.it\\\/2022\\\/11\\\/14\\\/chiamata-a-raccolto-domenica-a-rasai-di-seren-del-grappa-sabato-il-convegno-a-serravella\\\/\"]}]},{\"@type\":\"ImageObject\",\"inLanguage\":\"fr-FR\",\"@id\":\"https:\\\/\\\/www.bellunopress.it\\\/2022\\\/11\\\/14\\\/chiamata-a-raccolto-domenica-a-rasai-di-seren-del-grappa-sabato-il-convegno-a-serravella\\\/#primaryimage\",\"url\":\"https:\\\/\\\/www.bellunopress.it\\\/wp-content\\\/uploads\\\/2022\\\/04\\\/coltivare-condividendo_edited.jpg\",\"contentUrl\":\"https:\\\/\\\/www.bellunopress.it\\\/wp-content\\\/uploads\\\/2022\\\/04\\\/coltivare-condividendo_edited.jpg\",\"width\":900,\"height\":600},{\"@type\":\"BreadcrumbList\",\"@id\":\"https:\\\/\\\/www.bellunopress.it\\\/2022\\\/11\\\/14\\\/chiamata-a-raccolto-domenica-a-rasai-di-seren-del-grappa-sabato-il-convegno-a-serravella\\\/#breadcrumb\",\"itemListElement\":[{\"@type\":\"ListItem\",\"position\":1,\"name\":\"Home\",\"item\":\"https:\\\/\\\/www.bellunopress.it\\\/\"},{\"@type\":\"ListItem\",\"position\":2,\"name\":\"Chiamata a raccolto. Domenica a Rasai di Seren del Grappa. Sabato il convegno a Serravella\"}]},{\"@type\":\"WebSite\",\"@id\":\"https:\\\/\\\/www.bellunopress.it\\\/#website\",\"url\":\"https:\\\/\\\/www.bellunopress.it\\\/\",\"name\":\"Bellunopress - Dolomiti\",\"description\":\"e-mail: redazione@bellunopress.it\",\"publisher\":{\"@id\":\"https:\\\/\\\/www.bellunopress.it\\\/#organization\"},\"potentialAction\":[{\"@type\":\"SearchAction\",\"target\":{\"@type\":\"EntryPoint\",\"urlTemplate\":\"https:\\\/\\\/www.bellunopress.it\\\/?s={search_term_string}\"},\"query-input\":{\"@type\":\"PropertyValueSpecification\",\"valueRequired\":true,\"valueName\":\"search_term_string\"}}],\"inLanguage\":\"fr-FR\"},{\"@type\":\"Organization\",\"@id\":\"https:\\\/\\\/www.bellunopress.it\\\/#organization\",\"name\":\"Bellunopress\",\"url\":\"https:\\\/\\\/www.bellunopress.it\\\/\",\"logo\":{\"@type\":\"ImageObject\",\"inLanguage\":\"fr-FR\",\"@id\":\"https:\\\/\\\/www.bellunopress.it\\\/#\\\/schema\\\/logo\\\/image\\\/\",\"url\":\"https:\\\/\\\/www.bellunopress.it\\\/wp-content\\\/uploads\\\/2011\\\/05\\\/cropped-logo-bellunopress-.jpg\",\"contentUrl\":\"https:\\\/\\\/www.bellunopress.it\\\/wp-content\\\/uploads\\\/2011\\\/05\\\/cropped-logo-bellunopress-.jpg\",\"width\":512,\"height\":512,\"caption\":\"Bellunopress\"},\"image\":{\"@id\":\"https:\\\/\\\/www.bellunopress.it\\\/#\\\/schema\\\/logo\\\/image\\\/\"},\"sameAs\":[\"https:\\\/\\\/www.facebook.com\\\/profile.php?id=100008943462799\",\"https:\\\/\\\/x.com\\\/bellunopress\",\"https:\\\/\\\/www.linkedin.com\\\/hp\\\/?dnr=JBzUWaJfMUw8vbXJJ2tVW5-I3jZKvC4wsoxE&amp;amp;amp;amp;amp;amp;trk=nav_responsive_tab_home\",\"https:\\\/\\\/www.youtube.com\\\/channel\\\/UCxL0wu1uN0_3_7hGG0306cw\"]},{\"@type\":\"Person\",\"@id\":\"https:\\\/\\\/www.bellunopress.it\\\/#\\\/schema\\\/person\\\/79bb06722b37ece1c03d3e94beb30d73\",\"name\":\"redazione\",\"image\":{\"@type\":\"ImageObject\",\"inLanguage\":\"fr-FR\",\"@id\":\"https:\\\/\\\/secure.gravatar.com\\\/avatar\\\/37d968a2e67a6fd04c169c4bdef102d0bc5d31b2546345219e348575eb80e9a0?s=96&d=mm&r=g\",\"url\":\"https:\\\/\\\/secure.gravatar.com\\\/avatar\\\/37d968a2e67a6fd04c169c4bdef102d0bc5d31b2546345219e348575eb80e9a0?s=96&d=mm&r=g\",\"contentUrl\":\"https:\\\/\\\/secure.gravatar.com\\\/avatar\\\/37d968a2e67a6fd04c169c4bdef102d0bc5d31b2546345219e348575eb80e9a0?s=96&d=mm&r=g\",\"caption\":\"redazione\"},\"sameAs\":[\"http:\\\/\\\/www.bellunopress.it\",\"https:\\\/\\\/x.com\\\/bellunopress\"],\"url\":\"https:\\\/\\\/www.bellunopress.it\\\/fr\\\/author\\\/redazione\\\/\"}]}<\/script>\n<!-- \/ Yoast SEO plugin. -->","yoast_head_json":{"title":"Chiamata a raccolto. Domenica a Rasai di Seren del Grappa. Sabato il convegno a Serravella - Bellunopress - Dolomiti","robots":{"index":"index","follow":"follow","max-snippet":"max-snippet:-1","max-image-preview":"max-image-preview:large","max-video-preview":"max-video-preview:-1"},"canonical":"https:\/\/www.bellunopress.it\/fr\/2022\/11\/14\/chiamata-a-raccolto-domenica-a-rasai-di-seren-del-grappa-sabato-il-convegno-a-serravella\/","og_locale":"fr_FR","og_type":"article","og_title":"Chiamata a raccolto. Domenica a Rasai di Seren del Grappa. Sabato il convegno a Serravella - Bellunopress - Dolomiti","og_description":"Domenica 20 Novembre torna &#8220;Chiamata a raccolto&#8221; la giornata dedicata alla biodiversit\u00e0, alla condivisione e al coltivare sano. Dalle ore 10 negli impianti sportivi a Rasai di Seren del Grappa (BL) le principali associazioni, gruppi e realt\u00e0 di salvatori di semi di mezza Italia mostreranno, scambieranno e doneranno i loro semi a tutti coloro che [&hellip;]","og_url":"https:\/\/www.bellunopress.it\/fr\/2022\/11\/14\/chiamata-a-raccolto-domenica-a-rasai-di-seren-del-grappa-sabato-il-convegno-a-serravella\/","og_site_name":"Bellunopress - Dolomiti","article_publisher":"https:\/\/www.facebook.com\/profile.php?id=100008943462799","article_published_time":"2022-11-14T14:34:46+00:00","og_image":[{"width":900,"height":600,"url":"https:\/\/www.bellunopress.it\/wp-content\/uploads\/2022\/04\/coltivare-condividendo_edited.jpg","type":"image\/jpeg"}],"author":"redazione","twitter_card":"summary_large_image","twitter_creator":"@bellunopress","twitter_site":"@bellunopress","twitter_misc":{"Written by":"redazione","Est. reading time":"3 minutes"},"schema":{"@context":"https:\/\/schema.org","@graph":[{"@type":"Article","@id":"https:\/\/www.bellunopress.it\/2022\/11\/14\/chiamata-a-raccolto-domenica-a-rasai-di-seren-del-grappa-sabato-il-convegno-a-serravella\/#article","isPartOf":{"@id":"https:\/\/www.bellunopress.it\/2022\/11\/14\/chiamata-a-raccolto-domenica-a-rasai-di-seren-del-grappa-sabato-il-convegno-a-serravella\/"},"author":{"name":"redazione","@id":"https:\/\/www.bellunopress.it\/#\/schema\/person\/79bb06722b37ece1c03d3e94beb30d73"},"headline":"Chiamata a raccolto. Domenica a Rasai di Seren del Grappa. Sabato il convegno a Serravella","datePublished":"2022-11-14T14:34:46+00:00","mainEntityOfPage":{"@id":"https:\/\/www.bellunopress.it\/2022\/11\/14\/chiamata-a-raccolto-domenica-a-rasai-di-seren-del-grappa-sabato-il-convegno-a-serravella\/"},"wordCount":478,"publisher":{"@id":"https:\/\/www.bellunopress.it\/#organization"},"image":{"@id":"https:\/\/www.bellunopress.it\/2022\/11\/14\/chiamata-a-raccolto-domenica-a-rasai-di-seren-del-grappa-sabato-il-convegno-a-serravella\/#primaryimage"},"thumbnailUrl":"https:\/\/www.bellunopress.it\/wp-content\/uploads\/2022\/04\/coltivare-condividendo_edited.jpg","keywords":["coltivare condividendo"],"articleSection":["Lavoro, Economia, Turismo","Pausa Caff\u00e8"],"inLanguage":"fr-FR"},{"@type":"WebPage","@id":"https:\/\/www.bellunopress.it\/2022\/11\/14\/chiamata-a-raccolto-domenica-a-rasai-di-seren-del-grappa-sabato-il-convegno-a-serravella\/","url":"https:\/\/www.bellunopress.it\/2022\/11\/14\/chiamata-a-raccolto-domenica-a-rasai-di-seren-del-grappa-sabato-il-convegno-a-serravella\/","name":"Chiamata a raccolto. Domenica a Rasai di Seren del Grappa. Sabato il convegno a Serravella - Bellunopress - Dolomiti","isPartOf":{"@id":"https:\/\/www.bellunopress.it\/#website"},"primaryImageOfPage":{"@id":"https:\/\/www.bellunopress.it\/2022\/11\/14\/chiamata-a-raccolto-domenica-a-rasai-di-seren-del-grappa-sabato-il-convegno-a-serravella\/#primaryimage"},"image":{"@id":"https:\/\/www.bellunopress.it\/2022\/11\/14\/chiamata-a-raccolto-domenica-a-rasai-di-seren-del-grappa-sabato-il-convegno-a-serravella\/#primaryimage"},"thumbnailUrl":"https:\/\/www.bellunopress.it\/wp-content\/uploads\/2022\/04\/coltivare-condividendo_edited.jpg","datePublished":"2022-11-14T14:34:46+00:00","breadcrumb":{"@id":"https:\/\/www.bellunopress.it\/2022\/11\/14\/chiamata-a-raccolto-domenica-a-rasai-di-seren-del-grappa-sabato-il-convegno-a-serravella\/#breadcrumb"},"inLanguage":"fr-FR","potentialAction":[{"@type":"ReadAction","target":["https:\/\/www.bellunopress.it\/2022\/11\/14\/chiamata-a-raccolto-domenica-a-rasai-di-seren-del-grappa-sabato-il-convegno-a-serravella\/"]}]},{"@type":"ImageObject","inLanguage":"fr-FR","@id":"https:\/\/www.bellunopress.it\/2022\/11\/14\/chiamata-a-raccolto-domenica-a-rasai-di-seren-del-grappa-sabato-il-convegno-a-serravella\/#primaryimage","url":"https:\/\/www.bellunopress.it\/wp-content\/uploads\/2022\/04\/coltivare-condividendo_edited.jpg","contentUrl":"https:\/\/www.bellunopress.it\/wp-content\/uploads\/2022\/04\/coltivare-condividendo_edited.jpg","width":900,"height":600},{"@type":"BreadcrumbList","@id":"https:\/\/www.bellunopress.it\/2022\/11\/14\/chiamata-a-raccolto-domenica-a-rasai-di-seren-del-grappa-sabato-il-convegno-a-serravella\/#breadcrumb","itemListElement":[{"@type":"ListItem","position":1,"name":"Home","item":"https:\/\/www.bellunopress.it\/"},{"@type":"ListItem","position":2,"name":"Chiamata a raccolto. Domenica a Rasai di Seren del Grappa. Sabato il convegno a Serravella"}]},{"@type":"WebSite","@id":"https:\/\/www.bellunopress.it\/#website","url":"https:\/\/www.bellunopress.it\/","name":"Bellunopress - Dolomiti","description":"e-mail: redazione@bellunopress.it","publisher":{"@id":"https:\/\/www.bellunopress.it\/#organization"},"potentialAction":[{"@type":"SearchAction","target":{"@type":"EntryPoint","urlTemplate":"https:\/\/www.bellunopress.it\/?s={search_term_string}"},"query-input":{"@type":"PropertyValueSpecification","valueRequired":true,"valueName":"search_term_string"}}],"inLanguage":"fr-FR"},{"@type":"Organization","@id":"https:\/\/www.bellunopress.it\/#organization","name":"Bellunopress","url":"https:\/\/www.bellunopress.it\/","logo":{"@type":"ImageObject","inLanguage":"fr-FR","@id":"https:\/\/www.bellunopress.it\/#\/schema\/logo\/image\/","url":"https:\/\/www.bellunopress.it\/wp-content\/uploads\/2011\/05\/cropped-logo-bellunopress-.jpg","contentUrl":"https:\/\/www.bellunopress.it\/wp-content\/uploads\/2011\/05\/cropped-logo-bellunopress-.jpg","width":512,"height":512,"caption":"Bellunopress"},"image":{"@id":"https:\/\/www.bellunopress.it\/#\/schema\/logo\/image\/"},"sameAs":["https:\/\/www.facebook.com\/profile.php?id=100008943462799","https:\/\/x.com\/bellunopress","https:\/\/www.linkedin.com\/hp\/?dnr=JBzUWaJfMUw8vbXJJ2tVW5-I3jZKvC4wsoxE&amp;amp;amp;amp;amp;amp;trk=nav_responsive_tab_home","https:\/\/www.youtube.com\/channel\/UCxL0wu1uN0_3_7hGG0306cw"]},{"@type":"Person","@id":"https:\/\/www.bellunopress.it\/#\/schema\/person\/79bb06722b37ece1c03d3e94beb30d73","name":"r\u00e9daction","image":{"@type":"ImageObject","inLanguage":"fr-FR","@id":"https:\/\/secure.gravatar.com\/avatar\/37d968a2e67a6fd04c169c4bdef102d0bc5d31b2546345219e348575eb80e9a0?s=96&d=mm&r=g","url":"https:\/\/secure.gravatar.com\/avatar\/37d968a2e67a6fd04c169c4bdef102d0bc5d31b2546345219e348575eb80e9a0?s=96&d=mm&r=g","contentUrl":"https:\/\/secure.gravatar.com\/avatar\/37d968a2e67a6fd04c169c4bdef102d0bc5d31b2546345219e348575eb80e9a0?s=96&d=mm&r=g","caption":"redazione"},"sameAs":["http:\/\/www.bellunopress.it","https:\/\/x.com\/bellunopress"],"url":"https:\/\/www.bellunopress.it\/fr\/author\/redazione\/"}]}},"_links":{"self":[{"href":"https:\/\/www.bellunopress.it\/fr\/wp-json\/wp\/v2\/posts\/137509","targetHints":{"allow":["GET"]}}],"collection":[{"href":"https:\/\/www.bellunopress.it\/fr\/wp-json\/wp\/v2\/posts"}],"about":[{"href":"https:\/\/www.bellunopress.it\/fr\/wp-json\/wp\/v2\/types\/post"}],"author":[{"embeddable":true,"href":"https:\/\/www.bellunopress.it\/fr\/wp-json\/wp\/v2\/users\/2"}],"replies":[{"embeddable":true,"href":"https:\/\/www.bellunopress.it\/fr\/wp-json\/wp\/v2\/comments?post=137509"}],"version-history":[{"count":1,"href":"https:\/\/www.bellunopress.it\/fr\/wp-json\/wp\/v2\/posts\/137509\/revisions"}],"predecessor-version":[{"id":137510,"href":"https:\/\/www.bellunopress.it\/fr\/wp-json\/wp\/v2\/posts\/137509\/revisions\/137510"}],"wp:featuredmedia":[{"embeddable":true,"href":"https:\/\/www.bellunopress.it\/fr\/wp-json\/wp\/v2\/media\/132960"}],"wp:attachment":[{"href":"https:\/\/www.bellunopress.it\/fr\/wp-json\/wp\/v2\/media?parent=137509"}],"wp:term":[{"taxonomy":"category","embeddable":true,"href":"https:\/\/www.bellunopress.it\/fr\/wp-json\/wp\/v2\/categories?post=137509"},{"taxonomy":"post_tag","embeddable":true,"href":"https:\/\/www.bellunopress.it\/fr\/wp-json\/wp\/v2\/tags?post=137509"}],"curies":[{"name":"wp","href":"https:\/\/api.w.org\/{rel}","templated":true}]}}