{"id":137505,"date":"2022-11-06T15:22:32","date_gmt":"2022-11-06T14:22:32","guid":{"rendered":"https:\/\/www.bellunopress.it\/?p=137505"},"modified":"2022-11-06T15:23:12","modified_gmt":"2022-11-06T14:23:12","slug":"siamo-noi-donne-ad-auronzo-di-cadore-venerdi-11-novembre","status":"publish","type":"post","link":"https:\/\/www.bellunopress.it\/fr\/2022\/11\/06\/siamo-noi-donne-ad-auronzo-di-cadore-venerdi-11-novembre\/","title":{"rendered":"Siamo noi, donne. Ad Auronzo di Cadore Venerd\u00ec 11 novembre con Evarossella Biolo"},"content":{"rendered":"<p>&nbsp;<\/p>\n<figure id=\"attachment_137506\" aria-describedby=\"caption-attachment-137506\" style=\"width: 667px\" class=\"wp-caption alignleft\"><img loading=\"lazy\" decoding=\"async\" class=\"size-full wp-image-137506\" src=\"https:\/\/www.bellunopress.it\/wp-content\/uploads\/2022\/11\/Evarossella-Biolo_edited.jpg\" alt=\"\" width=\"667\" height=\"1000\" srcset=\"https:\/\/www.bellunopress.it\/wp-content\/uploads\/2022\/11\/Evarossella-Biolo_edited.jpg 667w, https:\/\/www.bellunopress.it\/wp-content\/uploads\/2022\/11\/Evarossella-Biolo_edited-334x500.jpg 334w, https:\/\/www.bellunopress.it\/wp-content\/uploads\/2022\/11\/Evarossella-Biolo_edited-280x420.jpg 280w\" sizes=\"auto, (max-width: 667px) 100vw, 667px\" \/><figcaption id=\"caption-attachment-137506\" class=\"wp-caption-text\">Evarossella Biolo<\/figcaption><\/figure>\n<p>Luned\u00ec 11 novembre alle ore 21:00 in Sala Consiliare del Municipio di Auronzo di Cadore in via Roma, 24 va in scena lo spettacolo &#8220;Siamo noi, donne&#8221;, con Evarossella Biolo. Accompagnano la lettura spettacolo il pianoforte e la voce del musicista Carlo Colombo.<\/p>\n<p>Organizzato dal Comune di Auronzo di Cadore in collaborazione con Luisa Trevisi \u2013 Idee che danno spettacolo in occasione della Giornata internazionale per l&#8217;eliminazione della violenza contro le donne 2022, lettura spettacolo Siamo noi, donne di Mat\u00e0z Teatro.<\/p>\n<p>Il mondo femminile \u00e8 vario e variegato. Le milioni di sfumature che una personalit\u00e0 al femminile pu\u00f2 prendere, al di l\u00e0 degli stereotipi, sono moltissime e, se guardate con ironia e con un pizzico di autocritica, diventano un arcobaleno di colori.<\/p>\n<p>Questa lettura spettacolo vuole dare voce a questo universo di volti femminili, e alle loro vicende con le amiche, alle loro disavventure con gli uomini e a quei terribili e insostituibili momenti in cui da sole, davanti allo specchio, ci guardiamo piangere e ci viene da ridere&#8230; da ridere a crepapelle e ci vediamo nuovamente belle.<\/p>\n<p>Lo sguardo con cui sono interpretati i personaggi in questa lettura spettacolo \u00e8 ironico e pieno d&#8217;amore e i testi sono quelli comici e intelligenti di Lella Costa accostati ad alcuni frammenti di altre autrici quali Franca Rame e Franca Valeri. Tutte persone che hanno saputo rappresentare la donna in tutte le sue meravigliose sfumature.<\/p>\n<p>&nbsp;<\/p>\n<p><strong>Gli artisti<\/strong><\/p>\n<p><strong>EVAROSSELLA BIOLO<\/strong><\/p>\n<p>Teatro<\/p>\n<p>La sua formazione d&#8217;attrice \u00e8 avvenuta soprattutto attraverso il lavoro con Yoshi Oida, Tapa Sudana, Eugenio Allegri, Enrico Bonavera, Carlos Alsina e Cristina Pezzoli.<\/p>\n<p>Nell&#8217;ultima parte del suo percorso di attrice ha seguito il lavoro sul racconto di Laura Curino e Roberto Anglisani. In particolare ha approfondito la narrazione di Ascanio Celestini, che unisce la ricerca etnografica all&#8217;arte del raccontare, seguendolo per un anno nei suoi laboratori di ricerca; e di Giuliana Musso con cui ha fatto un percorso di teatro d&#8217;indagine sulla base americana di Vicenza Dal Molin, durato un anno. Con la collega E. Mazzullo sta sviluppando un percorso.<\/p>\n<p>Lavora in diversi spettacoli nel ruolo di attrice e ideatrice per La Piccionaia-I Carrara, gruppo Tradimenti, di Vicenza e con la giovane compagnia Mat\u00e0z Teatro che ha recentemente prodotto con Dedalofurioso &#8220;Le allegre comari&#8221; testo Andrea Pennacchi e &#8220;Il malloppo&#8221; testo e regia Vitaliano Trevisan.<\/p>\n<p>Produce spettacoli propri e progetti appoggiata dal gruppo Manonuda Teatro.<\/p>\n<p>L&#8217;ultima produzione Corpo in affitto per la regia di Marco Artusi, \u00e8 arrivata finalista al premio OFF del Teatro Stabile del Veneto diretto da Alessandro Gassman.<\/p>\n<p>Clown<\/p>\n<p>Ha approfondito la poetica del clown con alcuni insegnanti della scuola francese tra cui Giovanni Fusetti, Paola Coletto, Ted Kaiser, Maril Van Den Broek, Andr\u00e8 Casacas e sviluppandola in diversi spettacoli e progetti con i colleghi Alberto Cacopardi e Mirco Trevisan.<\/p>\n<p>Collabora con il Teatro C&#8217;art di Castelfiorentino (FI) in spettacoli di clown.<\/p>\n<p>Danza<\/p>\n<p>Ha costantemente lavorato sul corpo d&#8217;attrice approfondendone le possibilit\u00e0 espressive con la danza di Carolin Carson. Attraverso il teatro-danza e il canto con la compagnia il Balletto Civile diretto da Michela Lucenti e, negli ultimi due anni con il danzatore butoh Atsushi Takenouchi e con il collega Albero Cacopardi.<\/p>\n<p>Didattica teatrale e ricerca<\/p>\n<p>Dottoressa in Sc. dell&#8217;Educazione, PhD in Sc. Storiche specializzata in ricerche su teatro e territorio.<\/p>\n<p>Collabora con l&#8217;Universit\u00e0 di Padova (Dipartimento di Geografia) per quanto riguarda le relazioni tra teatro e territorio.<\/p>\n<p>Tiene seminari e corsi di teatro per professionisti e non.<\/p>\n<p>La didattica sviluppata in questi anni fa perno su alcuni concetti quali la relazione, l&#8217;ascolto, la conoscenza di s\u00e9 e del gruppo.<\/p>\n<p><strong>CARLO COLOMBO<\/strong><\/p>\n<p>Musicista autore e pianista trevigiano, classe 1970, si avvicina al pianoforte all&#8217;et\u00e0 di quattordici anni iniziando lo studio della musica classica.<\/p>\n<p>Verso la fine degli anni 80 inizia con delle formazioni rock come tastierista e fonda nel 1989 l&#8217;H.S.H. band, formazione di rock sperimentale con la quale vince il primo premio al festival del video indipendente di Monza, sez. Videoclip, con il brano &#8220;Televideo&#8221;.<\/p>\n<p>Per un anno \u00e8 stato pianista del duo di cabaret &#8220;Caff\u00e8 Sconcerto&#8221; che lo ha portato in giro per l&#8217;Italia in svariati spettacoli. Parallelamente al rock sperimentale e al cabaret, Colombo continua lo studio del pianoforte e si avvicina al jazz grazie ad una borsa di studio vinta nel 1992 che lo porta ad una full-immersion di quattro mesi studiando con musicisti jazz di livello mondiale quali Harold Danko, Mark Egan, Vic Juris, Maurizio Caldura, Ares Tavolazzi, Bruno Cesselli ed altri.<\/p>\n<p>Alla fine dei 90 inizia la carriera di autore, pubblica cinque cd e vince nel 2003 la &#8220;Gondola d&#8217;argento&#8221; a Venezia con il brano &#8220;L&#8217;intellettuale ad agosto&#8221;.<\/p>\n<p>Oggi oltre al progetto swing italiano d&#8217;autore, collabora come pianista e compositore in diverse formazioni che spaziano dallo swing alla musica elettronica, pop ed altro.<\/p>\n<p>Dal 2013 al 2015 \u00e8 direttore ed arrangiatore della &#8220;Portobuffol\u00e8 Swing Orchestra&#8221;.<\/p>\n<p>Con il marchio &#8220;Officine Golob&#8221; produce nel suo studio colonne sonore e sonorizzazioni.<\/p>\n<p>Il suo catalogo musiche \u00e8 presente in numerosi portali di sonorizzazioni: Pond5, Getty Images Music, Crucialmusic, Intervox, ecc.<\/p>\n<p>Nel 2015 entra nel team compositori della &#8220;Pong Ping&#8221;, libreria finlandese di musiche interattive per videogiochi.<\/p>\n<p>Nello stesso anno compone le musiche e sound design per il gioco per visore oculus Vrasteroid prodotto dalla Spinvector Spa, per la stessa azienda cura il sound design per l&#8217;installazione &#8220;Torre San Mauro&#8221; a San Mauro Forte-MT.<\/p>\n<p>Dal 2016 entra a far parte del team sviluppo videogiochi&#8221;Bat Meeting&#8221; come creativo, compositore e sound designer.<\/p>\n<p>Nel 2018 due canzoni tratte dall&#8217;album &#8220;Vai&#8221; sono inserite nella colonna sonora di due film americani: &#8220;Pizza siciliana&#8221; nel film &#8220;The Honor list&#8221; di Elissa Down e &#8220;Din don dan&#8221; nel film &#8220;Book club&#8221; di Bill Holderman con Diane Keaton e Jane Fonda.<\/p>\n<p>Nel 2019 si classifica al primo posto nel concorso internazionale di composizione ed esecuzione &#8220;Due sotto&#8221;.<\/p>\n<p>Nel 2020 compone le musiche originali per lo spettacolo Sopravvivere agli anni &#8217;20 in cui \u00e8 anche attore e musicista.<\/p>\n<p>A febbraio 2021 debutta con il nuovo spettacolo teatrale da lui scritto e interpretato: Mili muoi \u2013 L&#8217;esodo dei miei.<\/p>\n<p>A novembre 2021 debutta con il nuovo concerto \/ spettacolo: Carlo Colombo Canta la Donna.<\/p>\n<p>A ottobre 2022 debutta con il nuovo concerto \/ spettacolo: Il musicista innamorato, cronologia di un playboy.<\/p>\n<p>&nbsp;<\/p>","protected":false},"excerpt":{"rendered":"<p>&nbsp; Luned\u00ec 11 novembre alle ore 21:00 in Sala Consiliare del Municipio di Auronzo di Cadore in via Roma, 24 va in scena lo spettacolo &#8220;Siamo noi, donne&#8221;, con Evarossella Biolo. Accompagnano la lettura spettacolo il pianoforte e la voce del musicista Carlo Colombo. Organizzato dal Comune di Auronzo di Cadore in collaborazione con Luisa [&hellip;]<\/p>\n","protected":false},"author":2,"featured_media":137506,"comment_status":"closed","ping_status":"open","sticky":false,"template":"","format":"standard","meta":{"footnotes":""},"categories":[27,3,25],"tags":[],"class_list":["post-137505","post","type-post","status-publish","format-standard","has-post-thumbnail","category-appuntamenti","category-arte-cultura-spettacoli-scienza-archivi","category-pausa-caffe"],"yoast_head":"<!-- This site is optimized with the Yoast SEO plugin v28.4 - https:\/\/yoast.com\/product\/yoast-seo-wordpress\/ -->\n<title>Siamo noi, donne. Ad Auronzo di Cadore Venerd\u00ec 11 novembre con Evarossella Biolo - Bellunopress - Dolomiti<\/title>\n<meta name=\"robots\" content=\"index, follow, max-snippet:-1, max-image-preview:large, max-video-preview:-1\" \/>\n<link rel=\"canonical\" href=\"https:\/\/www.bellunopress.it\/fr\/2022\/11\/06\/siamo-noi-donne-ad-auronzo-di-cadore-venerdi-11-novembre\/\" \/>\n<meta property=\"og:locale\" content=\"fr_FR\" \/>\n<meta property=\"og:type\" content=\"article\" \/>\n<meta property=\"og:title\" content=\"Siamo noi, donne. Ad Auronzo di Cadore Venerd\u00ec 11 novembre con Evarossella Biolo - Bellunopress - Dolomiti\" \/>\n<meta property=\"og:description\" content=\"&nbsp; Luned\u00ec 11 novembre alle ore 21:00 in Sala Consiliare del Municipio di Auronzo di Cadore in via Roma, 24 va in scena lo spettacolo &#8220;Siamo noi, donne&#8221;, con Evarossella Biolo. Accompagnano la lettura spettacolo il pianoforte e la voce del musicista Carlo Colombo. Organizzato dal Comune di Auronzo di Cadore in collaborazione con Luisa [&hellip;]\" \/>\n<meta property=\"og:url\" content=\"https:\/\/www.bellunopress.it\/fr\/2022\/11\/06\/siamo-noi-donne-ad-auronzo-di-cadore-venerdi-11-novembre\/\" \/>\n<meta property=\"og:site_name\" content=\"Bellunopress - Dolomiti\" \/>\n<meta property=\"article:publisher\" content=\"https:\/\/www.facebook.com\/profile.php?id=100008943462799\" \/>\n<meta property=\"article:published_time\" content=\"2022-11-06T14:22:32+00:00\" \/>\n<meta property=\"article:modified_time\" content=\"2022-11-06T14:23:12+00:00\" \/>\n<meta property=\"og:image\" content=\"https:\/\/www.bellunopress.it\/wp-content\/uploads\/2022\/11\/Evarossella-Biolo_edited.jpg\" \/>\n\t<meta property=\"og:image:width\" content=\"667\" \/>\n\t<meta property=\"og:image:height\" content=\"1000\" \/>\n\t<meta property=\"og:image:type\" content=\"image\/jpeg\" \/>\n<meta name=\"author\" content=\"redazione\" \/>\n<meta name=\"twitter:card\" content=\"summary_large_image\" \/>\n<meta name=\"twitter:creator\" content=\"@bellunopress\" \/>\n<meta name=\"twitter:site\" content=\"@bellunopress\" \/>\n<meta name=\"twitter:label1\" content=\"Written by\" \/>\n\t<meta name=\"twitter:data1\" content=\"redazione\" \/>\n\t<meta name=\"twitter:label2\" content=\"Est. reading time\" \/>\n\t<meta name=\"twitter:data2\" content=\"6 minutes\" \/>\n<script type=\"application\/ld+json\" class=\"yoast-schema-graph\">{\"@context\":\"https:\\\/\\\/schema.org\",\"@graph\":[{\"@type\":\"Article\",\"@id\":\"https:\\\/\\\/www.bellunopress.it\\\/2022\\\/11\\\/06\\\/siamo-noi-donne-ad-auronzo-di-cadore-venerdi-11-novembre\\\/#article\",\"isPartOf\":{\"@id\":\"https:\\\/\\\/www.bellunopress.it\\\/2022\\\/11\\\/06\\\/siamo-noi-donne-ad-auronzo-di-cadore-venerdi-11-novembre\\\/\"},\"author\":{\"name\":\"redazione\",\"@id\":\"https:\\\/\\\/www.bellunopress.it\\\/#\\\/schema\\\/person\\\/79bb06722b37ece1c03d3e94beb30d73\"},\"headline\":\"Siamo noi, donne. Ad Auronzo di Cadore Venerd\u00ec 11 novembre con Evarossella Biolo\",\"datePublished\":\"2022-11-06T14:22:32+00:00\",\"dateModified\":\"2022-11-06T14:23:12+00:00\",\"mainEntityOfPage\":{\"@id\":\"https:\\\/\\\/www.bellunopress.it\\\/2022\\\/11\\\/06\\\/siamo-noi-donne-ad-auronzo-di-cadore-venerdi-11-novembre\\\/\"},\"wordCount\":1052,\"publisher\":{\"@id\":\"https:\\\/\\\/www.bellunopress.it\\\/#organization\"},\"image\":{\"@id\":\"https:\\\/\\\/www.bellunopress.it\\\/2022\\\/11\\\/06\\\/siamo-noi-donne-ad-auronzo-di-cadore-venerdi-11-novembre\\\/#primaryimage\"},\"thumbnailUrl\":\"https:\\\/\\\/www.bellunopress.it\\\/wp-content\\\/uploads\\\/2022\\\/11\\\/Evarossella-Biolo_edited.jpg\",\"articleSection\":[\"Appuntamenti, Eventi\",\"Arte, Cultura, Spettacoli, Scienza\",\"Pausa Caff\u00e8\"],\"inLanguage\":\"fr-FR\"},{\"@type\":\"WebPage\",\"@id\":\"https:\\\/\\\/www.bellunopress.it\\\/2022\\\/11\\\/06\\\/siamo-noi-donne-ad-auronzo-di-cadore-venerdi-11-novembre\\\/\",\"url\":\"https:\\\/\\\/www.bellunopress.it\\\/2022\\\/11\\\/06\\\/siamo-noi-donne-ad-auronzo-di-cadore-venerdi-11-novembre\\\/\",\"name\":\"Siamo noi, donne. Ad Auronzo di Cadore Venerd\u00ec 11 novembre con Evarossella Biolo - Bellunopress - Dolomiti\",\"isPartOf\":{\"@id\":\"https:\\\/\\\/www.bellunopress.it\\\/#website\"},\"primaryImageOfPage\":{\"@id\":\"https:\\\/\\\/www.bellunopress.it\\\/2022\\\/11\\\/06\\\/siamo-noi-donne-ad-auronzo-di-cadore-venerdi-11-novembre\\\/#primaryimage\"},\"image\":{\"@id\":\"https:\\\/\\\/www.bellunopress.it\\\/2022\\\/11\\\/06\\\/siamo-noi-donne-ad-auronzo-di-cadore-venerdi-11-novembre\\\/#primaryimage\"},\"thumbnailUrl\":\"https:\\\/\\\/www.bellunopress.it\\\/wp-content\\\/uploads\\\/2022\\\/11\\\/Evarossella-Biolo_edited.jpg\",\"datePublished\":\"2022-11-06T14:22:32+00:00\",\"dateModified\":\"2022-11-06T14:23:12+00:00\",\"breadcrumb\":{\"@id\":\"https:\\\/\\\/www.bellunopress.it\\\/2022\\\/11\\\/06\\\/siamo-noi-donne-ad-auronzo-di-cadore-venerdi-11-novembre\\\/#breadcrumb\"},\"inLanguage\":\"fr-FR\",\"potentialAction\":[{\"@type\":\"ReadAction\",\"target\":[\"https:\\\/\\\/www.bellunopress.it\\\/2022\\\/11\\\/06\\\/siamo-noi-donne-ad-auronzo-di-cadore-venerdi-11-novembre\\\/\"]}]},{\"@type\":\"ImageObject\",\"inLanguage\":\"fr-FR\",\"@id\":\"https:\\\/\\\/www.bellunopress.it\\\/2022\\\/11\\\/06\\\/siamo-noi-donne-ad-auronzo-di-cadore-venerdi-11-novembre\\\/#primaryimage\",\"url\":\"https:\\\/\\\/www.bellunopress.it\\\/wp-content\\\/uploads\\\/2022\\\/11\\\/Evarossella-Biolo_edited.jpg\",\"contentUrl\":\"https:\\\/\\\/www.bellunopress.it\\\/wp-content\\\/uploads\\\/2022\\\/11\\\/Evarossella-Biolo_edited.jpg\",\"width\":667,\"height\":1000,\"caption\":\"Evarossella Biolo\"},{\"@type\":\"BreadcrumbList\",\"@id\":\"https:\\\/\\\/www.bellunopress.it\\\/2022\\\/11\\\/06\\\/siamo-noi-donne-ad-auronzo-di-cadore-venerdi-11-novembre\\\/#breadcrumb\",\"itemListElement\":[{\"@type\":\"ListItem\",\"position\":1,\"name\":\"Home\",\"item\":\"https:\\\/\\\/www.bellunopress.it\\\/\"},{\"@type\":\"ListItem\",\"position\":2,\"name\":\"Siamo noi, donne. Ad Auronzo di Cadore Venerd\u00ec 11 novembre con Evarossella Biolo\"}]},{\"@type\":\"WebSite\",\"@id\":\"https:\\\/\\\/www.bellunopress.it\\\/#website\",\"url\":\"https:\\\/\\\/www.bellunopress.it\\\/\",\"name\":\"Bellunopress - Dolomiti\",\"description\":\"e-mail: redazione@bellunopress.it\",\"publisher\":{\"@id\":\"https:\\\/\\\/www.bellunopress.it\\\/#organization\"},\"potentialAction\":[{\"@type\":\"SearchAction\",\"target\":{\"@type\":\"EntryPoint\",\"urlTemplate\":\"https:\\\/\\\/www.bellunopress.it\\\/?s={search_term_string}\"},\"query-input\":{\"@type\":\"PropertyValueSpecification\",\"valueRequired\":true,\"valueName\":\"search_term_string\"}}],\"inLanguage\":\"fr-FR\"},{\"@type\":\"Organization\",\"@id\":\"https:\\\/\\\/www.bellunopress.it\\\/#organization\",\"name\":\"Bellunopress\",\"url\":\"https:\\\/\\\/www.bellunopress.it\\\/\",\"logo\":{\"@type\":\"ImageObject\",\"inLanguage\":\"fr-FR\",\"@id\":\"https:\\\/\\\/www.bellunopress.it\\\/#\\\/schema\\\/logo\\\/image\\\/\",\"url\":\"https:\\\/\\\/www.bellunopress.it\\\/wp-content\\\/uploads\\\/2011\\\/05\\\/cropped-logo-bellunopress-.jpg\",\"contentUrl\":\"https:\\\/\\\/www.bellunopress.it\\\/wp-content\\\/uploads\\\/2011\\\/05\\\/cropped-logo-bellunopress-.jpg\",\"width\":512,\"height\":512,\"caption\":\"Bellunopress\"},\"image\":{\"@id\":\"https:\\\/\\\/www.bellunopress.it\\\/#\\\/schema\\\/logo\\\/image\\\/\"},\"sameAs\":[\"https:\\\/\\\/www.facebook.com\\\/profile.php?id=100008943462799\",\"https:\\\/\\\/x.com\\\/bellunopress\",\"https:\\\/\\\/www.linkedin.com\\\/hp\\\/?dnr=JBzUWaJfMUw8vbXJJ2tVW5-I3jZKvC4wsoxE&amp;amp;amp;amp;amp;amp;trk=nav_responsive_tab_home\",\"https:\\\/\\\/www.youtube.com\\\/channel\\\/UCxL0wu1uN0_3_7hGG0306cw\"]},{\"@type\":\"Person\",\"@id\":\"https:\\\/\\\/www.bellunopress.it\\\/#\\\/schema\\\/person\\\/79bb06722b37ece1c03d3e94beb30d73\",\"name\":\"redazione\",\"image\":{\"@type\":\"ImageObject\",\"inLanguage\":\"fr-FR\",\"@id\":\"https:\\\/\\\/secure.gravatar.com\\\/avatar\\\/37d968a2e67a6fd04c169c4bdef102d0bc5d31b2546345219e348575eb80e9a0?s=96&d=mm&r=g\",\"url\":\"https:\\\/\\\/secure.gravatar.com\\\/avatar\\\/37d968a2e67a6fd04c169c4bdef102d0bc5d31b2546345219e348575eb80e9a0?s=96&d=mm&r=g\",\"contentUrl\":\"https:\\\/\\\/secure.gravatar.com\\\/avatar\\\/37d968a2e67a6fd04c169c4bdef102d0bc5d31b2546345219e348575eb80e9a0?s=96&d=mm&r=g\",\"caption\":\"redazione\"},\"sameAs\":[\"http:\\\/\\\/www.bellunopress.it\",\"https:\\\/\\\/x.com\\\/bellunopress\"],\"url\":\"https:\\\/\\\/www.bellunopress.it\\\/fr\\\/author\\\/redazione\\\/\"}]}<\/script>\n<!-- \/ Yoast SEO plugin. -->","yoast_head_json":{"title":"Siamo noi, donne. Ad Auronzo di Cadore Venerd\u00ec 11 novembre con Evarossella Biolo - Bellunopress - Dolomiti","robots":{"index":"index","follow":"follow","max-snippet":"max-snippet:-1","max-image-preview":"max-image-preview:large","max-video-preview":"max-video-preview:-1"},"canonical":"https:\/\/www.bellunopress.it\/fr\/2022\/11\/06\/siamo-noi-donne-ad-auronzo-di-cadore-venerdi-11-novembre\/","og_locale":"fr_FR","og_type":"article","og_title":"Siamo noi, donne. Ad Auronzo di Cadore Venerd\u00ec 11 novembre con Evarossella Biolo - Bellunopress - Dolomiti","og_description":"&nbsp; Luned\u00ec 11 novembre alle ore 21:00 in Sala Consiliare del Municipio di Auronzo di Cadore in via Roma, 24 va in scena lo spettacolo &#8220;Siamo noi, donne&#8221;, con Evarossella Biolo. Accompagnano la lettura spettacolo il pianoforte e la voce del musicista Carlo Colombo. Organizzato dal Comune di Auronzo di Cadore in collaborazione con Luisa [&hellip;]","og_url":"https:\/\/www.bellunopress.it\/fr\/2022\/11\/06\/siamo-noi-donne-ad-auronzo-di-cadore-venerdi-11-novembre\/","og_site_name":"Bellunopress - Dolomiti","article_publisher":"https:\/\/www.facebook.com\/profile.php?id=100008943462799","article_published_time":"2022-11-06T14:22:32+00:00","article_modified_time":"2022-11-06T14:23:12+00:00","og_image":[{"width":667,"height":1000,"url":"https:\/\/www.bellunopress.it\/wp-content\/uploads\/2022\/11\/Evarossella-Biolo_edited.jpg","type":"image\/jpeg"}],"author":"redazione","twitter_card":"summary_large_image","twitter_creator":"@bellunopress","twitter_site":"@bellunopress","twitter_misc":{"Written by":"redazione","Est. reading time":"6 minutes"},"schema":{"@context":"https:\/\/schema.org","@graph":[{"@type":"Article","@id":"https:\/\/www.bellunopress.it\/2022\/11\/06\/siamo-noi-donne-ad-auronzo-di-cadore-venerdi-11-novembre\/#article","isPartOf":{"@id":"https:\/\/www.bellunopress.it\/2022\/11\/06\/siamo-noi-donne-ad-auronzo-di-cadore-venerdi-11-novembre\/"},"author":{"name":"redazione","@id":"https:\/\/www.bellunopress.it\/#\/schema\/person\/79bb06722b37ece1c03d3e94beb30d73"},"headline":"Siamo noi, donne. Ad Auronzo di Cadore Venerd\u00ec 11 novembre con Evarossella Biolo","datePublished":"2022-11-06T14:22:32+00:00","dateModified":"2022-11-06T14:23:12+00:00","mainEntityOfPage":{"@id":"https:\/\/www.bellunopress.it\/2022\/11\/06\/siamo-noi-donne-ad-auronzo-di-cadore-venerdi-11-novembre\/"},"wordCount":1052,"publisher":{"@id":"https:\/\/www.bellunopress.it\/#organization"},"image":{"@id":"https:\/\/www.bellunopress.it\/2022\/11\/06\/siamo-noi-donne-ad-auronzo-di-cadore-venerdi-11-novembre\/#primaryimage"},"thumbnailUrl":"https:\/\/www.bellunopress.it\/wp-content\/uploads\/2022\/11\/Evarossella-Biolo_edited.jpg","articleSection":["Appuntamenti, Eventi","Arte, Cultura, Spettacoli, Scienza","Pausa Caff\u00e8"],"inLanguage":"fr-FR"},{"@type":"WebPage","@id":"https:\/\/www.bellunopress.it\/2022\/11\/06\/siamo-noi-donne-ad-auronzo-di-cadore-venerdi-11-novembre\/","url":"https:\/\/www.bellunopress.it\/2022\/11\/06\/siamo-noi-donne-ad-auronzo-di-cadore-venerdi-11-novembre\/","name":"Siamo noi, donne. Ad Auronzo di Cadore Venerd\u00ec 11 novembre con Evarossella Biolo - Bellunopress - Dolomiti","isPartOf":{"@id":"https:\/\/www.bellunopress.it\/#website"},"primaryImageOfPage":{"@id":"https:\/\/www.bellunopress.it\/2022\/11\/06\/siamo-noi-donne-ad-auronzo-di-cadore-venerdi-11-novembre\/#primaryimage"},"image":{"@id":"https:\/\/www.bellunopress.it\/2022\/11\/06\/siamo-noi-donne-ad-auronzo-di-cadore-venerdi-11-novembre\/#primaryimage"},"thumbnailUrl":"https:\/\/www.bellunopress.it\/wp-content\/uploads\/2022\/11\/Evarossella-Biolo_edited.jpg","datePublished":"2022-11-06T14:22:32+00:00","dateModified":"2022-11-06T14:23:12+00:00","breadcrumb":{"@id":"https:\/\/www.bellunopress.it\/2022\/11\/06\/siamo-noi-donne-ad-auronzo-di-cadore-venerdi-11-novembre\/#breadcrumb"},"inLanguage":"fr-FR","potentialAction":[{"@type":"ReadAction","target":["https:\/\/www.bellunopress.it\/2022\/11\/06\/siamo-noi-donne-ad-auronzo-di-cadore-venerdi-11-novembre\/"]}]},{"@type":"ImageObject","inLanguage":"fr-FR","@id":"https:\/\/www.bellunopress.it\/2022\/11\/06\/siamo-noi-donne-ad-auronzo-di-cadore-venerdi-11-novembre\/#primaryimage","url":"https:\/\/www.bellunopress.it\/wp-content\/uploads\/2022\/11\/Evarossella-Biolo_edited.jpg","contentUrl":"https:\/\/www.bellunopress.it\/wp-content\/uploads\/2022\/11\/Evarossella-Biolo_edited.jpg","width":667,"height":1000,"caption":"Evarossella Biolo"},{"@type":"BreadcrumbList","@id":"https:\/\/www.bellunopress.it\/2022\/11\/06\/siamo-noi-donne-ad-auronzo-di-cadore-venerdi-11-novembre\/#breadcrumb","itemListElement":[{"@type":"ListItem","position":1,"name":"Home","item":"https:\/\/www.bellunopress.it\/"},{"@type":"ListItem","position":2,"name":"Siamo noi, donne. Ad Auronzo di Cadore Venerd\u00ec 11 novembre con Evarossella Biolo"}]},{"@type":"WebSite","@id":"https:\/\/www.bellunopress.it\/#website","url":"https:\/\/www.bellunopress.it\/","name":"Bellunopress - Dolomiti","description":"e-mail: redazione@bellunopress.it","publisher":{"@id":"https:\/\/www.bellunopress.it\/#organization"},"potentialAction":[{"@type":"SearchAction","target":{"@type":"EntryPoint","urlTemplate":"https:\/\/www.bellunopress.it\/?s={search_term_string}"},"query-input":{"@type":"PropertyValueSpecification","valueRequired":true,"valueName":"search_term_string"}}],"inLanguage":"fr-FR"},{"@type":"Organization","@id":"https:\/\/www.bellunopress.it\/#organization","name":"Bellunopress","url":"https:\/\/www.bellunopress.it\/","logo":{"@type":"ImageObject","inLanguage":"fr-FR","@id":"https:\/\/www.bellunopress.it\/#\/schema\/logo\/image\/","url":"https:\/\/www.bellunopress.it\/wp-content\/uploads\/2011\/05\/cropped-logo-bellunopress-.jpg","contentUrl":"https:\/\/www.bellunopress.it\/wp-content\/uploads\/2011\/05\/cropped-logo-bellunopress-.jpg","width":512,"height":512,"caption":"Bellunopress"},"image":{"@id":"https:\/\/www.bellunopress.it\/#\/schema\/logo\/image\/"},"sameAs":["https:\/\/www.facebook.com\/profile.php?id=100008943462799","https:\/\/x.com\/bellunopress","https:\/\/www.linkedin.com\/hp\/?dnr=JBzUWaJfMUw8vbXJJ2tVW5-I3jZKvC4wsoxE&amp;amp;amp;amp;amp;amp;trk=nav_responsive_tab_home","https:\/\/www.youtube.com\/channel\/UCxL0wu1uN0_3_7hGG0306cw"]},{"@type":"Person","@id":"https:\/\/www.bellunopress.it\/#\/schema\/person\/79bb06722b37ece1c03d3e94beb30d73","name":"r\u00e9daction","image":{"@type":"ImageObject","inLanguage":"fr-FR","@id":"https:\/\/secure.gravatar.com\/avatar\/37d968a2e67a6fd04c169c4bdef102d0bc5d31b2546345219e348575eb80e9a0?s=96&d=mm&r=g","url":"https:\/\/secure.gravatar.com\/avatar\/37d968a2e67a6fd04c169c4bdef102d0bc5d31b2546345219e348575eb80e9a0?s=96&d=mm&r=g","contentUrl":"https:\/\/secure.gravatar.com\/avatar\/37d968a2e67a6fd04c169c4bdef102d0bc5d31b2546345219e348575eb80e9a0?s=96&d=mm&r=g","caption":"redazione"},"sameAs":["http:\/\/www.bellunopress.it","https:\/\/x.com\/bellunopress"],"url":"https:\/\/www.bellunopress.it\/fr\/author\/redazione\/"}]}},"_links":{"self":[{"href":"https:\/\/www.bellunopress.it\/fr\/wp-json\/wp\/v2\/posts\/137505","targetHints":{"allow":["GET"]}}],"collection":[{"href":"https:\/\/www.bellunopress.it\/fr\/wp-json\/wp\/v2\/posts"}],"about":[{"href":"https:\/\/www.bellunopress.it\/fr\/wp-json\/wp\/v2\/types\/post"}],"author":[{"embeddable":true,"href":"https:\/\/www.bellunopress.it\/fr\/wp-json\/wp\/v2\/users\/2"}],"replies":[{"embeddable":true,"href":"https:\/\/www.bellunopress.it\/fr\/wp-json\/wp\/v2\/comments?post=137505"}],"version-history":[{"count":2,"href":"https:\/\/www.bellunopress.it\/fr\/wp-json\/wp\/v2\/posts\/137505\/revisions"}],"predecessor-version":[{"id":137508,"href":"https:\/\/www.bellunopress.it\/fr\/wp-json\/wp\/v2\/posts\/137505\/revisions\/137508"}],"wp:featuredmedia":[{"embeddable":true,"href":"https:\/\/www.bellunopress.it\/fr\/wp-json\/wp\/v2\/media\/137506"}],"wp:attachment":[{"href":"https:\/\/www.bellunopress.it\/fr\/wp-json\/wp\/v2\/media?parent=137505"}],"wp:term":[{"taxonomy":"category","embeddable":true,"href":"https:\/\/www.bellunopress.it\/fr\/wp-json\/wp\/v2\/categories?post=137505"},{"taxonomy":"post_tag","embeddable":true,"href":"https:\/\/www.bellunopress.it\/fr\/wp-json\/wp\/v2\/tags?post=137505"}],"curies":[{"name":"wp","href":"https:\/\/api.w.org\/{rel}","templated":true}]}}