{"id":137501,"date":"2022-11-06T14:58:59","date_gmt":"2022-11-06T13:58:59","guid":{"rendered":"https:\/\/www.bellunopress.it\/?p=137501"},"modified":"2022-11-06T14:58:59","modified_gmt":"2022-11-06T13:58:59","slug":"unicef-belluno-i-bambini-per-i-bambini-note-di-solidarieta-giovedi-1830-al-teatro-comunale","status":"publish","type":"post","link":"https:\/\/www.bellunopress.it\/fr\/2022\/11\/06\/unicef-belluno-i-bambini-per-i-bambini-note-di-solidarieta-giovedi-1830-al-teatro-comunale\/","title":{"rendered":"Unicef Belluno. I Bambini per i Bambini: note di Solidariet\u00e0. Gioved\u00ec. 18:30 al Teatro comunale"},"content":{"rendered":"<figure id=\"attachment_124507\" aria-describedby=\"caption-attachment-124507\" style=\"width: 1000px\" class=\"wp-caption alignleft\"><img loading=\"lazy\" decoding=\"async\" class=\"size-full wp-image-124507\" src=\"https:\/\/www.bellunopress.it\/wp-content\/uploads\/2021\/05\/teatro-comunale_edited.jpg\" alt=\"\" width=\"1000\" height=\"743\" srcset=\"https:\/\/www.bellunopress.it\/wp-content\/uploads\/2021\/05\/teatro-comunale_edited.jpg 1000w, https:\/\/www.bellunopress.it\/wp-content\/uploads\/2021\/05\/teatro-comunale_edited-500x372.jpg 500w, https:\/\/www.bellunopress.it\/wp-content\/uploads\/2021\/05\/teatro-comunale_edited-485x360.jpg 485w, https:\/\/www.bellunopress.it\/wp-content\/uploads\/2021\/05\/teatro-comunale_edited-696x517.jpg 696w, https:\/\/www.bellunopress.it\/wp-content\/uploads\/2021\/05\/teatro-comunale_edited-565x420.jpg 565w, https:\/\/www.bellunopress.it\/wp-content\/uploads\/2021\/05\/teatro-comunale_edited-80x60.jpg 80w, https:\/\/www.bellunopress.it\/wp-content\/uploads\/2021\/05\/teatro-comunale_edited-265x198.jpg 265w\" sizes=\"auto, (max-width: 1000px) 100vw, 1000px\" \/><figcaption id=\"caption-attachment-124507\" class=\"wp-caption-text\">Teatro Comunale di Belluno<\/figcaption><\/figure>\n<p>Gioved\u00ec 10 novembre alle ore 18.30 al Teatro Comunale di Belluno Il Comitato provinciale di Unicef presieduto da Maria Cristina Zoleo, ha voluto organizzare, grazie alla preziosa collaborazione delle insegnanti di musica del Liceo musicale Renier, dell\u2019I.C3 (scuole Gabelli, Borgo Piave, Castion e Badilet) e Coro Arcobaleno di Limana, un concerto con un titolo molto significativo: \u201cI Bambini per i Bambini: note di Solidariet\u00e0\u201d.<\/p>\n<p>La data non \u00e8 casuale, infatti nel mese di novembre ricorre l\u2019anniversario della Convenzione dei diritti dell\u2019infanzia e della adolescenza, approvata dall\u2019ONU il 20.11.1989 e ratificata dall\u2019Italia nel 1991. In essa sono contenuti 54 articoli che spiegano quali sono i diritti fondamentali di ogni bambino. Un plauso fortissimo ai bambini, ai ragazzi che canteranno e suoneranno per aiutare i purtroppo tantissimi bambini e ragazzi in Italia e nel Mondo che non hanno le stesse opportunit\u00e0 : penso che questo concerto di Solidariet\u00e0 e di Educazione civica rappresenti un momento di alto significato morale oltre alla consapevolezza di quali sono i diritti di ogni bambino, che presuppongono quindi i relativi doveri. Quale strumento migliore della musica per accordare la mente e i cuori creando un clima di leggerezza e armonia! Grazie a tutti!!!<\/p>","protected":false},"excerpt":{"rendered":"<p>Gioved\u00ec 10 novembre alle ore 18.30 al Teatro Comunale di Belluno Il Comitato provinciale di Unicef presieduto da Maria Cristina Zoleo, ha voluto organizzare, grazie alla preziosa collaborazione delle insegnanti di musica del Liceo musicale Renier, dell\u2019I.C3 (scuole Gabelli, Borgo Piave, Castion e Badilet) e Coro Arcobaleno di Limana, un concerto con un titolo molto [&hellip;]<\/p>\n","protected":false},"author":2,"featured_media":124507,"comment_status":"closed","ping_status":"open","sticky":false,"template":"","format":"standard","meta":{"footnotes":""},"categories":[3,25,15],"tags":[],"class_list":["post-137501","post","type-post","status-publish","format-standard","has-post-thumbnail","category-arte-cultura-spettacoli-scienza-archivi","category-pausa-caffe","category-scuola"],"yoast_head":"<!-- This site is optimized with the Yoast SEO plugin v28.4 - https:\/\/yoast.com\/product\/yoast-seo-wordpress\/ -->\n<title>Unicef Belluno. I Bambini per i Bambini: note di Solidariet\u00e0. Gioved\u00ec. 18:30 al Teatro comunale - Bellunopress - Dolomiti<\/title>\n<meta name=\"robots\" content=\"index, follow, max-snippet:-1, max-image-preview:large, max-video-preview:-1\" \/>\n<link rel=\"canonical\" href=\"https:\/\/www.bellunopress.it\/fr\/2022\/11\/06\/unicef-belluno-i-bambini-per-i-bambini-note-di-solidarieta-giovedi-1830-al-teatro-comunale\/\" \/>\n<meta property=\"og:locale\" content=\"fr_FR\" \/>\n<meta property=\"og:type\" content=\"article\" \/>\n<meta property=\"og:title\" content=\"Unicef Belluno. I Bambini per i Bambini: note di Solidariet\u00e0. Gioved\u00ec. 18:30 al Teatro comunale - Bellunopress - Dolomiti\" \/>\n<meta property=\"og:description\" content=\"Gioved\u00ec 10 novembre alle ore 18.30 al Teatro Comunale di Belluno Il Comitato provinciale di Unicef presieduto da Maria Cristina Zoleo, ha voluto organizzare, grazie alla preziosa collaborazione delle insegnanti di musica del Liceo musicale Renier, dell\u2019I.C3 (scuole Gabelli, Borgo Piave, Castion e Badilet) e Coro Arcobaleno di Limana, un concerto con un titolo molto [&hellip;]\" \/>\n<meta property=\"og:url\" content=\"https:\/\/www.bellunopress.it\/fr\/2022\/11\/06\/unicef-belluno-i-bambini-per-i-bambini-note-di-solidarieta-giovedi-1830-al-teatro-comunale\/\" \/>\n<meta property=\"og:site_name\" content=\"Bellunopress - Dolomiti\" \/>\n<meta property=\"article:publisher\" content=\"https:\/\/www.facebook.com\/profile.php?id=100008943462799\" \/>\n<meta property=\"article:published_time\" content=\"2022-11-06T13:58:59+00:00\" \/>\n<meta property=\"og:image\" content=\"https:\/\/www.bellunopress.it\/wp-content\/uploads\/2021\/05\/teatro-comunale_edited.jpg\" \/>\n\t<meta property=\"og:image:width\" content=\"1000\" \/>\n\t<meta property=\"og:image:height\" content=\"743\" \/>\n\t<meta property=\"og:image:type\" content=\"image\/jpeg\" \/>\n<meta name=\"author\" content=\"redazione\" \/>\n<meta name=\"twitter:card\" content=\"summary_large_image\" \/>\n<meta name=\"twitter:creator\" content=\"@bellunopress\" \/>\n<meta name=\"twitter:site\" content=\"@bellunopress\" \/>\n<meta name=\"twitter:label1\" content=\"Written by\" \/>\n\t<meta name=\"twitter:data1\" content=\"redazione\" \/>\n\t<meta name=\"twitter:label2\" content=\"Est. reading time\" \/>\n\t<meta name=\"twitter:data2\" content=\"2 minutes\" \/>\n<script type=\"application\/ld+json\" class=\"yoast-schema-graph\">{\"@context\":\"https:\\\/\\\/schema.org\",\"@graph\":[{\"@type\":\"Article\",\"@id\":\"https:\\\/\\\/www.bellunopress.it\\\/2022\\\/11\\\/06\\\/unicef-belluno-i-bambini-per-i-bambini-note-di-solidarieta-giovedi-1830-al-teatro-comunale\\\/#article\",\"isPartOf\":{\"@id\":\"https:\\\/\\\/www.bellunopress.it\\\/2022\\\/11\\\/06\\\/unicef-belluno-i-bambini-per-i-bambini-note-di-solidarieta-giovedi-1830-al-teatro-comunale\\\/\"},\"author\":{\"name\":\"redazione\",\"@id\":\"https:\\\/\\\/www.bellunopress.it\\\/#\\\/schema\\\/person\\\/79bb06722b37ece1c03d3e94beb30d73\"},\"headline\":\"Unicef Belluno. I Bambini per i Bambini: note di Solidariet\u00e0. Gioved\u00ec. 18:30 al Teatro comunale\",\"datePublished\":\"2022-11-06T13:58:59+00:00\",\"mainEntityOfPage\":{\"@id\":\"https:\\\/\\\/www.bellunopress.it\\\/2022\\\/11\\\/06\\\/unicef-belluno-i-bambini-per-i-bambini-note-di-solidarieta-giovedi-1830-al-teatro-comunale\\\/\"},\"wordCount\":220,\"publisher\":{\"@id\":\"https:\\\/\\\/www.bellunopress.it\\\/#organization\"},\"image\":{\"@id\":\"https:\\\/\\\/www.bellunopress.it\\\/2022\\\/11\\\/06\\\/unicef-belluno-i-bambini-per-i-bambini-note-di-solidarieta-giovedi-1830-al-teatro-comunale\\\/#primaryimage\"},\"thumbnailUrl\":\"https:\\\/\\\/www.bellunopress.it\\\/wp-content\\\/uploads\\\/2021\\\/05\\\/teatro-comunale_edited.jpg\",\"articleSection\":[\"Arte, Cultura, Spettacoli, Scienza\",\"Pausa Caff\u00e8\",\"Scuola\"],\"inLanguage\":\"fr-FR\"},{\"@type\":\"WebPage\",\"@id\":\"https:\\\/\\\/www.bellunopress.it\\\/2022\\\/11\\\/06\\\/unicef-belluno-i-bambini-per-i-bambini-note-di-solidarieta-giovedi-1830-al-teatro-comunale\\\/\",\"url\":\"https:\\\/\\\/www.bellunopress.it\\\/2022\\\/11\\\/06\\\/unicef-belluno-i-bambini-per-i-bambini-note-di-solidarieta-giovedi-1830-al-teatro-comunale\\\/\",\"name\":\"Unicef Belluno. I Bambini per i Bambini: note di Solidariet\u00e0. Gioved\u00ec. 18:30 al Teatro comunale - Bellunopress - Dolomiti\",\"isPartOf\":{\"@id\":\"https:\\\/\\\/www.bellunopress.it\\\/#website\"},\"primaryImageOfPage\":{\"@id\":\"https:\\\/\\\/www.bellunopress.it\\\/2022\\\/11\\\/06\\\/unicef-belluno-i-bambini-per-i-bambini-note-di-solidarieta-giovedi-1830-al-teatro-comunale\\\/#primaryimage\"},\"image\":{\"@id\":\"https:\\\/\\\/www.bellunopress.it\\\/2022\\\/11\\\/06\\\/unicef-belluno-i-bambini-per-i-bambini-note-di-solidarieta-giovedi-1830-al-teatro-comunale\\\/#primaryimage\"},\"thumbnailUrl\":\"https:\\\/\\\/www.bellunopress.it\\\/wp-content\\\/uploads\\\/2021\\\/05\\\/teatro-comunale_edited.jpg\",\"datePublished\":\"2022-11-06T13:58:59+00:00\",\"breadcrumb\":{\"@id\":\"https:\\\/\\\/www.bellunopress.it\\\/2022\\\/11\\\/06\\\/unicef-belluno-i-bambini-per-i-bambini-note-di-solidarieta-giovedi-1830-al-teatro-comunale\\\/#breadcrumb\"},\"inLanguage\":\"fr-FR\",\"potentialAction\":[{\"@type\":\"ReadAction\",\"target\":[\"https:\\\/\\\/www.bellunopress.it\\\/2022\\\/11\\\/06\\\/unicef-belluno-i-bambini-per-i-bambini-note-di-solidarieta-giovedi-1830-al-teatro-comunale\\\/\"]}]},{\"@type\":\"ImageObject\",\"inLanguage\":\"fr-FR\",\"@id\":\"https:\\\/\\\/www.bellunopress.it\\\/2022\\\/11\\\/06\\\/unicef-belluno-i-bambini-per-i-bambini-note-di-solidarieta-giovedi-1830-al-teatro-comunale\\\/#primaryimage\",\"url\":\"https:\\\/\\\/www.bellunopress.it\\\/wp-content\\\/uploads\\\/2021\\\/05\\\/teatro-comunale_edited.jpg\",\"contentUrl\":\"https:\\\/\\\/www.bellunopress.it\\\/wp-content\\\/uploads\\\/2021\\\/05\\\/teatro-comunale_edited.jpg\",\"width\":1000,\"height\":743,\"caption\":\"Teatro Comunale di Belluno\"},{\"@type\":\"BreadcrumbList\",\"@id\":\"https:\\\/\\\/www.bellunopress.it\\\/2022\\\/11\\\/06\\\/unicef-belluno-i-bambini-per-i-bambini-note-di-solidarieta-giovedi-1830-al-teatro-comunale\\\/#breadcrumb\",\"itemListElement\":[{\"@type\":\"ListItem\",\"position\":1,\"name\":\"Home\",\"item\":\"https:\\\/\\\/www.bellunopress.it\\\/\"},{\"@type\":\"ListItem\",\"position\":2,\"name\":\"Unicef Belluno. I Bambini per i Bambini: note di Solidariet\u00e0. Gioved\u00ec. 18:30 al Teatro comunale\"}]},{\"@type\":\"WebSite\",\"@id\":\"https:\\\/\\\/www.bellunopress.it\\\/#website\",\"url\":\"https:\\\/\\\/www.bellunopress.it\\\/\",\"name\":\"Bellunopress - Dolomiti\",\"description\":\"e-mail: redazione@bellunopress.it\",\"publisher\":{\"@id\":\"https:\\\/\\\/www.bellunopress.it\\\/#organization\"},\"potentialAction\":[{\"@type\":\"SearchAction\",\"target\":{\"@type\":\"EntryPoint\",\"urlTemplate\":\"https:\\\/\\\/www.bellunopress.it\\\/?s={search_term_string}\"},\"query-input\":{\"@type\":\"PropertyValueSpecification\",\"valueRequired\":true,\"valueName\":\"search_term_string\"}}],\"inLanguage\":\"fr-FR\"},{\"@type\":\"Organization\",\"@id\":\"https:\\\/\\\/www.bellunopress.it\\\/#organization\",\"name\":\"Bellunopress\",\"url\":\"https:\\\/\\\/www.bellunopress.it\\\/\",\"logo\":{\"@type\":\"ImageObject\",\"inLanguage\":\"fr-FR\",\"@id\":\"https:\\\/\\\/www.bellunopress.it\\\/#\\\/schema\\\/logo\\\/image\\\/\",\"url\":\"https:\\\/\\\/www.bellunopress.it\\\/wp-content\\\/uploads\\\/2011\\\/05\\\/cropped-logo-bellunopress-.jpg\",\"contentUrl\":\"https:\\\/\\\/www.bellunopress.it\\\/wp-content\\\/uploads\\\/2011\\\/05\\\/cropped-logo-bellunopress-.jpg\",\"width\":512,\"height\":512,\"caption\":\"Bellunopress\"},\"image\":{\"@id\":\"https:\\\/\\\/www.bellunopress.it\\\/#\\\/schema\\\/logo\\\/image\\\/\"},\"sameAs\":[\"https:\\\/\\\/www.facebook.com\\\/profile.php?id=100008943462799\",\"https:\\\/\\\/x.com\\\/bellunopress\",\"https:\\\/\\\/www.linkedin.com\\\/hp\\\/?dnr=JBzUWaJfMUw8vbXJJ2tVW5-I3jZKvC4wsoxE&amp;amp;amp;amp;amp;amp;trk=nav_responsive_tab_home\",\"https:\\\/\\\/www.youtube.com\\\/channel\\\/UCxL0wu1uN0_3_7hGG0306cw\"]},{\"@type\":\"Person\",\"@id\":\"https:\\\/\\\/www.bellunopress.it\\\/#\\\/schema\\\/person\\\/79bb06722b37ece1c03d3e94beb30d73\",\"name\":\"redazione\",\"image\":{\"@type\":\"ImageObject\",\"inLanguage\":\"fr-FR\",\"@id\":\"https:\\\/\\\/secure.gravatar.com\\\/avatar\\\/37d968a2e67a6fd04c169c4bdef102d0bc5d31b2546345219e348575eb80e9a0?s=96&d=mm&r=g\",\"url\":\"https:\\\/\\\/secure.gravatar.com\\\/avatar\\\/37d968a2e67a6fd04c169c4bdef102d0bc5d31b2546345219e348575eb80e9a0?s=96&d=mm&r=g\",\"contentUrl\":\"https:\\\/\\\/secure.gravatar.com\\\/avatar\\\/37d968a2e67a6fd04c169c4bdef102d0bc5d31b2546345219e348575eb80e9a0?s=96&d=mm&r=g\",\"caption\":\"redazione\"},\"sameAs\":[\"http:\\\/\\\/www.bellunopress.it\",\"https:\\\/\\\/x.com\\\/bellunopress\"],\"url\":\"https:\\\/\\\/www.bellunopress.it\\\/fr\\\/author\\\/redazione\\\/\"}]}<\/script>\n<!-- \/ Yoast SEO plugin. -->","yoast_head_json":{"title":"Unicef Belluno. I Bambini per i Bambini: note di Solidariet\u00e0. Gioved\u00ec. 18:30 al Teatro comunale - Bellunopress - Dolomiti","robots":{"index":"index","follow":"follow","max-snippet":"max-snippet:-1","max-image-preview":"max-image-preview:large","max-video-preview":"max-video-preview:-1"},"canonical":"https:\/\/www.bellunopress.it\/fr\/2022\/11\/06\/unicef-belluno-i-bambini-per-i-bambini-note-di-solidarieta-giovedi-1830-al-teatro-comunale\/","og_locale":"fr_FR","og_type":"article","og_title":"Unicef Belluno. I Bambini per i Bambini: note di Solidariet\u00e0. Gioved\u00ec. 18:30 al Teatro comunale - Bellunopress - Dolomiti","og_description":"Gioved\u00ec 10 novembre alle ore 18.30 al Teatro Comunale di Belluno Il Comitato provinciale di Unicef presieduto da Maria Cristina Zoleo, ha voluto organizzare, grazie alla preziosa collaborazione delle insegnanti di musica del Liceo musicale Renier, dell\u2019I.C3 (scuole Gabelli, Borgo Piave, Castion e Badilet) e Coro Arcobaleno di Limana, un concerto con un titolo molto [&hellip;]","og_url":"https:\/\/www.bellunopress.it\/fr\/2022\/11\/06\/unicef-belluno-i-bambini-per-i-bambini-note-di-solidarieta-giovedi-1830-al-teatro-comunale\/","og_site_name":"Bellunopress - Dolomiti","article_publisher":"https:\/\/www.facebook.com\/profile.php?id=100008943462799","article_published_time":"2022-11-06T13:58:59+00:00","og_image":[{"width":1000,"height":743,"url":"https:\/\/www.bellunopress.it\/wp-content\/uploads\/2021\/05\/teatro-comunale_edited.jpg","type":"image\/jpeg"}],"author":"redazione","twitter_card":"summary_large_image","twitter_creator":"@bellunopress","twitter_site":"@bellunopress","twitter_misc":{"Written by":"redazione","Est. reading time":"2 minutes"},"schema":{"@context":"https:\/\/schema.org","@graph":[{"@type":"Article","@id":"https:\/\/www.bellunopress.it\/2022\/11\/06\/unicef-belluno-i-bambini-per-i-bambini-note-di-solidarieta-giovedi-1830-al-teatro-comunale\/#article","isPartOf":{"@id":"https:\/\/www.bellunopress.it\/2022\/11\/06\/unicef-belluno-i-bambini-per-i-bambini-note-di-solidarieta-giovedi-1830-al-teatro-comunale\/"},"author":{"name":"redazione","@id":"https:\/\/www.bellunopress.it\/#\/schema\/person\/79bb06722b37ece1c03d3e94beb30d73"},"headline":"Unicef Belluno. I Bambini per i Bambini: note di Solidariet\u00e0. Gioved\u00ec. 18:30 al Teatro comunale","datePublished":"2022-11-06T13:58:59+00:00","mainEntityOfPage":{"@id":"https:\/\/www.bellunopress.it\/2022\/11\/06\/unicef-belluno-i-bambini-per-i-bambini-note-di-solidarieta-giovedi-1830-al-teatro-comunale\/"},"wordCount":220,"publisher":{"@id":"https:\/\/www.bellunopress.it\/#organization"},"image":{"@id":"https:\/\/www.bellunopress.it\/2022\/11\/06\/unicef-belluno-i-bambini-per-i-bambini-note-di-solidarieta-giovedi-1830-al-teatro-comunale\/#primaryimage"},"thumbnailUrl":"https:\/\/www.bellunopress.it\/wp-content\/uploads\/2021\/05\/teatro-comunale_edited.jpg","articleSection":["Arte, Cultura, Spettacoli, Scienza","Pausa Caff\u00e8","Scuola"],"inLanguage":"fr-FR"},{"@type":"WebPage","@id":"https:\/\/www.bellunopress.it\/2022\/11\/06\/unicef-belluno-i-bambini-per-i-bambini-note-di-solidarieta-giovedi-1830-al-teatro-comunale\/","url":"https:\/\/www.bellunopress.it\/2022\/11\/06\/unicef-belluno-i-bambini-per-i-bambini-note-di-solidarieta-giovedi-1830-al-teatro-comunale\/","name":"Unicef Belluno. I Bambini per i Bambini: note di Solidariet\u00e0. Gioved\u00ec. 18:30 al Teatro comunale - Bellunopress - Dolomiti","isPartOf":{"@id":"https:\/\/www.bellunopress.it\/#website"},"primaryImageOfPage":{"@id":"https:\/\/www.bellunopress.it\/2022\/11\/06\/unicef-belluno-i-bambini-per-i-bambini-note-di-solidarieta-giovedi-1830-al-teatro-comunale\/#primaryimage"},"image":{"@id":"https:\/\/www.bellunopress.it\/2022\/11\/06\/unicef-belluno-i-bambini-per-i-bambini-note-di-solidarieta-giovedi-1830-al-teatro-comunale\/#primaryimage"},"thumbnailUrl":"https:\/\/www.bellunopress.it\/wp-content\/uploads\/2021\/05\/teatro-comunale_edited.jpg","datePublished":"2022-11-06T13:58:59+00:00","breadcrumb":{"@id":"https:\/\/www.bellunopress.it\/2022\/11\/06\/unicef-belluno-i-bambini-per-i-bambini-note-di-solidarieta-giovedi-1830-al-teatro-comunale\/#breadcrumb"},"inLanguage":"fr-FR","potentialAction":[{"@type":"ReadAction","target":["https:\/\/www.bellunopress.it\/2022\/11\/06\/unicef-belluno-i-bambini-per-i-bambini-note-di-solidarieta-giovedi-1830-al-teatro-comunale\/"]}]},{"@type":"ImageObject","inLanguage":"fr-FR","@id":"https:\/\/www.bellunopress.it\/2022\/11\/06\/unicef-belluno-i-bambini-per-i-bambini-note-di-solidarieta-giovedi-1830-al-teatro-comunale\/#primaryimage","url":"https:\/\/www.bellunopress.it\/wp-content\/uploads\/2021\/05\/teatro-comunale_edited.jpg","contentUrl":"https:\/\/www.bellunopress.it\/wp-content\/uploads\/2021\/05\/teatro-comunale_edited.jpg","width":1000,"height":743,"caption":"Teatro Comunale di Belluno"},{"@type":"BreadcrumbList","@id":"https:\/\/www.bellunopress.it\/2022\/11\/06\/unicef-belluno-i-bambini-per-i-bambini-note-di-solidarieta-giovedi-1830-al-teatro-comunale\/#breadcrumb","itemListElement":[{"@type":"ListItem","position":1,"name":"Home","item":"https:\/\/www.bellunopress.it\/"},{"@type":"ListItem","position":2,"name":"Unicef Belluno. I Bambini per i Bambini: note di Solidariet\u00e0. Gioved\u00ec. 18:30 al Teatro comunale"}]},{"@type":"WebSite","@id":"https:\/\/www.bellunopress.it\/#website","url":"https:\/\/www.bellunopress.it\/","name":"Bellunopress - Dolomiti","description":"e-mail: redazione@bellunopress.it","publisher":{"@id":"https:\/\/www.bellunopress.it\/#organization"},"potentialAction":[{"@type":"SearchAction","target":{"@type":"EntryPoint","urlTemplate":"https:\/\/www.bellunopress.it\/?s={search_term_string}"},"query-input":{"@type":"PropertyValueSpecification","valueRequired":true,"valueName":"search_term_string"}}],"inLanguage":"fr-FR"},{"@type":"Organization","@id":"https:\/\/www.bellunopress.it\/#organization","name":"Bellunopress","url":"https:\/\/www.bellunopress.it\/","logo":{"@type":"ImageObject","inLanguage":"fr-FR","@id":"https:\/\/www.bellunopress.it\/#\/schema\/logo\/image\/","url":"https:\/\/www.bellunopress.it\/wp-content\/uploads\/2011\/05\/cropped-logo-bellunopress-.jpg","contentUrl":"https:\/\/www.bellunopress.it\/wp-content\/uploads\/2011\/05\/cropped-logo-bellunopress-.jpg","width":512,"height":512,"caption":"Bellunopress"},"image":{"@id":"https:\/\/www.bellunopress.it\/#\/schema\/logo\/image\/"},"sameAs":["https:\/\/www.facebook.com\/profile.php?id=100008943462799","https:\/\/x.com\/bellunopress","https:\/\/www.linkedin.com\/hp\/?dnr=JBzUWaJfMUw8vbXJJ2tVW5-I3jZKvC4wsoxE&amp;amp;amp;amp;amp;amp;trk=nav_responsive_tab_home","https:\/\/www.youtube.com\/channel\/UCxL0wu1uN0_3_7hGG0306cw"]},{"@type":"Person","@id":"https:\/\/www.bellunopress.it\/#\/schema\/person\/79bb06722b37ece1c03d3e94beb30d73","name":"r\u00e9daction","image":{"@type":"ImageObject","inLanguage":"fr-FR","@id":"https:\/\/secure.gravatar.com\/avatar\/37d968a2e67a6fd04c169c4bdef102d0bc5d31b2546345219e348575eb80e9a0?s=96&d=mm&r=g","url":"https:\/\/secure.gravatar.com\/avatar\/37d968a2e67a6fd04c169c4bdef102d0bc5d31b2546345219e348575eb80e9a0?s=96&d=mm&r=g","contentUrl":"https:\/\/secure.gravatar.com\/avatar\/37d968a2e67a6fd04c169c4bdef102d0bc5d31b2546345219e348575eb80e9a0?s=96&d=mm&r=g","caption":"redazione"},"sameAs":["http:\/\/www.bellunopress.it","https:\/\/x.com\/bellunopress"],"url":"https:\/\/www.bellunopress.it\/fr\/author\/redazione\/"}]}},"_links":{"self":[{"href":"https:\/\/www.bellunopress.it\/fr\/wp-json\/wp\/v2\/posts\/137501","targetHints":{"allow":["GET"]}}],"collection":[{"href":"https:\/\/www.bellunopress.it\/fr\/wp-json\/wp\/v2\/posts"}],"about":[{"href":"https:\/\/www.bellunopress.it\/fr\/wp-json\/wp\/v2\/types\/post"}],"author":[{"embeddable":true,"href":"https:\/\/www.bellunopress.it\/fr\/wp-json\/wp\/v2\/users\/2"}],"replies":[{"embeddable":true,"href":"https:\/\/www.bellunopress.it\/fr\/wp-json\/wp\/v2\/comments?post=137501"}],"version-history":[{"count":1,"href":"https:\/\/www.bellunopress.it\/fr\/wp-json\/wp\/v2\/posts\/137501\/revisions"}],"predecessor-version":[{"id":137502,"href":"https:\/\/www.bellunopress.it\/fr\/wp-json\/wp\/v2\/posts\/137501\/revisions\/137502"}],"wp:featuredmedia":[{"embeddable":true,"href":"https:\/\/www.bellunopress.it\/fr\/wp-json\/wp\/v2\/media\/124507"}],"wp:attachment":[{"href":"https:\/\/www.bellunopress.it\/fr\/wp-json\/wp\/v2\/media?parent=137501"}],"wp:term":[{"taxonomy":"category","embeddable":true,"href":"https:\/\/www.bellunopress.it\/fr\/wp-json\/wp\/v2\/categories?post=137501"},{"taxonomy":"post_tag","embeddable":true,"href":"https:\/\/www.bellunopress.it\/fr\/wp-json\/wp\/v2\/tags?post=137501"}],"curies":[{"name":"wp","href":"https:\/\/api.w.org\/{rel}","templated":true}]}}