{"id":137499,"date":"2022-11-06T13:54:05","date_gmt":"2022-11-06T12:54:05","guid":{"rendered":"https:\/\/www.bellunopress.it\/?p=137499"},"modified":"2022-11-06T13:54:05","modified_gmt":"2022-11-06T12:54:05","slug":"i-lanciafiamme-sabato-a-belluno-la-presentazione-del-libro-di-paolo-girardi","status":"publish","type":"post","link":"https:\/\/www.bellunopress.it\/fr\/2022\/11\/06\/i-lanciafiamme-sabato-a-belluno-la-presentazione-del-libro-di-paolo-girardi\/","title":{"rendered":"I lanciafiamme. Sabato a Belluno la presentazione del libro di Paolo Girardi"},"content":{"rendered":"<figure id=\"attachment_126326\" aria-describedby=\"caption-attachment-126326\" style=\"width: 800px\" class=\"wp-caption alignleft\"><img loading=\"lazy\" decoding=\"async\" class=\"size-full wp-image-126326\" src=\"https:\/\/www.bellunopress.it\/wp-content\/uploads\/2021\/07\/piazzetta-borgo-piave_edited.jpg\" alt=\"\" width=\"800\" height=\"533\" srcset=\"https:\/\/www.bellunopress.it\/wp-content\/uploads\/2021\/07\/piazzetta-borgo-piave_edited.jpg 800w, https:\/\/www.bellunopress.it\/wp-content\/uploads\/2021\/07\/piazzetta-borgo-piave_edited-500x333.jpg 500w, https:\/\/www.bellunopress.it\/wp-content\/uploads\/2021\/07\/piazzetta-borgo-piave_edited-696x464.jpg 696w, https:\/\/www.bellunopress.it\/wp-content\/uploads\/2021\/07\/piazzetta-borgo-piave_edited-630x420.jpg 630w\" sizes=\"auto, (max-width: 800px) 100vw, 800px\" \/><figcaption id=\"caption-attachment-126326\" class=\"wp-caption-text\">Piazzetta di Borgo Piave &#8211; Belluno<\/figcaption><\/figure>\n<p>Sabato 12 novembre alle ore 17.45 al Circolo culturale &#8220;Terra dei Padri&#8221; in via dei Molini 10 a Borgo Piave, davanti alla chiesa di San Nicol\u00f2 (Belluno) si terr\u00e0 l&#8217;appuntamento con Paolo Girardi, storico esponente della Destra trevigiana.<\/p>\n<p>L&#8217;autore presenter\u00e0 il saggio &#8221; I lanciafiamme&#8221; edito da Arti grafiche di Conegliano. Il testo \u00e8 un analitico e documentato saggio, nel quale espone la storia del MSI nella Marca trevigiana e in provincia di Belluno dal dopoguerra fino alla confluenza del partito, negli anni Novanta del secolo scorso, in Alleanza nazionale<br \/>\nEvento organizzato in collaborazione con la delegazione bellunese della Lega Nazionale.<\/p>\n<p><strong>Paolo Girardi,<\/strong> 1943, a 13 anni fugge dal collegio e tenta di raggiungere gli insorti anticomunisti a Budapest a 15 aderisce alla Giovane Italia e al MSI di Treviso del qua-<br \/>\nle, a 27, 6 nominato commissario straordinario. Segretario federale per un ventennio, comitato centrale; consigliere comunale a Vittorio Veneto e a Conegliano, consigliere provinciale a Treviso.<br \/>\nLaureato in Scienze Politiche e in Giurisprudenza. Funzionario del Tesoro, dirigente di Consorzio.<br \/>\nUna vita politica a destra, combattendo in prima linea fino a quando <em>gianfranco effe<\/em> scioglie nell&#8217;acido MSI e poi Alleanza Nazionale.<br \/>\nlanciafiamme scoperchia la sperperopoli trevigiana: viaggi a sbafo di allegri assessori emuli di Marco Polo, ville sparite e ville di piacere, cene pantagrueliche, stakanovisti dell&#8217;autoblu, buchetti e buconi di bilancio, enti mangiasoldi con dovizia di poltrone&amp;-<br \/>\nsof\u00e0, magliette con il riccio, gare e appalti sospetti, gettoni carpiti, pistoni galeotti.<br \/>\nIdealista e amante della Storia, crede nel primato culturale, artistico e di civilt\u00e0 dell&#8217; Italia e nel suo prestigio tra le grandi Nazioni: e, per riottenerlo, auspica un salutare &#8220;processo di Asin-berga&#8221; e pene dantesche per i troppi corresponsabili del declino italiano.<\/p>","protected":false},"excerpt":{"rendered":"<p>Sabato 12 novembre alle ore 17.45 al Circolo culturale &#8220;Terra dei Padri&#8221; in via dei Molini 10 a Borgo Piave, davanti alla chiesa di San Nicol\u00f2 (Belluno) si terr\u00e0 l&#8217;appuntamento con Paolo Girardi, storico esponente della Destra trevigiana. L&#8217;autore presenter\u00e0 il saggio &#8221; I lanciafiamme&#8221; edito da Arti grafiche di Conegliano. Il testo \u00e8 un [&hellip;]<\/p>\n","protected":false},"author":2,"featured_media":126326,"comment_status":"closed","ping_status":"open","sticky":false,"template":"","format":"standard","meta":{"footnotes":""},"categories":[27,3,25],"tags":[],"class_list":["post-137499","post","type-post","status-publish","format-standard","has-post-thumbnail","category-appuntamenti","category-arte-cultura-spettacoli-scienza-archivi","category-pausa-caffe"],"yoast_head":"<!-- This site is optimized with the Yoast SEO plugin v28.4 - https:\/\/yoast.com\/product\/yoast-seo-wordpress\/ -->\n<title>I lanciafiamme. Sabato a Belluno la presentazione del libro di Paolo Girardi - Bellunopress - Dolomiti<\/title>\n<meta name=\"robots\" content=\"index, follow, max-snippet:-1, max-image-preview:large, max-video-preview:-1\" \/>\n<link rel=\"canonical\" href=\"https:\/\/www.bellunopress.it\/fr\/2022\/11\/06\/i-lanciafiamme-sabato-a-belluno-la-presentazione-del-libro-di-paolo-girardi\/\" \/>\n<meta property=\"og:locale\" content=\"fr_FR\" \/>\n<meta property=\"og:type\" content=\"article\" \/>\n<meta property=\"og:title\" content=\"I lanciafiamme. Sabato a Belluno la presentazione del libro di Paolo Girardi - Bellunopress - Dolomiti\" \/>\n<meta property=\"og:description\" content=\"Sabato 12 novembre alle ore 17.45 al Circolo culturale &#8220;Terra dei Padri&#8221; in via dei Molini 10 a Borgo Piave, davanti alla chiesa di San Nicol\u00f2 (Belluno) si terr\u00e0 l&#8217;appuntamento con Paolo Girardi, storico esponente della Destra trevigiana. L&#8217;autore presenter\u00e0 il saggio &#8221; I lanciafiamme&#8221; edito da Arti grafiche di Conegliano. Il testo \u00e8 un [&hellip;]\" \/>\n<meta property=\"og:url\" content=\"https:\/\/www.bellunopress.it\/fr\/2022\/11\/06\/i-lanciafiamme-sabato-a-belluno-la-presentazione-del-libro-di-paolo-girardi\/\" \/>\n<meta property=\"og:site_name\" content=\"Bellunopress - Dolomiti\" \/>\n<meta property=\"article:publisher\" content=\"https:\/\/www.facebook.com\/profile.php?id=100008943462799\" \/>\n<meta property=\"article:published_time\" content=\"2022-11-06T12:54:05+00:00\" \/>\n<meta property=\"og:image\" content=\"https:\/\/www.bellunopress.it\/wp-content\/uploads\/2021\/07\/piazzetta-borgo-piave_edited.jpg\" \/>\n\t<meta property=\"og:image:width\" content=\"800\" \/>\n\t<meta property=\"og:image:height\" content=\"533\" \/>\n\t<meta property=\"og:image:type\" content=\"image\/jpeg\" \/>\n<meta name=\"author\" content=\"redazione\" \/>\n<meta name=\"twitter:card\" content=\"summary_large_image\" \/>\n<meta name=\"twitter:creator\" content=\"@bellunopress\" \/>\n<meta name=\"twitter:site\" content=\"@bellunopress\" \/>\n<meta name=\"twitter:label1\" content=\"Written by\" \/>\n\t<meta name=\"twitter:data1\" content=\"redazione\" \/>\n\t<meta name=\"twitter:label2\" content=\"Est. reading time\" \/>\n\t<meta name=\"twitter:data2\" content=\"2 minutes\" \/>\n<script type=\"application\/ld+json\" class=\"yoast-schema-graph\">{\"@context\":\"https:\\\/\\\/schema.org\",\"@graph\":[{\"@type\":\"Article\",\"@id\":\"https:\\\/\\\/www.bellunopress.it\\\/2022\\\/11\\\/06\\\/i-lanciafiamme-sabato-a-belluno-la-presentazione-del-libro-di-paolo-girardi\\\/#article\",\"isPartOf\":{\"@id\":\"https:\\\/\\\/www.bellunopress.it\\\/2022\\\/11\\\/06\\\/i-lanciafiamme-sabato-a-belluno-la-presentazione-del-libro-di-paolo-girardi\\\/\"},\"author\":{\"name\":\"redazione\",\"@id\":\"https:\\\/\\\/www.bellunopress.it\\\/#\\\/schema\\\/person\\\/79bb06722b37ece1c03d3e94beb30d73\"},\"headline\":\"I lanciafiamme. Sabato a Belluno la presentazione del libro di Paolo Girardi\",\"datePublished\":\"2022-11-06T12:54:05+00:00\",\"mainEntityOfPage\":{\"@id\":\"https:\\\/\\\/www.bellunopress.it\\\/2022\\\/11\\\/06\\\/i-lanciafiamme-sabato-a-belluno-la-presentazione-del-libro-di-paolo-girardi\\\/\"},\"wordCount\":304,\"publisher\":{\"@id\":\"https:\\\/\\\/www.bellunopress.it\\\/#organization\"},\"image\":{\"@id\":\"https:\\\/\\\/www.bellunopress.it\\\/2022\\\/11\\\/06\\\/i-lanciafiamme-sabato-a-belluno-la-presentazione-del-libro-di-paolo-girardi\\\/#primaryimage\"},\"thumbnailUrl\":\"https:\\\/\\\/www.bellunopress.it\\\/wp-content\\\/uploads\\\/2021\\\/07\\\/piazzetta-borgo-piave_edited.jpg\",\"articleSection\":[\"Appuntamenti, Eventi\",\"Arte, Cultura, Spettacoli, Scienza\",\"Pausa Caff\u00e8\"],\"inLanguage\":\"fr-FR\"},{\"@type\":\"WebPage\",\"@id\":\"https:\\\/\\\/www.bellunopress.it\\\/2022\\\/11\\\/06\\\/i-lanciafiamme-sabato-a-belluno-la-presentazione-del-libro-di-paolo-girardi\\\/\",\"url\":\"https:\\\/\\\/www.bellunopress.it\\\/2022\\\/11\\\/06\\\/i-lanciafiamme-sabato-a-belluno-la-presentazione-del-libro-di-paolo-girardi\\\/\",\"name\":\"I lanciafiamme. Sabato a Belluno la presentazione del libro di Paolo Girardi - Bellunopress - Dolomiti\",\"isPartOf\":{\"@id\":\"https:\\\/\\\/www.bellunopress.it\\\/#website\"},\"primaryImageOfPage\":{\"@id\":\"https:\\\/\\\/www.bellunopress.it\\\/2022\\\/11\\\/06\\\/i-lanciafiamme-sabato-a-belluno-la-presentazione-del-libro-di-paolo-girardi\\\/#primaryimage\"},\"image\":{\"@id\":\"https:\\\/\\\/www.bellunopress.it\\\/2022\\\/11\\\/06\\\/i-lanciafiamme-sabato-a-belluno-la-presentazione-del-libro-di-paolo-girardi\\\/#primaryimage\"},\"thumbnailUrl\":\"https:\\\/\\\/www.bellunopress.it\\\/wp-content\\\/uploads\\\/2021\\\/07\\\/piazzetta-borgo-piave_edited.jpg\",\"datePublished\":\"2022-11-06T12:54:05+00:00\",\"breadcrumb\":{\"@id\":\"https:\\\/\\\/www.bellunopress.it\\\/2022\\\/11\\\/06\\\/i-lanciafiamme-sabato-a-belluno-la-presentazione-del-libro-di-paolo-girardi\\\/#breadcrumb\"},\"inLanguage\":\"fr-FR\",\"potentialAction\":[{\"@type\":\"ReadAction\",\"target\":[\"https:\\\/\\\/www.bellunopress.it\\\/2022\\\/11\\\/06\\\/i-lanciafiamme-sabato-a-belluno-la-presentazione-del-libro-di-paolo-girardi\\\/\"]}]},{\"@type\":\"ImageObject\",\"inLanguage\":\"fr-FR\",\"@id\":\"https:\\\/\\\/www.bellunopress.it\\\/2022\\\/11\\\/06\\\/i-lanciafiamme-sabato-a-belluno-la-presentazione-del-libro-di-paolo-girardi\\\/#primaryimage\",\"url\":\"https:\\\/\\\/www.bellunopress.it\\\/wp-content\\\/uploads\\\/2021\\\/07\\\/piazzetta-borgo-piave_edited.jpg\",\"contentUrl\":\"https:\\\/\\\/www.bellunopress.it\\\/wp-content\\\/uploads\\\/2021\\\/07\\\/piazzetta-borgo-piave_edited.jpg\",\"width\":800,\"height\":533,\"caption\":\"Piazzetta di Borgo Piave - Belluno\"},{\"@type\":\"BreadcrumbList\",\"@id\":\"https:\\\/\\\/www.bellunopress.it\\\/2022\\\/11\\\/06\\\/i-lanciafiamme-sabato-a-belluno-la-presentazione-del-libro-di-paolo-girardi\\\/#breadcrumb\",\"itemListElement\":[{\"@type\":\"ListItem\",\"position\":1,\"name\":\"Home\",\"item\":\"https:\\\/\\\/www.bellunopress.it\\\/\"},{\"@type\":\"ListItem\",\"position\":2,\"name\":\"I lanciafiamme. Sabato a Belluno la presentazione del libro di Paolo Girardi\"}]},{\"@type\":\"WebSite\",\"@id\":\"https:\\\/\\\/www.bellunopress.it\\\/#website\",\"url\":\"https:\\\/\\\/www.bellunopress.it\\\/\",\"name\":\"Bellunopress - Dolomiti\",\"description\":\"e-mail: redazione@bellunopress.it\",\"publisher\":{\"@id\":\"https:\\\/\\\/www.bellunopress.it\\\/#organization\"},\"potentialAction\":[{\"@type\":\"SearchAction\",\"target\":{\"@type\":\"EntryPoint\",\"urlTemplate\":\"https:\\\/\\\/www.bellunopress.it\\\/?s={search_term_string}\"},\"query-input\":{\"@type\":\"PropertyValueSpecification\",\"valueRequired\":true,\"valueName\":\"search_term_string\"}}],\"inLanguage\":\"fr-FR\"},{\"@type\":\"Organization\",\"@id\":\"https:\\\/\\\/www.bellunopress.it\\\/#organization\",\"name\":\"Bellunopress\",\"url\":\"https:\\\/\\\/www.bellunopress.it\\\/\",\"logo\":{\"@type\":\"ImageObject\",\"inLanguage\":\"fr-FR\",\"@id\":\"https:\\\/\\\/www.bellunopress.it\\\/#\\\/schema\\\/logo\\\/image\\\/\",\"url\":\"https:\\\/\\\/www.bellunopress.it\\\/wp-content\\\/uploads\\\/2011\\\/05\\\/cropped-logo-bellunopress-.jpg\",\"contentUrl\":\"https:\\\/\\\/www.bellunopress.it\\\/wp-content\\\/uploads\\\/2011\\\/05\\\/cropped-logo-bellunopress-.jpg\",\"width\":512,\"height\":512,\"caption\":\"Bellunopress\"},\"image\":{\"@id\":\"https:\\\/\\\/www.bellunopress.it\\\/#\\\/schema\\\/logo\\\/image\\\/\"},\"sameAs\":[\"https:\\\/\\\/www.facebook.com\\\/profile.php?id=100008943462799\",\"https:\\\/\\\/x.com\\\/bellunopress\",\"https:\\\/\\\/www.linkedin.com\\\/hp\\\/?dnr=JBzUWaJfMUw8vbXJJ2tVW5-I3jZKvC4wsoxE&amp;amp;amp;amp;amp;amp;trk=nav_responsive_tab_home\",\"https:\\\/\\\/www.youtube.com\\\/channel\\\/UCxL0wu1uN0_3_7hGG0306cw\"]},{\"@type\":\"Person\",\"@id\":\"https:\\\/\\\/www.bellunopress.it\\\/#\\\/schema\\\/person\\\/79bb06722b37ece1c03d3e94beb30d73\",\"name\":\"redazione\",\"image\":{\"@type\":\"ImageObject\",\"inLanguage\":\"fr-FR\",\"@id\":\"https:\\\/\\\/secure.gravatar.com\\\/avatar\\\/37d968a2e67a6fd04c169c4bdef102d0bc5d31b2546345219e348575eb80e9a0?s=96&d=mm&r=g\",\"url\":\"https:\\\/\\\/secure.gravatar.com\\\/avatar\\\/37d968a2e67a6fd04c169c4bdef102d0bc5d31b2546345219e348575eb80e9a0?s=96&d=mm&r=g\",\"contentUrl\":\"https:\\\/\\\/secure.gravatar.com\\\/avatar\\\/37d968a2e67a6fd04c169c4bdef102d0bc5d31b2546345219e348575eb80e9a0?s=96&d=mm&r=g\",\"caption\":\"redazione\"},\"sameAs\":[\"http:\\\/\\\/www.bellunopress.it\",\"https:\\\/\\\/x.com\\\/bellunopress\"],\"url\":\"https:\\\/\\\/www.bellunopress.it\\\/fr\\\/author\\\/redazione\\\/\"}]}<\/script>\n<!-- \/ Yoast SEO plugin. -->","yoast_head_json":{"title":"I lanciafiamme. Sabato a Belluno la presentazione del libro di Paolo Girardi - Bellunopress - Dolomiti","robots":{"index":"index","follow":"follow","max-snippet":"max-snippet:-1","max-image-preview":"max-image-preview:large","max-video-preview":"max-video-preview:-1"},"canonical":"https:\/\/www.bellunopress.it\/fr\/2022\/11\/06\/i-lanciafiamme-sabato-a-belluno-la-presentazione-del-libro-di-paolo-girardi\/","og_locale":"fr_FR","og_type":"article","og_title":"I lanciafiamme. Sabato a Belluno la presentazione del libro di Paolo Girardi - Bellunopress - Dolomiti","og_description":"Sabato 12 novembre alle ore 17.45 al Circolo culturale &#8220;Terra dei Padri&#8221; in via dei Molini 10 a Borgo Piave, davanti alla chiesa di San Nicol\u00f2 (Belluno) si terr\u00e0 l&#8217;appuntamento con Paolo Girardi, storico esponente della Destra trevigiana. L&#8217;autore presenter\u00e0 il saggio &#8221; I lanciafiamme&#8221; edito da Arti grafiche di Conegliano. Il testo \u00e8 un [&hellip;]","og_url":"https:\/\/www.bellunopress.it\/fr\/2022\/11\/06\/i-lanciafiamme-sabato-a-belluno-la-presentazione-del-libro-di-paolo-girardi\/","og_site_name":"Bellunopress - Dolomiti","article_publisher":"https:\/\/www.facebook.com\/profile.php?id=100008943462799","article_published_time":"2022-11-06T12:54:05+00:00","og_image":[{"width":800,"height":533,"url":"https:\/\/www.bellunopress.it\/wp-content\/uploads\/2021\/07\/piazzetta-borgo-piave_edited.jpg","type":"image\/jpeg"}],"author":"redazione","twitter_card":"summary_large_image","twitter_creator":"@bellunopress","twitter_site":"@bellunopress","twitter_misc":{"Written by":"redazione","Est. reading time":"2 minutes"},"schema":{"@context":"https:\/\/schema.org","@graph":[{"@type":"Article","@id":"https:\/\/www.bellunopress.it\/2022\/11\/06\/i-lanciafiamme-sabato-a-belluno-la-presentazione-del-libro-di-paolo-girardi\/#article","isPartOf":{"@id":"https:\/\/www.bellunopress.it\/2022\/11\/06\/i-lanciafiamme-sabato-a-belluno-la-presentazione-del-libro-di-paolo-girardi\/"},"author":{"name":"redazione","@id":"https:\/\/www.bellunopress.it\/#\/schema\/person\/79bb06722b37ece1c03d3e94beb30d73"},"headline":"I lanciafiamme. Sabato a Belluno la presentazione del libro di Paolo Girardi","datePublished":"2022-11-06T12:54:05+00:00","mainEntityOfPage":{"@id":"https:\/\/www.bellunopress.it\/2022\/11\/06\/i-lanciafiamme-sabato-a-belluno-la-presentazione-del-libro-di-paolo-girardi\/"},"wordCount":304,"publisher":{"@id":"https:\/\/www.bellunopress.it\/#organization"},"image":{"@id":"https:\/\/www.bellunopress.it\/2022\/11\/06\/i-lanciafiamme-sabato-a-belluno-la-presentazione-del-libro-di-paolo-girardi\/#primaryimage"},"thumbnailUrl":"https:\/\/www.bellunopress.it\/wp-content\/uploads\/2021\/07\/piazzetta-borgo-piave_edited.jpg","articleSection":["Appuntamenti, Eventi","Arte, Cultura, Spettacoli, Scienza","Pausa Caff\u00e8"],"inLanguage":"fr-FR"},{"@type":"WebPage","@id":"https:\/\/www.bellunopress.it\/2022\/11\/06\/i-lanciafiamme-sabato-a-belluno-la-presentazione-del-libro-di-paolo-girardi\/","url":"https:\/\/www.bellunopress.it\/2022\/11\/06\/i-lanciafiamme-sabato-a-belluno-la-presentazione-del-libro-di-paolo-girardi\/","name":"I lanciafiamme. Sabato a Belluno la presentazione del libro di Paolo Girardi - Bellunopress - Dolomiti","isPartOf":{"@id":"https:\/\/www.bellunopress.it\/#website"},"primaryImageOfPage":{"@id":"https:\/\/www.bellunopress.it\/2022\/11\/06\/i-lanciafiamme-sabato-a-belluno-la-presentazione-del-libro-di-paolo-girardi\/#primaryimage"},"image":{"@id":"https:\/\/www.bellunopress.it\/2022\/11\/06\/i-lanciafiamme-sabato-a-belluno-la-presentazione-del-libro-di-paolo-girardi\/#primaryimage"},"thumbnailUrl":"https:\/\/www.bellunopress.it\/wp-content\/uploads\/2021\/07\/piazzetta-borgo-piave_edited.jpg","datePublished":"2022-11-06T12:54:05+00:00","breadcrumb":{"@id":"https:\/\/www.bellunopress.it\/2022\/11\/06\/i-lanciafiamme-sabato-a-belluno-la-presentazione-del-libro-di-paolo-girardi\/#breadcrumb"},"inLanguage":"fr-FR","potentialAction":[{"@type":"ReadAction","target":["https:\/\/www.bellunopress.it\/2022\/11\/06\/i-lanciafiamme-sabato-a-belluno-la-presentazione-del-libro-di-paolo-girardi\/"]}]},{"@type":"ImageObject","inLanguage":"fr-FR","@id":"https:\/\/www.bellunopress.it\/2022\/11\/06\/i-lanciafiamme-sabato-a-belluno-la-presentazione-del-libro-di-paolo-girardi\/#primaryimage","url":"https:\/\/www.bellunopress.it\/wp-content\/uploads\/2021\/07\/piazzetta-borgo-piave_edited.jpg","contentUrl":"https:\/\/www.bellunopress.it\/wp-content\/uploads\/2021\/07\/piazzetta-borgo-piave_edited.jpg","width":800,"height":533,"caption":"Piazzetta di Borgo Piave - Belluno"},{"@type":"BreadcrumbList","@id":"https:\/\/www.bellunopress.it\/2022\/11\/06\/i-lanciafiamme-sabato-a-belluno-la-presentazione-del-libro-di-paolo-girardi\/#breadcrumb","itemListElement":[{"@type":"ListItem","position":1,"name":"Home","item":"https:\/\/www.bellunopress.it\/"},{"@type":"ListItem","position":2,"name":"I lanciafiamme. Sabato a Belluno la presentazione del libro di Paolo Girardi"}]},{"@type":"WebSite","@id":"https:\/\/www.bellunopress.it\/#website","url":"https:\/\/www.bellunopress.it\/","name":"Bellunopress - Dolomiti","description":"e-mail: redazione@bellunopress.it","publisher":{"@id":"https:\/\/www.bellunopress.it\/#organization"},"potentialAction":[{"@type":"SearchAction","target":{"@type":"EntryPoint","urlTemplate":"https:\/\/www.bellunopress.it\/?s={search_term_string}"},"query-input":{"@type":"PropertyValueSpecification","valueRequired":true,"valueName":"search_term_string"}}],"inLanguage":"fr-FR"},{"@type":"Organization","@id":"https:\/\/www.bellunopress.it\/#organization","name":"Bellunopress","url":"https:\/\/www.bellunopress.it\/","logo":{"@type":"ImageObject","inLanguage":"fr-FR","@id":"https:\/\/www.bellunopress.it\/#\/schema\/logo\/image\/","url":"https:\/\/www.bellunopress.it\/wp-content\/uploads\/2011\/05\/cropped-logo-bellunopress-.jpg","contentUrl":"https:\/\/www.bellunopress.it\/wp-content\/uploads\/2011\/05\/cropped-logo-bellunopress-.jpg","width":512,"height":512,"caption":"Bellunopress"},"image":{"@id":"https:\/\/www.bellunopress.it\/#\/schema\/logo\/image\/"},"sameAs":["https:\/\/www.facebook.com\/profile.php?id=100008943462799","https:\/\/x.com\/bellunopress","https:\/\/www.linkedin.com\/hp\/?dnr=JBzUWaJfMUw8vbXJJ2tVW5-I3jZKvC4wsoxE&amp;amp;amp;amp;amp;amp;trk=nav_responsive_tab_home","https:\/\/www.youtube.com\/channel\/UCxL0wu1uN0_3_7hGG0306cw"]},{"@type":"Person","@id":"https:\/\/www.bellunopress.it\/#\/schema\/person\/79bb06722b37ece1c03d3e94beb30d73","name":"r\u00e9daction","image":{"@type":"ImageObject","inLanguage":"fr-FR","@id":"https:\/\/secure.gravatar.com\/avatar\/37d968a2e67a6fd04c169c4bdef102d0bc5d31b2546345219e348575eb80e9a0?s=96&d=mm&r=g","url":"https:\/\/secure.gravatar.com\/avatar\/37d968a2e67a6fd04c169c4bdef102d0bc5d31b2546345219e348575eb80e9a0?s=96&d=mm&r=g","contentUrl":"https:\/\/secure.gravatar.com\/avatar\/37d968a2e67a6fd04c169c4bdef102d0bc5d31b2546345219e348575eb80e9a0?s=96&d=mm&r=g","caption":"redazione"},"sameAs":["http:\/\/www.bellunopress.it","https:\/\/x.com\/bellunopress"],"url":"https:\/\/www.bellunopress.it\/fr\/author\/redazione\/"}]}},"_links":{"self":[{"href":"https:\/\/www.bellunopress.it\/fr\/wp-json\/wp\/v2\/posts\/137499","targetHints":{"allow":["GET"]}}],"collection":[{"href":"https:\/\/www.bellunopress.it\/fr\/wp-json\/wp\/v2\/posts"}],"about":[{"href":"https:\/\/www.bellunopress.it\/fr\/wp-json\/wp\/v2\/types\/post"}],"author":[{"embeddable":true,"href":"https:\/\/www.bellunopress.it\/fr\/wp-json\/wp\/v2\/users\/2"}],"replies":[{"embeddable":true,"href":"https:\/\/www.bellunopress.it\/fr\/wp-json\/wp\/v2\/comments?post=137499"}],"version-history":[{"count":1,"href":"https:\/\/www.bellunopress.it\/fr\/wp-json\/wp\/v2\/posts\/137499\/revisions"}],"predecessor-version":[{"id":137500,"href":"https:\/\/www.bellunopress.it\/fr\/wp-json\/wp\/v2\/posts\/137499\/revisions\/137500"}],"wp:featuredmedia":[{"embeddable":true,"href":"https:\/\/www.bellunopress.it\/fr\/wp-json\/wp\/v2\/media\/126326"}],"wp:attachment":[{"href":"https:\/\/www.bellunopress.it\/fr\/wp-json\/wp\/v2\/media?parent=137499"}],"wp:term":[{"taxonomy":"category","embeddable":true,"href":"https:\/\/www.bellunopress.it\/fr\/wp-json\/wp\/v2\/categories?post=137499"},{"taxonomy":"post_tag","embeddable":true,"href":"https:\/\/www.bellunopress.it\/fr\/wp-json\/wp\/v2\/tags?post=137499"}],"curies":[{"name":"wp","href":"https:\/\/api.w.org\/{rel}","templated":true}]}}