{"id":137496,"date":"2022-11-05T21:41:24","date_gmt":"2022-11-05T20:41:24","guid":{"rendered":"https:\/\/www.bellunopress.it\/?p=137496"},"modified":"2022-11-05T21:41:24","modified_gmt":"2022-11-05T20:41:24","slug":"lanno-che-verra-di-filiberto-dal-molin","status":"publish","type":"post","link":"https:\/\/www.bellunopress.it\/fr\/2022\/11\/05\/lanno-che-verra-di-filiberto-dal-molin\/","title":{"rendered":"L&#8217;anno che verr\u00e0    * di Filiberto Dal Molin"},"content":{"rendered":"<figure id=\"attachment_135571\" aria-describedby=\"caption-attachment-135571\" style=\"width: 750px\" class=\"wp-caption alignleft\"><img loading=\"lazy\" decoding=\"async\" class=\"size-full wp-image-135571\" src=\"https:\/\/www.bellunopress.it\/wp-content\/uploads\/2022\/08\/Filiberto-Dal-Molin_edited.jpg\" alt=\"\" width=\"750\" height=\"1000\" srcset=\"https:\/\/www.bellunopress.it\/wp-content\/uploads\/2022\/08\/Filiberto-Dal-Molin_edited.jpg 750w, https:\/\/www.bellunopress.it\/wp-content\/uploads\/2022\/08\/Filiberto-Dal-Molin_edited-375x500.jpg 375w, https:\/\/www.bellunopress.it\/wp-content\/uploads\/2022\/08\/Filiberto-Dal-Molin_edited-696x928.jpg 696w, https:\/\/www.bellunopress.it\/wp-content\/uploads\/2022\/08\/Filiberto-Dal-Molin_edited-315x420.jpg 315w\" sizes=\"auto, (max-width: 750px) 100vw, 750px\" \/><figcaption id=\"caption-attachment-135571\" class=\"wp-caption-text\">Filiberto Dal Molin &#8211; medico chirurgo specializzato in Radiologia, direttore sanitario della Salus, Istituto radiologico e fisiokinesiterapico con sede a Belluno.<\/figcaption><\/figure>\n<p>Caro amico ti scrivo cos\u00ec ti informo un po\u2019. Da quando ci siamo scritti l\u2019ultima volta ci sono grosse novit\u00e0.<\/p>\n<p>Nel mondo la tragicommedia del Covid si \u00e8 conclusa da tempo; noi invece abbiamo degli affezionati che vorrebbero prolungarla negli anni a venire. Ormai sappiamo tutti che il vaccino non protegge dai contagi eppure costoro coltivano un odio profondo per quelli che legittimamente hanno scelto di non vaccinarsi con un farmaco sperimentale, intrinsecamente dannoso e inutile. Vorrebbero vederli morire o strozzarli o trattarli col piombo (vedi Bava Beccaris) o corrosi in 10 minuti dai virus. Sono forse i troppo furbi o i cretini di ogni et\u00e0. Altri pi\u00f9 gentili pensano di isolarli, per esempio in treni speciali; questi fanno parte anche del governo attuale, sono in disaccordo col Presidente del Consiglio e sono clinicamente inquadrabili come oligofrenici poich\u00e9, come vaccinati, non hanno motivo di temere contagi.<\/p>\n<p>Altre novit\u00e0 riguardano la validit\u00e0 delle diagnosi \u201cmolecolari\u201d considerate del tutto inattendibili dagli stessi operatori e da Mullis e da Drosten; non sono degni di considerazione i tamponi. Le cure domiciliari con farmaci convenzionali, gi\u00e0 indicate da molti medici titolati allo stesso Speranza, hanno sempre risolto l\u2019infezione se usate nei primi giorni. Per quel che conta posso garantirlo personalmente.<\/p>\n<p>L\u2019ordine della \u201cvigile attesa ed eventuale tachipirina\u201d se aveva come scopo quello di ridurre la popolazione mondiale \u00e8 del tutto fallito perch\u00e9 in Italia ha fatto solo circa 1 00.000 morti e nel mondo pochi milioni. Ci vuol altro! Potrebbe forse riuscirci Putin. Attendiamo comunque statistiche aggiornate.<\/p>\n<p>Ci sono nuove terribili varianti del virus, diffusissime, ma difficilmente valutabili perch\u00e9 la stragrande maggioranza degli infettati non ha sintomi di malattia. Per la minoranza che potrebbe avere sintomi di infezione (con diagnosi mai certe per definizione) non vengono consigliate le vitamine C e D e qualche anti infiammatorio: troppo poco costosi! Attendiamo i nuovi vaccini con prezzi superiori ai 100 \u20ac oppure, pi\u00f9 a buon mercato, quelli scaduti. Noi ne abbiamo milioni di dosi, previdente Speranza!<\/p>\n<p>Per i sanitari, medici infermieri e tecnici, che la Presidente Meloni vuole rimettere in servizio, grandi doglianze dai molti vaccinati che temono l\u2019infezione o forse invidiosi della buona salute che coloro ostentano. I Presidenti degli Ordini dei Medici, che non hanno mai pensato di attenersi al codice deontologico, non sanno a chi devono obbedire e stanno zitti. Ignorano che non devono obbedire ai politici ma agire in Scienza e Coscienza! Bisogna che qualcuno glielo ricordi.<\/p>\n<p>I giornalisti di giornaloni e giornalini sono incerti; non sanno se possono dire la Verit\u00e0 (Qualcuno per\u00f2, tra i giornalini, la dice) Il condizionamento che hanno prodotto induce molti a usare la mascherina anche in una solitaria passeggiata in campagna. Benedetti loro!<br \/>\nE la Giustizia? Qualcuno tra gli addetti sta mettendo fuori il naso.<br \/>\nCaro amico, l\u2019anno che sta arrivando tra un anno passer\u00e0 e senza grandi disturbi qualcuno sparir\u00e0. Ma il sedicente sapiens, di fatto idiota, non diventer\u00e0 un po&#8217; saggio \u2026.e neppure gli uccelli faranno ritorno!<\/p>\n<p>Dr. Filiberto Dal Molin &#8211; Belluno<\/p>","protected":false},"excerpt":{"rendered":"<p>Caro amico ti scrivo cos\u00ec ti informo un po\u2019. Da quando ci siamo scritti l\u2019ultima volta ci sono grosse novit\u00e0. Nel mondo la tragicommedia del Covid si \u00e8 conclusa da tempo; noi invece abbiamo degli affezionati che vorrebbero prolungarla negli anni a venire. Ormai sappiamo tutti che il vaccino non protegge dai contagi eppure costoro [&hellip;]<\/p>\n","protected":false},"author":2,"featured_media":135571,"comment_status":"closed","ping_status":"open","sticky":false,"template":"","format":"standard","meta":{"footnotes":""},"categories":[3446,26,17],"tags":[],"class_list":["post-137496","post","type-post","status-publish","format-standard","has-post-thumbnail","category-featured","category-prima-pagina","category-sanita"],"yoast_head":"<!-- This site is optimized with the Yoast SEO plugin v28.4 - https:\/\/yoast.com\/product\/yoast-seo-wordpress\/ -->\n<title>L&#039;anno che verr\u00e0  * di Filiberto Dal Molin - Bellunopress - Dolomiti<\/title>\n<meta name=\"robots\" content=\"index, follow, max-snippet:-1, max-image-preview:large, max-video-preview:-1\" \/>\n<link rel=\"canonical\" href=\"https:\/\/www.bellunopress.it\/fr\/2022\/11\/05\/lanno-che-verra-di-filiberto-dal-molin\/\" \/>\n<meta property=\"og:locale\" content=\"fr_FR\" \/>\n<meta property=\"og:type\" content=\"article\" \/>\n<meta property=\"og:title\" content=\"L&#039;anno che verr\u00e0  * di Filiberto Dal Molin - Bellunopress - Dolomiti\" \/>\n<meta property=\"og:description\" content=\"Caro amico ti scrivo cos\u00ec ti informo un po\u2019. Da quando ci siamo scritti l\u2019ultima volta ci sono grosse novit\u00e0. Nel mondo la tragicommedia del Covid si \u00e8 conclusa da tempo; noi invece abbiamo degli affezionati che vorrebbero prolungarla negli anni a venire. Ormai sappiamo tutti che il vaccino non protegge dai contagi eppure costoro [&hellip;]\" \/>\n<meta property=\"og:url\" content=\"https:\/\/www.bellunopress.it\/fr\/2022\/11\/05\/lanno-che-verra-di-filiberto-dal-molin\/\" \/>\n<meta property=\"og:site_name\" content=\"Bellunopress - Dolomiti\" \/>\n<meta property=\"article:publisher\" content=\"https:\/\/www.facebook.com\/profile.php?id=100008943462799\" \/>\n<meta property=\"article:published_time\" content=\"2022-11-05T20:41:24+00:00\" \/>\n<meta property=\"og:image\" content=\"https:\/\/www.bellunopress.it\/wp-content\/uploads\/2022\/08\/Filiberto-Dal-Molin_edited.jpg\" \/>\n\t<meta property=\"og:image:width\" content=\"750\" \/>\n\t<meta property=\"og:image:height\" content=\"1000\" \/>\n\t<meta property=\"og:image:type\" content=\"image\/jpeg\" \/>\n<meta name=\"author\" content=\"redazione\" \/>\n<meta name=\"twitter:card\" content=\"summary_large_image\" \/>\n<meta name=\"twitter:creator\" content=\"@bellunopress\" \/>\n<meta name=\"twitter:site\" content=\"@bellunopress\" \/>\n<meta name=\"twitter:label1\" content=\"\u00c9crit par\" \/>\n\t<meta name=\"twitter:data1\" content=\"redazione\" \/>\n\t<meta name=\"twitter:label2\" content=\"Dur\u00e9e de lecture estim\u00e9e\" \/>\n\t<meta name=\"twitter:data2\" content=\"3 minutes\" \/>\n<script type=\"application\/ld+json\" class=\"yoast-schema-graph\">{\"@context\":\"https:\\\/\\\/schema.org\",\"@graph\":[{\"@type\":\"Article\",\"@id\":\"https:\\\/\\\/www.bellunopress.it\\\/2022\\\/11\\\/05\\\/lanno-che-verra-di-filiberto-dal-molin\\\/#article\",\"isPartOf\":{\"@id\":\"https:\\\/\\\/www.bellunopress.it\\\/2022\\\/11\\\/05\\\/lanno-che-verra-di-filiberto-dal-molin\\\/\"},\"author\":{\"name\":\"redazione\",\"@id\":\"https:\\\/\\\/www.bellunopress.it\\\/#\\\/schema\\\/person\\\/79bb06722b37ece1c03d3e94beb30d73\"},\"headline\":\"L&#8217;anno che verr\u00e0 * di Filiberto Dal Molin\",\"datePublished\":\"2022-11-05T20:41:24+00:00\",\"mainEntityOfPage\":{\"@id\":\"https:\\\/\\\/www.bellunopress.it\\\/2022\\\/11\\\/05\\\/lanno-che-verra-di-filiberto-dal-molin\\\/\"},\"wordCount\":532,\"publisher\":{\"@id\":\"https:\\\/\\\/www.bellunopress.it\\\/#organization\"},\"image\":{\"@id\":\"https:\\\/\\\/www.bellunopress.it\\\/2022\\\/11\\\/05\\\/lanno-che-verra-di-filiberto-dal-molin\\\/#primaryimage\"},\"thumbnailUrl\":\"https:\\\/\\\/www.bellunopress.it\\\/wp-content\\\/uploads\\\/2022\\\/08\\\/Filiberto-Dal-Molin_edited.jpg\",\"articleSection\":[\"Featured\",\"Prima Pagina\",\"Sanit\u00e0 Medicina\"],\"inLanguage\":\"fr-FR\"},{\"@type\":\"WebPage\",\"@id\":\"https:\\\/\\\/www.bellunopress.it\\\/2022\\\/11\\\/05\\\/lanno-che-verra-di-filiberto-dal-molin\\\/\",\"url\":\"https:\\\/\\\/www.bellunopress.it\\\/2022\\\/11\\\/05\\\/lanno-che-verra-di-filiberto-dal-molin\\\/\",\"name\":\"L'anno che verr\u00e0 * di Filiberto Dal Molin - Bellunopress - Dolomiti\",\"isPartOf\":{\"@id\":\"https:\\\/\\\/www.bellunopress.it\\\/#website\"},\"primaryImageOfPage\":{\"@id\":\"https:\\\/\\\/www.bellunopress.it\\\/2022\\\/11\\\/05\\\/lanno-che-verra-di-filiberto-dal-molin\\\/#primaryimage\"},\"image\":{\"@id\":\"https:\\\/\\\/www.bellunopress.it\\\/2022\\\/11\\\/05\\\/lanno-che-verra-di-filiberto-dal-molin\\\/#primaryimage\"},\"thumbnailUrl\":\"https:\\\/\\\/www.bellunopress.it\\\/wp-content\\\/uploads\\\/2022\\\/08\\\/Filiberto-Dal-Molin_edited.jpg\",\"datePublished\":\"2022-11-05T20:41:24+00:00\",\"breadcrumb\":{\"@id\":\"https:\\\/\\\/www.bellunopress.it\\\/2022\\\/11\\\/05\\\/lanno-che-verra-di-filiberto-dal-molin\\\/#breadcrumb\"},\"inLanguage\":\"fr-FR\",\"potentialAction\":[{\"@type\":\"ReadAction\",\"target\":[\"https:\\\/\\\/www.bellunopress.it\\\/2022\\\/11\\\/05\\\/lanno-che-verra-di-filiberto-dal-molin\\\/\"]}]},{\"@type\":\"ImageObject\",\"inLanguage\":\"fr-FR\",\"@id\":\"https:\\\/\\\/www.bellunopress.it\\\/2022\\\/11\\\/05\\\/lanno-che-verra-di-filiberto-dal-molin\\\/#primaryimage\",\"url\":\"https:\\\/\\\/www.bellunopress.it\\\/wp-content\\\/uploads\\\/2022\\\/08\\\/Filiberto-Dal-Molin_edited.jpg\",\"contentUrl\":\"https:\\\/\\\/www.bellunopress.it\\\/wp-content\\\/uploads\\\/2022\\\/08\\\/Filiberto-Dal-Molin_edited.jpg\",\"width\":750,\"height\":1000,\"caption\":\"Filiberto Dal Molin - medico chirurgo specializzato in Radiologia, direttore sanitario della Salus, Istituto radiologico e fisiokinesiterapico con sede a Belluno.\"},{\"@type\":\"BreadcrumbList\",\"@id\":\"https:\\\/\\\/www.bellunopress.it\\\/2022\\\/11\\\/05\\\/lanno-che-verra-di-filiberto-dal-molin\\\/#breadcrumb\",\"itemListElement\":[{\"@type\":\"ListItem\",\"position\":1,\"name\":\"Home\",\"item\":\"https:\\\/\\\/www.bellunopress.it\\\/\"},{\"@type\":\"ListItem\",\"position\":2,\"name\":\"L&#8217;anno che verr\u00e0 * di Filiberto Dal Molin\"}]},{\"@type\":\"WebSite\",\"@id\":\"https:\\\/\\\/www.bellunopress.it\\\/#website\",\"url\":\"https:\\\/\\\/www.bellunopress.it\\\/\",\"name\":\"Bellunopress - Dolomiti\",\"description\":\"e-mail: redazione@bellunopress.it\",\"publisher\":{\"@id\":\"https:\\\/\\\/www.bellunopress.it\\\/#organization\"},\"potentialAction\":[{\"@type\":\"SearchAction\",\"target\":{\"@type\":\"EntryPoint\",\"urlTemplate\":\"https:\\\/\\\/www.bellunopress.it\\\/?s={search_term_string}\"},\"query-input\":{\"@type\":\"PropertyValueSpecification\",\"valueRequired\":true,\"valueName\":\"search_term_string\"}}],\"inLanguage\":\"fr-FR\"},{\"@type\":\"Organization\",\"@id\":\"https:\\\/\\\/www.bellunopress.it\\\/#organization\",\"name\":\"Bellunopress\",\"url\":\"https:\\\/\\\/www.bellunopress.it\\\/\",\"logo\":{\"@type\":\"ImageObject\",\"inLanguage\":\"fr-FR\",\"@id\":\"https:\\\/\\\/www.bellunopress.it\\\/#\\\/schema\\\/logo\\\/image\\\/\",\"url\":\"https:\\\/\\\/www.bellunopress.it\\\/wp-content\\\/uploads\\\/2011\\\/05\\\/cropped-logo-bellunopress-.jpg\",\"contentUrl\":\"https:\\\/\\\/www.bellunopress.it\\\/wp-content\\\/uploads\\\/2011\\\/05\\\/cropped-logo-bellunopress-.jpg\",\"width\":512,\"height\":512,\"caption\":\"Bellunopress\"},\"image\":{\"@id\":\"https:\\\/\\\/www.bellunopress.it\\\/#\\\/schema\\\/logo\\\/image\\\/\"},\"sameAs\":[\"https:\\\/\\\/www.facebook.com\\\/profile.php?id=100008943462799\",\"https:\\\/\\\/x.com\\\/bellunopress\",\"https:\\\/\\\/www.linkedin.com\\\/hp\\\/?dnr=JBzUWaJfMUw8vbXJJ2tVW5-I3jZKvC4wsoxE&amp;amp;amp;amp;amp;amp;trk=nav_responsive_tab_home\",\"https:\\\/\\\/www.youtube.com\\\/channel\\\/UCxL0wu1uN0_3_7hGG0306cw\"]},{\"@type\":\"Person\",\"@id\":\"https:\\\/\\\/www.bellunopress.it\\\/#\\\/schema\\\/person\\\/79bb06722b37ece1c03d3e94beb30d73\",\"name\":\"redazione\",\"image\":{\"@type\":\"ImageObject\",\"inLanguage\":\"fr-FR\",\"@id\":\"https:\\\/\\\/secure.gravatar.com\\\/avatar\\\/37d968a2e67a6fd04c169c4bdef102d0bc5d31b2546345219e348575eb80e9a0?s=96&d=mm&r=g\",\"url\":\"https:\\\/\\\/secure.gravatar.com\\\/avatar\\\/37d968a2e67a6fd04c169c4bdef102d0bc5d31b2546345219e348575eb80e9a0?s=96&d=mm&r=g\",\"contentUrl\":\"https:\\\/\\\/secure.gravatar.com\\\/avatar\\\/37d968a2e67a6fd04c169c4bdef102d0bc5d31b2546345219e348575eb80e9a0?s=96&d=mm&r=g\",\"caption\":\"redazione\"},\"sameAs\":[\"http:\\\/\\\/www.bellunopress.it\",\"https:\\\/\\\/x.com\\\/bellunopress\"],\"url\":\"https:\\\/\\\/www.bellunopress.it\\\/fr\\\/author\\\/redazione\\\/\"}]}<\/script>\n<!-- \/ Yoast SEO plugin. -->","yoast_head_json":{"title":"L'anno che verr\u00e0  * di Filiberto Dal Molin - Bellunopress - Dolomiti","robots":{"index":"index","follow":"follow","max-snippet":"max-snippet:-1","max-image-preview":"max-image-preview:large","max-video-preview":"max-video-preview:-1"},"canonical":"https:\/\/www.bellunopress.it\/fr\/2022\/11\/05\/lanno-che-verra-di-filiberto-dal-molin\/","og_locale":"fr_FR","og_type":"article","og_title":"L'anno che verr\u00e0  * di Filiberto Dal Molin - Bellunopress - Dolomiti","og_description":"Caro amico ti scrivo cos\u00ec ti informo un po\u2019. Da quando ci siamo scritti l\u2019ultima volta ci sono grosse novit\u00e0. Nel mondo la tragicommedia del Covid si \u00e8 conclusa da tempo; noi invece abbiamo degli affezionati che vorrebbero prolungarla negli anni a venire. Ormai sappiamo tutti che il vaccino non protegge dai contagi eppure costoro [&hellip;]","og_url":"https:\/\/www.bellunopress.it\/fr\/2022\/11\/05\/lanno-che-verra-di-filiberto-dal-molin\/","og_site_name":"Bellunopress - Dolomiti","article_publisher":"https:\/\/www.facebook.com\/profile.php?id=100008943462799","article_published_time":"2022-11-05T20:41:24+00:00","og_image":[{"width":750,"height":1000,"url":"https:\/\/www.bellunopress.it\/wp-content\/uploads\/2022\/08\/Filiberto-Dal-Molin_edited.jpg","type":"image\/jpeg"}],"author":"redazione","twitter_card":"summary_large_image","twitter_creator":"@bellunopress","twitter_site":"@bellunopress","twitter_misc":{"\u00c9crit par":"redazione","Dur\u00e9e de lecture estim\u00e9e":"3 minutes"},"schema":{"@context":"https:\/\/schema.org","@graph":[{"@type":"Article","@id":"https:\/\/www.bellunopress.it\/2022\/11\/05\/lanno-che-verra-di-filiberto-dal-molin\/#article","isPartOf":{"@id":"https:\/\/www.bellunopress.it\/2022\/11\/05\/lanno-che-verra-di-filiberto-dal-molin\/"},"author":{"name":"redazione","@id":"https:\/\/www.bellunopress.it\/#\/schema\/person\/79bb06722b37ece1c03d3e94beb30d73"},"headline":"L&#8217;anno che verr\u00e0 * di Filiberto Dal Molin","datePublished":"2022-11-05T20:41:24+00:00","mainEntityOfPage":{"@id":"https:\/\/www.bellunopress.it\/2022\/11\/05\/lanno-che-verra-di-filiberto-dal-molin\/"},"wordCount":532,"publisher":{"@id":"https:\/\/www.bellunopress.it\/#organization"},"image":{"@id":"https:\/\/www.bellunopress.it\/2022\/11\/05\/lanno-che-verra-di-filiberto-dal-molin\/#primaryimage"},"thumbnailUrl":"https:\/\/www.bellunopress.it\/wp-content\/uploads\/2022\/08\/Filiberto-Dal-Molin_edited.jpg","articleSection":["Featured","Prima Pagina","Sanit\u00e0 Medicina"],"inLanguage":"fr-FR"},{"@type":"WebPage","@id":"https:\/\/www.bellunopress.it\/2022\/11\/05\/lanno-che-verra-di-filiberto-dal-molin\/","url":"https:\/\/www.bellunopress.it\/2022\/11\/05\/lanno-che-verra-di-filiberto-dal-molin\/","name":"L'anno che verr\u00e0 * di Filiberto Dal Molin - Bellunopress - Dolomiti","isPartOf":{"@id":"https:\/\/www.bellunopress.it\/#website"},"primaryImageOfPage":{"@id":"https:\/\/www.bellunopress.it\/2022\/11\/05\/lanno-che-verra-di-filiberto-dal-molin\/#primaryimage"},"image":{"@id":"https:\/\/www.bellunopress.it\/2022\/11\/05\/lanno-che-verra-di-filiberto-dal-molin\/#primaryimage"},"thumbnailUrl":"https:\/\/www.bellunopress.it\/wp-content\/uploads\/2022\/08\/Filiberto-Dal-Molin_edited.jpg","datePublished":"2022-11-05T20:41:24+00:00","breadcrumb":{"@id":"https:\/\/www.bellunopress.it\/2022\/11\/05\/lanno-che-verra-di-filiberto-dal-molin\/#breadcrumb"},"inLanguage":"fr-FR","potentialAction":[{"@type":"ReadAction","target":["https:\/\/www.bellunopress.it\/2022\/11\/05\/lanno-che-verra-di-filiberto-dal-molin\/"]}]},{"@type":"ImageObject","inLanguage":"fr-FR","@id":"https:\/\/www.bellunopress.it\/2022\/11\/05\/lanno-che-verra-di-filiberto-dal-molin\/#primaryimage","url":"https:\/\/www.bellunopress.it\/wp-content\/uploads\/2022\/08\/Filiberto-Dal-Molin_edited.jpg","contentUrl":"https:\/\/www.bellunopress.it\/wp-content\/uploads\/2022\/08\/Filiberto-Dal-Molin_edited.jpg","width":750,"height":1000,"caption":"Filiberto Dal Molin - medico chirurgo specializzato in Radiologia, direttore sanitario della Salus, Istituto radiologico e fisiokinesiterapico con sede a Belluno."},{"@type":"BreadcrumbList","@id":"https:\/\/www.bellunopress.it\/2022\/11\/05\/lanno-che-verra-di-filiberto-dal-molin\/#breadcrumb","itemListElement":[{"@type":"ListItem","position":1,"name":"Home","item":"https:\/\/www.bellunopress.it\/"},{"@type":"ListItem","position":2,"name":"L&#8217;anno che verr\u00e0 * di Filiberto Dal Molin"}]},{"@type":"WebSite","@id":"https:\/\/www.bellunopress.it\/#website","url":"https:\/\/www.bellunopress.it\/","name":"Bellunopress - Dolomiti","description":"e-mail: redazione@bellunopress.it","publisher":{"@id":"https:\/\/www.bellunopress.it\/#organization"},"potentialAction":[{"@type":"SearchAction","target":{"@type":"EntryPoint","urlTemplate":"https:\/\/www.bellunopress.it\/?s={search_term_string}"},"query-input":{"@type":"PropertyValueSpecification","valueRequired":true,"valueName":"search_term_string"}}],"inLanguage":"fr-FR"},{"@type":"Organization","@id":"https:\/\/www.bellunopress.it\/#organization","name":"Bellunopress","url":"https:\/\/www.bellunopress.it\/","logo":{"@type":"ImageObject","inLanguage":"fr-FR","@id":"https:\/\/www.bellunopress.it\/#\/schema\/logo\/image\/","url":"https:\/\/www.bellunopress.it\/wp-content\/uploads\/2011\/05\/cropped-logo-bellunopress-.jpg","contentUrl":"https:\/\/www.bellunopress.it\/wp-content\/uploads\/2011\/05\/cropped-logo-bellunopress-.jpg","width":512,"height":512,"caption":"Bellunopress"},"image":{"@id":"https:\/\/www.bellunopress.it\/#\/schema\/logo\/image\/"},"sameAs":["https:\/\/www.facebook.com\/profile.php?id=100008943462799","https:\/\/x.com\/bellunopress","https:\/\/www.linkedin.com\/hp\/?dnr=JBzUWaJfMUw8vbXJJ2tVW5-I3jZKvC4wsoxE&amp;amp;amp;amp;amp;amp;trk=nav_responsive_tab_home","https:\/\/www.youtube.com\/channel\/UCxL0wu1uN0_3_7hGG0306cw"]},{"@type":"Person","@id":"https:\/\/www.bellunopress.it\/#\/schema\/person\/79bb06722b37ece1c03d3e94beb30d73","name":"r\u00e9daction","image":{"@type":"ImageObject","inLanguage":"fr-FR","@id":"https:\/\/secure.gravatar.com\/avatar\/37d968a2e67a6fd04c169c4bdef102d0bc5d31b2546345219e348575eb80e9a0?s=96&d=mm&r=g","url":"https:\/\/secure.gravatar.com\/avatar\/37d968a2e67a6fd04c169c4bdef102d0bc5d31b2546345219e348575eb80e9a0?s=96&d=mm&r=g","contentUrl":"https:\/\/secure.gravatar.com\/avatar\/37d968a2e67a6fd04c169c4bdef102d0bc5d31b2546345219e348575eb80e9a0?s=96&d=mm&r=g","caption":"redazione"},"sameAs":["http:\/\/www.bellunopress.it","https:\/\/x.com\/bellunopress"],"url":"https:\/\/www.bellunopress.it\/fr\/author\/redazione\/"}]}},"_links":{"self":[{"href":"https:\/\/www.bellunopress.it\/fr\/wp-json\/wp\/v2\/posts\/137496","targetHints":{"allow":["GET"]}}],"collection":[{"href":"https:\/\/www.bellunopress.it\/fr\/wp-json\/wp\/v2\/posts"}],"about":[{"href":"https:\/\/www.bellunopress.it\/fr\/wp-json\/wp\/v2\/types\/post"}],"author":[{"embeddable":true,"href":"https:\/\/www.bellunopress.it\/fr\/wp-json\/wp\/v2\/users\/2"}],"replies":[{"embeddable":true,"href":"https:\/\/www.bellunopress.it\/fr\/wp-json\/wp\/v2\/comments?post=137496"}],"version-history":[{"count":1,"href":"https:\/\/www.bellunopress.it\/fr\/wp-json\/wp\/v2\/posts\/137496\/revisions"}],"predecessor-version":[{"id":137497,"href":"https:\/\/www.bellunopress.it\/fr\/wp-json\/wp\/v2\/posts\/137496\/revisions\/137497"}],"wp:featuredmedia":[{"embeddable":true,"href":"https:\/\/www.bellunopress.it\/fr\/wp-json\/wp\/v2\/media\/135571"}],"wp:attachment":[{"href":"https:\/\/www.bellunopress.it\/fr\/wp-json\/wp\/v2\/media?parent=137496"}],"wp:term":[{"taxonomy":"category","embeddable":true,"href":"https:\/\/www.bellunopress.it\/fr\/wp-json\/wp\/v2\/categories?post=137496"},{"taxonomy":"post_tag","embeddable":true,"href":"https:\/\/www.bellunopress.it\/fr\/wp-json\/wp\/v2\/tags?post=137496"}],"curies":[{"name":"wp","href":"https:\/\/api.w.org\/{rel}","templated":true}]}}