{"id":137491,"date":"2022-11-05T21:18:17","date_gmt":"2022-11-05T20:18:17","guid":{"rendered":"https:\/\/www.bellunopress.it\/?p=137491"},"modified":"2022-11-05T21:18:17","modified_gmt":"2022-11-05T20:18:17","slug":"ornella-mariani-a-ruota-libera-sabato-pomeriggio-in-piazza-duomo","status":"publish","type":"post","link":"https:\/\/www.bellunopress.it\/fr\/2022\/11\/05\/ornella-mariani-a-ruota-libera-sabato-pomeriggio-in-piazza-duomo\/","title":{"rendered":"Ornella Mariani a ruota libera sabato pomeriggio in Piazza Duomo"},"content":{"rendered":"<p><img loading=\"lazy\" decoding=\"async\" class=\"alignleft size-full wp-image-137492\" src=\"https:\/\/www.bellunopress.it\/wp-content\/uploads\/2022\/11\/manifestazione-ornella-mariani-prefettura_edited.jpg\" alt=\"\" width=\"1000\" height=\"653\" srcset=\"https:\/\/www.bellunopress.it\/wp-content\/uploads\/2022\/11\/manifestazione-ornella-mariani-prefettura_edited.jpg 1000w, https:\/\/www.bellunopress.it\/wp-content\/uploads\/2022\/11\/manifestazione-ornella-mariani-prefettura_edited-500x327.jpg 500w, https:\/\/www.bellunopress.it\/wp-content\/uploads\/2022\/11\/manifestazione-ornella-mariani-prefettura_edited-696x454.jpg 696w, https:\/\/www.bellunopress.it\/wp-content\/uploads\/2022\/11\/manifestazione-ornella-mariani-prefettura_edited-643x420.jpg 643w\" sizes=\"auto, (max-width: 1000px) 100vw, 1000px\" \/>Belluno, 5 novembre 2022 &#8211; Pomeriggio bollente oggi in piazza Duomo a Belluno per l&#8217;appuntamento con l&#8217;indomabile giornalista, scrittrice, storica e saggista Ornella Mariani Forni, 76enne, sannita che secondo le poche fonti trovate in rete vive tra il Sannio e la Bretagna.<\/p>\n<p>Non risparmia nessuno nel suo monologo incandescente di 40 minuti durante i quali si accredita quei 22 milioni di italiani che non hanno votato questo governo.<\/p>\n<figure id=\"attachment_137493\" aria-describedby=\"caption-attachment-137493\" style=\"width: 896px\" class=\"wp-caption alignleft\"><img loading=\"lazy\" decoding=\"async\" class=\"size-full wp-image-137493\" src=\"https:\/\/www.bellunopress.it\/wp-content\/uploads\/2022\/11\/ornella-mariani_edited.jpg\" alt=\"\" width=\"896\" height=\"842\" srcset=\"https:\/\/www.bellunopress.it\/wp-content\/uploads\/2022\/11\/ornella-mariani_edited.jpg 896w, https:\/\/www.bellunopress.it\/wp-content\/uploads\/2022\/11\/ornella-mariani_edited-500x470.jpg 500w, https:\/\/www.bellunopress.it\/wp-content\/uploads\/2022\/11\/ornella-mariani_edited-696x654.jpg 696w, https:\/\/www.bellunopress.it\/wp-content\/uploads\/2022\/11\/ornella-mariani_edited-447x420.jpg 447w\" sizes=\"auto, (max-width: 896px) 100vw, 896px\" \/><figcaption id=\"caption-attachment-137493\" class=\"wp-caption-text\">Ornella Mariani<\/figcaption><\/figure>\n<p>&#8220;Un governo che esegue i diktat di Soros &#8211; sostiene la Mariani &#8211; siamo 22 milioni di combattenti irriducibili. Noi non molleremo sulle bollette, sulla verit\u00e0 della pandemia, con le morti prodotte e gli effetti avversi. Vogliamo che ci chiedano scusa, ma non attenderemo passivamente un&#8217;altra emergenza inventata chiamata emergenza climatica&#8221;.<\/p>\n<p>Chiama in causa gli sconosciuti prima della pandemia &#8220;Bassetti, Burioni, Crisanti&#8221; che definisce &#8220;buoni per l&#8217;avanspettacolo &#8220;entrati in gioco autoreferenziandosi.<\/p>\n<p>&#8220;Il professor Montagnier, Premio Nobel, venne liquidato come rincoglionito da uno come Bassetti, uno scienziato conosciuto solo dalla propria moglie! Oggi si accingono a denigrare un altro Nobel come Rubia, perch\u00e9 si \u00e8 pronunciato sull&#8217;emergenza climatica. Ma tra il 2020 e oggi c&#8217;\u00e8 una differenza, ora sappiamo la verit\u00e0. Non accetteremo un&#8217;altra campagna di propaganda. Non comperate i loro giornali! Sono tutti esposti al puttanesimo di Stato&#8221;.<\/p>\n<p>&#8220;Ho chiesto al capo di Stato maggiore dell&#8217;Aeronautica Luca Goretti di spiegarmi quelle che loro chiamano &#8216;missioni aerosol&#8217;. Non mi ha risposto&#8221;.<\/p>\n<p>Ribellarsi \u00e8 la parola d&#8217;ordine pronunciata pi\u00f9 volte dalla Mariani. Che esorta a non pagare le bollette o pagarle parzialmente, ossia con lo stesso importo prima degli aumenti. Dopodich\u00e9 presentare denuncia per estorsione. Insomma, una riproposizione dell&#8217;autoriduzione proletaria simile a quella che predicavano i gruppi extraparlamentari negli anni &#8217;70.<\/p>\n<p>&#8220;Io non voglio cambiare padrone &#8211; ha detto &#8211; io voglio che l&#8217;Italia non abbia pi\u00f9 padroni&#8221;!<\/p>\n<p>&#8220;Che le tv smettano le trasmissioni bordello! Non si pu\u00f2 vivere nella speranza di andare al Grande fratello. Si deve vivere nella speranza di un lavoro&#8221;.<\/p>\n<p>Ma l&#8217;affondo finale arriva per la classe politica. &#8220;Un governo dove non abita nessun tipo di etica. Ma solo comitati d&#8217;affari&#8221;.<\/p>\n<p>Urticante sul neo ministro della Giustizia: &#8220;Lo scandalo degli scandali, Nordio che ci spiega quello che temevamo da tempo. La pedofilia secondo l&#8217;ex magistrato non \u00e8 un reato ma un orientamento sessuale. Una dichiarazione che \u00e8 stata applaudita dalle Camere penali. Ma noi continueremo a chiamarli pedofili&#8221;!<\/p>","protected":false},"excerpt":{"rendered":"<p>Belluno, 5 novembre 2022 &#8211; Pomeriggio bollente oggi in piazza Duomo a Belluno per l&#8217;appuntamento con l&#8217;indomabile giornalista, scrittrice, storica e saggista Ornella Mariani Forni, 76enne, sannita che secondo le poche fonti trovate in rete vive tra il Sannio e la Bretagna. Non risparmia nessuno nel suo monologo incandescente di 40 minuti durante i quali [&hellip;]<\/p>\n","protected":false},"author":2,"featured_media":137492,"comment_status":"closed","ping_status":"open","sticky":false,"template":"","format":"standard","meta":{"footnotes":""},"categories":[5,26],"tags":[],"class_list":["post-137491","post","type-post","status-publish","format-standard","has-post-thumbnail","category-cronaca","category-prima-pagina"],"yoast_head":"<!-- This site is optimized with the Yoast SEO plugin v28.4 - https:\/\/yoast.com\/product\/yoast-seo-wordpress\/ -->\n<title>Ornella Mariani a ruota libera sabato pomeriggio in Piazza Duomo - Bellunopress - Dolomiti<\/title>\n<meta name=\"robots\" content=\"index, follow, max-snippet:-1, max-image-preview:large, max-video-preview:-1\" \/>\n<link rel=\"canonical\" href=\"https:\/\/www.bellunopress.it\/fr\/2022\/11\/05\/ornella-mariani-a-ruota-libera-sabato-pomeriggio-in-piazza-duomo\/\" \/>\n<meta property=\"og:locale\" content=\"fr_FR\" \/>\n<meta property=\"og:type\" content=\"article\" \/>\n<meta property=\"og:title\" content=\"Ornella Mariani a ruota libera sabato pomeriggio in Piazza Duomo - Bellunopress - Dolomiti\" \/>\n<meta property=\"og:description\" content=\"Belluno, 5 novembre 2022 &#8211; Pomeriggio bollente oggi in piazza Duomo a Belluno per l&#8217;appuntamento con l&#8217;indomabile giornalista, scrittrice, storica e saggista Ornella Mariani Forni, 76enne, sannita che secondo le poche fonti trovate in rete vive tra il Sannio e la Bretagna. Non risparmia nessuno nel suo monologo incandescente di 40 minuti durante i quali [&hellip;]\" \/>\n<meta property=\"og:url\" content=\"https:\/\/www.bellunopress.it\/fr\/2022\/11\/05\/ornella-mariani-a-ruota-libera-sabato-pomeriggio-in-piazza-duomo\/\" \/>\n<meta property=\"og:site_name\" content=\"Bellunopress - Dolomiti\" \/>\n<meta property=\"article:publisher\" content=\"https:\/\/www.facebook.com\/profile.php?id=100008943462799\" \/>\n<meta property=\"article:published_time\" content=\"2022-11-05T20:18:17+00:00\" \/>\n<meta property=\"og:image\" content=\"https:\/\/www.bellunopress.it\/wp-content\/uploads\/2022\/11\/manifestazione-ornella-mariani-prefettura_edited.jpg\" \/>\n\t<meta property=\"og:image:width\" content=\"1000\" \/>\n\t<meta property=\"og:image:height\" content=\"653\" \/>\n\t<meta property=\"og:image:type\" content=\"image\/jpeg\" \/>\n<meta name=\"author\" content=\"redazione\" \/>\n<meta name=\"twitter:card\" content=\"summary_large_image\" \/>\n<meta name=\"twitter:creator\" content=\"@bellunopress\" \/>\n<meta name=\"twitter:site\" content=\"@bellunopress\" \/>\n<meta name=\"twitter:label1\" content=\"Written by\" \/>\n\t<meta name=\"twitter:data1\" content=\"redazione\" \/>\n\t<meta name=\"twitter:label2\" content=\"Est. reading time\" \/>\n\t<meta name=\"twitter:data2\" content=\"3 minutes\" \/>\n<script type=\"application\/ld+json\" class=\"yoast-schema-graph\">{\"@context\":\"https:\\\/\\\/schema.org\",\"@graph\":[{\"@type\":\"Article\",\"@id\":\"https:\\\/\\\/www.bellunopress.it\\\/2022\\\/11\\\/05\\\/ornella-mariani-a-ruota-libera-sabato-pomeriggio-in-piazza-duomo\\\/#article\",\"isPartOf\":{\"@id\":\"https:\\\/\\\/www.bellunopress.it\\\/2022\\\/11\\\/05\\\/ornella-mariani-a-ruota-libera-sabato-pomeriggio-in-piazza-duomo\\\/\"},\"author\":{\"name\":\"redazione\",\"@id\":\"https:\\\/\\\/www.bellunopress.it\\\/#\\\/schema\\\/person\\\/79bb06722b37ece1c03d3e94beb30d73\"},\"headline\":\"Ornella Mariani a ruota libera sabato pomeriggio in Piazza Duomo\",\"datePublished\":\"2022-11-05T20:18:17+00:00\",\"mainEntityOfPage\":{\"@id\":\"https:\\\/\\\/www.bellunopress.it\\\/2022\\\/11\\\/05\\\/ornella-mariani-a-ruota-libera-sabato-pomeriggio-in-piazza-duomo\\\/\"},\"wordCount\":409,\"publisher\":{\"@id\":\"https:\\\/\\\/www.bellunopress.it\\\/#organization\"},\"image\":{\"@id\":\"https:\\\/\\\/www.bellunopress.it\\\/2022\\\/11\\\/05\\\/ornella-mariani-a-ruota-libera-sabato-pomeriggio-in-piazza-duomo\\\/#primaryimage\"},\"thumbnailUrl\":\"https:\\\/\\\/www.bellunopress.it\\\/wp-content\\\/uploads\\\/2022\\\/11\\\/manifestazione-ornella-mariani-prefettura_edited.jpg\",\"articleSection\":[\"Cronaca\\\/Politica\",\"Prima Pagina\"],\"inLanguage\":\"fr-FR\"},{\"@type\":\"WebPage\",\"@id\":\"https:\\\/\\\/www.bellunopress.it\\\/2022\\\/11\\\/05\\\/ornella-mariani-a-ruota-libera-sabato-pomeriggio-in-piazza-duomo\\\/\",\"url\":\"https:\\\/\\\/www.bellunopress.it\\\/2022\\\/11\\\/05\\\/ornella-mariani-a-ruota-libera-sabato-pomeriggio-in-piazza-duomo\\\/\",\"name\":\"Ornella Mariani a ruota libera sabato pomeriggio in Piazza Duomo - Bellunopress - Dolomiti\",\"isPartOf\":{\"@id\":\"https:\\\/\\\/www.bellunopress.it\\\/#website\"},\"primaryImageOfPage\":{\"@id\":\"https:\\\/\\\/www.bellunopress.it\\\/2022\\\/11\\\/05\\\/ornella-mariani-a-ruota-libera-sabato-pomeriggio-in-piazza-duomo\\\/#primaryimage\"},\"image\":{\"@id\":\"https:\\\/\\\/www.bellunopress.it\\\/2022\\\/11\\\/05\\\/ornella-mariani-a-ruota-libera-sabato-pomeriggio-in-piazza-duomo\\\/#primaryimage\"},\"thumbnailUrl\":\"https:\\\/\\\/www.bellunopress.it\\\/wp-content\\\/uploads\\\/2022\\\/11\\\/manifestazione-ornella-mariani-prefettura_edited.jpg\",\"datePublished\":\"2022-11-05T20:18:17+00:00\",\"breadcrumb\":{\"@id\":\"https:\\\/\\\/www.bellunopress.it\\\/2022\\\/11\\\/05\\\/ornella-mariani-a-ruota-libera-sabato-pomeriggio-in-piazza-duomo\\\/#breadcrumb\"},\"inLanguage\":\"fr-FR\",\"potentialAction\":[{\"@type\":\"ReadAction\",\"target\":[\"https:\\\/\\\/www.bellunopress.it\\\/2022\\\/11\\\/05\\\/ornella-mariani-a-ruota-libera-sabato-pomeriggio-in-piazza-duomo\\\/\"]}]},{\"@type\":\"ImageObject\",\"inLanguage\":\"fr-FR\",\"@id\":\"https:\\\/\\\/www.bellunopress.it\\\/2022\\\/11\\\/05\\\/ornella-mariani-a-ruota-libera-sabato-pomeriggio-in-piazza-duomo\\\/#primaryimage\",\"url\":\"https:\\\/\\\/www.bellunopress.it\\\/wp-content\\\/uploads\\\/2022\\\/11\\\/manifestazione-ornella-mariani-prefettura_edited.jpg\",\"contentUrl\":\"https:\\\/\\\/www.bellunopress.it\\\/wp-content\\\/uploads\\\/2022\\\/11\\\/manifestazione-ornella-mariani-prefettura_edited.jpg\",\"width\":1000,\"height\":653},{\"@type\":\"BreadcrumbList\",\"@id\":\"https:\\\/\\\/www.bellunopress.it\\\/2022\\\/11\\\/05\\\/ornella-mariani-a-ruota-libera-sabato-pomeriggio-in-piazza-duomo\\\/#breadcrumb\",\"itemListElement\":[{\"@type\":\"ListItem\",\"position\":1,\"name\":\"Home\",\"item\":\"https:\\\/\\\/www.bellunopress.it\\\/\"},{\"@type\":\"ListItem\",\"position\":2,\"name\":\"Ornella Mariani a ruota libera sabato pomeriggio in Piazza Duomo\"}]},{\"@type\":\"WebSite\",\"@id\":\"https:\\\/\\\/www.bellunopress.it\\\/#website\",\"url\":\"https:\\\/\\\/www.bellunopress.it\\\/\",\"name\":\"Bellunopress - Dolomiti\",\"description\":\"e-mail: redazione@bellunopress.it\",\"publisher\":{\"@id\":\"https:\\\/\\\/www.bellunopress.it\\\/#organization\"},\"potentialAction\":[{\"@type\":\"SearchAction\",\"target\":{\"@type\":\"EntryPoint\",\"urlTemplate\":\"https:\\\/\\\/www.bellunopress.it\\\/?s={search_term_string}\"},\"query-input\":{\"@type\":\"PropertyValueSpecification\",\"valueRequired\":true,\"valueName\":\"search_term_string\"}}],\"inLanguage\":\"fr-FR\"},{\"@type\":\"Organization\",\"@id\":\"https:\\\/\\\/www.bellunopress.it\\\/#organization\",\"name\":\"Bellunopress\",\"url\":\"https:\\\/\\\/www.bellunopress.it\\\/\",\"logo\":{\"@type\":\"ImageObject\",\"inLanguage\":\"fr-FR\",\"@id\":\"https:\\\/\\\/www.bellunopress.it\\\/#\\\/schema\\\/logo\\\/image\\\/\",\"url\":\"https:\\\/\\\/www.bellunopress.it\\\/wp-content\\\/uploads\\\/2011\\\/05\\\/cropped-logo-bellunopress-.jpg\",\"contentUrl\":\"https:\\\/\\\/www.bellunopress.it\\\/wp-content\\\/uploads\\\/2011\\\/05\\\/cropped-logo-bellunopress-.jpg\",\"width\":512,\"height\":512,\"caption\":\"Bellunopress\"},\"image\":{\"@id\":\"https:\\\/\\\/www.bellunopress.it\\\/#\\\/schema\\\/logo\\\/image\\\/\"},\"sameAs\":[\"https:\\\/\\\/www.facebook.com\\\/profile.php?id=100008943462799\",\"https:\\\/\\\/x.com\\\/bellunopress\",\"https:\\\/\\\/www.linkedin.com\\\/hp\\\/?dnr=JBzUWaJfMUw8vbXJJ2tVW5-I3jZKvC4wsoxE&amp;amp;amp;amp;amp;amp;trk=nav_responsive_tab_home\",\"https:\\\/\\\/www.youtube.com\\\/channel\\\/UCxL0wu1uN0_3_7hGG0306cw\"]},{\"@type\":\"Person\",\"@id\":\"https:\\\/\\\/www.bellunopress.it\\\/#\\\/schema\\\/person\\\/79bb06722b37ece1c03d3e94beb30d73\",\"name\":\"redazione\",\"image\":{\"@type\":\"ImageObject\",\"inLanguage\":\"fr-FR\",\"@id\":\"https:\\\/\\\/secure.gravatar.com\\\/avatar\\\/37d968a2e67a6fd04c169c4bdef102d0bc5d31b2546345219e348575eb80e9a0?s=96&d=mm&r=g\",\"url\":\"https:\\\/\\\/secure.gravatar.com\\\/avatar\\\/37d968a2e67a6fd04c169c4bdef102d0bc5d31b2546345219e348575eb80e9a0?s=96&d=mm&r=g\",\"contentUrl\":\"https:\\\/\\\/secure.gravatar.com\\\/avatar\\\/37d968a2e67a6fd04c169c4bdef102d0bc5d31b2546345219e348575eb80e9a0?s=96&d=mm&r=g\",\"caption\":\"redazione\"},\"sameAs\":[\"http:\\\/\\\/www.bellunopress.it\",\"https:\\\/\\\/x.com\\\/bellunopress\"],\"url\":\"https:\\\/\\\/www.bellunopress.it\\\/fr\\\/author\\\/redazione\\\/\"}]}<\/script>\n<!-- \/ Yoast SEO plugin. -->","yoast_head_json":{"title":"Ornella Mariani a ruota libera sabato pomeriggio in Piazza Duomo - Bellunopress - Dolomiti","robots":{"index":"index","follow":"follow","max-snippet":"max-snippet:-1","max-image-preview":"max-image-preview:large","max-video-preview":"max-video-preview:-1"},"canonical":"https:\/\/www.bellunopress.it\/fr\/2022\/11\/05\/ornella-mariani-a-ruota-libera-sabato-pomeriggio-in-piazza-duomo\/","og_locale":"fr_FR","og_type":"article","og_title":"Ornella Mariani a ruota libera sabato pomeriggio in Piazza Duomo - Bellunopress - Dolomiti","og_description":"Belluno, 5 novembre 2022 &#8211; Pomeriggio bollente oggi in piazza Duomo a Belluno per l&#8217;appuntamento con l&#8217;indomabile giornalista, scrittrice, storica e saggista Ornella Mariani Forni, 76enne, sannita che secondo le poche fonti trovate in rete vive tra il Sannio e la Bretagna. Non risparmia nessuno nel suo monologo incandescente di 40 minuti durante i quali [&hellip;]","og_url":"https:\/\/www.bellunopress.it\/fr\/2022\/11\/05\/ornella-mariani-a-ruota-libera-sabato-pomeriggio-in-piazza-duomo\/","og_site_name":"Bellunopress - Dolomiti","article_publisher":"https:\/\/www.facebook.com\/profile.php?id=100008943462799","article_published_time":"2022-11-05T20:18:17+00:00","og_image":[{"width":1000,"height":653,"url":"https:\/\/www.bellunopress.it\/wp-content\/uploads\/2022\/11\/manifestazione-ornella-mariani-prefettura_edited.jpg","type":"image\/jpeg"}],"author":"redazione","twitter_card":"summary_large_image","twitter_creator":"@bellunopress","twitter_site":"@bellunopress","twitter_misc":{"Written by":"redazione","Est. reading time":"3 minutes"},"schema":{"@context":"https:\/\/schema.org","@graph":[{"@type":"Article","@id":"https:\/\/www.bellunopress.it\/2022\/11\/05\/ornella-mariani-a-ruota-libera-sabato-pomeriggio-in-piazza-duomo\/#article","isPartOf":{"@id":"https:\/\/www.bellunopress.it\/2022\/11\/05\/ornella-mariani-a-ruota-libera-sabato-pomeriggio-in-piazza-duomo\/"},"author":{"name":"redazione","@id":"https:\/\/www.bellunopress.it\/#\/schema\/person\/79bb06722b37ece1c03d3e94beb30d73"},"headline":"Ornella Mariani a ruota libera sabato pomeriggio in Piazza Duomo","datePublished":"2022-11-05T20:18:17+00:00","mainEntityOfPage":{"@id":"https:\/\/www.bellunopress.it\/2022\/11\/05\/ornella-mariani-a-ruota-libera-sabato-pomeriggio-in-piazza-duomo\/"},"wordCount":409,"publisher":{"@id":"https:\/\/www.bellunopress.it\/#organization"},"image":{"@id":"https:\/\/www.bellunopress.it\/2022\/11\/05\/ornella-mariani-a-ruota-libera-sabato-pomeriggio-in-piazza-duomo\/#primaryimage"},"thumbnailUrl":"https:\/\/www.bellunopress.it\/wp-content\/uploads\/2022\/11\/manifestazione-ornella-mariani-prefettura_edited.jpg","articleSection":["Cronaca\/Politica","Prima Pagina"],"inLanguage":"fr-FR"},{"@type":"WebPage","@id":"https:\/\/www.bellunopress.it\/2022\/11\/05\/ornella-mariani-a-ruota-libera-sabato-pomeriggio-in-piazza-duomo\/","url":"https:\/\/www.bellunopress.it\/2022\/11\/05\/ornella-mariani-a-ruota-libera-sabato-pomeriggio-in-piazza-duomo\/","name":"Ornella Mariani a ruota libera sabato pomeriggio in Piazza Duomo - Bellunopress - Dolomiti","isPartOf":{"@id":"https:\/\/www.bellunopress.it\/#website"},"primaryImageOfPage":{"@id":"https:\/\/www.bellunopress.it\/2022\/11\/05\/ornella-mariani-a-ruota-libera-sabato-pomeriggio-in-piazza-duomo\/#primaryimage"},"image":{"@id":"https:\/\/www.bellunopress.it\/2022\/11\/05\/ornella-mariani-a-ruota-libera-sabato-pomeriggio-in-piazza-duomo\/#primaryimage"},"thumbnailUrl":"https:\/\/www.bellunopress.it\/wp-content\/uploads\/2022\/11\/manifestazione-ornella-mariani-prefettura_edited.jpg","datePublished":"2022-11-05T20:18:17+00:00","breadcrumb":{"@id":"https:\/\/www.bellunopress.it\/2022\/11\/05\/ornella-mariani-a-ruota-libera-sabato-pomeriggio-in-piazza-duomo\/#breadcrumb"},"inLanguage":"fr-FR","potentialAction":[{"@type":"ReadAction","target":["https:\/\/www.bellunopress.it\/2022\/11\/05\/ornella-mariani-a-ruota-libera-sabato-pomeriggio-in-piazza-duomo\/"]}]},{"@type":"ImageObject","inLanguage":"fr-FR","@id":"https:\/\/www.bellunopress.it\/2022\/11\/05\/ornella-mariani-a-ruota-libera-sabato-pomeriggio-in-piazza-duomo\/#primaryimage","url":"https:\/\/www.bellunopress.it\/wp-content\/uploads\/2022\/11\/manifestazione-ornella-mariani-prefettura_edited.jpg","contentUrl":"https:\/\/www.bellunopress.it\/wp-content\/uploads\/2022\/11\/manifestazione-ornella-mariani-prefettura_edited.jpg","width":1000,"height":653},{"@type":"BreadcrumbList","@id":"https:\/\/www.bellunopress.it\/2022\/11\/05\/ornella-mariani-a-ruota-libera-sabato-pomeriggio-in-piazza-duomo\/#breadcrumb","itemListElement":[{"@type":"ListItem","position":1,"name":"Home","item":"https:\/\/www.bellunopress.it\/"},{"@type":"ListItem","position":2,"name":"Ornella Mariani a ruota libera sabato pomeriggio in Piazza Duomo"}]},{"@type":"WebSite","@id":"https:\/\/www.bellunopress.it\/#website","url":"https:\/\/www.bellunopress.it\/","name":"Bellunopress - Dolomiti","description":"e-mail: redazione@bellunopress.it","publisher":{"@id":"https:\/\/www.bellunopress.it\/#organization"},"potentialAction":[{"@type":"SearchAction","target":{"@type":"EntryPoint","urlTemplate":"https:\/\/www.bellunopress.it\/?s={search_term_string}"},"query-input":{"@type":"PropertyValueSpecification","valueRequired":true,"valueName":"search_term_string"}}],"inLanguage":"fr-FR"},{"@type":"Organization","@id":"https:\/\/www.bellunopress.it\/#organization","name":"Bellunopress","url":"https:\/\/www.bellunopress.it\/","logo":{"@type":"ImageObject","inLanguage":"fr-FR","@id":"https:\/\/www.bellunopress.it\/#\/schema\/logo\/image\/","url":"https:\/\/www.bellunopress.it\/wp-content\/uploads\/2011\/05\/cropped-logo-bellunopress-.jpg","contentUrl":"https:\/\/www.bellunopress.it\/wp-content\/uploads\/2011\/05\/cropped-logo-bellunopress-.jpg","width":512,"height":512,"caption":"Bellunopress"},"image":{"@id":"https:\/\/www.bellunopress.it\/#\/schema\/logo\/image\/"},"sameAs":["https:\/\/www.facebook.com\/profile.php?id=100008943462799","https:\/\/x.com\/bellunopress","https:\/\/www.linkedin.com\/hp\/?dnr=JBzUWaJfMUw8vbXJJ2tVW5-I3jZKvC4wsoxE&amp;amp;amp;amp;amp;amp;trk=nav_responsive_tab_home","https:\/\/www.youtube.com\/channel\/UCxL0wu1uN0_3_7hGG0306cw"]},{"@type":"Person","@id":"https:\/\/www.bellunopress.it\/#\/schema\/person\/79bb06722b37ece1c03d3e94beb30d73","name":"r\u00e9daction","image":{"@type":"ImageObject","inLanguage":"fr-FR","@id":"https:\/\/secure.gravatar.com\/avatar\/37d968a2e67a6fd04c169c4bdef102d0bc5d31b2546345219e348575eb80e9a0?s=96&d=mm&r=g","url":"https:\/\/secure.gravatar.com\/avatar\/37d968a2e67a6fd04c169c4bdef102d0bc5d31b2546345219e348575eb80e9a0?s=96&d=mm&r=g","contentUrl":"https:\/\/secure.gravatar.com\/avatar\/37d968a2e67a6fd04c169c4bdef102d0bc5d31b2546345219e348575eb80e9a0?s=96&d=mm&r=g","caption":"redazione"},"sameAs":["http:\/\/www.bellunopress.it","https:\/\/x.com\/bellunopress"],"url":"https:\/\/www.bellunopress.it\/fr\/author\/redazione\/"}]}},"_links":{"self":[{"href":"https:\/\/www.bellunopress.it\/fr\/wp-json\/wp\/v2\/posts\/137491","targetHints":{"allow":["GET"]}}],"collection":[{"href":"https:\/\/www.bellunopress.it\/fr\/wp-json\/wp\/v2\/posts"}],"about":[{"href":"https:\/\/www.bellunopress.it\/fr\/wp-json\/wp\/v2\/types\/post"}],"author":[{"embeddable":true,"href":"https:\/\/www.bellunopress.it\/fr\/wp-json\/wp\/v2\/users\/2"}],"replies":[{"embeddable":true,"href":"https:\/\/www.bellunopress.it\/fr\/wp-json\/wp\/v2\/comments?post=137491"}],"version-history":[{"count":1,"href":"https:\/\/www.bellunopress.it\/fr\/wp-json\/wp\/v2\/posts\/137491\/revisions"}],"predecessor-version":[{"id":137494,"href":"https:\/\/www.bellunopress.it\/fr\/wp-json\/wp\/v2\/posts\/137491\/revisions\/137494"}],"wp:featuredmedia":[{"embeddable":true,"href":"https:\/\/www.bellunopress.it\/fr\/wp-json\/wp\/v2\/media\/137492"}],"wp:attachment":[{"href":"https:\/\/www.bellunopress.it\/fr\/wp-json\/wp\/v2\/media?parent=137491"}],"wp:term":[{"taxonomy":"category","embeddable":true,"href":"https:\/\/www.bellunopress.it\/fr\/wp-json\/wp\/v2\/categories?post=137491"},{"taxonomy":"post_tag","embeddable":true,"href":"https:\/\/www.bellunopress.it\/fr\/wp-json\/wp\/v2\/tags?post=137491"}],"curies":[{"name":"wp","href":"https:\/\/api.w.org\/{rel}","templated":true}]}}