{"id":137479,"date":"2022-11-05T14:34:16","date_gmt":"2022-11-05T13:34:16","guid":{"rendered":"https:\/\/www.bellunopress.it\/?p=137479"},"modified":"2022-11-06T13:30:00","modified_gmt":"2022-11-06T12:30:00","slug":"autori-in-biblioteca-a-borgo-valbelluna","status":"publish","type":"post","link":"https:\/\/www.bellunopress.it\/fr\/2022\/11\/05\/autori-in-biblioteca-a-borgo-valbelluna\/","title":{"rendered":"Autori in biblioteca a Borgo Valbelluna"},"content":{"rendered":"<p>Le biblioteche di Borgo Valbelluna ospiteranno, tra novembre e dicembre, una serie di appuntamenti dedicati alla presentazione di libri di autori bellunesi.<\/p>\n<figure id=\"attachment_123182\" aria-describedby=\"caption-attachment-123182\" style=\"width: 596px\" class=\"wp-caption alignleft\"><img loading=\"lazy\" decoding=\"async\" class=\"size-full wp-image-123182\" src=\"https:\/\/www.bellunopress.it\/wp-content\/uploads\/2021\/04\/Monica-Frapporti-.jpg\" alt=\"\" width=\"596\" height=\"1000\" srcset=\"https:\/\/www.bellunopress.it\/wp-content\/uploads\/2021\/04\/Monica-Frapporti-.jpg 596w, https:\/\/www.bellunopress.it\/wp-content\/uploads\/2021\/04\/Monica-Frapporti--298x500.jpg 298w, https:\/\/www.bellunopress.it\/wp-content\/uploads\/2021\/04\/Monica-Frapporti--250x420.jpg 250w\" sizes=\"auto, (max-width: 596px) 100vw, 596px\" \/><figcaption id=\"caption-attachment-123182\" class=\"wp-caption-text\">Monica Frapporti &#8211; Assessore alla Cultura di Borgo Valbelluna<\/figcaption><\/figure>\n<p>\u00abGli incontri, organizzati dall&#8217;Amministrazione comunale, rientrano a pieno titolo tra gli obiettivi del settore culturale: in primis la promozione della lettura, come strumento di crescita individuale e sociale, ma anche l&#8217;utilizzo degli spazi delle biblioteche per lo svolgimento di iniziative culturali, per far conoscere le biblioteche e i relativi servizi, e per promuovere le biblioteche come luoghi di conoscenza, socialit\u00e0 e aggregazione\u00bb commenta l&#8217;assessore alla Cultura Monica Frapporti.<\/p>\n<p>La rassegna comincia venerd\u00ec 11 novembre 2022, alle ore 18.30, in biblioteca di Trichiana, con Giovanni Trimeri e GianAntonio Cecchin, che, con il loro libro &#8220;I miracoli di Val Canzoi&#8221;, hanno voluto rendere omaggio a Dino Buzzati, per i 50 anni dalla prima edizione de &#8220;I miracoli di Val Morel&#8221;. Sar\u00e0 Lois Bernard a presentare questa edizione illustrata che affianca ad ogni testo un ex-voto per raccontare la storia della comunit\u00e0 di Val Canzoi, dove le vicende quotidiane si intrecciano con i grandi temi.<\/p>\n<p>Si prosegue il venerd\u00ec successivo, 18 novembre 2022, alle ore 18.30, in biblioteca di Lentiai, con &#8220;La fabulosa historia di messer Toni Pad\u00e8le&#8221;. Un racconto storico, fantastico, metaforico o vagamente autobiografico, ambientato nel primo Seicento. Il protagonista \u00e8 un giovane che dalle montagne bellunesi si reca a Venezia e poi nel remoto Oriente, per poi farne ritorno passando anche per Zumelle; sar\u00e0 un lungo viaggio alla ricerca della Pietra Filosofale e della Citt\u00e0 della Luce ovvero della scienza e della giustizia&#8230; L&#8217;autore, un belum\u00e0t, che ha scelto di restare anonimo, e che potrete conoscere quella sera, dialogher\u00e0 con Dino Bridda.<\/p>\n<p>Nell&#8217;incontro di venerd\u00ec 2 dicembre 2022, alle ore 18.30, nella biblioteca di Trichiana, Michela Canova presenter\u00e0 il libro di Katia Tormen &#8220;I gatti conquisteranno il mondo&#8221;, che racconta a bambini e adulti come pu\u00f2 essere la convivenza tra un gatto, che miagola alle 5 del mattino in stile allarme antiaereo, e i suoi coinquilini umani.<\/p>\n<p>Ultimo appuntamento venerd\u00ec 16 dicembre 2022, alle ore 18.30, in biblioteca di Lentiai. Si torner\u00e0 indietro nel tempo, alla vita quotidiana dei nostri nonni, attraverso un prodotto coltivato da tutte le famiglie e con il quale si produceva il cibo per eccellenza delle tavole contadine, la polenta. &#8220;Sorch polenta taier croste. La civilt\u00e0 del mais nel Bellunese&#8230; dal campo alla tavola&#8221;, quasi 300 pagine di testimonianze, foto e documenti che ci consegnano un altro tassello della realt\u00e0 contadina. Danilo Gasparini, profondo conoscitore dell&#8217;argomento, dialogher\u00e0 con gli autori Lois Bernard e Serena Turrin.<\/p>","protected":false},"excerpt":{"rendered":"<p>Le biblioteche di Borgo Valbelluna ospiteranno, tra novembre e dicembre, una serie di appuntamenti dedicati alla presentazione di libri di autori bellunesi. \u00abGli incontri, organizzati dall&#8217;Amministrazione comunale, rientrano a pieno titolo tra gli obiettivi del settore culturale: in primis la promozione della lettura, come strumento di crescita individuale e sociale, ma anche l&#8217;utilizzo degli spazi [&hellip;]<\/p>\n","protected":false},"author":2,"featured_media":123182,"comment_status":"closed","ping_status":"open","sticky":false,"template":"","format":"standard","meta":{"footnotes":""},"categories":[27,3,25],"tags":[],"class_list":["post-137479","post","type-post","status-publish","format-standard","has-post-thumbnail","category-appuntamenti","category-arte-cultura-spettacoli-scienza-archivi","category-pausa-caffe"],"yoast_head":"<!-- This site is optimized with the Yoast SEO plugin v28.4 - https:\/\/yoast.com\/product\/yoast-seo-wordpress\/ -->\n<title>Autori in biblioteca a Borgo Valbelluna - Bellunopress - Dolomiti<\/title>\n<meta name=\"robots\" content=\"index, follow, max-snippet:-1, max-image-preview:large, max-video-preview:-1\" \/>\n<link rel=\"canonical\" href=\"https:\/\/www.bellunopress.it\/fr\/2022\/11\/05\/autori-in-biblioteca-a-borgo-valbelluna\/\" \/>\n<meta property=\"og:locale\" content=\"fr_FR\" \/>\n<meta property=\"og:type\" content=\"article\" \/>\n<meta property=\"og:title\" content=\"Autori in biblioteca a Borgo Valbelluna - Bellunopress - Dolomiti\" \/>\n<meta property=\"og:description\" content=\"Le biblioteche di Borgo Valbelluna ospiteranno, tra novembre e dicembre, una serie di appuntamenti dedicati alla presentazione di libri di autori bellunesi. \u00abGli incontri, organizzati dall&#8217;Amministrazione comunale, rientrano a pieno titolo tra gli obiettivi del settore culturale: in primis la promozione della lettura, come strumento di crescita individuale e sociale, ma anche l&#8217;utilizzo degli spazi [&hellip;]\" \/>\n<meta property=\"og:url\" content=\"https:\/\/www.bellunopress.it\/fr\/2022\/11\/05\/autori-in-biblioteca-a-borgo-valbelluna\/\" \/>\n<meta property=\"og:site_name\" content=\"Bellunopress - Dolomiti\" \/>\n<meta property=\"article:publisher\" content=\"https:\/\/www.facebook.com\/profile.php?id=100008943462799\" \/>\n<meta property=\"article:published_time\" content=\"2022-11-05T13:34:16+00:00\" \/>\n<meta property=\"article:modified_time\" content=\"2022-11-06T12:30:00+00:00\" \/>\n<meta property=\"og:image\" content=\"https:\/\/www.bellunopress.it\/wp-content\/uploads\/2021\/04\/Monica-Frapporti-.jpg\" \/>\n\t<meta property=\"og:image:width\" content=\"596\" \/>\n\t<meta property=\"og:image:height\" content=\"1000\" \/>\n\t<meta property=\"og:image:type\" content=\"image\/jpeg\" \/>\n<meta name=\"author\" content=\"redazione\" \/>\n<meta name=\"twitter:card\" content=\"summary_large_image\" \/>\n<meta name=\"twitter:creator\" content=\"@bellunopress\" \/>\n<meta name=\"twitter:site\" content=\"@bellunopress\" \/>\n<meta name=\"twitter:label1\" content=\"\u00c9crit par\" \/>\n\t<meta name=\"twitter:data1\" content=\"redazione\" \/>\n\t<meta name=\"twitter:label2\" content=\"Dur\u00e9e de lecture estim\u00e9e\" \/>\n\t<meta name=\"twitter:data2\" content=\"3 minutes\" \/>\n<script type=\"application\/ld+json\" class=\"yoast-schema-graph\">{\"@context\":\"https:\\\/\\\/schema.org\",\"@graph\":[{\"@type\":\"Article\",\"@id\":\"https:\\\/\\\/www.bellunopress.it\\\/2022\\\/11\\\/05\\\/autori-in-biblioteca-a-borgo-valbelluna\\\/#article\",\"isPartOf\":{\"@id\":\"https:\\\/\\\/www.bellunopress.it\\\/2022\\\/11\\\/05\\\/autori-in-biblioteca-a-borgo-valbelluna\\\/\"},\"author\":{\"name\":\"redazione\",\"@id\":\"https:\\\/\\\/www.bellunopress.it\\\/#\\\/schema\\\/person\\\/79bb06722b37ece1c03d3e94beb30d73\"},\"headline\":\"Autori in biblioteca a Borgo Valbelluna\",\"datePublished\":\"2022-11-05T13:34:16+00:00\",\"dateModified\":\"2022-11-06T12:30:00+00:00\",\"mainEntityOfPage\":{\"@id\":\"https:\\\/\\\/www.bellunopress.it\\\/2022\\\/11\\\/05\\\/autori-in-biblioteca-a-borgo-valbelluna\\\/\"},\"wordCount\":435,\"publisher\":{\"@id\":\"https:\\\/\\\/www.bellunopress.it\\\/#organization\"},\"image\":{\"@id\":\"https:\\\/\\\/www.bellunopress.it\\\/2022\\\/11\\\/05\\\/autori-in-biblioteca-a-borgo-valbelluna\\\/#primaryimage\"},\"thumbnailUrl\":\"https:\\\/\\\/www.bellunopress.it\\\/wp-content\\\/uploads\\\/2021\\\/04\\\/Monica-Frapporti-.jpg\",\"articleSection\":[\"Appuntamenti, Eventi\",\"Arte, Cultura, Spettacoli, Scienza\",\"Pausa Caff\u00e8\"],\"inLanguage\":\"fr-FR\"},{\"@type\":\"WebPage\",\"@id\":\"https:\\\/\\\/www.bellunopress.it\\\/2022\\\/11\\\/05\\\/autori-in-biblioteca-a-borgo-valbelluna\\\/\",\"url\":\"https:\\\/\\\/www.bellunopress.it\\\/2022\\\/11\\\/05\\\/autori-in-biblioteca-a-borgo-valbelluna\\\/\",\"name\":\"Autori in biblioteca a Borgo Valbelluna - Bellunopress - Dolomiti\",\"isPartOf\":{\"@id\":\"https:\\\/\\\/www.bellunopress.it\\\/#website\"},\"primaryImageOfPage\":{\"@id\":\"https:\\\/\\\/www.bellunopress.it\\\/2022\\\/11\\\/05\\\/autori-in-biblioteca-a-borgo-valbelluna\\\/#primaryimage\"},\"image\":{\"@id\":\"https:\\\/\\\/www.bellunopress.it\\\/2022\\\/11\\\/05\\\/autori-in-biblioteca-a-borgo-valbelluna\\\/#primaryimage\"},\"thumbnailUrl\":\"https:\\\/\\\/www.bellunopress.it\\\/wp-content\\\/uploads\\\/2021\\\/04\\\/Monica-Frapporti-.jpg\",\"datePublished\":\"2022-11-05T13:34:16+00:00\",\"dateModified\":\"2022-11-06T12:30:00+00:00\",\"breadcrumb\":{\"@id\":\"https:\\\/\\\/www.bellunopress.it\\\/2022\\\/11\\\/05\\\/autori-in-biblioteca-a-borgo-valbelluna\\\/#breadcrumb\"},\"inLanguage\":\"fr-FR\",\"potentialAction\":[{\"@type\":\"ReadAction\",\"target\":[\"https:\\\/\\\/www.bellunopress.it\\\/2022\\\/11\\\/05\\\/autori-in-biblioteca-a-borgo-valbelluna\\\/\"]}]},{\"@type\":\"ImageObject\",\"inLanguage\":\"fr-FR\",\"@id\":\"https:\\\/\\\/www.bellunopress.it\\\/2022\\\/11\\\/05\\\/autori-in-biblioteca-a-borgo-valbelluna\\\/#primaryimage\",\"url\":\"https:\\\/\\\/www.bellunopress.it\\\/wp-content\\\/uploads\\\/2021\\\/04\\\/Monica-Frapporti-.jpg\",\"contentUrl\":\"https:\\\/\\\/www.bellunopress.it\\\/wp-content\\\/uploads\\\/2021\\\/04\\\/Monica-Frapporti-.jpg\",\"width\":596,\"height\":1000,\"caption\":\"Monica Frapporti - vicesindaco, assessore al Bilancio e alla Cultura di Borgo Valbelluna\"},{\"@type\":\"BreadcrumbList\",\"@id\":\"https:\\\/\\\/www.bellunopress.it\\\/2022\\\/11\\\/05\\\/autori-in-biblioteca-a-borgo-valbelluna\\\/#breadcrumb\",\"itemListElement\":[{\"@type\":\"ListItem\",\"position\":1,\"name\":\"Home\",\"item\":\"https:\\\/\\\/www.bellunopress.it\\\/\"},{\"@type\":\"ListItem\",\"position\":2,\"name\":\"Autori in biblioteca a Borgo Valbelluna\"}]},{\"@type\":\"WebSite\",\"@id\":\"https:\\\/\\\/www.bellunopress.it\\\/#website\",\"url\":\"https:\\\/\\\/www.bellunopress.it\\\/\",\"name\":\"Bellunopress - Dolomiti\",\"description\":\"e-mail: redazione@bellunopress.it\",\"publisher\":{\"@id\":\"https:\\\/\\\/www.bellunopress.it\\\/#organization\"},\"potentialAction\":[{\"@type\":\"SearchAction\",\"target\":{\"@type\":\"EntryPoint\",\"urlTemplate\":\"https:\\\/\\\/www.bellunopress.it\\\/?s={search_term_string}\"},\"query-input\":{\"@type\":\"PropertyValueSpecification\",\"valueRequired\":true,\"valueName\":\"search_term_string\"}}],\"inLanguage\":\"fr-FR\"},{\"@type\":\"Organization\",\"@id\":\"https:\\\/\\\/www.bellunopress.it\\\/#organization\",\"name\":\"Bellunopress\",\"url\":\"https:\\\/\\\/www.bellunopress.it\\\/\",\"logo\":{\"@type\":\"ImageObject\",\"inLanguage\":\"fr-FR\",\"@id\":\"https:\\\/\\\/www.bellunopress.it\\\/#\\\/schema\\\/logo\\\/image\\\/\",\"url\":\"https:\\\/\\\/www.bellunopress.it\\\/wp-content\\\/uploads\\\/2011\\\/05\\\/cropped-logo-bellunopress-.jpg\",\"contentUrl\":\"https:\\\/\\\/www.bellunopress.it\\\/wp-content\\\/uploads\\\/2011\\\/05\\\/cropped-logo-bellunopress-.jpg\",\"width\":512,\"height\":512,\"caption\":\"Bellunopress\"},\"image\":{\"@id\":\"https:\\\/\\\/www.bellunopress.it\\\/#\\\/schema\\\/logo\\\/image\\\/\"},\"sameAs\":[\"https:\\\/\\\/www.facebook.com\\\/profile.php?id=100008943462799\",\"https:\\\/\\\/x.com\\\/bellunopress\",\"https:\\\/\\\/www.linkedin.com\\\/hp\\\/?dnr=JBzUWaJfMUw8vbXJJ2tVW5-I3jZKvC4wsoxE&amp;amp;amp;amp;amp;amp;trk=nav_responsive_tab_home\",\"https:\\\/\\\/www.youtube.com\\\/channel\\\/UCxL0wu1uN0_3_7hGG0306cw\"]},{\"@type\":\"Person\",\"@id\":\"https:\\\/\\\/www.bellunopress.it\\\/#\\\/schema\\\/person\\\/79bb06722b37ece1c03d3e94beb30d73\",\"name\":\"redazione\",\"image\":{\"@type\":\"ImageObject\",\"inLanguage\":\"fr-FR\",\"@id\":\"https:\\\/\\\/secure.gravatar.com\\\/avatar\\\/37d968a2e67a6fd04c169c4bdef102d0bc5d31b2546345219e348575eb80e9a0?s=96&d=mm&r=g\",\"url\":\"https:\\\/\\\/secure.gravatar.com\\\/avatar\\\/37d968a2e67a6fd04c169c4bdef102d0bc5d31b2546345219e348575eb80e9a0?s=96&d=mm&r=g\",\"contentUrl\":\"https:\\\/\\\/secure.gravatar.com\\\/avatar\\\/37d968a2e67a6fd04c169c4bdef102d0bc5d31b2546345219e348575eb80e9a0?s=96&d=mm&r=g\",\"caption\":\"redazione\"},\"sameAs\":[\"http:\\\/\\\/www.bellunopress.it\",\"https:\\\/\\\/x.com\\\/bellunopress\"],\"url\":\"https:\\\/\\\/www.bellunopress.it\\\/fr\\\/author\\\/redazione\\\/\"}]}<\/script>\n<!-- \/ Yoast SEO plugin. -->","yoast_head_json":{"title":"Autori in biblioteca a Borgo Valbelluna - Bellunopress - Dolomiti","robots":{"index":"index","follow":"follow","max-snippet":"max-snippet:-1","max-image-preview":"max-image-preview:large","max-video-preview":"max-video-preview:-1"},"canonical":"https:\/\/www.bellunopress.it\/fr\/2022\/11\/05\/autori-in-biblioteca-a-borgo-valbelluna\/","og_locale":"fr_FR","og_type":"article","og_title":"Autori in biblioteca a Borgo Valbelluna - Bellunopress - Dolomiti","og_description":"Le biblioteche di Borgo Valbelluna ospiteranno, tra novembre e dicembre, una serie di appuntamenti dedicati alla presentazione di libri di autori bellunesi. \u00abGli incontri, organizzati dall&#8217;Amministrazione comunale, rientrano a pieno titolo tra gli obiettivi del settore culturale: in primis la promozione della lettura, come strumento di crescita individuale e sociale, ma anche l&#8217;utilizzo degli spazi [&hellip;]","og_url":"https:\/\/www.bellunopress.it\/fr\/2022\/11\/05\/autori-in-biblioteca-a-borgo-valbelluna\/","og_site_name":"Bellunopress - Dolomiti","article_publisher":"https:\/\/www.facebook.com\/profile.php?id=100008943462799","article_published_time":"2022-11-05T13:34:16+00:00","article_modified_time":"2022-11-06T12:30:00+00:00","og_image":[{"width":596,"height":1000,"url":"https:\/\/www.bellunopress.it\/wp-content\/uploads\/2021\/04\/Monica-Frapporti-.jpg","type":"image\/jpeg"}],"author":"redazione","twitter_card":"summary_large_image","twitter_creator":"@bellunopress","twitter_site":"@bellunopress","twitter_misc":{"\u00c9crit par":"redazione","Dur\u00e9e de lecture estim\u00e9e":"3 minutes"},"schema":{"@context":"https:\/\/schema.org","@graph":[{"@type":"Article","@id":"https:\/\/www.bellunopress.it\/2022\/11\/05\/autori-in-biblioteca-a-borgo-valbelluna\/#article","isPartOf":{"@id":"https:\/\/www.bellunopress.it\/2022\/11\/05\/autori-in-biblioteca-a-borgo-valbelluna\/"},"author":{"name":"redazione","@id":"https:\/\/www.bellunopress.it\/#\/schema\/person\/79bb06722b37ece1c03d3e94beb30d73"},"headline":"Autori in biblioteca a Borgo Valbelluna","datePublished":"2022-11-05T13:34:16+00:00","dateModified":"2022-11-06T12:30:00+00:00","mainEntityOfPage":{"@id":"https:\/\/www.bellunopress.it\/2022\/11\/05\/autori-in-biblioteca-a-borgo-valbelluna\/"},"wordCount":435,"publisher":{"@id":"https:\/\/www.bellunopress.it\/#organization"},"image":{"@id":"https:\/\/www.bellunopress.it\/2022\/11\/05\/autori-in-biblioteca-a-borgo-valbelluna\/#primaryimage"},"thumbnailUrl":"https:\/\/www.bellunopress.it\/wp-content\/uploads\/2021\/04\/Monica-Frapporti-.jpg","articleSection":["Appuntamenti, Eventi","Arte, Cultura, Spettacoli, Scienza","Pausa Caff\u00e8"],"inLanguage":"fr-FR"},{"@type":"WebPage","@id":"https:\/\/www.bellunopress.it\/2022\/11\/05\/autori-in-biblioteca-a-borgo-valbelluna\/","url":"https:\/\/www.bellunopress.it\/2022\/11\/05\/autori-in-biblioteca-a-borgo-valbelluna\/","name":"Autori in biblioteca a Borgo Valbelluna - Bellunopress - Dolomiti","isPartOf":{"@id":"https:\/\/www.bellunopress.it\/#website"},"primaryImageOfPage":{"@id":"https:\/\/www.bellunopress.it\/2022\/11\/05\/autori-in-biblioteca-a-borgo-valbelluna\/#primaryimage"},"image":{"@id":"https:\/\/www.bellunopress.it\/2022\/11\/05\/autori-in-biblioteca-a-borgo-valbelluna\/#primaryimage"},"thumbnailUrl":"https:\/\/www.bellunopress.it\/wp-content\/uploads\/2021\/04\/Monica-Frapporti-.jpg","datePublished":"2022-11-05T13:34:16+00:00","dateModified":"2022-11-06T12:30:00+00:00","breadcrumb":{"@id":"https:\/\/www.bellunopress.it\/2022\/11\/05\/autori-in-biblioteca-a-borgo-valbelluna\/#breadcrumb"},"inLanguage":"fr-FR","potentialAction":[{"@type":"ReadAction","target":["https:\/\/www.bellunopress.it\/2022\/11\/05\/autori-in-biblioteca-a-borgo-valbelluna\/"]}]},{"@type":"ImageObject","inLanguage":"fr-FR","@id":"https:\/\/www.bellunopress.it\/2022\/11\/05\/autori-in-biblioteca-a-borgo-valbelluna\/#primaryimage","url":"https:\/\/www.bellunopress.it\/wp-content\/uploads\/2021\/04\/Monica-Frapporti-.jpg","contentUrl":"https:\/\/www.bellunopress.it\/wp-content\/uploads\/2021\/04\/Monica-Frapporti-.jpg","width":596,"height":1000,"caption":"Monica Frapporti - vicesindaco, assessore al Bilancio e alla Cultura di Borgo Valbelluna"},{"@type":"BreadcrumbList","@id":"https:\/\/www.bellunopress.it\/2022\/11\/05\/autori-in-biblioteca-a-borgo-valbelluna\/#breadcrumb","itemListElement":[{"@type":"ListItem","position":1,"name":"Home","item":"https:\/\/www.bellunopress.it\/"},{"@type":"ListItem","position":2,"name":"Autori in biblioteca a Borgo Valbelluna"}]},{"@type":"WebSite","@id":"https:\/\/www.bellunopress.it\/#website","url":"https:\/\/www.bellunopress.it\/","name":"Bellunopress - Dolomiti","description":"e-mail: redazione@bellunopress.it","publisher":{"@id":"https:\/\/www.bellunopress.it\/#organization"},"potentialAction":[{"@type":"SearchAction","target":{"@type":"EntryPoint","urlTemplate":"https:\/\/www.bellunopress.it\/?s={search_term_string}"},"query-input":{"@type":"PropertyValueSpecification","valueRequired":true,"valueName":"search_term_string"}}],"inLanguage":"fr-FR"},{"@type":"Organization","@id":"https:\/\/www.bellunopress.it\/#organization","name":"Bellunopress","url":"https:\/\/www.bellunopress.it\/","logo":{"@type":"ImageObject","inLanguage":"fr-FR","@id":"https:\/\/www.bellunopress.it\/#\/schema\/logo\/image\/","url":"https:\/\/www.bellunopress.it\/wp-content\/uploads\/2011\/05\/cropped-logo-bellunopress-.jpg","contentUrl":"https:\/\/www.bellunopress.it\/wp-content\/uploads\/2011\/05\/cropped-logo-bellunopress-.jpg","width":512,"height":512,"caption":"Bellunopress"},"image":{"@id":"https:\/\/www.bellunopress.it\/#\/schema\/logo\/image\/"},"sameAs":["https:\/\/www.facebook.com\/profile.php?id=100008943462799","https:\/\/x.com\/bellunopress","https:\/\/www.linkedin.com\/hp\/?dnr=JBzUWaJfMUw8vbXJJ2tVW5-I3jZKvC4wsoxE&amp;amp;amp;amp;amp;amp;trk=nav_responsive_tab_home","https:\/\/www.youtube.com\/channel\/UCxL0wu1uN0_3_7hGG0306cw"]},{"@type":"Person","@id":"https:\/\/www.bellunopress.it\/#\/schema\/person\/79bb06722b37ece1c03d3e94beb30d73","name":"r\u00e9daction","image":{"@type":"ImageObject","inLanguage":"fr-FR","@id":"https:\/\/secure.gravatar.com\/avatar\/37d968a2e67a6fd04c169c4bdef102d0bc5d31b2546345219e348575eb80e9a0?s=96&d=mm&r=g","url":"https:\/\/secure.gravatar.com\/avatar\/37d968a2e67a6fd04c169c4bdef102d0bc5d31b2546345219e348575eb80e9a0?s=96&d=mm&r=g","contentUrl":"https:\/\/secure.gravatar.com\/avatar\/37d968a2e67a6fd04c169c4bdef102d0bc5d31b2546345219e348575eb80e9a0?s=96&d=mm&r=g","caption":"redazione"},"sameAs":["http:\/\/www.bellunopress.it","https:\/\/x.com\/bellunopress"],"url":"https:\/\/www.bellunopress.it\/fr\/author\/redazione\/"}]}},"_links":{"self":[{"href":"https:\/\/www.bellunopress.it\/fr\/wp-json\/wp\/v2\/posts\/137479","targetHints":{"allow":["GET"]}}],"collection":[{"href":"https:\/\/www.bellunopress.it\/fr\/wp-json\/wp\/v2\/posts"}],"about":[{"href":"https:\/\/www.bellunopress.it\/fr\/wp-json\/wp\/v2\/types\/post"}],"author":[{"embeddable":true,"href":"https:\/\/www.bellunopress.it\/fr\/wp-json\/wp\/v2\/users\/2"}],"replies":[{"embeddable":true,"href":"https:\/\/www.bellunopress.it\/fr\/wp-json\/wp\/v2\/comments?post=137479"}],"version-history":[{"count":2,"href":"https:\/\/www.bellunopress.it\/fr\/wp-json\/wp\/v2\/posts\/137479\/revisions"}],"predecessor-version":[{"id":137498,"href":"https:\/\/www.bellunopress.it\/fr\/wp-json\/wp\/v2\/posts\/137479\/revisions\/137498"}],"wp:featuredmedia":[{"embeddable":true,"href":"https:\/\/www.bellunopress.it\/fr\/wp-json\/wp\/v2\/media\/123182"}],"wp:attachment":[{"href":"https:\/\/www.bellunopress.it\/fr\/wp-json\/wp\/v2\/media?parent=137479"}],"wp:term":[{"taxonomy":"category","embeddable":true,"href":"https:\/\/www.bellunopress.it\/fr\/wp-json\/wp\/v2\/categories?post=137479"},{"taxonomy":"post_tag","embeddable":true,"href":"https:\/\/www.bellunopress.it\/fr\/wp-json\/wp\/v2\/tags?post=137479"}],"curies":[{"name":"wp","href":"https:\/\/api.w.org\/{rel}","templated":true}]}}