{"id":137477,"date":"2022-11-05T14:28:56","date_gmt":"2022-11-05T13:28:56","guid":{"rendered":"https:\/\/www.bellunopress.it\/?p=137477"},"modified":"2022-11-05T14:28:56","modified_gmt":"2022-11-05T13:28:56","slug":"gli-scritti-di-buzzati-e-la-migrazione-protagonisti-a-limana-venerdi-11-novembre","status":"publish","type":"post","link":"https:\/\/www.bellunopress.it\/fr\/2022\/11\/05\/gli-scritti-di-buzzati-e-la-migrazione-protagonisti-a-limana-venerdi-11-novembre\/","title":{"rendered":"Gli scritti di Buzzati e la migrazione protagonisti a Limana venerd\u00ec 11 novembre"},"content":{"rendered":"<figure id=\"attachment_6837\" aria-describedby=\"caption-attachment-6837\" style=\"width: 280px\" class=\"wp-caption alignleft\"><img loading=\"lazy\" decoding=\"async\" class=\"size-full wp-image-6837\" src=\"https:\/\/www.bellunopress.it\/wp-content\/uploads\/2009\/08\/buzzati1-leggera.jpg\" alt=\"\" width=\"280\" height=\"207\" \/><figcaption id=\"caption-attachment-6837\" class=\"wp-caption-text\">Dino Buzzati<\/figcaption><\/figure>\n<p>In occasione dei 50 anni dalla morte di Buzzati, l&#8217;associazione CivicaMente propone l&#8217;iniziativa &#8220;Lasciare e trovare. Leggere Buzzati nella migrazione&#8221;, che si terr\u00e0 a Limana venerd\u00ec 11 novembre.<\/p>\n<p>L&#8217;incontro, moderato da Marco Crepaz, vedr\u00e0 le testimonianze di Albert Nikolla e Cinzia Rizzo, che racconteranno le proprie esperienze di migrazione, con traiettorie parallele e opposte: dall&#8217;Albania all&#8217;Italia e dall&#8217;Italia alla Spagna. Gli interventi saranno accompagnati da Le Voci di Passaggio, che proporranno brani di Dino Buzzati, legati al tema della incomunicabilit\u00e0 e della distanza fra sogno e realt\u00e0, che hanno caratterizzato il percorso di apprendimento della lingua italiana di Albert Nikolla.<\/p>\n<p>&#8220;I verbi &#8220;lasciare&#8221; e &#8220;trovare&#8221; si intrecciano nella biografia di qualsiasi migrante, caratterizzata dall&#8217;incontro di migliaia di parole in lingue e dialetti diversi che costituiscono l&#8217;identit\u00e0 delle persone, le trasformano e le arricchiscono&#8221;, spiegano gli organizzatori dell&#8217;incontro, che sabato 12 verr\u00e0 proposto agli alunni delle classi terze della scuola media di Limana. &#8220;Buzzati stesso \u00e8 stato un migrante e i suoi scritti spesso portano, in filigrana, le emozioni e i vissuti legati a questa condizione. Le sue parole descrivono mondi, reali o immaginari tra i quali si pu\u00f2 migrare anche solo con il pensiero, proprio grazie alle parole&#8221;.<br \/>\nL&#8217;iniziativa \u00e8 organizzata in collaborazione con il comitato dei genitori Educatamente, con il patrocinio di Comune di Limana, Associazione Bellunesi nel mondo e Famiglia ex-emigranti Sinistra Piave.<\/p>\n<p>L&#8217;appuntamento \u00e8 per venerd\u00ec 11 novembre 2022 dalle 20.45 alla Sala Nocivelli, dietro alla biblioteca comunale di Limana.<br \/>\nIngresso libero fino a esaurimento posti.<\/p>","protected":false},"excerpt":{"rendered":"<p>In occasione dei 50 anni dalla morte di Buzzati, l&#8217;associazione CivicaMente propone l&#8217;iniziativa &#8220;Lasciare e trovare. Leggere Buzzati nella migrazione&#8221;, che si terr\u00e0 a Limana venerd\u00ec 11 novembre. L&#8217;incontro, moderato da Marco Crepaz, vedr\u00e0 le testimonianze di Albert Nikolla e Cinzia Rizzo, che racconteranno le proprie esperienze di migrazione, con traiettorie parallele e opposte: dall&#8217;Albania [&hellip;]<\/p>\n","protected":false},"author":2,"featured_media":6837,"comment_status":"closed","ping_status":"open","sticky":false,"template":"","format":"standard","meta":{"footnotes":""},"categories":[27,3,25],"tags":[],"class_list":["post-137477","post","type-post","status-publish","format-standard","has-post-thumbnail","category-appuntamenti","category-arte-cultura-spettacoli-scienza-archivi","category-pausa-caffe"],"yoast_head":"<!-- This site is optimized with the Yoast SEO plugin v28.4 - https:\/\/yoast.com\/product\/yoast-seo-wordpress\/ -->\n<title>Gli scritti di Buzzati e la migrazione protagonisti a Limana venerd\u00ec 11 novembre - Bellunopress - Dolomiti<\/title>\n<meta name=\"robots\" content=\"index, follow, max-snippet:-1, max-image-preview:large, max-video-preview:-1\" \/>\n<link rel=\"canonical\" href=\"https:\/\/www.bellunopress.it\/fr\/2022\/11\/05\/gli-scritti-di-buzzati-e-la-migrazione-protagonisti-a-limana-venerdi-11-novembre\/\" \/>\n<meta property=\"og:locale\" content=\"fr_FR\" \/>\n<meta property=\"og:type\" content=\"article\" \/>\n<meta property=\"og:title\" content=\"Gli scritti di Buzzati e la migrazione protagonisti a Limana venerd\u00ec 11 novembre - Bellunopress - Dolomiti\" \/>\n<meta property=\"og:description\" content=\"In occasione dei 50 anni dalla morte di Buzzati, l&#8217;associazione CivicaMente propone l&#8217;iniziativa &#8220;Lasciare e trovare. Leggere Buzzati nella migrazione&#8221;, che si terr\u00e0 a Limana venerd\u00ec 11 novembre. L&#8217;incontro, moderato da Marco Crepaz, vedr\u00e0 le testimonianze di Albert Nikolla e Cinzia Rizzo, che racconteranno le proprie esperienze di migrazione, con traiettorie parallele e opposte: dall&#8217;Albania [&hellip;]\" \/>\n<meta property=\"og:url\" content=\"https:\/\/www.bellunopress.it\/fr\/2022\/11\/05\/gli-scritti-di-buzzati-e-la-migrazione-protagonisti-a-limana-venerdi-11-novembre\/\" \/>\n<meta property=\"og:site_name\" content=\"Bellunopress - Dolomiti\" \/>\n<meta property=\"article:publisher\" content=\"https:\/\/www.facebook.com\/profile.php?id=100008943462799\" \/>\n<meta property=\"article:published_time\" content=\"2022-11-05T13:28:56+00:00\" \/>\n<meta property=\"og:image\" content=\"https:\/\/www.bellunopress.it\/wp-content\/uploads\/2009\/08\/buzzati1-leggera.jpg\" \/>\n\t<meta property=\"og:image:width\" content=\"280\" \/>\n\t<meta property=\"og:image:height\" content=\"207\" \/>\n\t<meta property=\"og:image:type\" content=\"image\/jpeg\" \/>\n<meta name=\"author\" content=\"redazione\" \/>\n<meta name=\"twitter:card\" content=\"summary_large_image\" \/>\n<meta name=\"twitter:creator\" content=\"@bellunopress\" \/>\n<meta name=\"twitter:site\" content=\"@bellunopress\" \/>\n<meta name=\"twitter:label1\" content=\"Written by\" \/>\n\t<meta name=\"twitter:data1\" content=\"redazione\" \/>\n\t<meta name=\"twitter:label2\" content=\"Est. reading time\" \/>\n\t<meta name=\"twitter:data2\" content=\"2 minutes\" \/>\n<script type=\"application\/ld+json\" class=\"yoast-schema-graph\">{\"@context\":\"https:\\\/\\\/schema.org\",\"@graph\":[{\"@type\":\"Article\",\"@id\":\"https:\\\/\\\/www.bellunopress.it\\\/2022\\\/11\\\/05\\\/gli-scritti-di-buzzati-e-la-migrazione-protagonisti-a-limana-venerdi-11-novembre\\\/#article\",\"isPartOf\":{\"@id\":\"https:\\\/\\\/www.bellunopress.it\\\/2022\\\/11\\\/05\\\/gli-scritti-di-buzzati-e-la-migrazione-protagonisti-a-limana-venerdi-11-novembre\\\/\"},\"author\":{\"name\":\"redazione\",\"@id\":\"https:\\\/\\\/www.bellunopress.it\\\/#\\\/schema\\\/person\\\/79bb06722b37ece1c03d3e94beb30d73\"},\"headline\":\"Gli scritti di Buzzati e la migrazione protagonisti a Limana venerd\u00ec 11 novembre\",\"datePublished\":\"2022-11-05T13:28:56+00:00\",\"mainEntityOfPage\":{\"@id\":\"https:\\\/\\\/www.bellunopress.it\\\/2022\\\/11\\\/05\\\/gli-scritti-di-buzzati-e-la-migrazione-protagonisti-a-limana-venerdi-11-novembre\\\/\"},\"wordCount\":272,\"publisher\":{\"@id\":\"https:\\\/\\\/www.bellunopress.it\\\/#organization\"},\"image\":{\"@id\":\"https:\\\/\\\/www.bellunopress.it\\\/2022\\\/11\\\/05\\\/gli-scritti-di-buzzati-e-la-migrazione-protagonisti-a-limana-venerdi-11-novembre\\\/#primaryimage\"},\"thumbnailUrl\":\"https:\\\/\\\/www.bellunopress.it\\\/wp-content\\\/uploads\\\/2009\\\/08\\\/buzzati1-leggera.jpg\",\"articleSection\":[\"Appuntamenti, Eventi\",\"Arte, Cultura, Spettacoli, Scienza\",\"Pausa Caff\u00e8\"],\"inLanguage\":\"fr-FR\"},{\"@type\":\"WebPage\",\"@id\":\"https:\\\/\\\/www.bellunopress.it\\\/2022\\\/11\\\/05\\\/gli-scritti-di-buzzati-e-la-migrazione-protagonisti-a-limana-venerdi-11-novembre\\\/\",\"url\":\"https:\\\/\\\/www.bellunopress.it\\\/2022\\\/11\\\/05\\\/gli-scritti-di-buzzati-e-la-migrazione-protagonisti-a-limana-venerdi-11-novembre\\\/\",\"name\":\"Gli scritti di Buzzati e la migrazione protagonisti a Limana venerd\u00ec 11 novembre - Bellunopress - Dolomiti\",\"isPartOf\":{\"@id\":\"https:\\\/\\\/www.bellunopress.it\\\/#website\"},\"primaryImageOfPage\":{\"@id\":\"https:\\\/\\\/www.bellunopress.it\\\/2022\\\/11\\\/05\\\/gli-scritti-di-buzzati-e-la-migrazione-protagonisti-a-limana-venerdi-11-novembre\\\/#primaryimage\"},\"image\":{\"@id\":\"https:\\\/\\\/www.bellunopress.it\\\/2022\\\/11\\\/05\\\/gli-scritti-di-buzzati-e-la-migrazione-protagonisti-a-limana-venerdi-11-novembre\\\/#primaryimage\"},\"thumbnailUrl\":\"https:\\\/\\\/www.bellunopress.it\\\/wp-content\\\/uploads\\\/2009\\\/08\\\/buzzati1-leggera.jpg\",\"datePublished\":\"2022-11-05T13:28:56+00:00\",\"breadcrumb\":{\"@id\":\"https:\\\/\\\/www.bellunopress.it\\\/2022\\\/11\\\/05\\\/gli-scritti-di-buzzati-e-la-migrazione-protagonisti-a-limana-venerdi-11-novembre\\\/#breadcrumb\"},\"inLanguage\":\"fr-FR\",\"potentialAction\":[{\"@type\":\"ReadAction\",\"target\":[\"https:\\\/\\\/www.bellunopress.it\\\/2022\\\/11\\\/05\\\/gli-scritti-di-buzzati-e-la-migrazione-protagonisti-a-limana-venerdi-11-novembre\\\/\"]}]},{\"@type\":\"ImageObject\",\"inLanguage\":\"fr-FR\",\"@id\":\"https:\\\/\\\/www.bellunopress.it\\\/2022\\\/11\\\/05\\\/gli-scritti-di-buzzati-e-la-migrazione-protagonisti-a-limana-venerdi-11-novembre\\\/#primaryimage\",\"url\":\"https:\\\/\\\/www.bellunopress.it\\\/wp-content\\\/uploads\\\/2009\\\/08\\\/buzzati1-leggera.jpg\",\"contentUrl\":\"https:\\\/\\\/www.bellunopress.it\\\/wp-content\\\/uploads\\\/2009\\\/08\\\/buzzati1-leggera.jpg\",\"width\":280,\"height\":207,\"caption\":\"Dino Buzzati\"},{\"@type\":\"BreadcrumbList\",\"@id\":\"https:\\\/\\\/www.bellunopress.it\\\/2022\\\/11\\\/05\\\/gli-scritti-di-buzzati-e-la-migrazione-protagonisti-a-limana-venerdi-11-novembre\\\/#breadcrumb\",\"itemListElement\":[{\"@type\":\"ListItem\",\"position\":1,\"name\":\"Home\",\"item\":\"https:\\\/\\\/www.bellunopress.it\\\/\"},{\"@type\":\"ListItem\",\"position\":2,\"name\":\"Gli scritti di Buzzati e la migrazione protagonisti a Limana venerd\u00ec 11 novembre\"}]},{\"@type\":\"WebSite\",\"@id\":\"https:\\\/\\\/www.bellunopress.it\\\/#website\",\"url\":\"https:\\\/\\\/www.bellunopress.it\\\/\",\"name\":\"Bellunopress - Dolomiti\",\"description\":\"e-mail: redazione@bellunopress.it\",\"publisher\":{\"@id\":\"https:\\\/\\\/www.bellunopress.it\\\/#organization\"},\"potentialAction\":[{\"@type\":\"SearchAction\",\"target\":{\"@type\":\"EntryPoint\",\"urlTemplate\":\"https:\\\/\\\/www.bellunopress.it\\\/?s={search_term_string}\"},\"query-input\":{\"@type\":\"PropertyValueSpecification\",\"valueRequired\":true,\"valueName\":\"search_term_string\"}}],\"inLanguage\":\"fr-FR\"},{\"@type\":\"Organization\",\"@id\":\"https:\\\/\\\/www.bellunopress.it\\\/#organization\",\"name\":\"Bellunopress\",\"url\":\"https:\\\/\\\/www.bellunopress.it\\\/\",\"logo\":{\"@type\":\"ImageObject\",\"inLanguage\":\"fr-FR\",\"@id\":\"https:\\\/\\\/www.bellunopress.it\\\/#\\\/schema\\\/logo\\\/image\\\/\",\"url\":\"https:\\\/\\\/www.bellunopress.it\\\/wp-content\\\/uploads\\\/2011\\\/05\\\/cropped-logo-bellunopress-.jpg\",\"contentUrl\":\"https:\\\/\\\/www.bellunopress.it\\\/wp-content\\\/uploads\\\/2011\\\/05\\\/cropped-logo-bellunopress-.jpg\",\"width\":512,\"height\":512,\"caption\":\"Bellunopress\"},\"image\":{\"@id\":\"https:\\\/\\\/www.bellunopress.it\\\/#\\\/schema\\\/logo\\\/image\\\/\"},\"sameAs\":[\"https:\\\/\\\/www.facebook.com\\\/profile.php?id=100008943462799\",\"https:\\\/\\\/x.com\\\/bellunopress\",\"https:\\\/\\\/www.linkedin.com\\\/hp\\\/?dnr=JBzUWaJfMUw8vbXJJ2tVW5-I3jZKvC4wsoxE&amp;amp;amp;amp;amp;amp;trk=nav_responsive_tab_home\",\"https:\\\/\\\/www.youtube.com\\\/channel\\\/UCxL0wu1uN0_3_7hGG0306cw\"]},{\"@type\":\"Person\",\"@id\":\"https:\\\/\\\/www.bellunopress.it\\\/#\\\/schema\\\/person\\\/79bb06722b37ece1c03d3e94beb30d73\",\"name\":\"redazione\",\"image\":{\"@type\":\"ImageObject\",\"inLanguage\":\"fr-FR\",\"@id\":\"https:\\\/\\\/secure.gravatar.com\\\/avatar\\\/37d968a2e67a6fd04c169c4bdef102d0bc5d31b2546345219e348575eb80e9a0?s=96&d=mm&r=g\",\"url\":\"https:\\\/\\\/secure.gravatar.com\\\/avatar\\\/37d968a2e67a6fd04c169c4bdef102d0bc5d31b2546345219e348575eb80e9a0?s=96&d=mm&r=g\",\"contentUrl\":\"https:\\\/\\\/secure.gravatar.com\\\/avatar\\\/37d968a2e67a6fd04c169c4bdef102d0bc5d31b2546345219e348575eb80e9a0?s=96&d=mm&r=g\",\"caption\":\"redazione\"},\"sameAs\":[\"http:\\\/\\\/www.bellunopress.it\",\"https:\\\/\\\/x.com\\\/bellunopress\"],\"url\":\"https:\\\/\\\/www.bellunopress.it\\\/fr\\\/author\\\/redazione\\\/\"}]}<\/script>\n<!-- \/ Yoast SEO plugin. -->","yoast_head_json":{"title":"Gli scritti di Buzzati e la migrazione protagonisti a Limana venerd\u00ec 11 novembre - Bellunopress - Dolomiti","robots":{"index":"index","follow":"follow","max-snippet":"max-snippet:-1","max-image-preview":"max-image-preview:large","max-video-preview":"max-video-preview:-1"},"canonical":"https:\/\/www.bellunopress.it\/fr\/2022\/11\/05\/gli-scritti-di-buzzati-e-la-migrazione-protagonisti-a-limana-venerdi-11-novembre\/","og_locale":"fr_FR","og_type":"article","og_title":"Gli scritti di Buzzati e la migrazione protagonisti a Limana venerd\u00ec 11 novembre - Bellunopress - Dolomiti","og_description":"In occasione dei 50 anni dalla morte di Buzzati, l&#8217;associazione CivicaMente propone l&#8217;iniziativa &#8220;Lasciare e trovare. Leggere Buzzati nella migrazione&#8221;, che si terr\u00e0 a Limana venerd\u00ec 11 novembre. L&#8217;incontro, moderato da Marco Crepaz, vedr\u00e0 le testimonianze di Albert Nikolla e Cinzia Rizzo, che racconteranno le proprie esperienze di migrazione, con traiettorie parallele e opposte: dall&#8217;Albania [&hellip;]","og_url":"https:\/\/www.bellunopress.it\/fr\/2022\/11\/05\/gli-scritti-di-buzzati-e-la-migrazione-protagonisti-a-limana-venerdi-11-novembre\/","og_site_name":"Bellunopress - Dolomiti","article_publisher":"https:\/\/www.facebook.com\/profile.php?id=100008943462799","article_published_time":"2022-11-05T13:28:56+00:00","og_image":[{"width":280,"height":207,"url":"https:\/\/www.bellunopress.it\/wp-content\/uploads\/2009\/08\/buzzati1-leggera.jpg","type":"image\/jpeg"}],"author":"redazione","twitter_card":"summary_large_image","twitter_creator":"@bellunopress","twitter_site":"@bellunopress","twitter_misc":{"Written by":"redazione","Est. reading time":"2 minutes"},"schema":{"@context":"https:\/\/schema.org","@graph":[{"@type":"Article","@id":"https:\/\/www.bellunopress.it\/2022\/11\/05\/gli-scritti-di-buzzati-e-la-migrazione-protagonisti-a-limana-venerdi-11-novembre\/#article","isPartOf":{"@id":"https:\/\/www.bellunopress.it\/2022\/11\/05\/gli-scritti-di-buzzati-e-la-migrazione-protagonisti-a-limana-venerdi-11-novembre\/"},"author":{"name":"redazione","@id":"https:\/\/www.bellunopress.it\/#\/schema\/person\/79bb06722b37ece1c03d3e94beb30d73"},"headline":"Gli scritti di Buzzati e la migrazione protagonisti a Limana venerd\u00ec 11 novembre","datePublished":"2022-11-05T13:28:56+00:00","mainEntityOfPage":{"@id":"https:\/\/www.bellunopress.it\/2022\/11\/05\/gli-scritti-di-buzzati-e-la-migrazione-protagonisti-a-limana-venerdi-11-novembre\/"},"wordCount":272,"publisher":{"@id":"https:\/\/www.bellunopress.it\/#organization"},"image":{"@id":"https:\/\/www.bellunopress.it\/2022\/11\/05\/gli-scritti-di-buzzati-e-la-migrazione-protagonisti-a-limana-venerdi-11-novembre\/#primaryimage"},"thumbnailUrl":"https:\/\/www.bellunopress.it\/wp-content\/uploads\/2009\/08\/buzzati1-leggera.jpg","articleSection":["Appuntamenti, Eventi","Arte, Cultura, Spettacoli, Scienza","Pausa Caff\u00e8"],"inLanguage":"fr-FR"},{"@type":"WebPage","@id":"https:\/\/www.bellunopress.it\/2022\/11\/05\/gli-scritti-di-buzzati-e-la-migrazione-protagonisti-a-limana-venerdi-11-novembre\/","url":"https:\/\/www.bellunopress.it\/2022\/11\/05\/gli-scritti-di-buzzati-e-la-migrazione-protagonisti-a-limana-venerdi-11-novembre\/","name":"Gli scritti di Buzzati e la migrazione protagonisti a Limana venerd\u00ec 11 novembre - Bellunopress - Dolomiti","isPartOf":{"@id":"https:\/\/www.bellunopress.it\/#website"},"primaryImageOfPage":{"@id":"https:\/\/www.bellunopress.it\/2022\/11\/05\/gli-scritti-di-buzzati-e-la-migrazione-protagonisti-a-limana-venerdi-11-novembre\/#primaryimage"},"image":{"@id":"https:\/\/www.bellunopress.it\/2022\/11\/05\/gli-scritti-di-buzzati-e-la-migrazione-protagonisti-a-limana-venerdi-11-novembre\/#primaryimage"},"thumbnailUrl":"https:\/\/www.bellunopress.it\/wp-content\/uploads\/2009\/08\/buzzati1-leggera.jpg","datePublished":"2022-11-05T13:28:56+00:00","breadcrumb":{"@id":"https:\/\/www.bellunopress.it\/2022\/11\/05\/gli-scritti-di-buzzati-e-la-migrazione-protagonisti-a-limana-venerdi-11-novembre\/#breadcrumb"},"inLanguage":"fr-FR","potentialAction":[{"@type":"ReadAction","target":["https:\/\/www.bellunopress.it\/2022\/11\/05\/gli-scritti-di-buzzati-e-la-migrazione-protagonisti-a-limana-venerdi-11-novembre\/"]}]},{"@type":"ImageObject","inLanguage":"fr-FR","@id":"https:\/\/www.bellunopress.it\/2022\/11\/05\/gli-scritti-di-buzzati-e-la-migrazione-protagonisti-a-limana-venerdi-11-novembre\/#primaryimage","url":"https:\/\/www.bellunopress.it\/wp-content\/uploads\/2009\/08\/buzzati1-leggera.jpg","contentUrl":"https:\/\/www.bellunopress.it\/wp-content\/uploads\/2009\/08\/buzzati1-leggera.jpg","width":280,"height":207,"caption":"Dino Buzzati"},{"@type":"BreadcrumbList","@id":"https:\/\/www.bellunopress.it\/2022\/11\/05\/gli-scritti-di-buzzati-e-la-migrazione-protagonisti-a-limana-venerdi-11-novembre\/#breadcrumb","itemListElement":[{"@type":"ListItem","position":1,"name":"Home","item":"https:\/\/www.bellunopress.it\/"},{"@type":"ListItem","position":2,"name":"Gli scritti di Buzzati e la migrazione protagonisti a Limana venerd\u00ec 11 novembre"}]},{"@type":"WebSite","@id":"https:\/\/www.bellunopress.it\/#website","url":"https:\/\/www.bellunopress.it\/","name":"Bellunopress - Dolomiti","description":"e-mail: redazione@bellunopress.it","publisher":{"@id":"https:\/\/www.bellunopress.it\/#organization"},"potentialAction":[{"@type":"SearchAction","target":{"@type":"EntryPoint","urlTemplate":"https:\/\/www.bellunopress.it\/?s={search_term_string}"},"query-input":{"@type":"PropertyValueSpecification","valueRequired":true,"valueName":"search_term_string"}}],"inLanguage":"fr-FR"},{"@type":"Organization","@id":"https:\/\/www.bellunopress.it\/#organization","name":"Bellunopress","url":"https:\/\/www.bellunopress.it\/","logo":{"@type":"ImageObject","inLanguage":"fr-FR","@id":"https:\/\/www.bellunopress.it\/#\/schema\/logo\/image\/","url":"https:\/\/www.bellunopress.it\/wp-content\/uploads\/2011\/05\/cropped-logo-bellunopress-.jpg","contentUrl":"https:\/\/www.bellunopress.it\/wp-content\/uploads\/2011\/05\/cropped-logo-bellunopress-.jpg","width":512,"height":512,"caption":"Bellunopress"},"image":{"@id":"https:\/\/www.bellunopress.it\/#\/schema\/logo\/image\/"},"sameAs":["https:\/\/www.facebook.com\/profile.php?id=100008943462799","https:\/\/x.com\/bellunopress","https:\/\/www.linkedin.com\/hp\/?dnr=JBzUWaJfMUw8vbXJJ2tVW5-I3jZKvC4wsoxE&amp;amp;amp;amp;amp;amp;trk=nav_responsive_tab_home","https:\/\/www.youtube.com\/channel\/UCxL0wu1uN0_3_7hGG0306cw"]},{"@type":"Person","@id":"https:\/\/www.bellunopress.it\/#\/schema\/person\/79bb06722b37ece1c03d3e94beb30d73","name":"r\u00e9daction","image":{"@type":"ImageObject","inLanguage":"fr-FR","@id":"https:\/\/secure.gravatar.com\/avatar\/37d968a2e67a6fd04c169c4bdef102d0bc5d31b2546345219e348575eb80e9a0?s=96&d=mm&r=g","url":"https:\/\/secure.gravatar.com\/avatar\/37d968a2e67a6fd04c169c4bdef102d0bc5d31b2546345219e348575eb80e9a0?s=96&d=mm&r=g","contentUrl":"https:\/\/secure.gravatar.com\/avatar\/37d968a2e67a6fd04c169c4bdef102d0bc5d31b2546345219e348575eb80e9a0?s=96&d=mm&r=g","caption":"redazione"},"sameAs":["http:\/\/www.bellunopress.it","https:\/\/x.com\/bellunopress"],"url":"https:\/\/www.bellunopress.it\/fr\/author\/redazione\/"}]}},"_links":{"self":[{"href":"https:\/\/www.bellunopress.it\/fr\/wp-json\/wp\/v2\/posts\/137477","targetHints":{"allow":["GET"]}}],"collection":[{"href":"https:\/\/www.bellunopress.it\/fr\/wp-json\/wp\/v2\/posts"}],"about":[{"href":"https:\/\/www.bellunopress.it\/fr\/wp-json\/wp\/v2\/types\/post"}],"author":[{"embeddable":true,"href":"https:\/\/www.bellunopress.it\/fr\/wp-json\/wp\/v2\/users\/2"}],"replies":[{"embeddable":true,"href":"https:\/\/www.bellunopress.it\/fr\/wp-json\/wp\/v2\/comments?post=137477"}],"version-history":[{"count":1,"href":"https:\/\/www.bellunopress.it\/fr\/wp-json\/wp\/v2\/posts\/137477\/revisions"}],"predecessor-version":[{"id":137478,"href":"https:\/\/www.bellunopress.it\/fr\/wp-json\/wp\/v2\/posts\/137477\/revisions\/137478"}],"wp:featuredmedia":[{"embeddable":true,"href":"https:\/\/www.bellunopress.it\/fr\/wp-json\/wp\/v2\/media\/6837"}],"wp:attachment":[{"href":"https:\/\/www.bellunopress.it\/fr\/wp-json\/wp\/v2\/media?parent=137477"}],"wp:term":[{"taxonomy":"category","embeddable":true,"href":"https:\/\/www.bellunopress.it\/fr\/wp-json\/wp\/v2\/categories?post=137477"},{"taxonomy":"post_tag","embeddable":true,"href":"https:\/\/www.bellunopress.it\/fr\/wp-json\/wp\/v2\/tags?post=137477"}],"curies":[{"name":"wp","href":"https:\/\/api.w.org\/{rel}","templated":true}]}}