{"id":137469,"date":"2022-11-04T17:55:28","date_gmt":"2022-11-04T16:55:28","guid":{"rendered":"https:\/\/www.bellunopress.it\/?p=137469"},"modified":"2022-11-04T17:55:28","modified_gmt":"2022-11-04T16:55:28","slug":"michele-dal-farra-e-il-nuovo-presidente-di-longarone-fiere-dolomiti","status":"publish","type":"post","link":"https:\/\/www.bellunopress.it\/fr\/2022\/11\/04\/michele-dal-farra-e-il-nuovo-presidente-di-longarone-fiere-dolomiti\/","title":{"rendered":"Michele Dal Farra \u00e8 il nuovo Presidente di Longarone Fiere Dolomiti"},"content":{"rendered":"<figure id=\"attachment_137470\" aria-describedby=\"caption-attachment-137470\" style=\"width: 1000px\" class=\"wp-caption alignleft\"><img loading=\"lazy\" decoding=\"async\" class=\"size-full wp-image-137470\" src=\"https:\/\/www.bellunopress.it\/wp-content\/uploads\/2022\/11\/Michele-Dal-Farra-Gian-Angelo-Bellati_edited.jpg\" alt=\"\" width=\"1000\" height=\"668\" srcset=\"https:\/\/www.bellunopress.it\/wp-content\/uploads\/2022\/11\/Michele-Dal-Farra-Gian-Angelo-Bellati_edited.jpg 1000w, https:\/\/www.bellunopress.it\/wp-content\/uploads\/2022\/11\/Michele-Dal-Farra-Gian-Angelo-Bellati_edited-500x334.jpg 500w, https:\/\/www.bellunopress.it\/wp-content\/uploads\/2022\/11\/Michele-Dal-Farra-Gian-Angelo-Bellati_edited-696x465.jpg 696w, https:\/\/www.bellunopress.it\/wp-content\/uploads\/2022\/11\/Michele-Dal-Farra-Gian-Angelo-Bellati_edited-629x420.jpg 629w\" sizes=\"auto, (max-width: 1000px) 100vw, 1000px\" \/><figcaption id=\"caption-attachment-137470\" class=\"wp-caption-text\">Michele Dal Farra e Gian Angelo Bellati<\/figcaption><\/figure>\n<p><em><strong>Per il past president Bellati: \u201cla persona pi\u00f9 giusta in questo momento, per esperienza e capacit\u00e0\u201d<\/strong><\/em><\/p>\n<p>Si \u00e8 tenuta oggi, venerd\u00ec 4 novembre, l\u2019Assemblea dei Soci di Longarone Fiere Dolomiti con all\u2019Ordine del Giorno il rinnovo del Consiglio Direttivo. Ad essere eletto Presidente Michele Dal Farra, proposto dalla Provincia di Belluno e selezionato attraverso un bando di manifestazione di interesse. In squadra con lui nel nuovo Consiglio viene confermata Chiara Bortolas per la Camera di Commercio di Treviso e Belluno, e i neoeletti Alberto Bortoluzzi per il Comune di Longarone, Veronica De Lorenzi per l\u2019Unione Montana Cadore Longaronese Zoldo e Claudio Olivier per la Pro Loco di Longarone.<\/p>\n<p>Cos\u00ec il nuovo Presidente, Michele Dal Farra, nel ringraziare Bellati, evidenzia per lui \u201cuna responsabilit\u00e0, quella di raccogliere la straordinaria impresa di avere portato fino a qua Longarone Fiere Dolomiti. Abbiamo un mercato fieristico in trasformazione, ben prima del covid, che vede sempre meno imprese operare e queste imprese sono imprese piccole. Stavamo andando verso grandi aggregazioni. Poi \u00e8 arrivato il covid che ha massacrato i fatturati delle aziende di servizi e ha massacrato, ed \u00e8 la cosa su cui dovremmo lavorare molto, il sistema di relazione con i nostri stakeholder. Affrontiamo questa nuova sfida con ottimismo, sapendo che la Fiera di Longarone \u00e8 un pezzo di storia di questa provincia. Ha fatto crescere tantissime piccole e medie aziende e quindi siamo pronti a costruire l&#8217;altro pezzo di futuro nel modo, ugualmente glorioso cos\u00ec come \u00e8 stato nel passato\u201d.<\/p>\n<p>Mentre il past president Gian Angelo Bellati ha commentato i suoi quattro anni passati qui in fiera: \u201cmi hanno arricchito professionalmente, ma mi hanno anche arricchito dal punto di vista dei rapporti umani, dei contatti con le persone, che in questo territorio sono stupendi. \u00c8 stupenda anche questa fiera. Sono felicissimo di questo passaggio di consegne ad una persona che ritengo sia la persona pi\u00f9 giusta in questo momento. Per il tipo di esperienza, di capacit\u00e0 e di approccio che ha, un approccio molto ottimistico e costruttivo, che \u00e8 essenziale. Perch\u00e9 lasciando questa fiera dico che possiamo fare tutti gli errori che vogliamo, ma la Fiera di Longarone deve rimanere\u201d. Nel sottolunare poi la collaborazione da parte di tutti i Soci, ha voluto in particolare lanciare un appello ai Soci pubblici: \u201cbisogna aiutare la fiera a resistere, anche a questi momenti post covid che sono comunque pesanti, perch\u00e9 la fiera \u00e8 un soggetto determinante per attirare le intelligenze, per attirare i saperi, per attirare anche soldi e per andare anche contro quel fenomeno dello spopolamento che \u00e8 terribile in questa area del Bellunese. Quindi chiudo questa esperienza con una gioia enorme. Dico sempre che alcune fiere sono fiere del cuore, dei sentimenti e non sono solo i soldi a comandare. Questa la forza di Longarone Fiere Dolomiti, ma sono felicissimo di chiudere questi anni che mi hanno arricchito tantissimo, ho imparato tantissimo, ma i rapporti umani continueranno. Anche con il nuovo Presidente a cui auguro ogni bene e ogni successo per il bene di questo stupendo territorio e questa stupenda gente che c&#8217;\u00e8 qui a Belluno\u201d.<\/p>","protected":false},"excerpt":{"rendered":"<p>Per il past president Bellati: \u201cla persona pi\u00f9 giusta in questo momento, per esperienza e capacit\u00e0\u201d Si \u00e8 tenuta oggi, venerd\u00ec 4 novembre, l\u2019Assemblea dei Soci di Longarone Fiere Dolomiti con all\u2019Ordine del Giorno il rinnovo del Consiglio Direttivo. Ad essere eletto Presidente Michele Dal Farra, proposto dalla Provincia di Belluno e selezionato attraverso un [&hellip;]<\/p>\n","protected":false},"author":2,"featured_media":137470,"comment_status":"closed","ping_status":"open","sticky":false,"template":"","format":"standard","meta":{"footnotes":""},"categories":[36,26],"tags":[],"class_list":["post-137469","post","type-post","status-publish","format-standard","has-post-thumbnail","category-lavoro-economia","category-prima-pagina"],"yoast_head":"<!-- This site is optimized with the Yoast SEO plugin v28.4 - https:\/\/yoast.com\/product\/yoast-seo-wordpress\/ -->\n<title>Michele Dal Farra \u00e8 il nuovo Presidente di Longarone Fiere Dolomiti - Bellunopress - Dolomiti<\/title>\n<meta name=\"robots\" content=\"index, follow, max-snippet:-1, max-image-preview:large, max-video-preview:-1\" \/>\n<link rel=\"canonical\" href=\"https:\/\/www.bellunopress.it\/fr\/2022\/11\/04\/michele-dal-farra-e-il-nuovo-presidente-di-longarone-fiere-dolomiti\/\" \/>\n<meta property=\"og:locale\" content=\"fr_FR\" \/>\n<meta property=\"og:type\" content=\"article\" \/>\n<meta property=\"og:title\" content=\"Michele Dal Farra \u00e8 il nuovo Presidente di Longarone Fiere Dolomiti - Bellunopress - Dolomiti\" \/>\n<meta property=\"og:description\" content=\"Per il past president Bellati: \u201cla persona pi\u00f9 giusta in questo momento, per esperienza e capacit\u00e0\u201d Si \u00e8 tenuta oggi, venerd\u00ec 4 novembre, l\u2019Assemblea dei Soci di Longarone Fiere Dolomiti con all\u2019Ordine del Giorno il rinnovo del Consiglio Direttivo. Ad essere eletto Presidente Michele Dal Farra, proposto dalla Provincia di Belluno e selezionato attraverso un [&hellip;]\" \/>\n<meta property=\"og:url\" content=\"https:\/\/www.bellunopress.it\/fr\/2022\/11\/04\/michele-dal-farra-e-il-nuovo-presidente-di-longarone-fiere-dolomiti\/\" \/>\n<meta property=\"og:site_name\" content=\"Bellunopress - Dolomiti\" \/>\n<meta property=\"article:publisher\" content=\"https:\/\/www.facebook.com\/profile.php?id=100008943462799\" \/>\n<meta property=\"article:published_time\" content=\"2022-11-04T16:55:28+00:00\" \/>\n<meta property=\"og:image\" content=\"https:\/\/www.bellunopress.it\/wp-content\/uploads\/2022\/11\/Michele-Dal-Farra-Gian-Angelo-Bellati_edited.jpg\" \/>\n\t<meta property=\"og:image:width\" content=\"1000\" \/>\n\t<meta property=\"og:image:height\" content=\"668\" \/>\n\t<meta property=\"og:image:type\" content=\"image\/jpeg\" \/>\n<meta name=\"author\" content=\"redazione\" \/>\n<meta name=\"twitter:card\" content=\"summary_large_image\" \/>\n<meta name=\"twitter:creator\" content=\"@bellunopress\" \/>\n<meta name=\"twitter:site\" content=\"@bellunopress\" \/>\n<meta name=\"twitter:label1\" content=\"Written by\" \/>\n\t<meta name=\"twitter:data1\" content=\"redazione\" \/>\n\t<meta name=\"twitter:label2\" content=\"Est. reading time\" \/>\n\t<meta name=\"twitter:data2\" content=\"3 minutes\" \/>\n<script type=\"application\/ld+json\" class=\"yoast-schema-graph\">{\"@context\":\"https:\\\/\\\/schema.org\",\"@graph\":[{\"@type\":\"Article\",\"@id\":\"https:\\\/\\\/www.bellunopress.it\\\/2022\\\/11\\\/04\\\/michele-dal-farra-e-il-nuovo-presidente-di-longarone-fiere-dolomiti\\\/#article\",\"isPartOf\":{\"@id\":\"https:\\\/\\\/www.bellunopress.it\\\/2022\\\/11\\\/04\\\/michele-dal-farra-e-il-nuovo-presidente-di-longarone-fiere-dolomiti\\\/\"},\"author\":{\"name\":\"redazione\",\"@id\":\"https:\\\/\\\/www.bellunopress.it\\\/#\\\/schema\\\/person\\\/79bb06722b37ece1c03d3e94beb30d73\"},\"headline\":\"Michele Dal Farra \u00e8 il nuovo Presidente di Longarone Fiere Dolomiti\",\"datePublished\":\"2022-11-04T16:55:28+00:00\",\"mainEntityOfPage\":{\"@id\":\"https:\\\/\\\/www.bellunopress.it\\\/2022\\\/11\\\/04\\\/michele-dal-farra-e-il-nuovo-presidente-di-longarone-fiere-dolomiti\\\/\"},\"wordCount\":531,\"publisher\":{\"@id\":\"https:\\\/\\\/www.bellunopress.it\\\/#organization\"},\"image\":{\"@id\":\"https:\\\/\\\/www.bellunopress.it\\\/2022\\\/11\\\/04\\\/michele-dal-farra-e-il-nuovo-presidente-di-longarone-fiere-dolomiti\\\/#primaryimage\"},\"thumbnailUrl\":\"https:\\\/\\\/www.bellunopress.it\\\/wp-content\\\/uploads\\\/2022\\\/11\\\/Michele-Dal-Farra-Gian-Angelo-Bellati_edited.jpg\",\"articleSection\":[\"Lavoro, Economia, Turismo\",\"Prima Pagina\"],\"inLanguage\":\"fr-FR\"},{\"@type\":\"WebPage\",\"@id\":\"https:\\\/\\\/www.bellunopress.it\\\/2022\\\/11\\\/04\\\/michele-dal-farra-e-il-nuovo-presidente-di-longarone-fiere-dolomiti\\\/\",\"url\":\"https:\\\/\\\/www.bellunopress.it\\\/2022\\\/11\\\/04\\\/michele-dal-farra-e-il-nuovo-presidente-di-longarone-fiere-dolomiti\\\/\",\"name\":\"Michele Dal Farra \u00e8 il nuovo Presidente di Longarone Fiere Dolomiti - Bellunopress - Dolomiti\",\"isPartOf\":{\"@id\":\"https:\\\/\\\/www.bellunopress.it\\\/#website\"},\"primaryImageOfPage\":{\"@id\":\"https:\\\/\\\/www.bellunopress.it\\\/2022\\\/11\\\/04\\\/michele-dal-farra-e-il-nuovo-presidente-di-longarone-fiere-dolomiti\\\/#primaryimage\"},\"image\":{\"@id\":\"https:\\\/\\\/www.bellunopress.it\\\/2022\\\/11\\\/04\\\/michele-dal-farra-e-il-nuovo-presidente-di-longarone-fiere-dolomiti\\\/#primaryimage\"},\"thumbnailUrl\":\"https:\\\/\\\/www.bellunopress.it\\\/wp-content\\\/uploads\\\/2022\\\/11\\\/Michele-Dal-Farra-Gian-Angelo-Bellati_edited.jpg\",\"datePublished\":\"2022-11-04T16:55:28+00:00\",\"breadcrumb\":{\"@id\":\"https:\\\/\\\/www.bellunopress.it\\\/2022\\\/11\\\/04\\\/michele-dal-farra-e-il-nuovo-presidente-di-longarone-fiere-dolomiti\\\/#breadcrumb\"},\"inLanguage\":\"fr-FR\",\"potentialAction\":[{\"@type\":\"ReadAction\",\"target\":[\"https:\\\/\\\/www.bellunopress.it\\\/2022\\\/11\\\/04\\\/michele-dal-farra-e-il-nuovo-presidente-di-longarone-fiere-dolomiti\\\/\"]}]},{\"@type\":\"ImageObject\",\"inLanguage\":\"fr-FR\",\"@id\":\"https:\\\/\\\/www.bellunopress.it\\\/2022\\\/11\\\/04\\\/michele-dal-farra-e-il-nuovo-presidente-di-longarone-fiere-dolomiti\\\/#primaryimage\",\"url\":\"https:\\\/\\\/www.bellunopress.it\\\/wp-content\\\/uploads\\\/2022\\\/11\\\/Michele-Dal-Farra-Gian-Angelo-Bellati_edited.jpg\",\"contentUrl\":\"https:\\\/\\\/www.bellunopress.it\\\/wp-content\\\/uploads\\\/2022\\\/11\\\/Michele-Dal-Farra-Gian-Angelo-Bellati_edited.jpg\",\"width\":1000,\"height\":668,\"caption\":\"Michele Dal Farra e Gian Angelo Bellati\"},{\"@type\":\"BreadcrumbList\",\"@id\":\"https:\\\/\\\/www.bellunopress.it\\\/2022\\\/11\\\/04\\\/michele-dal-farra-e-il-nuovo-presidente-di-longarone-fiere-dolomiti\\\/#breadcrumb\",\"itemListElement\":[{\"@type\":\"ListItem\",\"position\":1,\"name\":\"Home\",\"item\":\"https:\\\/\\\/www.bellunopress.it\\\/\"},{\"@type\":\"ListItem\",\"position\":2,\"name\":\"Michele Dal Farra \u00e8 il nuovo Presidente di Longarone Fiere Dolomiti\"}]},{\"@type\":\"WebSite\",\"@id\":\"https:\\\/\\\/www.bellunopress.it\\\/#website\",\"url\":\"https:\\\/\\\/www.bellunopress.it\\\/\",\"name\":\"Bellunopress - Dolomiti\",\"description\":\"e-mail: redazione@bellunopress.it\",\"publisher\":{\"@id\":\"https:\\\/\\\/www.bellunopress.it\\\/#organization\"},\"potentialAction\":[{\"@type\":\"SearchAction\",\"target\":{\"@type\":\"EntryPoint\",\"urlTemplate\":\"https:\\\/\\\/www.bellunopress.it\\\/?s={search_term_string}\"},\"query-input\":{\"@type\":\"PropertyValueSpecification\",\"valueRequired\":true,\"valueName\":\"search_term_string\"}}],\"inLanguage\":\"fr-FR\"},{\"@type\":\"Organization\",\"@id\":\"https:\\\/\\\/www.bellunopress.it\\\/#organization\",\"name\":\"Bellunopress\",\"url\":\"https:\\\/\\\/www.bellunopress.it\\\/\",\"logo\":{\"@type\":\"ImageObject\",\"inLanguage\":\"fr-FR\",\"@id\":\"https:\\\/\\\/www.bellunopress.it\\\/#\\\/schema\\\/logo\\\/image\\\/\",\"url\":\"https:\\\/\\\/www.bellunopress.it\\\/wp-content\\\/uploads\\\/2011\\\/05\\\/cropped-logo-bellunopress-.jpg\",\"contentUrl\":\"https:\\\/\\\/www.bellunopress.it\\\/wp-content\\\/uploads\\\/2011\\\/05\\\/cropped-logo-bellunopress-.jpg\",\"width\":512,\"height\":512,\"caption\":\"Bellunopress\"},\"image\":{\"@id\":\"https:\\\/\\\/www.bellunopress.it\\\/#\\\/schema\\\/logo\\\/image\\\/\"},\"sameAs\":[\"https:\\\/\\\/www.facebook.com\\\/profile.php?id=100008943462799\",\"https:\\\/\\\/x.com\\\/bellunopress\",\"https:\\\/\\\/www.linkedin.com\\\/hp\\\/?dnr=JBzUWaJfMUw8vbXJJ2tVW5-I3jZKvC4wsoxE&amp;amp;amp;amp;amp;amp;trk=nav_responsive_tab_home\",\"https:\\\/\\\/www.youtube.com\\\/channel\\\/UCxL0wu1uN0_3_7hGG0306cw\"]},{\"@type\":\"Person\",\"@id\":\"https:\\\/\\\/www.bellunopress.it\\\/#\\\/schema\\\/person\\\/79bb06722b37ece1c03d3e94beb30d73\",\"name\":\"redazione\",\"image\":{\"@type\":\"ImageObject\",\"inLanguage\":\"fr-FR\",\"@id\":\"https:\\\/\\\/secure.gravatar.com\\\/avatar\\\/37d968a2e67a6fd04c169c4bdef102d0bc5d31b2546345219e348575eb80e9a0?s=96&d=mm&r=g\",\"url\":\"https:\\\/\\\/secure.gravatar.com\\\/avatar\\\/37d968a2e67a6fd04c169c4bdef102d0bc5d31b2546345219e348575eb80e9a0?s=96&d=mm&r=g\",\"contentUrl\":\"https:\\\/\\\/secure.gravatar.com\\\/avatar\\\/37d968a2e67a6fd04c169c4bdef102d0bc5d31b2546345219e348575eb80e9a0?s=96&d=mm&r=g\",\"caption\":\"redazione\"},\"sameAs\":[\"http:\\\/\\\/www.bellunopress.it\",\"https:\\\/\\\/x.com\\\/bellunopress\"],\"url\":\"https:\\\/\\\/www.bellunopress.it\\\/fr\\\/author\\\/redazione\\\/\"}]}<\/script>\n<!-- \/ Yoast SEO plugin. -->","yoast_head_json":{"title":"Michele Dal Farra \u00e8 il nuovo Presidente di Longarone Fiere Dolomiti - Bellunopress - Dolomiti","robots":{"index":"index","follow":"follow","max-snippet":"max-snippet:-1","max-image-preview":"max-image-preview:large","max-video-preview":"max-video-preview:-1"},"canonical":"https:\/\/www.bellunopress.it\/fr\/2022\/11\/04\/michele-dal-farra-e-il-nuovo-presidente-di-longarone-fiere-dolomiti\/","og_locale":"fr_FR","og_type":"article","og_title":"Michele Dal Farra \u00e8 il nuovo Presidente di Longarone Fiere Dolomiti - Bellunopress - Dolomiti","og_description":"Per il past president Bellati: \u201cla persona pi\u00f9 giusta in questo momento, per esperienza e capacit\u00e0\u201d Si \u00e8 tenuta oggi, venerd\u00ec 4 novembre, l\u2019Assemblea dei Soci di Longarone Fiere Dolomiti con all\u2019Ordine del Giorno il rinnovo del Consiglio Direttivo. Ad essere eletto Presidente Michele Dal Farra, proposto dalla Provincia di Belluno e selezionato attraverso un [&hellip;]","og_url":"https:\/\/www.bellunopress.it\/fr\/2022\/11\/04\/michele-dal-farra-e-il-nuovo-presidente-di-longarone-fiere-dolomiti\/","og_site_name":"Bellunopress - Dolomiti","article_publisher":"https:\/\/www.facebook.com\/profile.php?id=100008943462799","article_published_time":"2022-11-04T16:55:28+00:00","og_image":[{"width":1000,"height":668,"url":"https:\/\/www.bellunopress.it\/wp-content\/uploads\/2022\/11\/Michele-Dal-Farra-Gian-Angelo-Bellati_edited.jpg","type":"image\/jpeg"}],"author":"redazione","twitter_card":"summary_large_image","twitter_creator":"@bellunopress","twitter_site":"@bellunopress","twitter_misc":{"Written by":"redazione","Est. reading time":"3 minutes"},"schema":{"@context":"https:\/\/schema.org","@graph":[{"@type":"Article","@id":"https:\/\/www.bellunopress.it\/2022\/11\/04\/michele-dal-farra-e-il-nuovo-presidente-di-longarone-fiere-dolomiti\/#article","isPartOf":{"@id":"https:\/\/www.bellunopress.it\/2022\/11\/04\/michele-dal-farra-e-il-nuovo-presidente-di-longarone-fiere-dolomiti\/"},"author":{"name":"redazione","@id":"https:\/\/www.bellunopress.it\/#\/schema\/person\/79bb06722b37ece1c03d3e94beb30d73"},"headline":"Michele Dal Farra \u00e8 il nuovo Presidente di Longarone Fiere Dolomiti","datePublished":"2022-11-04T16:55:28+00:00","mainEntityOfPage":{"@id":"https:\/\/www.bellunopress.it\/2022\/11\/04\/michele-dal-farra-e-il-nuovo-presidente-di-longarone-fiere-dolomiti\/"},"wordCount":531,"publisher":{"@id":"https:\/\/www.bellunopress.it\/#organization"},"image":{"@id":"https:\/\/www.bellunopress.it\/2022\/11\/04\/michele-dal-farra-e-il-nuovo-presidente-di-longarone-fiere-dolomiti\/#primaryimage"},"thumbnailUrl":"https:\/\/www.bellunopress.it\/wp-content\/uploads\/2022\/11\/Michele-Dal-Farra-Gian-Angelo-Bellati_edited.jpg","articleSection":["Lavoro, Economia, Turismo","Prima Pagina"],"inLanguage":"fr-FR"},{"@type":"WebPage","@id":"https:\/\/www.bellunopress.it\/2022\/11\/04\/michele-dal-farra-e-il-nuovo-presidente-di-longarone-fiere-dolomiti\/","url":"https:\/\/www.bellunopress.it\/2022\/11\/04\/michele-dal-farra-e-il-nuovo-presidente-di-longarone-fiere-dolomiti\/","name":"Michele Dal Farra \u00e8 il nuovo Presidente di Longarone Fiere Dolomiti - Bellunopress - Dolomiti","isPartOf":{"@id":"https:\/\/www.bellunopress.it\/#website"},"primaryImageOfPage":{"@id":"https:\/\/www.bellunopress.it\/2022\/11\/04\/michele-dal-farra-e-il-nuovo-presidente-di-longarone-fiere-dolomiti\/#primaryimage"},"image":{"@id":"https:\/\/www.bellunopress.it\/2022\/11\/04\/michele-dal-farra-e-il-nuovo-presidente-di-longarone-fiere-dolomiti\/#primaryimage"},"thumbnailUrl":"https:\/\/www.bellunopress.it\/wp-content\/uploads\/2022\/11\/Michele-Dal-Farra-Gian-Angelo-Bellati_edited.jpg","datePublished":"2022-11-04T16:55:28+00:00","breadcrumb":{"@id":"https:\/\/www.bellunopress.it\/2022\/11\/04\/michele-dal-farra-e-il-nuovo-presidente-di-longarone-fiere-dolomiti\/#breadcrumb"},"inLanguage":"fr-FR","potentialAction":[{"@type":"ReadAction","target":["https:\/\/www.bellunopress.it\/2022\/11\/04\/michele-dal-farra-e-il-nuovo-presidente-di-longarone-fiere-dolomiti\/"]}]},{"@type":"ImageObject","inLanguage":"fr-FR","@id":"https:\/\/www.bellunopress.it\/2022\/11\/04\/michele-dal-farra-e-il-nuovo-presidente-di-longarone-fiere-dolomiti\/#primaryimage","url":"https:\/\/www.bellunopress.it\/wp-content\/uploads\/2022\/11\/Michele-Dal-Farra-Gian-Angelo-Bellati_edited.jpg","contentUrl":"https:\/\/www.bellunopress.it\/wp-content\/uploads\/2022\/11\/Michele-Dal-Farra-Gian-Angelo-Bellati_edited.jpg","width":1000,"height":668,"caption":"Michele Dal Farra e Gian Angelo Bellati"},{"@type":"BreadcrumbList","@id":"https:\/\/www.bellunopress.it\/2022\/11\/04\/michele-dal-farra-e-il-nuovo-presidente-di-longarone-fiere-dolomiti\/#breadcrumb","itemListElement":[{"@type":"ListItem","position":1,"name":"Home","item":"https:\/\/www.bellunopress.it\/"},{"@type":"ListItem","position":2,"name":"Michele Dal Farra \u00e8 il nuovo Presidente di Longarone Fiere Dolomiti"}]},{"@type":"WebSite","@id":"https:\/\/www.bellunopress.it\/#website","url":"https:\/\/www.bellunopress.it\/","name":"Bellunopress - Dolomiti","description":"e-mail: redazione@bellunopress.it","publisher":{"@id":"https:\/\/www.bellunopress.it\/#organization"},"potentialAction":[{"@type":"SearchAction","target":{"@type":"EntryPoint","urlTemplate":"https:\/\/www.bellunopress.it\/?s={search_term_string}"},"query-input":{"@type":"PropertyValueSpecification","valueRequired":true,"valueName":"search_term_string"}}],"inLanguage":"fr-FR"},{"@type":"Organization","@id":"https:\/\/www.bellunopress.it\/#organization","name":"Bellunopress","url":"https:\/\/www.bellunopress.it\/","logo":{"@type":"ImageObject","inLanguage":"fr-FR","@id":"https:\/\/www.bellunopress.it\/#\/schema\/logo\/image\/","url":"https:\/\/www.bellunopress.it\/wp-content\/uploads\/2011\/05\/cropped-logo-bellunopress-.jpg","contentUrl":"https:\/\/www.bellunopress.it\/wp-content\/uploads\/2011\/05\/cropped-logo-bellunopress-.jpg","width":512,"height":512,"caption":"Bellunopress"},"image":{"@id":"https:\/\/www.bellunopress.it\/#\/schema\/logo\/image\/"},"sameAs":["https:\/\/www.facebook.com\/profile.php?id=100008943462799","https:\/\/x.com\/bellunopress","https:\/\/www.linkedin.com\/hp\/?dnr=JBzUWaJfMUw8vbXJJ2tVW5-I3jZKvC4wsoxE&amp;amp;amp;amp;amp;amp;trk=nav_responsive_tab_home","https:\/\/www.youtube.com\/channel\/UCxL0wu1uN0_3_7hGG0306cw"]},{"@type":"Person","@id":"https:\/\/www.bellunopress.it\/#\/schema\/person\/79bb06722b37ece1c03d3e94beb30d73","name":"r\u00e9daction","image":{"@type":"ImageObject","inLanguage":"fr-FR","@id":"https:\/\/secure.gravatar.com\/avatar\/37d968a2e67a6fd04c169c4bdef102d0bc5d31b2546345219e348575eb80e9a0?s=96&d=mm&r=g","url":"https:\/\/secure.gravatar.com\/avatar\/37d968a2e67a6fd04c169c4bdef102d0bc5d31b2546345219e348575eb80e9a0?s=96&d=mm&r=g","contentUrl":"https:\/\/secure.gravatar.com\/avatar\/37d968a2e67a6fd04c169c4bdef102d0bc5d31b2546345219e348575eb80e9a0?s=96&d=mm&r=g","caption":"redazione"},"sameAs":["http:\/\/www.bellunopress.it","https:\/\/x.com\/bellunopress"],"url":"https:\/\/www.bellunopress.it\/fr\/author\/redazione\/"}]}},"_links":{"self":[{"href":"https:\/\/www.bellunopress.it\/fr\/wp-json\/wp\/v2\/posts\/137469","targetHints":{"allow":["GET"]}}],"collection":[{"href":"https:\/\/www.bellunopress.it\/fr\/wp-json\/wp\/v2\/posts"}],"about":[{"href":"https:\/\/www.bellunopress.it\/fr\/wp-json\/wp\/v2\/types\/post"}],"author":[{"embeddable":true,"href":"https:\/\/www.bellunopress.it\/fr\/wp-json\/wp\/v2\/users\/2"}],"replies":[{"embeddable":true,"href":"https:\/\/www.bellunopress.it\/fr\/wp-json\/wp\/v2\/comments?post=137469"}],"version-history":[{"count":1,"href":"https:\/\/www.bellunopress.it\/fr\/wp-json\/wp\/v2\/posts\/137469\/revisions"}],"predecessor-version":[{"id":137471,"href":"https:\/\/www.bellunopress.it\/fr\/wp-json\/wp\/v2\/posts\/137469\/revisions\/137471"}],"wp:featuredmedia":[{"embeddable":true,"href":"https:\/\/www.bellunopress.it\/fr\/wp-json\/wp\/v2\/media\/137470"}],"wp:attachment":[{"href":"https:\/\/www.bellunopress.it\/fr\/wp-json\/wp\/v2\/media?parent=137469"}],"wp:term":[{"taxonomy":"category","embeddable":true,"href":"https:\/\/www.bellunopress.it\/fr\/wp-json\/wp\/v2\/categories?post=137469"},{"taxonomy":"post_tag","embeddable":true,"href":"https:\/\/www.bellunopress.it\/fr\/wp-json\/wp\/v2\/tags?post=137469"}],"curies":[{"name":"wp","href":"https:\/\/api.w.org\/{rel}","templated":true}]}}