{"id":137459,"date":"2022-11-06T08:54:10","date_gmt":"2022-11-06T07:54:10","guid":{"rendered":"https:\/\/www.bellunopress.it\/?p=137459"},"modified":"2022-11-04T08:57:27","modified_gmt":"2022-11-04T07:57:27","slug":"buzzati-a-belluno-nuove-prospettive-di-ricerca-incontri-e-conferenze-a-palazzo-fulcis","status":"publish","type":"post","link":"https:\/\/www.bellunopress.it\/fr\/2022\/11\/06\/buzzati-a-belluno-nuove-prospettive-di-ricerca-incontri-e-conferenze-a-palazzo-fulcis\/","title":{"rendered":"\u201cBuzzati a Belluno. Nuove prospettive di ricerca\u201d. Incontri e conferenze a Palazzo Fulcis"},"content":{"rendered":"<figure id=\"attachment_114422\" aria-describedby=\"caption-attachment-114422\" style=\"width: 800px\" class=\"wp-caption alignleft\"><img loading=\"lazy\" decoding=\"async\" class=\"size-full wp-image-114422\" src=\"https:\/\/www.bellunopress.it\/wp-content\/uploads\/2020\/05\/museo-Fulcis_edited.jpg\" alt=\"\" width=\"800\" height=\"626\" srcset=\"https:\/\/www.bellunopress.it\/wp-content\/uploads\/2020\/05\/museo-Fulcis_edited.jpg 800w, https:\/\/www.bellunopress.it\/wp-content\/uploads\/2020\/05\/museo-Fulcis_edited-500x391.jpg 500w, https:\/\/www.bellunopress.it\/wp-content\/uploads\/2020\/05\/museo-Fulcis_edited-696x545.jpg 696w, https:\/\/www.bellunopress.it\/wp-content\/uploads\/2020\/05\/museo-Fulcis_edited-537x420.jpg 537w\" sizes=\"auto, (max-width: 800px) 100vw, 800px\" \/><figcaption id=\"caption-attachment-114422\" class=\"wp-caption-text\">Palazzo Fulcis, sede del Museo civico di Belluno<\/figcaption><\/figure>\n<p>\u201cBuzzati a Belluno. Nuove prospettive di ricerca\u201d. Incontri e conferenze a Palazzo Fulcis,<br \/>\na cura dell\u2019Associazione internazionale Dino Buzzati di Feltre e del Comune di Belluno<br \/>\nLa ricorrenza del cinquantennale della scomparsa di Dino Buzzati permette di fruire di<br \/>\nnumerose occasioni di approfondimento di diversi aspetti legati alla persona e all\u2019opera dello scrittore, giornalista e poliedrico artista.<br \/>\nLa prossima settimana saranno tre le opportunit\u00e0 di studio dedicate a Buzzati, racchiuse sotto il titolo \u201cBuzzati a Belluno. Nuove prospettive di ricerca\u201d.<\/p>\n<p>Il primo appuntamento \u00e8 per marted\u00ec 8 novembre, alle 16.30, nel Salone nobile del<br \/>\nMuseo civico di Palazzo Fulcis, con ingresso libero fino a esaurimento dei posti disponibili.<br \/>\nSi parler\u00e0 di \u201cBuzzati e il confine. Atti del convegno internazionale di Merano del 26<br \/>\ne 27 maggio 2021\u201d. Il volume, composto di ben 375 pagine, edito dall&#8217;editrice Peter Lang di<br \/>\nBerlino e curato da John Butcher e Marco Perale, raccoglie i lavori dei 24 relatori che hanno<br \/>\nmesso a fuoco l&#8217;evoluzione del rapporto tra Buzzati e il mondo tedesco, sia durante la sua vita e sia, soprattutto, evidenziando l&#8217;attenzione che ha incontrato anche in seguito, dimostrata dalle diverse traduzioni delle sue opere pubblicate prima del 1989, tanto nella Germania Ovest quanto nella Germania Est.<\/p>\n<p>Il relatore sar\u00e0 Andrea Scarsella, dell\u2019Universit\u00e0 C\u00e0 Foscari di Venezia.<br \/>\nA seguire, Patrizia Dalla Rosa, del Centro Studi Buzzati, parler\u00e0 di \u201cDino Buzzati e la<br \/>\nparola. Forme e linguaggi, a cura di Silvia Zangrandi, Universit\u00e0 Iulm Milano\u201d. Il<br \/>\nvolume raccoglie gli atti del convegno organizzato presso la sede milanese dello Iulm nei<br \/>\ngiorni 27 e 28 gennaio 2022, quale evento di apertura dell&#8217;anno dedicato proprio al 50\u00b0 della morte di Buzzati, scomparso a Milano il 28 gennaio del 1972. Il volume, di 230 pagine, riunisce i lavori di 20 relatori italiani e stranieri (Quaderni nel Centro studi Buzzati n. 13).<\/p>\n<p>Mercoled\u00ec 9 novembre, sempre alle 16.30 e sempre nel Salone nobile di Palazzo<br \/>\nFulcis, con ingresso libero fino a esaurimento dei posti, Valentina Polcini, dell\u2019Universit\u00e0 di<br \/>\nWarwick, UK, intratterr\u00e0 il pubblico su \u201cBuzzati e le stelle. Incontri extraterrestri e<br \/>\nviaggi spaziali tra fantascienza e giornalismo, a cura di Valentina Polcini,<br \/>\nUniversit\u00e0 di Warwick, UK\u201d, un lavoro che in 170 pagine esamina gli scritti giornalistici e i<br \/>\nracconti dedicati da Buzzati alle molte variazioni sul tema della conquista dello spazio dal 1947 al 1969, cio\u00e8 dallo scoppio della guerra fredda fino alla conquista della luna (Quaderni nel Centro studi Buzzati n. 12).<br \/>\nA seguire, Marco Perale, del Centro Studi Buzzati, parler\u00e0 di \u201cIl romanzo, &#8220;la stessa mia vita&#8221;. Carteggio editoriale Buzzati &#8211; Mondadori (1940-1972), a cura di Angelo Colombo\u201d. Il volume pubblica l&#8217;epistolario intercorso per 32 anni tra Buzzati e la Mondadori offrendo uno spaccato straordinario della vita culturale italiana del Novecento, vista attraverso le parole di due protagonisti assoluti della letteratura e dell&#8217;editoria italiana. L&#8217;edizione \u00e8 stata curata dal prof. Angelo Colombo, docente di italianistica a Besan\u00e7on.<\/p>\n<p>Il ciclo di incontri e conferenze si concluder\u00e0 gioved\u00ec 10 novembre, con un\u2019attivit\u00e0 con le<br \/>\nscuole curata da Patrizia Dalla Rosa per la parte letteraria e da Marco Perale per quella<br \/>\nbiografico\/pittorica, integrata dalla presentazione di una serie di interviste a Buzzati registrate negli anni \u201850 e \u201860<\/p>","protected":false},"excerpt":{"rendered":"<p>\u201cBuzzati a Belluno. Nuove prospettive di ricerca\u201d. Incontri e conferenze a Palazzo Fulcis, a cura dell\u2019Associazione internazionale Dino Buzzati di Feltre e del Comune di Belluno La ricorrenza del cinquantennale della scomparsa di Dino Buzzati permette di fruire di numerose occasioni di approfondimento di diversi aspetti legati alla persona e all\u2019opera dello scrittore, giornalista e [&hellip;]<\/p>\n","protected":false},"author":2,"featured_media":114422,"comment_status":"closed","ping_status":"open","sticky":false,"template":"","format":"standard","meta":{"footnotes":""},"categories":[27,3,25],"tags":[],"class_list":["post-137459","post","type-post","status-publish","format-standard","has-post-thumbnail","category-appuntamenti","category-arte-cultura-spettacoli-scienza-archivi","category-pausa-caffe"],"yoast_head":"<!-- This site is optimized with the Yoast SEO plugin v28.4 - https:\/\/yoast.com\/product\/yoast-seo-wordpress\/ -->\n<title>\u201cBuzzati a Belluno. Nuove prospettive di ricerca\u201d. Incontri e conferenze a Palazzo Fulcis - Bellunopress - Dolomiti<\/title>\n<meta name=\"robots\" content=\"index, follow, max-snippet:-1, max-image-preview:large, max-video-preview:-1\" \/>\n<link rel=\"canonical\" href=\"https:\/\/www.bellunopress.it\/fr\/2022\/11\/06\/buzzati-a-belluno-nuove-prospettive-di-ricerca-incontri-e-conferenze-a-palazzo-fulcis\/\" \/>\n<meta property=\"og:locale\" content=\"fr_FR\" \/>\n<meta property=\"og:type\" content=\"article\" \/>\n<meta property=\"og:title\" content=\"\u201cBuzzati a Belluno. Nuove prospettive di ricerca\u201d. Incontri e conferenze a Palazzo Fulcis - Bellunopress - Dolomiti\" \/>\n<meta property=\"og:description\" content=\"\u201cBuzzati a Belluno. Nuove prospettive di ricerca\u201d. Incontri e conferenze a Palazzo Fulcis, a cura dell\u2019Associazione internazionale Dino Buzzati di Feltre e del Comune di Belluno La ricorrenza del cinquantennale della scomparsa di Dino Buzzati permette di fruire di numerose occasioni di approfondimento di diversi aspetti legati alla persona e all\u2019opera dello scrittore, giornalista e [&hellip;]\" \/>\n<meta property=\"og:url\" content=\"https:\/\/www.bellunopress.it\/fr\/2022\/11\/06\/buzzati-a-belluno-nuove-prospettive-di-ricerca-incontri-e-conferenze-a-palazzo-fulcis\/\" \/>\n<meta property=\"og:site_name\" content=\"Bellunopress - Dolomiti\" \/>\n<meta property=\"article:publisher\" content=\"https:\/\/www.facebook.com\/profile.php?id=100008943462799\" \/>\n<meta property=\"article:published_time\" content=\"2022-11-06T07:54:10+00:00\" \/>\n<meta property=\"og:image\" content=\"https:\/\/www.bellunopress.it\/wp-content\/uploads\/2020\/05\/museo-Fulcis_edited.jpg\" \/>\n\t<meta property=\"og:image:width\" content=\"800\" \/>\n\t<meta property=\"og:image:height\" content=\"626\" \/>\n\t<meta property=\"og:image:type\" content=\"image\/jpeg\" \/>\n<meta name=\"author\" content=\"redazione\" \/>\n<meta name=\"twitter:card\" content=\"summary_large_image\" \/>\n<meta name=\"twitter:creator\" content=\"@bellunopress\" \/>\n<meta name=\"twitter:site\" content=\"@bellunopress\" \/>\n<meta name=\"twitter:label1\" content=\"\u00c9crit par\" \/>\n\t<meta name=\"twitter:data1\" content=\"redazione\" \/>\n\t<meta name=\"twitter:label2\" content=\"Dur\u00e9e de lecture estim\u00e9e\" \/>\n\t<meta name=\"twitter:data2\" content=\"4 minutes\" \/>\n<script type=\"application\/ld+json\" class=\"yoast-schema-graph\">{\"@context\":\"https:\\\/\\\/schema.org\",\"@graph\":[{\"@type\":\"Article\",\"@id\":\"https:\\\/\\\/www.bellunopress.it\\\/2022\\\/11\\\/06\\\/buzzati-a-belluno-nuove-prospettive-di-ricerca-incontri-e-conferenze-a-palazzo-fulcis\\\/#article\",\"isPartOf\":{\"@id\":\"https:\\\/\\\/www.bellunopress.it\\\/2022\\\/11\\\/06\\\/buzzati-a-belluno-nuove-prospettive-di-ricerca-incontri-e-conferenze-a-palazzo-fulcis\\\/\"},\"author\":{\"name\":\"redazione\",\"@id\":\"https:\\\/\\\/www.bellunopress.it\\\/#\\\/schema\\\/person\\\/79bb06722b37ece1c03d3e94beb30d73\"},\"headline\":\"\u201cBuzzati a Belluno. Nuove prospettive di ricerca\u201d. Incontri e conferenze a Palazzo Fulcis\",\"datePublished\":\"2022-11-06T07:54:10+00:00\",\"mainEntityOfPage\":{\"@id\":\"https:\\\/\\\/www.bellunopress.it\\\/2022\\\/11\\\/06\\\/buzzati-a-belluno-nuove-prospettive-di-ricerca-incontri-e-conferenze-a-palazzo-fulcis\\\/\"},\"wordCount\":541,\"publisher\":{\"@id\":\"https:\\\/\\\/www.bellunopress.it\\\/#organization\"},\"image\":{\"@id\":\"https:\\\/\\\/www.bellunopress.it\\\/2022\\\/11\\\/06\\\/buzzati-a-belluno-nuove-prospettive-di-ricerca-incontri-e-conferenze-a-palazzo-fulcis\\\/#primaryimage\"},\"thumbnailUrl\":\"https:\\\/\\\/www.bellunopress.it\\\/wp-content\\\/uploads\\\/2020\\\/05\\\/museo-Fulcis_edited.jpg\",\"articleSection\":[\"Appuntamenti, Eventi\",\"Arte, Cultura, Spettacoli, Scienza\",\"Pausa Caff\u00e8\"],\"inLanguage\":\"fr-FR\"},{\"@type\":\"WebPage\",\"@id\":\"https:\\\/\\\/www.bellunopress.it\\\/2022\\\/11\\\/06\\\/buzzati-a-belluno-nuove-prospettive-di-ricerca-incontri-e-conferenze-a-palazzo-fulcis\\\/\",\"url\":\"https:\\\/\\\/www.bellunopress.it\\\/2022\\\/11\\\/06\\\/buzzati-a-belluno-nuove-prospettive-di-ricerca-incontri-e-conferenze-a-palazzo-fulcis\\\/\",\"name\":\"\u201cBuzzati a Belluno. Nuove prospettive di ricerca\u201d. Incontri e conferenze a Palazzo Fulcis - Bellunopress - Dolomiti\",\"isPartOf\":{\"@id\":\"https:\\\/\\\/www.bellunopress.it\\\/#website\"},\"primaryImageOfPage\":{\"@id\":\"https:\\\/\\\/www.bellunopress.it\\\/2022\\\/11\\\/06\\\/buzzati-a-belluno-nuove-prospettive-di-ricerca-incontri-e-conferenze-a-palazzo-fulcis\\\/#primaryimage\"},\"image\":{\"@id\":\"https:\\\/\\\/www.bellunopress.it\\\/2022\\\/11\\\/06\\\/buzzati-a-belluno-nuove-prospettive-di-ricerca-incontri-e-conferenze-a-palazzo-fulcis\\\/#primaryimage\"},\"thumbnailUrl\":\"https:\\\/\\\/www.bellunopress.it\\\/wp-content\\\/uploads\\\/2020\\\/05\\\/museo-Fulcis_edited.jpg\",\"datePublished\":\"2022-11-06T07:54:10+00:00\",\"breadcrumb\":{\"@id\":\"https:\\\/\\\/www.bellunopress.it\\\/2022\\\/11\\\/06\\\/buzzati-a-belluno-nuove-prospettive-di-ricerca-incontri-e-conferenze-a-palazzo-fulcis\\\/#breadcrumb\"},\"inLanguage\":\"fr-FR\",\"potentialAction\":[{\"@type\":\"ReadAction\",\"target\":[\"https:\\\/\\\/www.bellunopress.it\\\/2022\\\/11\\\/06\\\/buzzati-a-belluno-nuove-prospettive-di-ricerca-incontri-e-conferenze-a-palazzo-fulcis\\\/\"]}]},{\"@type\":\"ImageObject\",\"inLanguage\":\"fr-FR\",\"@id\":\"https:\\\/\\\/www.bellunopress.it\\\/2022\\\/11\\\/06\\\/buzzati-a-belluno-nuove-prospettive-di-ricerca-incontri-e-conferenze-a-palazzo-fulcis\\\/#primaryimage\",\"url\":\"https:\\\/\\\/www.bellunopress.it\\\/wp-content\\\/uploads\\\/2020\\\/05\\\/museo-Fulcis_edited.jpg\",\"contentUrl\":\"https:\\\/\\\/www.bellunopress.it\\\/wp-content\\\/uploads\\\/2020\\\/05\\\/museo-Fulcis_edited.jpg\",\"width\":800,\"height\":626,\"caption\":\"Palazzo Fulcis, sede del Museo civico di Belluno\"},{\"@type\":\"BreadcrumbList\",\"@id\":\"https:\\\/\\\/www.bellunopress.it\\\/2022\\\/11\\\/06\\\/buzzati-a-belluno-nuove-prospettive-di-ricerca-incontri-e-conferenze-a-palazzo-fulcis\\\/#breadcrumb\",\"itemListElement\":[{\"@type\":\"ListItem\",\"position\":1,\"name\":\"Home\",\"item\":\"https:\\\/\\\/www.bellunopress.it\\\/\"},{\"@type\":\"ListItem\",\"position\":2,\"name\":\"\u201cBuzzati a Belluno. Nuove prospettive di ricerca\u201d. Incontri e conferenze a Palazzo Fulcis\"}]},{\"@type\":\"WebSite\",\"@id\":\"https:\\\/\\\/www.bellunopress.it\\\/#website\",\"url\":\"https:\\\/\\\/www.bellunopress.it\\\/\",\"name\":\"Bellunopress - Dolomiti\",\"description\":\"e-mail: redazione@bellunopress.it\",\"publisher\":{\"@id\":\"https:\\\/\\\/www.bellunopress.it\\\/#organization\"},\"potentialAction\":[{\"@type\":\"SearchAction\",\"target\":{\"@type\":\"EntryPoint\",\"urlTemplate\":\"https:\\\/\\\/www.bellunopress.it\\\/?s={search_term_string}\"},\"query-input\":{\"@type\":\"PropertyValueSpecification\",\"valueRequired\":true,\"valueName\":\"search_term_string\"}}],\"inLanguage\":\"fr-FR\"},{\"@type\":\"Organization\",\"@id\":\"https:\\\/\\\/www.bellunopress.it\\\/#organization\",\"name\":\"Bellunopress\",\"url\":\"https:\\\/\\\/www.bellunopress.it\\\/\",\"logo\":{\"@type\":\"ImageObject\",\"inLanguage\":\"fr-FR\",\"@id\":\"https:\\\/\\\/www.bellunopress.it\\\/#\\\/schema\\\/logo\\\/image\\\/\",\"url\":\"https:\\\/\\\/www.bellunopress.it\\\/wp-content\\\/uploads\\\/2011\\\/05\\\/cropped-logo-bellunopress-.jpg\",\"contentUrl\":\"https:\\\/\\\/www.bellunopress.it\\\/wp-content\\\/uploads\\\/2011\\\/05\\\/cropped-logo-bellunopress-.jpg\",\"width\":512,\"height\":512,\"caption\":\"Bellunopress\"},\"image\":{\"@id\":\"https:\\\/\\\/www.bellunopress.it\\\/#\\\/schema\\\/logo\\\/image\\\/\"},\"sameAs\":[\"https:\\\/\\\/www.facebook.com\\\/profile.php?id=100008943462799\",\"https:\\\/\\\/x.com\\\/bellunopress\",\"https:\\\/\\\/www.linkedin.com\\\/hp\\\/?dnr=JBzUWaJfMUw8vbXJJ2tVW5-I3jZKvC4wsoxE&amp;amp;amp;amp;amp;amp;trk=nav_responsive_tab_home\",\"https:\\\/\\\/www.youtube.com\\\/channel\\\/UCxL0wu1uN0_3_7hGG0306cw\"]},{\"@type\":\"Person\",\"@id\":\"https:\\\/\\\/www.bellunopress.it\\\/#\\\/schema\\\/person\\\/79bb06722b37ece1c03d3e94beb30d73\",\"name\":\"redazione\",\"image\":{\"@type\":\"ImageObject\",\"inLanguage\":\"fr-FR\",\"@id\":\"https:\\\/\\\/secure.gravatar.com\\\/avatar\\\/37d968a2e67a6fd04c169c4bdef102d0bc5d31b2546345219e348575eb80e9a0?s=96&d=mm&r=g\",\"url\":\"https:\\\/\\\/secure.gravatar.com\\\/avatar\\\/37d968a2e67a6fd04c169c4bdef102d0bc5d31b2546345219e348575eb80e9a0?s=96&d=mm&r=g\",\"contentUrl\":\"https:\\\/\\\/secure.gravatar.com\\\/avatar\\\/37d968a2e67a6fd04c169c4bdef102d0bc5d31b2546345219e348575eb80e9a0?s=96&d=mm&r=g\",\"caption\":\"redazione\"},\"sameAs\":[\"http:\\\/\\\/www.bellunopress.it\",\"https:\\\/\\\/x.com\\\/bellunopress\"],\"url\":\"https:\\\/\\\/www.bellunopress.it\\\/fr\\\/author\\\/redazione\\\/\"}]}<\/script>\n<!-- \/ Yoast SEO plugin. -->","yoast_head_json":{"title":"\u201cBuzzati a Belluno. Nuove prospettive di ricerca\u201d. Incontri e conferenze a Palazzo Fulcis - Bellunopress - Dolomiti","robots":{"index":"index","follow":"follow","max-snippet":"max-snippet:-1","max-image-preview":"max-image-preview:large","max-video-preview":"max-video-preview:-1"},"canonical":"https:\/\/www.bellunopress.it\/fr\/2022\/11\/06\/buzzati-a-belluno-nuove-prospettive-di-ricerca-incontri-e-conferenze-a-palazzo-fulcis\/","og_locale":"fr_FR","og_type":"article","og_title":"\u201cBuzzati a Belluno. Nuove prospettive di ricerca\u201d. Incontri e conferenze a Palazzo Fulcis - Bellunopress - Dolomiti","og_description":"\u201cBuzzati a Belluno. Nuove prospettive di ricerca\u201d. Incontri e conferenze a Palazzo Fulcis, a cura dell\u2019Associazione internazionale Dino Buzzati di Feltre e del Comune di Belluno La ricorrenza del cinquantennale della scomparsa di Dino Buzzati permette di fruire di numerose occasioni di approfondimento di diversi aspetti legati alla persona e all\u2019opera dello scrittore, giornalista e [&hellip;]","og_url":"https:\/\/www.bellunopress.it\/fr\/2022\/11\/06\/buzzati-a-belluno-nuove-prospettive-di-ricerca-incontri-e-conferenze-a-palazzo-fulcis\/","og_site_name":"Bellunopress - Dolomiti","article_publisher":"https:\/\/www.facebook.com\/profile.php?id=100008943462799","article_published_time":"2022-11-06T07:54:10+00:00","og_image":[{"width":800,"height":626,"url":"https:\/\/www.bellunopress.it\/wp-content\/uploads\/2020\/05\/museo-Fulcis_edited.jpg","type":"image\/jpeg"}],"author":"redazione","twitter_card":"summary_large_image","twitter_creator":"@bellunopress","twitter_site":"@bellunopress","twitter_misc":{"\u00c9crit par":"redazione","Dur\u00e9e de lecture estim\u00e9e":"4 minutes"},"schema":{"@context":"https:\/\/schema.org","@graph":[{"@type":"Article","@id":"https:\/\/www.bellunopress.it\/2022\/11\/06\/buzzati-a-belluno-nuove-prospettive-di-ricerca-incontri-e-conferenze-a-palazzo-fulcis\/#article","isPartOf":{"@id":"https:\/\/www.bellunopress.it\/2022\/11\/06\/buzzati-a-belluno-nuove-prospettive-di-ricerca-incontri-e-conferenze-a-palazzo-fulcis\/"},"author":{"name":"redazione","@id":"https:\/\/www.bellunopress.it\/#\/schema\/person\/79bb06722b37ece1c03d3e94beb30d73"},"headline":"\u201cBuzzati a Belluno. Nuove prospettive di ricerca\u201d. Incontri e conferenze a Palazzo Fulcis","datePublished":"2022-11-06T07:54:10+00:00","mainEntityOfPage":{"@id":"https:\/\/www.bellunopress.it\/2022\/11\/06\/buzzati-a-belluno-nuove-prospettive-di-ricerca-incontri-e-conferenze-a-palazzo-fulcis\/"},"wordCount":541,"publisher":{"@id":"https:\/\/www.bellunopress.it\/#organization"},"image":{"@id":"https:\/\/www.bellunopress.it\/2022\/11\/06\/buzzati-a-belluno-nuove-prospettive-di-ricerca-incontri-e-conferenze-a-palazzo-fulcis\/#primaryimage"},"thumbnailUrl":"https:\/\/www.bellunopress.it\/wp-content\/uploads\/2020\/05\/museo-Fulcis_edited.jpg","articleSection":["Appuntamenti, Eventi","Arte, Cultura, Spettacoli, Scienza","Pausa Caff\u00e8"],"inLanguage":"fr-FR"},{"@type":"WebPage","@id":"https:\/\/www.bellunopress.it\/2022\/11\/06\/buzzati-a-belluno-nuove-prospettive-di-ricerca-incontri-e-conferenze-a-palazzo-fulcis\/","url":"https:\/\/www.bellunopress.it\/2022\/11\/06\/buzzati-a-belluno-nuove-prospettive-di-ricerca-incontri-e-conferenze-a-palazzo-fulcis\/","name":"\u201cBuzzati a Belluno. Nuove prospettive di ricerca\u201d. Incontri e conferenze a Palazzo Fulcis - Bellunopress - Dolomiti","isPartOf":{"@id":"https:\/\/www.bellunopress.it\/#website"},"primaryImageOfPage":{"@id":"https:\/\/www.bellunopress.it\/2022\/11\/06\/buzzati-a-belluno-nuove-prospettive-di-ricerca-incontri-e-conferenze-a-palazzo-fulcis\/#primaryimage"},"image":{"@id":"https:\/\/www.bellunopress.it\/2022\/11\/06\/buzzati-a-belluno-nuove-prospettive-di-ricerca-incontri-e-conferenze-a-palazzo-fulcis\/#primaryimage"},"thumbnailUrl":"https:\/\/www.bellunopress.it\/wp-content\/uploads\/2020\/05\/museo-Fulcis_edited.jpg","datePublished":"2022-11-06T07:54:10+00:00","breadcrumb":{"@id":"https:\/\/www.bellunopress.it\/2022\/11\/06\/buzzati-a-belluno-nuove-prospettive-di-ricerca-incontri-e-conferenze-a-palazzo-fulcis\/#breadcrumb"},"inLanguage":"fr-FR","potentialAction":[{"@type":"ReadAction","target":["https:\/\/www.bellunopress.it\/2022\/11\/06\/buzzati-a-belluno-nuove-prospettive-di-ricerca-incontri-e-conferenze-a-palazzo-fulcis\/"]}]},{"@type":"ImageObject","inLanguage":"fr-FR","@id":"https:\/\/www.bellunopress.it\/2022\/11\/06\/buzzati-a-belluno-nuove-prospettive-di-ricerca-incontri-e-conferenze-a-palazzo-fulcis\/#primaryimage","url":"https:\/\/www.bellunopress.it\/wp-content\/uploads\/2020\/05\/museo-Fulcis_edited.jpg","contentUrl":"https:\/\/www.bellunopress.it\/wp-content\/uploads\/2020\/05\/museo-Fulcis_edited.jpg","width":800,"height":626,"caption":"Palazzo Fulcis, sede del Museo civico di Belluno"},{"@type":"BreadcrumbList","@id":"https:\/\/www.bellunopress.it\/2022\/11\/06\/buzzati-a-belluno-nuove-prospettive-di-ricerca-incontri-e-conferenze-a-palazzo-fulcis\/#breadcrumb","itemListElement":[{"@type":"ListItem","position":1,"name":"Home","item":"https:\/\/www.bellunopress.it\/"},{"@type":"ListItem","position":2,"name":"\u201cBuzzati a Belluno. Nuove prospettive di ricerca\u201d. Incontri e conferenze a Palazzo Fulcis"}]},{"@type":"WebSite","@id":"https:\/\/www.bellunopress.it\/#website","url":"https:\/\/www.bellunopress.it\/","name":"Bellunopress - Dolomiti","description":"e-mail: redazione@bellunopress.it","publisher":{"@id":"https:\/\/www.bellunopress.it\/#organization"},"potentialAction":[{"@type":"SearchAction","target":{"@type":"EntryPoint","urlTemplate":"https:\/\/www.bellunopress.it\/?s={search_term_string}"},"query-input":{"@type":"PropertyValueSpecification","valueRequired":true,"valueName":"search_term_string"}}],"inLanguage":"fr-FR"},{"@type":"Organization","@id":"https:\/\/www.bellunopress.it\/#organization","name":"Bellunopress","url":"https:\/\/www.bellunopress.it\/","logo":{"@type":"ImageObject","inLanguage":"fr-FR","@id":"https:\/\/www.bellunopress.it\/#\/schema\/logo\/image\/","url":"https:\/\/www.bellunopress.it\/wp-content\/uploads\/2011\/05\/cropped-logo-bellunopress-.jpg","contentUrl":"https:\/\/www.bellunopress.it\/wp-content\/uploads\/2011\/05\/cropped-logo-bellunopress-.jpg","width":512,"height":512,"caption":"Bellunopress"},"image":{"@id":"https:\/\/www.bellunopress.it\/#\/schema\/logo\/image\/"},"sameAs":["https:\/\/www.facebook.com\/profile.php?id=100008943462799","https:\/\/x.com\/bellunopress","https:\/\/www.linkedin.com\/hp\/?dnr=JBzUWaJfMUw8vbXJJ2tVW5-I3jZKvC4wsoxE&amp;amp;amp;amp;amp;amp;trk=nav_responsive_tab_home","https:\/\/www.youtube.com\/channel\/UCxL0wu1uN0_3_7hGG0306cw"]},{"@type":"Person","@id":"https:\/\/www.bellunopress.it\/#\/schema\/person\/79bb06722b37ece1c03d3e94beb30d73","name":"r\u00e9daction","image":{"@type":"ImageObject","inLanguage":"fr-FR","@id":"https:\/\/secure.gravatar.com\/avatar\/37d968a2e67a6fd04c169c4bdef102d0bc5d31b2546345219e348575eb80e9a0?s=96&d=mm&r=g","url":"https:\/\/secure.gravatar.com\/avatar\/37d968a2e67a6fd04c169c4bdef102d0bc5d31b2546345219e348575eb80e9a0?s=96&d=mm&r=g","contentUrl":"https:\/\/secure.gravatar.com\/avatar\/37d968a2e67a6fd04c169c4bdef102d0bc5d31b2546345219e348575eb80e9a0?s=96&d=mm&r=g","caption":"redazione"},"sameAs":["http:\/\/www.bellunopress.it","https:\/\/x.com\/bellunopress"],"url":"https:\/\/www.bellunopress.it\/fr\/author\/redazione\/"}]}},"_links":{"self":[{"href":"https:\/\/www.bellunopress.it\/fr\/wp-json\/wp\/v2\/posts\/137459","targetHints":{"allow":["GET"]}}],"collection":[{"href":"https:\/\/www.bellunopress.it\/fr\/wp-json\/wp\/v2\/posts"}],"about":[{"href":"https:\/\/www.bellunopress.it\/fr\/wp-json\/wp\/v2\/types\/post"}],"author":[{"embeddable":true,"href":"https:\/\/www.bellunopress.it\/fr\/wp-json\/wp\/v2\/users\/2"}],"replies":[{"embeddable":true,"href":"https:\/\/www.bellunopress.it\/fr\/wp-json\/wp\/v2\/comments?post=137459"}],"version-history":[{"count":1,"href":"https:\/\/www.bellunopress.it\/fr\/wp-json\/wp\/v2\/posts\/137459\/revisions"}],"predecessor-version":[{"id":137460,"href":"https:\/\/www.bellunopress.it\/fr\/wp-json\/wp\/v2\/posts\/137459\/revisions\/137460"}],"wp:featuredmedia":[{"embeddable":true,"href":"https:\/\/www.bellunopress.it\/fr\/wp-json\/wp\/v2\/media\/114422"}],"wp:attachment":[{"href":"https:\/\/www.bellunopress.it\/fr\/wp-json\/wp\/v2\/media?parent=137459"}],"wp:term":[{"taxonomy":"category","embeddable":true,"href":"https:\/\/www.bellunopress.it\/fr\/wp-json\/wp\/v2\/categories?post=137459"},{"taxonomy":"post_tag","embeddable":true,"href":"https:\/\/www.bellunopress.it\/fr\/wp-json\/wp\/v2\/tags?post=137459"}],"curies":[{"name":"wp","href":"https:\/\/api.w.org\/{rel}","templated":true}]}}