{"id":137454,"date":"2022-11-04T07:26:59","date_gmt":"2022-11-04T06:26:59","guid":{"rendered":"https:\/\/www.bellunopress.it\/?p=137454"},"modified":"2022-11-04T08:32:26","modified_gmt":"2022-11-04T07:32:26","slug":"antonio-dalla-rosa-e-il-nuovo-vicepresidente-del-csv-belluno-treviso","status":"publish","type":"post","link":"https:\/\/www.bellunopress.it\/fr\/2022\/11\/04\/antonio-dalla-rosa-e-il-nuovo-vicepresidente-del-csv-belluno-treviso\/","title":{"rendered":"Antonio Dalla Rosa \u00e8 il nuovo vicepresidente del Csv Belluno Treviso"},"content":{"rendered":"<p><em>Lavorer\u00e0 al fianco della presidente Elisa Corr\u00e0<\/em><br \/>\n<em>Tra le priorit\u00e0 intercettare i bisogni emergenti delle realt\u00e0 del Terzo settore<\/em><\/p>\n<figure id=\"attachment_137455\" aria-describedby=\"caption-attachment-137455\" style=\"width: 780px\" class=\"wp-caption alignleft\"><img loading=\"lazy\" decoding=\"async\" class=\"size-full wp-image-137455\" src=\"https:\/\/www.bellunopress.it\/wp-content\/uploads\/2022\/11\/CSV-presidente-Elisa-Corra-e-vicepresidente-Antonio-Dalla-Rosa_edited.jpg\" alt=\"\" width=\"780\" height=\"571\" srcset=\"https:\/\/www.bellunopress.it\/wp-content\/uploads\/2022\/11\/CSV-presidente-Elisa-Corra-e-vicepresidente-Antonio-Dalla-Rosa_edited.jpg 780w, https:\/\/www.bellunopress.it\/wp-content\/uploads\/2022\/11\/CSV-presidente-Elisa-Corra-e-vicepresidente-Antonio-Dalla-Rosa_edited-500x366.jpg 500w, https:\/\/www.bellunopress.it\/wp-content\/uploads\/2022\/11\/CSV-presidente-Elisa-Corra-e-vicepresidente-Antonio-Dalla-Rosa_edited-696x510.jpg 696w, https:\/\/www.bellunopress.it\/wp-content\/uploads\/2022\/11\/CSV-presidente-Elisa-Corra-e-vicepresidente-Antonio-Dalla-Rosa_edited-574x420.jpg 574w, https:\/\/www.bellunopress.it\/wp-content\/uploads\/2022\/11\/CSV-presidente-Elisa-Corra-e-vicepresidente-Antonio-Dalla-Rosa_edited-80x60.jpg 80w\" sizes=\"auto, (max-width: 780px) 100vw, 780px\" \/><figcaption id=\"caption-attachment-137455\" class=\"wp-caption-text\">La presidente CSV Belluno Treviso Elisa Corr\u00e0 e il vicepresidente Antonio Dalla Rosa<\/figcaption><\/figure>\n<p>\u00c8 Antonio Dalla Rosa il nuovo vicepresidente del Csv Belluno Treviso.<br \/>\nAsolano, 57 anni, sposato e con due figli, Dalla Rosa \u00e8 noto soprattutto nel suo territorio d\u2019origine per avere militato, da quasi trent\u2019anni, nel mondo della donazione di sangue: \u00e8 stato, infatti, presidente della sezione di Asolo dell\u2019Avis fino a maggio 2021 ed \u00e8 attualmente consigliere dell\u2019Avis provinciale di Treviso.<br \/>\nProfessionalmente impegnato in un\u2019azienda artigiana, che si occupa dello sviluppo e prototipazione di articoli sportivi, medicali e non solo, da sempre impegna il tempo libero dedicandolo al volontariato.<\/p>\n<p>\u00abLavorer\u00f2 al fianco della presidente Elisa Corr\u00e0, della quale ho condiviso da subito visione e strategie\u00bb, commenta il vicepresidente. \u00abConsapevole delle sfide che ci attendono, in seguito alla nascita dell\u2019unico ente Csv, e delle differenti necessit\u00e0 dei volontari di Belluno e Treviso, mi impegner\u00f2 in un\u2019unica direzione che permetta di portare vantaggi per entrambi i territori, cercandone di valorizzare le peculiarit\u00e0 e intercettandone i bisogni emergenti\u00bb.<br \/>\nUno degli obiettivi fondamentali sar\u00e0 quello di accrescere la notoriet\u00e0 dell\u2019ente e dei tanti servizi che esso offre in tutti gli ambiti, dalla formazione alla consulenze, dalla ricerca alla promozione, ecc.<\/p>\n<p>Chiarisce Dalla Rosa: \u00abIn particolare la promozione va incrementata nei confronti delle realt\u00e0 pi\u00f9 piccole, che necessitano di aiuto in ambiti specifici, penso ad esempio alla trasmigrazione al Registro unico del Terzo settore, alla stesura o revisione degli statuti, all\u2019accompagnamento alla conoscenza dei bandi. Particolare impegno, dunque, sar\u00e0 volto all\u2019accrescimento della conoscenza dei servizi che il Csv offre tramite una presenza radicata sul territorio, con incontri ad hoc con le realt\u00e0 del Terzo settore e coinvolgendo figure chiave, quali rappresentanti delle amministrazioni comunali o di realt\u00e0 collegate al mondo associativo\u00bb.<\/p>\n<p>Dalla Rosa metter\u00e0 a servizio del Csv anche la sua lunga esperienza con l\u2019Avis asolana, dove ha da poco pi\u00f9 di un anno lasciato la guida per dare spazio a nuove leve: \u00abMolte associazioni soffrono per la mancanza di un rinnovo nei direttivi. Un problema condiviso che necessita, per provare a risolverlo, di un periodo preventivo di studio per la formazione di una nuova squadra, e della capacit\u00e0 di intercettare fasce d\u2019et\u00e0 diverse, ma anche persone appena arrivate su un territorio e che magari necessitano di integrazione. Sono argomenti fondanti su cui riflettere assieme ai protagonisti del vivace mondo degli enti del Terzo settore, con cui il Csv \u00e8 chiamato a lavorare\u00bb.<\/p>\n<p>Nel consiglio del Csv Belluno Treviso vi sono anche, oltre alla presidente Corr\u00e0 e al vice Dalla Rosa, altri tre consiglieri in rappresentanza di Treviso (Anna Cor\u00f2, Umberto Tronchin, Giovanni Sollima) e tre in rappresentanza di Belluno (Gina Bortot, Paolo Colleselli, Maurizio Vecchio).<\/p>","protected":false},"excerpt":{"rendered":"<p>Lavorer\u00e0 al fianco della presidente Elisa Corr\u00e0 Tra le priorit\u00e0 intercettare i bisogni emergenti delle realt\u00e0 del Terzo settore \u00c8 Antonio Dalla Rosa il nuovo vicepresidente del Csv Belluno Treviso. Asolano, 57 anni, sposato e con due figli, Dalla Rosa \u00e8 noto soprattutto nel suo territorio d\u2019origine per avere militato, da quasi trent\u2019anni, nel mondo [&hellip;]<\/p>\n","protected":false},"author":2,"featured_media":137455,"comment_status":"closed","ping_status":"open","sticky":false,"template":"","format":"standard","meta":{"footnotes":""},"categories":[26,8],"tags":[],"class_list":["post-137454","post","type-post","status-publish","format-standard","has-post-thumbnail","category-prima-pagina","category-societa-istituzioni"],"yoast_head":"<!-- This site is optimized with the Yoast SEO plugin v28.4 - https:\/\/yoast.com\/product\/yoast-seo-wordpress\/ -->\n<title>Antonio Dalla Rosa \u00e8 il nuovo vicepresidente del Csv Belluno Treviso - Bellunopress - Dolomiti<\/title>\n<meta name=\"robots\" content=\"index, follow, max-snippet:-1, max-image-preview:large, max-video-preview:-1\" \/>\n<link rel=\"canonical\" href=\"https:\/\/www.bellunopress.it\/fr\/2022\/11\/04\/antonio-dalla-rosa-e-il-nuovo-vicepresidente-del-csv-belluno-treviso\/\" \/>\n<meta property=\"og:locale\" content=\"fr_FR\" \/>\n<meta property=\"og:type\" content=\"article\" \/>\n<meta property=\"og:title\" content=\"Antonio Dalla Rosa \u00e8 il nuovo vicepresidente del Csv Belluno Treviso - Bellunopress - Dolomiti\" \/>\n<meta property=\"og:description\" content=\"Lavorer\u00e0 al fianco della presidente Elisa Corr\u00e0 Tra le priorit\u00e0 intercettare i bisogni emergenti delle realt\u00e0 del Terzo settore \u00c8 Antonio Dalla Rosa il nuovo vicepresidente del Csv Belluno Treviso. Asolano, 57 anni, sposato e con due figli, Dalla Rosa \u00e8 noto soprattutto nel suo territorio d\u2019origine per avere militato, da quasi trent\u2019anni, nel mondo [&hellip;]\" \/>\n<meta property=\"og:url\" content=\"https:\/\/www.bellunopress.it\/fr\/2022\/11\/04\/antonio-dalla-rosa-e-il-nuovo-vicepresidente-del-csv-belluno-treviso\/\" \/>\n<meta property=\"og:site_name\" content=\"Bellunopress - Dolomiti\" \/>\n<meta property=\"article:publisher\" content=\"https:\/\/www.facebook.com\/profile.php?id=100008943462799\" \/>\n<meta property=\"article:published_time\" content=\"2022-11-04T06:26:59+00:00\" \/>\n<meta property=\"article:modified_time\" content=\"2022-11-04T07:32:26+00:00\" \/>\n<meta property=\"og:image\" content=\"https:\/\/www.bellunopress.it\/wp-content\/uploads\/2022\/11\/CSV-presidente-Elisa-Corra-e-vicepresidente-Antonio-Dalla-Rosa_edited.jpg\" \/>\n\t<meta property=\"og:image:width\" content=\"780\" \/>\n\t<meta property=\"og:image:height\" content=\"571\" \/>\n\t<meta property=\"og:image:type\" content=\"image\/jpeg\" \/>\n<meta name=\"author\" content=\"redazione\" \/>\n<meta name=\"twitter:card\" content=\"summary_large_image\" \/>\n<meta name=\"twitter:creator\" content=\"@bellunopress\" \/>\n<meta name=\"twitter:site\" content=\"@bellunopress\" \/>\n<meta name=\"twitter:label1\" content=\"\u00c9crit par\" \/>\n\t<meta name=\"twitter:data1\" content=\"redazione\" \/>\n\t<meta name=\"twitter:label2\" content=\"Dur\u00e9e de lecture estim\u00e9e\" \/>\n\t<meta name=\"twitter:data2\" content=\"3 minutes\" \/>\n<script type=\"application\/ld+json\" class=\"yoast-schema-graph\">{\"@context\":\"https:\\\/\\\/schema.org\",\"@graph\":[{\"@type\":\"Article\",\"@id\":\"https:\\\/\\\/www.bellunopress.it\\\/2022\\\/11\\\/04\\\/antonio-dalla-rosa-e-il-nuovo-vicepresidente-del-csv-belluno-treviso\\\/#article\",\"isPartOf\":{\"@id\":\"https:\\\/\\\/www.bellunopress.it\\\/2022\\\/11\\\/04\\\/antonio-dalla-rosa-e-il-nuovo-vicepresidente-del-csv-belluno-treviso\\\/\"},\"author\":{\"name\":\"redazione\",\"@id\":\"https:\\\/\\\/www.bellunopress.it\\\/#\\\/schema\\\/person\\\/79bb06722b37ece1c03d3e94beb30d73\"},\"headline\":\"Antonio Dalla Rosa \u00e8 il nuovo vicepresidente del Csv Belluno Treviso\",\"datePublished\":\"2022-11-04T06:26:59+00:00\",\"dateModified\":\"2022-11-04T07:32:26+00:00\",\"mainEntityOfPage\":{\"@id\":\"https:\\\/\\\/www.bellunopress.it\\\/2022\\\/11\\\/04\\\/antonio-dalla-rosa-e-il-nuovo-vicepresidente-del-csv-belluno-treviso\\\/\"},\"wordCount\":485,\"publisher\":{\"@id\":\"https:\\\/\\\/www.bellunopress.it\\\/#organization\"},\"image\":{\"@id\":\"https:\\\/\\\/www.bellunopress.it\\\/2022\\\/11\\\/04\\\/antonio-dalla-rosa-e-il-nuovo-vicepresidente-del-csv-belluno-treviso\\\/#primaryimage\"},\"thumbnailUrl\":\"https:\\\/\\\/www.bellunopress.it\\\/wp-content\\\/uploads\\\/2022\\\/11\\\/CSV-presidente-Elisa-Corra-e-vicepresidente-Antonio-Dalla-Rosa_edited.jpg\",\"articleSection\":[\"Prima Pagina\",\"Societ\u00e0, Associazioni, Istituzioni\"],\"inLanguage\":\"fr-FR\"},{\"@type\":\"WebPage\",\"@id\":\"https:\\\/\\\/www.bellunopress.it\\\/2022\\\/11\\\/04\\\/antonio-dalla-rosa-e-il-nuovo-vicepresidente-del-csv-belluno-treviso\\\/\",\"url\":\"https:\\\/\\\/www.bellunopress.it\\\/2022\\\/11\\\/04\\\/antonio-dalla-rosa-e-il-nuovo-vicepresidente-del-csv-belluno-treviso\\\/\",\"name\":\"Antonio Dalla Rosa \u00e8 il nuovo vicepresidente del Csv Belluno Treviso - Bellunopress - Dolomiti\",\"isPartOf\":{\"@id\":\"https:\\\/\\\/www.bellunopress.it\\\/#website\"},\"primaryImageOfPage\":{\"@id\":\"https:\\\/\\\/www.bellunopress.it\\\/2022\\\/11\\\/04\\\/antonio-dalla-rosa-e-il-nuovo-vicepresidente-del-csv-belluno-treviso\\\/#primaryimage\"},\"image\":{\"@id\":\"https:\\\/\\\/www.bellunopress.it\\\/2022\\\/11\\\/04\\\/antonio-dalla-rosa-e-il-nuovo-vicepresidente-del-csv-belluno-treviso\\\/#primaryimage\"},\"thumbnailUrl\":\"https:\\\/\\\/www.bellunopress.it\\\/wp-content\\\/uploads\\\/2022\\\/11\\\/CSV-presidente-Elisa-Corra-e-vicepresidente-Antonio-Dalla-Rosa_edited.jpg\",\"datePublished\":\"2022-11-04T06:26:59+00:00\",\"dateModified\":\"2022-11-04T07:32:26+00:00\",\"breadcrumb\":{\"@id\":\"https:\\\/\\\/www.bellunopress.it\\\/2022\\\/11\\\/04\\\/antonio-dalla-rosa-e-il-nuovo-vicepresidente-del-csv-belluno-treviso\\\/#breadcrumb\"},\"inLanguage\":\"fr-FR\",\"potentialAction\":[{\"@type\":\"ReadAction\",\"target\":[\"https:\\\/\\\/www.bellunopress.it\\\/2022\\\/11\\\/04\\\/antonio-dalla-rosa-e-il-nuovo-vicepresidente-del-csv-belluno-treviso\\\/\"]}]},{\"@type\":\"ImageObject\",\"inLanguage\":\"fr-FR\",\"@id\":\"https:\\\/\\\/www.bellunopress.it\\\/2022\\\/11\\\/04\\\/antonio-dalla-rosa-e-il-nuovo-vicepresidente-del-csv-belluno-treviso\\\/#primaryimage\",\"url\":\"https:\\\/\\\/www.bellunopress.it\\\/wp-content\\\/uploads\\\/2022\\\/11\\\/CSV-presidente-Elisa-Corra-e-vicepresidente-Antonio-Dalla-Rosa_edited.jpg\",\"contentUrl\":\"https:\\\/\\\/www.bellunopress.it\\\/wp-content\\\/uploads\\\/2022\\\/11\\\/CSV-presidente-Elisa-Corra-e-vicepresidente-Antonio-Dalla-Rosa_edited.jpg\",\"width\":780,\"height\":571,\"caption\":\"La presidente CSV Belluno Treviso Elisa Corr\u00e0 e il vicepresidente Antonio Dalla Rosa\"},{\"@type\":\"BreadcrumbList\",\"@id\":\"https:\\\/\\\/www.bellunopress.it\\\/2022\\\/11\\\/04\\\/antonio-dalla-rosa-e-il-nuovo-vicepresidente-del-csv-belluno-treviso\\\/#breadcrumb\",\"itemListElement\":[{\"@type\":\"ListItem\",\"position\":1,\"name\":\"Home\",\"item\":\"https:\\\/\\\/www.bellunopress.it\\\/\"},{\"@type\":\"ListItem\",\"position\":2,\"name\":\"Antonio Dalla Rosa \u00e8 il nuovo vicepresidente del Csv Belluno Treviso\"}]},{\"@type\":\"WebSite\",\"@id\":\"https:\\\/\\\/www.bellunopress.it\\\/#website\",\"url\":\"https:\\\/\\\/www.bellunopress.it\\\/\",\"name\":\"Bellunopress - Dolomiti\",\"description\":\"e-mail: redazione@bellunopress.it\",\"publisher\":{\"@id\":\"https:\\\/\\\/www.bellunopress.it\\\/#organization\"},\"potentialAction\":[{\"@type\":\"SearchAction\",\"target\":{\"@type\":\"EntryPoint\",\"urlTemplate\":\"https:\\\/\\\/www.bellunopress.it\\\/?s={search_term_string}\"},\"query-input\":{\"@type\":\"PropertyValueSpecification\",\"valueRequired\":true,\"valueName\":\"search_term_string\"}}],\"inLanguage\":\"fr-FR\"},{\"@type\":\"Organization\",\"@id\":\"https:\\\/\\\/www.bellunopress.it\\\/#organization\",\"name\":\"Bellunopress\",\"url\":\"https:\\\/\\\/www.bellunopress.it\\\/\",\"logo\":{\"@type\":\"ImageObject\",\"inLanguage\":\"fr-FR\",\"@id\":\"https:\\\/\\\/www.bellunopress.it\\\/#\\\/schema\\\/logo\\\/image\\\/\",\"url\":\"https:\\\/\\\/www.bellunopress.it\\\/wp-content\\\/uploads\\\/2011\\\/05\\\/cropped-logo-bellunopress-.jpg\",\"contentUrl\":\"https:\\\/\\\/www.bellunopress.it\\\/wp-content\\\/uploads\\\/2011\\\/05\\\/cropped-logo-bellunopress-.jpg\",\"width\":512,\"height\":512,\"caption\":\"Bellunopress\"},\"image\":{\"@id\":\"https:\\\/\\\/www.bellunopress.it\\\/#\\\/schema\\\/logo\\\/image\\\/\"},\"sameAs\":[\"https:\\\/\\\/www.facebook.com\\\/profile.php?id=100008943462799\",\"https:\\\/\\\/x.com\\\/bellunopress\",\"https:\\\/\\\/www.linkedin.com\\\/hp\\\/?dnr=JBzUWaJfMUw8vbXJJ2tVW5-I3jZKvC4wsoxE&amp;amp;amp;amp;amp;amp;trk=nav_responsive_tab_home\",\"https:\\\/\\\/www.youtube.com\\\/channel\\\/UCxL0wu1uN0_3_7hGG0306cw\"]},{\"@type\":\"Person\",\"@id\":\"https:\\\/\\\/www.bellunopress.it\\\/#\\\/schema\\\/person\\\/79bb06722b37ece1c03d3e94beb30d73\",\"name\":\"redazione\",\"image\":{\"@type\":\"ImageObject\",\"inLanguage\":\"fr-FR\",\"@id\":\"https:\\\/\\\/secure.gravatar.com\\\/avatar\\\/37d968a2e67a6fd04c169c4bdef102d0bc5d31b2546345219e348575eb80e9a0?s=96&d=mm&r=g\",\"url\":\"https:\\\/\\\/secure.gravatar.com\\\/avatar\\\/37d968a2e67a6fd04c169c4bdef102d0bc5d31b2546345219e348575eb80e9a0?s=96&d=mm&r=g\",\"contentUrl\":\"https:\\\/\\\/secure.gravatar.com\\\/avatar\\\/37d968a2e67a6fd04c169c4bdef102d0bc5d31b2546345219e348575eb80e9a0?s=96&d=mm&r=g\",\"caption\":\"redazione\"},\"sameAs\":[\"http:\\\/\\\/www.bellunopress.it\",\"https:\\\/\\\/x.com\\\/bellunopress\"],\"url\":\"https:\\\/\\\/www.bellunopress.it\\\/fr\\\/author\\\/redazione\\\/\"}]}<\/script>\n<!-- \/ Yoast SEO plugin. -->","yoast_head_json":{"title":"Antonio Dalla Rosa \u00e8 il nuovo vicepresidente del Csv Belluno Treviso - Bellunopress - Dolomiti","robots":{"index":"index","follow":"follow","max-snippet":"max-snippet:-1","max-image-preview":"max-image-preview:large","max-video-preview":"max-video-preview:-1"},"canonical":"https:\/\/www.bellunopress.it\/fr\/2022\/11\/04\/antonio-dalla-rosa-e-il-nuovo-vicepresidente-del-csv-belluno-treviso\/","og_locale":"fr_FR","og_type":"article","og_title":"Antonio Dalla Rosa \u00e8 il nuovo vicepresidente del Csv Belluno Treviso - Bellunopress - Dolomiti","og_description":"Lavorer\u00e0 al fianco della presidente Elisa Corr\u00e0 Tra le priorit\u00e0 intercettare i bisogni emergenti delle realt\u00e0 del Terzo settore \u00c8 Antonio Dalla Rosa il nuovo vicepresidente del Csv Belluno Treviso. Asolano, 57 anni, sposato e con due figli, Dalla Rosa \u00e8 noto soprattutto nel suo territorio d\u2019origine per avere militato, da quasi trent\u2019anni, nel mondo [&hellip;]","og_url":"https:\/\/www.bellunopress.it\/fr\/2022\/11\/04\/antonio-dalla-rosa-e-il-nuovo-vicepresidente-del-csv-belluno-treviso\/","og_site_name":"Bellunopress - Dolomiti","article_publisher":"https:\/\/www.facebook.com\/profile.php?id=100008943462799","article_published_time":"2022-11-04T06:26:59+00:00","article_modified_time":"2022-11-04T07:32:26+00:00","og_image":[{"width":780,"height":571,"url":"https:\/\/www.bellunopress.it\/wp-content\/uploads\/2022\/11\/CSV-presidente-Elisa-Corra-e-vicepresidente-Antonio-Dalla-Rosa_edited.jpg","type":"image\/jpeg"}],"author":"redazione","twitter_card":"summary_large_image","twitter_creator":"@bellunopress","twitter_site":"@bellunopress","twitter_misc":{"\u00c9crit par":"redazione","Dur\u00e9e de lecture estim\u00e9e":"3 minutes"},"schema":{"@context":"https:\/\/schema.org","@graph":[{"@type":"Article","@id":"https:\/\/www.bellunopress.it\/2022\/11\/04\/antonio-dalla-rosa-e-il-nuovo-vicepresidente-del-csv-belluno-treviso\/#article","isPartOf":{"@id":"https:\/\/www.bellunopress.it\/2022\/11\/04\/antonio-dalla-rosa-e-il-nuovo-vicepresidente-del-csv-belluno-treviso\/"},"author":{"name":"redazione","@id":"https:\/\/www.bellunopress.it\/#\/schema\/person\/79bb06722b37ece1c03d3e94beb30d73"},"headline":"Antonio Dalla Rosa \u00e8 il nuovo vicepresidente del Csv Belluno Treviso","datePublished":"2022-11-04T06:26:59+00:00","dateModified":"2022-11-04T07:32:26+00:00","mainEntityOfPage":{"@id":"https:\/\/www.bellunopress.it\/2022\/11\/04\/antonio-dalla-rosa-e-il-nuovo-vicepresidente-del-csv-belluno-treviso\/"},"wordCount":485,"publisher":{"@id":"https:\/\/www.bellunopress.it\/#organization"},"image":{"@id":"https:\/\/www.bellunopress.it\/2022\/11\/04\/antonio-dalla-rosa-e-il-nuovo-vicepresidente-del-csv-belluno-treviso\/#primaryimage"},"thumbnailUrl":"https:\/\/www.bellunopress.it\/wp-content\/uploads\/2022\/11\/CSV-presidente-Elisa-Corra-e-vicepresidente-Antonio-Dalla-Rosa_edited.jpg","articleSection":["Prima Pagina","Societ\u00e0, Associazioni, Istituzioni"],"inLanguage":"fr-FR"},{"@type":"WebPage","@id":"https:\/\/www.bellunopress.it\/2022\/11\/04\/antonio-dalla-rosa-e-il-nuovo-vicepresidente-del-csv-belluno-treviso\/","url":"https:\/\/www.bellunopress.it\/2022\/11\/04\/antonio-dalla-rosa-e-il-nuovo-vicepresidente-del-csv-belluno-treviso\/","name":"Antonio Dalla Rosa \u00e8 il nuovo vicepresidente del Csv Belluno Treviso - Bellunopress - Dolomiti","isPartOf":{"@id":"https:\/\/www.bellunopress.it\/#website"},"primaryImageOfPage":{"@id":"https:\/\/www.bellunopress.it\/2022\/11\/04\/antonio-dalla-rosa-e-il-nuovo-vicepresidente-del-csv-belluno-treviso\/#primaryimage"},"image":{"@id":"https:\/\/www.bellunopress.it\/2022\/11\/04\/antonio-dalla-rosa-e-il-nuovo-vicepresidente-del-csv-belluno-treviso\/#primaryimage"},"thumbnailUrl":"https:\/\/www.bellunopress.it\/wp-content\/uploads\/2022\/11\/CSV-presidente-Elisa-Corra-e-vicepresidente-Antonio-Dalla-Rosa_edited.jpg","datePublished":"2022-11-04T06:26:59+00:00","dateModified":"2022-11-04T07:32:26+00:00","breadcrumb":{"@id":"https:\/\/www.bellunopress.it\/2022\/11\/04\/antonio-dalla-rosa-e-il-nuovo-vicepresidente-del-csv-belluno-treviso\/#breadcrumb"},"inLanguage":"fr-FR","potentialAction":[{"@type":"ReadAction","target":["https:\/\/www.bellunopress.it\/2022\/11\/04\/antonio-dalla-rosa-e-il-nuovo-vicepresidente-del-csv-belluno-treviso\/"]}]},{"@type":"ImageObject","inLanguage":"fr-FR","@id":"https:\/\/www.bellunopress.it\/2022\/11\/04\/antonio-dalla-rosa-e-il-nuovo-vicepresidente-del-csv-belluno-treviso\/#primaryimage","url":"https:\/\/www.bellunopress.it\/wp-content\/uploads\/2022\/11\/CSV-presidente-Elisa-Corra-e-vicepresidente-Antonio-Dalla-Rosa_edited.jpg","contentUrl":"https:\/\/www.bellunopress.it\/wp-content\/uploads\/2022\/11\/CSV-presidente-Elisa-Corra-e-vicepresidente-Antonio-Dalla-Rosa_edited.jpg","width":780,"height":571,"caption":"La presidente CSV Belluno Treviso Elisa Corr\u00e0 e il vicepresidente Antonio Dalla Rosa"},{"@type":"BreadcrumbList","@id":"https:\/\/www.bellunopress.it\/2022\/11\/04\/antonio-dalla-rosa-e-il-nuovo-vicepresidente-del-csv-belluno-treviso\/#breadcrumb","itemListElement":[{"@type":"ListItem","position":1,"name":"Home","item":"https:\/\/www.bellunopress.it\/"},{"@type":"ListItem","position":2,"name":"Antonio Dalla Rosa \u00e8 il nuovo vicepresidente del Csv Belluno Treviso"}]},{"@type":"WebSite","@id":"https:\/\/www.bellunopress.it\/#website","url":"https:\/\/www.bellunopress.it\/","name":"Bellunopress - Dolomiti","description":"e-mail: redazione@bellunopress.it","publisher":{"@id":"https:\/\/www.bellunopress.it\/#organization"},"potentialAction":[{"@type":"SearchAction","target":{"@type":"EntryPoint","urlTemplate":"https:\/\/www.bellunopress.it\/?s={search_term_string}"},"query-input":{"@type":"PropertyValueSpecification","valueRequired":true,"valueName":"search_term_string"}}],"inLanguage":"fr-FR"},{"@type":"Organization","@id":"https:\/\/www.bellunopress.it\/#organization","name":"Bellunopress","url":"https:\/\/www.bellunopress.it\/","logo":{"@type":"ImageObject","inLanguage":"fr-FR","@id":"https:\/\/www.bellunopress.it\/#\/schema\/logo\/image\/","url":"https:\/\/www.bellunopress.it\/wp-content\/uploads\/2011\/05\/cropped-logo-bellunopress-.jpg","contentUrl":"https:\/\/www.bellunopress.it\/wp-content\/uploads\/2011\/05\/cropped-logo-bellunopress-.jpg","width":512,"height":512,"caption":"Bellunopress"},"image":{"@id":"https:\/\/www.bellunopress.it\/#\/schema\/logo\/image\/"},"sameAs":["https:\/\/www.facebook.com\/profile.php?id=100008943462799","https:\/\/x.com\/bellunopress","https:\/\/www.linkedin.com\/hp\/?dnr=JBzUWaJfMUw8vbXJJ2tVW5-I3jZKvC4wsoxE&amp;amp;amp;amp;amp;amp;trk=nav_responsive_tab_home","https:\/\/www.youtube.com\/channel\/UCxL0wu1uN0_3_7hGG0306cw"]},{"@type":"Person","@id":"https:\/\/www.bellunopress.it\/#\/schema\/person\/79bb06722b37ece1c03d3e94beb30d73","name":"r\u00e9daction","image":{"@type":"ImageObject","inLanguage":"fr-FR","@id":"https:\/\/secure.gravatar.com\/avatar\/37d968a2e67a6fd04c169c4bdef102d0bc5d31b2546345219e348575eb80e9a0?s=96&d=mm&r=g","url":"https:\/\/secure.gravatar.com\/avatar\/37d968a2e67a6fd04c169c4bdef102d0bc5d31b2546345219e348575eb80e9a0?s=96&d=mm&r=g","contentUrl":"https:\/\/secure.gravatar.com\/avatar\/37d968a2e67a6fd04c169c4bdef102d0bc5d31b2546345219e348575eb80e9a0?s=96&d=mm&r=g","caption":"redazione"},"sameAs":["http:\/\/www.bellunopress.it","https:\/\/x.com\/bellunopress"],"url":"https:\/\/www.bellunopress.it\/fr\/author\/redazione\/"}]}},"_links":{"self":[{"href":"https:\/\/www.bellunopress.it\/fr\/wp-json\/wp\/v2\/posts\/137454","targetHints":{"allow":["GET"]}}],"collection":[{"href":"https:\/\/www.bellunopress.it\/fr\/wp-json\/wp\/v2\/posts"}],"about":[{"href":"https:\/\/www.bellunopress.it\/fr\/wp-json\/wp\/v2\/types\/post"}],"author":[{"embeddable":true,"href":"https:\/\/www.bellunopress.it\/fr\/wp-json\/wp\/v2\/users\/2"}],"replies":[{"embeddable":true,"href":"https:\/\/www.bellunopress.it\/fr\/wp-json\/wp\/v2\/comments?post=137454"}],"version-history":[{"count":1,"href":"https:\/\/www.bellunopress.it\/fr\/wp-json\/wp\/v2\/posts\/137454\/revisions"}],"predecessor-version":[{"id":137456,"href":"https:\/\/www.bellunopress.it\/fr\/wp-json\/wp\/v2\/posts\/137454\/revisions\/137456"}],"wp:featuredmedia":[{"embeddable":true,"href":"https:\/\/www.bellunopress.it\/fr\/wp-json\/wp\/v2\/media\/137455"}],"wp:attachment":[{"href":"https:\/\/www.bellunopress.it\/fr\/wp-json\/wp\/v2\/media?parent=137454"}],"wp:term":[{"taxonomy":"category","embeddable":true,"href":"https:\/\/www.bellunopress.it\/fr\/wp-json\/wp\/v2\/categories?post=137454"},{"taxonomy":"post_tag","embeddable":true,"href":"https:\/\/www.bellunopress.it\/fr\/wp-json\/wp\/v2\/tags?post=137454"}],"curies":[{"name":"wp","href":"https:\/\/api.w.org\/{rel}","templated":true}]}}