{"id":137452,"date":"2022-11-04T08:24:10","date_gmt":"2022-11-04T07:24:10","guid":{"rendered":"https:\/\/www.bellunopress.it\/?p=137452"},"modified":"2022-11-04T08:24:10","modified_gmt":"2022-11-04T07:24:10","slug":"adolescenti-identita-di-genere-e-sessualita-venerdi-in-sala-bianchi-con-la-psicologa-anna-dal-pan","status":"publish","type":"post","link":"https:\/\/www.bellunopress.it\/fr\/2022\/11\/04\/adolescenti-identita-di-genere-e-sessualita-venerdi-in-sala-bianchi-con-la-psicologa-anna-dal-pan\/","title":{"rendered":"Adolescenti, identit\u00e0 di genere e sessualit\u00e0. Venerd\u00ec in Sala Bianchi con la psicologa Anna Dal Pan"},"content":{"rendered":"<figure id=\"attachment_112653\" aria-describedby=\"caption-attachment-112653\" style=\"width: 900px\" class=\"wp-caption alignleft\"><img loading=\"lazy\" decoding=\"async\" class=\"size-full wp-image-112653\" src=\"https:\/\/www.bellunopress.it\/wp-content\/uploads\/2020\/03\/sala-bianchi-belluno.jpg\" alt=\"\" width=\"900\" height=\"600\" srcset=\"https:\/\/www.bellunopress.it\/wp-content\/uploads\/2020\/03\/sala-bianchi-belluno.jpg 900w, https:\/\/www.bellunopress.it\/wp-content\/uploads\/2020\/03\/sala-bianchi-belluno-500x333.jpg 500w, https:\/\/www.bellunopress.it\/wp-content\/uploads\/2020\/03\/sala-bianchi-belluno-696x464.jpg 696w, https:\/\/www.bellunopress.it\/wp-content\/uploads\/2020\/03\/sala-bianchi-belluno-630x420.jpg 630w\" sizes=\"auto, (max-width: 900px) 100vw, 900px\" \/><figcaption id=\"caption-attachment-112653\" class=\"wp-caption-text\">Sala Bianchi &#8211; Belluno<\/figcaption><\/figure>\n<p>Riprendono gli incontri del programma &#8220;Per fortuna siamo tutti genitori imperfetti&#8221; dell&#8217;Associazione Dafne.<\/p>\n<p>Venerd\u00ec 4 novembre 2022 alle ore 18:15 in Sala Bianchi &#8220;Eliseo Dal Pont&#8221;, v.le G. Fantuzzi n,11, Belluno si terr\u00e0 l&#8217;incontro dal titolo: \u00a0&#8220;ADOLESCENTI: IDENTITA&#8217; DI GENERE E SESSUALITA'&#8221;.<\/p>\n<p>Anna Dal Pan, psicologa e psicoterapeuta , indicher\u00e0 un percorso attraverso l&#8217;infinito mondo delle sfumature dell&#8217;identit\u00e0 di genere e della sessualit\u00e0 degli esseri umani , ma con l&#8217;ottica dei nostri figli. Un viaggio per riflettere sui concetti di morale e di etica e soprattutto di diritti e di inclusione, in un tempo in cui ognuno di noi ha il dovere di confrontarsi e relazionarsi con le persone.<\/p>\n<p>L&#8217;incontro si intreccia con il progetto OTUIA\/AIUTO, finanziato dal bando per la co-progettazione sociale-anno 2021 del CSV Belluno Treviso<\/p>","protected":false},"excerpt":{"rendered":"<p>Riprendono gli incontri del programma &#8220;Per fortuna siamo tutti genitori imperfetti&#8221; dell&#8217;Associazione Dafne. Venerd\u00ec 4 novembre 2022 alle ore 18:15 in Sala Bianchi &#8220;Eliseo Dal Pont&#8221;, v.le G. Fantuzzi n,11, Belluno si terr\u00e0 l&#8217;incontro dal titolo: \u00a0&#8220;ADOLESCENTI: IDENTITA&#8217; DI GENERE E SESSUALITA&#8217;&#8221;. Anna Dal Pan, psicologa e psicoterapeuta , indicher\u00e0 un percorso attraverso l&#8217;infinito mondo [&hellip;]<\/p>\n","protected":false},"author":2,"featured_media":112653,"comment_status":"closed","ping_status":"open","sticky":false,"template":"","format":"standard","meta":{"footnotes":""},"categories":[25,8],"tags":[],"class_list":["post-137452","post","type-post","status-publish","format-standard","has-post-thumbnail","category-pausa-caffe","category-societa-istituzioni"],"yoast_head":"<!-- This site is optimized with the Yoast SEO plugin v28.4 - https:\/\/yoast.com\/product\/yoast-seo-wordpress\/ -->\n<title>Adolescenti, identit\u00e0 di genere e sessualit\u00e0. Venerd\u00ec in Sala Bianchi con la psicologa Anna Dal Pan - Bellunopress - Dolomiti<\/title>\n<meta name=\"robots\" content=\"index, follow, max-snippet:-1, max-image-preview:large, max-video-preview:-1\" \/>\n<link rel=\"canonical\" href=\"https:\/\/www.bellunopress.it\/fr\/2022\/11\/04\/adolescenti-identita-di-genere-e-sessualita-venerdi-in-sala-bianchi-con-la-psicologa-anna-dal-pan\/\" \/>\n<meta property=\"og:locale\" content=\"fr_FR\" \/>\n<meta property=\"og:type\" content=\"article\" \/>\n<meta property=\"og:title\" content=\"Adolescenti, identit\u00e0 di genere e sessualit\u00e0. Venerd\u00ec in Sala Bianchi con la psicologa Anna Dal Pan - Bellunopress - Dolomiti\" \/>\n<meta property=\"og:description\" content=\"Riprendono gli incontri del programma &#8220;Per fortuna siamo tutti genitori imperfetti&#8221; dell&#8217;Associazione Dafne. Venerd\u00ec 4 novembre 2022 alle ore 18:15 in Sala Bianchi &#8220;Eliseo Dal Pont&#8221;, v.le G. Fantuzzi n,11, Belluno si terr\u00e0 l&#8217;incontro dal titolo: \u00a0&#8220;ADOLESCENTI: IDENTITA&#8217; DI GENERE E SESSUALITA&#039;&#8221;. Anna Dal Pan, psicologa e psicoterapeuta , indicher\u00e0 un percorso attraverso l&#8217;infinito mondo [&hellip;]\" \/>\n<meta property=\"og:url\" content=\"https:\/\/www.bellunopress.it\/fr\/2022\/11\/04\/adolescenti-identita-di-genere-e-sessualita-venerdi-in-sala-bianchi-con-la-psicologa-anna-dal-pan\/\" \/>\n<meta property=\"og:site_name\" content=\"Bellunopress - Dolomiti\" \/>\n<meta property=\"article:publisher\" content=\"https:\/\/www.facebook.com\/profile.php?id=100008943462799\" \/>\n<meta property=\"article:published_time\" content=\"2022-11-04T07:24:10+00:00\" \/>\n<meta property=\"og:image\" content=\"https:\/\/www.bellunopress.it\/wp-content\/uploads\/2020\/03\/sala-bianchi-belluno.jpg\" \/>\n\t<meta property=\"og:image:width\" content=\"900\" \/>\n\t<meta property=\"og:image:height\" content=\"600\" \/>\n\t<meta property=\"og:image:type\" content=\"image\/jpeg\" \/>\n<meta name=\"author\" content=\"redazione\" \/>\n<meta name=\"twitter:card\" content=\"summary_large_image\" \/>\n<meta name=\"twitter:creator\" content=\"@bellunopress\" \/>\n<meta name=\"twitter:site\" content=\"@bellunopress\" \/>\n<meta name=\"twitter:label1\" content=\"\u00c9crit par\" \/>\n\t<meta name=\"twitter:data1\" content=\"redazione\" \/>\n\t<meta name=\"twitter:label2\" content=\"Dur\u00e9e de lecture estim\u00e9e\" \/>\n\t<meta name=\"twitter:data2\" content=\"1 minute\" \/>\n<script type=\"application\/ld+json\" class=\"yoast-schema-graph\">{\"@context\":\"https:\\\/\\\/schema.org\",\"@graph\":[{\"@type\":\"Article\",\"@id\":\"https:\\\/\\\/www.bellunopress.it\\\/2022\\\/11\\\/04\\\/adolescenti-identita-di-genere-e-sessualita-venerdi-in-sala-bianchi-con-la-psicologa-anna-dal-pan\\\/#article\",\"isPartOf\":{\"@id\":\"https:\\\/\\\/www.bellunopress.it\\\/2022\\\/11\\\/04\\\/adolescenti-identita-di-genere-e-sessualita-venerdi-in-sala-bianchi-con-la-psicologa-anna-dal-pan\\\/\"},\"author\":{\"name\":\"redazione\",\"@id\":\"https:\\\/\\\/www.bellunopress.it\\\/#\\\/schema\\\/person\\\/79bb06722b37ece1c03d3e94beb30d73\"},\"headline\":\"Adolescenti, identit\u00e0 di genere e sessualit\u00e0. Venerd\u00ec in Sala Bianchi con la psicologa Anna Dal Pan\",\"datePublished\":\"2022-11-04T07:24:10+00:00\",\"mainEntityOfPage\":{\"@id\":\"https:\\\/\\\/www.bellunopress.it\\\/2022\\\/11\\\/04\\\/adolescenti-identita-di-genere-e-sessualita-venerdi-in-sala-bianchi-con-la-psicologa-anna-dal-pan\\\/\"},\"wordCount\":157,\"publisher\":{\"@id\":\"https:\\\/\\\/www.bellunopress.it\\\/#organization\"},\"image\":{\"@id\":\"https:\\\/\\\/www.bellunopress.it\\\/2022\\\/11\\\/04\\\/adolescenti-identita-di-genere-e-sessualita-venerdi-in-sala-bianchi-con-la-psicologa-anna-dal-pan\\\/#primaryimage\"},\"thumbnailUrl\":\"https:\\\/\\\/www.bellunopress.it\\\/wp-content\\\/uploads\\\/2020\\\/03\\\/sala-bianchi-belluno.jpg\",\"articleSection\":[\"Pausa Caff\u00e8\",\"Societ\u00e0, Associazioni, Istituzioni\"],\"inLanguage\":\"fr-FR\"},{\"@type\":\"WebPage\",\"@id\":\"https:\\\/\\\/www.bellunopress.it\\\/2022\\\/11\\\/04\\\/adolescenti-identita-di-genere-e-sessualita-venerdi-in-sala-bianchi-con-la-psicologa-anna-dal-pan\\\/\",\"url\":\"https:\\\/\\\/www.bellunopress.it\\\/2022\\\/11\\\/04\\\/adolescenti-identita-di-genere-e-sessualita-venerdi-in-sala-bianchi-con-la-psicologa-anna-dal-pan\\\/\",\"name\":\"Adolescenti, identit\u00e0 di genere e sessualit\u00e0. Venerd\u00ec in Sala Bianchi con la psicologa Anna Dal Pan - Bellunopress - Dolomiti\",\"isPartOf\":{\"@id\":\"https:\\\/\\\/www.bellunopress.it\\\/#website\"},\"primaryImageOfPage\":{\"@id\":\"https:\\\/\\\/www.bellunopress.it\\\/2022\\\/11\\\/04\\\/adolescenti-identita-di-genere-e-sessualita-venerdi-in-sala-bianchi-con-la-psicologa-anna-dal-pan\\\/#primaryimage\"},\"image\":{\"@id\":\"https:\\\/\\\/www.bellunopress.it\\\/2022\\\/11\\\/04\\\/adolescenti-identita-di-genere-e-sessualita-venerdi-in-sala-bianchi-con-la-psicologa-anna-dal-pan\\\/#primaryimage\"},\"thumbnailUrl\":\"https:\\\/\\\/www.bellunopress.it\\\/wp-content\\\/uploads\\\/2020\\\/03\\\/sala-bianchi-belluno.jpg\",\"datePublished\":\"2022-11-04T07:24:10+00:00\",\"breadcrumb\":{\"@id\":\"https:\\\/\\\/www.bellunopress.it\\\/2022\\\/11\\\/04\\\/adolescenti-identita-di-genere-e-sessualita-venerdi-in-sala-bianchi-con-la-psicologa-anna-dal-pan\\\/#breadcrumb\"},\"inLanguage\":\"fr-FR\",\"potentialAction\":[{\"@type\":\"ReadAction\",\"target\":[\"https:\\\/\\\/www.bellunopress.it\\\/2022\\\/11\\\/04\\\/adolescenti-identita-di-genere-e-sessualita-venerdi-in-sala-bianchi-con-la-psicologa-anna-dal-pan\\\/\"]}]},{\"@type\":\"ImageObject\",\"inLanguage\":\"fr-FR\",\"@id\":\"https:\\\/\\\/www.bellunopress.it\\\/2022\\\/11\\\/04\\\/adolescenti-identita-di-genere-e-sessualita-venerdi-in-sala-bianchi-con-la-psicologa-anna-dal-pan\\\/#primaryimage\",\"url\":\"https:\\\/\\\/www.bellunopress.it\\\/wp-content\\\/uploads\\\/2020\\\/03\\\/sala-bianchi-belluno.jpg\",\"contentUrl\":\"https:\\\/\\\/www.bellunopress.it\\\/wp-content\\\/uploads\\\/2020\\\/03\\\/sala-bianchi-belluno.jpg\",\"width\":900,\"height\":600,\"caption\":\"Sala Bianchi - Belluno\"},{\"@type\":\"BreadcrumbList\",\"@id\":\"https:\\\/\\\/www.bellunopress.it\\\/2022\\\/11\\\/04\\\/adolescenti-identita-di-genere-e-sessualita-venerdi-in-sala-bianchi-con-la-psicologa-anna-dal-pan\\\/#breadcrumb\",\"itemListElement\":[{\"@type\":\"ListItem\",\"position\":1,\"name\":\"Home\",\"item\":\"https:\\\/\\\/www.bellunopress.it\\\/\"},{\"@type\":\"ListItem\",\"position\":2,\"name\":\"Adolescenti, identit\u00e0 di genere e sessualit\u00e0. Venerd\u00ec in Sala Bianchi con la psicologa Anna Dal Pan\"}]},{\"@type\":\"WebSite\",\"@id\":\"https:\\\/\\\/www.bellunopress.it\\\/#website\",\"url\":\"https:\\\/\\\/www.bellunopress.it\\\/\",\"name\":\"Bellunopress - Dolomiti\",\"description\":\"e-mail: redazione@bellunopress.it\",\"publisher\":{\"@id\":\"https:\\\/\\\/www.bellunopress.it\\\/#organization\"},\"potentialAction\":[{\"@type\":\"SearchAction\",\"target\":{\"@type\":\"EntryPoint\",\"urlTemplate\":\"https:\\\/\\\/www.bellunopress.it\\\/?s={search_term_string}\"},\"query-input\":{\"@type\":\"PropertyValueSpecification\",\"valueRequired\":true,\"valueName\":\"search_term_string\"}}],\"inLanguage\":\"fr-FR\"},{\"@type\":\"Organization\",\"@id\":\"https:\\\/\\\/www.bellunopress.it\\\/#organization\",\"name\":\"Bellunopress\",\"url\":\"https:\\\/\\\/www.bellunopress.it\\\/\",\"logo\":{\"@type\":\"ImageObject\",\"inLanguage\":\"fr-FR\",\"@id\":\"https:\\\/\\\/www.bellunopress.it\\\/#\\\/schema\\\/logo\\\/image\\\/\",\"url\":\"https:\\\/\\\/www.bellunopress.it\\\/wp-content\\\/uploads\\\/2011\\\/05\\\/cropped-logo-bellunopress-.jpg\",\"contentUrl\":\"https:\\\/\\\/www.bellunopress.it\\\/wp-content\\\/uploads\\\/2011\\\/05\\\/cropped-logo-bellunopress-.jpg\",\"width\":512,\"height\":512,\"caption\":\"Bellunopress\"},\"image\":{\"@id\":\"https:\\\/\\\/www.bellunopress.it\\\/#\\\/schema\\\/logo\\\/image\\\/\"},\"sameAs\":[\"https:\\\/\\\/www.facebook.com\\\/profile.php?id=100008943462799\",\"https:\\\/\\\/x.com\\\/bellunopress\",\"https:\\\/\\\/www.linkedin.com\\\/hp\\\/?dnr=JBzUWaJfMUw8vbXJJ2tVW5-I3jZKvC4wsoxE&amp;amp;amp;amp;amp;amp;trk=nav_responsive_tab_home\",\"https:\\\/\\\/www.youtube.com\\\/channel\\\/UCxL0wu1uN0_3_7hGG0306cw\"]},{\"@type\":\"Person\",\"@id\":\"https:\\\/\\\/www.bellunopress.it\\\/#\\\/schema\\\/person\\\/79bb06722b37ece1c03d3e94beb30d73\",\"name\":\"redazione\",\"image\":{\"@type\":\"ImageObject\",\"inLanguage\":\"fr-FR\",\"@id\":\"https:\\\/\\\/secure.gravatar.com\\\/avatar\\\/37d968a2e67a6fd04c169c4bdef102d0bc5d31b2546345219e348575eb80e9a0?s=96&d=mm&r=g\",\"url\":\"https:\\\/\\\/secure.gravatar.com\\\/avatar\\\/37d968a2e67a6fd04c169c4bdef102d0bc5d31b2546345219e348575eb80e9a0?s=96&d=mm&r=g\",\"contentUrl\":\"https:\\\/\\\/secure.gravatar.com\\\/avatar\\\/37d968a2e67a6fd04c169c4bdef102d0bc5d31b2546345219e348575eb80e9a0?s=96&d=mm&r=g\",\"caption\":\"redazione\"},\"sameAs\":[\"http:\\\/\\\/www.bellunopress.it\",\"https:\\\/\\\/x.com\\\/bellunopress\"],\"url\":\"https:\\\/\\\/www.bellunopress.it\\\/fr\\\/author\\\/redazione\\\/\"}]}<\/script>\n<!-- \/ Yoast SEO plugin. -->","yoast_head_json":{"title":"Adolescenti, identit\u00e0 di genere e sessualit\u00e0. Venerd\u00ec in Sala Bianchi con la psicologa Anna Dal Pan - Bellunopress - Dolomiti","robots":{"index":"index","follow":"follow","max-snippet":"max-snippet:-1","max-image-preview":"max-image-preview:large","max-video-preview":"max-video-preview:-1"},"canonical":"https:\/\/www.bellunopress.it\/fr\/2022\/11\/04\/adolescenti-identita-di-genere-e-sessualita-venerdi-in-sala-bianchi-con-la-psicologa-anna-dal-pan\/","og_locale":"fr_FR","og_type":"article","og_title":"Adolescenti, identit\u00e0 di genere e sessualit\u00e0. Venerd\u00ec in Sala Bianchi con la psicologa Anna Dal Pan - Bellunopress - Dolomiti","og_description":"Riprendono gli incontri del programma &#8220;Per fortuna siamo tutti genitori imperfetti&#8221; dell&#8217;Associazione Dafne. Venerd\u00ec 4 novembre 2022 alle ore 18:15 in Sala Bianchi &#8220;Eliseo Dal Pont&#8221;, v.le G. Fantuzzi n,11, Belluno si terr\u00e0 l&#8217;incontro dal titolo: \u00a0&#8220;ADOLESCENTI: IDENTITA&#8217; DI GENERE E SESSUALITA'&#8221;. Anna Dal Pan, psicologa e psicoterapeuta , indicher\u00e0 un percorso attraverso l&#8217;infinito mondo [&hellip;]","og_url":"https:\/\/www.bellunopress.it\/fr\/2022\/11\/04\/adolescenti-identita-di-genere-e-sessualita-venerdi-in-sala-bianchi-con-la-psicologa-anna-dal-pan\/","og_site_name":"Bellunopress - Dolomiti","article_publisher":"https:\/\/www.facebook.com\/profile.php?id=100008943462799","article_published_time":"2022-11-04T07:24:10+00:00","og_image":[{"width":900,"height":600,"url":"https:\/\/www.bellunopress.it\/wp-content\/uploads\/2020\/03\/sala-bianchi-belluno.jpg","type":"image\/jpeg"}],"author":"redazione","twitter_card":"summary_large_image","twitter_creator":"@bellunopress","twitter_site":"@bellunopress","twitter_misc":{"\u00c9crit par":"redazione","Dur\u00e9e de lecture estim\u00e9e":"1 minute"},"schema":{"@context":"https:\/\/schema.org","@graph":[{"@type":"Article","@id":"https:\/\/www.bellunopress.it\/2022\/11\/04\/adolescenti-identita-di-genere-e-sessualita-venerdi-in-sala-bianchi-con-la-psicologa-anna-dal-pan\/#article","isPartOf":{"@id":"https:\/\/www.bellunopress.it\/2022\/11\/04\/adolescenti-identita-di-genere-e-sessualita-venerdi-in-sala-bianchi-con-la-psicologa-anna-dal-pan\/"},"author":{"name":"redazione","@id":"https:\/\/www.bellunopress.it\/#\/schema\/person\/79bb06722b37ece1c03d3e94beb30d73"},"headline":"Adolescenti, identit\u00e0 di genere e sessualit\u00e0. Venerd\u00ec in Sala Bianchi con la psicologa Anna Dal Pan","datePublished":"2022-11-04T07:24:10+00:00","mainEntityOfPage":{"@id":"https:\/\/www.bellunopress.it\/2022\/11\/04\/adolescenti-identita-di-genere-e-sessualita-venerdi-in-sala-bianchi-con-la-psicologa-anna-dal-pan\/"},"wordCount":157,"publisher":{"@id":"https:\/\/www.bellunopress.it\/#organization"},"image":{"@id":"https:\/\/www.bellunopress.it\/2022\/11\/04\/adolescenti-identita-di-genere-e-sessualita-venerdi-in-sala-bianchi-con-la-psicologa-anna-dal-pan\/#primaryimage"},"thumbnailUrl":"https:\/\/www.bellunopress.it\/wp-content\/uploads\/2020\/03\/sala-bianchi-belluno.jpg","articleSection":["Pausa Caff\u00e8","Societ\u00e0, Associazioni, Istituzioni"],"inLanguage":"fr-FR"},{"@type":"WebPage","@id":"https:\/\/www.bellunopress.it\/2022\/11\/04\/adolescenti-identita-di-genere-e-sessualita-venerdi-in-sala-bianchi-con-la-psicologa-anna-dal-pan\/","url":"https:\/\/www.bellunopress.it\/2022\/11\/04\/adolescenti-identita-di-genere-e-sessualita-venerdi-in-sala-bianchi-con-la-psicologa-anna-dal-pan\/","name":"Adolescenti, identit\u00e0 di genere e sessualit\u00e0. Venerd\u00ec in Sala Bianchi con la psicologa Anna Dal Pan - Bellunopress - Dolomiti","isPartOf":{"@id":"https:\/\/www.bellunopress.it\/#website"},"primaryImageOfPage":{"@id":"https:\/\/www.bellunopress.it\/2022\/11\/04\/adolescenti-identita-di-genere-e-sessualita-venerdi-in-sala-bianchi-con-la-psicologa-anna-dal-pan\/#primaryimage"},"image":{"@id":"https:\/\/www.bellunopress.it\/2022\/11\/04\/adolescenti-identita-di-genere-e-sessualita-venerdi-in-sala-bianchi-con-la-psicologa-anna-dal-pan\/#primaryimage"},"thumbnailUrl":"https:\/\/www.bellunopress.it\/wp-content\/uploads\/2020\/03\/sala-bianchi-belluno.jpg","datePublished":"2022-11-04T07:24:10+00:00","breadcrumb":{"@id":"https:\/\/www.bellunopress.it\/2022\/11\/04\/adolescenti-identita-di-genere-e-sessualita-venerdi-in-sala-bianchi-con-la-psicologa-anna-dal-pan\/#breadcrumb"},"inLanguage":"fr-FR","potentialAction":[{"@type":"ReadAction","target":["https:\/\/www.bellunopress.it\/2022\/11\/04\/adolescenti-identita-di-genere-e-sessualita-venerdi-in-sala-bianchi-con-la-psicologa-anna-dal-pan\/"]}]},{"@type":"ImageObject","inLanguage":"fr-FR","@id":"https:\/\/www.bellunopress.it\/2022\/11\/04\/adolescenti-identita-di-genere-e-sessualita-venerdi-in-sala-bianchi-con-la-psicologa-anna-dal-pan\/#primaryimage","url":"https:\/\/www.bellunopress.it\/wp-content\/uploads\/2020\/03\/sala-bianchi-belluno.jpg","contentUrl":"https:\/\/www.bellunopress.it\/wp-content\/uploads\/2020\/03\/sala-bianchi-belluno.jpg","width":900,"height":600,"caption":"Sala Bianchi - Belluno"},{"@type":"BreadcrumbList","@id":"https:\/\/www.bellunopress.it\/2022\/11\/04\/adolescenti-identita-di-genere-e-sessualita-venerdi-in-sala-bianchi-con-la-psicologa-anna-dal-pan\/#breadcrumb","itemListElement":[{"@type":"ListItem","position":1,"name":"Home","item":"https:\/\/www.bellunopress.it\/"},{"@type":"ListItem","position":2,"name":"Adolescenti, identit\u00e0 di genere e sessualit\u00e0. Venerd\u00ec in Sala Bianchi con la psicologa Anna Dal Pan"}]},{"@type":"WebSite","@id":"https:\/\/www.bellunopress.it\/#website","url":"https:\/\/www.bellunopress.it\/","name":"Bellunopress - Dolomiti","description":"e-mail: redazione@bellunopress.it","publisher":{"@id":"https:\/\/www.bellunopress.it\/#organization"},"potentialAction":[{"@type":"SearchAction","target":{"@type":"EntryPoint","urlTemplate":"https:\/\/www.bellunopress.it\/?s={search_term_string}"},"query-input":{"@type":"PropertyValueSpecification","valueRequired":true,"valueName":"search_term_string"}}],"inLanguage":"fr-FR"},{"@type":"Organization","@id":"https:\/\/www.bellunopress.it\/#organization","name":"Bellunopress","url":"https:\/\/www.bellunopress.it\/","logo":{"@type":"ImageObject","inLanguage":"fr-FR","@id":"https:\/\/www.bellunopress.it\/#\/schema\/logo\/image\/","url":"https:\/\/www.bellunopress.it\/wp-content\/uploads\/2011\/05\/cropped-logo-bellunopress-.jpg","contentUrl":"https:\/\/www.bellunopress.it\/wp-content\/uploads\/2011\/05\/cropped-logo-bellunopress-.jpg","width":512,"height":512,"caption":"Bellunopress"},"image":{"@id":"https:\/\/www.bellunopress.it\/#\/schema\/logo\/image\/"},"sameAs":["https:\/\/www.facebook.com\/profile.php?id=100008943462799","https:\/\/x.com\/bellunopress","https:\/\/www.linkedin.com\/hp\/?dnr=JBzUWaJfMUw8vbXJJ2tVW5-I3jZKvC4wsoxE&amp;amp;amp;amp;amp;amp;trk=nav_responsive_tab_home","https:\/\/www.youtube.com\/channel\/UCxL0wu1uN0_3_7hGG0306cw"]},{"@type":"Person","@id":"https:\/\/www.bellunopress.it\/#\/schema\/person\/79bb06722b37ece1c03d3e94beb30d73","name":"r\u00e9daction","image":{"@type":"ImageObject","inLanguage":"fr-FR","@id":"https:\/\/secure.gravatar.com\/avatar\/37d968a2e67a6fd04c169c4bdef102d0bc5d31b2546345219e348575eb80e9a0?s=96&d=mm&r=g","url":"https:\/\/secure.gravatar.com\/avatar\/37d968a2e67a6fd04c169c4bdef102d0bc5d31b2546345219e348575eb80e9a0?s=96&d=mm&r=g","contentUrl":"https:\/\/secure.gravatar.com\/avatar\/37d968a2e67a6fd04c169c4bdef102d0bc5d31b2546345219e348575eb80e9a0?s=96&d=mm&r=g","caption":"redazione"},"sameAs":["http:\/\/www.bellunopress.it","https:\/\/x.com\/bellunopress"],"url":"https:\/\/www.bellunopress.it\/fr\/author\/redazione\/"}]}},"_links":{"self":[{"href":"https:\/\/www.bellunopress.it\/fr\/wp-json\/wp\/v2\/posts\/137452","targetHints":{"allow":["GET"]}}],"collection":[{"href":"https:\/\/www.bellunopress.it\/fr\/wp-json\/wp\/v2\/posts"}],"about":[{"href":"https:\/\/www.bellunopress.it\/fr\/wp-json\/wp\/v2\/types\/post"}],"author":[{"embeddable":true,"href":"https:\/\/www.bellunopress.it\/fr\/wp-json\/wp\/v2\/users\/2"}],"replies":[{"embeddable":true,"href":"https:\/\/www.bellunopress.it\/fr\/wp-json\/wp\/v2\/comments?post=137452"}],"version-history":[{"count":1,"href":"https:\/\/www.bellunopress.it\/fr\/wp-json\/wp\/v2\/posts\/137452\/revisions"}],"predecessor-version":[{"id":137453,"href":"https:\/\/www.bellunopress.it\/fr\/wp-json\/wp\/v2\/posts\/137452\/revisions\/137453"}],"wp:featuredmedia":[{"embeddable":true,"href":"https:\/\/www.bellunopress.it\/fr\/wp-json\/wp\/v2\/media\/112653"}],"wp:attachment":[{"href":"https:\/\/www.bellunopress.it\/fr\/wp-json\/wp\/v2\/media?parent=137452"}],"wp:term":[{"taxonomy":"category","embeddable":true,"href":"https:\/\/www.bellunopress.it\/fr\/wp-json\/wp\/v2\/categories?post=137452"},{"taxonomy":"post_tag","embeddable":true,"href":"https:\/\/www.bellunopress.it\/fr\/wp-json\/wp\/v2\/tags?post=137452"}],"curies":[{"name":"wp","href":"https:\/\/api.w.org\/{rel}","templated":true}]}}