{"id":137444,"date":"2022-11-03T07:51:28","date_gmt":"2022-11-03T06:51:28","guid":{"rendered":"https:\/\/www.bellunopress.it\/?p=137444"},"modified":"2022-11-04T07:55:27","modified_gmt":"2022-11-04T06:55:27","slug":"femca-cisl-belluno-treviso-milena-cesca-eletta-segretaria-generale-aggiunta","status":"publish","type":"post","link":"https:\/\/www.bellunopress.it\/fr\/2022\/11\/03\/femca-cisl-belluno-treviso-milena-cesca-eletta-segretaria-generale-aggiunta\/","title":{"rendered":"Femca Cisl Belluno Treviso: Milena Cesca eletta segretaria generale aggiunta"},"content":{"rendered":"<p><img loading=\"lazy\" decoding=\"async\" class=\"alignleft size-full wp-image-137445\" src=\"https:\/\/www.bellunopress.it\/wp-content\/uploads\/2022\/11\/Milena-Cesca-cisl_edited.jpg\" alt=\"\" width=\"1000\" height=\"773\" srcset=\"https:\/\/www.bellunopress.it\/wp-content\/uploads\/2022\/11\/Milena-Cesca-cisl_edited.jpg 1000w, https:\/\/www.bellunopress.it\/wp-content\/uploads\/2022\/11\/Milena-Cesca-cisl_edited-500x387.jpg 500w, https:\/\/www.bellunopress.it\/wp-content\/uploads\/2022\/11\/Milena-Cesca-cisl_edited-696x538.jpg 696w, https:\/\/www.bellunopress.it\/wp-content\/uploads\/2022\/11\/Milena-Cesca-cisl_edited-543x420.jpg 543w\" sizes=\"auto, (max-width: 1000px) 100vw, 1000px\" \/>Nuovo assetto organizzativo per la Femca Belluno Treviso, la Federazione Cisl dei lavoratori della moda, della chimica e dell&#8217;energia che conta 4.200 iscritti tra le province di Belluno e Treviso.<\/p>\n<p>Milena Cesca, 55 anni, di Calalzo di Cadore, in segreteria della categoria dal 2010, \u00e8 stata eletta segretaria generale aggiunta nella mattina di oggi gioved\u00ec 27 a Spresiano nel corso del Consiglio generale al quale \u00e8 intervenuto anche il segretario Femca nazionale Sebastiamo Tripoli.<br \/>\nCesca affiancher\u00e0 il segretario generale Gianni Boato, al timone della Femca territoriale da due anni, e seguir\u00e0 in particolare il territorio bellunese. Un ruolo di grande responsabilit\u00e0 che premia un percorso sindacale avviato nella seconda met\u00e0 degli anni Ottanta, quando \u00e8 stata eletta Rsu in una occhialeria bellunese. Cesca ha poi lavorato alle dipendenze del Caf Cisl di Belluno e successivamente nella Fisascat Cisl, la Federazione dei servizi, prima come operatrice, poi come segretaria territoriale, ruolo che ha ricoperto per 9 anni, dal 2000 al 2009, fino all&#8217;ingresso in segreteria confederale. Nel 2010 \u00e8 approdata alla segreteria della Femca, dove da subito ha seguito i settori dell&#8217;occhialeria e della gomma-plastica e gestito con grande entusiasmo la delega alla formazione. Da dicembre 2020 \u00e8 il punto di riferimento della Femca Cisl in Luxottica.<\/p>\n<p>&#8220;\u00c8 un onore per me questo nuovo ruolo &#8211; afferma Cesca &#8211; e una responsabilit\u00e0 maggiore per rappresentare sempre meglio le persone che ogni giorno si rivolgono a noi chiedendoci tutele e risposte qualificate per rendere il lavoro sempre pi\u00f9 sicuro e gratificante&#8221;.<br \/>\nLa neo segretaria aggiunta sar\u00e0 affiancata da Mauro Dalla Rosa come operatore nel territorio di Belluno, mentre a Treviso fanno il loro ingresso nel team Stefania Zaffalon e Simona Puzzo, quest&#8217;ultima con responsabilit\u00e0 del montebellunese.<\/p>\n<p>&#8220;In un momento storico particolarmente complesso e di profonde trasformazioni nel mondo del lavoro &#8211; sottolinea Boato &#8211; abbiamo scelto di rafforzare la squadra per garantire una presenza ancora maggiore della Femca nelle aziende, accanto ai lavoratori e alle lavoratrici. La buona contrattazione di secondo livello e il rinnovo dei contratti nazionali con un impegno specifico sugli aumenti salariali rappresentano i nostri primi obiettivi. Grazie al rinnovo del contratto nazionale di lavoro del settore chimico l&#8217;aumento medio \u00e8 stato di 204 euro: questa \u00e8 la strada da percorrere, perch\u00e8 il salario minimo in questo contesto non \u00e8 la soluzione ai nostri problemi, ma il rischio concreto di un freno alla crescita dei salari&#8221;.<br \/>\nPer quanto riguarda la contrattazione aziendale, occhi puntati sulla conciliazione fra vita e lavoro, smart working e sostenibilit\u00e0 ambientale, entrata di fatto anche in recenti accordi integrativi come quello di Th\u00e8lios, dove l&#8217;azienda incentiva anche economicamente le iniziative e i comportamenti volti alla tutela dell&#8217;ambiente, dal contenimento degli scarti di produzione, al ricorso al car-pooling e di Marcolin che su orari, conciliazione e premio legato a risparmio energetico ha fatto un salto di qualit\u00e0 notevole per tutto il settore.<\/p>\n<p>&#8220;Il ricorso strutturale al lavoro agile che molte aziende stanno praticando per contenere costi energetici e favorire il bilanciamento fra la vita privata e quella lavorativa, al di l\u00e0 della fase emergenziale legata alla pandemia, &#8211; spiega Boato &#8211; \u00e8 un passaggio culturale importante, che coinvolge aziende e dipendenti in un nuovo approccio al lavoro, pi\u00f9 responsabile, condiviso e orientato agli obiettivi e ai risultati&#8221;.<\/p>","protected":false},"excerpt":{"rendered":"<p>Nuovo assetto organizzativo per la Femca Belluno Treviso, la Federazione Cisl dei lavoratori della moda, della chimica e dell&#8217;energia che conta 4.200 iscritti tra le province di Belluno e Treviso. Milena Cesca, 55 anni, di Calalzo di Cadore, in segreteria della categoria dal 2010, \u00e8 stata eletta segretaria generale aggiunta nella mattina di oggi gioved\u00ec [&hellip;]<\/p>\n","protected":false},"author":2,"featured_media":137445,"comment_status":"closed","ping_status":"open","sticky":false,"template":"","format":"standard","meta":{"footnotes":""},"categories":[36,26],"tags":[],"class_list":["post-137444","post","type-post","status-publish","format-standard","has-post-thumbnail","category-lavoro-economia","category-prima-pagina"],"yoast_head":"<!-- This site is optimized with the Yoast SEO plugin v28.4 - https:\/\/yoast.com\/product\/yoast-seo-wordpress\/ -->\n<title>Femca Cisl Belluno Treviso: Milena Cesca eletta segretaria generale aggiunta - Bellunopress - Dolomiti<\/title>\n<meta name=\"robots\" content=\"index, follow, max-snippet:-1, max-image-preview:large, max-video-preview:-1\" \/>\n<link rel=\"canonical\" href=\"https:\/\/www.bellunopress.it\/fr\/2022\/11\/03\/femca-cisl-belluno-treviso-milena-cesca-eletta-segretaria-generale-aggiunta\/\" \/>\n<meta property=\"og:locale\" content=\"fr_FR\" \/>\n<meta property=\"og:type\" content=\"article\" \/>\n<meta property=\"og:title\" content=\"Femca Cisl Belluno Treviso: Milena Cesca eletta segretaria generale aggiunta - Bellunopress - Dolomiti\" \/>\n<meta property=\"og:description\" content=\"Nuovo assetto organizzativo per la Femca Belluno Treviso, la Federazione Cisl dei lavoratori della moda, della chimica e dell&#8217;energia che conta 4.200 iscritti tra le province di Belluno e Treviso. Milena Cesca, 55 anni, di Calalzo di Cadore, in segreteria della categoria dal 2010, \u00e8 stata eletta segretaria generale aggiunta nella mattina di oggi gioved\u00ec [&hellip;]\" \/>\n<meta property=\"og:url\" content=\"https:\/\/www.bellunopress.it\/fr\/2022\/11\/03\/femca-cisl-belluno-treviso-milena-cesca-eletta-segretaria-generale-aggiunta\/\" \/>\n<meta property=\"og:site_name\" content=\"Bellunopress - Dolomiti\" \/>\n<meta property=\"article:publisher\" content=\"https:\/\/www.facebook.com\/profile.php?id=100008943462799\" \/>\n<meta property=\"article:published_time\" content=\"2022-11-03T06:51:28+00:00\" \/>\n<meta property=\"article:modified_time\" content=\"2022-11-04T06:55:27+00:00\" \/>\n<meta property=\"og:image\" content=\"https:\/\/www.bellunopress.it\/wp-content\/uploads\/2022\/11\/Milena-Cesca-cisl_edited.jpg\" \/>\n\t<meta property=\"og:image:width\" content=\"1000\" \/>\n\t<meta property=\"og:image:height\" content=\"773\" \/>\n\t<meta property=\"og:image:type\" content=\"image\/jpeg\" \/>\n<meta name=\"author\" content=\"redazione\" \/>\n<meta name=\"twitter:card\" content=\"summary_large_image\" \/>\n<meta name=\"twitter:creator\" content=\"@bellunopress\" \/>\n<meta name=\"twitter:site\" content=\"@bellunopress\" \/>\n<meta name=\"twitter:label1\" content=\"Written by\" \/>\n\t<meta name=\"twitter:data1\" content=\"redazione\" \/>\n\t<meta name=\"twitter:label2\" content=\"Est. reading time\" \/>\n\t<meta name=\"twitter:data2\" content=\"4 minutes\" \/>\n<script type=\"application\/ld+json\" class=\"yoast-schema-graph\">{\"@context\":\"https:\\\/\\\/schema.org\",\"@graph\":[{\"@type\":\"Article\",\"@id\":\"https:\\\/\\\/www.bellunopress.it\\\/2022\\\/11\\\/03\\\/femca-cisl-belluno-treviso-milena-cesca-eletta-segretaria-generale-aggiunta\\\/#article\",\"isPartOf\":{\"@id\":\"https:\\\/\\\/www.bellunopress.it\\\/2022\\\/11\\\/03\\\/femca-cisl-belluno-treviso-milena-cesca-eletta-segretaria-generale-aggiunta\\\/\"},\"author\":{\"name\":\"redazione\",\"@id\":\"https:\\\/\\\/www.bellunopress.it\\\/#\\\/schema\\\/person\\\/79bb06722b37ece1c03d3e94beb30d73\"},\"headline\":\"Femca Cisl Belluno Treviso: Milena Cesca eletta segretaria generale aggiunta\",\"datePublished\":\"2022-11-03T06:51:28+00:00\",\"dateModified\":\"2022-11-04T06:55:27+00:00\",\"mainEntityOfPage\":{\"@id\":\"https:\\\/\\\/www.bellunopress.it\\\/2022\\\/11\\\/03\\\/femca-cisl-belluno-treviso-milena-cesca-eletta-segretaria-generale-aggiunta\\\/\"},\"wordCount\":539,\"publisher\":{\"@id\":\"https:\\\/\\\/www.bellunopress.it\\\/#organization\"},\"image\":{\"@id\":\"https:\\\/\\\/www.bellunopress.it\\\/2022\\\/11\\\/03\\\/femca-cisl-belluno-treviso-milena-cesca-eletta-segretaria-generale-aggiunta\\\/#primaryimage\"},\"thumbnailUrl\":\"https:\\\/\\\/www.bellunopress.it\\\/wp-content\\\/uploads\\\/2022\\\/11\\\/Milena-Cesca-cisl_edited.jpg\",\"articleSection\":[\"Lavoro, Economia, Turismo\",\"Prima Pagina\"],\"inLanguage\":\"fr-FR\"},{\"@type\":\"WebPage\",\"@id\":\"https:\\\/\\\/www.bellunopress.it\\\/2022\\\/11\\\/03\\\/femca-cisl-belluno-treviso-milena-cesca-eletta-segretaria-generale-aggiunta\\\/\",\"url\":\"https:\\\/\\\/www.bellunopress.it\\\/2022\\\/11\\\/03\\\/femca-cisl-belluno-treviso-milena-cesca-eletta-segretaria-generale-aggiunta\\\/\",\"name\":\"Femca Cisl Belluno Treviso: Milena Cesca eletta segretaria generale aggiunta - Bellunopress - Dolomiti\",\"isPartOf\":{\"@id\":\"https:\\\/\\\/www.bellunopress.it\\\/#website\"},\"primaryImageOfPage\":{\"@id\":\"https:\\\/\\\/www.bellunopress.it\\\/2022\\\/11\\\/03\\\/femca-cisl-belluno-treviso-milena-cesca-eletta-segretaria-generale-aggiunta\\\/#primaryimage\"},\"image\":{\"@id\":\"https:\\\/\\\/www.bellunopress.it\\\/2022\\\/11\\\/03\\\/femca-cisl-belluno-treviso-milena-cesca-eletta-segretaria-generale-aggiunta\\\/#primaryimage\"},\"thumbnailUrl\":\"https:\\\/\\\/www.bellunopress.it\\\/wp-content\\\/uploads\\\/2022\\\/11\\\/Milena-Cesca-cisl_edited.jpg\",\"datePublished\":\"2022-11-03T06:51:28+00:00\",\"dateModified\":\"2022-11-04T06:55:27+00:00\",\"breadcrumb\":{\"@id\":\"https:\\\/\\\/www.bellunopress.it\\\/2022\\\/11\\\/03\\\/femca-cisl-belluno-treviso-milena-cesca-eletta-segretaria-generale-aggiunta\\\/#breadcrumb\"},\"inLanguage\":\"fr-FR\",\"potentialAction\":[{\"@type\":\"ReadAction\",\"target\":[\"https:\\\/\\\/www.bellunopress.it\\\/2022\\\/11\\\/03\\\/femca-cisl-belluno-treviso-milena-cesca-eletta-segretaria-generale-aggiunta\\\/\"]}]},{\"@type\":\"ImageObject\",\"inLanguage\":\"fr-FR\",\"@id\":\"https:\\\/\\\/www.bellunopress.it\\\/2022\\\/11\\\/03\\\/femca-cisl-belluno-treviso-milena-cesca-eletta-segretaria-generale-aggiunta\\\/#primaryimage\",\"url\":\"https:\\\/\\\/www.bellunopress.it\\\/wp-content\\\/uploads\\\/2022\\\/11\\\/Milena-Cesca-cisl_edited.jpg\",\"contentUrl\":\"https:\\\/\\\/www.bellunopress.it\\\/wp-content\\\/uploads\\\/2022\\\/11\\\/Milena-Cesca-cisl_edited.jpg\",\"width\":1000,\"height\":773},{\"@type\":\"BreadcrumbList\",\"@id\":\"https:\\\/\\\/www.bellunopress.it\\\/2022\\\/11\\\/03\\\/femca-cisl-belluno-treviso-milena-cesca-eletta-segretaria-generale-aggiunta\\\/#breadcrumb\",\"itemListElement\":[{\"@type\":\"ListItem\",\"position\":1,\"name\":\"Home\",\"item\":\"https:\\\/\\\/www.bellunopress.it\\\/\"},{\"@type\":\"ListItem\",\"position\":2,\"name\":\"Femca Cisl Belluno Treviso: Milena Cesca eletta segretaria generale aggiunta\"}]},{\"@type\":\"WebSite\",\"@id\":\"https:\\\/\\\/www.bellunopress.it\\\/#website\",\"url\":\"https:\\\/\\\/www.bellunopress.it\\\/\",\"name\":\"Bellunopress - Dolomiti\",\"description\":\"e-mail: redazione@bellunopress.it\",\"publisher\":{\"@id\":\"https:\\\/\\\/www.bellunopress.it\\\/#organization\"},\"potentialAction\":[{\"@type\":\"SearchAction\",\"target\":{\"@type\":\"EntryPoint\",\"urlTemplate\":\"https:\\\/\\\/www.bellunopress.it\\\/?s={search_term_string}\"},\"query-input\":{\"@type\":\"PropertyValueSpecification\",\"valueRequired\":true,\"valueName\":\"search_term_string\"}}],\"inLanguage\":\"fr-FR\"},{\"@type\":\"Organization\",\"@id\":\"https:\\\/\\\/www.bellunopress.it\\\/#organization\",\"name\":\"Bellunopress\",\"url\":\"https:\\\/\\\/www.bellunopress.it\\\/\",\"logo\":{\"@type\":\"ImageObject\",\"inLanguage\":\"fr-FR\",\"@id\":\"https:\\\/\\\/www.bellunopress.it\\\/#\\\/schema\\\/logo\\\/image\\\/\",\"url\":\"https:\\\/\\\/www.bellunopress.it\\\/wp-content\\\/uploads\\\/2011\\\/05\\\/cropped-logo-bellunopress-.jpg\",\"contentUrl\":\"https:\\\/\\\/www.bellunopress.it\\\/wp-content\\\/uploads\\\/2011\\\/05\\\/cropped-logo-bellunopress-.jpg\",\"width\":512,\"height\":512,\"caption\":\"Bellunopress\"},\"image\":{\"@id\":\"https:\\\/\\\/www.bellunopress.it\\\/#\\\/schema\\\/logo\\\/image\\\/\"},\"sameAs\":[\"https:\\\/\\\/www.facebook.com\\\/profile.php?id=100008943462799\",\"https:\\\/\\\/x.com\\\/bellunopress\",\"https:\\\/\\\/www.linkedin.com\\\/hp\\\/?dnr=JBzUWaJfMUw8vbXJJ2tVW5-I3jZKvC4wsoxE&amp;amp;amp;amp;amp;amp;trk=nav_responsive_tab_home\",\"https:\\\/\\\/www.youtube.com\\\/channel\\\/UCxL0wu1uN0_3_7hGG0306cw\"]},{\"@type\":\"Person\",\"@id\":\"https:\\\/\\\/www.bellunopress.it\\\/#\\\/schema\\\/person\\\/79bb06722b37ece1c03d3e94beb30d73\",\"name\":\"redazione\",\"image\":{\"@type\":\"ImageObject\",\"inLanguage\":\"fr-FR\",\"@id\":\"https:\\\/\\\/secure.gravatar.com\\\/avatar\\\/37d968a2e67a6fd04c169c4bdef102d0bc5d31b2546345219e348575eb80e9a0?s=96&d=mm&r=g\",\"url\":\"https:\\\/\\\/secure.gravatar.com\\\/avatar\\\/37d968a2e67a6fd04c169c4bdef102d0bc5d31b2546345219e348575eb80e9a0?s=96&d=mm&r=g\",\"contentUrl\":\"https:\\\/\\\/secure.gravatar.com\\\/avatar\\\/37d968a2e67a6fd04c169c4bdef102d0bc5d31b2546345219e348575eb80e9a0?s=96&d=mm&r=g\",\"caption\":\"redazione\"},\"sameAs\":[\"http:\\\/\\\/www.bellunopress.it\",\"https:\\\/\\\/x.com\\\/bellunopress\"],\"url\":\"https:\\\/\\\/www.bellunopress.it\\\/fr\\\/author\\\/redazione\\\/\"}]}<\/script>\n<!-- \/ Yoast SEO plugin. -->","yoast_head_json":{"title":"Femca Cisl Belluno Treviso: Milena Cesca eletta segretaria generale aggiunta - Bellunopress - Dolomiti","robots":{"index":"index","follow":"follow","max-snippet":"max-snippet:-1","max-image-preview":"max-image-preview:large","max-video-preview":"max-video-preview:-1"},"canonical":"https:\/\/www.bellunopress.it\/fr\/2022\/11\/03\/femca-cisl-belluno-treviso-milena-cesca-eletta-segretaria-generale-aggiunta\/","og_locale":"fr_FR","og_type":"article","og_title":"Femca Cisl Belluno Treviso: Milena Cesca eletta segretaria generale aggiunta - Bellunopress - Dolomiti","og_description":"Nuovo assetto organizzativo per la Femca Belluno Treviso, la Federazione Cisl dei lavoratori della moda, della chimica e dell&#8217;energia che conta 4.200 iscritti tra le province di Belluno e Treviso. Milena Cesca, 55 anni, di Calalzo di Cadore, in segreteria della categoria dal 2010, \u00e8 stata eletta segretaria generale aggiunta nella mattina di oggi gioved\u00ec [&hellip;]","og_url":"https:\/\/www.bellunopress.it\/fr\/2022\/11\/03\/femca-cisl-belluno-treviso-milena-cesca-eletta-segretaria-generale-aggiunta\/","og_site_name":"Bellunopress - Dolomiti","article_publisher":"https:\/\/www.facebook.com\/profile.php?id=100008943462799","article_published_time":"2022-11-03T06:51:28+00:00","article_modified_time":"2022-11-04T06:55:27+00:00","og_image":[{"width":1000,"height":773,"url":"https:\/\/www.bellunopress.it\/wp-content\/uploads\/2022\/11\/Milena-Cesca-cisl_edited.jpg","type":"image\/jpeg"}],"author":"redazione","twitter_card":"summary_large_image","twitter_creator":"@bellunopress","twitter_site":"@bellunopress","twitter_misc":{"Written by":"redazione","Est. reading time":"4 minutes"},"schema":{"@context":"https:\/\/schema.org","@graph":[{"@type":"Article","@id":"https:\/\/www.bellunopress.it\/2022\/11\/03\/femca-cisl-belluno-treviso-milena-cesca-eletta-segretaria-generale-aggiunta\/#article","isPartOf":{"@id":"https:\/\/www.bellunopress.it\/2022\/11\/03\/femca-cisl-belluno-treviso-milena-cesca-eletta-segretaria-generale-aggiunta\/"},"author":{"name":"redazione","@id":"https:\/\/www.bellunopress.it\/#\/schema\/person\/79bb06722b37ece1c03d3e94beb30d73"},"headline":"Femca Cisl Belluno Treviso: Milena Cesca eletta segretaria generale aggiunta","datePublished":"2022-11-03T06:51:28+00:00","dateModified":"2022-11-04T06:55:27+00:00","mainEntityOfPage":{"@id":"https:\/\/www.bellunopress.it\/2022\/11\/03\/femca-cisl-belluno-treviso-milena-cesca-eletta-segretaria-generale-aggiunta\/"},"wordCount":539,"publisher":{"@id":"https:\/\/www.bellunopress.it\/#organization"},"image":{"@id":"https:\/\/www.bellunopress.it\/2022\/11\/03\/femca-cisl-belluno-treviso-milena-cesca-eletta-segretaria-generale-aggiunta\/#primaryimage"},"thumbnailUrl":"https:\/\/www.bellunopress.it\/wp-content\/uploads\/2022\/11\/Milena-Cesca-cisl_edited.jpg","articleSection":["Lavoro, Economia, Turismo","Prima Pagina"],"inLanguage":"fr-FR"},{"@type":"WebPage","@id":"https:\/\/www.bellunopress.it\/2022\/11\/03\/femca-cisl-belluno-treviso-milena-cesca-eletta-segretaria-generale-aggiunta\/","url":"https:\/\/www.bellunopress.it\/2022\/11\/03\/femca-cisl-belluno-treviso-milena-cesca-eletta-segretaria-generale-aggiunta\/","name":"Femca Cisl Belluno Treviso: Milena Cesca eletta segretaria generale aggiunta - Bellunopress - Dolomiti","isPartOf":{"@id":"https:\/\/www.bellunopress.it\/#website"},"primaryImageOfPage":{"@id":"https:\/\/www.bellunopress.it\/2022\/11\/03\/femca-cisl-belluno-treviso-milena-cesca-eletta-segretaria-generale-aggiunta\/#primaryimage"},"image":{"@id":"https:\/\/www.bellunopress.it\/2022\/11\/03\/femca-cisl-belluno-treviso-milena-cesca-eletta-segretaria-generale-aggiunta\/#primaryimage"},"thumbnailUrl":"https:\/\/www.bellunopress.it\/wp-content\/uploads\/2022\/11\/Milena-Cesca-cisl_edited.jpg","datePublished":"2022-11-03T06:51:28+00:00","dateModified":"2022-11-04T06:55:27+00:00","breadcrumb":{"@id":"https:\/\/www.bellunopress.it\/2022\/11\/03\/femca-cisl-belluno-treviso-milena-cesca-eletta-segretaria-generale-aggiunta\/#breadcrumb"},"inLanguage":"fr-FR","potentialAction":[{"@type":"ReadAction","target":["https:\/\/www.bellunopress.it\/2022\/11\/03\/femca-cisl-belluno-treviso-milena-cesca-eletta-segretaria-generale-aggiunta\/"]}]},{"@type":"ImageObject","inLanguage":"fr-FR","@id":"https:\/\/www.bellunopress.it\/2022\/11\/03\/femca-cisl-belluno-treviso-milena-cesca-eletta-segretaria-generale-aggiunta\/#primaryimage","url":"https:\/\/www.bellunopress.it\/wp-content\/uploads\/2022\/11\/Milena-Cesca-cisl_edited.jpg","contentUrl":"https:\/\/www.bellunopress.it\/wp-content\/uploads\/2022\/11\/Milena-Cesca-cisl_edited.jpg","width":1000,"height":773},{"@type":"BreadcrumbList","@id":"https:\/\/www.bellunopress.it\/2022\/11\/03\/femca-cisl-belluno-treviso-milena-cesca-eletta-segretaria-generale-aggiunta\/#breadcrumb","itemListElement":[{"@type":"ListItem","position":1,"name":"Home","item":"https:\/\/www.bellunopress.it\/"},{"@type":"ListItem","position":2,"name":"Femca Cisl Belluno Treviso: Milena Cesca eletta segretaria generale aggiunta"}]},{"@type":"WebSite","@id":"https:\/\/www.bellunopress.it\/#website","url":"https:\/\/www.bellunopress.it\/","name":"Bellunopress - Dolomiti","description":"e-mail: redazione@bellunopress.it","publisher":{"@id":"https:\/\/www.bellunopress.it\/#organization"},"potentialAction":[{"@type":"SearchAction","target":{"@type":"EntryPoint","urlTemplate":"https:\/\/www.bellunopress.it\/?s={search_term_string}"},"query-input":{"@type":"PropertyValueSpecification","valueRequired":true,"valueName":"search_term_string"}}],"inLanguage":"fr-FR"},{"@type":"Organization","@id":"https:\/\/www.bellunopress.it\/#organization","name":"Bellunopress","url":"https:\/\/www.bellunopress.it\/","logo":{"@type":"ImageObject","inLanguage":"fr-FR","@id":"https:\/\/www.bellunopress.it\/#\/schema\/logo\/image\/","url":"https:\/\/www.bellunopress.it\/wp-content\/uploads\/2011\/05\/cropped-logo-bellunopress-.jpg","contentUrl":"https:\/\/www.bellunopress.it\/wp-content\/uploads\/2011\/05\/cropped-logo-bellunopress-.jpg","width":512,"height":512,"caption":"Bellunopress"},"image":{"@id":"https:\/\/www.bellunopress.it\/#\/schema\/logo\/image\/"},"sameAs":["https:\/\/www.facebook.com\/profile.php?id=100008943462799","https:\/\/x.com\/bellunopress","https:\/\/www.linkedin.com\/hp\/?dnr=JBzUWaJfMUw8vbXJJ2tVW5-I3jZKvC4wsoxE&amp;amp;amp;amp;amp;amp;trk=nav_responsive_tab_home","https:\/\/www.youtube.com\/channel\/UCxL0wu1uN0_3_7hGG0306cw"]},{"@type":"Person","@id":"https:\/\/www.bellunopress.it\/#\/schema\/person\/79bb06722b37ece1c03d3e94beb30d73","name":"r\u00e9daction","image":{"@type":"ImageObject","inLanguage":"fr-FR","@id":"https:\/\/secure.gravatar.com\/avatar\/37d968a2e67a6fd04c169c4bdef102d0bc5d31b2546345219e348575eb80e9a0?s=96&d=mm&r=g","url":"https:\/\/secure.gravatar.com\/avatar\/37d968a2e67a6fd04c169c4bdef102d0bc5d31b2546345219e348575eb80e9a0?s=96&d=mm&r=g","contentUrl":"https:\/\/secure.gravatar.com\/avatar\/37d968a2e67a6fd04c169c4bdef102d0bc5d31b2546345219e348575eb80e9a0?s=96&d=mm&r=g","caption":"redazione"},"sameAs":["http:\/\/www.bellunopress.it","https:\/\/x.com\/bellunopress"],"url":"https:\/\/www.bellunopress.it\/fr\/author\/redazione\/"}]}},"_links":{"self":[{"href":"https:\/\/www.bellunopress.it\/fr\/wp-json\/wp\/v2\/posts\/137444","targetHints":{"allow":["GET"]}}],"collection":[{"href":"https:\/\/www.bellunopress.it\/fr\/wp-json\/wp\/v2\/posts"}],"about":[{"href":"https:\/\/www.bellunopress.it\/fr\/wp-json\/wp\/v2\/types\/post"}],"author":[{"embeddable":true,"href":"https:\/\/www.bellunopress.it\/fr\/wp-json\/wp\/v2\/users\/2"}],"replies":[{"embeddable":true,"href":"https:\/\/www.bellunopress.it\/fr\/wp-json\/wp\/v2\/comments?post=137444"}],"version-history":[{"count":1,"href":"https:\/\/www.bellunopress.it\/fr\/wp-json\/wp\/v2\/posts\/137444\/revisions"}],"predecessor-version":[{"id":137446,"href":"https:\/\/www.bellunopress.it\/fr\/wp-json\/wp\/v2\/posts\/137444\/revisions\/137446"}],"wp:featuredmedia":[{"embeddable":true,"href":"https:\/\/www.bellunopress.it\/fr\/wp-json\/wp\/v2\/media\/137445"}],"wp:attachment":[{"href":"https:\/\/www.bellunopress.it\/fr\/wp-json\/wp\/v2\/media?parent=137444"}],"wp:term":[{"taxonomy":"category","embeddable":true,"href":"https:\/\/www.bellunopress.it\/fr\/wp-json\/wp\/v2\/categories?post=137444"},{"taxonomy":"post_tag","embeddable":true,"href":"https:\/\/www.bellunopress.it\/fr\/wp-json\/wp\/v2\/tags?post=137444"}],"curies":[{"name":"wp","href":"https:\/\/api.w.org\/{rel}","templated":true}]}}