{"id":137442,"date":"2022-11-03T21:38:41","date_gmt":"2022-11-03T20:38:41","guid":{"rendered":"https:\/\/www.bellunopress.it\/?p=137442"},"modified":"2022-11-03T21:38:41","modified_gmt":"2022-11-03T20:38:41","slug":"spegnimento-semaforo-baldenich-nelle-ore-di-minor-traffico-trevisan-fiab-belluno-misura-pericolosa-per-pedoni-e-ciclisti","status":"publish","type":"post","link":"https:\/\/www.bellunopress.it\/fr\/2022\/11\/03\/spegnimento-semaforo-baldenich-nelle-ore-di-minor-traffico-trevisan-fiab-belluno-misura-pericolosa-per-pedoni-e-ciclisti\/","title":{"rendered":"Spegnimento semaforo Baldenich nelle ore di minor traffico. Trevisan (Fiab Belluno): misura pericolosa per pedoni e ciclisti"},"content":{"rendered":"<figure id=\"attachment_137269\" aria-describedby=\"caption-attachment-137269\" style=\"width: 1000px\" class=\"wp-caption alignleft\"><img loading=\"lazy\" decoding=\"async\" class=\"size-full wp-image-137269\" src=\"https:\/\/www.bellunopress.it\/wp-content\/uploads\/2022\/10\/semaforo-baldenich-1_edited.jpg\" alt=\"\" width=\"1000\" height=\"689\" srcset=\"https:\/\/www.bellunopress.it\/wp-content\/uploads\/2022\/10\/semaforo-baldenich-1_edited.jpg 1000w, https:\/\/www.bellunopress.it\/wp-content\/uploads\/2022\/10\/semaforo-baldenich-1_edited-500x345.jpg 500w, https:\/\/www.bellunopress.it\/wp-content\/uploads\/2022\/10\/semaforo-baldenich-1_edited-218x150.jpg 218w, https:\/\/www.bellunopress.it\/wp-content\/uploads\/2022\/10\/semaforo-baldenich-1_edited-696x480.jpg 696w, https:\/\/www.bellunopress.it\/wp-content\/uploads\/2022\/10\/semaforo-baldenich-1_edited-610x420.jpg 610w, https:\/\/www.bellunopress.it\/wp-content\/uploads\/2022\/10\/semaforo-baldenich-1_edited-100x70.jpg 100w\" sizes=\"auto, (max-width: 1000px) 100vw, 1000px\" \/><figcaption id=\"caption-attachment-137269\" class=\"wp-caption-text\">Semaforo di Baldenich (Belluno)<\/figcaption><\/figure>\n<p>In questi giorni abbiamo appreso che il Sindaco di Belluno intende interrompere il funzionamento del semaforo di Baldenich in alcune fasce orarie con l\u2019intento di \u201c\u2026migliorare la fluidit\u00e0 della circolazione e abbassare i livelli di smog.\u201d L\u2019intervento avr\u00e0 carattere sperimentale e durer\u00e0 6 mesi, consentendo alla Giunta Comunale di \u201ccapire se la misura funziona\u201d.<br \/>\nIn proposito vorremmo sapere quali sono i parametri che verranno presi in considerazione e gli strumenti di rilevazione installati per monitorare, e quindi valutare, l\u2019efficacia e l\u2019efficienza della misura. Ad esempio, per misurare i livelli di inquinamento, \u00e8 prevista l\u2019installazione di centraline Arpav in zona semaforo? E per controllare il comportamento degli automobilisti saranno montate delle telecamere?<\/p>\n<p>Riguardo ai livelli di inquinamento giornaliero complessivo \u00e8 facile prevedere che il semaforo acceso a fasce non porter\u00e0 miglioramenti significativi. Infatti, il maggior numero di auto in coda e i tempi di sosta pi\u00f9 lunghi che determinano i picchi di emissioni dannose si hanno nelle ore di punta, durante le quali il semaforo sar\u00e0 comunque sempre funzionante.<br \/>\nSe questa previsione fosse confermata, la misura non avrebbe lo scopo di ridurre in modo significativo l\u2019inquinamento, ma solamente di favorire la mobilit\u00e0 motorizzata nelle fasce orarie meno trafficate. E questo avverrebbe sulla pelle di pedoni e ciclisti che, peraltro, non inquinano e non fanno rumore. Infatti, quello che il Sindaco definisce \u201cil principale asse di attraversamento della citt\u00e0 in destra Piave\u201d \u00e8 in realt\u00e0 un incrocio di quartiere, molto frequentato da pedoni, anziani e bambini, sul quale si affacciano una farmacia, un ristorante, un panificio, un\u2019edicola e altri esercizi commerciali.<\/p>\n<p>A semaforo spento pedoni e ciclisti dovranno affrontare l\u2019attraversamento di una carreggiata, in quel tratto rettilinea, con diritto di precedenza e un limite di 50 km orari, molto pericoloso in una strada di quartiere e che pochi rispettano: basta un malinteso, un\u2019incertezza, una disattenzione e a subirne le conseguenze con fratture, invalidit\u00e0 e decessi saranno, come sempre, i ciclisti e i pedoni.<br \/>\nIl vicesindaco Paolo Gamba ci rassicura dalle pagine del Corriere del Veneto (inserto del Corriere della Sera) ricordando che comunque \u201c&#8230; i pedoni hanno sempre la precedenza quando attraversano sulle strisce\u2026\u201d Purtroppo in Italia pochissimi rispettano questo \u201cprivilegio\u201d, infatti il rapporto ASAPS 2021 evidenzia \u201ci troppi investimenti sugli attraversamenti pedonali\u2026 ben 6.762 sinistri con 180 morti\u2026 e oltre 10.000 feriti, nel luogo pi\u00f9 \u201dsacro\u201d della strada, quello in cui la precedenza \u00e8 diritto del pedone e dove la tutela dovrebbe essere maggiore\u201d (https:\/\/motori.quotidiano.net\/autoemotonews\/rapporto-asaps-incidenti-con-pedoni.htm)<\/p>\n<p>Quindi ci auguriamo che nei mesi di sperimentazione si consenta ai pedoni di attivare la chiamata per fermare le auto per il tempo necessario all\u2019attraversamento oppure si rinunci all\u2019idea di spegnere il semaforo. Non sar\u00e0 certamente qualche macchina in pi\u00f9, ferma in sosta per consentire l\u2019attraversamento sicuro alle persone pi\u00f9 esposte e fragili tra gli utenti della strada, a peggiorare i livelli di inquinamento in citt\u00e0. E comunque quella maggior quota di emissioni nocive potr\u00e0 essere ampiamente compensata con politiche di mobilit\u00e0, molto pi\u00f9 incisive ed efficaci, a favore degli spostamenti con il trasporto pubblico, a piedi e in bicicletta.<\/p>\n<p><strong>Pierluigi Trevisan<\/strong><br \/>\nPresidente di FIAB Belluno<br \/>\nFederazione Italiana Ambiente e Bicicletta<\/p>","protected":false},"excerpt":{"rendered":"<p>In questi giorni abbiamo appreso che il Sindaco di Belluno intende interrompere il funzionamento del semaforo di Baldenich in alcune fasce orarie con l\u2019intento di \u201c\u2026migliorare la fluidit\u00e0 della circolazione e abbassare i livelli di smog.\u201d L\u2019intervento avr\u00e0 carattere sperimentale e durer\u00e0 6 mesi, consentendo alla Giunta Comunale di \u201ccapire se la misura funziona\u201d. In [&hellip;]<\/p>\n","protected":false},"author":2,"featured_media":137269,"comment_status":"closed","ping_status":"open","sticky":false,"template":"","format":"standard","meta":{"footnotes":""},"categories":[5,1,26],"tags":[],"class_list":["post-137442","post","type-post","status-publish","format-standard","has-post-thumbnail","category-cronaca","category-leo","category-prima-pagina"],"yoast_head":"<!-- This site is optimized with the Yoast SEO plugin v28.4 - https:\/\/yoast.com\/product\/yoast-seo-wordpress\/ -->\n<title>Spegnimento semaforo Baldenich nelle ore di minor traffico. Trevisan (Fiab Belluno): misura pericolosa per pedoni e ciclisti - Bellunopress - Dolomiti<\/title>\n<meta name=\"robots\" content=\"index, follow, max-snippet:-1, max-image-preview:large, max-video-preview:-1\" \/>\n<link rel=\"canonical\" href=\"https:\/\/www.bellunopress.it\/fr\/2022\/11\/03\/spegnimento-semaforo-baldenich-nelle-ore-di-minor-traffico-trevisan-fiab-belluno-misura-pericolosa-per-pedoni-e-ciclisti\/\" \/>\n<meta property=\"og:locale\" content=\"fr_FR\" \/>\n<meta property=\"og:type\" content=\"article\" \/>\n<meta property=\"og:title\" content=\"Spegnimento semaforo Baldenich nelle ore di minor traffico. Trevisan (Fiab Belluno): misura pericolosa per pedoni e ciclisti - Bellunopress - Dolomiti\" \/>\n<meta property=\"og:description\" content=\"In questi giorni abbiamo appreso che il Sindaco di Belluno intende interrompere il funzionamento del semaforo di Baldenich in alcune fasce orarie con l\u2019intento di \u201c\u2026migliorare la fluidit\u00e0 della circolazione e abbassare i livelli di smog.\u201d L\u2019intervento avr\u00e0 carattere sperimentale e durer\u00e0 6 mesi, consentendo alla Giunta Comunale di \u201ccapire se la misura funziona\u201d. In [&hellip;]\" \/>\n<meta property=\"og:url\" content=\"https:\/\/www.bellunopress.it\/fr\/2022\/11\/03\/spegnimento-semaforo-baldenich-nelle-ore-di-minor-traffico-trevisan-fiab-belluno-misura-pericolosa-per-pedoni-e-ciclisti\/\" \/>\n<meta property=\"og:site_name\" content=\"Bellunopress - Dolomiti\" \/>\n<meta property=\"article:publisher\" content=\"https:\/\/www.facebook.com\/profile.php?id=100008943462799\" \/>\n<meta property=\"article:published_time\" content=\"2022-11-03T20:38:41+00:00\" \/>\n<meta property=\"og:image\" content=\"https:\/\/www.bellunopress.it\/wp-content\/uploads\/2022\/10\/semaforo-baldenich-1_edited.jpg\" \/>\n\t<meta property=\"og:image:width\" content=\"1000\" \/>\n\t<meta property=\"og:image:height\" content=\"689\" \/>\n\t<meta property=\"og:image:type\" content=\"image\/jpeg\" \/>\n<meta name=\"author\" content=\"redazione\" \/>\n<meta name=\"twitter:card\" content=\"summary_large_image\" \/>\n<meta name=\"twitter:creator\" content=\"@bellunopress\" \/>\n<meta name=\"twitter:site\" content=\"@bellunopress\" \/>\n<meta name=\"twitter:label1\" content=\"Written by\" \/>\n\t<meta name=\"twitter:data1\" content=\"redazione\" \/>\n\t<meta name=\"twitter:label2\" content=\"Est. reading time\" \/>\n\t<meta name=\"twitter:data2\" content=\"3 minutes\" \/>\n<script type=\"application\/ld+json\" class=\"yoast-schema-graph\">{\"@context\":\"https:\\\/\\\/schema.org\",\"@graph\":[{\"@type\":\"Article\",\"@id\":\"https:\\\/\\\/www.bellunopress.it\\\/2022\\\/11\\\/03\\\/spegnimento-semaforo-baldenich-nelle-ore-di-minor-traffico-trevisan-fiab-belluno-misura-pericolosa-per-pedoni-e-ciclisti\\\/#article\",\"isPartOf\":{\"@id\":\"https:\\\/\\\/www.bellunopress.it\\\/2022\\\/11\\\/03\\\/spegnimento-semaforo-baldenich-nelle-ore-di-minor-traffico-trevisan-fiab-belluno-misura-pericolosa-per-pedoni-e-ciclisti\\\/\"},\"author\":{\"name\":\"redazione\",\"@id\":\"https:\\\/\\\/www.bellunopress.it\\\/#\\\/schema\\\/person\\\/79bb06722b37ece1c03d3e94beb30d73\"},\"headline\":\"Spegnimento semaforo Baldenich nelle ore di minor traffico. Trevisan (Fiab Belluno): misura pericolosa per pedoni e ciclisti\",\"datePublished\":\"2022-11-03T20:38:41+00:00\",\"mainEntityOfPage\":{\"@id\":\"https:\\\/\\\/www.bellunopress.it\\\/2022\\\/11\\\/03\\\/spegnimento-semaforo-baldenich-nelle-ore-di-minor-traffico-trevisan-fiab-belluno-misura-pericolosa-per-pedoni-e-ciclisti\\\/\"},\"wordCount\":550,\"publisher\":{\"@id\":\"https:\\\/\\\/www.bellunopress.it\\\/#organization\"},\"image\":{\"@id\":\"https:\\\/\\\/www.bellunopress.it\\\/2022\\\/11\\\/03\\\/spegnimento-semaforo-baldenich-nelle-ore-di-minor-traffico-trevisan-fiab-belluno-misura-pericolosa-per-pedoni-e-ciclisti\\\/#primaryimage\"},\"thumbnailUrl\":\"https:\\\/\\\/www.bellunopress.it\\\/wp-content\\\/uploads\\\/2022\\\/10\\\/semaforo-baldenich-1_edited.jpg\",\"articleSection\":[\"Cronaca\\\/Politica\",\"Lettere Opinioni\",\"Prima Pagina\"],\"inLanguage\":\"fr-FR\"},{\"@type\":\"WebPage\",\"@id\":\"https:\\\/\\\/www.bellunopress.it\\\/2022\\\/11\\\/03\\\/spegnimento-semaforo-baldenich-nelle-ore-di-minor-traffico-trevisan-fiab-belluno-misura-pericolosa-per-pedoni-e-ciclisti\\\/\",\"url\":\"https:\\\/\\\/www.bellunopress.it\\\/2022\\\/11\\\/03\\\/spegnimento-semaforo-baldenich-nelle-ore-di-minor-traffico-trevisan-fiab-belluno-misura-pericolosa-per-pedoni-e-ciclisti\\\/\",\"name\":\"Spegnimento semaforo Baldenich nelle ore di minor traffico. Trevisan (Fiab Belluno): misura pericolosa per pedoni e ciclisti - Bellunopress - Dolomiti\",\"isPartOf\":{\"@id\":\"https:\\\/\\\/www.bellunopress.it\\\/#website\"},\"primaryImageOfPage\":{\"@id\":\"https:\\\/\\\/www.bellunopress.it\\\/2022\\\/11\\\/03\\\/spegnimento-semaforo-baldenich-nelle-ore-di-minor-traffico-trevisan-fiab-belluno-misura-pericolosa-per-pedoni-e-ciclisti\\\/#primaryimage\"},\"image\":{\"@id\":\"https:\\\/\\\/www.bellunopress.it\\\/2022\\\/11\\\/03\\\/spegnimento-semaforo-baldenich-nelle-ore-di-minor-traffico-trevisan-fiab-belluno-misura-pericolosa-per-pedoni-e-ciclisti\\\/#primaryimage\"},\"thumbnailUrl\":\"https:\\\/\\\/www.bellunopress.it\\\/wp-content\\\/uploads\\\/2022\\\/10\\\/semaforo-baldenich-1_edited.jpg\",\"datePublished\":\"2022-11-03T20:38:41+00:00\",\"breadcrumb\":{\"@id\":\"https:\\\/\\\/www.bellunopress.it\\\/2022\\\/11\\\/03\\\/spegnimento-semaforo-baldenich-nelle-ore-di-minor-traffico-trevisan-fiab-belluno-misura-pericolosa-per-pedoni-e-ciclisti\\\/#breadcrumb\"},\"inLanguage\":\"fr-FR\",\"potentialAction\":[{\"@type\":\"ReadAction\",\"target\":[\"https:\\\/\\\/www.bellunopress.it\\\/2022\\\/11\\\/03\\\/spegnimento-semaforo-baldenich-nelle-ore-di-minor-traffico-trevisan-fiab-belluno-misura-pericolosa-per-pedoni-e-ciclisti\\\/\"]}]},{\"@type\":\"ImageObject\",\"inLanguage\":\"fr-FR\",\"@id\":\"https:\\\/\\\/www.bellunopress.it\\\/2022\\\/11\\\/03\\\/spegnimento-semaforo-baldenich-nelle-ore-di-minor-traffico-trevisan-fiab-belluno-misura-pericolosa-per-pedoni-e-ciclisti\\\/#primaryimage\",\"url\":\"https:\\\/\\\/www.bellunopress.it\\\/wp-content\\\/uploads\\\/2022\\\/10\\\/semaforo-baldenich-1_edited.jpg\",\"contentUrl\":\"https:\\\/\\\/www.bellunopress.it\\\/wp-content\\\/uploads\\\/2022\\\/10\\\/semaforo-baldenich-1_edited.jpg\",\"width\":1000,\"height\":689,\"caption\":\"Semaforo di Baldenich (Belluno)\"},{\"@type\":\"BreadcrumbList\",\"@id\":\"https:\\\/\\\/www.bellunopress.it\\\/2022\\\/11\\\/03\\\/spegnimento-semaforo-baldenich-nelle-ore-di-minor-traffico-trevisan-fiab-belluno-misura-pericolosa-per-pedoni-e-ciclisti\\\/#breadcrumb\",\"itemListElement\":[{\"@type\":\"ListItem\",\"position\":1,\"name\":\"Home\",\"item\":\"https:\\\/\\\/www.bellunopress.it\\\/\"},{\"@type\":\"ListItem\",\"position\":2,\"name\":\"Spegnimento semaforo Baldenich nelle ore di minor traffico. Trevisan (Fiab Belluno): misura pericolosa per pedoni e ciclisti\"}]},{\"@type\":\"WebSite\",\"@id\":\"https:\\\/\\\/www.bellunopress.it\\\/#website\",\"url\":\"https:\\\/\\\/www.bellunopress.it\\\/\",\"name\":\"Bellunopress - Dolomiti\",\"description\":\"e-mail: redazione@bellunopress.it\",\"publisher\":{\"@id\":\"https:\\\/\\\/www.bellunopress.it\\\/#organization\"},\"potentialAction\":[{\"@type\":\"SearchAction\",\"target\":{\"@type\":\"EntryPoint\",\"urlTemplate\":\"https:\\\/\\\/www.bellunopress.it\\\/?s={search_term_string}\"},\"query-input\":{\"@type\":\"PropertyValueSpecification\",\"valueRequired\":true,\"valueName\":\"search_term_string\"}}],\"inLanguage\":\"fr-FR\"},{\"@type\":\"Organization\",\"@id\":\"https:\\\/\\\/www.bellunopress.it\\\/#organization\",\"name\":\"Bellunopress\",\"url\":\"https:\\\/\\\/www.bellunopress.it\\\/\",\"logo\":{\"@type\":\"ImageObject\",\"inLanguage\":\"fr-FR\",\"@id\":\"https:\\\/\\\/www.bellunopress.it\\\/#\\\/schema\\\/logo\\\/image\\\/\",\"url\":\"https:\\\/\\\/www.bellunopress.it\\\/wp-content\\\/uploads\\\/2011\\\/05\\\/cropped-logo-bellunopress-.jpg\",\"contentUrl\":\"https:\\\/\\\/www.bellunopress.it\\\/wp-content\\\/uploads\\\/2011\\\/05\\\/cropped-logo-bellunopress-.jpg\",\"width\":512,\"height\":512,\"caption\":\"Bellunopress\"},\"image\":{\"@id\":\"https:\\\/\\\/www.bellunopress.it\\\/#\\\/schema\\\/logo\\\/image\\\/\"},\"sameAs\":[\"https:\\\/\\\/www.facebook.com\\\/profile.php?id=100008943462799\",\"https:\\\/\\\/x.com\\\/bellunopress\",\"https:\\\/\\\/www.linkedin.com\\\/hp\\\/?dnr=JBzUWaJfMUw8vbXJJ2tVW5-I3jZKvC4wsoxE&amp;amp;amp;amp;amp;amp;trk=nav_responsive_tab_home\",\"https:\\\/\\\/www.youtube.com\\\/channel\\\/UCxL0wu1uN0_3_7hGG0306cw\"]},{\"@type\":\"Person\",\"@id\":\"https:\\\/\\\/www.bellunopress.it\\\/#\\\/schema\\\/person\\\/79bb06722b37ece1c03d3e94beb30d73\",\"name\":\"redazione\",\"image\":{\"@type\":\"ImageObject\",\"inLanguage\":\"fr-FR\",\"@id\":\"https:\\\/\\\/secure.gravatar.com\\\/avatar\\\/37d968a2e67a6fd04c169c4bdef102d0bc5d31b2546345219e348575eb80e9a0?s=96&d=mm&r=g\",\"url\":\"https:\\\/\\\/secure.gravatar.com\\\/avatar\\\/37d968a2e67a6fd04c169c4bdef102d0bc5d31b2546345219e348575eb80e9a0?s=96&d=mm&r=g\",\"contentUrl\":\"https:\\\/\\\/secure.gravatar.com\\\/avatar\\\/37d968a2e67a6fd04c169c4bdef102d0bc5d31b2546345219e348575eb80e9a0?s=96&d=mm&r=g\",\"caption\":\"redazione\"},\"sameAs\":[\"http:\\\/\\\/www.bellunopress.it\",\"https:\\\/\\\/x.com\\\/bellunopress\"],\"url\":\"https:\\\/\\\/www.bellunopress.it\\\/fr\\\/author\\\/redazione\\\/\"}]}<\/script>\n<!-- \/ Yoast SEO plugin. -->","yoast_head_json":{"title":"Spegnimento semaforo Baldenich nelle ore di minor traffico. Trevisan (Fiab Belluno): misura pericolosa per pedoni e ciclisti - Bellunopress - Dolomiti","robots":{"index":"index","follow":"follow","max-snippet":"max-snippet:-1","max-image-preview":"max-image-preview:large","max-video-preview":"max-video-preview:-1"},"canonical":"https:\/\/www.bellunopress.it\/fr\/2022\/11\/03\/spegnimento-semaforo-baldenich-nelle-ore-di-minor-traffico-trevisan-fiab-belluno-misura-pericolosa-per-pedoni-e-ciclisti\/","og_locale":"fr_FR","og_type":"article","og_title":"Spegnimento semaforo Baldenich nelle ore di minor traffico. Trevisan (Fiab Belluno): misura pericolosa per pedoni e ciclisti - Bellunopress - Dolomiti","og_description":"In questi giorni abbiamo appreso che il Sindaco di Belluno intende interrompere il funzionamento del semaforo di Baldenich in alcune fasce orarie con l\u2019intento di \u201c\u2026migliorare la fluidit\u00e0 della circolazione e abbassare i livelli di smog.\u201d L\u2019intervento avr\u00e0 carattere sperimentale e durer\u00e0 6 mesi, consentendo alla Giunta Comunale di \u201ccapire se la misura funziona\u201d. In [&hellip;]","og_url":"https:\/\/www.bellunopress.it\/fr\/2022\/11\/03\/spegnimento-semaforo-baldenich-nelle-ore-di-minor-traffico-trevisan-fiab-belluno-misura-pericolosa-per-pedoni-e-ciclisti\/","og_site_name":"Bellunopress - Dolomiti","article_publisher":"https:\/\/www.facebook.com\/profile.php?id=100008943462799","article_published_time":"2022-11-03T20:38:41+00:00","og_image":[{"width":1000,"height":689,"url":"https:\/\/www.bellunopress.it\/wp-content\/uploads\/2022\/10\/semaforo-baldenich-1_edited.jpg","type":"image\/jpeg"}],"author":"redazione","twitter_card":"summary_large_image","twitter_creator":"@bellunopress","twitter_site":"@bellunopress","twitter_misc":{"Written by":"redazione","Est. reading time":"3 minutes"},"schema":{"@context":"https:\/\/schema.org","@graph":[{"@type":"Article","@id":"https:\/\/www.bellunopress.it\/2022\/11\/03\/spegnimento-semaforo-baldenich-nelle-ore-di-minor-traffico-trevisan-fiab-belluno-misura-pericolosa-per-pedoni-e-ciclisti\/#article","isPartOf":{"@id":"https:\/\/www.bellunopress.it\/2022\/11\/03\/spegnimento-semaforo-baldenich-nelle-ore-di-minor-traffico-trevisan-fiab-belluno-misura-pericolosa-per-pedoni-e-ciclisti\/"},"author":{"name":"redazione","@id":"https:\/\/www.bellunopress.it\/#\/schema\/person\/79bb06722b37ece1c03d3e94beb30d73"},"headline":"Spegnimento semaforo Baldenich nelle ore di minor traffico. Trevisan (Fiab Belluno): misura pericolosa per pedoni e ciclisti","datePublished":"2022-11-03T20:38:41+00:00","mainEntityOfPage":{"@id":"https:\/\/www.bellunopress.it\/2022\/11\/03\/spegnimento-semaforo-baldenich-nelle-ore-di-minor-traffico-trevisan-fiab-belluno-misura-pericolosa-per-pedoni-e-ciclisti\/"},"wordCount":550,"publisher":{"@id":"https:\/\/www.bellunopress.it\/#organization"},"image":{"@id":"https:\/\/www.bellunopress.it\/2022\/11\/03\/spegnimento-semaforo-baldenich-nelle-ore-di-minor-traffico-trevisan-fiab-belluno-misura-pericolosa-per-pedoni-e-ciclisti\/#primaryimage"},"thumbnailUrl":"https:\/\/www.bellunopress.it\/wp-content\/uploads\/2022\/10\/semaforo-baldenich-1_edited.jpg","articleSection":["Cronaca\/Politica","Lettere Opinioni","Prima Pagina"],"inLanguage":"fr-FR"},{"@type":"WebPage","@id":"https:\/\/www.bellunopress.it\/2022\/11\/03\/spegnimento-semaforo-baldenich-nelle-ore-di-minor-traffico-trevisan-fiab-belluno-misura-pericolosa-per-pedoni-e-ciclisti\/","url":"https:\/\/www.bellunopress.it\/2022\/11\/03\/spegnimento-semaforo-baldenich-nelle-ore-di-minor-traffico-trevisan-fiab-belluno-misura-pericolosa-per-pedoni-e-ciclisti\/","name":"Spegnimento semaforo Baldenich nelle ore di minor traffico. Trevisan (Fiab Belluno): misura pericolosa per pedoni e ciclisti - Bellunopress - Dolomiti","isPartOf":{"@id":"https:\/\/www.bellunopress.it\/#website"},"primaryImageOfPage":{"@id":"https:\/\/www.bellunopress.it\/2022\/11\/03\/spegnimento-semaforo-baldenich-nelle-ore-di-minor-traffico-trevisan-fiab-belluno-misura-pericolosa-per-pedoni-e-ciclisti\/#primaryimage"},"image":{"@id":"https:\/\/www.bellunopress.it\/2022\/11\/03\/spegnimento-semaforo-baldenich-nelle-ore-di-minor-traffico-trevisan-fiab-belluno-misura-pericolosa-per-pedoni-e-ciclisti\/#primaryimage"},"thumbnailUrl":"https:\/\/www.bellunopress.it\/wp-content\/uploads\/2022\/10\/semaforo-baldenich-1_edited.jpg","datePublished":"2022-11-03T20:38:41+00:00","breadcrumb":{"@id":"https:\/\/www.bellunopress.it\/2022\/11\/03\/spegnimento-semaforo-baldenich-nelle-ore-di-minor-traffico-trevisan-fiab-belluno-misura-pericolosa-per-pedoni-e-ciclisti\/#breadcrumb"},"inLanguage":"fr-FR","potentialAction":[{"@type":"ReadAction","target":["https:\/\/www.bellunopress.it\/2022\/11\/03\/spegnimento-semaforo-baldenich-nelle-ore-di-minor-traffico-trevisan-fiab-belluno-misura-pericolosa-per-pedoni-e-ciclisti\/"]}]},{"@type":"ImageObject","inLanguage":"fr-FR","@id":"https:\/\/www.bellunopress.it\/2022\/11\/03\/spegnimento-semaforo-baldenich-nelle-ore-di-minor-traffico-trevisan-fiab-belluno-misura-pericolosa-per-pedoni-e-ciclisti\/#primaryimage","url":"https:\/\/www.bellunopress.it\/wp-content\/uploads\/2022\/10\/semaforo-baldenich-1_edited.jpg","contentUrl":"https:\/\/www.bellunopress.it\/wp-content\/uploads\/2022\/10\/semaforo-baldenich-1_edited.jpg","width":1000,"height":689,"caption":"Semaforo di Baldenich (Belluno)"},{"@type":"BreadcrumbList","@id":"https:\/\/www.bellunopress.it\/2022\/11\/03\/spegnimento-semaforo-baldenich-nelle-ore-di-minor-traffico-trevisan-fiab-belluno-misura-pericolosa-per-pedoni-e-ciclisti\/#breadcrumb","itemListElement":[{"@type":"ListItem","position":1,"name":"Home","item":"https:\/\/www.bellunopress.it\/"},{"@type":"ListItem","position":2,"name":"Spegnimento semaforo Baldenich nelle ore di minor traffico. Trevisan (Fiab Belluno): misura pericolosa per pedoni e ciclisti"}]},{"@type":"WebSite","@id":"https:\/\/www.bellunopress.it\/#website","url":"https:\/\/www.bellunopress.it\/","name":"Bellunopress - Dolomiti","description":"e-mail: redazione@bellunopress.it","publisher":{"@id":"https:\/\/www.bellunopress.it\/#organization"},"potentialAction":[{"@type":"SearchAction","target":{"@type":"EntryPoint","urlTemplate":"https:\/\/www.bellunopress.it\/?s={search_term_string}"},"query-input":{"@type":"PropertyValueSpecification","valueRequired":true,"valueName":"search_term_string"}}],"inLanguage":"fr-FR"},{"@type":"Organization","@id":"https:\/\/www.bellunopress.it\/#organization","name":"Bellunopress","url":"https:\/\/www.bellunopress.it\/","logo":{"@type":"ImageObject","inLanguage":"fr-FR","@id":"https:\/\/www.bellunopress.it\/#\/schema\/logo\/image\/","url":"https:\/\/www.bellunopress.it\/wp-content\/uploads\/2011\/05\/cropped-logo-bellunopress-.jpg","contentUrl":"https:\/\/www.bellunopress.it\/wp-content\/uploads\/2011\/05\/cropped-logo-bellunopress-.jpg","width":512,"height":512,"caption":"Bellunopress"},"image":{"@id":"https:\/\/www.bellunopress.it\/#\/schema\/logo\/image\/"},"sameAs":["https:\/\/www.facebook.com\/profile.php?id=100008943462799","https:\/\/x.com\/bellunopress","https:\/\/www.linkedin.com\/hp\/?dnr=JBzUWaJfMUw8vbXJJ2tVW5-I3jZKvC4wsoxE&amp;amp;amp;amp;amp;amp;trk=nav_responsive_tab_home","https:\/\/www.youtube.com\/channel\/UCxL0wu1uN0_3_7hGG0306cw"]},{"@type":"Person","@id":"https:\/\/www.bellunopress.it\/#\/schema\/person\/79bb06722b37ece1c03d3e94beb30d73","name":"r\u00e9daction","image":{"@type":"ImageObject","inLanguage":"fr-FR","@id":"https:\/\/secure.gravatar.com\/avatar\/37d968a2e67a6fd04c169c4bdef102d0bc5d31b2546345219e348575eb80e9a0?s=96&d=mm&r=g","url":"https:\/\/secure.gravatar.com\/avatar\/37d968a2e67a6fd04c169c4bdef102d0bc5d31b2546345219e348575eb80e9a0?s=96&d=mm&r=g","contentUrl":"https:\/\/secure.gravatar.com\/avatar\/37d968a2e67a6fd04c169c4bdef102d0bc5d31b2546345219e348575eb80e9a0?s=96&d=mm&r=g","caption":"redazione"},"sameAs":["http:\/\/www.bellunopress.it","https:\/\/x.com\/bellunopress"],"url":"https:\/\/www.bellunopress.it\/fr\/author\/redazione\/"}]}},"_links":{"self":[{"href":"https:\/\/www.bellunopress.it\/fr\/wp-json\/wp\/v2\/posts\/137442","targetHints":{"allow":["GET"]}}],"collection":[{"href":"https:\/\/www.bellunopress.it\/fr\/wp-json\/wp\/v2\/posts"}],"about":[{"href":"https:\/\/www.bellunopress.it\/fr\/wp-json\/wp\/v2\/types\/post"}],"author":[{"embeddable":true,"href":"https:\/\/www.bellunopress.it\/fr\/wp-json\/wp\/v2\/users\/2"}],"replies":[{"embeddable":true,"href":"https:\/\/www.bellunopress.it\/fr\/wp-json\/wp\/v2\/comments?post=137442"}],"version-history":[{"count":1,"href":"https:\/\/www.bellunopress.it\/fr\/wp-json\/wp\/v2\/posts\/137442\/revisions"}],"predecessor-version":[{"id":137443,"href":"https:\/\/www.bellunopress.it\/fr\/wp-json\/wp\/v2\/posts\/137442\/revisions\/137443"}],"wp:featuredmedia":[{"embeddable":true,"href":"https:\/\/www.bellunopress.it\/fr\/wp-json\/wp\/v2\/media\/137269"}],"wp:attachment":[{"href":"https:\/\/www.bellunopress.it\/fr\/wp-json\/wp\/v2\/media?parent=137442"}],"wp:term":[{"taxonomy":"category","embeddable":true,"href":"https:\/\/www.bellunopress.it\/fr\/wp-json\/wp\/v2\/categories?post=137442"},{"taxonomy":"post_tag","embeddable":true,"href":"https:\/\/www.bellunopress.it\/fr\/wp-json\/wp\/v2\/tags?post=137442"}],"curies":[{"name":"wp","href":"https:\/\/api.w.org\/{rel}","templated":true}]}}