{"id":137424,"date":"2022-11-03T13:55:18","date_gmt":"2022-11-03T12:55:18","guid":{"rendered":"https:\/\/www.bellunopress.it\/?p=137424"},"modified":"2022-11-03T13:55:18","modified_gmt":"2022-11-03T12:55:18","slug":"calcio-dolomitiche-di-nuovo-in-campo-con-la-grinta-della-de-paoli","status":"publish","type":"post","link":"https:\/\/www.bellunopress.it\/fr\/2022\/11\/03\/calcio-dolomitiche-di-nuovo-in-campo-con-la-grinta-della-de-paoli\/","title":{"rendered":"Calcio. Dolomitiche di nuovo in campo con la grinta della De Paoli"},"content":{"rendered":"<p><img loading=\"lazy\" decoding=\"async\" class=\"alignleft size-full wp-image-137425\" src=\"https:\/\/www.bellunopress.it\/wp-content\/uploads\/2022\/11\/Anna-De-Paoli-SSD-Dolomiti-calcio_edited.jpg\" alt=\"\" width=\"1000\" height=\"657\" srcset=\"https:\/\/www.bellunopress.it\/wp-content\/uploads\/2022\/11\/Anna-De-Paoli-SSD-Dolomiti-calcio_edited.jpg 1000w, https:\/\/www.bellunopress.it\/wp-content\/uploads\/2022\/11\/Anna-De-Paoli-SSD-Dolomiti-calcio_edited-500x329.jpg 500w, https:\/\/www.bellunopress.it\/wp-content\/uploads\/2022\/11\/Anna-De-Paoli-SSD-Dolomiti-calcio_edited-696x457.jpg 696w, https:\/\/www.bellunopress.it\/wp-content\/uploads\/2022\/11\/Anna-De-Paoli-SSD-Dolomiti-calcio_edited-639x420.jpg 639w, https:\/\/www.bellunopress.it\/wp-content\/uploads\/2022\/11\/Anna-De-Paoli-SSD-Dolomiti-calcio_edited-741x486.jpg 741w\" sizes=\"auto, (max-width: 1000px) 100vw, 1000px\" \/>Dopo un fine settimana di riposo, la SSD Dolomiti Bellunesi \u00e8 pronta a riaffacciarsi al campionato femminile di Eccellenza. Lo far\u00e0 domenica 6 novembre ma, rispetto al calendario di partenza, non si esibir\u00e0 di fronte al pubblico, bens\u00ec in trasferta: a Vittorio Veneto. \u00c8 ufficiale, infatti, l&#8217;inversione di campo. Come \u00e8 ufficiale l&#8217;orario d&#8217;inizio del match: non le 14.30, ma le 15.<\/p>\n<p>INSEGNA A VIVERE &#8211; Contro il Permac Vittorio, settimo della classe e con un solo successo all&#8217;attivo in cinque confronti, le dolomitiche vogliono riassaporare i tre punti. E, per questo, si affidano alla grinta della ventenne Anna De Paoli: \u00abHo iniziato a giocare all&#8217;et\u00e0 di 13, 14 anni &#8211; afferma la centrale di difesa &#8211; con gli Esordienti del Vellai, per poi passare al Primiero e infine al Keralpen. Considero il calcio molto pi\u00f9 di uno sport: \u00e8 una passione che insegna a vivere e ad affrontare i problemi fuori dal campo\u00bb.<\/p>\n<p>PRIMO GOL &#8211; De Paoli, sul rettangolo verde, si trasforma in un&#8217;autentica guerriera: \u00abDiciamo che non sono il massimo tecnicamente &#8211; sorride &#8211; ma il mio dovere da difensore so farlo. Negli anni ho imparato sempre pi\u00f9 a leggere e prevedere le mosse che faranno le avversarie\u00bb. Non solo, perch\u00e9 nella scorsa annata si \u00e8 ritagliata pure una gioia personale: \u00abEra l&#8217;ultimo turno e ho segnato il primo gol in assoluto della mia carriera\u00bb.<\/p>\n<p>IMPEGNO INCONDIZIONATO &#8211; Una carriera che ora prosegue sotto il segno della SSD Dolomiti Bellunesi: \u00abSi tratta di un&#8217;occasione molto importante per noi e per il calcio femminile bellunese. Una simile opportunit\u00e0 ci sprona a dare il massimo ogni domenica. Gli obiettivi? Sono legati all&#8217;impegno incondizionato ad ogni allenamento e ogni partita\u00bb. Tutte, in campo e in spogliatoio, remano nella stessa direzione cercando di agganciare nuovamente una zona podio lontana appena una lunghezza: \u00abSe dovessi scegliere qualcuno a cui sono pi\u00f9 legata, in questo gruppo, direi Martina De Betta\u00bb. Paola di Anna De Paoli: la guardiana a difesa di una porta, di un&#8217;area. Di una passione.<\/p>","protected":false},"excerpt":{"rendered":"<p>Dopo un fine settimana di riposo, la SSD Dolomiti Bellunesi \u00e8 pronta a riaffacciarsi al campionato femminile di Eccellenza. Lo far\u00e0 domenica 6 novembre ma, rispetto al calendario di partenza, non si esibir\u00e0 di fronte al pubblico, bens\u00ec in trasferta: a Vittorio Veneto. \u00c8 ufficiale, infatti, l&#8217;inversione di campo. Come \u00e8 ufficiale l&#8217;orario d&#8217;inizio del [&hellip;]<\/p>\n","protected":false},"author":2,"featured_media":137425,"comment_status":"closed","ping_status":"open","sticky":false,"template":"","format":"standard","meta":{"footnotes":""},"categories":[4],"tags":[],"class_list":["post-137424","post","type-post","status-publish","format-standard","has-post-thumbnail","category-sport"],"yoast_head":"<!-- This site is optimized with the Yoast SEO plugin v28.4 - https:\/\/yoast.com\/product\/yoast-seo-wordpress\/ -->\n<title>Calcio. Dolomitiche di nuovo in campo con la grinta della De Paoli - Bellunopress - Dolomiti<\/title>\n<meta name=\"robots\" content=\"index, follow, max-snippet:-1, max-image-preview:large, max-video-preview:-1\" \/>\n<link rel=\"canonical\" href=\"https:\/\/www.bellunopress.it\/fr\/2022\/11\/03\/calcio-dolomitiche-di-nuovo-in-campo-con-la-grinta-della-de-paoli\/\" \/>\n<meta property=\"og:locale\" content=\"fr_FR\" \/>\n<meta property=\"og:type\" content=\"article\" \/>\n<meta property=\"og:title\" content=\"Calcio. Dolomitiche di nuovo in campo con la grinta della De Paoli - Bellunopress - Dolomiti\" \/>\n<meta property=\"og:description\" content=\"Dopo un fine settimana di riposo, la SSD Dolomiti Bellunesi \u00e8 pronta a riaffacciarsi al campionato femminile di Eccellenza. Lo far\u00e0 domenica 6 novembre ma, rispetto al calendario di partenza, non si esibir\u00e0 di fronte al pubblico, bens\u00ec in trasferta: a Vittorio Veneto. \u00c8 ufficiale, infatti, l&#8217;inversione di campo. Come \u00e8 ufficiale l&#8217;orario d&#8217;inizio del [&hellip;]\" \/>\n<meta property=\"og:url\" content=\"https:\/\/www.bellunopress.it\/fr\/2022\/11\/03\/calcio-dolomitiche-di-nuovo-in-campo-con-la-grinta-della-de-paoli\/\" \/>\n<meta property=\"og:site_name\" content=\"Bellunopress - Dolomiti\" \/>\n<meta property=\"article:publisher\" content=\"https:\/\/www.facebook.com\/profile.php?id=100008943462799\" \/>\n<meta property=\"article:published_time\" content=\"2022-11-03T12:55:18+00:00\" \/>\n<meta property=\"og:image\" content=\"https:\/\/www.bellunopress.it\/wp-content\/uploads\/2022\/11\/Anna-De-Paoli-SSD-Dolomiti-calcio_edited.jpg\" \/>\n\t<meta property=\"og:image:width\" content=\"1000\" \/>\n\t<meta property=\"og:image:height\" content=\"657\" \/>\n\t<meta property=\"og:image:type\" content=\"image\/jpeg\" \/>\n<meta name=\"author\" content=\"redazione\" \/>\n<meta name=\"twitter:card\" content=\"summary_large_image\" \/>\n<meta name=\"twitter:creator\" content=\"@bellunopress\" \/>\n<meta name=\"twitter:site\" content=\"@bellunopress\" \/>\n<meta name=\"twitter:label1\" content=\"Written by\" \/>\n\t<meta name=\"twitter:data1\" content=\"redazione\" \/>\n\t<meta name=\"twitter:label2\" content=\"Est. reading time\" \/>\n\t<meta name=\"twitter:data2\" content=\"2 minutes\" \/>\n<script type=\"application\/ld+json\" class=\"yoast-schema-graph\">{\"@context\":\"https:\\\/\\\/schema.org\",\"@graph\":[{\"@type\":\"Article\",\"@id\":\"https:\\\/\\\/www.bellunopress.it\\\/2022\\\/11\\\/03\\\/calcio-dolomitiche-di-nuovo-in-campo-con-la-grinta-della-de-paoli\\\/#article\",\"isPartOf\":{\"@id\":\"https:\\\/\\\/www.bellunopress.it\\\/2022\\\/11\\\/03\\\/calcio-dolomitiche-di-nuovo-in-campo-con-la-grinta-della-de-paoli\\\/\"},\"author\":{\"name\":\"redazione\",\"@id\":\"https:\\\/\\\/www.bellunopress.it\\\/#\\\/schema\\\/person\\\/79bb06722b37ece1c03d3e94beb30d73\"},\"headline\":\"Calcio. Dolomitiche di nuovo in campo con la grinta della De Paoli\",\"datePublished\":\"2022-11-03T12:55:18+00:00\",\"mainEntityOfPage\":{\"@id\":\"https:\\\/\\\/www.bellunopress.it\\\/2022\\\/11\\\/03\\\/calcio-dolomitiche-di-nuovo-in-campo-con-la-grinta-della-de-paoli\\\/\"},\"wordCount\":346,\"publisher\":{\"@id\":\"https:\\\/\\\/www.bellunopress.it\\\/#organization\"},\"image\":{\"@id\":\"https:\\\/\\\/www.bellunopress.it\\\/2022\\\/11\\\/03\\\/calcio-dolomitiche-di-nuovo-in-campo-con-la-grinta-della-de-paoli\\\/#primaryimage\"},\"thumbnailUrl\":\"https:\\\/\\\/www.bellunopress.it\\\/wp-content\\\/uploads\\\/2022\\\/11\\\/Anna-De-Paoli-SSD-Dolomiti-calcio_edited.jpg\",\"articleSection\":[\"Sport, tempo libero\"],\"inLanguage\":\"fr-FR\"},{\"@type\":\"WebPage\",\"@id\":\"https:\\\/\\\/www.bellunopress.it\\\/2022\\\/11\\\/03\\\/calcio-dolomitiche-di-nuovo-in-campo-con-la-grinta-della-de-paoli\\\/\",\"url\":\"https:\\\/\\\/www.bellunopress.it\\\/2022\\\/11\\\/03\\\/calcio-dolomitiche-di-nuovo-in-campo-con-la-grinta-della-de-paoli\\\/\",\"name\":\"Calcio. Dolomitiche di nuovo in campo con la grinta della De Paoli - Bellunopress - Dolomiti\",\"isPartOf\":{\"@id\":\"https:\\\/\\\/www.bellunopress.it\\\/#website\"},\"primaryImageOfPage\":{\"@id\":\"https:\\\/\\\/www.bellunopress.it\\\/2022\\\/11\\\/03\\\/calcio-dolomitiche-di-nuovo-in-campo-con-la-grinta-della-de-paoli\\\/#primaryimage\"},\"image\":{\"@id\":\"https:\\\/\\\/www.bellunopress.it\\\/2022\\\/11\\\/03\\\/calcio-dolomitiche-di-nuovo-in-campo-con-la-grinta-della-de-paoli\\\/#primaryimage\"},\"thumbnailUrl\":\"https:\\\/\\\/www.bellunopress.it\\\/wp-content\\\/uploads\\\/2022\\\/11\\\/Anna-De-Paoli-SSD-Dolomiti-calcio_edited.jpg\",\"datePublished\":\"2022-11-03T12:55:18+00:00\",\"breadcrumb\":{\"@id\":\"https:\\\/\\\/www.bellunopress.it\\\/2022\\\/11\\\/03\\\/calcio-dolomitiche-di-nuovo-in-campo-con-la-grinta-della-de-paoli\\\/#breadcrumb\"},\"inLanguage\":\"fr-FR\",\"potentialAction\":[{\"@type\":\"ReadAction\",\"target\":[\"https:\\\/\\\/www.bellunopress.it\\\/2022\\\/11\\\/03\\\/calcio-dolomitiche-di-nuovo-in-campo-con-la-grinta-della-de-paoli\\\/\"]}]},{\"@type\":\"ImageObject\",\"inLanguage\":\"fr-FR\",\"@id\":\"https:\\\/\\\/www.bellunopress.it\\\/2022\\\/11\\\/03\\\/calcio-dolomitiche-di-nuovo-in-campo-con-la-grinta-della-de-paoli\\\/#primaryimage\",\"url\":\"https:\\\/\\\/www.bellunopress.it\\\/wp-content\\\/uploads\\\/2022\\\/11\\\/Anna-De-Paoli-SSD-Dolomiti-calcio_edited.jpg\",\"contentUrl\":\"https:\\\/\\\/www.bellunopress.it\\\/wp-content\\\/uploads\\\/2022\\\/11\\\/Anna-De-Paoli-SSD-Dolomiti-calcio_edited.jpg\",\"width\":1000,\"height\":657},{\"@type\":\"BreadcrumbList\",\"@id\":\"https:\\\/\\\/www.bellunopress.it\\\/2022\\\/11\\\/03\\\/calcio-dolomitiche-di-nuovo-in-campo-con-la-grinta-della-de-paoli\\\/#breadcrumb\",\"itemListElement\":[{\"@type\":\"ListItem\",\"position\":1,\"name\":\"Home\",\"item\":\"https:\\\/\\\/www.bellunopress.it\\\/\"},{\"@type\":\"ListItem\",\"position\":2,\"name\":\"Calcio. Dolomitiche di nuovo in campo con la grinta della De Paoli\"}]},{\"@type\":\"WebSite\",\"@id\":\"https:\\\/\\\/www.bellunopress.it\\\/#website\",\"url\":\"https:\\\/\\\/www.bellunopress.it\\\/\",\"name\":\"Bellunopress - Dolomiti\",\"description\":\"e-mail: redazione@bellunopress.it\",\"publisher\":{\"@id\":\"https:\\\/\\\/www.bellunopress.it\\\/#organization\"},\"potentialAction\":[{\"@type\":\"SearchAction\",\"target\":{\"@type\":\"EntryPoint\",\"urlTemplate\":\"https:\\\/\\\/www.bellunopress.it\\\/?s={search_term_string}\"},\"query-input\":{\"@type\":\"PropertyValueSpecification\",\"valueRequired\":true,\"valueName\":\"search_term_string\"}}],\"inLanguage\":\"fr-FR\"},{\"@type\":\"Organization\",\"@id\":\"https:\\\/\\\/www.bellunopress.it\\\/#organization\",\"name\":\"Bellunopress\",\"url\":\"https:\\\/\\\/www.bellunopress.it\\\/\",\"logo\":{\"@type\":\"ImageObject\",\"inLanguage\":\"fr-FR\",\"@id\":\"https:\\\/\\\/www.bellunopress.it\\\/#\\\/schema\\\/logo\\\/image\\\/\",\"url\":\"https:\\\/\\\/www.bellunopress.it\\\/wp-content\\\/uploads\\\/2011\\\/05\\\/cropped-logo-bellunopress-.jpg\",\"contentUrl\":\"https:\\\/\\\/www.bellunopress.it\\\/wp-content\\\/uploads\\\/2011\\\/05\\\/cropped-logo-bellunopress-.jpg\",\"width\":512,\"height\":512,\"caption\":\"Bellunopress\"},\"image\":{\"@id\":\"https:\\\/\\\/www.bellunopress.it\\\/#\\\/schema\\\/logo\\\/image\\\/\"},\"sameAs\":[\"https:\\\/\\\/www.facebook.com\\\/profile.php?id=100008943462799\",\"https:\\\/\\\/x.com\\\/bellunopress\",\"https:\\\/\\\/www.linkedin.com\\\/hp\\\/?dnr=JBzUWaJfMUw8vbXJJ2tVW5-I3jZKvC4wsoxE&amp;amp;amp;amp;amp;amp;trk=nav_responsive_tab_home\",\"https:\\\/\\\/www.youtube.com\\\/channel\\\/UCxL0wu1uN0_3_7hGG0306cw\"]},{\"@type\":\"Person\",\"@id\":\"https:\\\/\\\/www.bellunopress.it\\\/#\\\/schema\\\/person\\\/79bb06722b37ece1c03d3e94beb30d73\",\"name\":\"redazione\",\"image\":{\"@type\":\"ImageObject\",\"inLanguage\":\"fr-FR\",\"@id\":\"https:\\\/\\\/secure.gravatar.com\\\/avatar\\\/37d968a2e67a6fd04c169c4bdef102d0bc5d31b2546345219e348575eb80e9a0?s=96&d=mm&r=g\",\"url\":\"https:\\\/\\\/secure.gravatar.com\\\/avatar\\\/37d968a2e67a6fd04c169c4bdef102d0bc5d31b2546345219e348575eb80e9a0?s=96&d=mm&r=g\",\"contentUrl\":\"https:\\\/\\\/secure.gravatar.com\\\/avatar\\\/37d968a2e67a6fd04c169c4bdef102d0bc5d31b2546345219e348575eb80e9a0?s=96&d=mm&r=g\",\"caption\":\"redazione\"},\"sameAs\":[\"http:\\\/\\\/www.bellunopress.it\",\"https:\\\/\\\/x.com\\\/bellunopress\"],\"url\":\"https:\\\/\\\/www.bellunopress.it\\\/fr\\\/author\\\/redazione\\\/\"}]}<\/script>\n<!-- \/ Yoast SEO plugin. -->","yoast_head_json":{"title":"Calcio. Dolomitiche di nuovo in campo con la grinta della De Paoli - Bellunopress - Dolomiti","robots":{"index":"index","follow":"follow","max-snippet":"max-snippet:-1","max-image-preview":"max-image-preview:large","max-video-preview":"max-video-preview:-1"},"canonical":"https:\/\/www.bellunopress.it\/fr\/2022\/11\/03\/calcio-dolomitiche-di-nuovo-in-campo-con-la-grinta-della-de-paoli\/","og_locale":"fr_FR","og_type":"article","og_title":"Calcio. Dolomitiche di nuovo in campo con la grinta della De Paoli - Bellunopress - Dolomiti","og_description":"Dopo un fine settimana di riposo, la SSD Dolomiti Bellunesi \u00e8 pronta a riaffacciarsi al campionato femminile di Eccellenza. Lo far\u00e0 domenica 6 novembre ma, rispetto al calendario di partenza, non si esibir\u00e0 di fronte al pubblico, bens\u00ec in trasferta: a Vittorio Veneto. \u00c8 ufficiale, infatti, l&#8217;inversione di campo. Come \u00e8 ufficiale l&#8217;orario d&#8217;inizio del [&hellip;]","og_url":"https:\/\/www.bellunopress.it\/fr\/2022\/11\/03\/calcio-dolomitiche-di-nuovo-in-campo-con-la-grinta-della-de-paoli\/","og_site_name":"Bellunopress - Dolomiti","article_publisher":"https:\/\/www.facebook.com\/profile.php?id=100008943462799","article_published_time":"2022-11-03T12:55:18+00:00","og_image":[{"width":1000,"height":657,"url":"https:\/\/www.bellunopress.it\/wp-content\/uploads\/2022\/11\/Anna-De-Paoli-SSD-Dolomiti-calcio_edited.jpg","type":"image\/jpeg"}],"author":"redazione","twitter_card":"summary_large_image","twitter_creator":"@bellunopress","twitter_site":"@bellunopress","twitter_misc":{"Written by":"redazione","Est. reading time":"2 minutes"},"schema":{"@context":"https:\/\/schema.org","@graph":[{"@type":"Article","@id":"https:\/\/www.bellunopress.it\/2022\/11\/03\/calcio-dolomitiche-di-nuovo-in-campo-con-la-grinta-della-de-paoli\/#article","isPartOf":{"@id":"https:\/\/www.bellunopress.it\/2022\/11\/03\/calcio-dolomitiche-di-nuovo-in-campo-con-la-grinta-della-de-paoli\/"},"author":{"name":"redazione","@id":"https:\/\/www.bellunopress.it\/#\/schema\/person\/79bb06722b37ece1c03d3e94beb30d73"},"headline":"Calcio. Dolomitiche di nuovo in campo con la grinta della De Paoli","datePublished":"2022-11-03T12:55:18+00:00","mainEntityOfPage":{"@id":"https:\/\/www.bellunopress.it\/2022\/11\/03\/calcio-dolomitiche-di-nuovo-in-campo-con-la-grinta-della-de-paoli\/"},"wordCount":346,"publisher":{"@id":"https:\/\/www.bellunopress.it\/#organization"},"image":{"@id":"https:\/\/www.bellunopress.it\/2022\/11\/03\/calcio-dolomitiche-di-nuovo-in-campo-con-la-grinta-della-de-paoli\/#primaryimage"},"thumbnailUrl":"https:\/\/www.bellunopress.it\/wp-content\/uploads\/2022\/11\/Anna-De-Paoli-SSD-Dolomiti-calcio_edited.jpg","articleSection":["Sport, tempo libero"],"inLanguage":"fr-FR"},{"@type":"WebPage","@id":"https:\/\/www.bellunopress.it\/2022\/11\/03\/calcio-dolomitiche-di-nuovo-in-campo-con-la-grinta-della-de-paoli\/","url":"https:\/\/www.bellunopress.it\/2022\/11\/03\/calcio-dolomitiche-di-nuovo-in-campo-con-la-grinta-della-de-paoli\/","name":"Calcio. Dolomitiche di nuovo in campo con la grinta della De Paoli - Bellunopress - Dolomiti","isPartOf":{"@id":"https:\/\/www.bellunopress.it\/#website"},"primaryImageOfPage":{"@id":"https:\/\/www.bellunopress.it\/2022\/11\/03\/calcio-dolomitiche-di-nuovo-in-campo-con-la-grinta-della-de-paoli\/#primaryimage"},"image":{"@id":"https:\/\/www.bellunopress.it\/2022\/11\/03\/calcio-dolomitiche-di-nuovo-in-campo-con-la-grinta-della-de-paoli\/#primaryimage"},"thumbnailUrl":"https:\/\/www.bellunopress.it\/wp-content\/uploads\/2022\/11\/Anna-De-Paoli-SSD-Dolomiti-calcio_edited.jpg","datePublished":"2022-11-03T12:55:18+00:00","breadcrumb":{"@id":"https:\/\/www.bellunopress.it\/2022\/11\/03\/calcio-dolomitiche-di-nuovo-in-campo-con-la-grinta-della-de-paoli\/#breadcrumb"},"inLanguage":"fr-FR","potentialAction":[{"@type":"ReadAction","target":["https:\/\/www.bellunopress.it\/2022\/11\/03\/calcio-dolomitiche-di-nuovo-in-campo-con-la-grinta-della-de-paoli\/"]}]},{"@type":"ImageObject","inLanguage":"fr-FR","@id":"https:\/\/www.bellunopress.it\/2022\/11\/03\/calcio-dolomitiche-di-nuovo-in-campo-con-la-grinta-della-de-paoli\/#primaryimage","url":"https:\/\/www.bellunopress.it\/wp-content\/uploads\/2022\/11\/Anna-De-Paoli-SSD-Dolomiti-calcio_edited.jpg","contentUrl":"https:\/\/www.bellunopress.it\/wp-content\/uploads\/2022\/11\/Anna-De-Paoli-SSD-Dolomiti-calcio_edited.jpg","width":1000,"height":657},{"@type":"BreadcrumbList","@id":"https:\/\/www.bellunopress.it\/2022\/11\/03\/calcio-dolomitiche-di-nuovo-in-campo-con-la-grinta-della-de-paoli\/#breadcrumb","itemListElement":[{"@type":"ListItem","position":1,"name":"Home","item":"https:\/\/www.bellunopress.it\/"},{"@type":"ListItem","position":2,"name":"Calcio. Dolomitiche di nuovo in campo con la grinta della De Paoli"}]},{"@type":"WebSite","@id":"https:\/\/www.bellunopress.it\/#website","url":"https:\/\/www.bellunopress.it\/","name":"Bellunopress - Dolomiti","description":"e-mail: redazione@bellunopress.it","publisher":{"@id":"https:\/\/www.bellunopress.it\/#organization"},"potentialAction":[{"@type":"SearchAction","target":{"@type":"EntryPoint","urlTemplate":"https:\/\/www.bellunopress.it\/?s={search_term_string}"},"query-input":{"@type":"PropertyValueSpecification","valueRequired":true,"valueName":"search_term_string"}}],"inLanguage":"fr-FR"},{"@type":"Organization","@id":"https:\/\/www.bellunopress.it\/#organization","name":"Bellunopress","url":"https:\/\/www.bellunopress.it\/","logo":{"@type":"ImageObject","inLanguage":"fr-FR","@id":"https:\/\/www.bellunopress.it\/#\/schema\/logo\/image\/","url":"https:\/\/www.bellunopress.it\/wp-content\/uploads\/2011\/05\/cropped-logo-bellunopress-.jpg","contentUrl":"https:\/\/www.bellunopress.it\/wp-content\/uploads\/2011\/05\/cropped-logo-bellunopress-.jpg","width":512,"height":512,"caption":"Bellunopress"},"image":{"@id":"https:\/\/www.bellunopress.it\/#\/schema\/logo\/image\/"},"sameAs":["https:\/\/www.facebook.com\/profile.php?id=100008943462799","https:\/\/x.com\/bellunopress","https:\/\/www.linkedin.com\/hp\/?dnr=JBzUWaJfMUw8vbXJJ2tVW5-I3jZKvC4wsoxE&amp;amp;amp;amp;amp;amp;trk=nav_responsive_tab_home","https:\/\/www.youtube.com\/channel\/UCxL0wu1uN0_3_7hGG0306cw"]},{"@type":"Person","@id":"https:\/\/www.bellunopress.it\/#\/schema\/person\/79bb06722b37ece1c03d3e94beb30d73","name":"r\u00e9daction","image":{"@type":"ImageObject","inLanguage":"fr-FR","@id":"https:\/\/secure.gravatar.com\/avatar\/37d968a2e67a6fd04c169c4bdef102d0bc5d31b2546345219e348575eb80e9a0?s=96&d=mm&r=g","url":"https:\/\/secure.gravatar.com\/avatar\/37d968a2e67a6fd04c169c4bdef102d0bc5d31b2546345219e348575eb80e9a0?s=96&d=mm&r=g","contentUrl":"https:\/\/secure.gravatar.com\/avatar\/37d968a2e67a6fd04c169c4bdef102d0bc5d31b2546345219e348575eb80e9a0?s=96&d=mm&r=g","caption":"redazione"},"sameAs":["http:\/\/www.bellunopress.it","https:\/\/x.com\/bellunopress"],"url":"https:\/\/www.bellunopress.it\/fr\/author\/redazione\/"}]}},"_links":{"self":[{"href":"https:\/\/www.bellunopress.it\/fr\/wp-json\/wp\/v2\/posts\/137424","targetHints":{"allow":["GET"]}}],"collection":[{"href":"https:\/\/www.bellunopress.it\/fr\/wp-json\/wp\/v2\/posts"}],"about":[{"href":"https:\/\/www.bellunopress.it\/fr\/wp-json\/wp\/v2\/types\/post"}],"author":[{"embeddable":true,"href":"https:\/\/www.bellunopress.it\/fr\/wp-json\/wp\/v2\/users\/2"}],"replies":[{"embeddable":true,"href":"https:\/\/www.bellunopress.it\/fr\/wp-json\/wp\/v2\/comments?post=137424"}],"version-history":[{"count":1,"href":"https:\/\/www.bellunopress.it\/fr\/wp-json\/wp\/v2\/posts\/137424\/revisions"}],"predecessor-version":[{"id":137426,"href":"https:\/\/www.bellunopress.it\/fr\/wp-json\/wp\/v2\/posts\/137424\/revisions\/137426"}],"wp:featuredmedia":[{"embeddable":true,"href":"https:\/\/www.bellunopress.it\/fr\/wp-json\/wp\/v2\/media\/137425"}],"wp:attachment":[{"href":"https:\/\/www.bellunopress.it\/fr\/wp-json\/wp\/v2\/media?parent=137424"}],"wp:term":[{"taxonomy":"category","embeddable":true,"href":"https:\/\/www.bellunopress.it\/fr\/wp-json\/wp\/v2\/categories?post=137424"},{"taxonomy":"post_tag","embeddable":true,"href":"https:\/\/www.bellunopress.it\/fr\/wp-json\/wp\/v2\/tags?post=137424"}],"curies":[{"name":"wp","href":"https:\/\/api.w.org\/{rel}","templated":true}]}}