{"id":137422,"date":"2022-11-03T10:20:11","date_gmt":"2022-11-03T09:20:11","guid":{"rendered":"https:\/\/www.bellunopress.it\/?p=137422"},"modified":"2022-11-03T10:20:11","modified_gmt":"2022-11-03T09:20:11","slug":"comunita-solari-serata-informativa-con-il-prof-setti-a-ponte-nelle-alpi","status":"publish","type":"post","link":"https:\/\/www.bellunopress.it\/fr\/2022\/11\/03\/comunita-solari-serata-informativa-con-il-prof-setti-a-ponte-nelle-alpi\/","title":{"rendered":"Comunit\u00e0 solari. Serata informativa con il prof Setti a Ponte nelle Alpi"},"content":{"rendered":"<figure id=\"attachment_135787\" aria-describedby=\"caption-attachment-135787\" style=\"width: 1000px\" class=\"wp-caption alignleft\"><img loading=\"lazy\" decoding=\"async\" class=\"size-full wp-image-135787\" src=\"https:\/\/www.bellunopress.it\/wp-content\/uploads\/2022\/08\/Divertiti_con_noi_edited.jpg\" alt=\"Divertiti con noi ex Casa Rossa Ponte nelle Alpi\" width=\"1000\" height=\"584\" srcset=\"https:\/\/www.bellunopress.it\/wp-content\/uploads\/2022\/08\/Divertiti_con_noi_edited.jpg 1000w, https:\/\/www.bellunopress.it\/wp-content\/uploads\/2022\/08\/Divertiti_con_noi_edited-500x292.jpg 500w, https:\/\/www.bellunopress.it\/wp-content\/uploads\/2022\/08\/Divertiti_con_noi_edited-696x406.jpg 696w, https:\/\/www.bellunopress.it\/wp-content\/uploads\/2022\/08\/Divertiti_con_noi_edited-719x420.jpg 719w\" sizes=\"auto, (max-width: 1000px) 100vw, 1000px\" \/><figcaption id=\"caption-attachment-135787\" class=\"wp-caption-text\">Sala Parco ex Casa Rossa Ponte nelle Alpi<\/figcaption><\/figure>\n<p>&#8220;Comunit\u00e0 solari e comunit\u00e0 energetiche: le sinergie per lo sviluppo di un&#8217;energia condivisa&#8221;: \u00e8 il tema al centro della serata di approfondimento, promossa dal Comune di Ponte nelle Alpi e in calendario venerd\u00ec 4 novembre alle ore 20.30 nella sala riunioni del Parco Ex Casa Rossa.<\/p>\n<p>Un tema che verr\u00e0 sviscerato da un grande esperto come il professor Leonardo Setti dell&#8217;Universit\u00e0 di Bologna: \u00abLe comunit\u00e0 solari non sono alternative alle Comunit\u00e0 energetiche &#8211; afferma l&#8217;assessore comunale all&#8217;Ambiente, Pierluigi Dal Borgo &#8211; ma rappresentano un&#8217;opportunit\u00e0 in pi\u00f9 e un&#8217;importante integrazione al progetto gi\u00e0 partito nel territorio. Soprattutto nel momento in cui parliamo di fotovoltaico: prendendo in considerazione i tetti dei nostri edifici, emerge una potenzialit\u00e0 di 250 kw, che potremo mettere a disposizione delle comunit\u00e0 solari\u00bb.<\/p>\n<p>Le stesse Comunit\u00e0 hanno natura privata: \u00abIn questo senso &#8211; prosegue Dal Borgo &#8211; la gestione \u00e8 pi\u00f9 snella e la struttura meno macchinosa, mentre gli incentivi sono rilevanti. Ad ogni modo, vogliamo avere determinate garanzie e capire meglio alcuni aspetti. La serata con il professor Setti servir\u00e0 soprattutto a questo: a conoscere e a chiarire i dubbi\u00bb. Non sar\u00e0 necessario affidarsi a un amministratore: \u00abPenser\u00e0 un software, realizzato dall&#8217;azienda bellunese Higeco Energy, a monitorare i consumi energetici\u00bb.<\/p>\n<p>Sempre all&#8217;interno della serata al Parco Ex Casa Rossa, verr\u00e0 poi presentato lo Sportello Energia&amp;Clima 2000: si tratta di un progetto intercomunale, vinto con un bando europeo e attivo in Valbelluna, orientato a promuovere interventi e iniziative nel campo dell&#8217;efficienza energetica. Ma anche a coinvolgere i giovani su tematiche di insistente attualit\u00e0.<\/p>","protected":false},"excerpt":{"rendered":"<p>&#8220;Comunit\u00e0 solari e comunit\u00e0 energetiche: le sinergie per lo sviluppo di un&#8217;energia condivisa&#8221;: \u00e8 il tema al centro della serata di approfondimento, promossa dal Comune di Ponte nelle Alpi e in calendario venerd\u00ec 4 novembre alle ore 20.30 nella sala riunioni del Parco Ex Casa Rossa. Un tema che verr\u00e0 sviscerato da un grande esperto [&hellip;]<\/p>\n","protected":false},"author":2,"featured_media":135787,"comment_status":"closed","ping_status":"open","sticky":false,"template":"","format":"standard","meta":{"footnotes":""},"categories":[27,8],"tags":[],"class_list":["post-137422","post","type-post","status-publish","format-standard","has-post-thumbnail","category-appuntamenti","category-societa-istituzioni"],"yoast_head":"<!-- This site is optimized with the Yoast SEO plugin v28.4 - https:\/\/yoast.com\/product\/yoast-seo-wordpress\/ -->\n<title>Comunit\u00e0 solari. Serata informativa con il prof Setti a Ponte nelle Alpi - Bellunopress - Dolomiti<\/title>\n<meta name=\"robots\" content=\"index, follow, max-snippet:-1, max-image-preview:large, max-video-preview:-1\" \/>\n<link rel=\"canonical\" href=\"https:\/\/www.bellunopress.it\/fr\/2022\/11\/03\/comunita-solari-serata-informativa-con-il-prof-setti-a-ponte-nelle-alpi\/\" \/>\n<meta property=\"og:locale\" content=\"fr_FR\" \/>\n<meta property=\"og:type\" content=\"article\" \/>\n<meta property=\"og:title\" content=\"Comunit\u00e0 solari. Serata informativa con il prof Setti a Ponte nelle Alpi - Bellunopress - Dolomiti\" \/>\n<meta property=\"og:description\" content=\"&#8220;Comunit\u00e0 solari e comunit\u00e0 energetiche: le sinergie per lo sviluppo di un&#8217;energia condivisa&#8221;: \u00e8 il tema al centro della serata di approfondimento, promossa dal Comune di Ponte nelle Alpi e in calendario venerd\u00ec 4 novembre alle ore 20.30 nella sala riunioni del Parco Ex Casa Rossa. Un tema che verr\u00e0 sviscerato da un grande esperto [&hellip;]\" \/>\n<meta property=\"og:url\" content=\"https:\/\/www.bellunopress.it\/fr\/2022\/11\/03\/comunita-solari-serata-informativa-con-il-prof-setti-a-ponte-nelle-alpi\/\" \/>\n<meta property=\"og:site_name\" content=\"Bellunopress - Dolomiti\" \/>\n<meta property=\"article:publisher\" content=\"https:\/\/www.facebook.com\/profile.php?id=100008943462799\" \/>\n<meta property=\"article:published_time\" content=\"2022-11-03T09:20:11+00:00\" \/>\n<meta property=\"og:image\" content=\"https:\/\/www.bellunopress.it\/wp-content\/uploads\/2022\/08\/Divertiti_con_noi_edited.jpg\" \/>\n\t<meta property=\"og:image:width\" content=\"1000\" \/>\n\t<meta property=\"og:image:height\" content=\"584\" \/>\n\t<meta property=\"og:image:type\" content=\"image\/jpeg\" \/>\n<meta name=\"author\" content=\"redazione\" \/>\n<meta name=\"twitter:card\" content=\"summary_large_image\" \/>\n<meta name=\"twitter:creator\" content=\"@bellunopress\" \/>\n<meta name=\"twitter:site\" content=\"@bellunopress\" \/>\n<meta name=\"twitter:label1\" content=\"Written by\" \/>\n\t<meta name=\"twitter:data1\" content=\"redazione\" \/>\n\t<meta name=\"twitter:label2\" content=\"Est. reading time\" \/>\n\t<meta name=\"twitter:data2\" content=\"2 minutes\" \/>\n<script type=\"application\/ld+json\" class=\"yoast-schema-graph\">{\"@context\":\"https:\\\/\\\/schema.org\",\"@graph\":[{\"@type\":\"Article\",\"@id\":\"https:\\\/\\\/www.bellunopress.it\\\/2022\\\/11\\\/03\\\/comunita-solari-serata-informativa-con-il-prof-setti-a-ponte-nelle-alpi\\\/#article\",\"isPartOf\":{\"@id\":\"https:\\\/\\\/www.bellunopress.it\\\/2022\\\/11\\\/03\\\/comunita-solari-serata-informativa-con-il-prof-setti-a-ponte-nelle-alpi\\\/\"},\"author\":{\"name\":\"redazione\",\"@id\":\"https:\\\/\\\/www.bellunopress.it\\\/#\\\/schema\\\/person\\\/79bb06722b37ece1c03d3e94beb30d73\"},\"headline\":\"Comunit\u00e0 solari. Serata informativa con il prof Setti a Ponte nelle Alpi\",\"datePublished\":\"2022-11-03T09:20:11+00:00\",\"mainEntityOfPage\":{\"@id\":\"https:\\\/\\\/www.bellunopress.it\\\/2022\\\/11\\\/03\\\/comunita-solari-serata-informativa-con-il-prof-setti-a-ponte-nelle-alpi\\\/\"},\"wordCount\":287,\"publisher\":{\"@id\":\"https:\\\/\\\/www.bellunopress.it\\\/#organization\"},\"image\":{\"@id\":\"https:\\\/\\\/www.bellunopress.it\\\/2022\\\/11\\\/03\\\/comunita-solari-serata-informativa-con-il-prof-setti-a-ponte-nelle-alpi\\\/#primaryimage\"},\"thumbnailUrl\":\"https:\\\/\\\/www.bellunopress.it\\\/wp-content\\\/uploads\\\/2022\\\/08\\\/Divertiti_con_noi_edited.jpg\",\"articleSection\":[\"Appuntamenti, Eventi\",\"Societ\u00e0, Associazioni, Istituzioni\"],\"inLanguage\":\"fr-FR\"},{\"@type\":\"WebPage\",\"@id\":\"https:\\\/\\\/www.bellunopress.it\\\/2022\\\/11\\\/03\\\/comunita-solari-serata-informativa-con-il-prof-setti-a-ponte-nelle-alpi\\\/\",\"url\":\"https:\\\/\\\/www.bellunopress.it\\\/2022\\\/11\\\/03\\\/comunita-solari-serata-informativa-con-il-prof-setti-a-ponte-nelle-alpi\\\/\",\"name\":\"Comunit\u00e0 solari. Serata informativa con il prof Setti a Ponte nelle Alpi - Bellunopress - Dolomiti\",\"isPartOf\":{\"@id\":\"https:\\\/\\\/www.bellunopress.it\\\/#website\"},\"primaryImageOfPage\":{\"@id\":\"https:\\\/\\\/www.bellunopress.it\\\/2022\\\/11\\\/03\\\/comunita-solari-serata-informativa-con-il-prof-setti-a-ponte-nelle-alpi\\\/#primaryimage\"},\"image\":{\"@id\":\"https:\\\/\\\/www.bellunopress.it\\\/2022\\\/11\\\/03\\\/comunita-solari-serata-informativa-con-il-prof-setti-a-ponte-nelle-alpi\\\/#primaryimage\"},\"thumbnailUrl\":\"https:\\\/\\\/www.bellunopress.it\\\/wp-content\\\/uploads\\\/2022\\\/08\\\/Divertiti_con_noi_edited.jpg\",\"datePublished\":\"2022-11-03T09:20:11+00:00\",\"breadcrumb\":{\"@id\":\"https:\\\/\\\/www.bellunopress.it\\\/2022\\\/11\\\/03\\\/comunita-solari-serata-informativa-con-il-prof-setti-a-ponte-nelle-alpi\\\/#breadcrumb\"},\"inLanguage\":\"fr-FR\",\"potentialAction\":[{\"@type\":\"ReadAction\",\"target\":[\"https:\\\/\\\/www.bellunopress.it\\\/2022\\\/11\\\/03\\\/comunita-solari-serata-informativa-con-il-prof-setti-a-ponte-nelle-alpi\\\/\"]}]},{\"@type\":\"ImageObject\",\"inLanguage\":\"fr-FR\",\"@id\":\"https:\\\/\\\/www.bellunopress.it\\\/2022\\\/11\\\/03\\\/comunita-solari-serata-informativa-con-il-prof-setti-a-ponte-nelle-alpi\\\/#primaryimage\",\"url\":\"https:\\\/\\\/www.bellunopress.it\\\/wp-content\\\/uploads\\\/2022\\\/08\\\/Divertiti_con_noi_edited.jpg\",\"contentUrl\":\"https:\\\/\\\/www.bellunopress.it\\\/wp-content\\\/uploads\\\/2022\\\/08\\\/Divertiti_con_noi_edited.jpg\",\"width\":1000,\"height\":584,\"caption\":\"Sala Parco ex Casa Rossa Ponte nelle Alpi\"},{\"@type\":\"BreadcrumbList\",\"@id\":\"https:\\\/\\\/www.bellunopress.it\\\/2022\\\/11\\\/03\\\/comunita-solari-serata-informativa-con-il-prof-setti-a-ponte-nelle-alpi\\\/#breadcrumb\",\"itemListElement\":[{\"@type\":\"ListItem\",\"position\":1,\"name\":\"Home\",\"item\":\"https:\\\/\\\/www.bellunopress.it\\\/\"},{\"@type\":\"ListItem\",\"position\":2,\"name\":\"Comunit\u00e0 solari. Serata informativa con il prof Setti a Ponte nelle Alpi\"}]},{\"@type\":\"WebSite\",\"@id\":\"https:\\\/\\\/www.bellunopress.it\\\/#website\",\"url\":\"https:\\\/\\\/www.bellunopress.it\\\/\",\"name\":\"Bellunopress - Dolomiti\",\"description\":\"e-mail: redazione@bellunopress.it\",\"publisher\":{\"@id\":\"https:\\\/\\\/www.bellunopress.it\\\/#organization\"},\"potentialAction\":[{\"@type\":\"SearchAction\",\"target\":{\"@type\":\"EntryPoint\",\"urlTemplate\":\"https:\\\/\\\/www.bellunopress.it\\\/?s={search_term_string}\"},\"query-input\":{\"@type\":\"PropertyValueSpecification\",\"valueRequired\":true,\"valueName\":\"search_term_string\"}}],\"inLanguage\":\"fr-FR\"},{\"@type\":\"Organization\",\"@id\":\"https:\\\/\\\/www.bellunopress.it\\\/#organization\",\"name\":\"Bellunopress\",\"url\":\"https:\\\/\\\/www.bellunopress.it\\\/\",\"logo\":{\"@type\":\"ImageObject\",\"inLanguage\":\"fr-FR\",\"@id\":\"https:\\\/\\\/www.bellunopress.it\\\/#\\\/schema\\\/logo\\\/image\\\/\",\"url\":\"https:\\\/\\\/www.bellunopress.it\\\/wp-content\\\/uploads\\\/2011\\\/05\\\/cropped-logo-bellunopress-.jpg\",\"contentUrl\":\"https:\\\/\\\/www.bellunopress.it\\\/wp-content\\\/uploads\\\/2011\\\/05\\\/cropped-logo-bellunopress-.jpg\",\"width\":512,\"height\":512,\"caption\":\"Bellunopress\"},\"image\":{\"@id\":\"https:\\\/\\\/www.bellunopress.it\\\/#\\\/schema\\\/logo\\\/image\\\/\"},\"sameAs\":[\"https:\\\/\\\/www.facebook.com\\\/profile.php?id=100008943462799\",\"https:\\\/\\\/x.com\\\/bellunopress\",\"https:\\\/\\\/www.linkedin.com\\\/hp\\\/?dnr=JBzUWaJfMUw8vbXJJ2tVW5-I3jZKvC4wsoxE&amp;amp;amp;amp;amp;amp;trk=nav_responsive_tab_home\",\"https:\\\/\\\/www.youtube.com\\\/channel\\\/UCxL0wu1uN0_3_7hGG0306cw\"]},{\"@type\":\"Person\",\"@id\":\"https:\\\/\\\/www.bellunopress.it\\\/#\\\/schema\\\/person\\\/79bb06722b37ece1c03d3e94beb30d73\",\"name\":\"redazione\",\"image\":{\"@type\":\"ImageObject\",\"inLanguage\":\"fr-FR\",\"@id\":\"https:\\\/\\\/secure.gravatar.com\\\/avatar\\\/37d968a2e67a6fd04c169c4bdef102d0bc5d31b2546345219e348575eb80e9a0?s=96&d=mm&r=g\",\"url\":\"https:\\\/\\\/secure.gravatar.com\\\/avatar\\\/37d968a2e67a6fd04c169c4bdef102d0bc5d31b2546345219e348575eb80e9a0?s=96&d=mm&r=g\",\"contentUrl\":\"https:\\\/\\\/secure.gravatar.com\\\/avatar\\\/37d968a2e67a6fd04c169c4bdef102d0bc5d31b2546345219e348575eb80e9a0?s=96&d=mm&r=g\",\"caption\":\"redazione\"},\"sameAs\":[\"http:\\\/\\\/www.bellunopress.it\",\"https:\\\/\\\/x.com\\\/bellunopress\"],\"url\":\"https:\\\/\\\/www.bellunopress.it\\\/fr\\\/author\\\/redazione\\\/\"}]}<\/script>\n<!-- \/ Yoast SEO plugin. -->","yoast_head_json":{"title":"Comunit\u00e0 solari. Serata informativa con il prof Setti a Ponte nelle Alpi - Bellunopress - Dolomiti","robots":{"index":"index","follow":"follow","max-snippet":"max-snippet:-1","max-image-preview":"max-image-preview:large","max-video-preview":"max-video-preview:-1"},"canonical":"https:\/\/www.bellunopress.it\/fr\/2022\/11\/03\/comunita-solari-serata-informativa-con-il-prof-setti-a-ponte-nelle-alpi\/","og_locale":"fr_FR","og_type":"article","og_title":"Comunit\u00e0 solari. Serata informativa con il prof Setti a Ponte nelle Alpi - Bellunopress - Dolomiti","og_description":"&#8220;Comunit\u00e0 solari e comunit\u00e0 energetiche: le sinergie per lo sviluppo di un&#8217;energia condivisa&#8221;: \u00e8 il tema al centro della serata di approfondimento, promossa dal Comune di Ponte nelle Alpi e in calendario venerd\u00ec 4 novembre alle ore 20.30 nella sala riunioni del Parco Ex Casa Rossa. Un tema che verr\u00e0 sviscerato da un grande esperto [&hellip;]","og_url":"https:\/\/www.bellunopress.it\/fr\/2022\/11\/03\/comunita-solari-serata-informativa-con-il-prof-setti-a-ponte-nelle-alpi\/","og_site_name":"Bellunopress - Dolomiti","article_publisher":"https:\/\/www.facebook.com\/profile.php?id=100008943462799","article_published_time":"2022-11-03T09:20:11+00:00","og_image":[{"width":1000,"height":584,"url":"https:\/\/www.bellunopress.it\/wp-content\/uploads\/2022\/08\/Divertiti_con_noi_edited.jpg","type":"image\/jpeg"}],"author":"redazione","twitter_card":"summary_large_image","twitter_creator":"@bellunopress","twitter_site":"@bellunopress","twitter_misc":{"Written by":"redazione","Est. reading time":"2 minutes"},"schema":{"@context":"https:\/\/schema.org","@graph":[{"@type":"Article","@id":"https:\/\/www.bellunopress.it\/2022\/11\/03\/comunita-solari-serata-informativa-con-il-prof-setti-a-ponte-nelle-alpi\/#article","isPartOf":{"@id":"https:\/\/www.bellunopress.it\/2022\/11\/03\/comunita-solari-serata-informativa-con-il-prof-setti-a-ponte-nelle-alpi\/"},"author":{"name":"redazione","@id":"https:\/\/www.bellunopress.it\/#\/schema\/person\/79bb06722b37ece1c03d3e94beb30d73"},"headline":"Comunit\u00e0 solari. Serata informativa con il prof Setti a Ponte nelle Alpi","datePublished":"2022-11-03T09:20:11+00:00","mainEntityOfPage":{"@id":"https:\/\/www.bellunopress.it\/2022\/11\/03\/comunita-solari-serata-informativa-con-il-prof-setti-a-ponte-nelle-alpi\/"},"wordCount":287,"publisher":{"@id":"https:\/\/www.bellunopress.it\/#organization"},"image":{"@id":"https:\/\/www.bellunopress.it\/2022\/11\/03\/comunita-solari-serata-informativa-con-il-prof-setti-a-ponte-nelle-alpi\/#primaryimage"},"thumbnailUrl":"https:\/\/www.bellunopress.it\/wp-content\/uploads\/2022\/08\/Divertiti_con_noi_edited.jpg","articleSection":["Appuntamenti, Eventi","Societ\u00e0, Associazioni, Istituzioni"],"inLanguage":"fr-FR"},{"@type":"WebPage","@id":"https:\/\/www.bellunopress.it\/2022\/11\/03\/comunita-solari-serata-informativa-con-il-prof-setti-a-ponte-nelle-alpi\/","url":"https:\/\/www.bellunopress.it\/2022\/11\/03\/comunita-solari-serata-informativa-con-il-prof-setti-a-ponte-nelle-alpi\/","name":"Comunit\u00e0 solari. Serata informativa con il prof Setti a Ponte nelle Alpi - Bellunopress - Dolomiti","isPartOf":{"@id":"https:\/\/www.bellunopress.it\/#website"},"primaryImageOfPage":{"@id":"https:\/\/www.bellunopress.it\/2022\/11\/03\/comunita-solari-serata-informativa-con-il-prof-setti-a-ponte-nelle-alpi\/#primaryimage"},"image":{"@id":"https:\/\/www.bellunopress.it\/2022\/11\/03\/comunita-solari-serata-informativa-con-il-prof-setti-a-ponte-nelle-alpi\/#primaryimage"},"thumbnailUrl":"https:\/\/www.bellunopress.it\/wp-content\/uploads\/2022\/08\/Divertiti_con_noi_edited.jpg","datePublished":"2022-11-03T09:20:11+00:00","breadcrumb":{"@id":"https:\/\/www.bellunopress.it\/2022\/11\/03\/comunita-solari-serata-informativa-con-il-prof-setti-a-ponte-nelle-alpi\/#breadcrumb"},"inLanguage":"fr-FR","potentialAction":[{"@type":"ReadAction","target":["https:\/\/www.bellunopress.it\/2022\/11\/03\/comunita-solari-serata-informativa-con-il-prof-setti-a-ponte-nelle-alpi\/"]}]},{"@type":"ImageObject","inLanguage":"fr-FR","@id":"https:\/\/www.bellunopress.it\/2022\/11\/03\/comunita-solari-serata-informativa-con-il-prof-setti-a-ponte-nelle-alpi\/#primaryimage","url":"https:\/\/www.bellunopress.it\/wp-content\/uploads\/2022\/08\/Divertiti_con_noi_edited.jpg","contentUrl":"https:\/\/www.bellunopress.it\/wp-content\/uploads\/2022\/08\/Divertiti_con_noi_edited.jpg","width":1000,"height":584,"caption":"Sala Parco ex Casa Rossa Ponte nelle Alpi"},{"@type":"BreadcrumbList","@id":"https:\/\/www.bellunopress.it\/2022\/11\/03\/comunita-solari-serata-informativa-con-il-prof-setti-a-ponte-nelle-alpi\/#breadcrumb","itemListElement":[{"@type":"ListItem","position":1,"name":"Home","item":"https:\/\/www.bellunopress.it\/"},{"@type":"ListItem","position":2,"name":"Comunit\u00e0 solari. Serata informativa con il prof Setti a Ponte nelle Alpi"}]},{"@type":"WebSite","@id":"https:\/\/www.bellunopress.it\/#website","url":"https:\/\/www.bellunopress.it\/","name":"Bellunopress - Dolomiti","description":"e-mail: redazione@bellunopress.it","publisher":{"@id":"https:\/\/www.bellunopress.it\/#organization"},"potentialAction":[{"@type":"SearchAction","target":{"@type":"EntryPoint","urlTemplate":"https:\/\/www.bellunopress.it\/?s={search_term_string}"},"query-input":{"@type":"PropertyValueSpecification","valueRequired":true,"valueName":"search_term_string"}}],"inLanguage":"fr-FR"},{"@type":"Organization","@id":"https:\/\/www.bellunopress.it\/#organization","name":"Bellunopress","url":"https:\/\/www.bellunopress.it\/","logo":{"@type":"ImageObject","inLanguage":"fr-FR","@id":"https:\/\/www.bellunopress.it\/#\/schema\/logo\/image\/","url":"https:\/\/www.bellunopress.it\/wp-content\/uploads\/2011\/05\/cropped-logo-bellunopress-.jpg","contentUrl":"https:\/\/www.bellunopress.it\/wp-content\/uploads\/2011\/05\/cropped-logo-bellunopress-.jpg","width":512,"height":512,"caption":"Bellunopress"},"image":{"@id":"https:\/\/www.bellunopress.it\/#\/schema\/logo\/image\/"},"sameAs":["https:\/\/www.facebook.com\/profile.php?id=100008943462799","https:\/\/x.com\/bellunopress","https:\/\/www.linkedin.com\/hp\/?dnr=JBzUWaJfMUw8vbXJJ2tVW5-I3jZKvC4wsoxE&amp;amp;amp;amp;amp;amp;trk=nav_responsive_tab_home","https:\/\/www.youtube.com\/channel\/UCxL0wu1uN0_3_7hGG0306cw"]},{"@type":"Person","@id":"https:\/\/www.bellunopress.it\/#\/schema\/person\/79bb06722b37ece1c03d3e94beb30d73","name":"r\u00e9daction","image":{"@type":"ImageObject","inLanguage":"fr-FR","@id":"https:\/\/secure.gravatar.com\/avatar\/37d968a2e67a6fd04c169c4bdef102d0bc5d31b2546345219e348575eb80e9a0?s=96&d=mm&r=g","url":"https:\/\/secure.gravatar.com\/avatar\/37d968a2e67a6fd04c169c4bdef102d0bc5d31b2546345219e348575eb80e9a0?s=96&d=mm&r=g","contentUrl":"https:\/\/secure.gravatar.com\/avatar\/37d968a2e67a6fd04c169c4bdef102d0bc5d31b2546345219e348575eb80e9a0?s=96&d=mm&r=g","caption":"redazione"},"sameAs":["http:\/\/www.bellunopress.it","https:\/\/x.com\/bellunopress"],"url":"https:\/\/www.bellunopress.it\/fr\/author\/redazione\/"}]}},"_links":{"self":[{"href":"https:\/\/www.bellunopress.it\/fr\/wp-json\/wp\/v2\/posts\/137422","targetHints":{"allow":["GET"]}}],"collection":[{"href":"https:\/\/www.bellunopress.it\/fr\/wp-json\/wp\/v2\/posts"}],"about":[{"href":"https:\/\/www.bellunopress.it\/fr\/wp-json\/wp\/v2\/types\/post"}],"author":[{"embeddable":true,"href":"https:\/\/www.bellunopress.it\/fr\/wp-json\/wp\/v2\/users\/2"}],"replies":[{"embeddable":true,"href":"https:\/\/www.bellunopress.it\/fr\/wp-json\/wp\/v2\/comments?post=137422"}],"version-history":[{"count":1,"href":"https:\/\/www.bellunopress.it\/fr\/wp-json\/wp\/v2\/posts\/137422\/revisions"}],"predecessor-version":[{"id":137423,"href":"https:\/\/www.bellunopress.it\/fr\/wp-json\/wp\/v2\/posts\/137422\/revisions\/137423"}],"wp:featuredmedia":[{"embeddable":true,"href":"https:\/\/www.bellunopress.it\/fr\/wp-json\/wp\/v2\/media\/135787"}],"wp:attachment":[{"href":"https:\/\/www.bellunopress.it\/fr\/wp-json\/wp\/v2\/media?parent=137422"}],"wp:term":[{"taxonomy":"category","embeddable":true,"href":"https:\/\/www.bellunopress.it\/fr\/wp-json\/wp\/v2\/categories?post=137422"},{"taxonomy":"post_tag","embeddable":true,"href":"https:\/\/www.bellunopress.it\/fr\/wp-json\/wp\/v2\/tags?post=137422"}],"curies":[{"name":"wp","href":"https:\/\/api.w.org\/{rel}","templated":true}]}}