{"id":137416,"date":"2022-11-02T17:58:05","date_gmt":"2022-11-02T16:58:05","guid":{"rendered":"https:\/\/www.bellunopress.it\/?p=137416"},"modified":"2022-11-02T18:01:29","modified_gmt":"2022-11-02T17:01:29","slug":"mancata-autorizzazione-allevento-halloweek-bavasso-chiede-le-motivazioni-del-diniego","status":"publish","type":"post","link":"https:\/\/www.bellunopress.it\/fr\/2022\/11\/02\/mancata-autorizzazione-allevento-halloweek-bavasso-chiede-le-motivazioni-del-diniego\/","title":{"rendered":"Mancata autorizzazione all&#8217;evento Halloweek. Bavasso chiede le motivazioni del diniego"},"content":{"rendered":"<figure id=\"attachment_132824\" aria-describedby=\"caption-attachment-132824\" style=\"width: 903px\" class=\"wp-caption alignleft\"><img loading=\"lazy\" decoding=\"async\" class=\"size-full wp-image-132824\" src=\"https:\/\/www.bellunopress.it\/wp-content\/uploads\/2022\/04\/Ilenia-Bavasso-insieme-per-belluno-Olivotto_edited.jpg\" alt=\"\" width=\"903\" height=\"1000\" srcset=\"https:\/\/www.bellunopress.it\/wp-content\/uploads\/2022\/04\/Ilenia-Bavasso-insieme-per-belluno-Olivotto_edited.jpg 903w, https:\/\/www.bellunopress.it\/wp-content\/uploads\/2022\/04\/Ilenia-Bavasso-insieme-per-belluno-Olivotto_edited-452x500.jpg 452w, https:\/\/www.bellunopress.it\/wp-content\/uploads\/2022\/04\/Ilenia-Bavasso-insieme-per-belluno-Olivotto_edited-696x771.jpg 696w, https:\/\/www.bellunopress.it\/wp-content\/uploads\/2022\/04\/Ilenia-Bavasso-insieme-per-belluno-Olivotto_edited-379x420.jpg 379w\" sizes=\"auto, (max-width: 903px) 100vw, 903px\" \/><figcaption id=\"caption-attachment-132824\" class=\"wp-caption-text\">Ilenia Bavasso<\/figcaption><\/figure>\n<p>Belluno, 2 novembre 2022 &#8211; La questione della mancata autorizzazione dell\u2019evento \u201cHalloweek\u201d che si sarebbe dovuto tenere nel parcheggio dietro al palasport De Mas di Belluno, di cui abbiamo dato notizia ieri riportando le due posizioni, quella dell&#8217;amministrazione comunale e quella degli organizzatori, ritorna all&#8217;esame della giunta. E&#8217; stata presentata infatti una domanda d&#8217;attualit\u00e0 al presidente del Consiglio Comunale, al sindaco e all\u2019assessore competente da parte della consigliera di minoranza Ilenia Bavasso (Gruppo consiliare Insieme per Belluno \u2013 Bene Comune) per conoscere i motivi del diniego.<img loading=\"lazy\" decoding=\"async\" class=\"alignleft size-full wp-image-137380\" src=\"https:\/\/www.bellunopress.it\/wp-content\/uploads\/2022\/10\/area-parcheggi-palasport-dal-mas_edited.jpg\" alt=\"\" width=\"1000\" height=\"583\" srcset=\"https:\/\/www.bellunopress.it\/wp-content\/uploads\/2022\/10\/area-parcheggi-palasport-dal-mas_edited.jpg 1000w, https:\/\/www.bellunopress.it\/wp-content\/uploads\/2022\/10\/area-parcheggi-palasport-dal-mas_edited-500x292.jpg 500w, https:\/\/www.bellunopress.it\/wp-content\/uploads\/2022\/10\/area-parcheggi-palasport-dal-mas_edited-696x406.jpg 696w, https:\/\/www.bellunopress.it\/wp-content\/uploads\/2022\/10\/area-parcheggi-palasport-dal-mas_edited-720x420.jpg 720w\" sizes=\"auto, (max-width: 1000px) 100vw, 1000px\" \/><\/p>\n<p>Ecco il testo della richiesta.<\/p>\n<p>Premesso che:<br \/>\n&#8211; dal 29 al 31 ottobre 2022 nel nostro capoluogo si sarebbe dovuto tenere, presso il P.le<br \/>\nAssociazione bellunese volontari del sangue, l\u2019evento denominato \u201cHalloweek\u201d organizzato da \u201cSo Right\u201d, un\u2019associazione culturale che conta oltre 90 ragazzi provenienti dal territorio<br \/>\nbellunese;<br \/>\n&#8211; solo due giorni prima dell\u2019evento, ossia in data 27.10.2022, ho appreso dalla stampa che il Comitato ordine e sicurezza pubblica ha ritenuto, all\u2019unanimit\u00e0, di non autorizzare lo svolgimento delle tre giornate di musica nonostante, appena il giorno precedente, fosse intervenuto il parere favorevole della Commissione Tecnica Comunale di Vigilanza sui Locali di Pubblico Spettacolo;<br \/>\n&#8211; nella succitata Commissione era presente anche l\u2019Assessore Luciani, in qualit\u00e0 di suo Presidente;<br \/>\n&#8211; nel Comitato ordine e sicurezza era, invece, presente il Sindaco De Pellegrin che ha votato contro l\u2019evento, essendo il veto al suo svolgimento stato espresso all\u2019unanimit\u00e0;<br \/>\n&#8211; il comportamento del Sindaco e dell\u2019Assessore Luciani rivelano una prima, curiosa, incongruenza circa l\u2019atteggiamento di codesta amministrazione comunale nei confronti di \u201cHalloweek\u201d;<br \/>\n&#8211; nondimeno, essendomi recata alla conferenza stampa dei ragazzi \u201cSo Right\u201d il giorno 31.10, ho scoperto altre circostanze singolari, come il fatto che il luogo per l\u2019evento, il parcheggio adiacente al Palasport De Mas, fosse stato individuato di comune accordo tra l\u2019associazione e il Comune di Belluno in data 25 agosto;<br \/>\n&#8211; e ancora, che gli organizzatori dell\u2019evento si fossero adoperati piuttosto celermente per caricare nel portale SUAP tutta la documentazione necessaria, avendola inoltrata una prima volta il 27 settembre e avendola integrata il 13 ottobre, in vista delle riunioni della Commissione tecnica il giorno 18 e del Comitato il giorno 19. In entrambe le riunioni, tuttavia, sia i membri della Commissione che del Comitato hanno lamentato di non aver ricevuto la documentazione relativa al piano sicurezza e hanno dovuto rinviare le sedute finendo, inevitabilmente, a ridotto dell\u2019evento.<\/p>\n<p>Tutto ci\u00f2 premesso e rappresentato, la sottoscritta<br \/>\nChiede:<br \/>\n1. per quale motivo il Comune abbia dato parere favorevole in Commissione e il Sindaco abbia cambiato opinione in Comitato;<br \/>\n2. per quale motivo la documentazione pervenuta ali uffici in data 27 settembre e 13 ottobre non sia stata inoltrata celermente gli enti preposti ad esaminarla;<br \/>\n3. con quali modalit\u00e0 e tempistiche sia stata proposta la soluzione alternativa di Villa Montalban;<br \/>\n4. cosa abbia deciso la Giunta in data 13 settembre a seguito della prima istruttoria eseguita dall\u2019Ufficio cultura;<br \/>\n5. se l\u2019amministrazione comunale non ritenga di aver contribuito, col proprio comportamento, ad ingenerare nei ragazzi di \u201cSo Right\u201d un legittimo affidamento.<\/p>","protected":false},"excerpt":{"rendered":"<p>Belluno, 2 novembre 2022 &#8211; La questione della mancata autorizzazione dell\u2019evento \u201cHalloweek\u201d che si sarebbe dovuto tenere nel parcheggio dietro al palasport De Mas di Belluno, di cui abbiamo dato notizia ieri riportando le due posizioni, quella dell&#8217;amministrazione comunale e quella degli organizzatori, ritorna all&#8217;esame della giunta. E&#8217; stata presentata infatti una domanda d&#8217;attualit\u00e0 al [&hellip;]<\/p>\n","protected":false},"author":2,"featured_media":132824,"comment_status":"closed","ping_status":"open","sticky":false,"template":"","format":"standard","meta":{"footnotes":""},"categories":[5,26],"tags":[],"class_list":["post-137416","post","type-post","status-publish","format-standard","has-post-thumbnail","category-cronaca","category-prima-pagina"],"yoast_head":"<!-- This site is optimized with the Yoast SEO plugin v28.4 - https:\/\/yoast.com\/product\/yoast-seo-wordpress\/ -->\n<title>Mancata autorizzazione all&#039;evento Halloweek. Bavasso chiede le motivazioni del diniego - Bellunopress - Dolomiti<\/title>\n<meta name=\"robots\" content=\"index, follow, max-snippet:-1, max-image-preview:large, max-video-preview:-1\" \/>\n<link rel=\"canonical\" href=\"https:\/\/www.bellunopress.it\/fr\/2022\/11\/02\/mancata-autorizzazione-allevento-halloweek-bavasso-chiede-le-motivazioni-del-diniego\/\" \/>\n<meta property=\"og:locale\" content=\"fr_FR\" \/>\n<meta property=\"og:type\" content=\"article\" \/>\n<meta property=\"og:title\" content=\"Mancata autorizzazione all&#039;evento Halloweek. Bavasso chiede le motivazioni del diniego - Bellunopress - Dolomiti\" \/>\n<meta property=\"og:description\" content=\"Belluno, 2 novembre 2022 &#8211; La questione della mancata autorizzazione dell\u2019evento \u201cHalloweek\u201d che si sarebbe dovuto tenere nel parcheggio dietro al palasport De Mas di Belluno, di cui abbiamo dato notizia ieri riportando le due posizioni, quella dell&#8217;amministrazione comunale e quella degli organizzatori, ritorna all&#8217;esame della giunta. E&#8217; stata presentata infatti una domanda d&#8217;attualit\u00e0 al [&hellip;]\" \/>\n<meta property=\"og:url\" content=\"https:\/\/www.bellunopress.it\/fr\/2022\/11\/02\/mancata-autorizzazione-allevento-halloweek-bavasso-chiede-le-motivazioni-del-diniego\/\" \/>\n<meta property=\"og:site_name\" content=\"Bellunopress - Dolomiti\" \/>\n<meta property=\"article:publisher\" content=\"https:\/\/www.facebook.com\/profile.php?id=100008943462799\" \/>\n<meta property=\"article:published_time\" content=\"2022-11-02T16:58:05+00:00\" \/>\n<meta property=\"article:modified_time\" content=\"2022-11-02T17:01:29+00:00\" \/>\n<meta property=\"og:image\" content=\"https:\/\/www.bellunopress.it\/wp-content\/uploads\/2022\/04\/Ilenia-Bavasso-insieme-per-belluno-Olivotto_edited.jpg\" \/>\n\t<meta property=\"og:image:width\" content=\"903\" \/>\n\t<meta property=\"og:image:height\" content=\"1000\" \/>\n\t<meta property=\"og:image:type\" content=\"image\/jpeg\" \/>\n<meta name=\"author\" content=\"redazione\" \/>\n<meta name=\"twitter:card\" content=\"summary_large_image\" \/>\n<meta name=\"twitter:creator\" content=\"@bellunopress\" \/>\n<meta name=\"twitter:site\" content=\"@bellunopress\" \/>\n<meta name=\"twitter:label1\" content=\"\u00c9crit par\" \/>\n\t<meta name=\"twitter:data1\" content=\"redazione\" \/>\n\t<meta name=\"twitter:label2\" content=\"Dur\u00e9e de lecture estim\u00e9e\" \/>\n\t<meta name=\"twitter:data2\" content=\"4 minutes\" \/>\n<script type=\"application\/ld+json\" class=\"yoast-schema-graph\">{\"@context\":\"https:\\\/\\\/schema.org\",\"@graph\":[{\"@type\":\"Article\",\"@id\":\"https:\\\/\\\/www.bellunopress.it\\\/2022\\\/11\\\/02\\\/mancata-autorizzazione-allevento-halloweek-bavasso-chiede-le-motivazioni-del-diniego\\\/#article\",\"isPartOf\":{\"@id\":\"https:\\\/\\\/www.bellunopress.it\\\/2022\\\/11\\\/02\\\/mancata-autorizzazione-allevento-halloweek-bavasso-chiede-le-motivazioni-del-diniego\\\/\"},\"author\":{\"name\":\"redazione\",\"@id\":\"https:\\\/\\\/www.bellunopress.it\\\/#\\\/schema\\\/person\\\/79bb06722b37ece1c03d3e94beb30d73\"},\"headline\":\"Mancata autorizzazione all&#8217;evento Halloweek. Bavasso chiede le motivazioni del diniego\",\"datePublished\":\"2022-11-02T16:58:05+00:00\",\"dateModified\":\"2022-11-02T17:01:29+00:00\",\"mainEntityOfPage\":{\"@id\":\"https:\\\/\\\/www.bellunopress.it\\\/2022\\\/11\\\/02\\\/mancata-autorizzazione-allevento-halloweek-bavasso-chiede-le-motivazioni-del-diniego\\\/\"},\"wordCount\":518,\"publisher\":{\"@id\":\"https:\\\/\\\/www.bellunopress.it\\\/#organization\"},\"image\":{\"@id\":\"https:\\\/\\\/www.bellunopress.it\\\/2022\\\/11\\\/02\\\/mancata-autorizzazione-allevento-halloweek-bavasso-chiede-le-motivazioni-del-diniego\\\/#primaryimage\"},\"thumbnailUrl\":\"https:\\\/\\\/www.bellunopress.it\\\/wp-content\\\/uploads\\\/2022\\\/04\\\/Ilenia-Bavasso-insieme-per-belluno-Olivotto_edited.jpg\",\"articleSection\":[\"Cronaca\\\/Politica\",\"Prima Pagina\"],\"inLanguage\":\"fr-FR\"},{\"@type\":\"WebPage\",\"@id\":\"https:\\\/\\\/www.bellunopress.it\\\/2022\\\/11\\\/02\\\/mancata-autorizzazione-allevento-halloweek-bavasso-chiede-le-motivazioni-del-diniego\\\/\",\"url\":\"https:\\\/\\\/www.bellunopress.it\\\/2022\\\/11\\\/02\\\/mancata-autorizzazione-allevento-halloweek-bavasso-chiede-le-motivazioni-del-diniego\\\/\",\"name\":\"Mancata autorizzazione all'evento Halloweek. Bavasso chiede le motivazioni del diniego - Bellunopress - Dolomiti\",\"isPartOf\":{\"@id\":\"https:\\\/\\\/www.bellunopress.it\\\/#website\"},\"primaryImageOfPage\":{\"@id\":\"https:\\\/\\\/www.bellunopress.it\\\/2022\\\/11\\\/02\\\/mancata-autorizzazione-allevento-halloweek-bavasso-chiede-le-motivazioni-del-diniego\\\/#primaryimage\"},\"image\":{\"@id\":\"https:\\\/\\\/www.bellunopress.it\\\/2022\\\/11\\\/02\\\/mancata-autorizzazione-allevento-halloweek-bavasso-chiede-le-motivazioni-del-diniego\\\/#primaryimage\"},\"thumbnailUrl\":\"https:\\\/\\\/www.bellunopress.it\\\/wp-content\\\/uploads\\\/2022\\\/04\\\/Ilenia-Bavasso-insieme-per-belluno-Olivotto_edited.jpg\",\"datePublished\":\"2022-11-02T16:58:05+00:00\",\"dateModified\":\"2022-11-02T17:01:29+00:00\",\"breadcrumb\":{\"@id\":\"https:\\\/\\\/www.bellunopress.it\\\/2022\\\/11\\\/02\\\/mancata-autorizzazione-allevento-halloweek-bavasso-chiede-le-motivazioni-del-diniego\\\/#breadcrumb\"},\"inLanguage\":\"fr-FR\",\"potentialAction\":[{\"@type\":\"ReadAction\",\"target\":[\"https:\\\/\\\/www.bellunopress.it\\\/2022\\\/11\\\/02\\\/mancata-autorizzazione-allevento-halloweek-bavasso-chiede-le-motivazioni-del-diniego\\\/\"]}]},{\"@type\":\"ImageObject\",\"inLanguage\":\"fr-FR\",\"@id\":\"https:\\\/\\\/www.bellunopress.it\\\/2022\\\/11\\\/02\\\/mancata-autorizzazione-allevento-halloweek-bavasso-chiede-le-motivazioni-del-diniego\\\/#primaryimage\",\"url\":\"https:\\\/\\\/www.bellunopress.it\\\/wp-content\\\/uploads\\\/2022\\\/04\\\/Ilenia-Bavasso-insieme-per-belluno-Olivotto_edited.jpg\",\"contentUrl\":\"https:\\\/\\\/www.bellunopress.it\\\/wp-content\\\/uploads\\\/2022\\\/04\\\/Ilenia-Bavasso-insieme-per-belluno-Olivotto_edited.jpg\",\"width\":903,\"height\":1000,\"caption\":\"Avvocato Ilenia Bavasso\"},{\"@type\":\"BreadcrumbList\",\"@id\":\"https:\\\/\\\/www.bellunopress.it\\\/2022\\\/11\\\/02\\\/mancata-autorizzazione-allevento-halloweek-bavasso-chiede-le-motivazioni-del-diniego\\\/#breadcrumb\",\"itemListElement\":[{\"@type\":\"ListItem\",\"position\":1,\"name\":\"Home\",\"item\":\"https:\\\/\\\/www.bellunopress.it\\\/\"},{\"@type\":\"ListItem\",\"position\":2,\"name\":\"Mancata autorizzazione all&#8217;evento Halloweek. Bavasso chiede le motivazioni del diniego\"}]},{\"@type\":\"WebSite\",\"@id\":\"https:\\\/\\\/www.bellunopress.it\\\/#website\",\"url\":\"https:\\\/\\\/www.bellunopress.it\\\/\",\"name\":\"Bellunopress - Dolomiti\",\"description\":\"e-mail: redazione@bellunopress.it\",\"publisher\":{\"@id\":\"https:\\\/\\\/www.bellunopress.it\\\/#organization\"},\"potentialAction\":[{\"@type\":\"SearchAction\",\"target\":{\"@type\":\"EntryPoint\",\"urlTemplate\":\"https:\\\/\\\/www.bellunopress.it\\\/?s={search_term_string}\"},\"query-input\":{\"@type\":\"PropertyValueSpecification\",\"valueRequired\":true,\"valueName\":\"search_term_string\"}}],\"inLanguage\":\"fr-FR\"},{\"@type\":\"Organization\",\"@id\":\"https:\\\/\\\/www.bellunopress.it\\\/#organization\",\"name\":\"Bellunopress\",\"url\":\"https:\\\/\\\/www.bellunopress.it\\\/\",\"logo\":{\"@type\":\"ImageObject\",\"inLanguage\":\"fr-FR\",\"@id\":\"https:\\\/\\\/www.bellunopress.it\\\/#\\\/schema\\\/logo\\\/image\\\/\",\"url\":\"https:\\\/\\\/www.bellunopress.it\\\/wp-content\\\/uploads\\\/2011\\\/05\\\/cropped-logo-bellunopress-.jpg\",\"contentUrl\":\"https:\\\/\\\/www.bellunopress.it\\\/wp-content\\\/uploads\\\/2011\\\/05\\\/cropped-logo-bellunopress-.jpg\",\"width\":512,\"height\":512,\"caption\":\"Bellunopress\"},\"image\":{\"@id\":\"https:\\\/\\\/www.bellunopress.it\\\/#\\\/schema\\\/logo\\\/image\\\/\"},\"sameAs\":[\"https:\\\/\\\/www.facebook.com\\\/profile.php?id=100008943462799\",\"https:\\\/\\\/x.com\\\/bellunopress\",\"https:\\\/\\\/www.linkedin.com\\\/hp\\\/?dnr=JBzUWaJfMUw8vbXJJ2tVW5-I3jZKvC4wsoxE&amp;amp;amp;amp;amp;amp;trk=nav_responsive_tab_home\",\"https:\\\/\\\/www.youtube.com\\\/channel\\\/UCxL0wu1uN0_3_7hGG0306cw\"]},{\"@type\":\"Person\",\"@id\":\"https:\\\/\\\/www.bellunopress.it\\\/#\\\/schema\\\/person\\\/79bb06722b37ece1c03d3e94beb30d73\",\"name\":\"redazione\",\"image\":{\"@type\":\"ImageObject\",\"inLanguage\":\"fr-FR\",\"@id\":\"https:\\\/\\\/secure.gravatar.com\\\/avatar\\\/37d968a2e67a6fd04c169c4bdef102d0bc5d31b2546345219e348575eb80e9a0?s=96&d=mm&r=g\",\"url\":\"https:\\\/\\\/secure.gravatar.com\\\/avatar\\\/37d968a2e67a6fd04c169c4bdef102d0bc5d31b2546345219e348575eb80e9a0?s=96&d=mm&r=g\",\"contentUrl\":\"https:\\\/\\\/secure.gravatar.com\\\/avatar\\\/37d968a2e67a6fd04c169c4bdef102d0bc5d31b2546345219e348575eb80e9a0?s=96&d=mm&r=g\",\"caption\":\"redazione\"},\"sameAs\":[\"http:\\\/\\\/www.bellunopress.it\",\"https:\\\/\\\/x.com\\\/bellunopress\"],\"url\":\"https:\\\/\\\/www.bellunopress.it\\\/fr\\\/author\\\/redazione\\\/\"}]}<\/script>\n<!-- \/ Yoast SEO plugin. -->","yoast_head_json":{"title":"Mancata autorizzazione all'evento Halloweek. Bavasso chiede le motivazioni del diniego - Bellunopress - Dolomiti","robots":{"index":"index","follow":"follow","max-snippet":"max-snippet:-1","max-image-preview":"max-image-preview:large","max-video-preview":"max-video-preview:-1"},"canonical":"https:\/\/www.bellunopress.it\/fr\/2022\/11\/02\/mancata-autorizzazione-allevento-halloweek-bavasso-chiede-le-motivazioni-del-diniego\/","og_locale":"fr_FR","og_type":"article","og_title":"Mancata autorizzazione all'evento Halloweek. Bavasso chiede le motivazioni del diniego - Bellunopress - Dolomiti","og_description":"Belluno, 2 novembre 2022 &#8211; La questione della mancata autorizzazione dell\u2019evento \u201cHalloweek\u201d che si sarebbe dovuto tenere nel parcheggio dietro al palasport De Mas di Belluno, di cui abbiamo dato notizia ieri riportando le due posizioni, quella dell&#8217;amministrazione comunale e quella degli organizzatori, ritorna all&#8217;esame della giunta. E&#8217; stata presentata infatti una domanda d&#8217;attualit\u00e0 al [&hellip;]","og_url":"https:\/\/www.bellunopress.it\/fr\/2022\/11\/02\/mancata-autorizzazione-allevento-halloweek-bavasso-chiede-le-motivazioni-del-diniego\/","og_site_name":"Bellunopress - Dolomiti","article_publisher":"https:\/\/www.facebook.com\/profile.php?id=100008943462799","article_published_time":"2022-11-02T16:58:05+00:00","article_modified_time":"2022-11-02T17:01:29+00:00","og_image":[{"width":903,"height":1000,"url":"https:\/\/www.bellunopress.it\/wp-content\/uploads\/2022\/04\/Ilenia-Bavasso-insieme-per-belluno-Olivotto_edited.jpg","type":"image\/jpeg"}],"author":"redazione","twitter_card":"summary_large_image","twitter_creator":"@bellunopress","twitter_site":"@bellunopress","twitter_misc":{"\u00c9crit par":"redazione","Dur\u00e9e de lecture estim\u00e9e":"4 minutes"},"schema":{"@context":"https:\/\/schema.org","@graph":[{"@type":"Article","@id":"https:\/\/www.bellunopress.it\/2022\/11\/02\/mancata-autorizzazione-allevento-halloweek-bavasso-chiede-le-motivazioni-del-diniego\/#article","isPartOf":{"@id":"https:\/\/www.bellunopress.it\/2022\/11\/02\/mancata-autorizzazione-allevento-halloweek-bavasso-chiede-le-motivazioni-del-diniego\/"},"author":{"name":"redazione","@id":"https:\/\/www.bellunopress.it\/#\/schema\/person\/79bb06722b37ece1c03d3e94beb30d73"},"headline":"Mancata autorizzazione all&#8217;evento Halloweek. Bavasso chiede le motivazioni del diniego","datePublished":"2022-11-02T16:58:05+00:00","dateModified":"2022-11-02T17:01:29+00:00","mainEntityOfPage":{"@id":"https:\/\/www.bellunopress.it\/2022\/11\/02\/mancata-autorizzazione-allevento-halloweek-bavasso-chiede-le-motivazioni-del-diniego\/"},"wordCount":518,"publisher":{"@id":"https:\/\/www.bellunopress.it\/#organization"},"image":{"@id":"https:\/\/www.bellunopress.it\/2022\/11\/02\/mancata-autorizzazione-allevento-halloweek-bavasso-chiede-le-motivazioni-del-diniego\/#primaryimage"},"thumbnailUrl":"https:\/\/www.bellunopress.it\/wp-content\/uploads\/2022\/04\/Ilenia-Bavasso-insieme-per-belluno-Olivotto_edited.jpg","articleSection":["Cronaca\/Politica","Prima Pagina"],"inLanguage":"fr-FR"},{"@type":"WebPage","@id":"https:\/\/www.bellunopress.it\/2022\/11\/02\/mancata-autorizzazione-allevento-halloweek-bavasso-chiede-le-motivazioni-del-diniego\/","url":"https:\/\/www.bellunopress.it\/2022\/11\/02\/mancata-autorizzazione-allevento-halloweek-bavasso-chiede-le-motivazioni-del-diniego\/","name":"Mancata autorizzazione all'evento Halloweek. Bavasso chiede le motivazioni del diniego - Bellunopress - Dolomiti","isPartOf":{"@id":"https:\/\/www.bellunopress.it\/#website"},"primaryImageOfPage":{"@id":"https:\/\/www.bellunopress.it\/2022\/11\/02\/mancata-autorizzazione-allevento-halloweek-bavasso-chiede-le-motivazioni-del-diniego\/#primaryimage"},"image":{"@id":"https:\/\/www.bellunopress.it\/2022\/11\/02\/mancata-autorizzazione-allevento-halloweek-bavasso-chiede-le-motivazioni-del-diniego\/#primaryimage"},"thumbnailUrl":"https:\/\/www.bellunopress.it\/wp-content\/uploads\/2022\/04\/Ilenia-Bavasso-insieme-per-belluno-Olivotto_edited.jpg","datePublished":"2022-11-02T16:58:05+00:00","dateModified":"2022-11-02T17:01:29+00:00","breadcrumb":{"@id":"https:\/\/www.bellunopress.it\/2022\/11\/02\/mancata-autorizzazione-allevento-halloweek-bavasso-chiede-le-motivazioni-del-diniego\/#breadcrumb"},"inLanguage":"fr-FR","potentialAction":[{"@type":"ReadAction","target":["https:\/\/www.bellunopress.it\/2022\/11\/02\/mancata-autorizzazione-allevento-halloweek-bavasso-chiede-le-motivazioni-del-diniego\/"]}]},{"@type":"ImageObject","inLanguage":"fr-FR","@id":"https:\/\/www.bellunopress.it\/2022\/11\/02\/mancata-autorizzazione-allevento-halloweek-bavasso-chiede-le-motivazioni-del-diniego\/#primaryimage","url":"https:\/\/www.bellunopress.it\/wp-content\/uploads\/2022\/04\/Ilenia-Bavasso-insieme-per-belluno-Olivotto_edited.jpg","contentUrl":"https:\/\/www.bellunopress.it\/wp-content\/uploads\/2022\/04\/Ilenia-Bavasso-insieme-per-belluno-Olivotto_edited.jpg","width":903,"height":1000,"caption":"Avvocato Ilenia Bavasso"},{"@type":"BreadcrumbList","@id":"https:\/\/www.bellunopress.it\/2022\/11\/02\/mancata-autorizzazione-allevento-halloweek-bavasso-chiede-le-motivazioni-del-diniego\/#breadcrumb","itemListElement":[{"@type":"ListItem","position":1,"name":"Home","item":"https:\/\/www.bellunopress.it\/"},{"@type":"ListItem","position":2,"name":"Mancata autorizzazione all&#8217;evento Halloweek. Bavasso chiede le motivazioni del diniego"}]},{"@type":"WebSite","@id":"https:\/\/www.bellunopress.it\/#website","url":"https:\/\/www.bellunopress.it\/","name":"Bellunopress - Dolomiti","description":"e-mail: redazione@bellunopress.it","publisher":{"@id":"https:\/\/www.bellunopress.it\/#organization"},"potentialAction":[{"@type":"SearchAction","target":{"@type":"EntryPoint","urlTemplate":"https:\/\/www.bellunopress.it\/?s={search_term_string}"},"query-input":{"@type":"PropertyValueSpecification","valueRequired":true,"valueName":"search_term_string"}}],"inLanguage":"fr-FR"},{"@type":"Organization","@id":"https:\/\/www.bellunopress.it\/#organization","name":"Bellunopress","url":"https:\/\/www.bellunopress.it\/","logo":{"@type":"ImageObject","inLanguage":"fr-FR","@id":"https:\/\/www.bellunopress.it\/#\/schema\/logo\/image\/","url":"https:\/\/www.bellunopress.it\/wp-content\/uploads\/2011\/05\/cropped-logo-bellunopress-.jpg","contentUrl":"https:\/\/www.bellunopress.it\/wp-content\/uploads\/2011\/05\/cropped-logo-bellunopress-.jpg","width":512,"height":512,"caption":"Bellunopress"},"image":{"@id":"https:\/\/www.bellunopress.it\/#\/schema\/logo\/image\/"},"sameAs":["https:\/\/www.facebook.com\/profile.php?id=100008943462799","https:\/\/x.com\/bellunopress","https:\/\/www.linkedin.com\/hp\/?dnr=JBzUWaJfMUw8vbXJJ2tVW5-I3jZKvC4wsoxE&amp;amp;amp;amp;amp;amp;trk=nav_responsive_tab_home","https:\/\/www.youtube.com\/channel\/UCxL0wu1uN0_3_7hGG0306cw"]},{"@type":"Person","@id":"https:\/\/www.bellunopress.it\/#\/schema\/person\/79bb06722b37ece1c03d3e94beb30d73","name":"r\u00e9daction","image":{"@type":"ImageObject","inLanguage":"fr-FR","@id":"https:\/\/secure.gravatar.com\/avatar\/37d968a2e67a6fd04c169c4bdef102d0bc5d31b2546345219e348575eb80e9a0?s=96&d=mm&r=g","url":"https:\/\/secure.gravatar.com\/avatar\/37d968a2e67a6fd04c169c4bdef102d0bc5d31b2546345219e348575eb80e9a0?s=96&d=mm&r=g","contentUrl":"https:\/\/secure.gravatar.com\/avatar\/37d968a2e67a6fd04c169c4bdef102d0bc5d31b2546345219e348575eb80e9a0?s=96&d=mm&r=g","caption":"redazione"},"sameAs":["http:\/\/www.bellunopress.it","https:\/\/x.com\/bellunopress"],"url":"https:\/\/www.bellunopress.it\/fr\/author\/redazione\/"}]}},"_links":{"self":[{"href":"https:\/\/www.bellunopress.it\/fr\/wp-json\/wp\/v2\/posts\/137416","targetHints":{"allow":["GET"]}}],"collection":[{"href":"https:\/\/www.bellunopress.it\/fr\/wp-json\/wp\/v2\/posts"}],"about":[{"href":"https:\/\/www.bellunopress.it\/fr\/wp-json\/wp\/v2\/types\/post"}],"author":[{"embeddable":true,"href":"https:\/\/www.bellunopress.it\/fr\/wp-json\/wp\/v2\/users\/2"}],"replies":[{"embeddable":true,"href":"https:\/\/www.bellunopress.it\/fr\/wp-json\/wp\/v2\/comments?post=137416"}],"version-history":[{"count":2,"href":"https:\/\/www.bellunopress.it\/fr\/wp-json\/wp\/v2\/posts\/137416\/revisions"}],"predecessor-version":[{"id":137418,"href":"https:\/\/www.bellunopress.it\/fr\/wp-json\/wp\/v2\/posts\/137416\/revisions\/137418"}],"wp:featuredmedia":[{"embeddable":true,"href":"https:\/\/www.bellunopress.it\/fr\/wp-json\/wp\/v2\/media\/132824"}],"wp:attachment":[{"href":"https:\/\/www.bellunopress.it\/fr\/wp-json\/wp\/v2\/media?parent=137416"}],"wp:term":[{"taxonomy":"category","embeddable":true,"href":"https:\/\/www.bellunopress.it\/fr\/wp-json\/wp\/v2\/categories?post=137416"},{"taxonomy":"post_tag","embeddable":true,"href":"https:\/\/www.bellunopress.it\/fr\/wp-json\/wp\/v2\/tags?post=137416"}],"curies":[{"name":"wp","href":"https:\/\/api.w.org\/{rel}","templated":true}]}}