{"id":137414,"date":"2022-11-02T17:24:17","date_gmt":"2022-11-02T16:24:17","guid":{"rendered":"https:\/\/www.bellunopress.it\/?p=137414"},"modified":"2022-11-02T17:24:17","modified_gmt":"2022-11-02T16:24:17","slug":"inquinamento-atmosferico-ordinanza-del-sindaco-di-feltre","status":"publish","type":"post","link":"https:\/\/www.bellunopress.it\/fr\/2022\/11\/02\/inquinamento-atmosferico-ordinanza-del-sindaco-di-feltre\/","title":{"rendered":"Inquinamento atmosferico. Ordinanza del sindaco di Feltre"},"content":{"rendered":"<figure id=\"attachment_136046\" aria-describedby=\"caption-attachment-136046\" style=\"width: 301px\" class=\"wp-caption alignleft\"><img loading=\"lazy\" decoding=\"async\" class=\"size-full wp-image-136046\" src=\"https:\/\/www.bellunopress.it\/wp-content\/uploads\/2022\/08\/Viviana-Fusaro-sindaco-Feltre_edited.jpg\" alt=\"\" width=\"301\" height=\"308\" \/><figcaption id=\"caption-attachment-136046\" class=\"wp-caption-text\">Viviana Fusaro<\/figcaption><\/figure>\n<p>La sindaca di Feltre Viviana Fusaro,<\/p>\n<p>con ordinanza n.19 del 28-10-2022 avente per oggetto: MISURE STRAORDINARIE DI LIMITAZIONE PER LE COMBUSTIONI ALL&#8217;APERTO E PER IL CONTENIMENTO DELL&#8217;INQUINAMENTO ATMOSFERICO, NEL PERIODO INVERNALE DAL 31 OTTOBRE 2022 AL 30 APRILE 2023 PER IL COMUNE DI FELTRE<\/p>\n<p>ha disposto le seguenti regole a\u00a0decorrere dal 31.10.2022 al 30.04.2023 dal luned\u00ec alla domenica nell\u2019intero territorio comunale:<br \/>\nART. 1 &#8211; Limitazioni estese a tutto il territorio comunale<br \/>\ncon livello di allerta 0 (verde):<br \/>\n\u2022 Il divieto di combustioni all&#8217;aperto di materiale vegetale di cui all&#8217;art. 185, comma 1 lettera f) del D.lgs 152\/2006 (es. paglia, materiali di risulta di sfalci e potature), anche se effettuate nel luogo di produzione e al fine del reimpiego del materiale come sostanza concimante o ammendante, in ambito agricolo fatte salve le necessit\u00e0 di combustione finalizzate alla tutela sanitaria di particolari specie vegetali, documentata con i modi previsti dalle vigenti normative o attraverso gli atti emanati dal Servizio Fitosanitario Regionale, previa autorizzazione a firma del Dirigente del settore\u201d;<br \/>\n\u2022 il divieto nelle porzioni di territorio ricadenti nell\u2019area Valbelluna IT0516 (oggi Fondovalle<br \/>\nIT0526) di utilizzare di generatori di calore domestici alimentati a biomassa legnosa (legna,<br \/>\ncippato, pellet,\u2026), con una classe di prestazione emissiva inferiore alle \u201c3 stelle\u201d secondo<br \/>\nla classificazione ambientale introdotta dal Decreto n. 186\/2017, in presenza di impianto di<br \/>\nriscaldamento alternativo;<br \/>\n\u2022 il divieto di accendere fal\u00f2 rituali legati a consolidate tradizioni pluriennali, fatte salve<br \/>\npossibili deroghe che potranno essere concesse con relative prescrizioni e con specifica<br \/>\nautorizzazione dal Sindaco a seguito di specifica richiesta scritta;<br \/>\n\u2022 il divieto di spreco energetico nelle attivit\u00e0 commerciali e assimilabili, in particolare il divieto di tenere le porte aperte negli esercizi commerciali per evitare dispersione termiche.<br \/>\n\u2022 obbligo di copertura delle vasche di stoccaggio dei liquami zootecnici;<br \/>\n\u2022 il divieto per tutti i veicoli di sostare con motore acceso;<br \/>\n\u2022 negli edifici classificati in base al D.P.R. n. 412\/1993, con le sigle: E.1 &#8211; residenza e<br \/>\nassimilabili, E.2 &#8211; uffici e assimilabili, E.5 &#8211; attivit\u00e0 commerciali e assimilabili la temperatura<br \/>\nmedia in ambiente, misurata ai sensi del D.P.R. n. 74\/2013, non potr\u00e0 superare i 18\u00b0C (con<br \/>\ntolleranza di + 2\u00b0C);<br \/>\n\u2022 negli edifici classificati in base al D.P.R. n. 412\/1993, con la sigla E.8 \u2013 attivit\u00e0 industriali ed artigianali e assimilabili la temperatura media in ambiente, misurata ai sensi del D.P.R. n. 74\/2013, non potr\u00e0 superare i 17\u00b0C (con tolleranza di + 2\u00b0C).<br \/>\ncon livello di allerta 1 (arancio) e allerta 2 (rosso):<br \/>\n\u2022 Tutti i divieti di cui all&#8217;art. 1 riferiti al livello di allerta 0 (verde);<br \/>\n\u2022 Il divieto di accendere fuochi per barbeque, fuochi d&#8217;artificio a scopo di intrattenimento, fal\u00f2 rituali, legati a consolidate tradizioni pluriennali, fatte salve possibili deroghe che potranno essere concesse con relative prescrizioni e con specifica autorizzazione dal Sindaco a seguito di specifica richiesta scritta.Tali fuochi, qualora concessi, possono essere allestiti con il solo utilizzo di materiali naturali (fascine di residui vegetali, carta non patinata e tela di origine vegetale), non esagerando con la quantit\u00e0 di materiale da bruciare. E\u2019 comunque sempre vietato bruciare plastiche, sacchetti, legno verniciato, riviste patinate e tessuti sintetici;<br \/>\n\u2022 il divieto nelle porzioni di territorio ricadenti nell\u2019area Valbelluna IT0516 (oggi Fondovalle<br \/>\nIT0526) di utilizzare generatori di calore domestici alimentati a biomassa legnosa (legna,<br \/>\ncippato, pellet,\u2026), con una classe di prestazione emissiva inferiore alle \u201c4 stelle\u201d secondo<br \/>\nla classificazione ambientale introdotta dal Decreto n. 186\/2017, in presenza di impianto di<br \/>\nriscaldamento alternativo;<br \/>\n\u2022 il divieto di spandimento di liquami zootecnici.<br \/>\nART. 2 Limitazioni al traffico<br \/>\nNel periodo compreso tra il 31.10.2022 e il 30.04.2023, dal luned\u00ec al venerd\u00ec, nella fascia oraria 08.30-18.30, limitatamente all&#8217;area interna circoscritta dalle vie Dante Alighieri, Carlo Rizzarda, Bagnol Sur Ceze, XIV Agosto, Vignigole, Viale Monte Grappa, Panoramica. \u00e8 vietata la circolazione ai seguenti veicoli:<br \/>\nTipologia veicolo Categoria Euro<br \/>\nVeicoli M1-M2-M3 per trasporto di persone fino a un max di 8 posti compreso il conducente, oppure aventi pi\u00f9 di 8 posti a sedere oltre al conducente<br \/>\nBenzina E0, E1<br \/>\nDiesel E0, E1, E2<br \/>\nVeicoli N1-N2-N3 veicoli destinati al trasporto merci<br \/>\nBenzina E0, E1<br \/>\nDiesel E0, E1, E2<br \/>\nCiclomotori e motocicli L<br \/>\nSi specifica che i camper sono definiti anche autocaravan e classificati come autoveicoli M1. Per rendere operativa la presente ordinanza, sar\u00e0 attuato nei minimi dettagli un piano di segnaletica stradale di indicazioni, obblighi e divieti che, lungo le vie citate, avviseranno e obbligheranno i conducenti dei mezzi \u201cEURO O\u201d a \u201cbaipassare\u201dla citt\u00e0 percorrendo i corridoi consentiti. Si da atto che rimangono raggiungibili da qualsiasi mezzo l&#8217;Ospedale civile e la Stazione Ferroviaria. Inoltre non sono soggetti a tale divieto i mezzi di pronto intervento e pubblico servizio, i mezzi della Protezione Civile.<br \/>\nINFORMA<br \/>\n\u2022 Che il Comune dar\u00e0 notizia del livello di allerta raggiunto, a seguito di emissione del<br \/>\nbollettino di ARPAV nei giorni di luned\u00ec, mercoled\u00ec e venerd\u00ec, attraverso il portale<br \/>\nistituzionale (http:\/\/www.comune.feltre.bl.it) ed altri strumenti informativi, al fine di<br \/>\nconsentire alla cittadinanza di adeguarsi alle misure del presente atto. Al raggiungimento<br \/>\ndei livelli di allerta le misure temporanee si attiveranno il giorno successivo a quello di<br \/>\nemissione del bollettino (ovvero il marted\u00ec, gioved\u00ec e sabato) e resteranno in vigore fino al<br \/>\ngiorno del bollettino successivo;<br \/>\n\u2022 che per quanto riguarda i limiti alla temperatura media in ambiente interno agli edifici \u00e8<br \/>\nvigente il DPR 74\/2013, fatte salve le modifiche introdotte Decreto del Ministero della<br \/>\nTransizione Ecologica 383\/2022 relativamente alla stagione invernale 2022-2023;<br \/>\n\u2022 che per il divieto di utilizzo di generatori di calore domestici alimentati a biomassa legnosa (legna, cippato, pellet\u2026), con riferimento alla classe di prestazione emissiva, vanno<br \/>\nrispettate le indicazioni previste dall&#8217;Accordo di Bacino Padano;<br \/>\n\u2022 che il cittadino per verificare la classe di prestazione emissiva del proprio generatore a<br \/>\nbiomassa legnosa pu\u00f2 fare riferimento alla documentazione fornita dal produttore o<br \/>\nconsultare il proprio installatore;<br \/>\n\u2022 che, con la sottoscrizione dell\u2019Accordo Padano, sono state disciplinate disposizioni inerenti:<br \/>\n\u2500 il divieto di installazione di generatori a biomassa legnosa con classe emissiva inferiore alle \u201c3 stelle\u201d;<br \/>\n\u2500 il divieto di installazione di generatori a biomassa legnosa con classe emissiva inferiore alle \u201c4 stelle\u201d a partire dal 01\/01\/2020;<br \/>\n\u2500 il divieto, nei generatori a pellet di potenza termica nominale inferiore ai 35 kW, di utilizzo di pellet che oltre a non rispettare l\u2019Allegato X, Parte II, sezione 4, paragrafo 1, lettera d) alla parte V del D.Lgs. 152\/2006, non sia certificato conforme alla classe A1 della UNI EN ISO 17225-2;<br \/>\n\u2022 che avverso questo provvedimento \u00e8 ammesso il ricorso al Tribunale Amministrativo<br \/>\nRegionale entro il termine di sessanta giorni dalla data di avvenuta pubblicazione. E&#8217; inoltre<br \/>\nammesso il ricorso straordinario al Presidente della Repubblica ai sensi del DPR<br \/>\n24\/11\/1971 n\u00b0 1199, entro il termine di centoventi giorni dalla data di avvenuta<br \/>\npubblicazione;<br \/>\n\u2022 che, salvo il fatto non costituisca reato, la violazione alle disposizioni della presente<br \/>\nordinanza \u00e8 punita con sanzione amministrativa da \u20ac 25,00 ad \u20ac 500,00, ai sensi dell\u2019art. 7<br \/>\nbis, comma 1 bis del D.Lgs 267\/2000.<\/p>","protected":false},"excerpt":{"rendered":"<p>La sindaca di Feltre Viviana Fusaro, con ordinanza n.19 del 28-10-2022 avente per oggetto: MISURE STRAORDINARIE DI LIMITAZIONE PER LE COMBUSTIONI ALL&#8217;APERTO E PER IL CONTENIMENTO DELL&#8217;INQUINAMENTO ATMOSFERICO, NEL PERIODO INVERNALE DAL 31 OTTOBRE 2022 AL 30 APRILE 2023 PER IL COMUNE DI FELTRE ha disposto le seguenti regole a\u00a0decorrere dal 31.10.2022 al 30.04.2023 dal [&hellip;]<\/p>\n","protected":false},"author":2,"featured_media":134498,"comment_status":"closed","ping_status":"open","sticky":false,"template":"","format":"standard","meta":{"footnotes":""},"categories":[26,8],"tags":[],"class_list":["post-137414","post","type-post","status-publish","format-standard","has-post-thumbnail","category-prima-pagina","category-societa-istituzioni"],"yoast_head":"<!-- This site is optimized with the Yoast SEO plugin v28.4 - https:\/\/yoast.com\/product\/yoast-seo-wordpress\/ -->\n<title>Inquinamento atmosferico. Ordinanza del sindaco di Feltre - Bellunopress - Dolomiti<\/title>\n<meta name=\"robots\" content=\"index, follow, max-snippet:-1, max-image-preview:large, max-video-preview:-1\" \/>\n<link rel=\"canonical\" href=\"https:\/\/www.bellunopress.it\/fr\/2022\/11\/02\/inquinamento-atmosferico-ordinanza-del-sindaco-di-feltre\/\" \/>\n<meta property=\"og:locale\" content=\"fr_FR\" \/>\n<meta property=\"og:type\" content=\"article\" \/>\n<meta property=\"og:title\" content=\"Inquinamento atmosferico. Ordinanza del sindaco di Feltre - Bellunopress - Dolomiti\" \/>\n<meta property=\"og:description\" content=\"La sindaca di Feltre Viviana Fusaro, con ordinanza n.19 del 28-10-2022 avente per oggetto: MISURE STRAORDINARIE DI LIMITAZIONE PER LE COMBUSTIONI ALL&#8217;APERTO E PER IL CONTENIMENTO DELL&#8217;INQUINAMENTO ATMOSFERICO, NEL PERIODO INVERNALE DAL 31 OTTOBRE 2022 AL 30 APRILE 2023 PER IL COMUNE DI FELTRE ha disposto le seguenti regole a\u00a0decorrere dal 31.10.2022 al 30.04.2023 dal [&hellip;]\" \/>\n<meta property=\"og:url\" content=\"https:\/\/www.bellunopress.it\/fr\/2022\/11\/02\/inquinamento-atmosferico-ordinanza-del-sindaco-di-feltre\/\" \/>\n<meta property=\"og:site_name\" content=\"Bellunopress - Dolomiti\" \/>\n<meta property=\"article:publisher\" content=\"https:\/\/www.facebook.com\/profile.php?id=100008943462799\" \/>\n<meta property=\"article:published_time\" content=\"2022-11-02T16:24:17+00:00\" \/>\n<meta property=\"og:image\" content=\"https:\/\/www.bellunopress.it\/wp-content\/uploads\/2022\/06\/Viviana-Fusaro.jpg\" \/>\n\t<meta property=\"og:image:width\" content=\"423\" \/>\n\t<meta property=\"og:image:height\" content=\"512\" \/>\n\t<meta property=\"og:image:type\" content=\"image\/jpeg\" \/>\n<meta name=\"author\" content=\"redazione\" \/>\n<meta name=\"twitter:card\" content=\"summary_large_image\" \/>\n<meta name=\"twitter:creator\" content=\"@bellunopress\" \/>\n<meta name=\"twitter:site\" content=\"@bellunopress\" \/>\n<meta name=\"twitter:label1\" content=\"\u00c9crit par\" \/>\n\t<meta name=\"twitter:data1\" content=\"redazione\" \/>\n\t<meta name=\"twitter:label2\" content=\"Dur\u00e9e de lecture estim\u00e9e\" \/>\n\t<meta name=\"twitter:data2\" content=\"7 minutes\" \/>\n<script type=\"application\/ld+json\" class=\"yoast-schema-graph\">{\"@context\":\"https:\\\/\\\/schema.org\",\"@graph\":[{\"@type\":\"Article\",\"@id\":\"https:\\\/\\\/www.bellunopress.it\\\/2022\\\/11\\\/02\\\/inquinamento-atmosferico-ordinanza-del-sindaco-di-feltre\\\/#article\",\"isPartOf\":{\"@id\":\"https:\\\/\\\/www.bellunopress.it\\\/2022\\\/11\\\/02\\\/inquinamento-atmosferico-ordinanza-del-sindaco-di-feltre\\\/\"},\"author\":{\"name\":\"redazione\",\"@id\":\"https:\\\/\\\/www.bellunopress.it\\\/#\\\/schema\\\/person\\\/79bb06722b37ece1c03d3e94beb30d73\"},\"headline\":\"Inquinamento atmosferico. Ordinanza del sindaco di Feltre\",\"datePublished\":\"2022-11-02T16:24:17+00:00\",\"mainEntityOfPage\":{\"@id\":\"https:\\\/\\\/www.bellunopress.it\\\/2022\\\/11\\\/02\\\/inquinamento-atmosferico-ordinanza-del-sindaco-di-feltre\\\/\"},\"wordCount\":1132,\"publisher\":{\"@id\":\"https:\\\/\\\/www.bellunopress.it\\\/#organization\"},\"image\":{\"@id\":\"https:\\\/\\\/www.bellunopress.it\\\/2022\\\/11\\\/02\\\/inquinamento-atmosferico-ordinanza-del-sindaco-di-feltre\\\/#primaryimage\"},\"thumbnailUrl\":\"https:\\\/\\\/www.bellunopress.it\\\/wp-content\\\/uploads\\\/2022\\\/06\\\/Viviana-Fusaro.jpg\",\"articleSection\":[\"Prima Pagina\",\"Societ\u00e0, Associazioni, Istituzioni\"],\"inLanguage\":\"fr-FR\"},{\"@type\":\"WebPage\",\"@id\":\"https:\\\/\\\/www.bellunopress.it\\\/2022\\\/11\\\/02\\\/inquinamento-atmosferico-ordinanza-del-sindaco-di-feltre\\\/\",\"url\":\"https:\\\/\\\/www.bellunopress.it\\\/2022\\\/11\\\/02\\\/inquinamento-atmosferico-ordinanza-del-sindaco-di-feltre\\\/\",\"name\":\"Inquinamento atmosferico. Ordinanza del sindaco di Feltre - Bellunopress - Dolomiti\",\"isPartOf\":{\"@id\":\"https:\\\/\\\/www.bellunopress.it\\\/#website\"},\"primaryImageOfPage\":{\"@id\":\"https:\\\/\\\/www.bellunopress.it\\\/2022\\\/11\\\/02\\\/inquinamento-atmosferico-ordinanza-del-sindaco-di-feltre\\\/#primaryimage\"},\"image\":{\"@id\":\"https:\\\/\\\/www.bellunopress.it\\\/2022\\\/11\\\/02\\\/inquinamento-atmosferico-ordinanza-del-sindaco-di-feltre\\\/#primaryimage\"},\"thumbnailUrl\":\"https:\\\/\\\/www.bellunopress.it\\\/wp-content\\\/uploads\\\/2022\\\/06\\\/Viviana-Fusaro.jpg\",\"datePublished\":\"2022-11-02T16:24:17+00:00\",\"breadcrumb\":{\"@id\":\"https:\\\/\\\/www.bellunopress.it\\\/2022\\\/11\\\/02\\\/inquinamento-atmosferico-ordinanza-del-sindaco-di-feltre\\\/#breadcrumb\"},\"inLanguage\":\"fr-FR\",\"potentialAction\":[{\"@type\":\"ReadAction\",\"target\":[\"https:\\\/\\\/www.bellunopress.it\\\/2022\\\/11\\\/02\\\/inquinamento-atmosferico-ordinanza-del-sindaco-di-feltre\\\/\"]}]},{\"@type\":\"ImageObject\",\"inLanguage\":\"fr-FR\",\"@id\":\"https:\\\/\\\/www.bellunopress.it\\\/2022\\\/11\\\/02\\\/inquinamento-atmosferico-ordinanza-del-sindaco-di-feltre\\\/#primaryimage\",\"url\":\"https:\\\/\\\/www.bellunopress.it\\\/wp-content\\\/uploads\\\/2022\\\/06\\\/Viviana-Fusaro.jpg\",\"contentUrl\":\"https:\\\/\\\/www.bellunopress.it\\\/wp-content\\\/uploads\\\/2022\\\/06\\\/Viviana-Fusaro.jpg\",\"width\":423,\"height\":512,\"caption\":\"Viviana Fusaro, sindaco di Feltre\"},{\"@type\":\"BreadcrumbList\",\"@id\":\"https:\\\/\\\/www.bellunopress.it\\\/2022\\\/11\\\/02\\\/inquinamento-atmosferico-ordinanza-del-sindaco-di-feltre\\\/#breadcrumb\",\"itemListElement\":[{\"@type\":\"ListItem\",\"position\":1,\"name\":\"Home\",\"item\":\"https:\\\/\\\/www.bellunopress.it\\\/\"},{\"@type\":\"ListItem\",\"position\":2,\"name\":\"Inquinamento atmosferico. Ordinanza del sindaco di Feltre\"}]},{\"@type\":\"WebSite\",\"@id\":\"https:\\\/\\\/www.bellunopress.it\\\/#website\",\"url\":\"https:\\\/\\\/www.bellunopress.it\\\/\",\"name\":\"Bellunopress - Dolomiti\",\"description\":\"e-mail: redazione@bellunopress.it\",\"publisher\":{\"@id\":\"https:\\\/\\\/www.bellunopress.it\\\/#organization\"},\"potentialAction\":[{\"@type\":\"SearchAction\",\"target\":{\"@type\":\"EntryPoint\",\"urlTemplate\":\"https:\\\/\\\/www.bellunopress.it\\\/?s={search_term_string}\"},\"query-input\":{\"@type\":\"PropertyValueSpecification\",\"valueRequired\":true,\"valueName\":\"search_term_string\"}}],\"inLanguage\":\"fr-FR\"},{\"@type\":\"Organization\",\"@id\":\"https:\\\/\\\/www.bellunopress.it\\\/#organization\",\"name\":\"Bellunopress\",\"url\":\"https:\\\/\\\/www.bellunopress.it\\\/\",\"logo\":{\"@type\":\"ImageObject\",\"inLanguage\":\"fr-FR\",\"@id\":\"https:\\\/\\\/www.bellunopress.it\\\/#\\\/schema\\\/logo\\\/image\\\/\",\"url\":\"https:\\\/\\\/www.bellunopress.it\\\/wp-content\\\/uploads\\\/2011\\\/05\\\/cropped-logo-bellunopress-.jpg\",\"contentUrl\":\"https:\\\/\\\/www.bellunopress.it\\\/wp-content\\\/uploads\\\/2011\\\/05\\\/cropped-logo-bellunopress-.jpg\",\"width\":512,\"height\":512,\"caption\":\"Bellunopress\"},\"image\":{\"@id\":\"https:\\\/\\\/www.bellunopress.it\\\/#\\\/schema\\\/logo\\\/image\\\/\"},\"sameAs\":[\"https:\\\/\\\/www.facebook.com\\\/profile.php?id=100008943462799\",\"https:\\\/\\\/x.com\\\/bellunopress\",\"https:\\\/\\\/www.linkedin.com\\\/hp\\\/?dnr=JBzUWaJfMUw8vbXJJ2tVW5-I3jZKvC4wsoxE&amp;amp;amp;amp;amp;amp;trk=nav_responsive_tab_home\",\"https:\\\/\\\/www.youtube.com\\\/channel\\\/UCxL0wu1uN0_3_7hGG0306cw\"]},{\"@type\":\"Person\",\"@id\":\"https:\\\/\\\/www.bellunopress.it\\\/#\\\/schema\\\/person\\\/79bb06722b37ece1c03d3e94beb30d73\",\"name\":\"redazione\",\"image\":{\"@type\":\"ImageObject\",\"inLanguage\":\"fr-FR\",\"@id\":\"https:\\\/\\\/secure.gravatar.com\\\/avatar\\\/37d968a2e67a6fd04c169c4bdef102d0bc5d31b2546345219e348575eb80e9a0?s=96&d=mm&r=g\",\"url\":\"https:\\\/\\\/secure.gravatar.com\\\/avatar\\\/37d968a2e67a6fd04c169c4bdef102d0bc5d31b2546345219e348575eb80e9a0?s=96&d=mm&r=g\",\"contentUrl\":\"https:\\\/\\\/secure.gravatar.com\\\/avatar\\\/37d968a2e67a6fd04c169c4bdef102d0bc5d31b2546345219e348575eb80e9a0?s=96&d=mm&r=g\",\"caption\":\"redazione\"},\"sameAs\":[\"http:\\\/\\\/www.bellunopress.it\",\"https:\\\/\\\/x.com\\\/bellunopress\"],\"url\":\"https:\\\/\\\/www.bellunopress.it\\\/fr\\\/author\\\/redazione\\\/\"}]}<\/script>\n<!-- \/ Yoast SEO plugin. -->","yoast_head_json":{"title":"Inquinamento atmosferico. Ordinanza del sindaco di Feltre - Bellunopress - Dolomiti","robots":{"index":"index","follow":"follow","max-snippet":"max-snippet:-1","max-image-preview":"max-image-preview:large","max-video-preview":"max-video-preview:-1"},"canonical":"https:\/\/www.bellunopress.it\/fr\/2022\/11\/02\/inquinamento-atmosferico-ordinanza-del-sindaco-di-feltre\/","og_locale":"fr_FR","og_type":"article","og_title":"Inquinamento atmosferico. Ordinanza del sindaco di Feltre - Bellunopress - Dolomiti","og_description":"La sindaca di Feltre Viviana Fusaro, con ordinanza n.19 del 28-10-2022 avente per oggetto: MISURE STRAORDINARIE DI LIMITAZIONE PER LE COMBUSTIONI ALL&#8217;APERTO E PER IL CONTENIMENTO DELL&#8217;INQUINAMENTO ATMOSFERICO, NEL PERIODO INVERNALE DAL 31 OTTOBRE 2022 AL 30 APRILE 2023 PER IL COMUNE DI FELTRE ha disposto le seguenti regole a\u00a0decorrere dal 31.10.2022 al 30.04.2023 dal [&hellip;]","og_url":"https:\/\/www.bellunopress.it\/fr\/2022\/11\/02\/inquinamento-atmosferico-ordinanza-del-sindaco-di-feltre\/","og_site_name":"Bellunopress - Dolomiti","article_publisher":"https:\/\/www.facebook.com\/profile.php?id=100008943462799","article_published_time":"2022-11-02T16:24:17+00:00","og_image":[{"width":423,"height":512,"url":"https:\/\/www.bellunopress.it\/wp-content\/uploads\/2022\/06\/Viviana-Fusaro.jpg","type":"image\/jpeg"}],"author":"redazione","twitter_card":"summary_large_image","twitter_creator":"@bellunopress","twitter_site":"@bellunopress","twitter_misc":{"\u00c9crit par":"redazione","Dur\u00e9e de lecture estim\u00e9e":"7 minutes"},"schema":{"@context":"https:\/\/schema.org","@graph":[{"@type":"Article","@id":"https:\/\/www.bellunopress.it\/2022\/11\/02\/inquinamento-atmosferico-ordinanza-del-sindaco-di-feltre\/#article","isPartOf":{"@id":"https:\/\/www.bellunopress.it\/2022\/11\/02\/inquinamento-atmosferico-ordinanza-del-sindaco-di-feltre\/"},"author":{"name":"redazione","@id":"https:\/\/www.bellunopress.it\/#\/schema\/person\/79bb06722b37ece1c03d3e94beb30d73"},"headline":"Inquinamento atmosferico. Ordinanza del sindaco di Feltre","datePublished":"2022-11-02T16:24:17+00:00","mainEntityOfPage":{"@id":"https:\/\/www.bellunopress.it\/2022\/11\/02\/inquinamento-atmosferico-ordinanza-del-sindaco-di-feltre\/"},"wordCount":1132,"publisher":{"@id":"https:\/\/www.bellunopress.it\/#organization"},"image":{"@id":"https:\/\/www.bellunopress.it\/2022\/11\/02\/inquinamento-atmosferico-ordinanza-del-sindaco-di-feltre\/#primaryimage"},"thumbnailUrl":"https:\/\/www.bellunopress.it\/wp-content\/uploads\/2022\/06\/Viviana-Fusaro.jpg","articleSection":["Prima Pagina","Societ\u00e0, Associazioni, Istituzioni"],"inLanguage":"fr-FR"},{"@type":"WebPage","@id":"https:\/\/www.bellunopress.it\/2022\/11\/02\/inquinamento-atmosferico-ordinanza-del-sindaco-di-feltre\/","url":"https:\/\/www.bellunopress.it\/2022\/11\/02\/inquinamento-atmosferico-ordinanza-del-sindaco-di-feltre\/","name":"Inquinamento atmosferico. Ordinanza del sindaco di Feltre - Bellunopress - Dolomiti","isPartOf":{"@id":"https:\/\/www.bellunopress.it\/#website"},"primaryImageOfPage":{"@id":"https:\/\/www.bellunopress.it\/2022\/11\/02\/inquinamento-atmosferico-ordinanza-del-sindaco-di-feltre\/#primaryimage"},"image":{"@id":"https:\/\/www.bellunopress.it\/2022\/11\/02\/inquinamento-atmosferico-ordinanza-del-sindaco-di-feltre\/#primaryimage"},"thumbnailUrl":"https:\/\/www.bellunopress.it\/wp-content\/uploads\/2022\/06\/Viviana-Fusaro.jpg","datePublished":"2022-11-02T16:24:17+00:00","breadcrumb":{"@id":"https:\/\/www.bellunopress.it\/2022\/11\/02\/inquinamento-atmosferico-ordinanza-del-sindaco-di-feltre\/#breadcrumb"},"inLanguage":"fr-FR","potentialAction":[{"@type":"ReadAction","target":["https:\/\/www.bellunopress.it\/2022\/11\/02\/inquinamento-atmosferico-ordinanza-del-sindaco-di-feltre\/"]}]},{"@type":"ImageObject","inLanguage":"fr-FR","@id":"https:\/\/www.bellunopress.it\/2022\/11\/02\/inquinamento-atmosferico-ordinanza-del-sindaco-di-feltre\/#primaryimage","url":"https:\/\/www.bellunopress.it\/wp-content\/uploads\/2022\/06\/Viviana-Fusaro.jpg","contentUrl":"https:\/\/www.bellunopress.it\/wp-content\/uploads\/2022\/06\/Viviana-Fusaro.jpg","width":423,"height":512,"caption":"Viviana Fusaro, sindaco di Feltre"},{"@type":"BreadcrumbList","@id":"https:\/\/www.bellunopress.it\/2022\/11\/02\/inquinamento-atmosferico-ordinanza-del-sindaco-di-feltre\/#breadcrumb","itemListElement":[{"@type":"ListItem","position":1,"name":"Home","item":"https:\/\/www.bellunopress.it\/"},{"@type":"ListItem","position":2,"name":"Inquinamento atmosferico. Ordinanza del sindaco di Feltre"}]},{"@type":"WebSite","@id":"https:\/\/www.bellunopress.it\/#website","url":"https:\/\/www.bellunopress.it\/","name":"Bellunopress - Dolomiti","description":"e-mail: redazione@bellunopress.it","publisher":{"@id":"https:\/\/www.bellunopress.it\/#organization"},"potentialAction":[{"@type":"SearchAction","target":{"@type":"EntryPoint","urlTemplate":"https:\/\/www.bellunopress.it\/?s={search_term_string}"},"query-input":{"@type":"PropertyValueSpecification","valueRequired":true,"valueName":"search_term_string"}}],"inLanguage":"fr-FR"},{"@type":"Organization","@id":"https:\/\/www.bellunopress.it\/#organization","name":"Bellunopress","url":"https:\/\/www.bellunopress.it\/","logo":{"@type":"ImageObject","inLanguage":"fr-FR","@id":"https:\/\/www.bellunopress.it\/#\/schema\/logo\/image\/","url":"https:\/\/www.bellunopress.it\/wp-content\/uploads\/2011\/05\/cropped-logo-bellunopress-.jpg","contentUrl":"https:\/\/www.bellunopress.it\/wp-content\/uploads\/2011\/05\/cropped-logo-bellunopress-.jpg","width":512,"height":512,"caption":"Bellunopress"},"image":{"@id":"https:\/\/www.bellunopress.it\/#\/schema\/logo\/image\/"},"sameAs":["https:\/\/www.facebook.com\/profile.php?id=100008943462799","https:\/\/x.com\/bellunopress","https:\/\/www.linkedin.com\/hp\/?dnr=JBzUWaJfMUw8vbXJJ2tVW5-I3jZKvC4wsoxE&amp;amp;amp;amp;amp;amp;trk=nav_responsive_tab_home","https:\/\/www.youtube.com\/channel\/UCxL0wu1uN0_3_7hGG0306cw"]},{"@type":"Person","@id":"https:\/\/www.bellunopress.it\/#\/schema\/person\/79bb06722b37ece1c03d3e94beb30d73","name":"r\u00e9daction","image":{"@type":"ImageObject","inLanguage":"fr-FR","@id":"https:\/\/secure.gravatar.com\/avatar\/37d968a2e67a6fd04c169c4bdef102d0bc5d31b2546345219e348575eb80e9a0?s=96&d=mm&r=g","url":"https:\/\/secure.gravatar.com\/avatar\/37d968a2e67a6fd04c169c4bdef102d0bc5d31b2546345219e348575eb80e9a0?s=96&d=mm&r=g","contentUrl":"https:\/\/secure.gravatar.com\/avatar\/37d968a2e67a6fd04c169c4bdef102d0bc5d31b2546345219e348575eb80e9a0?s=96&d=mm&r=g","caption":"redazione"},"sameAs":["http:\/\/www.bellunopress.it","https:\/\/x.com\/bellunopress"],"url":"https:\/\/www.bellunopress.it\/fr\/author\/redazione\/"}]}},"_links":{"self":[{"href":"https:\/\/www.bellunopress.it\/fr\/wp-json\/wp\/v2\/posts\/137414","targetHints":{"allow":["GET"]}}],"collection":[{"href":"https:\/\/www.bellunopress.it\/fr\/wp-json\/wp\/v2\/posts"}],"about":[{"href":"https:\/\/www.bellunopress.it\/fr\/wp-json\/wp\/v2\/types\/post"}],"author":[{"embeddable":true,"href":"https:\/\/www.bellunopress.it\/fr\/wp-json\/wp\/v2\/users\/2"}],"replies":[{"embeddable":true,"href":"https:\/\/www.bellunopress.it\/fr\/wp-json\/wp\/v2\/comments?post=137414"}],"version-history":[{"count":1,"href":"https:\/\/www.bellunopress.it\/fr\/wp-json\/wp\/v2\/posts\/137414\/revisions"}],"predecessor-version":[{"id":137415,"href":"https:\/\/www.bellunopress.it\/fr\/wp-json\/wp\/v2\/posts\/137414\/revisions\/137415"}],"wp:featuredmedia":[{"embeddable":true,"href":"https:\/\/www.bellunopress.it\/fr\/wp-json\/wp\/v2\/media\/134498"}],"wp:attachment":[{"href":"https:\/\/www.bellunopress.it\/fr\/wp-json\/wp\/v2\/media?parent=137414"}],"wp:term":[{"taxonomy":"category","embeddable":true,"href":"https:\/\/www.bellunopress.it\/fr\/wp-json\/wp\/v2\/categories?post=137414"},{"taxonomy":"post_tag","embeddable":true,"href":"https:\/\/www.bellunopress.it\/fr\/wp-json\/wp\/v2\/tags?post=137414"}],"curies":[{"name":"wp","href":"https:\/\/api.w.org\/{rel}","templated":true}]}}