{"id":137409,"date":"2022-11-02T16:03:40","date_gmt":"2022-11-02T15:03:40","guid":{"rendered":"https:\/\/www.bellunopress.it\/?p=137409"},"modified":"2022-11-02T16:03:40","modified_gmt":"2022-11-02T15:03:40","slug":"museo-fulcis-dall8-al-13-novembre-biglietto-ridotto","status":"publish","type":"post","link":"https:\/\/www.bellunopress.it\/fr\/2022\/11\/02\/museo-fulcis-dall8-al-13-novembre-biglietto-ridotto\/","title":{"rendered":"Museo Fulcis: dall&#8217;8 al 13 novembre biglietto ridotto"},"content":{"rendered":"<figure id=\"attachment_112879\" aria-describedby=\"caption-attachment-112879\" style=\"width: 800px\" class=\"wp-caption alignleft\"><img loading=\"lazy\" decoding=\"async\" class=\"size-full wp-image-112879\" src=\"https:\/\/www.bellunopress.it\/wp-content\/uploads\/2020\/03\/museo-Fulcis-facciata-esterna.jpg\" alt=\"\" width=\"800\" height=\"772\" srcset=\"https:\/\/www.bellunopress.it\/wp-content\/uploads\/2020\/03\/museo-Fulcis-facciata-esterna.jpg 800w, https:\/\/www.bellunopress.it\/wp-content\/uploads\/2020\/03\/museo-Fulcis-facciata-esterna-500x483.jpg 500w, https:\/\/www.bellunopress.it\/wp-content\/uploads\/2020\/03\/museo-Fulcis-facciata-esterna-696x672.jpg 696w, https:\/\/www.bellunopress.it\/wp-content\/uploads\/2020\/03\/museo-Fulcis-facciata-esterna-435x420.jpg 435w\" sizes=\"auto, (max-width: 800px) 100vw, 800px\" \/><figcaption id=\"caption-attachment-112879\" class=\"wp-caption-text\">Museo Fulcis &#8211; Belluno<\/figcaption><\/figure>\n<p>Novembre dedicato alla cultura a Belluno: il biglietto d\u2019ingresso al Museo Fulcis sar\u00e0 scontato.<\/p>\n<p>In occasione delle festivit\u00e0 dedicate al santo patrono della citt\u00e0 e delle iniziative proposte dalla manifestazione \u201cBelluno citt\u00e0 del legno\u201d, dall\u20198 al 13 novembre sar\u00e0 possibile visitare il museo civico al costo, simbolico, di 3 euro anzich\u00e9 8. \u201cNei giorni dedicati al simposio di scultura e al nostro Santo, attendiamo un grande afflusso di persone da tutta la provincia e da fuori \u2013 spiega il sindaco, Oscar De Pellegrin -, \u00e8 un\u2019occasione per invitare alla visita delle collezioni del nostro museo e per mostrare come la citt\u00e0 sappia essere capoluogo anche in ambito culturale, centro catalizzatore di iniziative capaci di attrattivit\u00e0. Tra i nostri obiettivi c\u2019\u00e8 quello di rafforzare il ruolo di Belluno nel panorama delle citt\u00e0 alpine, rendendola sempre di pi\u00f9 capoluogo delle Dolomiti\u201d.<\/p>\n<p>In occasione dell\u2019Ex Tempore, il Consorzio Belluno Centro Storico allestir\u00e0 nel cortile interno del Palazzo una mostra fotografica e, sempre l\u00ec, verranno esposte le sculture per essere votate dai cittadini. Si prevede dunque un intenso via vai, che l\u2019amministrazione vorrebbe andasse a beneficio anche del Museo dove al momento \u00e8 in corso la mostra \u201cDino Buzzati. Dentro la creazione\u201d, esposizione proposta nell\u2019ambito delle celebrazioni per i 50 anni della morte dello scrittore bellunese.<\/p>\n<p>\u201cAl costo simbolico di due palline di gelato si propone la visita ad un museo prezioso, un gioiello di cui la nostra citt\u00e0 va fiera \u2013 commenta l\u2019assessore alla cultura, Raffaele Addamiano -. E\u2019 un modo per invogliare le persone a salire dal cortile interno ai piani superiori per apprezzare le collezioni racchiuse nelle sale e la mostra dedicata al nostro Buzzati. Sarebbe un peccato non approfittare di un\u2019occasione simile. Con questa iniziativa andiamo incontro alla fame di cultura che io sento esserci anche nella nostra comunit\u00e0 offrendo, al prezzo simbolico di un gelato, una proposta che \u00e8 cibo per l\u2019anima\u201d.<\/p>","protected":false},"excerpt":{"rendered":"<p>Novembre dedicato alla cultura a Belluno: il biglietto d\u2019ingresso al Museo Fulcis sar\u00e0 scontato. In occasione delle festivit\u00e0 dedicate al santo patrono della citt\u00e0 e delle iniziative proposte dalla manifestazione \u201cBelluno citt\u00e0 del legno\u201d, dall\u20198 al 13 novembre sar\u00e0 possibile visitare il museo civico al costo, simbolico, di 3 euro anzich\u00e9 8. \u201cNei giorni dedicati [&hellip;]<\/p>\n","protected":false},"author":2,"featured_media":114422,"comment_status":"closed","ping_status":"open","sticky":false,"template":"","format":"standard","meta":{"footnotes":""},"categories":[3,25],"tags":[],"class_list":["post-137409","post","type-post","status-publish","format-standard","has-post-thumbnail","category-arte-cultura-spettacoli-scienza-archivi","category-pausa-caffe"],"yoast_head":"<!-- This site is optimized with the Yoast SEO plugin v28.4 - https:\/\/yoast.com\/product\/yoast-seo-wordpress\/ -->\n<title>Museo Fulcis: dall&#039;8 al 13 novembre biglietto ridotto - Bellunopress - Dolomiti<\/title>\n<meta name=\"robots\" content=\"index, follow, max-snippet:-1, max-image-preview:large, max-video-preview:-1\" \/>\n<link rel=\"canonical\" href=\"https:\/\/www.bellunopress.it\/fr\/2022\/11\/02\/museo-fulcis-dall8-al-13-novembre-biglietto-ridotto\/\" \/>\n<meta property=\"og:locale\" content=\"fr_FR\" \/>\n<meta property=\"og:type\" content=\"article\" \/>\n<meta property=\"og:title\" content=\"Museo Fulcis: dall&#039;8 al 13 novembre biglietto ridotto - Bellunopress - Dolomiti\" \/>\n<meta property=\"og:description\" content=\"Novembre dedicato alla cultura a Belluno: il biglietto d\u2019ingresso al Museo Fulcis sar\u00e0 scontato. In occasione delle festivit\u00e0 dedicate al santo patrono della citt\u00e0 e delle iniziative proposte dalla manifestazione \u201cBelluno citt\u00e0 del legno\u201d, dall\u20198 al 13 novembre sar\u00e0 possibile visitare il museo civico al costo, simbolico, di 3 euro anzich\u00e9 8. \u201cNei giorni dedicati [&hellip;]\" \/>\n<meta property=\"og:url\" content=\"https:\/\/www.bellunopress.it\/fr\/2022\/11\/02\/museo-fulcis-dall8-al-13-novembre-biglietto-ridotto\/\" \/>\n<meta property=\"og:site_name\" content=\"Bellunopress - Dolomiti\" \/>\n<meta property=\"article:publisher\" content=\"https:\/\/www.facebook.com\/profile.php?id=100008943462799\" \/>\n<meta property=\"article:published_time\" content=\"2022-11-02T15:03:40+00:00\" \/>\n<meta property=\"og:image\" content=\"https:\/\/www.bellunopress.it\/wp-content\/uploads\/2020\/05\/museo-Fulcis_edited.jpg\" \/>\n\t<meta property=\"og:image:width\" content=\"800\" \/>\n\t<meta property=\"og:image:height\" content=\"626\" \/>\n\t<meta property=\"og:image:type\" content=\"image\/jpeg\" \/>\n<meta name=\"author\" content=\"redazione\" \/>\n<meta name=\"twitter:card\" content=\"summary_large_image\" \/>\n<meta name=\"twitter:creator\" content=\"@bellunopress\" \/>\n<meta name=\"twitter:site\" content=\"@bellunopress\" \/>\n<meta name=\"twitter:label1\" content=\"Written by\" \/>\n\t<meta name=\"twitter:data1\" content=\"redazione\" \/>\n\t<meta name=\"twitter:label2\" content=\"Est. reading time\" \/>\n\t<meta name=\"twitter:data2\" content=\"2 minutes\" \/>\n<script type=\"application\/ld+json\" class=\"yoast-schema-graph\">{\"@context\":\"https:\\\/\\\/schema.org\",\"@graph\":[{\"@type\":\"Article\",\"@id\":\"https:\\\/\\\/www.bellunopress.it\\\/2022\\\/11\\\/02\\\/museo-fulcis-dall8-al-13-novembre-biglietto-ridotto\\\/#article\",\"isPartOf\":{\"@id\":\"https:\\\/\\\/www.bellunopress.it\\\/2022\\\/11\\\/02\\\/museo-fulcis-dall8-al-13-novembre-biglietto-ridotto\\\/\"},\"author\":{\"name\":\"redazione\",\"@id\":\"https:\\\/\\\/www.bellunopress.it\\\/#\\\/schema\\\/person\\\/79bb06722b37ece1c03d3e94beb30d73\"},\"headline\":\"Museo Fulcis: dall&#8217;8 al 13 novembre biglietto ridotto\",\"datePublished\":\"2022-11-02T15:03:40+00:00\",\"mainEntityOfPage\":{\"@id\":\"https:\\\/\\\/www.bellunopress.it\\\/2022\\\/11\\\/02\\\/museo-fulcis-dall8-al-13-novembre-biglietto-ridotto\\\/\"},\"wordCount\":330,\"publisher\":{\"@id\":\"https:\\\/\\\/www.bellunopress.it\\\/#organization\"},\"image\":{\"@id\":\"https:\\\/\\\/www.bellunopress.it\\\/2022\\\/11\\\/02\\\/museo-fulcis-dall8-al-13-novembre-biglietto-ridotto\\\/#primaryimage\"},\"thumbnailUrl\":\"https:\\\/\\\/www.bellunopress.it\\\/wp-content\\\/uploads\\\/2020\\\/05\\\/museo-Fulcis_edited.jpg\",\"articleSection\":[\"Arte, Cultura, Spettacoli, Scienza\",\"Pausa Caff\u00e8\"],\"inLanguage\":\"fr-FR\"},{\"@type\":\"WebPage\",\"@id\":\"https:\\\/\\\/www.bellunopress.it\\\/2022\\\/11\\\/02\\\/museo-fulcis-dall8-al-13-novembre-biglietto-ridotto\\\/\",\"url\":\"https:\\\/\\\/www.bellunopress.it\\\/2022\\\/11\\\/02\\\/museo-fulcis-dall8-al-13-novembre-biglietto-ridotto\\\/\",\"name\":\"Museo Fulcis: dall'8 al 13 novembre biglietto ridotto - Bellunopress - Dolomiti\",\"isPartOf\":{\"@id\":\"https:\\\/\\\/www.bellunopress.it\\\/#website\"},\"primaryImageOfPage\":{\"@id\":\"https:\\\/\\\/www.bellunopress.it\\\/2022\\\/11\\\/02\\\/museo-fulcis-dall8-al-13-novembre-biglietto-ridotto\\\/#primaryimage\"},\"image\":{\"@id\":\"https:\\\/\\\/www.bellunopress.it\\\/2022\\\/11\\\/02\\\/museo-fulcis-dall8-al-13-novembre-biglietto-ridotto\\\/#primaryimage\"},\"thumbnailUrl\":\"https:\\\/\\\/www.bellunopress.it\\\/wp-content\\\/uploads\\\/2020\\\/05\\\/museo-Fulcis_edited.jpg\",\"datePublished\":\"2022-11-02T15:03:40+00:00\",\"breadcrumb\":{\"@id\":\"https:\\\/\\\/www.bellunopress.it\\\/2022\\\/11\\\/02\\\/museo-fulcis-dall8-al-13-novembre-biglietto-ridotto\\\/#breadcrumb\"},\"inLanguage\":\"fr-FR\",\"potentialAction\":[{\"@type\":\"ReadAction\",\"target\":[\"https:\\\/\\\/www.bellunopress.it\\\/2022\\\/11\\\/02\\\/museo-fulcis-dall8-al-13-novembre-biglietto-ridotto\\\/\"]}]},{\"@type\":\"ImageObject\",\"inLanguage\":\"fr-FR\",\"@id\":\"https:\\\/\\\/www.bellunopress.it\\\/2022\\\/11\\\/02\\\/museo-fulcis-dall8-al-13-novembre-biglietto-ridotto\\\/#primaryimage\",\"url\":\"https:\\\/\\\/www.bellunopress.it\\\/wp-content\\\/uploads\\\/2020\\\/05\\\/museo-Fulcis_edited.jpg\",\"contentUrl\":\"https:\\\/\\\/www.bellunopress.it\\\/wp-content\\\/uploads\\\/2020\\\/05\\\/museo-Fulcis_edited.jpg\",\"width\":800,\"height\":626,\"caption\":\"Palazzo Fulcis, sede del Museo civico di Belluno\"},{\"@type\":\"BreadcrumbList\",\"@id\":\"https:\\\/\\\/www.bellunopress.it\\\/2022\\\/11\\\/02\\\/museo-fulcis-dall8-al-13-novembre-biglietto-ridotto\\\/#breadcrumb\",\"itemListElement\":[{\"@type\":\"ListItem\",\"position\":1,\"name\":\"Home\",\"item\":\"https:\\\/\\\/www.bellunopress.it\\\/\"},{\"@type\":\"ListItem\",\"position\":2,\"name\":\"Museo Fulcis: dall&#8217;8 al 13 novembre biglietto ridotto\"}]},{\"@type\":\"WebSite\",\"@id\":\"https:\\\/\\\/www.bellunopress.it\\\/#website\",\"url\":\"https:\\\/\\\/www.bellunopress.it\\\/\",\"name\":\"Bellunopress - Dolomiti\",\"description\":\"e-mail: redazione@bellunopress.it\",\"publisher\":{\"@id\":\"https:\\\/\\\/www.bellunopress.it\\\/#organization\"},\"potentialAction\":[{\"@type\":\"SearchAction\",\"target\":{\"@type\":\"EntryPoint\",\"urlTemplate\":\"https:\\\/\\\/www.bellunopress.it\\\/?s={search_term_string}\"},\"query-input\":{\"@type\":\"PropertyValueSpecification\",\"valueRequired\":true,\"valueName\":\"search_term_string\"}}],\"inLanguage\":\"fr-FR\"},{\"@type\":\"Organization\",\"@id\":\"https:\\\/\\\/www.bellunopress.it\\\/#organization\",\"name\":\"Bellunopress\",\"url\":\"https:\\\/\\\/www.bellunopress.it\\\/\",\"logo\":{\"@type\":\"ImageObject\",\"inLanguage\":\"fr-FR\",\"@id\":\"https:\\\/\\\/www.bellunopress.it\\\/#\\\/schema\\\/logo\\\/image\\\/\",\"url\":\"https:\\\/\\\/www.bellunopress.it\\\/wp-content\\\/uploads\\\/2011\\\/05\\\/cropped-logo-bellunopress-.jpg\",\"contentUrl\":\"https:\\\/\\\/www.bellunopress.it\\\/wp-content\\\/uploads\\\/2011\\\/05\\\/cropped-logo-bellunopress-.jpg\",\"width\":512,\"height\":512,\"caption\":\"Bellunopress\"},\"image\":{\"@id\":\"https:\\\/\\\/www.bellunopress.it\\\/#\\\/schema\\\/logo\\\/image\\\/\"},\"sameAs\":[\"https:\\\/\\\/www.facebook.com\\\/profile.php?id=100008943462799\",\"https:\\\/\\\/x.com\\\/bellunopress\",\"https:\\\/\\\/www.linkedin.com\\\/hp\\\/?dnr=JBzUWaJfMUw8vbXJJ2tVW5-I3jZKvC4wsoxE&amp;amp;amp;amp;amp;amp;trk=nav_responsive_tab_home\",\"https:\\\/\\\/www.youtube.com\\\/channel\\\/UCxL0wu1uN0_3_7hGG0306cw\"]},{\"@type\":\"Person\",\"@id\":\"https:\\\/\\\/www.bellunopress.it\\\/#\\\/schema\\\/person\\\/79bb06722b37ece1c03d3e94beb30d73\",\"name\":\"redazione\",\"image\":{\"@type\":\"ImageObject\",\"inLanguage\":\"fr-FR\",\"@id\":\"https:\\\/\\\/secure.gravatar.com\\\/avatar\\\/37d968a2e67a6fd04c169c4bdef102d0bc5d31b2546345219e348575eb80e9a0?s=96&d=mm&r=g\",\"url\":\"https:\\\/\\\/secure.gravatar.com\\\/avatar\\\/37d968a2e67a6fd04c169c4bdef102d0bc5d31b2546345219e348575eb80e9a0?s=96&d=mm&r=g\",\"contentUrl\":\"https:\\\/\\\/secure.gravatar.com\\\/avatar\\\/37d968a2e67a6fd04c169c4bdef102d0bc5d31b2546345219e348575eb80e9a0?s=96&d=mm&r=g\",\"caption\":\"redazione\"},\"sameAs\":[\"http:\\\/\\\/www.bellunopress.it\",\"https:\\\/\\\/x.com\\\/bellunopress\"],\"url\":\"https:\\\/\\\/www.bellunopress.it\\\/fr\\\/author\\\/redazione\\\/\"}]}<\/script>\n<!-- \/ Yoast SEO plugin. -->","yoast_head_json":{"title":"Museo Fulcis: dall'8 al 13 novembre biglietto ridotto - Bellunopress - Dolomiti","robots":{"index":"index","follow":"follow","max-snippet":"max-snippet:-1","max-image-preview":"max-image-preview:large","max-video-preview":"max-video-preview:-1"},"canonical":"https:\/\/www.bellunopress.it\/fr\/2022\/11\/02\/museo-fulcis-dall8-al-13-novembre-biglietto-ridotto\/","og_locale":"fr_FR","og_type":"article","og_title":"Museo Fulcis: dall'8 al 13 novembre biglietto ridotto - Bellunopress - Dolomiti","og_description":"Novembre dedicato alla cultura a Belluno: il biglietto d\u2019ingresso al Museo Fulcis sar\u00e0 scontato. In occasione delle festivit\u00e0 dedicate al santo patrono della citt\u00e0 e delle iniziative proposte dalla manifestazione \u201cBelluno citt\u00e0 del legno\u201d, dall\u20198 al 13 novembre sar\u00e0 possibile visitare il museo civico al costo, simbolico, di 3 euro anzich\u00e9 8. \u201cNei giorni dedicati [&hellip;]","og_url":"https:\/\/www.bellunopress.it\/fr\/2022\/11\/02\/museo-fulcis-dall8-al-13-novembre-biglietto-ridotto\/","og_site_name":"Bellunopress - Dolomiti","article_publisher":"https:\/\/www.facebook.com\/profile.php?id=100008943462799","article_published_time":"2022-11-02T15:03:40+00:00","og_image":[{"width":800,"height":626,"url":"https:\/\/www.bellunopress.it\/wp-content\/uploads\/2020\/05\/museo-Fulcis_edited.jpg","type":"image\/jpeg"}],"author":"redazione","twitter_card":"summary_large_image","twitter_creator":"@bellunopress","twitter_site":"@bellunopress","twitter_misc":{"Written by":"redazione","Est. reading time":"2 minutes"},"schema":{"@context":"https:\/\/schema.org","@graph":[{"@type":"Article","@id":"https:\/\/www.bellunopress.it\/2022\/11\/02\/museo-fulcis-dall8-al-13-novembre-biglietto-ridotto\/#article","isPartOf":{"@id":"https:\/\/www.bellunopress.it\/2022\/11\/02\/museo-fulcis-dall8-al-13-novembre-biglietto-ridotto\/"},"author":{"name":"redazione","@id":"https:\/\/www.bellunopress.it\/#\/schema\/person\/79bb06722b37ece1c03d3e94beb30d73"},"headline":"Museo Fulcis: dall&#8217;8 al 13 novembre biglietto ridotto","datePublished":"2022-11-02T15:03:40+00:00","mainEntityOfPage":{"@id":"https:\/\/www.bellunopress.it\/2022\/11\/02\/museo-fulcis-dall8-al-13-novembre-biglietto-ridotto\/"},"wordCount":330,"publisher":{"@id":"https:\/\/www.bellunopress.it\/#organization"},"image":{"@id":"https:\/\/www.bellunopress.it\/2022\/11\/02\/museo-fulcis-dall8-al-13-novembre-biglietto-ridotto\/#primaryimage"},"thumbnailUrl":"https:\/\/www.bellunopress.it\/wp-content\/uploads\/2020\/05\/museo-Fulcis_edited.jpg","articleSection":["Arte, Cultura, Spettacoli, Scienza","Pausa Caff\u00e8"],"inLanguage":"fr-FR"},{"@type":"WebPage","@id":"https:\/\/www.bellunopress.it\/2022\/11\/02\/museo-fulcis-dall8-al-13-novembre-biglietto-ridotto\/","url":"https:\/\/www.bellunopress.it\/2022\/11\/02\/museo-fulcis-dall8-al-13-novembre-biglietto-ridotto\/","name":"Museo Fulcis: dall'8 al 13 novembre biglietto ridotto - Bellunopress - Dolomiti","isPartOf":{"@id":"https:\/\/www.bellunopress.it\/#website"},"primaryImageOfPage":{"@id":"https:\/\/www.bellunopress.it\/2022\/11\/02\/museo-fulcis-dall8-al-13-novembre-biglietto-ridotto\/#primaryimage"},"image":{"@id":"https:\/\/www.bellunopress.it\/2022\/11\/02\/museo-fulcis-dall8-al-13-novembre-biglietto-ridotto\/#primaryimage"},"thumbnailUrl":"https:\/\/www.bellunopress.it\/wp-content\/uploads\/2020\/05\/museo-Fulcis_edited.jpg","datePublished":"2022-11-02T15:03:40+00:00","breadcrumb":{"@id":"https:\/\/www.bellunopress.it\/2022\/11\/02\/museo-fulcis-dall8-al-13-novembre-biglietto-ridotto\/#breadcrumb"},"inLanguage":"fr-FR","potentialAction":[{"@type":"ReadAction","target":["https:\/\/www.bellunopress.it\/2022\/11\/02\/museo-fulcis-dall8-al-13-novembre-biglietto-ridotto\/"]}]},{"@type":"ImageObject","inLanguage":"fr-FR","@id":"https:\/\/www.bellunopress.it\/2022\/11\/02\/museo-fulcis-dall8-al-13-novembre-biglietto-ridotto\/#primaryimage","url":"https:\/\/www.bellunopress.it\/wp-content\/uploads\/2020\/05\/museo-Fulcis_edited.jpg","contentUrl":"https:\/\/www.bellunopress.it\/wp-content\/uploads\/2020\/05\/museo-Fulcis_edited.jpg","width":800,"height":626,"caption":"Palazzo Fulcis, sede del Museo civico di Belluno"},{"@type":"BreadcrumbList","@id":"https:\/\/www.bellunopress.it\/2022\/11\/02\/museo-fulcis-dall8-al-13-novembre-biglietto-ridotto\/#breadcrumb","itemListElement":[{"@type":"ListItem","position":1,"name":"Home","item":"https:\/\/www.bellunopress.it\/"},{"@type":"ListItem","position":2,"name":"Museo Fulcis: dall&#8217;8 al 13 novembre biglietto ridotto"}]},{"@type":"WebSite","@id":"https:\/\/www.bellunopress.it\/#website","url":"https:\/\/www.bellunopress.it\/","name":"Bellunopress - Dolomiti","description":"e-mail: redazione@bellunopress.it","publisher":{"@id":"https:\/\/www.bellunopress.it\/#organization"},"potentialAction":[{"@type":"SearchAction","target":{"@type":"EntryPoint","urlTemplate":"https:\/\/www.bellunopress.it\/?s={search_term_string}"},"query-input":{"@type":"PropertyValueSpecification","valueRequired":true,"valueName":"search_term_string"}}],"inLanguage":"fr-FR"},{"@type":"Organization","@id":"https:\/\/www.bellunopress.it\/#organization","name":"Bellunopress","url":"https:\/\/www.bellunopress.it\/","logo":{"@type":"ImageObject","inLanguage":"fr-FR","@id":"https:\/\/www.bellunopress.it\/#\/schema\/logo\/image\/","url":"https:\/\/www.bellunopress.it\/wp-content\/uploads\/2011\/05\/cropped-logo-bellunopress-.jpg","contentUrl":"https:\/\/www.bellunopress.it\/wp-content\/uploads\/2011\/05\/cropped-logo-bellunopress-.jpg","width":512,"height":512,"caption":"Bellunopress"},"image":{"@id":"https:\/\/www.bellunopress.it\/#\/schema\/logo\/image\/"},"sameAs":["https:\/\/www.facebook.com\/profile.php?id=100008943462799","https:\/\/x.com\/bellunopress","https:\/\/www.linkedin.com\/hp\/?dnr=JBzUWaJfMUw8vbXJJ2tVW5-I3jZKvC4wsoxE&amp;amp;amp;amp;amp;amp;trk=nav_responsive_tab_home","https:\/\/www.youtube.com\/channel\/UCxL0wu1uN0_3_7hGG0306cw"]},{"@type":"Person","@id":"https:\/\/www.bellunopress.it\/#\/schema\/person\/79bb06722b37ece1c03d3e94beb30d73","name":"r\u00e9daction","image":{"@type":"ImageObject","inLanguage":"fr-FR","@id":"https:\/\/secure.gravatar.com\/avatar\/37d968a2e67a6fd04c169c4bdef102d0bc5d31b2546345219e348575eb80e9a0?s=96&d=mm&r=g","url":"https:\/\/secure.gravatar.com\/avatar\/37d968a2e67a6fd04c169c4bdef102d0bc5d31b2546345219e348575eb80e9a0?s=96&d=mm&r=g","contentUrl":"https:\/\/secure.gravatar.com\/avatar\/37d968a2e67a6fd04c169c4bdef102d0bc5d31b2546345219e348575eb80e9a0?s=96&d=mm&r=g","caption":"redazione"},"sameAs":["http:\/\/www.bellunopress.it","https:\/\/x.com\/bellunopress"],"url":"https:\/\/www.bellunopress.it\/fr\/author\/redazione\/"}]}},"_links":{"self":[{"href":"https:\/\/www.bellunopress.it\/fr\/wp-json\/wp\/v2\/posts\/137409","targetHints":{"allow":["GET"]}}],"collection":[{"href":"https:\/\/www.bellunopress.it\/fr\/wp-json\/wp\/v2\/posts"}],"about":[{"href":"https:\/\/www.bellunopress.it\/fr\/wp-json\/wp\/v2\/types\/post"}],"author":[{"embeddable":true,"href":"https:\/\/www.bellunopress.it\/fr\/wp-json\/wp\/v2\/users\/2"}],"replies":[{"embeddable":true,"href":"https:\/\/www.bellunopress.it\/fr\/wp-json\/wp\/v2\/comments?post=137409"}],"version-history":[{"count":1,"href":"https:\/\/www.bellunopress.it\/fr\/wp-json\/wp\/v2\/posts\/137409\/revisions"}],"predecessor-version":[{"id":137410,"href":"https:\/\/www.bellunopress.it\/fr\/wp-json\/wp\/v2\/posts\/137409\/revisions\/137410"}],"wp:featuredmedia":[{"embeddable":true,"href":"https:\/\/www.bellunopress.it\/fr\/wp-json\/wp\/v2\/media\/114422"}],"wp:attachment":[{"href":"https:\/\/www.bellunopress.it\/fr\/wp-json\/wp\/v2\/media?parent=137409"}],"wp:term":[{"taxonomy":"category","embeddable":true,"href":"https:\/\/www.bellunopress.it\/fr\/wp-json\/wp\/v2\/categories?post=137409"},{"taxonomy":"post_tag","embeddable":true,"href":"https:\/\/www.bellunopress.it\/fr\/wp-json\/wp\/v2\/tags?post=137409"}],"curies":[{"name":"wp","href":"https:\/\/api.w.org\/{rel}","templated":true}]}}