{"id":137403,"date":"2022-11-02T11:17:21","date_gmt":"2022-11-02T10:17:21","guid":{"rendered":"https:\/\/www.bellunopress.it\/?p=137403"},"modified":"2022-11-02T11:21:24","modified_gmt":"2022-11-02T10:21:24","slug":"visite-oculistiche-e-occhiali-gratuiti-alle-fasce-fragili-ed-indigenti-al-palaluxottica-di-agordo","status":"publish","type":"post","link":"https:\/\/www.bellunopress.it\/fr\/2022\/11\/02\/visite-oculistiche-e-occhiali-gratuiti-alle-fasce-fragili-ed-indigenti-al-palaluxottica-di-agordo\/","title":{"rendered":"Visite oculistiche e occhiali gratuiti alle fasce fragili ed indigenti al PalaLuxottica di Agordo"},"content":{"rendered":"<p><em><img loading=\"lazy\" decoding=\"async\" class=\"alignleft size-full wp-image-113555\" src=\"https:\/\/www.bellunopress.it\/wp-content\/uploads\/2020\/04\/Luxottica-2.jpg\" alt=\"\" width=\"778\" height=\"390\" srcset=\"https:\/\/www.bellunopress.it\/wp-content\/uploads\/2020\/04\/Luxottica-2.jpg 778w, https:\/\/www.bellunopress.it\/wp-content\/uploads\/2020\/04\/Luxottica-2-500x251.jpg 500w, https:\/\/www.bellunopress.it\/wp-content\/uploads\/2020\/04\/Luxottica-2-696x349.jpg 696w\" sizes=\"auto, (max-width: 778px) 100vw, 778px\" \/>Da luned\u00ec 7 a venerd\u00ec 18 novembre, seconda tappa italiana per l&#8217;iniziativa le &#8220;Giornate della Vista 2022-2023&#8221; della Fondazione OneSight EssilorLuxottica Italia che fa rete con le associazioni del territorio bellunese per proteggere la salute visiva delle fasce pi\u00f9 fragili e indigenti<\/em><\/p>\n<p>AGORDO, 2 novembre 2022 \u2013 Visite oculistiche e occhiali gratuiti per raggiungere le persone per le quali \u00e8 pi\u00f9 difficile accedere alle cure e alla prevenzione visiva: una fascia di popolazione, quella costretta a rinunciare a cure e salute, in crescita sul territorio nazionale in seguito al peggioramento della situazione politica ed economica internazionale.<\/p>\n<p>Per difendere il diritto a vedere bene e consentire un &#8220;accesso sostenibile&#8221; alle visite oculistiche e a occhiali da vista gratuiti a chi ne ha pi\u00f9 bisogno \u00e8 nata l&#8217;iniziativa le &#8220;Giornate della Vista&#8221; organizzata dalla Fondazione OneSight EssilorLuxottica Italia ETS (Ente Terzo Settore) per il 2022\/2023 sull&#8217;intero territorio nazionale. Se la prevenzione \u00e8 fondamentale in ogni ambito della salute, lo \u00e8 in particolar modo nell&#8217;ambito della vista. Le principali malattie che colpiscono retina e nervo ottico \u2013 glaucoma, retinopatia diabetica e degenerazione maculare \u2013 sono, infatti, asintomatiche negli stadi iniziali e la diagnosi precoce di un medico oculista \u00e8 essenziale per evitare danni irreparabili. Parallelamente, la perdita di visione e i difetti visivi non corretti riducono l&#8217;autonomia della persona e contribuiscono in maniera significativa a ostacolarne il potenziale, aggravando il rischio di emarginazione sociale.<\/p>\n<p>Ad ogni tappa, in 12 citt\u00e0 italiane, perci\u00f2, si effettueranno visite oculistiche per persone indigenti a titolo gratuito e donando occhiali da vista ove necessario. Il numero di persone coinvolte tramite una vasta rete di partner e associazioni di riferimento sul territorio italiano sar\u00e0 di circa 1.000 per tappa.<\/p>\n<p>Da luned\u00ec 7 a venerd\u00ec 18 novembre l&#8217;iniziativa si fermer\u00e0 al PalaLuxottica di Agordo per la seconda tappa dopo l&#8217;inaugurazione a Milano il 10 ottobre scorso. Qui opereranno l&#8217;equipe di Marco Tavolato, Direttore dell&#8217;Unit\u00e0 Operativa Complessa di Oculistica di Chioggia, la dottoressa Valeria Iannucci, Medico Oculista in forza all&#8217;Agenzia Internazionale per la prevenzione della cecit\u00e0 \u2013 IAPB Italia Onlus, e il dottor Daniele Signori, Medico Oculista di Feltre. Nella struttura ci saranno 5 sale dedicate ai medici, una dedicata all&#8217;ottico Salmoiraghi &amp; Vigan\u00f2, un&#8217;area giochi per i bambini. Le persone visitate saranno selezionate dalla Caritas di Belluno e Feltre e dall&#8217;Associazione Insieme Si Pu\u00f2, in modo da dare l&#8217;opportunit\u00e0 della visita alle pi\u00f9 fragili, bisognose e indigenti.<\/p>\n<p>&#8220;Anche in Italia si pu\u00f2 fare molto per favorire l&#8217;accesso alle cure oculistiche e l&#8217;inclusione sociale per le persone svantaggiate o con problemi di visione \u2013 commenta, infatti, il Segretario Generale della Fondazione OneSight EssilorLuxottica Italia ETS Andrea Rendina \u2013. Il crescente numero di senzatetto, rifugiati dalle guerre, persone in condizioni di povert\u00e0, impone un intervento importante. A queste persone ci ripromettiamo di offrire visite oculistiche ed occhiali da vista gratuiti con la collaborazione dei medici oculisti e delle associazioni presenti in tutta Italia&#8221;.<\/p>\n<p>La OneSight EssilorLuxottica Foundation opera in tutto il mondo, Dal 2013, con il sostegno di Governi, ONG e una vasta rete partner, la Foundation ha dato accesso permanente all&#8217;assistenza oculistica a mezzo miliardo di persone e ha fornito occhiali a oltre 50 milioni di individui nelle aree e nelle comunit\u00e0 svantaggiate del pianeta. Molte di loro hanno scoperto i benefici di una correzione visiva per la prima volta nella loro vita. Contemporaneamente, la Fondazione ha formato 20.000 imprenditori nell&#8217;ambito della cura oculistica di base, che sono ora in grado di sostenere le loro famiglie fornendo assistenza alle loro comunit\u00e0. Facendo proprio l&#8217;obiettivo dell&#8217;Organizzazione delle Nazioni Unite, la Fondazione si \u00e8 posta come traguardo quello di eliminare i difetti visivi non corretti nell&#8217;arco di una generazione: entro il 2050.<\/p>\n<p>In qualit\u00e0 di capitolo italiano di questa organizzazione benefica, la Fondazione OneSight EssilorLuxottica Italia ETS riunisce le principali azioni di advocacy e filantropiche del Gruppo nel nostro Paese aggregando sotto lo stesso tetto la lunga tradizione di iniziative sostenibili di Essilor e Luxottica. Raccoglie, inoltre, l&#8217;eredit\u00e0 e tutti i progetti in essere della Fondazione OneSight Luxottica Group Foundation-Onlus e della Fondazione Salmoiraghi &amp; Vigan\u00f2 dalla fusione delle quale la nuova Fondazione \u00e8 nata il 5 ottobre 2022.<\/p>","protected":false},"excerpt":{"rendered":"<p>Da luned\u00ec 7 a venerd\u00ec 18 novembre, seconda tappa italiana per l&#8217;iniziativa le &#8220;Giornate della Vista 2022-2023&#8221; della Fondazione OneSight EssilorLuxottica Italia che fa rete con le associazioni del territorio bellunese per proteggere la salute visiva delle fasce pi\u00f9 fragili e indigenti AGORDO, 2 novembre 2022 \u2013 Visite oculistiche e occhiali gratuiti per raggiungere le [&hellip;]<\/p>\n","protected":false},"author":2,"featured_media":113555,"comment_status":"closed","ping_status":"open","sticky":false,"template":"","format":"standard","meta":{"footnotes":""},"categories":[26,17,8],"tags":[350],"class_list":["post-137403","post","type-post","status-publish","format-standard","has-post-thumbnail","category-prima-pagina","category-sanita","category-societa-istituzioni","tag-luxottica"],"yoast_head":"<!-- This site is optimized with the Yoast SEO plugin v28.4 - https:\/\/yoast.com\/product\/yoast-seo-wordpress\/ -->\n<title>Visite oculistiche e occhiali gratuiti alle fasce fragili ed indigenti al PalaLuxottica di Agordo - Bellunopress - Dolomiti<\/title>\n<meta name=\"robots\" content=\"index, follow, max-snippet:-1, max-image-preview:large, max-video-preview:-1\" \/>\n<link rel=\"canonical\" href=\"https:\/\/www.bellunopress.it\/fr\/2022\/11\/02\/visite-oculistiche-e-occhiali-gratuiti-alle-fasce-fragili-ed-indigenti-al-palaluxottica-di-agordo\/\" \/>\n<meta property=\"og:locale\" content=\"fr_FR\" \/>\n<meta property=\"og:type\" content=\"article\" \/>\n<meta property=\"og:title\" content=\"Visite oculistiche e occhiali gratuiti alle fasce fragili ed indigenti al PalaLuxottica di Agordo - Bellunopress - Dolomiti\" \/>\n<meta property=\"og:description\" content=\"Da luned\u00ec 7 a venerd\u00ec 18 novembre, seconda tappa italiana per l&#8217;iniziativa le &#8220;Giornate della Vista 2022-2023&#8221; della Fondazione OneSight EssilorLuxottica Italia che fa rete con le associazioni del territorio bellunese per proteggere la salute visiva delle fasce pi\u00f9 fragili e indigenti AGORDO, 2 novembre 2022 \u2013 Visite oculistiche e occhiali gratuiti per raggiungere le [&hellip;]\" \/>\n<meta property=\"og:url\" content=\"https:\/\/www.bellunopress.it\/fr\/2022\/11\/02\/visite-oculistiche-e-occhiali-gratuiti-alle-fasce-fragili-ed-indigenti-al-palaluxottica-di-agordo\/\" \/>\n<meta property=\"og:site_name\" content=\"Bellunopress - Dolomiti\" \/>\n<meta property=\"article:publisher\" content=\"https:\/\/www.facebook.com\/profile.php?id=100008943462799\" \/>\n<meta property=\"article:published_time\" content=\"2022-11-02T10:17:21+00:00\" \/>\n<meta property=\"article:modified_time\" content=\"2022-11-02T10:21:24+00:00\" \/>\n<meta property=\"og:image\" content=\"https:\/\/www.bellunopress.it\/wp-content\/uploads\/2020\/04\/Luxottica-2.jpg\" \/>\n\t<meta property=\"og:image:width\" content=\"778\" \/>\n\t<meta property=\"og:image:height\" content=\"390\" \/>\n\t<meta property=\"og:image:type\" content=\"image\/jpeg\" \/>\n<meta name=\"author\" content=\"redazione\" \/>\n<meta name=\"twitter:card\" content=\"summary_large_image\" \/>\n<meta name=\"twitter:creator\" content=\"@bellunopress\" \/>\n<meta name=\"twitter:site\" content=\"@bellunopress\" \/>\n<meta name=\"twitter:label1\" content=\"Written by\" \/>\n\t<meta name=\"twitter:data1\" content=\"redazione\" \/>\n\t<meta name=\"twitter:label2\" content=\"Est. reading time\" \/>\n\t<meta name=\"twitter:data2\" content=\"4 minutes\" \/>\n<script type=\"application\/ld+json\" class=\"yoast-schema-graph\">{\"@context\":\"https:\\\/\\\/schema.org\",\"@graph\":[{\"@type\":\"Article\",\"@id\":\"https:\\\/\\\/www.bellunopress.it\\\/2022\\\/11\\\/02\\\/visite-oculistiche-e-occhiali-gratuiti-alle-fasce-fragili-ed-indigenti-al-palaluxottica-di-agordo\\\/#article\",\"isPartOf\":{\"@id\":\"https:\\\/\\\/www.bellunopress.it\\\/2022\\\/11\\\/02\\\/visite-oculistiche-e-occhiali-gratuiti-alle-fasce-fragili-ed-indigenti-al-palaluxottica-di-agordo\\\/\"},\"author\":{\"name\":\"redazione\",\"@id\":\"https:\\\/\\\/www.bellunopress.it\\\/#\\\/schema\\\/person\\\/79bb06722b37ece1c03d3e94beb30d73\"},\"headline\":\"Visite oculistiche e occhiali gratuiti alle fasce fragili ed indigenti al PalaLuxottica di Agordo\",\"datePublished\":\"2022-11-02T10:17:21+00:00\",\"dateModified\":\"2022-11-02T10:21:24+00:00\",\"mainEntityOfPage\":{\"@id\":\"https:\\\/\\\/www.bellunopress.it\\\/2022\\\/11\\\/02\\\/visite-oculistiche-e-occhiali-gratuiti-alle-fasce-fragili-ed-indigenti-al-palaluxottica-di-agordo\\\/\"},\"wordCount\":692,\"publisher\":{\"@id\":\"https:\\\/\\\/www.bellunopress.it\\\/#organization\"},\"image\":{\"@id\":\"https:\\\/\\\/www.bellunopress.it\\\/2022\\\/11\\\/02\\\/visite-oculistiche-e-occhiali-gratuiti-alle-fasce-fragili-ed-indigenti-al-palaluxottica-di-agordo\\\/#primaryimage\"},\"thumbnailUrl\":\"https:\\\/\\\/www.bellunopress.it\\\/wp-content\\\/uploads\\\/2020\\\/04\\\/Luxottica-2.jpg\",\"keywords\":[\"Luxottica\"],\"articleSection\":[\"Prima Pagina\",\"Sanit\u00e0 Medicina\",\"Societ\u00e0, Associazioni, Istituzioni\"],\"inLanguage\":\"fr-FR\"},{\"@type\":\"WebPage\",\"@id\":\"https:\\\/\\\/www.bellunopress.it\\\/2022\\\/11\\\/02\\\/visite-oculistiche-e-occhiali-gratuiti-alle-fasce-fragili-ed-indigenti-al-palaluxottica-di-agordo\\\/\",\"url\":\"https:\\\/\\\/www.bellunopress.it\\\/2022\\\/11\\\/02\\\/visite-oculistiche-e-occhiali-gratuiti-alle-fasce-fragili-ed-indigenti-al-palaluxottica-di-agordo\\\/\",\"name\":\"Visite oculistiche e occhiali gratuiti alle fasce fragili ed indigenti al PalaLuxottica di Agordo - Bellunopress - Dolomiti\",\"isPartOf\":{\"@id\":\"https:\\\/\\\/www.bellunopress.it\\\/#website\"},\"primaryImageOfPage\":{\"@id\":\"https:\\\/\\\/www.bellunopress.it\\\/2022\\\/11\\\/02\\\/visite-oculistiche-e-occhiali-gratuiti-alle-fasce-fragili-ed-indigenti-al-palaluxottica-di-agordo\\\/#primaryimage\"},\"image\":{\"@id\":\"https:\\\/\\\/www.bellunopress.it\\\/2022\\\/11\\\/02\\\/visite-oculistiche-e-occhiali-gratuiti-alle-fasce-fragili-ed-indigenti-al-palaluxottica-di-agordo\\\/#primaryimage\"},\"thumbnailUrl\":\"https:\\\/\\\/www.bellunopress.it\\\/wp-content\\\/uploads\\\/2020\\\/04\\\/Luxottica-2.jpg\",\"datePublished\":\"2022-11-02T10:17:21+00:00\",\"dateModified\":\"2022-11-02T10:21:24+00:00\",\"breadcrumb\":{\"@id\":\"https:\\\/\\\/www.bellunopress.it\\\/2022\\\/11\\\/02\\\/visite-oculistiche-e-occhiali-gratuiti-alle-fasce-fragili-ed-indigenti-al-palaluxottica-di-agordo\\\/#breadcrumb\"},\"inLanguage\":\"fr-FR\",\"potentialAction\":[{\"@type\":\"ReadAction\",\"target\":[\"https:\\\/\\\/www.bellunopress.it\\\/2022\\\/11\\\/02\\\/visite-oculistiche-e-occhiali-gratuiti-alle-fasce-fragili-ed-indigenti-al-palaluxottica-di-agordo\\\/\"]}]},{\"@type\":\"ImageObject\",\"inLanguage\":\"fr-FR\",\"@id\":\"https:\\\/\\\/www.bellunopress.it\\\/2022\\\/11\\\/02\\\/visite-oculistiche-e-occhiali-gratuiti-alle-fasce-fragili-ed-indigenti-al-palaluxottica-di-agordo\\\/#primaryimage\",\"url\":\"https:\\\/\\\/www.bellunopress.it\\\/wp-content\\\/uploads\\\/2020\\\/04\\\/Luxottica-2.jpg\",\"contentUrl\":\"https:\\\/\\\/www.bellunopress.it\\\/wp-content\\\/uploads\\\/2020\\\/04\\\/Luxottica-2.jpg\",\"width\":778,\"height\":390},{\"@type\":\"BreadcrumbList\",\"@id\":\"https:\\\/\\\/www.bellunopress.it\\\/2022\\\/11\\\/02\\\/visite-oculistiche-e-occhiali-gratuiti-alle-fasce-fragili-ed-indigenti-al-palaluxottica-di-agordo\\\/#breadcrumb\",\"itemListElement\":[{\"@type\":\"ListItem\",\"position\":1,\"name\":\"Home\",\"item\":\"https:\\\/\\\/www.bellunopress.it\\\/\"},{\"@type\":\"ListItem\",\"position\":2,\"name\":\"Visite oculistiche e occhiali gratuiti alle fasce fragili ed indigenti al PalaLuxottica di Agordo\"}]},{\"@type\":\"WebSite\",\"@id\":\"https:\\\/\\\/www.bellunopress.it\\\/#website\",\"url\":\"https:\\\/\\\/www.bellunopress.it\\\/\",\"name\":\"Bellunopress - Dolomiti\",\"description\":\"e-mail: redazione@bellunopress.it\",\"publisher\":{\"@id\":\"https:\\\/\\\/www.bellunopress.it\\\/#organization\"},\"potentialAction\":[{\"@type\":\"SearchAction\",\"target\":{\"@type\":\"EntryPoint\",\"urlTemplate\":\"https:\\\/\\\/www.bellunopress.it\\\/?s={search_term_string}\"},\"query-input\":{\"@type\":\"PropertyValueSpecification\",\"valueRequired\":true,\"valueName\":\"search_term_string\"}}],\"inLanguage\":\"fr-FR\"},{\"@type\":\"Organization\",\"@id\":\"https:\\\/\\\/www.bellunopress.it\\\/#organization\",\"name\":\"Bellunopress\",\"url\":\"https:\\\/\\\/www.bellunopress.it\\\/\",\"logo\":{\"@type\":\"ImageObject\",\"inLanguage\":\"fr-FR\",\"@id\":\"https:\\\/\\\/www.bellunopress.it\\\/#\\\/schema\\\/logo\\\/image\\\/\",\"url\":\"https:\\\/\\\/www.bellunopress.it\\\/wp-content\\\/uploads\\\/2011\\\/05\\\/cropped-logo-bellunopress-.jpg\",\"contentUrl\":\"https:\\\/\\\/www.bellunopress.it\\\/wp-content\\\/uploads\\\/2011\\\/05\\\/cropped-logo-bellunopress-.jpg\",\"width\":512,\"height\":512,\"caption\":\"Bellunopress\"},\"image\":{\"@id\":\"https:\\\/\\\/www.bellunopress.it\\\/#\\\/schema\\\/logo\\\/image\\\/\"},\"sameAs\":[\"https:\\\/\\\/www.facebook.com\\\/profile.php?id=100008943462799\",\"https:\\\/\\\/x.com\\\/bellunopress\",\"https:\\\/\\\/www.linkedin.com\\\/hp\\\/?dnr=JBzUWaJfMUw8vbXJJ2tVW5-I3jZKvC4wsoxE&amp;amp;amp;amp;amp;amp;trk=nav_responsive_tab_home\",\"https:\\\/\\\/www.youtube.com\\\/channel\\\/UCxL0wu1uN0_3_7hGG0306cw\"]},{\"@type\":\"Person\",\"@id\":\"https:\\\/\\\/www.bellunopress.it\\\/#\\\/schema\\\/person\\\/79bb06722b37ece1c03d3e94beb30d73\",\"name\":\"redazione\",\"image\":{\"@type\":\"ImageObject\",\"inLanguage\":\"fr-FR\",\"@id\":\"https:\\\/\\\/secure.gravatar.com\\\/avatar\\\/37d968a2e67a6fd04c169c4bdef102d0bc5d31b2546345219e348575eb80e9a0?s=96&d=mm&r=g\",\"url\":\"https:\\\/\\\/secure.gravatar.com\\\/avatar\\\/37d968a2e67a6fd04c169c4bdef102d0bc5d31b2546345219e348575eb80e9a0?s=96&d=mm&r=g\",\"contentUrl\":\"https:\\\/\\\/secure.gravatar.com\\\/avatar\\\/37d968a2e67a6fd04c169c4bdef102d0bc5d31b2546345219e348575eb80e9a0?s=96&d=mm&r=g\",\"caption\":\"redazione\"},\"sameAs\":[\"http:\\\/\\\/www.bellunopress.it\",\"https:\\\/\\\/x.com\\\/bellunopress\"],\"url\":\"https:\\\/\\\/www.bellunopress.it\\\/fr\\\/author\\\/redazione\\\/\"}]}<\/script>\n<!-- \/ Yoast SEO plugin. -->","yoast_head_json":{"title":"Visite oculistiche e occhiali gratuiti alle fasce fragili ed indigenti al PalaLuxottica di Agordo - Bellunopress - Dolomiti","robots":{"index":"index","follow":"follow","max-snippet":"max-snippet:-1","max-image-preview":"max-image-preview:large","max-video-preview":"max-video-preview:-1"},"canonical":"https:\/\/www.bellunopress.it\/fr\/2022\/11\/02\/visite-oculistiche-e-occhiali-gratuiti-alle-fasce-fragili-ed-indigenti-al-palaluxottica-di-agordo\/","og_locale":"fr_FR","og_type":"article","og_title":"Visite oculistiche e occhiali gratuiti alle fasce fragili ed indigenti al PalaLuxottica di Agordo - Bellunopress - Dolomiti","og_description":"Da luned\u00ec 7 a venerd\u00ec 18 novembre, seconda tappa italiana per l&#8217;iniziativa le &#8220;Giornate della Vista 2022-2023&#8221; della Fondazione OneSight EssilorLuxottica Italia che fa rete con le associazioni del territorio bellunese per proteggere la salute visiva delle fasce pi\u00f9 fragili e indigenti AGORDO, 2 novembre 2022 \u2013 Visite oculistiche e occhiali gratuiti per raggiungere le [&hellip;]","og_url":"https:\/\/www.bellunopress.it\/fr\/2022\/11\/02\/visite-oculistiche-e-occhiali-gratuiti-alle-fasce-fragili-ed-indigenti-al-palaluxottica-di-agordo\/","og_site_name":"Bellunopress - Dolomiti","article_publisher":"https:\/\/www.facebook.com\/profile.php?id=100008943462799","article_published_time":"2022-11-02T10:17:21+00:00","article_modified_time":"2022-11-02T10:21:24+00:00","og_image":[{"width":778,"height":390,"url":"https:\/\/www.bellunopress.it\/wp-content\/uploads\/2020\/04\/Luxottica-2.jpg","type":"image\/jpeg"}],"author":"redazione","twitter_card":"summary_large_image","twitter_creator":"@bellunopress","twitter_site":"@bellunopress","twitter_misc":{"Written by":"redazione","Est. reading time":"4 minutes"},"schema":{"@context":"https:\/\/schema.org","@graph":[{"@type":"Article","@id":"https:\/\/www.bellunopress.it\/2022\/11\/02\/visite-oculistiche-e-occhiali-gratuiti-alle-fasce-fragili-ed-indigenti-al-palaluxottica-di-agordo\/#article","isPartOf":{"@id":"https:\/\/www.bellunopress.it\/2022\/11\/02\/visite-oculistiche-e-occhiali-gratuiti-alle-fasce-fragili-ed-indigenti-al-palaluxottica-di-agordo\/"},"author":{"name":"redazione","@id":"https:\/\/www.bellunopress.it\/#\/schema\/person\/79bb06722b37ece1c03d3e94beb30d73"},"headline":"Visite oculistiche e occhiali gratuiti alle fasce fragili ed indigenti al PalaLuxottica di Agordo","datePublished":"2022-11-02T10:17:21+00:00","dateModified":"2022-11-02T10:21:24+00:00","mainEntityOfPage":{"@id":"https:\/\/www.bellunopress.it\/2022\/11\/02\/visite-oculistiche-e-occhiali-gratuiti-alle-fasce-fragili-ed-indigenti-al-palaluxottica-di-agordo\/"},"wordCount":692,"publisher":{"@id":"https:\/\/www.bellunopress.it\/#organization"},"image":{"@id":"https:\/\/www.bellunopress.it\/2022\/11\/02\/visite-oculistiche-e-occhiali-gratuiti-alle-fasce-fragili-ed-indigenti-al-palaluxottica-di-agordo\/#primaryimage"},"thumbnailUrl":"https:\/\/www.bellunopress.it\/wp-content\/uploads\/2020\/04\/Luxottica-2.jpg","keywords":["Luxottica"],"articleSection":["Prima Pagina","Sanit\u00e0 Medicina","Societ\u00e0, Associazioni, Istituzioni"],"inLanguage":"fr-FR"},{"@type":"WebPage","@id":"https:\/\/www.bellunopress.it\/2022\/11\/02\/visite-oculistiche-e-occhiali-gratuiti-alle-fasce-fragili-ed-indigenti-al-palaluxottica-di-agordo\/","url":"https:\/\/www.bellunopress.it\/2022\/11\/02\/visite-oculistiche-e-occhiali-gratuiti-alle-fasce-fragili-ed-indigenti-al-palaluxottica-di-agordo\/","name":"Visite oculistiche e occhiali gratuiti alle fasce fragili ed indigenti al PalaLuxottica di Agordo - Bellunopress - Dolomiti","isPartOf":{"@id":"https:\/\/www.bellunopress.it\/#website"},"primaryImageOfPage":{"@id":"https:\/\/www.bellunopress.it\/2022\/11\/02\/visite-oculistiche-e-occhiali-gratuiti-alle-fasce-fragili-ed-indigenti-al-palaluxottica-di-agordo\/#primaryimage"},"image":{"@id":"https:\/\/www.bellunopress.it\/2022\/11\/02\/visite-oculistiche-e-occhiali-gratuiti-alle-fasce-fragili-ed-indigenti-al-palaluxottica-di-agordo\/#primaryimage"},"thumbnailUrl":"https:\/\/www.bellunopress.it\/wp-content\/uploads\/2020\/04\/Luxottica-2.jpg","datePublished":"2022-11-02T10:17:21+00:00","dateModified":"2022-11-02T10:21:24+00:00","breadcrumb":{"@id":"https:\/\/www.bellunopress.it\/2022\/11\/02\/visite-oculistiche-e-occhiali-gratuiti-alle-fasce-fragili-ed-indigenti-al-palaluxottica-di-agordo\/#breadcrumb"},"inLanguage":"fr-FR","potentialAction":[{"@type":"ReadAction","target":["https:\/\/www.bellunopress.it\/2022\/11\/02\/visite-oculistiche-e-occhiali-gratuiti-alle-fasce-fragili-ed-indigenti-al-palaluxottica-di-agordo\/"]}]},{"@type":"ImageObject","inLanguage":"fr-FR","@id":"https:\/\/www.bellunopress.it\/2022\/11\/02\/visite-oculistiche-e-occhiali-gratuiti-alle-fasce-fragili-ed-indigenti-al-palaluxottica-di-agordo\/#primaryimage","url":"https:\/\/www.bellunopress.it\/wp-content\/uploads\/2020\/04\/Luxottica-2.jpg","contentUrl":"https:\/\/www.bellunopress.it\/wp-content\/uploads\/2020\/04\/Luxottica-2.jpg","width":778,"height":390},{"@type":"BreadcrumbList","@id":"https:\/\/www.bellunopress.it\/2022\/11\/02\/visite-oculistiche-e-occhiali-gratuiti-alle-fasce-fragili-ed-indigenti-al-palaluxottica-di-agordo\/#breadcrumb","itemListElement":[{"@type":"ListItem","position":1,"name":"Home","item":"https:\/\/www.bellunopress.it\/"},{"@type":"ListItem","position":2,"name":"Visite oculistiche e occhiali gratuiti alle fasce fragili ed indigenti al PalaLuxottica di Agordo"}]},{"@type":"WebSite","@id":"https:\/\/www.bellunopress.it\/#website","url":"https:\/\/www.bellunopress.it\/","name":"Bellunopress - Dolomiti","description":"e-mail: redazione@bellunopress.it","publisher":{"@id":"https:\/\/www.bellunopress.it\/#organization"},"potentialAction":[{"@type":"SearchAction","target":{"@type":"EntryPoint","urlTemplate":"https:\/\/www.bellunopress.it\/?s={search_term_string}"},"query-input":{"@type":"PropertyValueSpecification","valueRequired":true,"valueName":"search_term_string"}}],"inLanguage":"fr-FR"},{"@type":"Organization","@id":"https:\/\/www.bellunopress.it\/#organization","name":"Bellunopress","url":"https:\/\/www.bellunopress.it\/","logo":{"@type":"ImageObject","inLanguage":"fr-FR","@id":"https:\/\/www.bellunopress.it\/#\/schema\/logo\/image\/","url":"https:\/\/www.bellunopress.it\/wp-content\/uploads\/2011\/05\/cropped-logo-bellunopress-.jpg","contentUrl":"https:\/\/www.bellunopress.it\/wp-content\/uploads\/2011\/05\/cropped-logo-bellunopress-.jpg","width":512,"height":512,"caption":"Bellunopress"},"image":{"@id":"https:\/\/www.bellunopress.it\/#\/schema\/logo\/image\/"},"sameAs":["https:\/\/www.facebook.com\/profile.php?id=100008943462799","https:\/\/x.com\/bellunopress","https:\/\/www.linkedin.com\/hp\/?dnr=JBzUWaJfMUw8vbXJJ2tVW5-I3jZKvC4wsoxE&amp;amp;amp;amp;amp;amp;trk=nav_responsive_tab_home","https:\/\/www.youtube.com\/channel\/UCxL0wu1uN0_3_7hGG0306cw"]},{"@type":"Person","@id":"https:\/\/www.bellunopress.it\/#\/schema\/person\/79bb06722b37ece1c03d3e94beb30d73","name":"r\u00e9daction","image":{"@type":"ImageObject","inLanguage":"fr-FR","@id":"https:\/\/secure.gravatar.com\/avatar\/37d968a2e67a6fd04c169c4bdef102d0bc5d31b2546345219e348575eb80e9a0?s=96&d=mm&r=g","url":"https:\/\/secure.gravatar.com\/avatar\/37d968a2e67a6fd04c169c4bdef102d0bc5d31b2546345219e348575eb80e9a0?s=96&d=mm&r=g","contentUrl":"https:\/\/secure.gravatar.com\/avatar\/37d968a2e67a6fd04c169c4bdef102d0bc5d31b2546345219e348575eb80e9a0?s=96&d=mm&r=g","caption":"redazione"},"sameAs":["http:\/\/www.bellunopress.it","https:\/\/x.com\/bellunopress"],"url":"https:\/\/www.bellunopress.it\/fr\/author\/redazione\/"}]}},"_links":{"self":[{"href":"https:\/\/www.bellunopress.it\/fr\/wp-json\/wp\/v2\/posts\/137403","targetHints":{"allow":["GET"]}}],"collection":[{"href":"https:\/\/www.bellunopress.it\/fr\/wp-json\/wp\/v2\/posts"}],"about":[{"href":"https:\/\/www.bellunopress.it\/fr\/wp-json\/wp\/v2\/types\/post"}],"author":[{"embeddable":true,"href":"https:\/\/www.bellunopress.it\/fr\/wp-json\/wp\/v2\/users\/2"}],"replies":[{"embeddable":true,"href":"https:\/\/www.bellunopress.it\/fr\/wp-json\/wp\/v2\/comments?post=137403"}],"version-history":[{"count":2,"href":"https:\/\/www.bellunopress.it\/fr\/wp-json\/wp\/v2\/posts\/137403\/revisions"}],"predecessor-version":[{"id":137405,"href":"https:\/\/www.bellunopress.it\/fr\/wp-json\/wp\/v2\/posts\/137403\/revisions\/137405"}],"wp:featuredmedia":[{"embeddable":true,"href":"https:\/\/www.bellunopress.it\/fr\/wp-json\/wp\/v2\/media\/113555"}],"wp:attachment":[{"href":"https:\/\/www.bellunopress.it\/fr\/wp-json\/wp\/v2\/media?parent=137403"}],"wp:term":[{"taxonomy":"category","embeddable":true,"href":"https:\/\/www.bellunopress.it\/fr\/wp-json\/wp\/v2\/categories?post=137403"},{"taxonomy":"post_tag","embeddable":true,"href":"https:\/\/www.bellunopress.it\/fr\/wp-json\/wp\/v2\/tags?post=137403"}],"curies":[{"name":"wp","href":"https:\/\/api.w.org\/{rel}","templated":true}]}}