{"id":137389,"date":"2022-11-01T17:12:03","date_gmt":"2022-11-01T16:12:03","guid":{"rendered":"https:\/\/www.bellunopress.it\/?p=137389"},"modified":"2022-11-01T17:12:03","modified_gmt":"2022-11-01T16:12:03","slug":"rinnovato-il-comitato-frazionale-di-polpet","status":"publish","type":"post","link":"https:\/\/www.bellunopress.it\/fr\/2022\/11\/01\/rinnovato-il-comitato-frazionale-di-polpet\/","title":{"rendered":"Rinnovato il Comitato frazionale di Polpet"},"content":{"rendered":"<p><img loading=\"lazy\" decoding=\"async\" class=\"alignleft size-full wp-image-137390\" src=\"https:\/\/www.bellunopress.it\/wp-content\/uploads\/2022\/11\/bivio-ponte-nelle-alpi-rotatoria_edited.jpg\" alt=\"\" width=\"1000\" height=\"620\" srcset=\"https:\/\/www.bellunopress.it\/wp-content\/uploads\/2022\/11\/bivio-ponte-nelle-alpi-rotatoria_edited.jpg 1000w, https:\/\/www.bellunopress.it\/wp-content\/uploads\/2022\/11\/bivio-ponte-nelle-alpi-rotatoria_edited-500x310.jpg 500w, https:\/\/www.bellunopress.it\/wp-content\/uploads\/2022\/11\/bivio-ponte-nelle-alpi-rotatoria_edited-696x432.jpg 696w, https:\/\/www.bellunopress.it\/wp-content\/uploads\/2022\/11\/bivio-ponte-nelle-alpi-rotatoria_edited-677x420.jpg 677w, https:\/\/www.bellunopress.it\/wp-content\/uploads\/2022\/11\/bivio-ponte-nelle-alpi-rotatoria_edited-356x220.jpg 356w\" sizes=\"auto, (max-width: 1000px) 100vw, 1000px\" \/>Ponte nelle Alpi, 1 novembre 2022 &#8211; Il Comitato frazionale di Polpet guarda al domani. Lo fa attraverso un&#8217;assemblea molto partecipata nella sala della Cooperativa a Polpet, dove si sono svolte le votazioni per il rinnovo del Comitato ed \u00e8 stato presentato uno studio sulla viabilit\u00e0. Senza considerare un focus sui lavori della stazione e il sottopasso di Nuova Erto.<\/p>\n<p>Il presidente Vincenzo Pra ha ricordato le attivit\u00e0 del 2022: dal presepe all&#8217;albero di Natale in piazza, passando per la ricerca sulla stazione pubblicata in un piacevole volumetto ed esposta in una mostra lungo le vie del paese, fino alla Supersantandrea e ai diversi interventi di manutenzione su territorio e sentieri. Fondamentale, in questo senso, l&#8217;opera dei volontari.<\/p>\n<p>Sul tema della viabilit\u00e0 \u00e8 intervenuta poi la sfera istituzionale. Tanto \u00e8 vero che in sala era presente Roger De Menech, invitato a illustrare il secondo stralcio dei lavori alla stazione ferroviaria di Polpet: \u00abProprio la ferrovia consentir\u00e0 di realizzare un nuovo modello di viabilit\u00e0\u00bb. Secondo l&#8217;ingegner Piazza, autore di uno specifico studio, \u00abalcune piccole variazioni bastano per decongestionare il traffico. Ma attenzione alla sicurezza: \u00e8 necessario far percepire agli automobilisti che il territorio da attraversare \u00e8 delicato e insiste in un&#8217;area sensibile\u00bb.<\/p>\n<p>A quel punto, si \u00e8 aperto un ampio dibattito sui dati sul traffico, rilevati il 6 ottobre da un volontario della frazione: al mattino, si sono registrati 274 passaggi lungo via Rodolfo Fiori verso il Cadore, mentre nel pomeriggio (fascia oraria: 16.45-18.15), dal Cadore verso Polpet, il numero \u00e8 salito a 571. \u00abSi tratter\u00e0 di sperimentare varie soluzioni sull&#8217;intero percorso, da via Cadore al sottopasso di Nuova Erto, per mettere in sicurezza sia i pedoni, sia il traffico dei pendolari\u00bb.<\/p>\n<p>Infine, come da statuto, sar\u00e0 convocato a breve il primo consiglio con i 15 eletti nel corso delle votazioni. A quel punto, verr\u00e0 formato il nuovo direttivo in vista del biennio 2023-2024. I pi\u00f9 votati sono stati Vincenzo Pra, Guido Collazuol, Franca Carati, Armando Collazuol, Renzo Costantini, Roberto Feltrin, Gabriella Caldart, Elisa Mognol, Claudio Gretti, Andrea Mazzucco, Luisa Menegaz, Gianfranco Viola, Renzo Borgo, Massimo Da Boit e Carmen Viola.<\/p>","protected":false},"excerpt":{"rendered":"<p>Ponte nelle Alpi, 1 novembre 2022 &#8211; Il Comitato frazionale di Polpet guarda al domani. Lo fa attraverso un&#8217;assemblea molto partecipata nella sala della Cooperativa a Polpet, dove si sono svolte le votazioni per il rinnovo del Comitato ed \u00e8 stato presentato uno studio sulla viabilit\u00e0. Senza considerare un focus sui lavori della stazione e [&hellip;]<\/p>\n","protected":false},"author":2,"featured_media":137390,"comment_status":"closed","ping_status":"open","sticky":false,"template":"","format":"standard","meta":{"footnotes":""},"categories":[8],"tags":[],"class_list":["post-137389","post","type-post","status-publish","format-standard","has-post-thumbnail","category-societa-istituzioni"],"yoast_head":"<!-- This site is optimized with the Yoast SEO plugin v28.4 - https:\/\/yoast.com\/product\/yoast-seo-wordpress\/ -->\n<title>Rinnovato il Comitato frazionale di Polpet - Bellunopress - Dolomiti<\/title>\n<meta name=\"robots\" content=\"index, follow, max-snippet:-1, max-image-preview:large, max-video-preview:-1\" \/>\n<link rel=\"canonical\" href=\"https:\/\/www.bellunopress.it\/fr\/2022\/11\/01\/rinnovato-il-comitato-frazionale-di-polpet\/\" \/>\n<meta property=\"og:locale\" content=\"fr_FR\" \/>\n<meta property=\"og:type\" content=\"article\" \/>\n<meta property=\"og:title\" content=\"Rinnovato il Comitato frazionale di Polpet - Bellunopress - Dolomiti\" \/>\n<meta property=\"og:description\" content=\"Ponte nelle Alpi, 1 novembre 2022 &#8211; Il Comitato frazionale di Polpet guarda al domani. Lo fa attraverso un&#8217;assemblea molto partecipata nella sala della Cooperativa a Polpet, dove si sono svolte le votazioni per il rinnovo del Comitato ed \u00e8 stato presentato uno studio sulla viabilit\u00e0. Senza considerare un focus sui lavori della stazione e [&hellip;]\" \/>\n<meta property=\"og:url\" content=\"https:\/\/www.bellunopress.it\/fr\/2022\/11\/01\/rinnovato-il-comitato-frazionale-di-polpet\/\" \/>\n<meta property=\"og:site_name\" content=\"Bellunopress - Dolomiti\" \/>\n<meta property=\"article:publisher\" content=\"https:\/\/www.facebook.com\/profile.php?id=100008943462799\" \/>\n<meta property=\"article:published_time\" content=\"2022-11-01T16:12:03+00:00\" \/>\n<meta property=\"og:image\" content=\"https:\/\/www.bellunopress.it\/wp-content\/uploads\/2022\/11\/bivio-ponte-nelle-alpi-rotatoria_edited.jpg\" \/>\n\t<meta property=\"og:image:width\" content=\"1000\" \/>\n\t<meta property=\"og:image:height\" content=\"620\" \/>\n\t<meta property=\"og:image:type\" content=\"image\/jpeg\" \/>\n<meta name=\"author\" content=\"redazione\" \/>\n<meta name=\"twitter:card\" content=\"summary_large_image\" \/>\n<meta name=\"twitter:creator\" content=\"@bellunopress\" \/>\n<meta name=\"twitter:site\" content=\"@bellunopress\" \/>\n<meta name=\"twitter:label1\" content=\"Written by\" \/>\n\t<meta name=\"twitter:data1\" content=\"redazione\" \/>\n\t<meta name=\"twitter:label2\" content=\"Est. reading time\" \/>\n\t<meta name=\"twitter:data2\" content=\"3 minutes\" \/>\n<script type=\"application\/ld+json\" class=\"yoast-schema-graph\">{\"@context\":\"https:\\\/\\\/schema.org\",\"@graph\":[{\"@type\":\"Article\",\"@id\":\"https:\\\/\\\/www.bellunopress.it\\\/2022\\\/11\\\/01\\\/rinnovato-il-comitato-frazionale-di-polpet\\\/#article\",\"isPartOf\":{\"@id\":\"https:\\\/\\\/www.bellunopress.it\\\/2022\\\/11\\\/01\\\/rinnovato-il-comitato-frazionale-di-polpet\\\/\"},\"author\":{\"name\":\"redazione\",\"@id\":\"https:\\\/\\\/www.bellunopress.it\\\/#\\\/schema\\\/person\\\/79bb06722b37ece1c03d3e94beb30d73\"},\"headline\":\"Rinnovato il Comitato frazionale di Polpet\",\"datePublished\":\"2022-11-01T16:12:03+00:00\",\"mainEntityOfPage\":{\"@id\":\"https:\\\/\\\/www.bellunopress.it\\\/2022\\\/11\\\/01\\\/rinnovato-il-comitato-frazionale-di-polpet\\\/\"},\"wordCount\":348,\"publisher\":{\"@id\":\"https:\\\/\\\/www.bellunopress.it\\\/#organization\"},\"image\":{\"@id\":\"https:\\\/\\\/www.bellunopress.it\\\/2022\\\/11\\\/01\\\/rinnovato-il-comitato-frazionale-di-polpet\\\/#primaryimage\"},\"thumbnailUrl\":\"https:\\\/\\\/www.bellunopress.it\\\/wp-content\\\/uploads\\\/2022\\\/11\\\/bivio-ponte-nelle-alpi-rotatoria_edited.jpg\",\"articleSection\":[\"Societ\u00e0, Associazioni, Istituzioni\"],\"inLanguage\":\"fr-FR\"},{\"@type\":\"WebPage\",\"@id\":\"https:\\\/\\\/www.bellunopress.it\\\/2022\\\/11\\\/01\\\/rinnovato-il-comitato-frazionale-di-polpet\\\/\",\"url\":\"https:\\\/\\\/www.bellunopress.it\\\/2022\\\/11\\\/01\\\/rinnovato-il-comitato-frazionale-di-polpet\\\/\",\"name\":\"Rinnovato il Comitato frazionale di Polpet - Bellunopress - Dolomiti\",\"isPartOf\":{\"@id\":\"https:\\\/\\\/www.bellunopress.it\\\/#website\"},\"primaryImageOfPage\":{\"@id\":\"https:\\\/\\\/www.bellunopress.it\\\/2022\\\/11\\\/01\\\/rinnovato-il-comitato-frazionale-di-polpet\\\/#primaryimage\"},\"image\":{\"@id\":\"https:\\\/\\\/www.bellunopress.it\\\/2022\\\/11\\\/01\\\/rinnovato-il-comitato-frazionale-di-polpet\\\/#primaryimage\"},\"thumbnailUrl\":\"https:\\\/\\\/www.bellunopress.it\\\/wp-content\\\/uploads\\\/2022\\\/11\\\/bivio-ponte-nelle-alpi-rotatoria_edited.jpg\",\"datePublished\":\"2022-11-01T16:12:03+00:00\",\"breadcrumb\":{\"@id\":\"https:\\\/\\\/www.bellunopress.it\\\/2022\\\/11\\\/01\\\/rinnovato-il-comitato-frazionale-di-polpet\\\/#breadcrumb\"},\"inLanguage\":\"fr-FR\",\"potentialAction\":[{\"@type\":\"ReadAction\",\"target\":[\"https:\\\/\\\/www.bellunopress.it\\\/2022\\\/11\\\/01\\\/rinnovato-il-comitato-frazionale-di-polpet\\\/\"]}]},{\"@type\":\"ImageObject\",\"inLanguage\":\"fr-FR\",\"@id\":\"https:\\\/\\\/www.bellunopress.it\\\/2022\\\/11\\\/01\\\/rinnovato-il-comitato-frazionale-di-polpet\\\/#primaryimage\",\"url\":\"https:\\\/\\\/www.bellunopress.it\\\/wp-content\\\/uploads\\\/2022\\\/11\\\/bivio-ponte-nelle-alpi-rotatoria_edited.jpg\",\"contentUrl\":\"https:\\\/\\\/www.bellunopress.it\\\/wp-content\\\/uploads\\\/2022\\\/11\\\/bivio-ponte-nelle-alpi-rotatoria_edited.jpg\",\"width\":1000,\"height\":620},{\"@type\":\"BreadcrumbList\",\"@id\":\"https:\\\/\\\/www.bellunopress.it\\\/2022\\\/11\\\/01\\\/rinnovato-il-comitato-frazionale-di-polpet\\\/#breadcrumb\",\"itemListElement\":[{\"@type\":\"ListItem\",\"position\":1,\"name\":\"Home\",\"item\":\"https:\\\/\\\/www.bellunopress.it\\\/\"},{\"@type\":\"ListItem\",\"position\":2,\"name\":\"Rinnovato il Comitato frazionale di Polpet\"}]},{\"@type\":\"WebSite\",\"@id\":\"https:\\\/\\\/www.bellunopress.it\\\/#website\",\"url\":\"https:\\\/\\\/www.bellunopress.it\\\/\",\"name\":\"Bellunopress - Dolomiti\",\"description\":\"e-mail: redazione@bellunopress.it\",\"publisher\":{\"@id\":\"https:\\\/\\\/www.bellunopress.it\\\/#organization\"},\"potentialAction\":[{\"@type\":\"SearchAction\",\"target\":{\"@type\":\"EntryPoint\",\"urlTemplate\":\"https:\\\/\\\/www.bellunopress.it\\\/?s={search_term_string}\"},\"query-input\":{\"@type\":\"PropertyValueSpecification\",\"valueRequired\":true,\"valueName\":\"search_term_string\"}}],\"inLanguage\":\"fr-FR\"},{\"@type\":\"Organization\",\"@id\":\"https:\\\/\\\/www.bellunopress.it\\\/#organization\",\"name\":\"Bellunopress\",\"url\":\"https:\\\/\\\/www.bellunopress.it\\\/\",\"logo\":{\"@type\":\"ImageObject\",\"inLanguage\":\"fr-FR\",\"@id\":\"https:\\\/\\\/www.bellunopress.it\\\/#\\\/schema\\\/logo\\\/image\\\/\",\"url\":\"https:\\\/\\\/www.bellunopress.it\\\/wp-content\\\/uploads\\\/2011\\\/05\\\/cropped-logo-bellunopress-.jpg\",\"contentUrl\":\"https:\\\/\\\/www.bellunopress.it\\\/wp-content\\\/uploads\\\/2011\\\/05\\\/cropped-logo-bellunopress-.jpg\",\"width\":512,\"height\":512,\"caption\":\"Bellunopress\"},\"image\":{\"@id\":\"https:\\\/\\\/www.bellunopress.it\\\/#\\\/schema\\\/logo\\\/image\\\/\"},\"sameAs\":[\"https:\\\/\\\/www.facebook.com\\\/profile.php?id=100008943462799\",\"https:\\\/\\\/x.com\\\/bellunopress\",\"https:\\\/\\\/www.linkedin.com\\\/hp\\\/?dnr=JBzUWaJfMUw8vbXJJ2tVW5-I3jZKvC4wsoxE&amp;amp;amp;amp;amp;amp;trk=nav_responsive_tab_home\",\"https:\\\/\\\/www.youtube.com\\\/channel\\\/UCxL0wu1uN0_3_7hGG0306cw\"]},{\"@type\":\"Person\",\"@id\":\"https:\\\/\\\/www.bellunopress.it\\\/#\\\/schema\\\/person\\\/79bb06722b37ece1c03d3e94beb30d73\",\"name\":\"redazione\",\"image\":{\"@type\":\"ImageObject\",\"inLanguage\":\"fr-FR\",\"@id\":\"https:\\\/\\\/secure.gravatar.com\\\/avatar\\\/37d968a2e67a6fd04c169c4bdef102d0bc5d31b2546345219e348575eb80e9a0?s=96&d=mm&r=g\",\"url\":\"https:\\\/\\\/secure.gravatar.com\\\/avatar\\\/37d968a2e67a6fd04c169c4bdef102d0bc5d31b2546345219e348575eb80e9a0?s=96&d=mm&r=g\",\"contentUrl\":\"https:\\\/\\\/secure.gravatar.com\\\/avatar\\\/37d968a2e67a6fd04c169c4bdef102d0bc5d31b2546345219e348575eb80e9a0?s=96&d=mm&r=g\",\"caption\":\"redazione\"},\"sameAs\":[\"http:\\\/\\\/www.bellunopress.it\",\"https:\\\/\\\/x.com\\\/bellunopress\"],\"url\":\"https:\\\/\\\/www.bellunopress.it\\\/fr\\\/author\\\/redazione\\\/\"}]}<\/script>\n<!-- \/ Yoast SEO plugin. -->","yoast_head_json":{"title":"Rinnovato il Comitato frazionale di Polpet - Bellunopress - Dolomiti","robots":{"index":"index","follow":"follow","max-snippet":"max-snippet:-1","max-image-preview":"max-image-preview:large","max-video-preview":"max-video-preview:-1"},"canonical":"https:\/\/www.bellunopress.it\/fr\/2022\/11\/01\/rinnovato-il-comitato-frazionale-di-polpet\/","og_locale":"fr_FR","og_type":"article","og_title":"Rinnovato il Comitato frazionale di Polpet - Bellunopress - Dolomiti","og_description":"Ponte nelle Alpi, 1 novembre 2022 &#8211; Il Comitato frazionale di Polpet guarda al domani. Lo fa attraverso un&#8217;assemblea molto partecipata nella sala della Cooperativa a Polpet, dove si sono svolte le votazioni per il rinnovo del Comitato ed \u00e8 stato presentato uno studio sulla viabilit\u00e0. Senza considerare un focus sui lavori della stazione e [&hellip;]","og_url":"https:\/\/www.bellunopress.it\/fr\/2022\/11\/01\/rinnovato-il-comitato-frazionale-di-polpet\/","og_site_name":"Bellunopress - Dolomiti","article_publisher":"https:\/\/www.facebook.com\/profile.php?id=100008943462799","article_published_time":"2022-11-01T16:12:03+00:00","og_image":[{"width":1000,"height":620,"url":"https:\/\/www.bellunopress.it\/wp-content\/uploads\/2022\/11\/bivio-ponte-nelle-alpi-rotatoria_edited.jpg","type":"image\/jpeg"}],"author":"redazione","twitter_card":"summary_large_image","twitter_creator":"@bellunopress","twitter_site":"@bellunopress","twitter_misc":{"Written by":"redazione","Est. reading time":"3 minutes"},"schema":{"@context":"https:\/\/schema.org","@graph":[{"@type":"Article","@id":"https:\/\/www.bellunopress.it\/2022\/11\/01\/rinnovato-il-comitato-frazionale-di-polpet\/#article","isPartOf":{"@id":"https:\/\/www.bellunopress.it\/2022\/11\/01\/rinnovato-il-comitato-frazionale-di-polpet\/"},"author":{"name":"redazione","@id":"https:\/\/www.bellunopress.it\/#\/schema\/person\/79bb06722b37ece1c03d3e94beb30d73"},"headline":"Rinnovato il Comitato frazionale di Polpet","datePublished":"2022-11-01T16:12:03+00:00","mainEntityOfPage":{"@id":"https:\/\/www.bellunopress.it\/2022\/11\/01\/rinnovato-il-comitato-frazionale-di-polpet\/"},"wordCount":348,"publisher":{"@id":"https:\/\/www.bellunopress.it\/#organization"},"image":{"@id":"https:\/\/www.bellunopress.it\/2022\/11\/01\/rinnovato-il-comitato-frazionale-di-polpet\/#primaryimage"},"thumbnailUrl":"https:\/\/www.bellunopress.it\/wp-content\/uploads\/2022\/11\/bivio-ponte-nelle-alpi-rotatoria_edited.jpg","articleSection":["Societ\u00e0, Associazioni, Istituzioni"],"inLanguage":"fr-FR"},{"@type":"WebPage","@id":"https:\/\/www.bellunopress.it\/2022\/11\/01\/rinnovato-il-comitato-frazionale-di-polpet\/","url":"https:\/\/www.bellunopress.it\/2022\/11\/01\/rinnovato-il-comitato-frazionale-di-polpet\/","name":"Rinnovato il Comitato frazionale di Polpet - Bellunopress - Dolomiti","isPartOf":{"@id":"https:\/\/www.bellunopress.it\/#website"},"primaryImageOfPage":{"@id":"https:\/\/www.bellunopress.it\/2022\/11\/01\/rinnovato-il-comitato-frazionale-di-polpet\/#primaryimage"},"image":{"@id":"https:\/\/www.bellunopress.it\/2022\/11\/01\/rinnovato-il-comitato-frazionale-di-polpet\/#primaryimage"},"thumbnailUrl":"https:\/\/www.bellunopress.it\/wp-content\/uploads\/2022\/11\/bivio-ponte-nelle-alpi-rotatoria_edited.jpg","datePublished":"2022-11-01T16:12:03+00:00","breadcrumb":{"@id":"https:\/\/www.bellunopress.it\/2022\/11\/01\/rinnovato-il-comitato-frazionale-di-polpet\/#breadcrumb"},"inLanguage":"fr-FR","potentialAction":[{"@type":"ReadAction","target":["https:\/\/www.bellunopress.it\/2022\/11\/01\/rinnovato-il-comitato-frazionale-di-polpet\/"]}]},{"@type":"ImageObject","inLanguage":"fr-FR","@id":"https:\/\/www.bellunopress.it\/2022\/11\/01\/rinnovato-il-comitato-frazionale-di-polpet\/#primaryimage","url":"https:\/\/www.bellunopress.it\/wp-content\/uploads\/2022\/11\/bivio-ponte-nelle-alpi-rotatoria_edited.jpg","contentUrl":"https:\/\/www.bellunopress.it\/wp-content\/uploads\/2022\/11\/bivio-ponte-nelle-alpi-rotatoria_edited.jpg","width":1000,"height":620},{"@type":"BreadcrumbList","@id":"https:\/\/www.bellunopress.it\/2022\/11\/01\/rinnovato-il-comitato-frazionale-di-polpet\/#breadcrumb","itemListElement":[{"@type":"ListItem","position":1,"name":"Home","item":"https:\/\/www.bellunopress.it\/"},{"@type":"ListItem","position":2,"name":"Rinnovato il Comitato frazionale di Polpet"}]},{"@type":"WebSite","@id":"https:\/\/www.bellunopress.it\/#website","url":"https:\/\/www.bellunopress.it\/","name":"Bellunopress - Dolomiti","description":"e-mail: redazione@bellunopress.it","publisher":{"@id":"https:\/\/www.bellunopress.it\/#organization"},"potentialAction":[{"@type":"SearchAction","target":{"@type":"EntryPoint","urlTemplate":"https:\/\/www.bellunopress.it\/?s={search_term_string}"},"query-input":{"@type":"PropertyValueSpecification","valueRequired":true,"valueName":"search_term_string"}}],"inLanguage":"fr-FR"},{"@type":"Organization","@id":"https:\/\/www.bellunopress.it\/#organization","name":"Bellunopress","url":"https:\/\/www.bellunopress.it\/","logo":{"@type":"ImageObject","inLanguage":"fr-FR","@id":"https:\/\/www.bellunopress.it\/#\/schema\/logo\/image\/","url":"https:\/\/www.bellunopress.it\/wp-content\/uploads\/2011\/05\/cropped-logo-bellunopress-.jpg","contentUrl":"https:\/\/www.bellunopress.it\/wp-content\/uploads\/2011\/05\/cropped-logo-bellunopress-.jpg","width":512,"height":512,"caption":"Bellunopress"},"image":{"@id":"https:\/\/www.bellunopress.it\/#\/schema\/logo\/image\/"},"sameAs":["https:\/\/www.facebook.com\/profile.php?id=100008943462799","https:\/\/x.com\/bellunopress","https:\/\/www.linkedin.com\/hp\/?dnr=JBzUWaJfMUw8vbXJJ2tVW5-I3jZKvC4wsoxE&amp;amp;amp;amp;amp;amp;trk=nav_responsive_tab_home","https:\/\/www.youtube.com\/channel\/UCxL0wu1uN0_3_7hGG0306cw"]},{"@type":"Person","@id":"https:\/\/www.bellunopress.it\/#\/schema\/person\/79bb06722b37ece1c03d3e94beb30d73","name":"r\u00e9daction","image":{"@type":"ImageObject","inLanguage":"fr-FR","@id":"https:\/\/secure.gravatar.com\/avatar\/37d968a2e67a6fd04c169c4bdef102d0bc5d31b2546345219e348575eb80e9a0?s=96&d=mm&r=g","url":"https:\/\/secure.gravatar.com\/avatar\/37d968a2e67a6fd04c169c4bdef102d0bc5d31b2546345219e348575eb80e9a0?s=96&d=mm&r=g","contentUrl":"https:\/\/secure.gravatar.com\/avatar\/37d968a2e67a6fd04c169c4bdef102d0bc5d31b2546345219e348575eb80e9a0?s=96&d=mm&r=g","caption":"redazione"},"sameAs":["http:\/\/www.bellunopress.it","https:\/\/x.com\/bellunopress"],"url":"https:\/\/www.bellunopress.it\/fr\/author\/redazione\/"}]}},"_links":{"self":[{"href":"https:\/\/www.bellunopress.it\/fr\/wp-json\/wp\/v2\/posts\/137389","targetHints":{"allow":["GET"]}}],"collection":[{"href":"https:\/\/www.bellunopress.it\/fr\/wp-json\/wp\/v2\/posts"}],"about":[{"href":"https:\/\/www.bellunopress.it\/fr\/wp-json\/wp\/v2\/types\/post"}],"author":[{"embeddable":true,"href":"https:\/\/www.bellunopress.it\/fr\/wp-json\/wp\/v2\/users\/2"}],"replies":[{"embeddable":true,"href":"https:\/\/www.bellunopress.it\/fr\/wp-json\/wp\/v2\/comments?post=137389"}],"version-history":[{"count":1,"href":"https:\/\/www.bellunopress.it\/fr\/wp-json\/wp\/v2\/posts\/137389\/revisions"}],"predecessor-version":[{"id":137391,"href":"https:\/\/www.bellunopress.it\/fr\/wp-json\/wp\/v2\/posts\/137389\/revisions\/137391"}],"wp:featuredmedia":[{"embeddable":true,"href":"https:\/\/www.bellunopress.it\/fr\/wp-json\/wp\/v2\/media\/137390"}],"wp:attachment":[{"href":"https:\/\/www.bellunopress.it\/fr\/wp-json\/wp\/v2\/media?parent=137389"}],"wp:term":[{"taxonomy":"category","embeddable":true,"href":"https:\/\/www.bellunopress.it\/fr\/wp-json\/wp\/v2\/categories?post=137389"},{"taxonomy":"post_tag","embeddable":true,"href":"https:\/\/www.bellunopress.it\/fr\/wp-json\/wp\/v2\/tags?post=137389"}],"curies":[{"name":"wp","href":"https:\/\/api.w.org\/{rel}","templated":true}]}}