{"id":137386,"date":"2022-11-01T17:06:27","date_gmt":"2022-11-01T16:06:27","guid":{"rendered":"https:\/\/www.bellunopress.it\/?p=137386"},"modified":"2022-11-01T17:06:27","modified_gmt":"2022-11-01T16:06:27","slug":"feltre-manutenzione-delle-aree-cimiteriali-sistemazione-e-mappatura-delle-13-strutture","status":"publish","type":"post","link":"https:\/\/www.bellunopress.it\/fr\/2022\/11\/01\/feltre-manutenzione-delle-aree-cimiteriali-sistemazione-e-mappatura-delle-13-strutture\/","title":{"rendered":"Feltre. Manutenzione delle aree cimiteriali, sistemazione e mappatura delle 13 strutture"},"content":{"rendered":"<p><img loading=\"lazy\" decoding=\"async\" class=\"alignleft size-full wp-image-137387\" src=\"https:\/\/www.bellunopress.it\/wp-content\/uploads\/2022\/11\/cimitero-cittadino-Feltre_edited.jpg\" alt=\"\" width=\"1000\" height=\"563\" srcset=\"https:\/\/www.bellunopress.it\/wp-content\/uploads\/2022\/11\/cimitero-cittadino-Feltre_edited.jpg 1000w, https:\/\/www.bellunopress.it\/wp-content\/uploads\/2022\/11\/cimitero-cittadino-Feltre_edited-500x282.jpg 500w, https:\/\/www.bellunopress.it\/wp-content\/uploads\/2022\/11\/cimitero-cittadino-Feltre_edited-696x392.jpg 696w, https:\/\/www.bellunopress.it\/wp-content\/uploads\/2022\/11\/cimitero-cittadino-Feltre_edited-746x420.jpg 746w\" sizes=\"auto, (max-width: 1000px) 100vw, 1000px\" \/>\u201cAbbiamo cercato di intervenire sulla manutenzione delle nostre aree cimiteriali in maniera da renderle il pi\u00f9 decorose possibile, anche in vista delle festivit\u00e0 e delle ricorrenze di inizio novembre. Il lavoro da fare resta molto, soprattutto per quanto riguarda gli stabili e i fabbricati, ma siamo convinti che fosse doveroso intanto intraprendere un percorso di riqualificazione volto a migliorare l\u2019aspetto e la fruibilit\u00e0 dei nostri cimiteri, tanto quello cittadino, quanto quelli frazionali, dove i risultati ottenuti sono ad oggi maggiormente apprezzabili\u201d.<\/p>\n<p>Cos\u00ec l\u2019assessore ai lavori pubblici e alle manutenzioni del Comune di Feltre, Andrea Bona, commenta gli interventi condotti nelle scorse settimane, che hanno riguardato, in primis, la rimozione delle erbe infestanti diffusesi in alcune aree cimiteriali, ma non solo.<\/p>\n<p>\u201cAl di l\u00e0 di alcuni primi interventi pi\u00f9 urgenti, l\u2019Amministrazione, continua Bona, ha inteso affrontare la questione \u201ccimiteri\u201d con un approccio organico; per questo motivo ciascuno degli assessori di maggioranza ha effettuato nelle scorse settimane un sopralluogo ad una diversa area cimiteriale del Comune, per verificare di persona la situazione e redigere poi una scheda descrittiva dettagliata, in cui sono state evidenziate le criticit\u00e0 maggiori su cui intervenire. E\u2019 una fotografia aggiornata della situazione che, naturalmente in supporto alle competenze di tecnici e operai, ci consentir\u00e0 di pianificare una serie di azioni migliorative anche a medio-lungo termine\u201d, conclude l\u2019assessore Bona.<\/p>\n<p>\u201cSiamo consci che la situazione dei cimiteri del nostro comune \u00e8, in linea generale, piuttosto critica; in questo primo periodo abbiamo fatto il possibile, compatibilmente con il personale a disposizione, ma per venirne a capo in maniera definitiva saranno necessari ingenti interventi strutturali, che abbiamo in programma per i prossimi anni\u201d, aggiunge il consigliere delegato Sebastiano Slongo, che prosegue: \u201cprossimamente dovremo pensare a mettere in atto anche altre tecniche di diserbo, pi\u00f9 efficaci ed economicamente sostenibili, oltre ad altri interventi, quali la pavimentazione dei viali principali con materiali adeguati, tali da garantire una minor manutenzione con un impatto visivo comunque minimo\u201d. Prosegue\u00a0Slongo: \u201cE\u2019 doveroso un ringraziamento ai dipendenti comunali per l&#8217;impegno profuso in questo ultimo periodo, soprattutto per la sistemazione nei viali di un ingente quantit\u00e0 di ghiaino come non succedeva da alcuni anni, ma anche ad alcune associazioni di volontariato e cittadini che hanno prestato la loro opera per gli interventi, in particolare, in alcuni cimiteri frazionali\u201d.<br \/>\n\u201cPer quanto riguarda il cimitero urbano &#8211; che da solo rappresenta l\u201980% delle intere aree cimiteriali del Comune di Feltre &#8211; non possiamo essere altrettanto soddisfatti e ce ne scusiamo con i cittadini: il lavoro \u00e8 ancora lungo, ma siamo certi che prossimamente, con gli importanti interventi in programma, la situazione migliorer\u00e0 decisamente, tenuta anche in doveroso conto l&#8217;importanza storico-culturale che il nostro cimitero monumentale riveste per la citt\u00e0\u201d, conclude il consigliere delegato Sebastiano Slongo.<\/p>","protected":false},"excerpt":{"rendered":"<p>\u201cAbbiamo cercato di intervenire sulla manutenzione delle nostre aree cimiteriali in maniera da renderle il pi\u00f9 decorose possibile, anche in vista delle festivit\u00e0 e delle ricorrenze di inizio novembre. Il lavoro da fare resta molto, soprattutto per quanto riguarda gli stabili e i fabbricati, ma siamo convinti che fosse doveroso intanto intraprendere un percorso di [&hellip;]<\/p>\n","protected":false},"author":2,"featured_media":137387,"comment_status":"closed","ping_status":"open","sticky":false,"template":"","format":"standard","meta":{"footnotes":""},"categories":[5,26,8],"tags":[],"class_list":["post-137386","post","type-post","status-publish","format-standard","has-post-thumbnail","category-cronaca","category-prima-pagina","category-societa-istituzioni"],"yoast_head":"<!-- This site is optimized with the Yoast SEO plugin v28.4 - https:\/\/yoast.com\/product\/yoast-seo-wordpress\/ -->\n<title>Feltre. Manutenzione delle aree cimiteriali, sistemazione e mappatura delle 13 strutture - Bellunopress - Dolomiti<\/title>\n<meta name=\"robots\" content=\"index, follow, max-snippet:-1, max-image-preview:large, max-video-preview:-1\" \/>\n<link rel=\"canonical\" href=\"https:\/\/www.bellunopress.it\/fr\/2022\/11\/01\/feltre-manutenzione-delle-aree-cimiteriali-sistemazione-e-mappatura-delle-13-strutture\/\" \/>\n<meta property=\"og:locale\" content=\"fr_FR\" \/>\n<meta property=\"og:type\" content=\"article\" \/>\n<meta property=\"og:title\" content=\"Feltre. Manutenzione delle aree cimiteriali, sistemazione e mappatura delle 13 strutture - Bellunopress - Dolomiti\" \/>\n<meta property=\"og:description\" content=\"\u201cAbbiamo cercato di intervenire sulla manutenzione delle nostre aree cimiteriali in maniera da renderle il pi\u00f9 decorose possibile, anche in vista delle festivit\u00e0 e delle ricorrenze di inizio novembre. Il lavoro da fare resta molto, soprattutto per quanto riguarda gli stabili e i fabbricati, ma siamo convinti che fosse doveroso intanto intraprendere un percorso di [&hellip;]\" \/>\n<meta property=\"og:url\" content=\"https:\/\/www.bellunopress.it\/fr\/2022\/11\/01\/feltre-manutenzione-delle-aree-cimiteriali-sistemazione-e-mappatura-delle-13-strutture\/\" \/>\n<meta property=\"og:site_name\" content=\"Bellunopress - Dolomiti\" \/>\n<meta property=\"article:publisher\" content=\"https:\/\/www.facebook.com\/profile.php?id=100008943462799\" \/>\n<meta property=\"article:published_time\" content=\"2022-11-01T16:06:27+00:00\" \/>\n<meta property=\"og:image\" content=\"https:\/\/www.bellunopress.it\/wp-content\/uploads\/2022\/11\/cimitero-cittadino-Feltre_edited.jpg\" \/>\n\t<meta property=\"og:image:width\" content=\"1000\" \/>\n\t<meta property=\"og:image:height\" content=\"563\" \/>\n\t<meta property=\"og:image:type\" content=\"image\/jpeg\" \/>\n<meta name=\"author\" content=\"redazione\" \/>\n<meta name=\"twitter:card\" content=\"summary_large_image\" \/>\n<meta name=\"twitter:creator\" content=\"@bellunopress\" \/>\n<meta name=\"twitter:site\" content=\"@bellunopress\" \/>\n<meta name=\"twitter:label1\" content=\"\u00c9crit par\" \/>\n\t<meta name=\"twitter:data1\" content=\"redazione\" \/>\n\t<meta name=\"twitter:label2\" content=\"Dur\u00e9e de lecture estim\u00e9e\" \/>\n\t<meta name=\"twitter:data2\" content=\"3 minutes\" \/>\n<script type=\"application\/ld+json\" class=\"yoast-schema-graph\">{\"@context\":\"https:\\\/\\\/schema.org\",\"@graph\":[{\"@type\":\"Article\",\"@id\":\"https:\\\/\\\/www.bellunopress.it\\\/2022\\\/11\\\/01\\\/feltre-manutenzione-delle-aree-cimiteriali-sistemazione-e-mappatura-delle-13-strutture\\\/#article\",\"isPartOf\":{\"@id\":\"https:\\\/\\\/www.bellunopress.it\\\/2022\\\/11\\\/01\\\/feltre-manutenzione-delle-aree-cimiteriali-sistemazione-e-mappatura-delle-13-strutture\\\/\"},\"author\":{\"name\":\"redazione\",\"@id\":\"https:\\\/\\\/www.bellunopress.it\\\/#\\\/schema\\\/person\\\/79bb06722b37ece1c03d3e94beb30d73\"},\"headline\":\"Feltre. Manutenzione delle aree cimiteriali, sistemazione e mappatura delle 13 strutture\",\"datePublished\":\"2022-11-01T16:06:27+00:00\",\"mainEntityOfPage\":{\"@id\":\"https:\\\/\\\/www.bellunopress.it\\\/2022\\\/11\\\/01\\\/feltre-manutenzione-delle-aree-cimiteriali-sistemazione-e-mappatura-delle-13-strutture\\\/\"},\"wordCount\":468,\"publisher\":{\"@id\":\"https:\\\/\\\/www.bellunopress.it\\\/#organization\"},\"image\":{\"@id\":\"https:\\\/\\\/www.bellunopress.it\\\/2022\\\/11\\\/01\\\/feltre-manutenzione-delle-aree-cimiteriali-sistemazione-e-mappatura-delle-13-strutture\\\/#primaryimage\"},\"thumbnailUrl\":\"https:\\\/\\\/www.bellunopress.it\\\/wp-content\\\/uploads\\\/2022\\\/11\\\/cimitero-cittadino-Feltre_edited.jpg\",\"articleSection\":[\"Cronaca\\\/Politica\",\"Prima Pagina\",\"Societ\u00e0, Associazioni, Istituzioni\"],\"inLanguage\":\"fr-FR\"},{\"@type\":\"WebPage\",\"@id\":\"https:\\\/\\\/www.bellunopress.it\\\/2022\\\/11\\\/01\\\/feltre-manutenzione-delle-aree-cimiteriali-sistemazione-e-mappatura-delle-13-strutture\\\/\",\"url\":\"https:\\\/\\\/www.bellunopress.it\\\/2022\\\/11\\\/01\\\/feltre-manutenzione-delle-aree-cimiteriali-sistemazione-e-mappatura-delle-13-strutture\\\/\",\"name\":\"Feltre. Manutenzione delle aree cimiteriali, sistemazione e mappatura delle 13 strutture - Bellunopress - Dolomiti\",\"isPartOf\":{\"@id\":\"https:\\\/\\\/www.bellunopress.it\\\/#website\"},\"primaryImageOfPage\":{\"@id\":\"https:\\\/\\\/www.bellunopress.it\\\/2022\\\/11\\\/01\\\/feltre-manutenzione-delle-aree-cimiteriali-sistemazione-e-mappatura-delle-13-strutture\\\/#primaryimage\"},\"image\":{\"@id\":\"https:\\\/\\\/www.bellunopress.it\\\/2022\\\/11\\\/01\\\/feltre-manutenzione-delle-aree-cimiteriali-sistemazione-e-mappatura-delle-13-strutture\\\/#primaryimage\"},\"thumbnailUrl\":\"https:\\\/\\\/www.bellunopress.it\\\/wp-content\\\/uploads\\\/2022\\\/11\\\/cimitero-cittadino-Feltre_edited.jpg\",\"datePublished\":\"2022-11-01T16:06:27+00:00\",\"breadcrumb\":{\"@id\":\"https:\\\/\\\/www.bellunopress.it\\\/2022\\\/11\\\/01\\\/feltre-manutenzione-delle-aree-cimiteriali-sistemazione-e-mappatura-delle-13-strutture\\\/#breadcrumb\"},\"inLanguage\":\"fr-FR\",\"potentialAction\":[{\"@type\":\"ReadAction\",\"target\":[\"https:\\\/\\\/www.bellunopress.it\\\/2022\\\/11\\\/01\\\/feltre-manutenzione-delle-aree-cimiteriali-sistemazione-e-mappatura-delle-13-strutture\\\/\"]}]},{\"@type\":\"ImageObject\",\"inLanguage\":\"fr-FR\",\"@id\":\"https:\\\/\\\/www.bellunopress.it\\\/2022\\\/11\\\/01\\\/feltre-manutenzione-delle-aree-cimiteriali-sistemazione-e-mappatura-delle-13-strutture\\\/#primaryimage\",\"url\":\"https:\\\/\\\/www.bellunopress.it\\\/wp-content\\\/uploads\\\/2022\\\/11\\\/cimitero-cittadino-Feltre_edited.jpg\",\"contentUrl\":\"https:\\\/\\\/www.bellunopress.it\\\/wp-content\\\/uploads\\\/2022\\\/11\\\/cimitero-cittadino-Feltre_edited.jpg\",\"width\":1000,\"height\":563},{\"@type\":\"BreadcrumbList\",\"@id\":\"https:\\\/\\\/www.bellunopress.it\\\/2022\\\/11\\\/01\\\/feltre-manutenzione-delle-aree-cimiteriali-sistemazione-e-mappatura-delle-13-strutture\\\/#breadcrumb\",\"itemListElement\":[{\"@type\":\"ListItem\",\"position\":1,\"name\":\"Home\",\"item\":\"https:\\\/\\\/www.bellunopress.it\\\/\"},{\"@type\":\"ListItem\",\"position\":2,\"name\":\"Feltre. Manutenzione delle aree cimiteriali, sistemazione e mappatura delle 13 strutture\"}]},{\"@type\":\"WebSite\",\"@id\":\"https:\\\/\\\/www.bellunopress.it\\\/#website\",\"url\":\"https:\\\/\\\/www.bellunopress.it\\\/\",\"name\":\"Bellunopress - Dolomiti\",\"description\":\"e-mail: redazione@bellunopress.it\",\"publisher\":{\"@id\":\"https:\\\/\\\/www.bellunopress.it\\\/#organization\"},\"potentialAction\":[{\"@type\":\"SearchAction\",\"target\":{\"@type\":\"EntryPoint\",\"urlTemplate\":\"https:\\\/\\\/www.bellunopress.it\\\/?s={search_term_string}\"},\"query-input\":{\"@type\":\"PropertyValueSpecification\",\"valueRequired\":true,\"valueName\":\"search_term_string\"}}],\"inLanguage\":\"fr-FR\"},{\"@type\":\"Organization\",\"@id\":\"https:\\\/\\\/www.bellunopress.it\\\/#organization\",\"name\":\"Bellunopress\",\"url\":\"https:\\\/\\\/www.bellunopress.it\\\/\",\"logo\":{\"@type\":\"ImageObject\",\"inLanguage\":\"fr-FR\",\"@id\":\"https:\\\/\\\/www.bellunopress.it\\\/#\\\/schema\\\/logo\\\/image\\\/\",\"url\":\"https:\\\/\\\/www.bellunopress.it\\\/wp-content\\\/uploads\\\/2011\\\/05\\\/cropped-logo-bellunopress-.jpg\",\"contentUrl\":\"https:\\\/\\\/www.bellunopress.it\\\/wp-content\\\/uploads\\\/2011\\\/05\\\/cropped-logo-bellunopress-.jpg\",\"width\":512,\"height\":512,\"caption\":\"Bellunopress\"},\"image\":{\"@id\":\"https:\\\/\\\/www.bellunopress.it\\\/#\\\/schema\\\/logo\\\/image\\\/\"},\"sameAs\":[\"https:\\\/\\\/www.facebook.com\\\/profile.php?id=100008943462799\",\"https:\\\/\\\/x.com\\\/bellunopress\",\"https:\\\/\\\/www.linkedin.com\\\/hp\\\/?dnr=JBzUWaJfMUw8vbXJJ2tVW5-I3jZKvC4wsoxE&amp;amp;amp;amp;amp;amp;trk=nav_responsive_tab_home\",\"https:\\\/\\\/www.youtube.com\\\/channel\\\/UCxL0wu1uN0_3_7hGG0306cw\"]},{\"@type\":\"Person\",\"@id\":\"https:\\\/\\\/www.bellunopress.it\\\/#\\\/schema\\\/person\\\/79bb06722b37ece1c03d3e94beb30d73\",\"name\":\"redazione\",\"image\":{\"@type\":\"ImageObject\",\"inLanguage\":\"fr-FR\",\"@id\":\"https:\\\/\\\/secure.gravatar.com\\\/avatar\\\/37d968a2e67a6fd04c169c4bdef102d0bc5d31b2546345219e348575eb80e9a0?s=96&d=mm&r=g\",\"url\":\"https:\\\/\\\/secure.gravatar.com\\\/avatar\\\/37d968a2e67a6fd04c169c4bdef102d0bc5d31b2546345219e348575eb80e9a0?s=96&d=mm&r=g\",\"contentUrl\":\"https:\\\/\\\/secure.gravatar.com\\\/avatar\\\/37d968a2e67a6fd04c169c4bdef102d0bc5d31b2546345219e348575eb80e9a0?s=96&d=mm&r=g\",\"caption\":\"redazione\"},\"sameAs\":[\"http:\\\/\\\/www.bellunopress.it\",\"https:\\\/\\\/x.com\\\/bellunopress\"],\"url\":\"https:\\\/\\\/www.bellunopress.it\\\/fr\\\/author\\\/redazione\\\/\"}]}<\/script>\n<!-- \/ Yoast SEO plugin. -->","yoast_head_json":{"title":"Feltre. Manutenzione delle aree cimiteriali, sistemazione e mappatura delle 13 strutture - Bellunopress - Dolomiti","robots":{"index":"index","follow":"follow","max-snippet":"max-snippet:-1","max-image-preview":"max-image-preview:large","max-video-preview":"max-video-preview:-1"},"canonical":"https:\/\/www.bellunopress.it\/fr\/2022\/11\/01\/feltre-manutenzione-delle-aree-cimiteriali-sistemazione-e-mappatura-delle-13-strutture\/","og_locale":"fr_FR","og_type":"article","og_title":"Feltre. Manutenzione delle aree cimiteriali, sistemazione e mappatura delle 13 strutture - Bellunopress - Dolomiti","og_description":"\u201cAbbiamo cercato di intervenire sulla manutenzione delle nostre aree cimiteriali in maniera da renderle il pi\u00f9 decorose possibile, anche in vista delle festivit\u00e0 e delle ricorrenze di inizio novembre. Il lavoro da fare resta molto, soprattutto per quanto riguarda gli stabili e i fabbricati, ma siamo convinti che fosse doveroso intanto intraprendere un percorso di [&hellip;]","og_url":"https:\/\/www.bellunopress.it\/fr\/2022\/11\/01\/feltre-manutenzione-delle-aree-cimiteriali-sistemazione-e-mappatura-delle-13-strutture\/","og_site_name":"Bellunopress - Dolomiti","article_publisher":"https:\/\/www.facebook.com\/profile.php?id=100008943462799","article_published_time":"2022-11-01T16:06:27+00:00","og_image":[{"width":1000,"height":563,"url":"https:\/\/www.bellunopress.it\/wp-content\/uploads\/2022\/11\/cimitero-cittadino-Feltre_edited.jpg","type":"image\/jpeg"}],"author":"redazione","twitter_card":"summary_large_image","twitter_creator":"@bellunopress","twitter_site":"@bellunopress","twitter_misc":{"\u00c9crit par":"redazione","Dur\u00e9e de lecture estim\u00e9e":"3 minutes"},"schema":{"@context":"https:\/\/schema.org","@graph":[{"@type":"Article","@id":"https:\/\/www.bellunopress.it\/2022\/11\/01\/feltre-manutenzione-delle-aree-cimiteriali-sistemazione-e-mappatura-delle-13-strutture\/#article","isPartOf":{"@id":"https:\/\/www.bellunopress.it\/2022\/11\/01\/feltre-manutenzione-delle-aree-cimiteriali-sistemazione-e-mappatura-delle-13-strutture\/"},"author":{"name":"redazione","@id":"https:\/\/www.bellunopress.it\/#\/schema\/person\/79bb06722b37ece1c03d3e94beb30d73"},"headline":"Feltre. Manutenzione delle aree cimiteriali, sistemazione e mappatura delle 13 strutture","datePublished":"2022-11-01T16:06:27+00:00","mainEntityOfPage":{"@id":"https:\/\/www.bellunopress.it\/2022\/11\/01\/feltre-manutenzione-delle-aree-cimiteriali-sistemazione-e-mappatura-delle-13-strutture\/"},"wordCount":468,"publisher":{"@id":"https:\/\/www.bellunopress.it\/#organization"},"image":{"@id":"https:\/\/www.bellunopress.it\/2022\/11\/01\/feltre-manutenzione-delle-aree-cimiteriali-sistemazione-e-mappatura-delle-13-strutture\/#primaryimage"},"thumbnailUrl":"https:\/\/www.bellunopress.it\/wp-content\/uploads\/2022\/11\/cimitero-cittadino-Feltre_edited.jpg","articleSection":["Cronaca\/Politica","Prima Pagina","Societ\u00e0, Associazioni, Istituzioni"],"inLanguage":"fr-FR"},{"@type":"WebPage","@id":"https:\/\/www.bellunopress.it\/2022\/11\/01\/feltre-manutenzione-delle-aree-cimiteriali-sistemazione-e-mappatura-delle-13-strutture\/","url":"https:\/\/www.bellunopress.it\/2022\/11\/01\/feltre-manutenzione-delle-aree-cimiteriali-sistemazione-e-mappatura-delle-13-strutture\/","name":"Feltre. Manutenzione delle aree cimiteriali, sistemazione e mappatura delle 13 strutture - Bellunopress - Dolomiti","isPartOf":{"@id":"https:\/\/www.bellunopress.it\/#website"},"primaryImageOfPage":{"@id":"https:\/\/www.bellunopress.it\/2022\/11\/01\/feltre-manutenzione-delle-aree-cimiteriali-sistemazione-e-mappatura-delle-13-strutture\/#primaryimage"},"image":{"@id":"https:\/\/www.bellunopress.it\/2022\/11\/01\/feltre-manutenzione-delle-aree-cimiteriali-sistemazione-e-mappatura-delle-13-strutture\/#primaryimage"},"thumbnailUrl":"https:\/\/www.bellunopress.it\/wp-content\/uploads\/2022\/11\/cimitero-cittadino-Feltre_edited.jpg","datePublished":"2022-11-01T16:06:27+00:00","breadcrumb":{"@id":"https:\/\/www.bellunopress.it\/2022\/11\/01\/feltre-manutenzione-delle-aree-cimiteriali-sistemazione-e-mappatura-delle-13-strutture\/#breadcrumb"},"inLanguage":"fr-FR","potentialAction":[{"@type":"ReadAction","target":["https:\/\/www.bellunopress.it\/2022\/11\/01\/feltre-manutenzione-delle-aree-cimiteriali-sistemazione-e-mappatura-delle-13-strutture\/"]}]},{"@type":"ImageObject","inLanguage":"fr-FR","@id":"https:\/\/www.bellunopress.it\/2022\/11\/01\/feltre-manutenzione-delle-aree-cimiteriali-sistemazione-e-mappatura-delle-13-strutture\/#primaryimage","url":"https:\/\/www.bellunopress.it\/wp-content\/uploads\/2022\/11\/cimitero-cittadino-Feltre_edited.jpg","contentUrl":"https:\/\/www.bellunopress.it\/wp-content\/uploads\/2022\/11\/cimitero-cittadino-Feltre_edited.jpg","width":1000,"height":563},{"@type":"BreadcrumbList","@id":"https:\/\/www.bellunopress.it\/2022\/11\/01\/feltre-manutenzione-delle-aree-cimiteriali-sistemazione-e-mappatura-delle-13-strutture\/#breadcrumb","itemListElement":[{"@type":"ListItem","position":1,"name":"Home","item":"https:\/\/www.bellunopress.it\/"},{"@type":"ListItem","position":2,"name":"Feltre. Manutenzione delle aree cimiteriali, sistemazione e mappatura delle 13 strutture"}]},{"@type":"WebSite","@id":"https:\/\/www.bellunopress.it\/#website","url":"https:\/\/www.bellunopress.it\/","name":"Bellunopress - Dolomiti","description":"e-mail: redazione@bellunopress.it","publisher":{"@id":"https:\/\/www.bellunopress.it\/#organization"},"potentialAction":[{"@type":"SearchAction","target":{"@type":"EntryPoint","urlTemplate":"https:\/\/www.bellunopress.it\/?s={search_term_string}"},"query-input":{"@type":"PropertyValueSpecification","valueRequired":true,"valueName":"search_term_string"}}],"inLanguage":"fr-FR"},{"@type":"Organization","@id":"https:\/\/www.bellunopress.it\/#organization","name":"Bellunopress","url":"https:\/\/www.bellunopress.it\/","logo":{"@type":"ImageObject","inLanguage":"fr-FR","@id":"https:\/\/www.bellunopress.it\/#\/schema\/logo\/image\/","url":"https:\/\/www.bellunopress.it\/wp-content\/uploads\/2011\/05\/cropped-logo-bellunopress-.jpg","contentUrl":"https:\/\/www.bellunopress.it\/wp-content\/uploads\/2011\/05\/cropped-logo-bellunopress-.jpg","width":512,"height":512,"caption":"Bellunopress"},"image":{"@id":"https:\/\/www.bellunopress.it\/#\/schema\/logo\/image\/"},"sameAs":["https:\/\/www.facebook.com\/profile.php?id=100008943462799","https:\/\/x.com\/bellunopress","https:\/\/www.linkedin.com\/hp\/?dnr=JBzUWaJfMUw8vbXJJ2tVW5-I3jZKvC4wsoxE&amp;amp;amp;amp;amp;amp;trk=nav_responsive_tab_home","https:\/\/www.youtube.com\/channel\/UCxL0wu1uN0_3_7hGG0306cw"]},{"@type":"Person","@id":"https:\/\/www.bellunopress.it\/#\/schema\/person\/79bb06722b37ece1c03d3e94beb30d73","name":"r\u00e9daction","image":{"@type":"ImageObject","inLanguage":"fr-FR","@id":"https:\/\/secure.gravatar.com\/avatar\/37d968a2e67a6fd04c169c4bdef102d0bc5d31b2546345219e348575eb80e9a0?s=96&d=mm&r=g","url":"https:\/\/secure.gravatar.com\/avatar\/37d968a2e67a6fd04c169c4bdef102d0bc5d31b2546345219e348575eb80e9a0?s=96&d=mm&r=g","contentUrl":"https:\/\/secure.gravatar.com\/avatar\/37d968a2e67a6fd04c169c4bdef102d0bc5d31b2546345219e348575eb80e9a0?s=96&d=mm&r=g","caption":"redazione"},"sameAs":["http:\/\/www.bellunopress.it","https:\/\/x.com\/bellunopress"],"url":"https:\/\/www.bellunopress.it\/fr\/author\/redazione\/"}]}},"_links":{"self":[{"href":"https:\/\/www.bellunopress.it\/fr\/wp-json\/wp\/v2\/posts\/137386","targetHints":{"allow":["GET"]}}],"collection":[{"href":"https:\/\/www.bellunopress.it\/fr\/wp-json\/wp\/v2\/posts"}],"about":[{"href":"https:\/\/www.bellunopress.it\/fr\/wp-json\/wp\/v2\/types\/post"}],"author":[{"embeddable":true,"href":"https:\/\/www.bellunopress.it\/fr\/wp-json\/wp\/v2\/users\/2"}],"replies":[{"embeddable":true,"href":"https:\/\/www.bellunopress.it\/fr\/wp-json\/wp\/v2\/comments?post=137386"}],"version-history":[{"count":1,"href":"https:\/\/www.bellunopress.it\/fr\/wp-json\/wp\/v2\/posts\/137386\/revisions"}],"predecessor-version":[{"id":137388,"href":"https:\/\/www.bellunopress.it\/fr\/wp-json\/wp\/v2\/posts\/137386\/revisions\/137388"}],"wp:featuredmedia":[{"embeddable":true,"href":"https:\/\/www.bellunopress.it\/fr\/wp-json\/wp\/v2\/media\/137387"}],"wp:attachment":[{"href":"https:\/\/www.bellunopress.it\/fr\/wp-json\/wp\/v2\/media?parent=137386"}],"wp:term":[{"taxonomy":"category","embeddable":true,"href":"https:\/\/www.bellunopress.it\/fr\/wp-json\/wp\/v2\/categories?post=137386"},{"taxonomy":"post_tag","embeddable":true,"href":"https:\/\/www.bellunopress.it\/fr\/wp-json\/wp\/v2\/tags?post=137386"}],"curies":[{"name":"wp","href":"https:\/\/api.w.org\/{rel}","templated":true}]}}