{"id":137378,"date":"2022-10-31T15:00:39","date_gmt":"2022-10-31T14:00:39","guid":{"rendered":"https:\/\/www.bellunopress.it\/?p=137378"},"modified":"2022-10-31T20:57:30","modified_gmt":"2022-10-31T19:57:30","slug":"centrale-operativa-territoriale-ulss-approvato-il-progetto-esecutivo-e-indetto-il-bando-per-laffidamento-lavori","status":"publish","type":"post","link":"https:\/\/www.bellunopress.it\/fr\/2022\/10\/31\/centrale-operativa-territoriale-ulss-approvato-il-progetto-esecutivo-e-indetto-il-bando-per-laffidamento-lavori\/","title":{"rendered":"Centrale Operativa Territoriale Ulss: approvato il progetto esecutivo e indetto il bando per l\u2019affidamento lavori"},"content":{"rendered":"<figure id=\"attachment_113024\" aria-describedby=\"caption-attachment-113024\" style=\"width: 699px\" class=\"wp-caption alignleft\"><img loading=\"lazy\" decoding=\"async\" class=\"size-full wp-image-113024\" src=\"https:\/\/www.bellunopress.it\/wp-content\/uploads\/2020\/03\/Ospedale_San_Martino_Belluno_2014.jpg\" alt=\"\" width=\"699\" height=\"376\" srcset=\"https:\/\/www.bellunopress.it\/wp-content\/uploads\/2020\/03\/Ospedale_San_Martino_Belluno_2014.jpg 699w, https:\/\/www.bellunopress.it\/wp-content\/uploads\/2020\/03\/Ospedale_San_Martino_Belluno_2014-500x269.jpg 500w, https:\/\/www.bellunopress.it\/wp-content\/uploads\/2020\/03\/Ospedale_San_Martino_Belluno_2014-696x374.jpg 696w\" sizes=\"auto, (max-width: 699px) 100vw, 699px\" \/><figcaption id=\"caption-attachment-113024\" class=\"wp-caption-text\">Ospedale &#8220;San Martino&#8221; di Belluno<\/figcaption><\/figure>\n<p>Procede spedito l\u2019iter per la riqualificazione della Centrale Operativa Territoriale di Belluno. Dopo l\u2019approvazione del progetto di fattibilit\u00e0, \u00e8 stato, infatti, approvato il progetto esecutivo ed \u00e8 stata indetta la procedura di gara d\u2019appalto per l\u2019affidamento dei lavori.<\/p>\n<p>La Centrale Operativa Territoriale sar\u00e0 realizzata al secondo piano dell\u2019ala ovest del Blocco B (San Gervasio) dell\u2019Ospedale San Martino di Belluno, grazie a un investimento complessivo di 331.440 euro finanziati col PNRR.<\/p>\n<p>Il progetto prevede una serie di interventi di ristrutturazione e manutenzione per consentire un utilizzo idoneo dei locali adibiti a uffici, sala riunioni e servizi da parte del personale. In particolare, verranno realizzati interventi di ristrutturazione di natura edile, di adeguamento degli impianti e di sostituzione dei serramenti. Tale riqualificazione consentir\u00e0 di rendere gli ambienti funzionali e accoglienti.<\/p>\n<p>E\u2019 stato infine approvato, ed \u00e8 in via di pubblicazione, il bando di gara per l\u2019affidamento dei lavori ed \u00e8 stato istituito l\u2019Ufficio di Direzione Lavori composto dall\u2019Ing. Felice Gaiardo.<\/p>","protected":false},"excerpt":{"rendered":"<p>Procede spedito l\u2019iter per la riqualificazione della Centrale Operativa Territoriale di Belluno. Dopo l\u2019approvazione del progetto di fattibilit\u00e0, \u00e8 stato, infatti, approvato il progetto esecutivo ed \u00e8 stata indetta la procedura di gara d\u2019appalto per l\u2019affidamento dei lavori. La Centrale Operativa Territoriale sar\u00e0 realizzata al secondo piano dell\u2019ala ovest del Blocco B (San Gervasio) dell\u2019Ospedale [&hellip;]<\/p>\n","protected":false},"author":2,"featured_media":113024,"comment_status":"closed","ping_status":"open","sticky":false,"template":"","format":"standard","meta":{"footnotes":""},"categories":[17],"tags":[],"class_list":["post-137378","post","type-post","status-publish","format-standard","has-post-thumbnail","category-sanita"],"yoast_head":"<!-- This site is optimized with the Yoast SEO plugin v28.4 - https:\/\/yoast.com\/product\/yoast-seo-wordpress\/ -->\n<title>Centrale Operativa Territoriale Ulss: approvato il progetto esecutivo e indetto il bando per l\u2019affidamento lavori - Bellunopress - Dolomiti<\/title>\n<meta name=\"robots\" content=\"index, follow, max-snippet:-1, max-image-preview:large, max-video-preview:-1\" \/>\n<link rel=\"canonical\" href=\"https:\/\/www.bellunopress.it\/fr\/2022\/10\/31\/centrale-operativa-territoriale-ulss-approvato-il-progetto-esecutivo-e-indetto-il-bando-per-laffidamento-lavori\/\" \/>\n<meta property=\"og:locale\" content=\"fr_FR\" \/>\n<meta property=\"og:type\" content=\"article\" \/>\n<meta property=\"og:title\" content=\"Centrale Operativa Territoriale Ulss: approvato il progetto esecutivo e indetto il bando per l\u2019affidamento lavori - Bellunopress - Dolomiti\" \/>\n<meta property=\"og:description\" content=\"Procede spedito l\u2019iter per la riqualificazione della Centrale Operativa Territoriale di Belluno. Dopo l\u2019approvazione del progetto di fattibilit\u00e0, \u00e8 stato, infatti, approvato il progetto esecutivo ed \u00e8 stata indetta la procedura di gara d\u2019appalto per l\u2019affidamento dei lavori. La Centrale Operativa Territoriale sar\u00e0 realizzata al secondo piano dell\u2019ala ovest del Blocco B (San Gervasio) dell\u2019Ospedale [&hellip;]\" \/>\n<meta property=\"og:url\" content=\"https:\/\/www.bellunopress.it\/fr\/2022\/10\/31\/centrale-operativa-territoriale-ulss-approvato-il-progetto-esecutivo-e-indetto-il-bando-per-laffidamento-lavori\/\" \/>\n<meta property=\"og:site_name\" content=\"Bellunopress - Dolomiti\" \/>\n<meta property=\"article:publisher\" content=\"https:\/\/www.facebook.com\/profile.php?id=100008943462799\" \/>\n<meta property=\"article:published_time\" content=\"2022-10-31T14:00:39+00:00\" \/>\n<meta property=\"article:modified_time\" content=\"2022-10-31T19:57:30+00:00\" \/>\n<meta property=\"og:image\" content=\"https:\/\/www.bellunopress.it\/wp-content\/uploads\/2020\/03\/Ospedale_San_Martino_Belluno_2014.jpg\" \/>\n\t<meta property=\"og:image:width\" content=\"699\" \/>\n\t<meta property=\"og:image:height\" content=\"376\" \/>\n\t<meta property=\"og:image:type\" content=\"image\/jpeg\" \/>\n<meta name=\"author\" content=\"redazione\" \/>\n<meta name=\"twitter:card\" content=\"summary_large_image\" \/>\n<meta name=\"twitter:creator\" content=\"@bellunopress\" \/>\n<meta name=\"twitter:site\" content=\"@bellunopress\" \/>\n<meta name=\"twitter:label1\" content=\"Written by\" \/>\n\t<meta name=\"twitter:data1\" content=\"redazione\" \/>\n\t<meta name=\"twitter:label2\" content=\"Est. reading time\" \/>\n\t<meta name=\"twitter:data2\" content=\"2 minutes\" \/>\n<script type=\"application\/ld+json\" class=\"yoast-schema-graph\">{\"@context\":\"https:\\\/\\\/schema.org\",\"@graph\":[{\"@type\":\"Article\",\"@id\":\"https:\\\/\\\/www.bellunopress.it\\\/2022\\\/10\\\/31\\\/centrale-operativa-territoriale-ulss-approvato-il-progetto-esecutivo-e-indetto-il-bando-per-laffidamento-lavori\\\/#article\",\"isPartOf\":{\"@id\":\"https:\\\/\\\/www.bellunopress.it\\\/2022\\\/10\\\/31\\\/centrale-operativa-territoriale-ulss-approvato-il-progetto-esecutivo-e-indetto-il-bando-per-laffidamento-lavori\\\/\"},\"author\":{\"name\":\"redazione\",\"@id\":\"https:\\\/\\\/www.bellunopress.it\\\/#\\\/schema\\\/person\\\/79bb06722b37ece1c03d3e94beb30d73\"},\"headline\":\"Centrale Operativa Territoriale Ulss: approvato il progetto esecutivo e indetto il bando per l\u2019affidamento lavori\",\"datePublished\":\"2022-10-31T14:00:39+00:00\",\"dateModified\":\"2022-10-31T19:57:30+00:00\",\"mainEntityOfPage\":{\"@id\":\"https:\\\/\\\/www.bellunopress.it\\\/2022\\\/10\\\/31\\\/centrale-operativa-territoriale-ulss-approvato-il-progetto-esecutivo-e-indetto-il-bando-per-laffidamento-lavori\\\/\"},\"wordCount\":190,\"publisher\":{\"@id\":\"https:\\\/\\\/www.bellunopress.it\\\/#organization\"},\"image\":{\"@id\":\"https:\\\/\\\/www.bellunopress.it\\\/2022\\\/10\\\/31\\\/centrale-operativa-territoriale-ulss-approvato-il-progetto-esecutivo-e-indetto-il-bando-per-laffidamento-lavori\\\/#primaryimage\"},\"thumbnailUrl\":\"https:\\\/\\\/www.bellunopress.it\\\/wp-content\\\/uploads\\\/2020\\\/03\\\/Ospedale_San_Martino_Belluno_2014.jpg\",\"articleSection\":[\"Sanit\u00e0 Medicina\"],\"inLanguage\":\"fr-FR\"},{\"@type\":\"WebPage\",\"@id\":\"https:\\\/\\\/www.bellunopress.it\\\/2022\\\/10\\\/31\\\/centrale-operativa-territoriale-ulss-approvato-il-progetto-esecutivo-e-indetto-il-bando-per-laffidamento-lavori\\\/\",\"url\":\"https:\\\/\\\/www.bellunopress.it\\\/2022\\\/10\\\/31\\\/centrale-operativa-territoriale-ulss-approvato-il-progetto-esecutivo-e-indetto-il-bando-per-laffidamento-lavori\\\/\",\"name\":\"Centrale Operativa Territoriale Ulss: approvato il progetto esecutivo e indetto il bando per l\u2019affidamento lavori - Bellunopress - Dolomiti\",\"isPartOf\":{\"@id\":\"https:\\\/\\\/www.bellunopress.it\\\/#website\"},\"primaryImageOfPage\":{\"@id\":\"https:\\\/\\\/www.bellunopress.it\\\/2022\\\/10\\\/31\\\/centrale-operativa-territoriale-ulss-approvato-il-progetto-esecutivo-e-indetto-il-bando-per-laffidamento-lavori\\\/#primaryimage\"},\"image\":{\"@id\":\"https:\\\/\\\/www.bellunopress.it\\\/2022\\\/10\\\/31\\\/centrale-operativa-territoriale-ulss-approvato-il-progetto-esecutivo-e-indetto-il-bando-per-laffidamento-lavori\\\/#primaryimage\"},\"thumbnailUrl\":\"https:\\\/\\\/www.bellunopress.it\\\/wp-content\\\/uploads\\\/2020\\\/03\\\/Ospedale_San_Martino_Belluno_2014.jpg\",\"datePublished\":\"2022-10-31T14:00:39+00:00\",\"dateModified\":\"2022-10-31T19:57:30+00:00\",\"breadcrumb\":{\"@id\":\"https:\\\/\\\/www.bellunopress.it\\\/2022\\\/10\\\/31\\\/centrale-operativa-territoriale-ulss-approvato-il-progetto-esecutivo-e-indetto-il-bando-per-laffidamento-lavori\\\/#breadcrumb\"},\"inLanguage\":\"fr-FR\",\"potentialAction\":[{\"@type\":\"ReadAction\",\"target\":[\"https:\\\/\\\/www.bellunopress.it\\\/2022\\\/10\\\/31\\\/centrale-operativa-territoriale-ulss-approvato-il-progetto-esecutivo-e-indetto-il-bando-per-laffidamento-lavori\\\/\"]}]},{\"@type\":\"ImageObject\",\"inLanguage\":\"fr-FR\",\"@id\":\"https:\\\/\\\/www.bellunopress.it\\\/2022\\\/10\\\/31\\\/centrale-operativa-territoriale-ulss-approvato-il-progetto-esecutivo-e-indetto-il-bando-per-laffidamento-lavori\\\/#primaryimage\",\"url\":\"https:\\\/\\\/www.bellunopress.it\\\/wp-content\\\/uploads\\\/2020\\\/03\\\/Ospedale_San_Martino_Belluno_2014.jpg\",\"contentUrl\":\"https:\\\/\\\/www.bellunopress.it\\\/wp-content\\\/uploads\\\/2020\\\/03\\\/Ospedale_San_Martino_Belluno_2014.jpg\",\"width\":699,\"height\":376,\"caption\":\"Ospedale \\\"San Martino\\\" di Belluno\"},{\"@type\":\"BreadcrumbList\",\"@id\":\"https:\\\/\\\/www.bellunopress.it\\\/2022\\\/10\\\/31\\\/centrale-operativa-territoriale-ulss-approvato-il-progetto-esecutivo-e-indetto-il-bando-per-laffidamento-lavori\\\/#breadcrumb\",\"itemListElement\":[{\"@type\":\"ListItem\",\"position\":1,\"name\":\"Home\",\"item\":\"https:\\\/\\\/www.bellunopress.it\\\/\"},{\"@type\":\"ListItem\",\"position\":2,\"name\":\"Centrale Operativa Territoriale Ulss: approvato il progetto esecutivo e indetto il bando per l\u2019affidamento lavori\"}]},{\"@type\":\"WebSite\",\"@id\":\"https:\\\/\\\/www.bellunopress.it\\\/#website\",\"url\":\"https:\\\/\\\/www.bellunopress.it\\\/\",\"name\":\"Bellunopress - Dolomiti\",\"description\":\"e-mail: redazione@bellunopress.it\",\"publisher\":{\"@id\":\"https:\\\/\\\/www.bellunopress.it\\\/#organization\"},\"potentialAction\":[{\"@type\":\"SearchAction\",\"target\":{\"@type\":\"EntryPoint\",\"urlTemplate\":\"https:\\\/\\\/www.bellunopress.it\\\/?s={search_term_string}\"},\"query-input\":{\"@type\":\"PropertyValueSpecification\",\"valueRequired\":true,\"valueName\":\"search_term_string\"}}],\"inLanguage\":\"fr-FR\"},{\"@type\":\"Organization\",\"@id\":\"https:\\\/\\\/www.bellunopress.it\\\/#organization\",\"name\":\"Bellunopress\",\"url\":\"https:\\\/\\\/www.bellunopress.it\\\/\",\"logo\":{\"@type\":\"ImageObject\",\"inLanguage\":\"fr-FR\",\"@id\":\"https:\\\/\\\/www.bellunopress.it\\\/#\\\/schema\\\/logo\\\/image\\\/\",\"url\":\"https:\\\/\\\/www.bellunopress.it\\\/wp-content\\\/uploads\\\/2011\\\/05\\\/cropped-logo-bellunopress-.jpg\",\"contentUrl\":\"https:\\\/\\\/www.bellunopress.it\\\/wp-content\\\/uploads\\\/2011\\\/05\\\/cropped-logo-bellunopress-.jpg\",\"width\":512,\"height\":512,\"caption\":\"Bellunopress\"},\"image\":{\"@id\":\"https:\\\/\\\/www.bellunopress.it\\\/#\\\/schema\\\/logo\\\/image\\\/\"},\"sameAs\":[\"https:\\\/\\\/www.facebook.com\\\/profile.php?id=100008943462799\",\"https:\\\/\\\/x.com\\\/bellunopress\",\"https:\\\/\\\/www.linkedin.com\\\/hp\\\/?dnr=JBzUWaJfMUw8vbXJJ2tVW5-I3jZKvC4wsoxE&amp;amp;amp;amp;amp;amp;trk=nav_responsive_tab_home\",\"https:\\\/\\\/www.youtube.com\\\/channel\\\/UCxL0wu1uN0_3_7hGG0306cw\"]},{\"@type\":\"Person\",\"@id\":\"https:\\\/\\\/www.bellunopress.it\\\/#\\\/schema\\\/person\\\/79bb06722b37ece1c03d3e94beb30d73\",\"name\":\"redazione\",\"image\":{\"@type\":\"ImageObject\",\"inLanguage\":\"fr-FR\",\"@id\":\"https:\\\/\\\/secure.gravatar.com\\\/avatar\\\/37d968a2e67a6fd04c169c4bdef102d0bc5d31b2546345219e348575eb80e9a0?s=96&d=mm&r=g\",\"url\":\"https:\\\/\\\/secure.gravatar.com\\\/avatar\\\/37d968a2e67a6fd04c169c4bdef102d0bc5d31b2546345219e348575eb80e9a0?s=96&d=mm&r=g\",\"contentUrl\":\"https:\\\/\\\/secure.gravatar.com\\\/avatar\\\/37d968a2e67a6fd04c169c4bdef102d0bc5d31b2546345219e348575eb80e9a0?s=96&d=mm&r=g\",\"caption\":\"redazione\"},\"sameAs\":[\"http:\\\/\\\/www.bellunopress.it\",\"https:\\\/\\\/x.com\\\/bellunopress\"],\"url\":\"https:\\\/\\\/www.bellunopress.it\\\/fr\\\/author\\\/redazione\\\/\"}]}<\/script>\n<!-- \/ Yoast SEO plugin. -->","yoast_head_json":{"title":"Centrale Operativa Territoriale Ulss: approvato il progetto esecutivo e indetto il bando per l\u2019affidamento lavori - Bellunopress - Dolomiti","robots":{"index":"index","follow":"follow","max-snippet":"max-snippet:-1","max-image-preview":"max-image-preview:large","max-video-preview":"max-video-preview:-1"},"canonical":"https:\/\/www.bellunopress.it\/fr\/2022\/10\/31\/centrale-operativa-territoriale-ulss-approvato-il-progetto-esecutivo-e-indetto-il-bando-per-laffidamento-lavori\/","og_locale":"fr_FR","og_type":"article","og_title":"Centrale Operativa Territoriale Ulss: approvato il progetto esecutivo e indetto il bando per l\u2019affidamento lavori - Bellunopress - Dolomiti","og_description":"Procede spedito l\u2019iter per la riqualificazione della Centrale Operativa Territoriale di Belluno. Dopo l\u2019approvazione del progetto di fattibilit\u00e0, \u00e8 stato, infatti, approvato il progetto esecutivo ed \u00e8 stata indetta la procedura di gara d\u2019appalto per l\u2019affidamento dei lavori. La Centrale Operativa Territoriale sar\u00e0 realizzata al secondo piano dell\u2019ala ovest del Blocco B (San Gervasio) dell\u2019Ospedale [&hellip;]","og_url":"https:\/\/www.bellunopress.it\/fr\/2022\/10\/31\/centrale-operativa-territoriale-ulss-approvato-il-progetto-esecutivo-e-indetto-il-bando-per-laffidamento-lavori\/","og_site_name":"Bellunopress - Dolomiti","article_publisher":"https:\/\/www.facebook.com\/profile.php?id=100008943462799","article_published_time":"2022-10-31T14:00:39+00:00","article_modified_time":"2022-10-31T19:57:30+00:00","og_image":[{"width":699,"height":376,"url":"https:\/\/www.bellunopress.it\/wp-content\/uploads\/2020\/03\/Ospedale_San_Martino_Belluno_2014.jpg","type":"image\/jpeg"}],"author":"redazione","twitter_card":"summary_large_image","twitter_creator":"@bellunopress","twitter_site":"@bellunopress","twitter_misc":{"Written by":"redazione","Est. reading time":"2 minutes"},"schema":{"@context":"https:\/\/schema.org","@graph":[{"@type":"Article","@id":"https:\/\/www.bellunopress.it\/2022\/10\/31\/centrale-operativa-territoriale-ulss-approvato-il-progetto-esecutivo-e-indetto-il-bando-per-laffidamento-lavori\/#article","isPartOf":{"@id":"https:\/\/www.bellunopress.it\/2022\/10\/31\/centrale-operativa-territoriale-ulss-approvato-il-progetto-esecutivo-e-indetto-il-bando-per-laffidamento-lavori\/"},"author":{"name":"redazione","@id":"https:\/\/www.bellunopress.it\/#\/schema\/person\/79bb06722b37ece1c03d3e94beb30d73"},"headline":"Centrale Operativa Territoriale Ulss: approvato il progetto esecutivo e indetto il bando per l\u2019affidamento lavori","datePublished":"2022-10-31T14:00:39+00:00","dateModified":"2022-10-31T19:57:30+00:00","mainEntityOfPage":{"@id":"https:\/\/www.bellunopress.it\/2022\/10\/31\/centrale-operativa-territoriale-ulss-approvato-il-progetto-esecutivo-e-indetto-il-bando-per-laffidamento-lavori\/"},"wordCount":190,"publisher":{"@id":"https:\/\/www.bellunopress.it\/#organization"},"image":{"@id":"https:\/\/www.bellunopress.it\/2022\/10\/31\/centrale-operativa-territoriale-ulss-approvato-il-progetto-esecutivo-e-indetto-il-bando-per-laffidamento-lavori\/#primaryimage"},"thumbnailUrl":"https:\/\/www.bellunopress.it\/wp-content\/uploads\/2020\/03\/Ospedale_San_Martino_Belluno_2014.jpg","articleSection":["Sanit\u00e0 Medicina"],"inLanguage":"fr-FR"},{"@type":"WebPage","@id":"https:\/\/www.bellunopress.it\/2022\/10\/31\/centrale-operativa-territoriale-ulss-approvato-il-progetto-esecutivo-e-indetto-il-bando-per-laffidamento-lavori\/","url":"https:\/\/www.bellunopress.it\/2022\/10\/31\/centrale-operativa-territoriale-ulss-approvato-il-progetto-esecutivo-e-indetto-il-bando-per-laffidamento-lavori\/","name":"Centrale Operativa Territoriale Ulss: approvato il progetto esecutivo e indetto il bando per l\u2019affidamento lavori - Bellunopress - Dolomiti","isPartOf":{"@id":"https:\/\/www.bellunopress.it\/#website"},"primaryImageOfPage":{"@id":"https:\/\/www.bellunopress.it\/2022\/10\/31\/centrale-operativa-territoriale-ulss-approvato-il-progetto-esecutivo-e-indetto-il-bando-per-laffidamento-lavori\/#primaryimage"},"image":{"@id":"https:\/\/www.bellunopress.it\/2022\/10\/31\/centrale-operativa-territoriale-ulss-approvato-il-progetto-esecutivo-e-indetto-il-bando-per-laffidamento-lavori\/#primaryimage"},"thumbnailUrl":"https:\/\/www.bellunopress.it\/wp-content\/uploads\/2020\/03\/Ospedale_San_Martino_Belluno_2014.jpg","datePublished":"2022-10-31T14:00:39+00:00","dateModified":"2022-10-31T19:57:30+00:00","breadcrumb":{"@id":"https:\/\/www.bellunopress.it\/2022\/10\/31\/centrale-operativa-territoriale-ulss-approvato-il-progetto-esecutivo-e-indetto-il-bando-per-laffidamento-lavori\/#breadcrumb"},"inLanguage":"fr-FR","potentialAction":[{"@type":"ReadAction","target":["https:\/\/www.bellunopress.it\/2022\/10\/31\/centrale-operativa-territoriale-ulss-approvato-il-progetto-esecutivo-e-indetto-il-bando-per-laffidamento-lavori\/"]}]},{"@type":"ImageObject","inLanguage":"fr-FR","@id":"https:\/\/www.bellunopress.it\/2022\/10\/31\/centrale-operativa-territoriale-ulss-approvato-il-progetto-esecutivo-e-indetto-il-bando-per-laffidamento-lavori\/#primaryimage","url":"https:\/\/www.bellunopress.it\/wp-content\/uploads\/2020\/03\/Ospedale_San_Martino_Belluno_2014.jpg","contentUrl":"https:\/\/www.bellunopress.it\/wp-content\/uploads\/2020\/03\/Ospedale_San_Martino_Belluno_2014.jpg","width":699,"height":376,"caption":"Ospedale \"San Martino\" di Belluno"},{"@type":"BreadcrumbList","@id":"https:\/\/www.bellunopress.it\/2022\/10\/31\/centrale-operativa-territoriale-ulss-approvato-il-progetto-esecutivo-e-indetto-il-bando-per-laffidamento-lavori\/#breadcrumb","itemListElement":[{"@type":"ListItem","position":1,"name":"Home","item":"https:\/\/www.bellunopress.it\/"},{"@type":"ListItem","position":2,"name":"Centrale Operativa Territoriale Ulss: approvato il progetto esecutivo e indetto il bando per l\u2019affidamento lavori"}]},{"@type":"WebSite","@id":"https:\/\/www.bellunopress.it\/#website","url":"https:\/\/www.bellunopress.it\/","name":"Bellunopress - Dolomiti","description":"e-mail: redazione@bellunopress.it","publisher":{"@id":"https:\/\/www.bellunopress.it\/#organization"},"potentialAction":[{"@type":"SearchAction","target":{"@type":"EntryPoint","urlTemplate":"https:\/\/www.bellunopress.it\/?s={search_term_string}"},"query-input":{"@type":"PropertyValueSpecification","valueRequired":true,"valueName":"search_term_string"}}],"inLanguage":"fr-FR"},{"@type":"Organization","@id":"https:\/\/www.bellunopress.it\/#organization","name":"Bellunopress","url":"https:\/\/www.bellunopress.it\/","logo":{"@type":"ImageObject","inLanguage":"fr-FR","@id":"https:\/\/www.bellunopress.it\/#\/schema\/logo\/image\/","url":"https:\/\/www.bellunopress.it\/wp-content\/uploads\/2011\/05\/cropped-logo-bellunopress-.jpg","contentUrl":"https:\/\/www.bellunopress.it\/wp-content\/uploads\/2011\/05\/cropped-logo-bellunopress-.jpg","width":512,"height":512,"caption":"Bellunopress"},"image":{"@id":"https:\/\/www.bellunopress.it\/#\/schema\/logo\/image\/"},"sameAs":["https:\/\/www.facebook.com\/profile.php?id=100008943462799","https:\/\/x.com\/bellunopress","https:\/\/www.linkedin.com\/hp\/?dnr=JBzUWaJfMUw8vbXJJ2tVW5-I3jZKvC4wsoxE&amp;amp;amp;amp;amp;amp;trk=nav_responsive_tab_home","https:\/\/www.youtube.com\/channel\/UCxL0wu1uN0_3_7hGG0306cw"]},{"@type":"Person","@id":"https:\/\/www.bellunopress.it\/#\/schema\/person\/79bb06722b37ece1c03d3e94beb30d73","name":"r\u00e9daction","image":{"@type":"ImageObject","inLanguage":"fr-FR","@id":"https:\/\/secure.gravatar.com\/avatar\/37d968a2e67a6fd04c169c4bdef102d0bc5d31b2546345219e348575eb80e9a0?s=96&d=mm&r=g","url":"https:\/\/secure.gravatar.com\/avatar\/37d968a2e67a6fd04c169c4bdef102d0bc5d31b2546345219e348575eb80e9a0?s=96&d=mm&r=g","contentUrl":"https:\/\/secure.gravatar.com\/avatar\/37d968a2e67a6fd04c169c4bdef102d0bc5d31b2546345219e348575eb80e9a0?s=96&d=mm&r=g","caption":"redazione"},"sameAs":["http:\/\/www.bellunopress.it","https:\/\/x.com\/bellunopress"],"url":"https:\/\/www.bellunopress.it\/fr\/author\/redazione\/"}]}},"_links":{"self":[{"href":"https:\/\/www.bellunopress.it\/fr\/wp-json\/wp\/v2\/posts\/137378","targetHints":{"allow":["GET"]}}],"collection":[{"href":"https:\/\/www.bellunopress.it\/fr\/wp-json\/wp\/v2\/posts"}],"about":[{"href":"https:\/\/www.bellunopress.it\/fr\/wp-json\/wp\/v2\/types\/post"}],"author":[{"embeddable":true,"href":"https:\/\/www.bellunopress.it\/fr\/wp-json\/wp\/v2\/users\/2"}],"replies":[{"embeddable":true,"href":"https:\/\/www.bellunopress.it\/fr\/wp-json\/wp\/v2\/comments?post=137378"}],"version-history":[{"count":1,"href":"https:\/\/www.bellunopress.it\/fr\/wp-json\/wp\/v2\/posts\/137378\/revisions"}],"predecessor-version":[{"id":137379,"href":"https:\/\/www.bellunopress.it\/fr\/wp-json\/wp\/v2\/posts\/137378\/revisions\/137379"}],"wp:featuredmedia":[{"embeddable":true,"href":"https:\/\/www.bellunopress.it\/fr\/wp-json\/wp\/v2\/media\/113024"}],"wp:attachment":[{"href":"https:\/\/www.bellunopress.it\/fr\/wp-json\/wp\/v2\/media?parent=137378"}],"wp:term":[{"taxonomy":"category","embeddable":true,"href":"https:\/\/www.bellunopress.it\/fr\/wp-json\/wp\/v2\/categories?post=137378"},{"taxonomy":"post_tag","embeddable":true,"href":"https:\/\/www.bellunopress.it\/fr\/wp-json\/wp\/v2\/tags?post=137378"}],"curies":[{"name":"wp","href":"https:\/\/api.w.org\/{rel}","templated":true}]}}