{"id":137371,"date":"2022-10-31T16:47:22","date_gmt":"2022-10-31T15:47:22","guid":{"rendered":"https:\/\/www.bellunopress.it\/?p=137371"},"modified":"2022-11-01T12:45:50","modified_gmt":"2022-11-01T11:45:50","slug":"ecco-perche-e-stato-annullato-levento-halloweek-nel-parcheggio-dietro-al-palazzetto-de-mas","status":"publish","type":"post","link":"https:\/\/www.bellunopress.it\/fr\/2022\/10\/31\/ecco-perche-e-stato-annullato-levento-halloweek-nel-parcheggio-dietro-al-palazzetto-de-mas\/","title":{"rendered":"Ecco perch\u00e9 \u00e8 stato annullato l&#8217;evento Halloweek nel parcheggio dietro al palazzetto De Mas"},"content":{"rendered":"<figure id=\"attachment_135245\" aria-describedby=\"caption-attachment-135245\" style=\"width: 803px\" class=\"wp-caption alignleft\"><img loading=\"lazy\" decoding=\"async\" class=\"size-full wp-image-135245\" src=\"https:\/\/www.bellunopress.it\/wp-content\/uploads\/2022\/07\/Oscar-De-Pellegrin-sindaco-di-Belluno_edited.jpg\" alt=\"\" width=\"803\" height=\"1000\" srcset=\"https:\/\/www.bellunopress.it\/wp-content\/uploads\/2022\/07\/Oscar-De-Pellegrin-sindaco-di-Belluno_edited.jpg 803w, https:\/\/www.bellunopress.it\/wp-content\/uploads\/2022\/07\/Oscar-De-Pellegrin-sindaco-di-Belluno_edited-402x500.jpg 402w, https:\/\/www.bellunopress.it\/wp-content\/uploads\/2022\/07\/Oscar-De-Pellegrin-sindaco-di-Belluno_edited-696x867.jpg 696w, https:\/\/www.bellunopress.it\/wp-content\/uploads\/2022\/07\/Oscar-De-Pellegrin-sindaco-di-Belluno_edited-337x420.jpg 337w\" sizes=\"auto, (max-width: 803px) 100vw, 803px\" \/><figcaption id=\"caption-attachment-135245\" class=\"wp-caption-text\">Oscar De Pellegrin, sindaco di Belluno<\/figcaption><\/figure>\n<p>\u201cDispiace per come sono andate le cose, l\u2019amministrazione \u00e8 a favore degli eventi e vuole sostenere i giovani che li propongono, ma ci sono dei tempi tecnici da rispettare perch\u00e9 la procedura possa essere svolta in tempo\u201d.<\/p>\n<p>Sono le parole del sindaco, Oscar De Pellegrin, in merito all\u2019annullamento da parte della commissione ordine pubblico della manifestazione inizialmente in programma dal 29 al 31 ottobre nel parcheggio retrostante il De Mas.<\/p>\n<p>\u201cVorremmo chiarire qualche aspetto, lo ritengo doveroso dopo quanto emerso nella conferenza stampa convocata per questa mattina dagli organizzatori \u2013 prosegue il primo cittadino -. C\u2019\u00e8 un elemento fondamentale che sembra non sia stato tenuto in debito conto: la commissione comunale pubblici spettacoli pu\u00f2 indicare delle prescrizioni, come \u00e8 stato fatto, ma questo non \u00e8 l\u2019unico passaggio necessario all\u2019approvazione di un evento di tale portata, come si preannunciava essere Halloweek, che anzi era in gran parte subordinato al parere della commissione ordine pubblico e, infine, al sopralluogo pre evento\u201d.<\/p>\n<p><img loading=\"lazy\" decoding=\"async\" class=\"alignleft size-full wp-image-137380\" src=\"https:\/\/www.bellunopress.it\/wp-content\/uploads\/2022\/10\/area-parcheggi-palasport-dal-mas_edited.jpg\" alt=\"\" width=\"1000\" height=\"583\" srcset=\"https:\/\/www.bellunopress.it\/wp-content\/uploads\/2022\/10\/area-parcheggi-palasport-dal-mas_edited.jpg 1000w, https:\/\/www.bellunopress.it\/wp-content\/uploads\/2022\/10\/area-parcheggi-palasport-dal-mas_edited-500x292.jpg 500w, https:\/\/www.bellunopress.it\/wp-content\/uploads\/2022\/10\/area-parcheggi-palasport-dal-mas_edited-696x406.jpg 696w, https:\/\/www.bellunopress.it\/wp-content\/uploads\/2022\/10\/area-parcheggi-palasport-dal-mas_edited-720x420.jpg 720w\" sizes=\"auto, (max-width: 1000px) 100vw, 1000px\" \/>I primi contatti tra l\u2019organizzazione e l\u2019amministrazione risalgono all\u2019inizio di agosto, ma il progetto completo e redatto da ingegnere \u00e8 stato presentato al Comune il 25 ottobre. La commissione comunale pubblici spettacoli, infatti, si \u00e8 riunita una prima volta il 18 ottobre e una seconda il 21 ottobre rilevando entrambe le volte come la documentazione presentata dall\u2019organizzazione fosse non completa. Stessa osservazione emersa nel corso della prima riunione della commissione ordine pubblico della Prefettura, in data 19 ottobre.<\/p>\n<p>\u201cIl progetto completo noi l\u2019abbiamo potuto discutere solo con la commissione pubblici spettacoli del 25 ottobre \u2013 ricorda il sindaco -, un po\u2019 tardi per un evento che sarebbe dovuto iniziare il 29 ottobre e coinvolgere 2 mila persone in un\u2019area gi\u00e0 valutata dai Vigili urbani in data 13 settembre come a rischio; in quell\u2019occasione, ricordo, il comandante della polizia locale aveva dato parere sfavorevole all\u2019evento. Tuttavia per aiutare i ragazzi abbiamo proseguito l\u2019iter richiedendo di avere il prima possibile la documentazione completa\u201d.<\/p>\n<p>\u201cNella commissione del 25 ottobre \u00e8 stato espresso un parere tecnico, ribadisco tecnico, con diverse prescrizioni \u2013 prosegue il sindaco -. A quella data il rischio valutato dai ragazzi era di 0,20 nella scala Maurer e avevamo avuto pi\u00f9 volte assicurazione che i treni non sarebbero passati durante la manifestazione, ci era stato detto che dal dialogo avuto con Rfi avevano ottenuto la sostituzione dei treni con autobus. Nella commissione pubblici spettacoli siedono i tecnici del Comune, la polizia locale e i Vigili del fuoco, il parere \u00e8, chiaramente, puramente tecnico per un evento cos\u00ec grande\u201d.<\/p>\n<p>\u00c8 stato nella commissione ordine pubblico del giorno seguente che sono emerse le criticit\u00e0 pi\u00f9 importanti. In quell\u2019occasione \u00e8 risultato chiaro come il rischio del concerto fissato dal Suem fosse ben pi\u00f9 alto rispetto alla valutazione presentata dall\u2019organizzazione e come il nodo sicurezza relativo alla ferrovia non fosse stato risolto. \u201cNel corso del tavolo in Prefettura il rischio valutato \u00e8 passato da 0,20 dichiarato dall\u2019organizzazione a 0,70 \u2013 aggiunge il sindaco -, la valutazione \u00e8 soggettiva e prende in considerazione tanti aspetti. Una corsa campestre ha rischio 0,30, una manifestazione di questo tipo almeno 0,70, di conseguenza servono accorgimenti in pi\u00f9. Non solo, si \u00e8 scoperto che i treni, durante lo svolgimento della serata, sarebbero passati ponendo chiari problemi e preoccupazioni legate alla sicurezza. Gli stessi rappresentanti di Rfi, presenti al tavolo, si sono detti contrari all\u2019evento per il rischio rappresentato dalla vicinanza con la ferrovia e hanno spiegato come fosse impossibile sostituire i treni con i mezzi su gomma\u201d.<\/p>\n<p>\u201cDispiace di tutto, dell\u2019evento annullato a pochi giorni e della piega che la narrazione di quanto accaduto ha preso nei confronti del Comune che fin dall\u2019inizio si \u00e8 speso per supportare l\u2019organizzazione dando piena disponibilit\u00e0 di dialogo e supporto tecnico \u2013 conclude -. Era stata proposta anche una location alternativa, ora si lamenta che \u00e8 stata proposta tardi. Io rispondo certo, \u00e8 stata proposta tardi perch\u00e9 tutto l\u2019iter \u00e8 stato fatto troppo tardi. Un evento simile, con criticit\u00e0 evidenti, va organizzato con mesi di anticipo, mi stupisco si possa pensare di presentare la documentazione il 25 ottobre e ottenere il via libera in pochi giorni\u201d.<\/p>\n<p>&nbsp;<\/p>","protected":false},"excerpt":{"rendered":"<p>\u201cDispiace per come sono andate le cose, l\u2019amministrazione \u00e8 a favore degli eventi e vuole sostenere i giovani che li propongono, ma ci sono dei tempi tecnici da rispettare perch\u00e9 la procedura possa essere svolta in tempo\u201d. Sono le parole del sindaco, Oscar De Pellegrin, in merito all\u2019annullamento da parte della commissione ordine pubblico della [&hellip;]<\/p>\n","protected":false},"author":2,"featured_media":135245,"comment_status":"closed","ping_status":"open","sticky":false,"template":"","format":"standard","meta":{"footnotes":""},"categories":[5,26,8],"tags":[],"class_list":["post-137371","post","type-post","status-publish","format-standard","has-post-thumbnail","category-cronaca","category-prima-pagina","category-societa-istituzioni"],"yoast_head":"<!-- This site is optimized with the Yoast SEO plugin v28.4 - https:\/\/yoast.com\/product\/yoast-seo-wordpress\/ -->\n<title>Ecco perch\u00e9 \u00e8 stato annullato l&#039;evento Halloweek nel parcheggio dietro al palazzetto De Mas - Bellunopress - Dolomiti<\/title>\n<meta name=\"robots\" content=\"index, follow, max-snippet:-1, max-image-preview:large, max-video-preview:-1\" \/>\n<link rel=\"canonical\" href=\"https:\/\/www.bellunopress.it\/fr\/2022\/10\/31\/ecco-perche-e-stato-annullato-levento-halloweek-nel-parcheggio-dietro-al-palazzetto-de-mas\/\" \/>\n<meta property=\"og:locale\" content=\"fr_FR\" \/>\n<meta property=\"og:type\" content=\"article\" \/>\n<meta property=\"og:title\" content=\"Ecco perch\u00e9 \u00e8 stato annullato l&#039;evento Halloweek nel parcheggio dietro al palazzetto De Mas - Bellunopress - Dolomiti\" \/>\n<meta property=\"og:description\" content=\"\u201cDispiace per come sono andate le cose, l\u2019amministrazione \u00e8 a favore degli eventi e vuole sostenere i giovani che li propongono, ma ci sono dei tempi tecnici da rispettare perch\u00e9 la procedura possa essere svolta in tempo\u201d. Sono le parole del sindaco, Oscar De Pellegrin, in merito all\u2019annullamento da parte della commissione ordine pubblico della [&hellip;]\" \/>\n<meta property=\"og:url\" content=\"https:\/\/www.bellunopress.it\/fr\/2022\/10\/31\/ecco-perche-e-stato-annullato-levento-halloweek-nel-parcheggio-dietro-al-palazzetto-de-mas\/\" \/>\n<meta property=\"og:site_name\" content=\"Bellunopress - Dolomiti\" \/>\n<meta property=\"article:publisher\" content=\"https:\/\/www.facebook.com\/profile.php?id=100008943462799\" \/>\n<meta property=\"article:published_time\" content=\"2022-10-31T15:47:22+00:00\" \/>\n<meta property=\"article:modified_time\" content=\"2022-11-01T11:45:50+00:00\" \/>\n<meta property=\"og:image\" content=\"https:\/\/www.bellunopress.it\/wp-content\/uploads\/2022\/07\/Oscar-De-Pellegrin-sindaco-di-Belluno_edited.jpg\" \/>\n\t<meta property=\"og:image:width\" content=\"803\" \/>\n\t<meta property=\"og:image:height\" content=\"1000\" \/>\n\t<meta property=\"og:image:type\" content=\"image\/jpeg\" \/>\n<meta name=\"author\" content=\"redazione\" \/>\n<meta name=\"twitter:card\" content=\"summary_large_image\" \/>\n<meta name=\"twitter:creator\" content=\"@bellunopress\" \/>\n<meta name=\"twitter:site\" content=\"@bellunopress\" \/>\n<meta name=\"twitter:label1\" content=\"Written by\" \/>\n\t<meta name=\"twitter:data1\" content=\"redazione\" \/>\n\t<meta name=\"twitter:label2\" content=\"Est. reading time\" \/>\n\t<meta name=\"twitter:data2\" content=\"5 minutes\" \/>\n<script type=\"application\/ld+json\" class=\"yoast-schema-graph\">{\"@context\":\"https:\\\/\\\/schema.org\",\"@graph\":[{\"@type\":\"Article\",\"@id\":\"https:\\\/\\\/www.bellunopress.it\\\/2022\\\/10\\\/31\\\/ecco-perche-e-stato-annullato-levento-halloweek-nel-parcheggio-dietro-al-palazzetto-de-mas\\\/#article\",\"isPartOf\":{\"@id\":\"https:\\\/\\\/www.bellunopress.it\\\/2022\\\/10\\\/31\\\/ecco-perche-e-stato-annullato-levento-halloweek-nel-parcheggio-dietro-al-palazzetto-de-mas\\\/\"},\"author\":{\"name\":\"redazione\",\"@id\":\"https:\\\/\\\/www.bellunopress.it\\\/#\\\/schema\\\/person\\\/79bb06722b37ece1c03d3e94beb30d73\"},\"headline\":\"Ecco perch\u00e9 \u00e8 stato annullato l&#8217;evento Halloweek nel parcheggio dietro al palazzetto De Mas\",\"datePublished\":\"2022-10-31T15:47:22+00:00\",\"dateModified\":\"2022-11-01T11:45:50+00:00\",\"mainEntityOfPage\":{\"@id\":\"https:\\\/\\\/www.bellunopress.it\\\/2022\\\/10\\\/31\\\/ecco-perche-e-stato-annullato-levento-halloweek-nel-parcheggio-dietro-al-palazzetto-de-mas\\\/\"},\"wordCount\":692,\"publisher\":{\"@id\":\"https:\\\/\\\/www.bellunopress.it\\\/#organization\"},\"image\":{\"@id\":\"https:\\\/\\\/www.bellunopress.it\\\/2022\\\/10\\\/31\\\/ecco-perche-e-stato-annullato-levento-halloweek-nel-parcheggio-dietro-al-palazzetto-de-mas\\\/#primaryimage\"},\"thumbnailUrl\":\"https:\\\/\\\/www.bellunopress.it\\\/wp-content\\\/uploads\\\/2022\\\/07\\\/Oscar-De-Pellegrin-sindaco-di-Belluno_edited.jpg\",\"articleSection\":[\"Cronaca\\\/Politica\",\"Prima Pagina\",\"Societ\u00e0, Associazioni, Istituzioni\"],\"inLanguage\":\"fr-FR\"},{\"@type\":\"WebPage\",\"@id\":\"https:\\\/\\\/www.bellunopress.it\\\/2022\\\/10\\\/31\\\/ecco-perche-e-stato-annullato-levento-halloweek-nel-parcheggio-dietro-al-palazzetto-de-mas\\\/\",\"url\":\"https:\\\/\\\/www.bellunopress.it\\\/2022\\\/10\\\/31\\\/ecco-perche-e-stato-annullato-levento-halloweek-nel-parcheggio-dietro-al-palazzetto-de-mas\\\/\",\"name\":\"Ecco perch\u00e9 \u00e8 stato annullato l'evento Halloweek nel parcheggio dietro al palazzetto De Mas - Bellunopress - Dolomiti\",\"isPartOf\":{\"@id\":\"https:\\\/\\\/www.bellunopress.it\\\/#website\"},\"primaryImageOfPage\":{\"@id\":\"https:\\\/\\\/www.bellunopress.it\\\/2022\\\/10\\\/31\\\/ecco-perche-e-stato-annullato-levento-halloweek-nel-parcheggio-dietro-al-palazzetto-de-mas\\\/#primaryimage\"},\"image\":{\"@id\":\"https:\\\/\\\/www.bellunopress.it\\\/2022\\\/10\\\/31\\\/ecco-perche-e-stato-annullato-levento-halloweek-nel-parcheggio-dietro-al-palazzetto-de-mas\\\/#primaryimage\"},\"thumbnailUrl\":\"https:\\\/\\\/www.bellunopress.it\\\/wp-content\\\/uploads\\\/2022\\\/07\\\/Oscar-De-Pellegrin-sindaco-di-Belluno_edited.jpg\",\"datePublished\":\"2022-10-31T15:47:22+00:00\",\"dateModified\":\"2022-11-01T11:45:50+00:00\",\"breadcrumb\":{\"@id\":\"https:\\\/\\\/www.bellunopress.it\\\/2022\\\/10\\\/31\\\/ecco-perche-e-stato-annullato-levento-halloweek-nel-parcheggio-dietro-al-palazzetto-de-mas\\\/#breadcrumb\"},\"inLanguage\":\"fr-FR\",\"potentialAction\":[{\"@type\":\"ReadAction\",\"target\":[\"https:\\\/\\\/www.bellunopress.it\\\/2022\\\/10\\\/31\\\/ecco-perche-e-stato-annullato-levento-halloweek-nel-parcheggio-dietro-al-palazzetto-de-mas\\\/\"]}]},{\"@type\":\"ImageObject\",\"inLanguage\":\"fr-FR\",\"@id\":\"https:\\\/\\\/www.bellunopress.it\\\/2022\\\/10\\\/31\\\/ecco-perche-e-stato-annullato-levento-halloweek-nel-parcheggio-dietro-al-palazzetto-de-mas\\\/#primaryimage\",\"url\":\"https:\\\/\\\/www.bellunopress.it\\\/wp-content\\\/uploads\\\/2022\\\/07\\\/Oscar-De-Pellegrin-sindaco-di-Belluno_edited.jpg\",\"contentUrl\":\"https:\\\/\\\/www.bellunopress.it\\\/wp-content\\\/uploads\\\/2022\\\/07\\\/Oscar-De-Pellegrin-sindaco-di-Belluno_edited.jpg\",\"width\":803,\"height\":1000,\"caption\":\"Oscar De Pellegrin, sindaco di Belluno\"},{\"@type\":\"BreadcrumbList\",\"@id\":\"https:\\\/\\\/www.bellunopress.it\\\/2022\\\/10\\\/31\\\/ecco-perche-e-stato-annullato-levento-halloweek-nel-parcheggio-dietro-al-palazzetto-de-mas\\\/#breadcrumb\",\"itemListElement\":[{\"@type\":\"ListItem\",\"position\":1,\"name\":\"Home\",\"item\":\"https:\\\/\\\/www.bellunopress.it\\\/\"},{\"@type\":\"ListItem\",\"position\":2,\"name\":\"Ecco perch\u00e9 \u00e8 stato annullato l&#8217;evento Halloweek nel parcheggio dietro al palazzetto De Mas\"}]},{\"@type\":\"WebSite\",\"@id\":\"https:\\\/\\\/www.bellunopress.it\\\/#website\",\"url\":\"https:\\\/\\\/www.bellunopress.it\\\/\",\"name\":\"Bellunopress - Dolomiti\",\"description\":\"e-mail: redazione@bellunopress.it\",\"publisher\":{\"@id\":\"https:\\\/\\\/www.bellunopress.it\\\/#organization\"},\"potentialAction\":[{\"@type\":\"SearchAction\",\"target\":{\"@type\":\"EntryPoint\",\"urlTemplate\":\"https:\\\/\\\/www.bellunopress.it\\\/?s={search_term_string}\"},\"query-input\":{\"@type\":\"PropertyValueSpecification\",\"valueRequired\":true,\"valueName\":\"search_term_string\"}}],\"inLanguage\":\"fr-FR\"},{\"@type\":\"Organization\",\"@id\":\"https:\\\/\\\/www.bellunopress.it\\\/#organization\",\"name\":\"Bellunopress\",\"url\":\"https:\\\/\\\/www.bellunopress.it\\\/\",\"logo\":{\"@type\":\"ImageObject\",\"inLanguage\":\"fr-FR\",\"@id\":\"https:\\\/\\\/www.bellunopress.it\\\/#\\\/schema\\\/logo\\\/image\\\/\",\"url\":\"https:\\\/\\\/www.bellunopress.it\\\/wp-content\\\/uploads\\\/2011\\\/05\\\/cropped-logo-bellunopress-.jpg\",\"contentUrl\":\"https:\\\/\\\/www.bellunopress.it\\\/wp-content\\\/uploads\\\/2011\\\/05\\\/cropped-logo-bellunopress-.jpg\",\"width\":512,\"height\":512,\"caption\":\"Bellunopress\"},\"image\":{\"@id\":\"https:\\\/\\\/www.bellunopress.it\\\/#\\\/schema\\\/logo\\\/image\\\/\"},\"sameAs\":[\"https:\\\/\\\/www.facebook.com\\\/profile.php?id=100008943462799\",\"https:\\\/\\\/x.com\\\/bellunopress\",\"https:\\\/\\\/www.linkedin.com\\\/hp\\\/?dnr=JBzUWaJfMUw8vbXJJ2tVW5-I3jZKvC4wsoxE&amp;amp;amp;amp;amp;amp;trk=nav_responsive_tab_home\",\"https:\\\/\\\/www.youtube.com\\\/channel\\\/UCxL0wu1uN0_3_7hGG0306cw\"]},{\"@type\":\"Person\",\"@id\":\"https:\\\/\\\/www.bellunopress.it\\\/#\\\/schema\\\/person\\\/79bb06722b37ece1c03d3e94beb30d73\",\"name\":\"redazione\",\"image\":{\"@type\":\"ImageObject\",\"inLanguage\":\"fr-FR\",\"@id\":\"https:\\\/\\\/secure.gravatar.com\\\/avatar\\\/37d968a2e67a6fd04c169c4bdef102d0bc5d31b2546345219e348575eb80e9a0?s=96&d=mm&r=g\",\"url\":\"https:\\\/\\\/secure.gravatar.com\\\/avatar\\\/37d968a2e67a6fd04c169c4bdef102d0bc5d31b2546345219e348575eb80e9a0?s=96&d=mm&r=g\",\"contentUrl\":\"https:\\\/\\\/secure.gravatar.com\\\/avatar\\\/37d968a2e67a6fd04c169c4bdef102d0bc5d31b2546345219e348575eb80e9a0?s=96&d=mm&r=g\",\"caption\":\"redazione\"},\"sameAs\":[\"http:\\\/\\\/www.bellunopress.it\",\"https:\\\/\\\/x.com\\\/bellunopress\"],\"url\":\"https:\\\/\\\/www.bellunopress.it\\\/fr\\\/author\\\/redazione\\\/\"}]}<\/script>\n<!-- \/ Yoast SEO plugin. -->","yoast_head_json":{"title":"Ecco perch\u00e9 \u00e8 stato annullato l'evento Halloweek nel parcheggio dietro al palazzetto De Mas - Bellunopress - Dolomiti","robots":{"index":"index","follow":"follow","max-snippet":"max-snippet:-1","max-image-preview":"max-image-preview:large","max-video-preview":"max-video-preview:-1"},"canonical":"https:\/\/www.bellunopress.it\/fr\/2022\/10\/31\/ecco-perche-e-stato-annullato-levento-halloweek-nel-parcheggio-dietro-al-palazzetto-de-mas\/","og_locale":"fr_FR","og_type":"article","og_title":"Ecco perch\u00e9 \u00e8 stato annullato l'evento Halloweek nel parcheggio dietro al palazzetto De Mas - Bellunopress - Dolomiti","og_description":"\u201cDispiace per come sono andate le cose, l\u2019amministrazione \u00e8 a favore degli eventi e vuole sostenere i giovani che li propongono, ma ci sono dei tempi tecnici da rispettare perch\u00e9 la procedura possa essere svolta in tempo\u201d. Sono le parole del sindaco, Oscar De Pellegrin, in merito all\u2019annullamento da parte della commissione ordine pubblico della [&hellip;]","og_url":"https:\/\/www.bellunopress.it\/fr\/2022\/10\/31\/ecco-perche-e-stato-annullato-levento-halloweek-nel-parcheggio-dietro-al-palazzetto-de-mas\/","og_site_name":"Bellunopress - Dolomiti","article_publisher":"https:\/\/www.facebook.com\/profile.php?id=100008943462799","article_published_time":"2022-10-31T15:47:22+00:00","article_modified_time":"2022-11-01T11:45:50+00:00","og_image":[{"width":803,"height":1000,"url":"https:\/\/www.bellunopress.it\/wp-content\/uploads\/2022\/07\/Oscar-De-Pellegrin-sindaco-di-Belluno_edited.jpg","type":"image\/jpeg"}],"author":"redazione","twitter_card":"summary_large_image","twitter_creator":"@bellunopress","twitter_site":"@bellunopress","twitter_misc":{"Written by":"redazione","Est. reading time":"5 minutes"},"schema":{"@context":"https:\/\/schema.org","@graph":[{"@type":"Article","@id":"https:\/\/www.bellunopress.it\/2022\/10\/31\/ecco-perche-e-stato-annullato-levento-halloweek-nel-parcheggio-dietro-al-palazzetto-de-mas\/#article","isPartOf":{"@id":"https:\/\/www.bellunopress.it\/2022\/10\/31\/ecco-perche-e-stato-annullato-levento-halloweek-nel-parcheggio-dietro-al-palazzetto-de-mas\/"},"author":{"name":"redazione","@id":"https:\/\/www.bellunopress.it\/#\/schema\/person\/79bb06722b37ece1c03d3e94beb30d73"},"headline":"Ecco perch\u00e9 \u00e8 stato annullato l&#8217;evento Halloweek nel parcheggio dietro al palazzetto De Mas","datePublished":"2022-10-31T15:47:22+00:00","dateModified":"2022-11-01T11:45:50+00:00","mainEntityOfPage":{"@id":"https:\/\/www.bellunopress.it\/2022\/10\/31\/ecco-perche-e-stato-annullato-levento-halloweek-nel-parcheggio-dietro-al-palazzetto-de-mas\/"},"wordCount":692,"publisher":{"@id":"https:\/\/www.bellunopress.it\/#organization"},"image":{"@id":"https:\/\/www.bellunopress.it\/2022\/10\/31\/ecco-perche-e-stato-annullato-levento-halloweek-nel-parcheggio-dietro-al-palazzetto-de-mas\/#primaryimage"},"thumbnailUrl":"https:\/\/www.bellunopress.it\/wp-content\/uploads\/2022\/07\/Oscar-De-Pellegrin-sindaco-di-Belluno_edited.jpg","articleSection":["Cronaca\/Politica","Prima Pagina","Societ\u00e0, Associazioni, Istituzioni"],"inLanguage":"fr-FR"},{"@type":"WebPage","@id":"https:\/\/www.bellunopress.it\/2022\/10\/31\/ecco-perche-e-stato-annullato-levento-halloweek-nel-parcheggio-dietro-al-palazzetto-de-mas\/","url":"https:\/\/www.bellunopress.it\/2022\/10\/31\/ecco-perche-e-stato-annullato-levento-halloweek-nel-parcheggio-dietro-al-palazzetto-de-mas\/","name":"Ecco perch\u00e9 \u00e8 stato annullato l'evento Halloweek nel parcheggio dietro al palazzetto De Mas - Bellunopress - Dolomiti","isPartOf":{"@id":"https:\/\/www.bellunopress.it\/#website"},"primaryImageOfPage":{"@id":"https:\/\/www.bellunopress.it\/2022\/10\/31\/ecco-perche-e-stato-annullato-levento-halloweek-nel-parcheggio-dietro-al-palazzetto-de-mas\/#primaryimage"},"image":{"@id":"https:\/\/www.bellunopress.it\/2022\/10\/31\/ecco-perche-e-stato-annullato-levento-halloweek-nel-parcheggio-dietro-al-palazzetto-de-mas\/#primaryimage"},"thumbnailUrl":"https:\/\/www.bellunopress.it\/wp-content\/uploads\/2022\/07\/Oscar-De-Pellegrin-sindaco-di-Belluno_edited.jpg","datePublished":"2022-10-31T15:47:22+00:00","dateModified":"2022-11-01T11:45:50+00:00","breadcrumb":{"@id":"https:\/\/www.bellunopress.it\/2022\/10\/31\/ecco-perche-e-stato-annullato-levento-halloweek-nel-parcheggio-dietro-al-palazzetto-de-mas\/#breadcrumb"},"inLanguage":"fr-FR","potentialAction":[{"@type":"ReadAction","target":["https:\/\/www.bellunopress.it\/2022\/10\/31\/ecco-perche-e-stato-annullato-levento-halloweek-nel-parcheggio-dietro-al-palazzetto-de-mas\/"]}]},{"@type":"ImageObject","inLanguage":"fr-FR","@id":"https:\/\/www.bellunopress.it\/2022\/10\/31\/ecco-perche-e-stato-annullato-levento-halloweek-nel-parcheggio-dietro-al-palazzetto-de-mas\/#primaryimage","url":"https:\/\/www.bellunopress.it\/wp-content\/uploads\/2022\/07\/Oscar-De-Pellegrin-sindaco-di-Belluno_edited.jpg","contentUrl":"https:\/\/www.bellunopress.it\/wp-content\/uploads\/2022\/07\/Oscar-De-Pellegrin-sindaco-di-Belluno_edited.jpg","width":803,"height":1000,"caption":"Oscar De Pellegrin, sindaco di Belluno"},{"@type":"BreadcrumbList","@id":"https:\/\/www.bellunopress.it\/2022\/10\/31\/ecco-perche-e-stato-annullato-levento-halloweek-nel-parcheggio-dietro-al-palazzetto-de-mas\/#breadcrumb","itemListElement":[{"@type":"ListItem","position":1,"name":"Home","item":"https:\/\/www.bellunopress.it\/"},{"@type":"ListItem","position":2,"name":"Ecco perch\u00e9 \u00e8 stato annullato l&#8217;evento Halloweek nel parcheggio dietro al palazzetto De Mas"}]},{"@type":"WebSite","@id":"https:\/\/www.bellunopress.it\/#website","url":"https:\/\/www.bellunopress.it\/","name":"Bellunopress - Dolomiti","description":"e-mail: redazione@bellunopress.it","publisher":{"@id":"https:\/\/www.bellunopress.it\/#organization"},"potentialAction":[{"@type":"SearchAction","target":{"@type":"EntryPoint","urlTemplate":"https:\/\/www.bellunopress.it\/?s={search_term_string}"},"query-input":{"@type":"PropertyValueSpecification","valueRequired":true,"valueName":"search_term_string"}}],"inLanguage":"fr-FR"},{"@type":"Organization","@id":"https:\/\/www.bellunopress.it\/#organization","name":"Bellunopress","url":"https:\/\/www.bellunopress.it\/","logo":{"@type":"ImageObject","inLanguage":"fr-FR","@id":"https:\/\/www.bellunopress.it\/#\/schema\/logo\/image\/","url":"https:\/\/www.bellunopress.it\/wp-content\/uploads\/2011\/05\/cropped-logo-bellunopress-.jpg","contentUrl":"https:\/\/www.bellunopress.it\/wp-content\/uploads\/2011\/05\/cropped-logo-bellunopress-.jpg","width":512,"height":512,"caption":"Bellunopress"},"image":{"@id":"https:\/\/www.bellunopress.it\/#\/schema\/logo\/image\/"},"sameAs":["https:\/\/www.facebook.com\/profile.php?id=100008943462799","https:\/\/x.com\/bellunopress","https:\/\/www.linkedin.com\/hp\/?dnr=JBzUWaJfMUw8vbXJJ2tVW5-I3jZKvC4wsoxE&amp;amp;amp;amp;amp;amp;trk=nav_responsive_tab_home","https:\/\/www.youtube.com\/channel\/UCxL0wu1uN0_3_7hGG0306cw"]},{"@type":"Person","@id":"https:\/\/www.bellunopress.it\/#\/schema\/person\/79bb06722b37ece1c03d3e94beb30d73","name":"r\u00e9daction","image":{"@type":"ImageObject","inLanguage":"fr-FR","@id":"https:\/\/secure.gravatar.com\/avatar\/37d968a2e67a6fd04c169c4bdef102d0bc5d31b2546345219e348575eb80e9a0?s=96&d=mm&r=g","url":"https:\/\/secure.gravatar.com\/avatar\/37d968a2e67a6fd04c169c4bdef102d0bc5d31b2546345219e348575eb80e9a0?s=96&d=mm&r=g","contentUrl":"https:\/\/secure.gravatar.com\/avatar\/37d968a2e67a6fd04c169c4bdef102d0bc5d31b2546345219e348575eb80e9a0?s=96&d=mm&r=g","caption":"redazione"},"sameAs":["http:\/\/www.bellunopress.it","https:\/\/x.com\/bellunopress"],"url":"https:\/\/www.bellunopress.it\/fr\/author\/redazione\/"}]}},"_links":{"self":[{"href":"https:\/\/www.bellunopress.it\/fr\/wp-json\/wp\/v2\/posts\/137371","targetHints":{"allow":["GET"]}}],"collection":[{"href":"https:\/\/www.bellunopress.it\/fr\/wp-json\/wp\/v2\/posts"}],"about":[{"href":"https:\/\/www.bellunopress.it\/fr\/wp-json\/wp\/v2\/types\/post"}],"author":[{"embeddable":true,"href":"https:\/\/www.bellunopress.it\/fr\/wp-json\/wp\/v2\/users\/2"}],"replies":[{"embeddable":true,"href":"https:\/\/www.bellunopress.it\/fr\/wp-json\/wp\/v2\/comments?post=137371"}],"version-history":[{"count":2,"href":"https:\/\/www.bellunopress.it\/fr\/wp-json\/wp\/v2\/posts\/137371\/revisions"}],"predecessor-version":[{"id":137383,"href":"https:\/\/www.bellunopress.it\/fr\/wp-json\/wp\/v2\/posts\/137371\/revisions\/137383"}],"wp:featuredmedia":[{"embeddable":true,"href":"https:\/\/www.bellunopress.it\/fr\/wp-json\/wp\/v2\/media\/135245"}],"wp:attachment":[{"href":"https:\/\/www.bellunopress.it\/fr\/wp-json\/wp\/v2\/media?parent=137371"}],"wp:term":[{"taxonomy":"category","embeddable":true,"href":"https:\/\/www.bellunopress.it\/fr\/wp-json\/wp\/v2\/categories?post=137371"},{"taxonomy":"post_tag","embeddable":true,"href":"https:\/\/www.bellunopress.it\/fr\/wp-json\/wp\/v2\/tags?post=137371"}],"curies":[{"name":"wp","href":"https:\/\/api.w.org\/{rel}","templated":true}]}}