{"id":137355,"date":"2022-10-30T08:15:03","date_gmt":"2022-10-30T07:15:03","guid":{"rendered":"https:\/\/www.bellunopress.it\/?p=137355"},"modified":"2022-10-30T08:15:03","modified_gmt":"2022-10-30T07:15:03","slug":"venezia-una-storia-di-mare-e-di-terra-giovedi-alle-conversazioni-in-taverna-di-liberal-belluno","status":"publish","type":"post","link":"https:\/\/www.bellunopress.it\/fr\/2022\/10\/30\/venezia-una-storia-di-mare-e-di-terra-giovedi-alle-conversazioni-in-taverna-di-liberal-belluno\/","title":{"rendered":"Venezia, una storia di mare e di terra. Gioved\u00ec alle Conversazioni in Taverna di Liberal Belluno"},"content":{"rendered":"<p><img loading=\"lazy\" decoding=\"async\" class=\"alignleft size-full wp-image-133142\" src=\"https:\/\/www.bellunopress.it\/wp-content\/uploads\/2022\/05\/Liberal-conversazioni-in-taverna.jpg\" alt=\"\" width=\"559\" height=\"224\" srcset=\"https:\/\/www.bellunopress.it\/wp-content\/uploads\/2022\/05\/Liberal-conversazioni-in-taverna.jpg 559w, https:\/\/www.bellunopress.it\/wp-content\/uploads\/2022\/05\/Liberal-conversazioni-in-taverna-500x200.jpg 500w\" sizes=\"auto, (max-width: 559px) 100vw, 559px\" \/>Gioved\u00ec 3 novembre 2022 alle ore 18 al ristorante Taverna di Belluno, si terr\u00e0 l&#8217;incontro dal titolo &#8220;Venezia, una storia di mare e di terra&#8221; con Alessandro Marzo Magno, giornalista e scrittore. Presenta la serata Franco Tosolini, ricercatore storico.<\/p>\n<p>L&#8217;iniziativa \u00e8 dell&#8217;Associazione Liberal Belluno presieduta da Rosalba Schenal e fa parte della oramai consolidata rassegna culturale Conversazioni in Taverna.<\/p>","protected":false},"excerpt":{"rendered":"<p>Gioved\u00ec 3 novembre 2022 alle ore 18 al ristorante Taverna di Belluno, si terr\u00e0 l&#8217;incontro dal titolo &#8220;Venezia, una storia di mare e di terra&#8221; con Alessandro Marzo Magno, giornalista e scrittore. Presenta la serata Franco Tosolini, ricercatore storico. L&#8217;iniziativa \u00e8 dell&#8217;Associazione Liberal Belluno presieduta da Rosalba Schenal e fa parte della oramai consolidata rassegna [&hellip;]<\/p>\n","protected":false},"author":2,"featured_media":133142,"comment_status":"closed","ping_status":"open","sticky":false,"template":"","format":"standard","meta":{"footnotes":""},"categories":[27,3,25],"tags":[],"class_list":["post-137355","post","type-post","status-publish","format-standard","has-post-thumbnail","category-appuntamenti","category-arte-cultura-spettacoli-scienza-archivi","category-pausa-caffe"],"yoast_head":"<!-- This site is optimized with the Yoast SEO plugin v28.4 - https:\/\/yoast.com\/product\/yoast-seo-wordpress\/ -->\n<title>Venezia, una storia di mare e di terra. Gioved\u00ec alle Conversazioni in Taverna di Liberal Belluno - Bellunopress - Dolomiti<\/title>\n<meta name=\"robots\" content=\"index, follow, max-snippet:-1, max-image-preview:large, max-video-preview:-1\" \/>\n<link rel=\"canonical\" href=\"https:\/\/www.bellunopress.it\/fr\/2022\/10\/30\/venezia-una-storia-di-mare-e-di-terra-giovedi-alle-conversazioni-in-taverna-di-liberal-belluno\/\" \/>\n<meta property=\"og:locale\" content=\"fr_FR\" \/>\n<meta property=\"og:type\" content=\"article\" \/>\n<meta property=\"og:title\" content=\"Venezia, una storia di mare e di terra. Gioved\u00ec alle Conversazioni in Taverna di Liberal Belluno - Bellunopress - Dolomiti\" \/>\n<meta property=\"og:description\" content=\"Gioved\u00ec 3 novembre 2022 alle ore 18 al ristorante Taverna di Belluno, si terr\u00e0 l&#8217;incontro dal titolo &#8220;Venezia, una storia di mare e di terra&#8221; con Alessandro Marzo Magno, giornalista e scrittore. Presenta la serata Franco Tosolini, ricercatore storico. L&#8217;iniziativa \u00e8 dell&#8217;Associazione Liberal Belluno presieduta da Rosalba Schenal e fa parte della oramai consolidata rassegna [&hellip;]\" \/>\n<meta property=\"og:url\" content=\"https:\/\/www.bellunopress.it\/fr\/2022\/10\/30\/venezia-una-storia-di-mare-e-di-terra-giovedi-alle-conversazioni-in-taverna-di-liberal-belluno\/\" \/>\n<meta property=\"og:site_name\" content=\"Bellunopress - Dolomiti\" \/>\n<meta property=\"article:publisher\" content=\"https:\/\/www.facebook.com\/profile.php?id=100008943462799\" \/>\n<meta property=\"article:published_time\" content=\"2022-10-30T07:15:03+00:00\" \/>\n<meta property=\"og:image\" content=\"https:\/\/www.bellunopress.it\/wp-content\/uploads\/2022\/05\/Liberal-conversazioni-in-taverna.jpg\" \/>\n\t<meta property=\"og:image:width\" content=\"559\" \/>\n\t<meta property=\"og:image:height\" content=\"224\" \/>\n\t<meta property=\"og:image:type\" content=\"image\/jpeg\" \/>\n<meta name=\"author\" content=\"redazione\" \/>\n<meta name=\"twitter:card\" content=\"summary_large_image\" \/>\n<meta name=\"twitter:creator\" content=\"@bellunopress\" \/>\n<meta name=\"twitter:site\" content=\"@bellunopress\" \/>\n<meta name=\"twitter:label1\" content=\"Written by\" \/>\n\t<meta name=\"twitter:data1\" content=\"redazione\" \/>\n\t<meta name=\"twitter:label2\" content=\"Est. reading time\" \/>\n\t<meta name=\"twitter:data2\" content=\"1 minute\" \/>\n<script type=\"application\/ld+json\" class=\"yoast-schema-graph\">{\"@context\":\"https:\\\/\\\/schema.org\",\"@graph\":[{\"@type\":\"Article\",\"@id\":\"https:\\\/\\\/www.bellunopress.it\\\/2022\\\/10\\\/30\\\/venezia-una-storia-di-mare-e-di-terra-giovedi-alle-conversazioni-in-taverna-di-liberal-belluno\\\/#article\",\"isPartOf\":{\"@id\":\"https:\\\/\\\/www.bellunopress.it\\\/2022\\\/10\\\/30\\\/venezia-una-storia-di-mare-e-di-terra-giovedi-alle-conversazioni-in-taverna-di-liberal-belluno\\\/\"},\"author\":{\"name\":\"redazione\",\"@id\":\"https:\\\/\\\/www.bellunopress.it\\\/#\\\/schema\\\/person\\\/79bb06722b37ece1c03d3e94beb30d73\"},\"headline\":\"Venezia, una storia di mare e di terra. Gioved\u00ec alle Conversazioni in Taverna di Liberal Belluno\",\"datePublished\":\"2022-10-30T07:15:03+00:00\",\"mainEntityOfPage\":{\"@id\":\"https:\\\/\\\/www.bellunopress.it\\\/2022\\\/10\\\/30\\\/venezia-una-storia-di-mare-e-di-terra-giovedi-alle-conversazioni-in-taverna-di-liberal-belluno\\\/\"},\"wordCount\":74,\"publisher\":{\"@id\":\"https:\\\/\\\/www.bellunopress.it\\\/#organization\"},\"image\":{\"@id\":\"https:\\\/\\\/www.bellunopress.it\\\/2022\\\/10\\\/30\\\/venezia-una-storia-di-mare-e-di-terra-giovedi-alle-conversazioni-in-taverna-di-liberal-belluno\\\/#primaryimage\"},\"thumbnailUrl\":\"https:\\\/\\\/www.bellunopress.it\\\/wp-content\\\/uploads\\\/2022\\\/05\\\/Liberal-conversazioni-in-taverna.jpg\",\"articleSection\":[\"Appuntamenti, Eventi\",\"Arte, Cultura, Spettacoli, Scienza\",\"Pausa Caff\u00e8\"],\"inLanguage\":\"fr-FR\"},{\"@type\":\"WebPage\",\"@id\":\"https:\\\/\\\/www.bellunopress.it\\\/2022\\\/10\\\/30\\\/venezia-una-storia-di-mare-e-di-terra-giovedi-alle-conversazioni-in-taverna-di-liberal-belluno\\\/\",\"url\":\"https:\\\/\\\/www.bellunopress.it\\\/2022\\\/10\\\/30\\\/venezia-una-storia-di-mare-e-di-terra-giovedi-alle-conversazioni-in-taverna-di-liberal-belluno\\\/\",\"name\":\"Venezia, una storia di mare e di terra. Gioved\u00ec alle Conversazioni in Taverna di Liberal Belluno - Bellunopress - Dolomiti\",\"isPartOf\":{\"@id\":\"https:\\\/\\\/www.bellunopress.it\\\/#website\"},\"primaryImageOfPage\":{\"@id\":\"https:\\\/\\\/www.bellunopress.it\\\/2022\\\/10\\\/30\\\/venezia-una-storia-di-mare-e-di-terra-giovedi-alle-conversazioni-in-taverna-di-liberal-belluno\\\/#primaryimage\"},\"image\":{\"@id\":\"https:\\\/\\\/www.bellunopress.it\\\/2022\\\/10\\\/30\\\/venezia-una-storia-di-mare-e-di-terra-giovedi-alle-conversazioni-in-taverna-di-liberal-belluno\\\/#primaryimage\"},\"thumbnailUrl\":\"https:\\\/\\\/www.bellunopress.it\\\/wp-content\\\/uploads\\\/2022\\\/05\\\/Liberal-conversazioni-in-taverna.jpg\",\"datePublished\":\"2022-10-30T07:15:03+00:00\",\"breadcrumb\":{\"@id\":\"https:\\\/\\\/www.bellunopress.it\\\/2022\\\/10\\\/30\\\/venezia-una-storia-di-mare-e-di-terra-giovedi-alle-conversazioni-in-taverna-di-liberal-belluno\\\/#breadcrumb\"},\"inLanguage\":\"fr-FR\",\"potentialAction\":[{\"@type\":\"ReadAction\",\"target\":[\"https:\\\/\\\/www.bellunopress.it\\\/2022\\\/10\\\/30\\\/venezia-una-storia-di-mare-e-di-terra-giovedi-alle-conversazioni-in-taverna-di-liberal-belluno\\\/\"]}]},{\"@type\":\"ImageObject\",\"inLanguage\":\"fr-FR\",\"@id\":\"https:\\\/\\\/www.bellunopress.it\\\/2022\\\/10\\\/30\\\/venezia-una-storia-di-mare-e-di-terra-giovedi-alle-conversazioni-in-taverna-di-liberal-belluno\\\/#primaryimage\",\"url\":\"https:\\\/\\\/www.bellunopress.it\\\/wp-content\\\/uploads\\\/2022\\\/05\\\/Liberal-conversazioni-in-taverna.jpg\",\"contentUrl\":\"https:\\\/\\\/www.bellunopress.it\\\/wp-content\\\/uploads\\\/2022\\\/05\\\/Liberal-conversazioni-in-taverna.jpg\",\"width\":559,\"height\":224},{\"@type\":\"BreadcrumbList\",\"@id\":\"https:\\\/\\\/www.bellunopress.it\\\/2022\\\/10\\\/30\\\/venezia-una-storia-di-mare-e-di-terra-giovedi-alle-conversazioni-in-taverna-di-liberal-belluno\\\/#breadcrumb\",\"itemListElement\":[{\"@type\":\"ListItem\",\"position\":1,\"name\":\"Home\",\"item\":\"https:\\\/\\\/www.bellunopress.it\\\/\"},{\"@type\":\"ListItem\",\"position\":2,\"name\":\"Venezia, una storia di mare e di terra. Gioved\u00ec alle Conversazioni in Taverna di Liberal Belluno\"}]},{\"@type\":\"WebSite\",\"@id\":\"https:\\\/\\\/www.bellunopress.it\\\/#website\",\"url\":\"https:\\\/\\\/www.bellunopress.it\\\/\",\"name\":\"Bellunopress - Dolomiti\",\"description\":\"e-mail: redazione@bellunopress.it\",\"publisher\":{\"@id\":\"https:\\\/\\\/www.bellunopress.it\\\/#organization\"},\"potentialAction\":[{\"@type\":\"SearchAction\",\"target\":{\"@type\":\"EntryPoint\",\"urlTemplate\":\"https:\\\/\\\/www.bellunopress.it\\\/?s={search_term_string}\"},\"query-input\":{\"@type\":\"PropertyValueSpecification\",\"valueRequired\":true,\"valueName\":\"search_term_string\"}}],\"inLanguage\":\"fr-FR\"},{\"@type\":\"Organization\",\"@id\":\"https:\\\/\\\/www.bellunopress.it\\\/#organization\",\"name\":\"Bellunopress\",\"url\":\"https:\\\/\\\/www.bellunopress.it\\\/\",\"logo\":{\"@type\":\"ImageObject\",\"inLanguage\":\"fr-FR\",\"@id\":\"https:\\\/\\\/www.bellunopress.it\\\/#\\\/schema\\\/logo\\\/image\\\/\",\"url\":\"https:\\\/\\\/www.bellunopress.it\\\/wp-content\\\/uploads\\\/2011\\\/05\\\/cropped-logo-bellunopress-.jpg\",\"contentUrl\":\"https:\\\/\\\/www.bellunopress.it\\\/wp-content\\\/uploads\\\/2011\\\/05\\\/cropped-logo-bellunopress-.jpg\",\"width\":512,\"height\":512,\"caption\":\"Bellunopress\"},\"image\":{\"@id\":\"https:\\\/\\\/www.bellunopress.it\\\/#\\\/schema\\\/logo\\\/image\\\/\"},\"sameAs\":[\"https:\\\/\\\/www.facebook.com\\\/profile.php?id=100008943462799\",\"https:\\\/\\\/x.com\\\/bellunopress\",\"https:\\\/\\\/www.linkedin.com\\\/hp\\\/?dnr=JBzUWaJfMUw8vbXJJ2tVW5-I3jZKvC4wsoxE&amp;amp;amp;amp;amp;amp;trk=nav_responsive_tab_home\",\"https:\\\/\\\/www.youtube.com\\\/channel\\\/UCxL0wu1uN0_3_7hGG0306cw\"]},{\"@type\":\"Person\",\"@id\":\"https:\\\/\\\/www.bellunopress.it\\\/#\\\/schema\\\/person\\\/79bb06722b37ece1c03d3e94beb30d73\",\"name\":\"redazione\",\"image\":{\"@type\":\"ImageObject\",\"inLanguage\":\"fr-FR\",\"@id\":\"https:\\\/\\\/secure.gravatar.com\\\/avatar\\\/37d968a2e67a6fd04c169c4bdef102d0bc5d31b2546345219e348575eb80e9a0?s=96&d=mm&r=g\",\"url\":\"https:\\\/\\\/secure.gravatar.com\\\/avatar\\\/37d968a2e67a6fd04c169c4bdef102d0bc5d31b2546345219e348575eb80e9a0?s=96&d=mm&r=g\",\"contentUrl\":\"https:\\\/\\\/secure.gravatar.com\\\/avatar\\\/37d968a2e67a6fd04c169c4bdef102d0bc5d31b2546345219e348575eb80e9a0?s=96&d=mm&r=g\",\"caption\":\"redazione\"},\"sameAs\":[\"http:\\\/\\\/www.bellunopress.it\",\"https:\\\/\\\/x.com\\\/bellunopress\"],\"url\":\"https:\\\/\\\/www.bellunopress.it\\\/fr\\\/author\\\/redazione\\\/\"}]}<\/script>\n<!-- \/ Yoast SEO plugin. -->","yoast_head_json":{"title":"Venezia, una storia di mare e di terra. Gioved\u00ec alle Conversazioni in Taverna di Liberal Belluno - Bellunopress - Dolomiti","robots":{"index":"index","follow":"follow","max-snippet":"max-snippet:-1","max-image-preview":"max-image-preview:large","max-video-preview":"max-video-preview:-1"},"canonical":"https:\/\/www.bellunopress.it\/fr\/2022\/10\/30\/venezia-una-storia-di-mare-e-di-terra-giovedi-alle-conversazioni-in-taverna-di-liberal-belluno\/","og_locale":"fr_FR","og_type":"article","og_title":"Venezia, una storia di mare e di terra. Gioved\u00ec alle Conversazioni in Taverna di Liberal Belluno - Bellunopress - Dolomiti","og_description":"Gioved\u00ec 3 novembre 2022 alle ore 18 al ristorante Taverna di Belluno, si terr\u00e0 l&#8217;incontro dal titolo &#8220;Venezia, una storia di mare e di terra&#8221; con Alessandro Marzo Magno, giornalista e scrittore. Presenta la serata Franco Tosolini, ricercatore storico. L&#8217;iniziativa \u00e8 dell&#8217;Associazione Liberal Belluno presieduta da Rosalba Schenal e fa parte della oramai consolidata rassegna [&hellip;]","og_url":"https:\/\/www.bellunopress.it\/fr\/2022\/10\/30\/venezia-una-storia-di-mare-e-di-terra-giovedi-alle-conversazioni-in-taverna-di-liberal-belluno\/","og_site_name":"Bellunopress - Dolomiti","article_publisher":"https:\/\/www.facebook.com\/profile.php?id=100008943462799","article_published_time":"2022-10-30T07:15:03+00:00","og_image":[{"width":559,"height":224,"url":"https:\/\/www.bellunopress.it\/wp-content\/uploads\/2022\/05\/Liberal-conversazioni-in-taverna.jpg","type":"image\/jpeg"}],"author":"redazione","twitter_card":"summary_large_image","twitter_creator":"@bellunopress","twitter_site":"@bellunopress","twitter_misc":{"Written by":"redazione","Est. reading time":"1 minute"},"schema":{"@context":"https:\/\/schema.org","@graph":[{"@type":"Article","@id":"https:\/\/www.bellunopress.it\/2022\/10\/30\/venezia-una-storia-di-mare-e-di-terra-giovedi-alle-conversazioni-in-taverna-di-liberal-belluno\/#article","isPartOf":{"@id":"https:\/\/www.bellunopress.it\/2022\/10\/30\/venezia-una-storia-di-mare-e-di-terra-giovedi-alle-conversazioni-in-taverna-di-liberal-belluno\/"},"author":{"name":"redazione","@id":"https:\/\/www.bellunopress.it\/#\/schema\/person\/79bb06722b37ece1c03d3e94beb30d73"},"headline":"Venezia, una storia di mare e di terra. Gioved\u00ec alle Conversazioni in Taverna di Liberal Belluno","datePublished":"2022-10-30T07:15:03+00:00","mainEntityOfPage":{"@id":"https:\/\/www.bellunopress.it\/2022\/10\/30\/venezia-una-storia-di-mare-e-di-terra-giovedi-alle-conversazioni-in-taverna-di-liberal-belluno\/"},"wordCount":74,"publisher":{"@id":"https:\/\/www.bellunopress.it\/#organization"},"image":{"@id":"https:\/\/www.bellunopress.it\/2022\/10\/30\/venezia-una-storia-di-mare-e-di-terra-giovedi-alle-conversazioni-in-taverna-di-liberal-belluno\/#primaryimage"},"thumbnailUrl":"https:\/\/www.bellunopress.it\/wp-content\/uploads\/2022\/05\/Liberal-conversazioni-in-taverna.jpg","articleSection":["Appuntamenti, Eventi","Arte, Cultura, Spettacoli, Scienza","Pausa Caff\u00e8"],"inLanguage":"fr-FR"},{"@type":"WebPage","@id":"https:\/\/www.bellunopress.it\/2022\/10\/30\/venezia-una-storia-di-mare-e-di-terra-giovedi-alle-conversazioni-in-taverna-di-liberal-belluno\/","url":"https:\/\/www.bellunopress.it\/2022\/10\/30\/venezia-una-storia-di-mare-e-di-terra-giovedi-alle-conversazioni-in-taverna-di-liberal-belluno\/","name":"Venezia, una storia di mare e di terra. Gioved\u00ec alle Conversazioni in Taverna di Liberal Belluno - Bellunopress - Dolomiti","isPartOf":{"@id":"https:\/\/www.bellunopress.it\/#website"},"primaryImageOfPage":{"@id":"https:\/\/www.bellunopress.it\/2022\/10\/30\/venezia-una-storia-di-mare-e-di-terra-giovedi-alle-conversazioni-in-taverna-di-liberal-belluno\/#primaryimage"},"image":{"@id":"https:\/\/www.bellunopress.it\/2022\/10\/30\/venezia-una-storia-di-mare-e-di-terra-giovedi-alle-conversazioni-in-taverna-di-liberal-belluno\/#primaryimage"},"thumbnailUrl":"https:\/\/www.bellunopress.it\/wp-content\/uploads\/2022\/05\/Liberal-conversazioni-in-taverna.jpg","datePublished":"2022-10-30T07:15:03+00:00","breadcrumb":{"@id":"https:\/\/www.bellunopress.it\/2022\/10\/30\/venezia-una-storia-di-mare-e-di-terra-giovedi-alle-conversazioni-in-taverna-di-liberal-belluno\/#breadcrumb"},"inLanguage":"fr-FR","potentialAction":[{"@type":"ReadAction","target":["https:\/\/www.bellunopress.it\/2022\/10\/30\/venezia-una-storia-di-mare-e-di-terra-giovedi-alle-conversazioni-in-taverna-di-liberal-belluno\/"]}]},{"@type":"ImageObject","inLanguage":"fr-FR","@id":"https:\/\/www.bellunopress.it\/2022\/10\/30\/venezia-una-storia-di-mare-e-di-terra-giovedi-alle-conversazioni-in-taverna-di-liberal-belluno\/#primaryimage","url":"https:\/\/www.bellunopress.it\/wp-content\/uploads\/2022\/05\/Liberal-conversazioni-in-taverna.jpg","contentUrl":"https:\/\/www.bellunopress.it\/wp-content\/uploads\/2022\/05\/Liberal-conversazioni-in-taverna.jpg","width":559,"height":224},{"@type":"BreadcrumbList","@id":"https:\/\/www.bellunopress.it\/2022\/10\/30\/venezia-una-storia-di-mare-e-di-terra-giovedi-alle-conversazioni-in-taverna-di-liberal-belluno\/#breadcrumb","itemListElement":[{"@type":"ListItem","position":1,"name":"Home","item":"https:\/\/www.bellunopress.it\/"},{"@type":"ListItem","position":2,"name":"Venezia, una storia di mare e di terra. Gioved\u00ec alle Conversazioni in Taverna di Liberal Belluno"}]},{"@type":"WebSite","@id":"https:\/\/www.bellunopress.it\/#website","url":"https:\/\/www.bellunopress.it\/","name":"Bellunopress - Dolomiti","description":"e-mail: redazione@bellunopress.it","publisher":{"@id":"https:\/\/www.bellunopress.it\/#organization"},"potentialAction":[{"@type":"SearchAction","target":{"@type":"EntryPoint","urlTemplate":"https:\/\/www.bellunopress.it\/?s={search_term_string}"},"query-input":{"@type":"PropertyValueSpecification","valueRequired":true,"valueName":"search_term_string"}}],"inLanguage":"fr-FR"},{"@type":"Organization","@id":"https:\/\/www.bellunopress.it\/#organization","name":"Bellunopress","url":"https:\/\/www.bellunopress.it\/","logo":{"@type":"ImageObject","inLanguage":"fr-FR","@id":"https:\/\/www.bellunopress.it\/#\/schema\/logo\/image\/","url":"https:\/\/www.bellunopress.it\/wp-content\/uploads\/2011\/05\/cropped-logo-bellunopress-.jpg","contentUrl":"https:\/\/www.bellunopress.it\/wp-content\/uploads\/2011\/05\/cropped-logo-bellunopress-.jpg","width":512,"height":512,"caption":"Bellunopress"},"image":{"@id":"https:\/\/www.bellunopress.it\/#\/schema\/logo\/image\/"},"sameAs":["https:\/\/www.facebook.com\/profile.php?id=100008943462799","https:\/\/x.com\/bellunopress","https:\/\/www.linkedin.com\/hp\/?dnr=JBzUWaJfMUw8vbXJJ2tVW5-I3jZKvC4wsoxE&amp;amp;amp;amp;amp;amp;trk=nav_responsive_tab_home","https:\/\/www.youtube.com\/channel\/UCxL0wu1uN0_3_7hGG0306cw"]},{"@type":"Person","@id":"https:\/\/www.bellunopress.it\/#\/schema\/person\/79bb06722b37ece1c03d3e94beb30d73","name":"r\u00e9daction","image":{"@type":"ImageObject","inLanguage":"fr-FR","@id":"https:\/\/secure.gravatar.com\/avatar\/37d968a2e67a6fd04c169c4bdef102d0bc5d31b2546345219e348575eb80e9a0?s=96&d=mm&r=g","url":"https:\/\/secure.gravatar.com\/avatar\/37d968a2e67a6fd04c169c4bdef102d0bc5d31b2546345219e348575eb80e9a0?s=96&d=mm&r=g","contentUrl":"https:\/\/secure.gravatar.com\/avatar\/37d968a2e67a6fd04c169c4bdef102d0bc5d31b2546345219e348575eb80e9a0?s=96&d=mm&r=g","caption":"redazione"},"sameAs":["http:\/\/www.bellunopress.it","https:\/\/x.com\/bellunopress"],"url":"https:\/\/www.bellunopress.it\/fr\/author\/redazione\/"}]}},"_links":{"self":[{"href":"https:\/\/www.bellunopress.it\/fr\/wp-json\/wp\/v2\/posts\/137355","targetHints":{"allow":["GET"]}}],"collection":[{"href":"https:\/\/www.bellunopress.it\/fr\/wp-json\/wp\/v2\/posts"}],"about":[{"href":"https:\/\/www.bellunopress.it\/fr\/wp-json\/wp\/v2\/types\/post"}],"author":[{"embeddable":true,"href":"https:\/\/www.bellunopress.it\/fr\/wp-json\/wp\/v2\/users\/2"}],"replies":[{"embeddable":true,"href":"https:\/\/www.bellunopress.it\/fr\/wp-json\/wp\/v2\/comments?post=137355"}],"version-history":[{"count":1,"href":"https:\/\/www.bellunopress.it\/fr\/wp-json\/wp\/v2\/posts\/137355\/revisions"}],"predecessor-version":[{"id":137356,"href":"https:\/\/www.bellunopress.it\/fr\/wp-json\/wp\/v2\/posts\/137355\/revisions\/137356"}],"wp:featuredmedia":[{"embeddable":true,"href":"https:\/\/www.bellunopress.it\/fr\/wp-json\/wp\/v2\/media\/133142"}],"wp:attachment":[{"href":"https:\/\/www.bellunopress.it\/fr\/wp-json\/wp\/v2\/media?parent=137355"}],"wp:term":[{"taxonomy":"category","embeddable":true,"href":"https:\/\/www.bellunopress.it\/fr\/wp-json\/wp\/v2\/categories?post=137355"},{"taxonomy":"post_tag","embeddable":true,"href":"https:\/\/www.bellunopress.it\/fr\/wp-json\/wp\/v2\/tags?post=137355"}],"curies":[{"name":"wp","href":"https:\/\/api.w.org\/{rel}","templated":true}]}}