{"id":137352,"date":"2022-10-30T08:01:53","date_gmt":"2022-10-30T07:01:53","guid":{"rendered":"https:\/\/www.bellunopress.it\/?p=137352"},"modified":"2022-10-30T08:01:53","modified_gmt":"2022-10-30T07:01:53","slug":"dolomiti-bellunesi-calcio-successo-a-montecchio-maggiore","status":"publish","type":"post","link":"https:\/\/www.bellunopress.it\/fr\/2022\/10\/30\/dolomiti-bellunesi-calcio-successo-a-montecchio-maggiore\/","title":{"rendered":"Dolomiti Bellunesi calcio, successo a Montecchio Maggiore"},"content":{"rendered":"<p><img loading=\"lazy\" decoding=\"async\" class=\"alignleft size-full wp-image-136745\" src=\"https:\/\/www.bellunopress.it\/wp-content\/uploads\/2022\/10\/Dolomiti-Bellunesi-calcio.jpg\" alt=\"\" width=\"927\" height=\"642\" srcset=\"https:\/\/www.bellunopress.it\/wp-content\/uploads\/2022\/10\/Dolomiti-Bellunesi-calcio.jpg 927w, https:\/\/www.bellunopress.it\/wp-content\/uploads\/2022\/10\/Dolomiti-Bellunesi-calcio-500x346.jpg 500w, https:\/\/www.bellunopress.it\/wp-content\/uploads\/2022\/10\/Dolomiti-Bellunesi-calcio-218x150.jpg 218w, https:\/\/www.bellunopress.it\/wp-content\/uploads\/2022\/10\/Dolomiti-Bellunesi-calcio-696x482.jpg 696w, https:\/\/www.bellunopress.it\/wp-content\/uploads\/2022\/10\/Dolomiti-Bellunesi-calcio-606x420.jpg 606w, https:\/\/www.bellunopress.it\/wp-content\/uploads\/2022\/10\/Dolomiti-Bellunesi-calcio-100x70.jpg 100w\" sizes=\"auto, (max-width: 927px) 100vw, 927px\" \/>Successo al fotofinish: \u00e8 il secondo consecutivo<\/p>\n<p>MONTECCHIO MAGGIORE-DOLOMITI BELLUNESI 1-2<\/p>\n<p>GOL: pt 45&#8242; A. Cossalter; st 8&#8242; Gomes de Pina, 43&#8242; Corbanese.<\/p>\n<p>MONTECCHIO MAGGIORE: Segantini, Rocco, Munoz Martinez (st 35&#8242; Dal Cortivo), Seno, Crestani, Burato, Pegoraro (st 28&#8242; Zanazzi), Djuric (st 41&#8242; Ngissah), Gomes de Pina, Visinoni (st 1&#8242; Strada), Ferchichi (a disposizione: Gherardi, Meggiolaro, Grancara, Giarolo, Borgo). Allenatore: M. Vittadello.<\/p>\n<p>DOLOMITI BELLUNESI: Virvilas; Alcides (st 35&#8242; Faraon), Alari, Sommacal, Pettin\u00e0; Artioli, Onescu, T. Cossalter (st 40&#8242; Arcopinto); De Paoli (st 30&#8242; Cucchisi), Corbanese, A. Cossalter (st 21&#8242; Svidercoschi) (a disposizione: Saccon, Casella, Conti, Toniolo, Macchioni). Allenatore: D. Zanin.<\/p>\n<p>ARBITRO: Daniele Benevelli di Modena (assistenti: Badreddine Mamouni di Tolmezzo e Giacomo Ponti di Trieste).<\/p>\n<p>NOTE. Ammoniti: Pettin\u00e0, A. Cossalter, Strada, Onescu, Djuric, Alcides, Svidercoschi. Recupero: pt 1&#8242;; st 4&#8242;.<\/p>\n<p>Per la prima volta in questa stagione, la SSD Dolomiti Bellunesi inanella due vittorie in sequenza: dopo il successo di misura contro l&#8217;Este, ne arriva un altro a Montecchio Maggiore. Questa volta in piena zona Cesarini. O meglio, zona Corbanese: perch\u00e9 quando il gioco si fa duro, e la palla scotta, il Cobra c&#8217;\u00e8 sempre. Anche in questa occasione, il suo morso vale tre punti. Ma quello del capitano non \u00e8 stato un assolo. Al contrario, nell&#8217;anticipo di campionato tutti gli attaccanti hanno recitato da protagonisti: a cominciare da Alex Cossalter, autore della punizione rompi-ghiaccio, a ridosso dell&#8217;intervallo. Per arrivare a Svidercoschi, decisivo nell&#8217;azione del definitivo 2-1.<\/p>\n<p>STESSI UNDICI &#8211; Squadra che vince non si cambia? Il detto vale pure per Diego Zanin: il mister, infatti, ripropone gli stessi undici che, non pi\u00f9 tardi di sei giorni fa, avevano dato scacco matto all&#8217;Este. E l&#8217;avvio \u00e8 promettente, se \u00e8 vero che all&#8217;8&#8242; Onescu gira la sfera verso il secondo palo, ma non trova il bersaglio grosso. Passano 5&#8242; e Thomas Cossalter serve sulla destra De Paoli, che punta l&#8217;uomo e calcia: Segantini, per\u00f2, blocca centralmente. Il Montecchio concede poco e, di tanto in tanto, squilla dalle parti di Virvilas: come al 39&#8242;, quando Djuric spedisce a lato dal limite dell&#8217;area, mentre Artioli non inquadra lo specchio su assist di De Paoli. A inquadrarlo, invece, \u00e8 Alex Cossalter, grazie a una punizione velenosissima che attraversa tutta l&#8217;area e si infila nell&#8217;angolino.<\/p>\n<p>IL FALCO E LA PREDA &#8211; Nella ripresa, ci riprova lo scatenato Alex, ma il suo tiro di prima intenzione termina largo di poco. E, sul ribaltamento di fronte, il Montecchio ristabilisce l&#8217;equilibrio: lo fa con Gomes de Pina, abile a sfruttare una sponda di Burato e a scoccare un diagonale che fulmina Virvilas. Lo stesso portiere lituano, poco pi\u00f9 tardi, dovr\u00e0 smanacciare in corner una botta dalla distanza di Burato. E pure Munoz Martinez va vicino al raddoppio. Ma per cambiare lo scenario, basta un episodio. Ed eccolo, a 2&#8242; dallo scadere: lancio in profondit\u00e0 di Cucchisi per Svidercoschi, il cui tiro viene ribattuto dall&#8217;estremo difensore. E Corbanese, come un falco, si avventa sulla preda &#8211; pardon &#8211; sul pallone: 2-1. E dolomitici in orbita.<\/p>\n<p>L&#8217;ANALISI DI ZANIN &#8211; \u00abDopo il loro pareggio &#8211; analizza mister Diego Zanin &#8211; abbiamo avuto un contraccolpo psicologico. Cos\u00ec ho preferito inserire forze fresche e una punta (Svidercoschi) che tenesse alta la squadra. Bravi tutti, abbiamo saputo soffrire. E alla fine, con la forza e il coraggio, ci siamo ritagliati l&#8217;opportunit\u00e0 di vincere. In generale, quando siamo riusciti a trovare la soluzione tra le linee, abbiamo sempre creato dei pericoli. La vittoria? \u00c8 frutto del lavoro quotidiano. E i ragazzi entrati a partita in corso sono stati strepitosi\u00bb.<\/p>","protected":false},"excerpt":{"rendered":"<p>Successo al fotofinish: \u00e8 il secondo consecutivo MONTECCHIO MAGGIORE-DOLOMITI BELLUNESI 1-2 GOL: pt 45&#8242; A. Cossalter; st 8&#8242; Gomes de Pina, 43&#8242; Corbanese. MONTECCHIO MAGGIORE: Segantini, Rocco, Munoz Martinez (st 35&#8242; Dal Cortivo), Seno, Crestani, Burato, Pegoraro (st 28&#8242; Zanazzi), Djuric (st 41&#8242; Ngissah), Gomes de Pina, Visinoni (st 1&#8242; Strada), Ferchichi (a disposizione: Gherardi, [&hellip;]<\/p>\n","protected":false},"author":2,"featured_media":136745,"comment_status":"closed","ping_status":"open","sticky":false,"template":"","format":"standard","meta":{"footnotes":""},"categories":[4],"tags":[],"class_list":["post-137352","post","type-post","status-publish","format-standard","has-post-thumbnail","category-sport"],"yoast_head":"<!-- This site is optimized with the Yoast SEO plugin v28.4 - https:\/\/yoast.com\/product\/yoast-seo-wordpress\/ -->\n<title>Dolomiti Bellunesi calcio, successo a Montecchio Maggiore - Bellunopress - Dolomiti<\/title>\n<meta name=\"robots\" content=\"index, follow, max-snippet:-1, max-image-preview:large, max-video-preview:-1\" \/>\n<link rel=\"canonical\" href=\"https:\/\/www.bellunopress.it\/fr\/2022\/10\/30\/dolomiti-bellunesi-calcio-successo-a-montecchio-maggiore\/\" \/>\n<meta property=\"og:locale\" content=\"fr_FR\" \/>\n<meta property=\"og:type\" content=\"article\" \/>\n<meta property=\"og:title\" content=\"Dolomiti Bellunesi calcio, successo a Montecchio Maggiore - Bellunopress - Dolomiti\" \/>\n<meta property=\"og:description\" content=\"Successo al fotofinish: \u00e8 il secondo consecutivo MONTECCHIO MAGGIORE-DOLOMITI BELLUNESI 1-2 GOL: pt 45&#8242; A. Cossalter; st 8&#8242; Gomes de Pina, 43&#8242; Corbanese. MONTECCHIO MAGGIORE: Segantini, Rocco, Munoz Martinez (st 35&#8242; Dal Cortivo), Seno, Crestani, Burato, Pegoraro (st 28&#8242; Zanazzi), Djuric (st 41&#8242; Ngissah), Gomes de Pina, Visinoni (st 1&#8242; Strada), Ferchichi (a disposizione: Gherardi, [&hellip;]\" \/>\n<meta property=\"og:url\" content=\"https:\/\/www.bellunopress.it\/fr\/2022\/10\/30\/dolomiti-bellunesi-calcio-successo-a-montecchio-maggiore\/\" \/>\n<meta property=\"og:site_name\" content=\"Bellunopress - Dolomiti\" \/>\n<meta property=\"article:publisher\" content=\"https:\/\/www.facebook.com\/profile.php?id=100008943462799\" \/>\n<meta property=\"article:published_time\" content=\"2022-10-30T07:01:53+00:00\" \/>\n<meta property=\"og:image\" content=\"https:\/\/www.bellunopress.it\/wp-content\/uploads\/2022\/10\/Dolomiti-Bellunesi-calcio.jpg\" \/>\n\t<meta property=\"og:image:width\" content=\"927\" \/>\n\t<meta property=\"og:image:height\" content=\"642\" \/>\n\t<meta property=\"og:image:type\" content=\"image\/jpeg\" \/>\n<meta name=\"author\" content=\"redazione\" \/>\n<meta name=\"twitter:card\" content=\"summary_large_image\" \/>\n<meta name=\"twitter:creator\" content=\"@bellunopress\" \/>\n<meta name=\"twitter:site\" content=\"@bellunopress\" \/>\n<meta name=\"twitter:label1\" content=\"Written by\" \/>\n\t<meta name=\"twitter:data1\" content=\"redazione\" \/>\n\t<meta name=\"twitter:label2\" content=\"Est. reading time\" \/>\n\t<meta name=\"twitter:data2\" content=\"4 minutes\" \/>\n<script type=\"application\/ld+json\" class=\"yoast-schema-graph\">{\"@context\":\"https:\\\/\\\/schema.org\",\"@graph\":[{\"@type\":\"Article\",\"@id\":\"https:\\\/\\\/www.bellunopress.it\\\/2022\\\/10\\\/30\\\/dolomiti-bellunesi-calcio-successo-a-montecchio-maggiore\\\/#article\",\"isPartOf\":{\"@id\":\"https:\\\/\\\/www.bellunopress.it\\\/2022\\\/10\\\/30\\\/dolomiti-bellunesi-calcio-successo-a-montecchio-maggiore\\\/\"},\"author\":{\"name\":\"redazione\",\"@id\":\"https:\\\/\\\/www.bellunopress.it\\\/#\\\/schema\\\/person\\\/79bb06722b37ece1c03d3e94beb30d73\"},\"headline\":\"Dolomiti Bellunesi calcio, successo a Montecchio Maggiore\",\"datePublished\":\"2022-10-30T07:01:53+00:00\",\"mainEntityOfPage\":{\"@id\":\"https:\\\/\\\/www.bellunopress.it\\\/2022\\\/10\\\/30\\\/dolomiti-bellunesi-calcio-successo-a-montecchio-maggiore\\\/\"},\"wordCount\":584,\"publisher\":{\"@id\":\"https:\\\/\\\/www.bellunopress.it\\\/#organization\"},\"image\":{\"@id\":\"https:\\\/\\\/www.bellunopress.it\\\/2022\\\/10\\\/30\\\/dolomiti-bellunesi-calcio-successo-a-montecchio-maggiore\\\/#primaryimage\"},\"thumbnailUrl\":\"https:\\\/\\\/www.bellunopress.it\\\/wp-content\\\/uploads\\\/2022\\\/10\\\/Dolomiti-Bellunesi-calcio.jpg\",\"articleSection\":[\"Sport, tempo libero\"],\"inLanguage\":\"fr-FR\"},{\"@type\":\"WebPage\",\"@id\":\"https:\\\/\\\/www.bellunopress.it\\\/2022\\\/10\\\/30\\\/dolomiti-bellunesi-calcio-successo-a-montecchio-maggiore\\\/\",\"url\":\"https:\\\/\\\/www.bellunopress.it\\\/2022\\\/10\\\/30\\\/dolomiti-bellunesi-calcio-successo-a-montecchio-maggiore\\\/\",\"name\":\"Dolomiti Bellunesi calcio, successo a Montecchio Maggiore - Bellunopress - Dolomiti\",\"isPartOf\":{\"@id\":\"https:\\\/\\\/www.bellunopress.it\\\/#website\"},\"primaryImageOfPage\":{\"@id\":\"https:\\\/\\\/www.bellunopress.it\\\/2022\\\/10\\\/30\\\/dolomiti-bellunesi-calcio-successo-a-montecchio-maggiore\\\/#primaryimage\"},\"image\":{\"@id\":\"https:\\\/\\\/www.bellunopress.it\\\/2022\\\/10\\\/30\\\/dolomiti-bellunesi-calcio-successo-a-montecchio-maggiore\\\/#primaryimage\"},\"thumbnailUrl\":\"https:\\\/\\\/www.bellunopress.it\\\/wp-content\\\/uploads\\\/2022\\\/10\\\/Dolomiti-Bellunesi-calcio.jpg\",\"datePublished\":\"2022-10-30T07:01:53+00:00\",\"breadcrumb\":{\"@id\":\"https:\\\/\\\/www.bellunopress.it\\\/2022\\\/10\\\/30\\\/dolomiti-bellunesi-calcio-successo-a-montecchio-maggiore\\\/#breadcrumb\"},\"inLanguage\":\"fr-FR\",\"potentialAction\":[{\"@type\":\"ReadAction\",\"target\":[\"https:\\\/\\\/www.bellunopress.it\\\/2022\\\/10\\\/30\\\/dolomiti-bellunesi-calcio-successo-a-montecchio-maggiore\\\/\"]}]},{\"@type\":\"ImageObject\",\"inLanguage\":\"fr-FR\",\"@id\":\"https:\\\/\\\/www.bellunopress.it\\\/2022\\\/10\\\/30\\\/dolomiti-bellunesi-calcio-successo-a-montecchio-maggiore\\\/#primaryimage\",\"url\":\"https:\\\/\\\/www.bellunopress.it\\\/wp-content\\\/uploads\\\/2022\\\/10\\\/Dolomiti-Bellunesi-calcio.jpg\",\"contentUrl\":\"https:\\\/\\\/www.bellunopress.it\\\/wp-content\\\/uploads\\\/2022\\\/10\\\/Dolomiti-Bellunesi-calcio.jpg\",\"width\":927,\"height\":642},{\"@type\":\"BreadcrumbList\",\"@id\":\"https:\\\/\\\/www.bellunopress.it\\\/2022\\\/10\\\/30\\\/dolomiti-bellunesi-calcio-successo-a-montecchio-maggiore\\\/#breadcrumb\",\"itemListElement\":[{\"@type\":\"ListItem\",\"position\":1,\"name\":\"Home\",\"item\":\"https:\\\/\\\/www.bellunopress.it\\\/\"},{\"@type\":\"ListItem\",\"position\":2,\"name\":\"Dolomiti Bellunesi calcio, successo a Montecchio Maggiore\"}]},{\"@type\":\"WebSite\",\"@id\":\"https:\\\/\\\/www.bellunopress.it\\\/#website\",\"url\":\"https:\\\/\\\/www.bellunopress.it\\\/\",\"name\":\"Bellunopress - Dolomiti\",\"description\":\"e-mail: redazione@bellunopress.it\",\"publisher\":{\"@id\":\"https:\\\/\\\/www.bellunopress.it\\\/#organization\"},\"potentialAction\":[{\"@type\":\"SearchAction\",\"target\":{\"@type\":\"EntryPoint\",\"urlTemplate\":\"https:\\\/\\\/www.bellunopress.it\\\/?s={search_term_string}\"},\"query-input\":{\"@type\":\"PropertyValueSpecification\",\"valueRequired\":true,\"valueName\":\"search_term_string\"}}],\"inLanguage\":\"fr-FR\"},{\"@type\":\"Organization\",\"@id\":\"https:\\\/\\\/www.bellunopress.it\\\/#organization\",\"name\":\"Bellunopress\",\"url\":\"https:\\\/\\\/www.bellunopress.it\\\/\",\"logo\":{\"@type\":\"ImageObject\",\"inLanguage\":\"fr-FR\",\"@id\":\"https:\\\/\\\/www.bellunopress.it\\\/#\\\/schema\\\/logo\\\/image\\\/\",\"url\":\"https:\\\/\\\/www.bellunopress.it\\\/wp-content\\\/uploads\\\/2011\\\/05\\\/cropped-logo-bellunopress-.jpg\",\"contentUrl\":\"https:\\\/\\\/www.bellunopress.it\\\/wp-content\\\/uploads\\\/2011\\\/05\\\/cropped-logo-bellunopress-.jpg\",\"width\":512,\"height\":512,\"caption\":\"Bellunopress\"},\"image\":{\"@id\":\"https:\\\/\\\/www.bellunopress.it\\\/#\\\/schema\\\/logo\\\/image\\\/\"},\"sameAs\":[\"https:\\\/\\\/www.facebook.com\\\/profile.php?id=100008943462799\",\"https:\\\/\\\/x.com\\\/bellunopress\",\"https:\\\/\\\/www.linkedin.com\\\/hp\\\/?dnr=JBzUWaJfMUw8vbXJJ2tVW5-I3jZKvC4wsoxE&amp;amp;amp;amp;amp;amp;trk=nav_responsive_tab_home\",\"https:\\\/\\\/www.youtube.com\\\/channel\\\/UCxL0wu1uN0_3_7hGG0306cw\"]},{\"@type\":\"Person\",\"@id\":\"https:\\\/\\\/www.bellunopress.it\\\/#\\\/schema\\\/person\\\/79bb06722b37ece1c03d3e94beb30d73\",\"name\":\"redazione\",\"image\":{\"@type\":\"ImageObject\",\"inLanguage\":\"fr-FR\",\"@id\":\"https:\\\/\\\/secure.gravatar.com\\\/avatar\\\/37d968a2e67a6fd04c169c4bdef102d0bc5d31b2546345219e348575eb80e9a0?s=96&d=mm&r=g\",\"url\":\"https:\\\/\\\/secure.gravatar.com\\\/avatar\\\/37d968a2e67a6fd04c169c4bdef102d0bc5d31b2546345219e348575eb80e9a0?s=96&d=mm&r=g\",\"contentUrl\":\"https:\\\/\\\/secure.gravatar.com\\\/avatar\\\/37d968a2e67a6fd04c169c4bdef102d0bc5d31b2546345219e348575eb80e9a0?s=96&d=mm&r=g\",\"caption\":\"redazione\"},\"sameAs\":[\"http:\\\/\\\/www.bellunopress.it\",\"https:\\\/\\\/x.com\\\/bellunopress\"],\"url\":\"https:\\\/\\\/www.bellunopress.it\\\/fr\\\/author\\\/redazione\\\/\"}]}<\/script>\n<!-- \/ Yoast SEO plugin. -->","yoast_head_json":{"title":"Dolomiti Bellunesi calcio, successo a Montecchio Maggiore - Bellunopress - Dolomiti","robots":{"index":"index","follow":"follow","max-snippet":"max-snippet:-1","max-image-preview":"max-image-preview:large","max-video-preview":"max-video-preview:-1"},"canonical":"https:\/\/www.bellunopress.it\/fr\/2022\/10\/30\/dolomiti-bellunesi-calcio-successo-a-montecchio-maggiore\/","og_locale":"fr_FR","og_type":"article","og_title":"Dolomiti Bellunesi calcio, successo a Montecchio Maggiore - Bellunopress - Dolomiti","og_description":"Successo al fotofinish: \u00e8 il secondo consecutivo MONTECCHIO MAGGIORE-DOLOMITI BELLUNESI 1-2 GOL: pt 45&#8242; A. Cossalter; st 8&#8242; Gomes de Pina, 43&#8242; Corbanese. MONTECCHIO MAGGIORE: Segantini, Rocco, Munoz Martinez (st 35&#8242; Dal Cortivo), Seno, Crestani, Burato, Pegoraro (st 28&#8242; Zanazzi), Djuric (st 41&#8242; Ngissah), Gomes de Pina, Visinoni (st 1&#8242; Strada), Ferchichi (a disposizione: Gherardi, [&hellip;]","og_url":"https:\/\/www.bellunopress.it\/fr\/2022\/10\/30\/dolomiti-bellunesi-calcio-successo-a-montecchio-maggiore\/","og_site_name":"Bellunopress - Dolomiti","article_publisher":"https:\/\/www.facebook.com\/profile.php?id=100008943462799","article_published_time":"2022-10-30T07:01:53+00:00","og_image":[{"width":927,"height":642,"url":"https:\/\/www.bellunopress.it\/wp-content\/uploads\/2022\/10\/Dolomiti-Bellunesi-calcio.jpg","type":"image\/jpeg"}],"author":"redazione","twitter_card":"summary_large_image","twitter_creator":"@bellunopress","twitter_site":"@bellunopress","twitter_misc":{"Written by":"redazione","Est. reading time":"4 minutes"},"schema":{"@context":"https:\/\/schema.org","@graph":[{"@type":"Article","@id":"https:\/\/www.bellunopress.it\/2022\/10\/30\/dolomiti-bellunesi-calcio-successo-a-montecchio-maggiore\/#article","isPartOf":{"@id":"https:\/\/www.bellunopress.it\/2022\/10\/30\/dolomiti-bellunesi-calcio-successo-a-montecchio-maggiore\/"},"author":{"name":"redazione","@id":"https:\/\/www.bellunopress.it\/#\/schema\/person\/79bb06722b37ece1c03d3e94beb30d73"},"headline":"Dolomiti Bellunesi calcio, successo a Montecchio Maggiore","datePublished":"2022-10-30T07:01:53+00:00","mainEntityOfPage":{"@id":"https:\/\/www.bellunopress.it\/2022\/10\/30\/dolomiti-bellunesi-calcio-successo-a-montecchio-maggiore\/"},"wordCount":584,"publisher":{"@id":"https:\/\/www.bellunopress.it\/#organization"},"image":{"@id":"https:\/\/www.bellunopress.it\/2022\/10\/30\/dolomiti-bellunesi-calcio-successo-a-montecchio-maggiore\/#primaryimage"},"thumbnailUrl":"https:\/\/www.bellunopress.it\/wp-content\/uploads\/2022\/10\/Dolomiti-Bellunesi-calcio.jpg","articleSection":["Sport, tempo libero"],"inLanguage":"fr-FR"},{"@type":"WebPage","@id":"https:\/\/www.bellunopress.it\/2022\/10\/30\/dolomiti-bellunesi-calcio-successo-a-montecchio-maggiore\/","url":"https:\/\/www.bellunopress.it\/2022\/10\/30\/dolomiti-bellunesi-calcio-successo-a-montecchio-maggiore\/","name":"Dolomiti Bellunesi calcio, successo a Montecchio Maggiore - Bellunopress - Dolomiti","isPartOf":{"@id":"https:\/\/www.bellunopress.it\/#website"},"primaryImageOfPage":{"@id":"https:\/\/www.bellunopress.it\/2022\/10\/30\/dolomiti-bellunesi-calcio-successo-a-montecchio-maggiore\/#primaryimage"},"image":{"@id":"https:\/\/www.bellunopress.it\/2022\/10\/30\/dolomiti-bellunesi-calcio-successo-a-montecchio-maggiore\/#primaryimage"},"thumbnailUrl":"https:\/\/www.bellunopress.it\/wp-content\/uploads\/2022\/10\/Dolomiti-Bellunesi-calcio.jpg","datePublished":"2022-10-30T07:01:53+00:00","breadcrumb":{"@id":"https:\/\/www.bellunopress.it\/2022\/10\/30\/dolomiti-bellunesi-calcio-successo-a-montecchio-maggiore\/#breadcrumb"},"inLanguage":"fr-FR","potentialAction":[{"@type":"ReadAction","target":["https:\/\/www.bellunopress.it\/2022\/10\/30\/dolomiti-bellunesi-calcio-successo-a-montecchio-maggiore\/"]}]},{"@type":"ImageObject","inLanguage":"fr-FR","@id":"https:\/\/www.bellunopress.it\/2022\/10\/30\/dolomiti-bellunesi-calcio-successo-a-montecchio-maggiore\/#primaryimage","url":"https:\/\/www.bellunopress.it\/wp-content\/uploads\/2022\/10\/Dolomiti-Bellunesi-calcio.jpg","contentUrl":"https:\/\/www.bellunopress.it\/wp-content\/uploads\/2022\/10\/Dolomiti-Bellunesi-calcio.jpg","width":927,"height":642},{"@type":"BreadcrumbList","@id":"https:\/\/www.bellunopress.it\/2022\/10\/30\/dolomiti-bellunesi-calcio-successo-a-montecchio-maggiore\/#breadcrumb","itemListElement":[{"@type":"ListItem","position":1,"name":"Home","item":"https:\/\/www.bellunopress.it\/"},{"@type":"ListItem","position":2,"name":"Dolomiti Bellunesi calcio, successo a Montecchio Maggiore"}]},{"@type":"WebSite","@id":"https:\/\/www.bellunopress.it\/#website","url":"https:\/\/www.bellunopress.it\/","name":"Bellunopress - Dolomiti","description":"e-mail: redazione@bellunopress.it","publisher":{"@id":"https:\/\/www.bellunopress.it\/#organization"},"potentialAction":[{"@type":"SearchAction","target":{"@type":"EntryPoint","urlTemplate":"https:\/\/www.bellunopress.it\/?s={search_term_string}"},"query-input":{"@type":"PropertyValueSpecification","valueRequired":true,"valueName":"search_term_string"}}],"inLanguage":"fr-FR"},{"@type":"Organization","@id":"https:\/\/www.bellunopress.it\/#organization","name":"Bellunopress","url":"https:\/\/www.bellunopress.it\/","logo":{"@type":"ImageObject","inLanguage":"fr-FR","@id":"https:\/\/www.bellunopress.it\/#\/schema\/logo\/image\/","url":"https:\/\/www.bellunopress.it\/wp-content\/uploads\/2011\/05\/cropped-logo-bellunopress-.jpg","contentUrl":"https:\/\/www.bellunopress.it\/wp-content\/uploads\/2011\/05\/cropped-logo-bellunopress-.jpg","width":512,"height":512,"caption":"Bellunopress"},"image":{"@id":"https:\/\/www.bellunopress.it\/#\/schema\/logo\/image\/"},"sameAs":["https:\/\/www.facebook.com\/profile.php?id=100008943462799","https:\/\/x.com\/bellunopress","https:\/\/www.linkedin.com\/hp\/?dnr=JBzUWaJfMUw8vbXJJ2tVW5-I3jZKvC4wsoxE&amp;amp;amp;amp;amp;amp;trk=nav_responsive_tab_home","https:\/\/www.youtube.com\/channel\/UCxL0wu1uN0_3_7hGG0306cw"]},{"@type":"Person","@id":"https:\/\/www.bellunopress.it\/#\/schema\/person\/79bb06722b37ece1c03d3e94beb30d73","name":"r\u00e9daction","image":{"@type":"ImageObject","inLanguage":"fr-FR","@id":"https:\/\/secure.gravatar.com\/avatar\/37d968a2e67a6fd04c169c4bdef102d0bc5d31b2546345219e348575eb80e9a0?s=96&d=mm&r=g","url":"https:\/\/secure.gravatar.com\/avatar\/37d968a2e67a6fd04c169c4bdef102d0bc5d31b2546345219e348575eb80e9a0?s=96&d=mm&r=g","contentUrl":"https:\/\/secure.gravatar.com\/avatar\/37d968a2e67a6fd04c169c4bdef102d0bc5d31b2546345219e348575eb80e9a0?s=96&d=mm&r=g","caption":"redazione"},"sameAs":["http:\/\/www.bellunopress.it","https:\/\/x.com\/bellunopress"],"url":"https:\/\/www.bellunopress.it\/fr\/author\/redazione\/"}]}},"_links":{"self":[{"href":"https:\/\/www.bellunopress.it\/fr\/wp-json\/wp\/v2\/posts\/137352","targetHints":{"allow":["GET"]}}],"collection":[{"href":"https:\/\/www.bellunopress.it\/fr\/wp-json\/wp\/v2\/posts"}],"about":[{"href":"https:\/\/www.bellunopress.it\/fr\/wp-json\/wp\/v2\/types\/post"}],"author":[{"embeddable":true,"href":"https:\/\/www.bellunopress.it\/fr\/wp-json\/wp\/v2\/users\/2"}],"replies":[{"embeddable":true,"href":"https:\/\/www.bellunopress.it\/fr\/wp-json\/wp\/v2\/comments?post=137352"}],"version-history":[{"count":1,"href":"https:\/\/www.bellunopress.it\/fr\/wp-json\/wp\/v2\/posts\/137352\/revisions"}],"predecessor-version":[{"id":137353,"href":"https:\/\/www.bellunopress.it\/fr\/wp-json\/wp\/v2\/posts\/137352\/revisions\/137353"}],"wp:featuredmedia":[{"embeddable":true,"href":"https:\/\/www.bellunopress.it\/fr\/wp-json\/wp\/v2\/media\/136745"}],"wp:attachment":[{"href":"https:\/\/www.bellunopress.it\/fr\/wp-json\/wp\/v2\/media?parent=137352"}],"wp:term":[{"taxonomy":"category","embeddable":true,"href":"https:\/\/www.bellunopress.it\/fr\/wp-json\/wp\/v2\/categories?post=137352"},{"taxonomy":"post_tag","embeddable":true,"href":"https:\/\/www.bellunopress.it\/fr\/wp-json\/wp\/v2\/tags?post=137352"}],"curies":[{"name":"wp","href":"https:\/\/api.w.org\/{rel}","templated":true}]}}