{"id":137348,"date":"2022-10-30T07:55:55","date_gmt":"2022-10-30T06:55:55","guid":{"rendered":"https:\/\/www.bellunopress.it\/?p=137348"},"modified":"2022-10-30T08:04:55","modified_gmt":"2022-10-30T07:04:55","slug":"interventi-di-soccorso-di-sabato-2","status":"publish","type":"post","link":"https:\/\/www.bellunopress.it\/fr\/2022\/10\/30\/interventi-di-soccorso-di-sabato-2\/","title":{"rendered":"Interventi di soccorso di sabato"},"content":{"rendered":"<p><img loading=\"lazy\" decoding=\"async\" class=\"alignleft size-full wp-image-135189\" src=\"https:\/\/www.bellunopress.it\/wp-content\/uploads\/2022\/07\/aiut-alpin-elicottero.jpg\" alt=\"\" width=\"442\" height=\"202\" \/>Belluno, 29 &#8211; 10 &#8211; 22\u00a0 L&#8217;elicottero dell&#8217;Aiut Alpin Dolomites di Bolzano \u00e8 intervenuto attorno alle 14.50, per un pilota di parapendio precipitato mentre scendeva dal Monte Piana e rimasto sospeso su una pianta. Il 49enne tedesco, illeso, \u00e8 stato recuperato e trasportato a valle. Lo stesso elicottero \u00e8 stato successivamente inviato all&#8217;uscita della Ferrata Lipella, in Tofana, dove una coppia di escursionisti, non attrezzati per l&#8217;alta quota, era rimasta bloccata dalla presenza di neve a 2.970 metri di quota. I due turisti sono stati individuati e recuperati. L&#8217;elicottero del Suem di Pieve di Cadore \u00e8 volato dietro le Marmarole, per un uomo che aveva riportato una sospetta lussazione alla spalla, non distante dal sentiero de Pra. L&#8217;infortunato \u00e8 stato issato a bordo con verricello e portato all&#8217;ospedale di Pieve di Cadore. Anche il compagno \u00e8 stato caricato a bordo e lasciato al Rifugio Ciareido.<\/p>\n<p>L&#8217;eliambulanza ha poi raggiunto una coppia incrodata su una placca di roccia, fuori sentiero, sotto il Bivacco Tiziano, territorio di Auronzo. Il tecnico di elisoccorso \u00e8 stato calato pi\u00f9 a monte e, dopo essere sceso ha assicurato i due, fermi in posizione precaria, per poi provvedere a verricellarli. L&#8217;uomo e la donna sono stati lasciati in zona San Marco. Sceso in autonomia il loro compagno. Una squadra del Soccorso alpino della Guardia di finanza \u00e8 infine stata inviata a Forcella Lavaredo, a seguito della segnalazione a un passante di un medico che si era imbattuto in 4 anziani affaticati e in difficolt\u00e0 a proseguire.<\/p>\n<p>Pieve d&#8217;Alpago (BL), 29 &#8211; 10 &#8211; 22 Attorno alle 13.20 la Centrale del 118 \u00e8 stata attivata per un escursionista scivolato mentre scendeva dal Col Nudo, lungo il sentiero numero 965, tra Casera Scalet Alto e Casera Scalet Basso. Il 70enne di Chies d&#8217;Alpago (BL), che aveva riportato un taglio sulla testa, \u00e8 stato subito assistito da persone sul posto, tra le quali due soccorritori della Stazione dell&#8217;Alpago e un infermiere. Accompagnato al di fuori della vegetazione, l&#8217;infortunato \u00e8 stato recuperato con un verricello dal tecnico di elisoccorso dell&#8217;elicottero del Suem di Pieve di Cadore, sbarcato in hovering nelle vicinanze assieme al medico, che gli aveva pestato le prime cure. L&#8217;uomo \u00e8 stato trasportato all&#8217;ospedale di Belluno.<\/p>\n<p>&nbsp;<\/p>","protected":false},"excerpt":{"rendered":"<p>Belluno, 29 &#8211; 10 &#8211; 22\u00a0 L&#8217;elicottero dell&#8217;Aiut Alpin Dolomites di Bolzano \u00e8 intervenuto attorno alle 14.50, per un pilota di parapendio precipitato mentre scendeva dal Monte Piana e rimasto sospeso su una pianta. Il 49enne tedesco, illeso, \u00e8 stato recuperato e trasportato a valle. Lo stesso elicottero \u00e8 stato successivamente inviato all&#8217;uscita della Ferrata [&hellip;]<\/p>\n","protected":false},"author":2,"featured_media":117362,"comment_status":"closed","ping_status":"open","sticky":false,"template":"","format":"standard","meta":{"footnotes":""},"categories":[5],"tags":[],"class_list":["post-137348","post","type-post","status-publish","format-standard","has-post-thumbnail","category-cronaca"],"yoast_head":"<!-- This site is optimized with the Yoast SEO plugin v28.4 - https:\/\/yoast.com\/product\/yoast-seo-wordpress\/ -->\n<title>Interventi di soccorso di sabato - Bellunopress - Dolomiti<\/title>\n<meta name=\"robots\" content=\"index, follow, max-snippet:-1, max-image-preview:large, max-video-preview:-1\" \/>\n<link rel=\"canonical\" href=\"https:\/\/www.bellunopress.it\/fr\/2022\/10\/30\/interventi-di-soccorso-di-sabato-2\/\" \/>\n<meta property=\"og:locale\" content=\"fr_FR\" \/>\n<meta property=\"og:type\" content=\"article\" \/>\n<meta property=\"og:title\" content=\"Interventi di soccorso di sabato - Bellunopress - Dolomiti\" \/>\n<meta property=\"og:description\" content=\"Belluno, 29 &#8211; 10 &#8211; 22\u00a0 L&#8217;elicottero dell&#8217;Aiut Alpin Dolomites di Bolzano \u00e8 intervenuto attorno alle 14.50, per un pilota di parapendio precipitato mentre scendeva dal Monte Piana e rimasto sospeso su una pianta. Il 49enne tedesco, illeso, \u00e8 stato recuperato e trasportato a valle. Lo stesso elicottero \u00e8 stato successivamente inviato all&#8217;uscita della Ferrata [&hellip;]\" \/>\n<meta property=\"og:url\" content=\"https:\/\/www.bellunopress.it\/fr\/2022\/10\/30\/interventi-di-soccorso-di-sabato-2\/\" \/>\n<meta property=\"og:site_name\" content=\"Bellunopress - Dolomiti\" \/>\n<meta property=\"article:publisher\" content=\"https:\/\/www.facebook.com\/profile.php?id=100008943462799\" \/>\n<meta property=\"article:published_time\" content=\"2022-10-30T06:55:55+00:00\" \/>\n<meta property=\"article:modified_time\" content=\"2022-10-30T07:04:55+00:00\" \/>\n<meta property=\"og:image\" content=\"https:\/\/www.bellunopress.it\/wp-content\/uploads\/2020\/09\/Aiut-Alpin_edited.jpg\" \/>\n\t<meta property=\"og:image:width\" content=\"800\" \/>\n\t<meta property=\"og:image:height\" content=\"497\" \/>\n\t<meta property=\"og:image:type\" content=\"image\/jpeg\" \/>\n<meta name=\"author\" content=\"redazione\" \/>\n<meta name=\"twitter:card\" content=\"summary_large_image\" \/>\n<meta name=\"twitter:creator\" content=\"@bellunopress\" \/>\n<meta name=\"twitter:site\" content=\"@bellunopress\" \/>\n<meta name=\"twitter:label1\" content=\"\u00c9crit par\" \/>\n\t<meta name=\"twitter:data1\" content=\"redazione\" \/>\n\t<meta name=\"twitter:label2\" content=\"Dur\u00e9e de lecture estim\u00e9e\" \/>\n\t<meta name=\"twitter:data2\" content=\"3 minutes\" \/>\n<script type=\"application\/ld+json\" class=\"yoast-schema-graph\">{\"@context\":\"https:\\\/\\\/schema.org\",\"@graph\":[{\"@type\":\"Article\",\"@id\":\"https:\\\/\\\/www.bellunopress.it\\\/2022\\\/10\\\/30\\\/interventi-di-soccorso-di-sabato-2\\\/#article\",\"isPartOf\":{\"@id\":\"https:\\\/\\\/www.bellunopress.it\\\/2022\\\/10\\\/30\\\/interventi-di-soccorso-di-sabato-2\\\/\"},\"author\":{\"name\":\"redazione\",\"@id\":\"https:\\\/\\\/www.bellunopress.it\\\/#\\\/schema\\\/person\\\/79bb06722b37ece1c03d3e94beb30d73\"},\"headline\":\"Interventi di soccorso di sabato\",\"datePublished\":\"2022-10-30T06:55:55+00:00\",\"dateModified\":\"2022-10-30T07:04:55+00:00\",\"mainEntityOfPage\":{\"@id\":\"https:\\\/\\\/www.bellunopress.it\\\/2022\\\/10\\\/30\\\/interventi-di-soccorso-di-sabato-2\\\/\"},\"wordCount\":365,\"publisher\":{\"@id\":\"https:\\\/\\\/www.bellunopress.it\\\/#organization\"},\"image\":{\"@id\":\"https:\\\/\\\/www.bellunopress.it\\\/2022\\\/10\\\/30\\\/interventi-di-soccorso-di-sabato-2\\\/#primaryimage\"},\"thumbnailUrl\":\"https:\\\/\\\/www.bellunopress.it\\\/wp-content\\\/uploads\\\/2020\\\/09\\\/Aiut-Alpin_edited.jpg\",\"articleSection\":[\"Cronaca\\\/Politica\"],\"inLanguage\":\"fr-FR\"},{\"@type\":\"WebPage\",\"@id\":\"https:\\\/\\\/www.bellunopress.it\\\/2022\\\/10\\\/30\\\/interventi-di-soccorso-di-sabato-2\\\/\",\"url\":\"https:\\\/\\\/www.bellunopress.it\\\/2022\\\/10\\\/30\\\/interventi-di-soccorso-di-sabato-2\\\/\",\"name\":\"Interventi di soccorso di sabato - Bellunopress - Dolomiti\",\"isPartOf\":{\"@id\":\"https:\\\/\\\/www.bellunopress.it\\\/#website\"},\"primaryImageOfPage\":{\"@id\":\"https:\\\/\\\/www.bellunopress.it\\\/2022\\\/10\\\/30\\\/interventi-di-soccorso-di-sabato-2\\\/#primaryimage\"},\"image\":{\"@id\":\"https:\\\/\\\/www.bellunopress.it\\\/2022\\\/10\\\/30\\\/interventi-di-soccorso-di-sabato-2\\\/#primaryimage\"},\"thumbnailUrl\":\"https:\\\/\\\/www.bellunopress.it\\\/wp-content\\\/uploads\\\/2020\\\/09\\\/Aiut-Alpin_edited.jpg\",\"datePublished\":\"2022-10-30T06:55:55+00:00\",\"dateModified\":\"2022-10-30T07:04:55+00:00\",\"breadcrumb\":{\"@id\":\"https:\\\/\\\/www.bellunopress.it\\\/2022\\\/10\\\/30\\\/interventi-di-soccorso-di-sabato-2\\\/#breadcrumb\"},\"inLanguage\":\"fr-FR\",\"potentialAction\":[{\"@type\":\"ReadAction\",\"target\":[\"https:\\\/\\\/www.bellunopress.it\\\/2022\\\/10\\\/30\\\/interventi-di-soccorso-di-sabato-2\\\/\"]}]},{\"@type\":\"ImageObject\",\"inLanguage\":\"fr-FR\",\"@id\":\"https:\\\/\\\/www.bellunopress.it\\\/2022\\\/10\\\/30\\\/interventi-di-soccorso-di-sabato-2\\\/#primaryimage\",\"url\":\"https:\\\/\\\/www.bellunopress.it\\\/wp-content\\\/uploads\\\/2020\\\/09\\\/Aiut-Alpin_edited.jpg\",\"contentUrl\":\"https:\\\/\\\/www.bellunopress.it\\\/wp-content\\\/uploads\\\/2020\\\/09\\\/Aiut-Alpin_edited.jpg\",\"width\":800,\"height\":497},{\"@type\":\"BreadcrumbList\",\"@id\":\"https:\\\/\\\/www.bellunopress.it\\\/2022\\\/10\\\/30\\\/interventi-di-soccorso-di-sabato-2\\\/#breadcrumb\",\"itemListElement\":[{\"@type\":\"ListItem\",\"position\":1,\"name\":\"Home\",\"item\":\"https:\\\/\\\/www.bellunopress.it\\\/\"},{\"@type\":\"ListItem\",\"position\":2,\"name\":\"Interventi di soccorso di sabato\"}]},{\"@type\":\"WebSite\",\"@id\":\"https:\\\/\\\/www.bellunopress.it\\\/#website\",\"url\":\"https:\\\/\\\/www.bellunopress.it\\\/\",\"name\":\"Bellunopress - Dolomiti\",\"description\":\"e-mail: redazione@bellunopress.it\",\"publisher\":{\"@id\":\"https:\\\/\\\/www.bellunopress.it\\\/#organization\"},\"potentialAction\":[{\"@type\":\"SearchAction\",\"target\":{\"@type\":\"EntryPoint\",\"urlTemplate\":\"https:\\\/\\\/www.bellunopress.it\\\/?s={search_term_string}\"},\"query-input\":{\"@type\":\"PropertyValueSpecification\",\"valueRequired\":true,\"valueName\":\"search_term_string\"}}],\"inLanguage\":\"fr-FR\"},{\"@type\":\"Organization\",\"@id\":\"https:\\\/\\\/www.bellunopress.it\\\/#organization\",\"name\":\"Bellunopress\",\"url\":\"https:\\\/\\\/www.bellunopress.it\\\/\",\"logo\":{\"@type\":\"ImageObject\",\"inLanguage\":\"fr-FR\",\"@id\":\"https:\\\/\\\/www.bellunopress.it\\\/#\\\/schema\\\/logo\\\/image\\\/\",\"url\":\"https:\\\/\\\/www.bellunopress.it\\\/wp-content\\\/uploads\\\/2011\\\/05\\\/cropped-logo-bellunopress-.jpg\",\"contentUrl\":\"https:\\\/\\\/www.bellunopress.it\\\/wp-content\\\/uploads\\\/2011\\\/05\\\/cropped-logo-bellunopress-.jpg\",\"width\":512,\"height\":512,\"caption\":\"Bellunopress\"},\"image\":{\"@id\":\"https:\\\/\\\/www.bellunopress.it\\\/#\\\/schema\\\/logo\\\/image\\\/\"},\"sameAs\":[\"https:\\\/\\\/www.facebook.com\\\/profile.php?id=100008943462799\",\"https:\\\/\\\/x.com\\\/bellunopress\",\"https:\\\/\\\/www.linkedin.com\\\/hp\\\/?dnr=JBzUWaJfMUw8vbXJJ2tVW5-I3jZKvC4wsoxE&amp;amp;amp;amp;amp;amp;trk=nav_responsive_tab_home\",\"https:\\\/\\\/www.youtube.com\\\/channel\\\/UCxL0wu1uN0_3_7hGG0306cw\"]},{\"@type\":\"Person\",\"@id\":\"https:\\\/\\\/www.bellunopress.it\\\/#\\\/schema\\\/person\\\/79bb06722b37ece1c03d3e94beb30d73\",\"name\":\"redazione\",\"image\":{\"@type\":\"ImageObject\",\"inLanguage\":\"fr-FR\",\"@id\":\"https:\\\/\\\/secure.gravatar.com\\\/avatar\\\/37d968a2e67a6fd04c169c4bdef102d0bc5d31b2546345219e348575eb80e9a0?s=96&d=mm&r=g\",\"url\":\"https:\\\/\\\/secure.gravatar.com\\\/avatar\\\/37d968a2e67a6fd04c169c4bdef102d0bc5d31b2546345219e348575eb80e9a0?s=96&d=mm&r=g\",\"contentUrl\":\"https:\\\/\\\/secure.gravatar.com\\\/avatar\\\/37d968a2e67a6fd04c169c4bdef102d0bc5d31b2546345219e348575eb80e9a0?s=96&d=mm&r=g\",\"caption\":\"redazione\"},\"sameAs\":[\"http:\\\/\\\/www.bellunopress.it\",\"https:\\\/\\\/x.com\\\/bellunopress\"],\"url\":\"https:\\\/\\\/www.bellunopress.it\\\/fr\\\/author\\\/redazione\\\/\"}]}<\/script>\n<!-- \/ Yoast SEO plugin. -->","yoast_head_json":{"title":"Interventi di soccorso di sabato - Bellunopress - Dolomiti","robots":{"index":"index","follow":"follow","max-snippet":"max-snippet:-1","max-image-preview":"max-image-preview:large","max-video-preview":"max-video-preview:-1"},"canonical":"https:\/\/www.bellunopress.it\/fr\/2022\/10\/30\/interventi-di-soccorso-di-sabato-2\/","og_locale":"fr_FR","og_type":"article","og_title":"Interventi di soccorso di sabato - Bellunopress - Dolomiti","og_description":"Belluno, 29 &#8211; 10 &#8211; 22\u00a0 L&#8217;elicottero dell&#8217;Aiut Alpin Dolomites di Bolzano \u00e8 intervenuto attorno alle 14.50, per un pilota di parapendio precipitato mentre scendeva dal Monte Piana e rimasto sospeso su una pianta. Il 49enne tedesco, illeso, \u00e8 stato recuperato e trasportato a valle. Lo stesso elicottero \u00e8 stato successivamente inviato all&#8217;uscita della Ferrata [&hellip;]","og_url":"https:\/\/www.bellunopress.it\/fr\/2022\/10\/30\/interventi-di-soccorso-di-sabato-2\/","og_site_name":"Bellunopress - Dolomiti","article_publisher":"https:\/\/www.facebook.com\/profile.php?id=100008943462799","article_published_time":"2022-10-30T06:55:55+00:00","article_modified_time":"2022-10-30T07:04:55+00:00","og_image":[{"width":800,"height":497,"url":"https:\/\/www.bellunopress.it\/wp-content\/uploads\/2020\/09\/Aiut-Alpin_edited.jpg","type":"image\/jpeg"}],"author":"redazione","twitter_card":"summary_large_image","twitter_creator":"@bellunopress","twitter_site":"@bellunopress","twitter_misc":{"\u00c9crit par":"redazione","Dur\u00e9e de lecture estim\u00e9e":"3 minutes"},"schema":{"@context":"https:\/\/schema.org","@graph":[{"@type":"Article","@id":"https:\/\/www.bellunopress.it\/2022\/10\/30\/interventi-di-soccorso-di-sabato-2\/#article","isPartOf":{"@id":"https:\/\/www.bellunopress.it\/2022\/10\/30\/interventi-di-soccorso-di-sabato-2\/"},"author":{"name":"redazione","@id":"https:\/\/www.bellunopress.it\/#\/schema\/person\/79bb06722b37ece1c03d3e94beb30d73"},"headline":"Interventi di soccorso di sabato","datePublished":"2022-10-30T06:55:55+00:00","dateModified":"2022-10-30T07:04:55+00:00","mainEntityOfPage":{"@id":"https:\/\/www.bellunopress.it\/2022\/10\/30\/interventi-di-soccorso-di-sabato-2\/"},"wordCount":365,"publisher":{"@id":"https:\/\/www.bellunopress.it\/#organization"},"image":{"@id":"https:\/\/www.bellunopress.it\/2022\/10\/30\/interventi-di-soccorso-di-sabato-2\/#primaryimage"},"thumbnailUrl":"https:\/\/www.bellunopress.it\/wp-content\/uploads\/2020\/09\/Aiut-Alpin_edited.jpg","articleSection":["Cronaca\/Politica"],"inLanguage":"fr-FR"},{"@type":"WebPage","@id":"https:\/\/www.bellunopress.it\/2022\/10\/30\/interventi-di-soccorso-di-sabato-2\/","url":"https:\/\/www.bellunopress.it\/2022\/10\/30\/interventi-di-soccorso-di-sabato-2\/","name":"Interventi di soccorso di sabato - Bellunopress - Dolomiti","isPartOf":{"@id":"https:\/\/www.bellunopress.it\/#website"},"primaryImageOfPage":{"@id":"https:\/\/www.bellunopress.it\/2022\/10\/30\/interventi-di-soccorso-di-sabato-2\/#primaryimage"},"image":{"@id":"https:\/\/www.bellunopress.it\/2022\/10\/30\/interventi-di-soccorso-di-sabato-2\/#primaryimage"},"thumbnailUrl":"https:\/\/www.bellunopress.it\/wp-content\/uploads\/2020\/09\/Aiut-Alpin_edited.jpg","datePublished":"2022-10-30T06:55:55+00:00","dateModified":"2022-10-30T07:04:55+00:00","breadcrumb":{"@id":"https:\/\/www.bellunopress.it\/2022\/10\/30\/interventi-di-soccorso-di-sabato-2\/#breadcrumb"},"inLanguage":"fr-FR","potentialAction":[{"@type":"ReadAction","target":["https:\/\/www.bellunopress.it\/2022\/10\/30\/interventi-di-soccorso-di-sabato-2\/"]}]},{"@type":"ImageObject","inLanguage":"fr-FR","@id":"https:\/\/www.bellunopress.it\/2022\/10\/30\/interventi-di-soccorso-di-sabato-2\/#primaryimage","url":"https:\/\/www.bellunopress.it\/wp-content\/uploads\/2020\/09\/Aiut-Alpin_edited.jpg","contentUrl":"https:\/\/www.bellunopress.it\/wp-content\/uploads\/2020\/09\/Aiut-Alpin_edited.jpg","width":800,"height":497},{"@type":"BreadcrumbList","@id":"https:\/\/www.bellunopress.it\/2022\/10\/30\/interventi-di-soccorso-di-sabato-2\/#breadcrumb","itemListElement":[{"@type":"ListItem","position":1,"name":"Home","item":"https:\/\/www.bellunopress.it\/"},{"@type":"ListItem","position":2,"name":"Interventi di soccorso di sabato"}]},{"@type":"WebSite","@id":"https:\/\/www.bellunopress.it\/#website","url":"https:\/\/www.bellunopress.it\/","name":"Bellunopress - Dolomiti","description":"e-mail: redazione@bellunopress.it","publisher":{"@id":"https:\/\/www.bellunopress.it\/#organization"},"potentialAction":[{"@type":"SearchAction","target":{"@type":"EntryPoint","urlTemplate":"https:\/\/www.bellunopress.it\/?s={search_term_string}"},"query-input":{"@type":"PropertyValueSpecification","valueRequired":true,"valueName":"search_term_string"}}],"inLanguage":"fr-FR"},{"@type":"Organization","@id":"https:\/\/www.bellunopress.it\/#organization","name":"Bellunopress","url":"https:\/\/www.bellunopress.it\/","logo":{"@type":"ImageObject","inLanguage":"fr-FR","@id":"https:\/\/www.bellunopress.it\/#\/schema\/logo\/image\/","url":"https:\/\/www.bellunopress.it\/wp-content\/uploads\/2011\/05\/cropped-logo-bellunopress-.jpg","contentUrl":"https:\/\/www.bellunopress.it\/wp-content\/uploads\/2011\/05\/cropped-logo-bellunopress-.jpg","width":512,"height":512,"caption":"Bellunopress"},"image":{"@id":"https:\/\/www.bellunopress.it\/#\/schema\/logo\/image\/"},"sameAs":["https:\/\/www.facebook.com\/profile.php?id=100008943462799","https:\/\/x.com\/bellunopress","https:\/\/www.linkedin.com\/hp\/?dnr=JBzUWaJfMUw8vbXJJ2tVW5-I3jZKvC4wsoxE&amp;amp;amp;amp;amp;amp;trk=nav_responsive_tab_home","https:\/\/www.youtube.com\/channel\/UCxL0wu1uN0_3_7hGG0306cw"]},{"@type":"Person","@id":"https:\/\/www.bellunopress.it\/#\/schema\/person\/79bb06722b37ece1c03d3e94beb30d73","name":"r\u00e9daction","image":{"@type":"ImageObject","inLanguage":"fr-FR","@id":"https:\/\/secure.gravatar.com\/avatar\/37d968a2e67a6fd04c169c4bdef102d0bc5d31b2546345219e348575eb80e9a0?s=96&d=mm&r=g","url":"https:\/\/secure.gravatar.com\/avatar\/37d968a2e67a6fd04c169c4bdef102d0bc5d31b2546345219e348575eb80e9a0?s=96&d=mm&r=g","contentUrl":"https:\/\/secure.gravatar.com\/avatar\/37d968a2e67a6fd04c169c4bdef102d0bc5d31b2546345219e348575eb80e9a0?s=96&d=mm&r=g","caption":"redazione"},"sameAs":["http:\/\/www.bellunopress.it","https:\/\/x.com\/bellunopress"],"url":"https:\/\/www.bellunopress.it\/fr\/author\/redazione\/"}]}},"_links":{"self":[{"href":"https:\/\/www.bellunopress.it\/fr\/wp-json\/wp\/v2\/posts\/137348","targetHints":{"allow":["GET"]}}],"collection":[{"href":"https:\/\/www.bellunopress.it\/fr\/wp-json\/wp\/v2\/posts"}],"about":[{"href":"https:\/\/www.bellunopress.it\/fr\/wp-json\/wp\/v2\/types\/post"}],"author":[{"embeddable":true,"href":"https:\/\/www.bellunopress.it\/fr\/wp-json\/wp\/v2\/users\/2"}],"replies":[{"embeddable":true,"href":"https:\/\/www.bellunopress.it\/fr\/wp-json\/wp\/v2\/comments?post=137348"}],"version-history":[{"count":2,"href":"https:\/\/www.bellunopress.it\/fr\/wp-json\/wp\/v2\/posts\/137348\/revisions"}],"predecessor-version":[{"id":137354,"href":"https:\/\/www.bellunopress.it\/fr\/wp-json\/wp\/v2\/posts\/137348\/revisions\/137354"}],"wp:featuredmedia":[{"embeddable":true,"href":"https:\/\/www.bellunopress.it\/fr\/wp-json\/wp\/v2\/media\/117362"}],"wp:attachment":[{"href":"https:\/\/www.bellunopress.it\/fr\/wp-json\/wp\/v2\/media?parent=137348"}],"wp:term":[{"taxonomy":"category","embeddable":true,"href":"https:\/\/www.bellunopress.it\/fr\/wp-json\/wp\/v2\/categories?post=137348"},{"taxonomy":"post_tag","embeddable":true,"href":"https:\/\/www.bellunopress.it\/fr\/wp-json\/wp\/v2\/tags?post=137348"}],"curies":[{"name":"wp","href":"https:\/\/api.w.org\/{rel}","templated":true}]}}