{"id":137345,"date":"2022-10-29T18:11:19","date_gmt":"2022-10-29T16:11:19","guid":{"rendered":"https:\/\/www.bellunopress.it\/?p=137345"},"modified":"2022-10-29T18:11:19","modified_gmt":"2022-10-29T16:11:19","slug":"soccorso-alpino-un-riconoscimento-per-oltre-40-anni-di-attivita-a-gianni-sitta-e-claudio-scardanzan","status":"publish","type":"post","link":"https:\/\/www.bellunopress.it\/fr\/2022\/10\/29\/soccorso-alpino-un-riconoscimento-per-oltre-40-anni-di-attivita-a-gianni-sitta-e-claudio-scardanzan\/","title":{"rendered":"Soccorso Alpino. Un riconoscimento per oltre 40 anni di attivit\u00e0 a Gianni Sitta e Claudio Scardanzan"},"content":{"rendered":"<p><img loading=\"lazy\" decoding=\"async\" class=\"alignleft size-full wp-image-137346\" src=\"https:\/\/www.bellunopress.it\/wp-content\/uploads\/2022\/10\/gianni-sitta-claudio-scardanzan-40-anni-soccorso-alpino_edited.jpg\" alt=\"\" width=\"1000\" height=\"879\" srcset=\"https:\/\/www.bellunopress.it\/wp-content\/uploads\/2022\/10\/gianni-sitta-claudio-scardanzan-40-anni-soccorso-alpino_edited.jpg 1000w, https:\/\/www.bellunopress.it\/wp-content\/uploads\/2022\/10\/gianni-sitta-claudio-scardanzan-40-anni-soccorso-alpino_edited-500x440.jpg 500w, https:\/\/www.bellunopress.it\/wp-content\/uploads\/2022\/10\/gianni-sitta-claudio-scardanzan-40-anni-soccorso-alpino_edited-696x612.jpg 696w, https:\/\/www.bellunopress.it\/wp-content\/uploads\/2022\/10\/gianni-sitta-claudio-scardanzan-40-anni-soccorso-alpino_edited-478x420.jpg 478w\" sizes=\"auto, (max-width: 1000px) 100vw, 1000px\" \/>Belluno, 29 &#8211; 10 &#8211; 2022\u00a0 Sono stati consegnati oggi pomeriggio, in una sentita cerimonia in Sala consiliare, gli attestati di riconoscimento per oltre 40 anni di attivit\u00e0 all&#8217;interno del Soccorso alpino di Belluno a Gianni Sitta e Claudio Scardanzan.<\/p>\n<p>Alla presenza del sindaco di Belluno, Oscar De Pellegrin, del consigliere nazionale del Cnsas Fabio Rufus Bristot, del Delegato Alex Barattin e del capo della Stazione di Belluno Gianpaolo Sani, ai due storici soccorritori sono stati consegnati gli attestati di stima e profondo ringraziamento, di fronte ai numerosi volontari, alle famiglie e ai rappresentanti dell&#8217;amministrazione comunale.<\/p>\n<p>Queste le parole del sindaco De Pellegrin: &#8220;Sono felice e orgoglioso di questa cerimonia organizzata dal Soccorso Alpino proprio qui in Comune, in quella che io chiamo la casa dei bellunesi. E lo sono per due motivi. Innanzitutto perch\u00e9 il Corpo nazionale del Soccorso alpino \u00e8 una realt\u00e0 che ci rende estremamente fieri, che incarna lo spirito bellunese dell&#8217;aiuto silenzioso agli altri, quell&#8217;aiuto concreto fatto senza clamori n\u00e9 volont\u00e0 di visibilit\u00e0.<\/p>\n<p>I volontari sono gente davvero tosta, preparata fisicamente, consapevole di potersi trovare nella situazione di mettere a repentaglio la propria vita pur di salvare quella di altri. Io credo sia quanto di pi\u00f9 grande possa fare un uomo. Cosa c&#8217;\u00e8 di pi\u00f9 di questo?<\/p>\n<p>Non li si ringrazia mai abbastanza, questi volontari che spendono il loro tempo per gli altri, che magari rinunciano a stare in famiglia per rispondere alle chiamate di soccorso.<\/p>\n<p>E poi sono felice perch\u00e9 l&#8217;occasione di questo ritrovo \u00e8 il lavoro prestato da due volontari che sono stati dipendenti del nostro Comune. Una vita votata alla comunit\u00e0, quella di Scardanzan e di Sitta, tanto nel lavoro quanto nel tempo libero. Per 45 e 43 anni hanno risposto &#8220;s\u00ec&#8221; quando venivano chiamati per gli interventi, hanno salvato vite e io credo che in questo loro operato abbiano rinunciato a molto tempo con i propri cari ma abbiano anche ricevuto tanto in cambio.<\/p>\n<p>Martin Luther King diceva che la domanda pi\u00f9 urgente della vita \u00e8 &#8220;Cosa stai facendo per gli altri?&#8221;. Chiediamocelo sempre, e cerchiamo di lavorare perch\u00e9 la nostra risposta sia sempre positiva, cos\u00ec come hanno fatto i nostri due volontari&#8221;.<\/p>\n<p>&#8220;La passione verificata in 45 anni di appartenenza alla Stazione del Cnsas di Belluno per Caio e di 43 per Gianni fa di questi due volontari persone senza dubbio carismatiche, modelli che hanno saputo usare l&#8217;influenza e l&#8217;esempio, a cui prima facevo cenno, per arrivare sino a qua. Grazie a Caio e Gianni per quanto avete fatto a favore delle nostre comunit\u00e0 e del Cnsas tutto, grazie perch\u00e9 siete stati autenticamente il Cnsas&#8221;, le parole di Fabio Rufus Bristot.<\/p>\n<p><strong>Di seguito i testi degli attestati consegnati assieme al Certificato di iscrizione a Claudio e Gianni.<\/strong><\/p>\n<p>A Claudio &#8220;Caio&#8221; Scardanzan,<\/p>\n<p>per i tuoi 45 anni di appartenenza al Corpo Nazionale Soccorso Alpino e Speleologico \u2013 Stazione di Belluno, nel corso dei quali hai offerto la tua preziosa collaborazione volta a garantire sia decine di missioni di soccorso a favore di altrettanti feriti, pericolanti e persone decedute nel territorio di competenza, sia centinaia di azioni espressamente dedicate alla ricerca di persone disperse, svolgendo in particolare attivit\u00e0 di coordinamento in 316 missioni di soccorso nel territorio provinciale ed extra provinciale, attuando con minuziosa ed appassionata dedizione lo sviluppo di software e sistemi cartografici di caratura nazionale precipuamente indirizzati alla ricerca e soccorso delle persone disperse.<\/p>\n<p>A Giovanni &#8220;Gianni&#8221; Sitta,<\/p>\n<p>per i tuoi 43 anni di appartenenza al Corpo Nazionale Soccorso Alpino e Speleologico \u2013 Stazione di Belluno, nel corso dei quali hai offerto la tua preziosa collaborazione volta a garantire sia svariate decine di missioni di soccorso a favore di altrettanti feriti, pericolanti e persone decedute nel territorio di competenza, sia centinaia di interventi nel territorio provinciale ed extra provinciale quale Tecnico di elisoccorso nel servizio di elisoccorso del SUEM 118, durante i quali hai anche svolto una significativa attivit\u00e0 di formazione e certificazione del personale sanitario e del personale del CNSAS.<\/p>","protected":false},"excerpt":{"rendered":"<p>Belluno, 29 &#8211; 10 &#8211; 2022\u00a0 Sono stati consegnati oggi pomeriggio, in una sentita cerimonia in Sala consiliare, gli attestati di riconoscimento per oltre 40 anni di attivit\u00e0 all&#8217;interno del Soccorso alpino di Belluno a Gianni Sitta e Claudio Scardanzan. Alla presenza del sindaco di Belluno, Oscar De Pellegrin, del consigliere nazionale del Cnsas Fabio [&hellip;]<\/p>\n","protected":false},"author":2,"featured_media":137346,"comment_status":"closed","ping_status":"open","sticky":false,"template":"","format":"standard","meta":{"footnotes":""},"categories":[26,8],"tags":[],"class_list":["post-137345","post","type-post","status-publish","format-standard","has-post-thumbnail","category-prima-pagina","category-societa-istituzioni"],"yoast_head":"<!-- This site is optimized with the Yoast SEO plugin v28.4 - https:\/\/yoast.com\/product\/yoast-seo-wordpress\/ -->\n<title>Soccorso Alpino. Un riconoscimento per oltre 40 anni di attivit\u00e0 a Gianni Sitta e Claudio Scardanzan - Bellunopress - Dolomiti<\/title>\n<meta name=\"robots\" content=\"index, follow, max-snippet:-1, max-image-preview:large, max-video-preview:-1\" \/>\n<link rel=\"canonical\" href=\"https:\/\/www.bellunopress.it\/fr\/2022\/10\/29\/soccorso-alpino-un-riconoscimento-per-oltre-40-anni-di-attivita-a-gianni-sitta-e-claudio-scardanzan\/\" \/>\n<meta property=\"og:locale\" content=\"fr_FR\" \/>\n<meta property=\"og:type\" content=\"article\" \/>\n<meta property=\"og:title\" content=\"Soccorso Alpino. Un riconoscimento per oltre 40 anni di attivit\u00e0 a Gianni Sitta e Claudio Scardanzan - Bellunopress - Dolomiti\" \/>\n<meta property=\"og:description\" content=\"Belluno, 29 &#8211; 10 &#8211; 2022\u00a0 Sono stati consegnati oggi pomeriggio, in una sentita cerimonia in Sala consiliare, gli attestati di riconoscimento per oltre 40 anni di attivit\u00e0 all&#8217;interno del Soccorso alpino di Belluno a Gianni Sitta e Claudio Scardanzan. Alla presenza del sindaco di Belluno, Oscar De Pellegrin, del consigliere nazionale del Cnsas Fabio [&hellip;]\" \/>\n<meta property=\"og:url\" content=\"https:\/\/www.bellunopress.it\/fr\/2022\/10\/29\/soccorso-alpino-un-riconoscimento-per-oltre-40-anni-di-attivita-a-gianni-sitta-e-claudio-scardanzan\/\" \/>\n<meta property=\"og:site_name\" content=\"Bellunopress - Dolomiti\" \/>\n<meta property=\"article:publisher\" content=\"https:\/\/www.facebook.com\/profile.php?id=100008943462799\" \/>\n<meta property=\"article:published_time\" content=\"2022-10-29T16:11:19+00:00\" \/>\n<meta property=\"og:image\" content=\"https:\/\/www.bellunopress.it\/wp-content\/uploads\/2022\/10\/gianni-sitta-claudio-scardanzan-40-anni-soccorso-alpino_edited.jpg\" \/>\n\t<meta property=\"og:image:width\" content=\"1000\" \/>\n\t<meta property=\"og:image:height\" content=\"879\" \/>\n\t<meta property=\"og:image:type\" content=\"image\/jpeg\" \/>\n<meta name=\"author\" content=\"redazione\" \/>\n<meta name=\"twitter:card\" content=\"summary_large_image\" \/>\n<meta name=\"twitter:creator\" content=\"@bellunopress\" \/>\n<meta name=\"twitter:site\" content=\"@bellunopress\" \/>\n<meta name=\"twitter:label1\" content=\"Written by\" \/>\n\t<meta name=\"twitter:data1\" content=\"redazione\" \/>\n\t<meta name=\"twitter:label2\" content=\"Est. reading time\" \/>\n\t<meta name=\"twitter:data2\" content=\"4 minutes\" \/>\n<script type=\"application\/ld+json\" class=\"yoast-schema-graph\">{\"@context\":\"https:\\\/\\\/schema.org\",\"@graph\":[{\"@type\":\"Article\",\"@id\":\"https:\\\/\\\/www.bellunopress.it\\\/2022\\\/10\\\/29\\\/soccorso-alpino-un-riconoscimento-per-oltre-40-anni-di-attivita-a-gianni-sitta-e-claudio-scardanzan\\\/#article\",\"isPartOf\":{\"@id\":\"https:\\\/\\\/www.bellunopress.it\\\/2022\\\/10\\\/29\\\/soccorso-alpino-un-riconoscimento-per-oltre-40-anni-di-attivita-a-gianni-sitta-e-claudio-scardanzan\\\/\"},\"author\":{\"name\":\"redazione\",\"@id\":\"https:\\\/\\\/www.bellunopress.it\\\/#\\\/schema\\\/person\\\/79bb06722b37ece1c03d3e94beb30d73\"},\"headline\":\"Soccorso Alpino. Un riconoscimento per oltre 40 anni di attivit\u00e0 a Gianni Sitta e Claudio Scardanzan\",\"datePublished\":\"2022-10-29T16:11:19+00:00\",\"mainEntityOfPage\":{\"@id\":\"https:\\\/\\\/www.bellunopress.it\\\/2022\\\/10\\\/29\\\/soccorso-alpino-un-riconoscimento-per-oltre-40-anni-di-attivita-a-gianni-sitta-e-claudio-scardanzan\\\/\"},\"wordCount\":665,\"publisher\":{\"@id\":\"https:\\\/\\\/www.bellunopress.it\\\/#organization\"},\"image\":{\"@id\":\"https:\\\/\\\/www.bellunopress.it\\\/2022\\\/10\\\/29\\\/soccorso-alpino-un-riconoscimento-per-oltre-40-anni-di-attivita-a-gianni-sitta-e-claudio-scardanzan\\\/#primaryimage\"},\"thumbnailUrl\":\"https:\\\/\\\/www.bellunopress.it\\\/wp-content\\\/uploads\\\/2022\\\/10\\\/gianni-sitta-claudio-scardanzan-40-anni-soccorso-alpino_edited.jpg\",\"articleSection\":[\"Prima Pagina\",\"Societ\u00e0, Associazioni, Istituzioni\"],\"inLanguage\":\"fr-FR\"},{\"@type\":\"WebPage\",\"@id\":\"https:\\\/\\\/www.bellunopress.it\\\/2022\\\/10\\\/29\\\/soccorso-alpino-un-riconoscimento-per-oltre-40-anni-di-attivita-a-gianni-sitta-e-claudio-scardanzan\\\/\",\"url\":\"https:\\\/\\\/www.bellunopress.it\\\/2022\\\/10\\\/29\\\/soccorso-alpino-un-riconoscimento-per-oltre-40-anni-di-attivita-a-gianni-sitta-e-claudio-scardanzan\\\/\",\"name\":\"Soccorso Alpino. Un riconoscimento per oltre 40 anni di attivit\u00e0 a Gianni Sitta e Claudio Scardanzan - Bellunopress - Dolomiti\",\"isPartOf\":{\"@id\":\"https:\\\/\\\/www.bellunopress.it\\\/#website\"},\"primaryImageOfPage\":{\"@id\":\"https:\\\/\\\/www.bellunopress.it\\\/2022\\\/10\\\/29\\\/soccorso-alpino-un-riconoscimento-per-oltre-40-anni-di-attivita-a-gianni-sitta-e-claudio-scardanzan\\\/#primaryimage\"},\"image\":{\"@id\":\"https:\\\/\\\/www.bellunopress.it\\\/2022\\\/10\\\/29\\\/soccorso-alpino-un-riconoscimento-per-oltre-40-anni-di-attivita-a-gianni-sitta-e-claudio-scardanzan\\\/#primaryimage\"},\"thumbnailUrl\":\"https:\\\/\\\/www.bellunopress.it\\\/wp-content\\\/uploads\\\/2022\\\/10\\\/gianni-sitta-claudio-scardanzan-40-anni-soccorso-alpino_edited.jpg\",\"datePublished\":\"2022-10-29T16:11:19+00:00\",\"breadcrumb\":{\"@id\":\"https:\\\/\\\/www.bellunopress.it\\\/2022\\\/10\\\/29\\\/soccorso-alpino-un-riconoscimento-per-oltre-40-anni-di-attivita-a-gianni-sitta-e-claudio-scardanzan\\\/#breadcrumb\"},\"inLanguage\":\"fr-FR\",\"potentialAction\":[{\"@type\":\"ReadAction\",\"target\":[\"https:\\\/\\\/www.bellunopress.it\\\/2022\\\/10\\\/29\\\/soccorso-alpino-un-riconoscimento-per-oltre-40-anni-di-attivita-a-gianni-sitta-e-claudio-scardanzan\\\/\"]}]},{\"@type\":\"ImageObject\",\"inLanguage\":\"fr-FR\",\"@id\":\"https:\\\/\\\/www.bellunopress.it\\\/2022\\\/10\\\/29\\\/soccorso-alpino-un-riconoscimento-per-oltre-40-anni-di-attivita-a-gianni-sitta-e-claudio-scardanzan\\\/#primaryimage\",\"url\":\"https:\\\/\\\/www.bellunopress.it\\\/wp-content\\\/uploads\\\/2022\\\/10\\\/gianni-sitta-claudio-scardanzan-40-anni-soccorso-alpino_edited.jpg\",\"contentUrl\":\"https:\\\/\\\/www.bellunopress.it\\\/wp-content\\\/uploads\\\/2022\\\/10\\\/gianni-sitta-claudio-scardanzan-40-anni-soccorso-alpino_edited.jpg\",\"width\":1000,\"height\":879},{\"@type\":\"BreadcrumbList\",\"@id\":\"https:\\\/\\\/www.bellunopress.it\\\/2022\\\/10\\\/29\\\/soccorso-alpino-un-riconoscimento-per-oltre-40-anni-di-attivita-a-gianni-sitta-e-claudio-scardanzan\\\/#breadcrumb\",\"itemListElement\":[{\"@type\":\"ListItem\",\"position\":1,\"name\":\"Home\",\"item\":\"https:\\\/\\\/www.bellunopress.it\\\/\"},{\"@type\":\"ListItem\",\"position\":2,\"name\":\"Soccorso Alpino. Un riconoscimento per oltre 40 anni di attivit\u00e0 a Gianni Sitta e Claudio Scardanzan\"}]},{\"@type\":\"WebSite\",\"@id\":\"https:\\\/\\\/www.bellunopress.it\\\/#website\",\"url\":\"https:\\\/\\\/www.bellunopress.it\\\/\",\"name\":\"Bellunopress - Dolomiti\",\"description\":\"e-mail: redazione@bellunopress.it\",\"publisher\":{\"@id\":\"https:\\\/\\\/www.bellunopress.it\\\/#organization\"},\"potentialAction\":[{\"@type\":\"SearchAction\",\"target\":{\"@type\":\"EntryPoint\",\"urlTemplate\":\"https:\\\/\\\/www.bellunopress.it\\\/?s={search_term_string}\"},\"query-input\":{\"@type\":\"PropertyValueSpecification\",\"valueRequired\":true,\"valueName\":\"search_term_string\"}}],\"inLanguage\":\"fr-FR\"},{\"@type\":\"Organization\",\"@id\":\"https:\\\/\\\/www.bellunopress.it\\\/#organization\",\"name\":\"Bellunopress\",\"url\":\"https:\\\/\\\/www.bellunopress.it\\\/\",\"logo\":{\"@type\":\"ImageObject\",\"inLanguage\":\"fr-FR\",\"@id\":\"https:\\\/\\\/www.bellunopress.it\\\/#\\\/schema\\\/logo\\\/image\\\/\",\"url\":\"https:\\\/\\\/www.bellunopress.it\\\/wp-content\\\/uploads\\\/2011\\\/05\\\/cropped-logo-bellunopress-.jpg\",\"contentUrl\":\"https:\\\/\\\/www.bellunopress.it\\\/wp-content\\\/uploads\\\/2011\\\/05\\\/cropped-logo-bellunopress-.jpg\",\"width\":512,\"height\":512,\"caption\":\"Bellunopress\"},\"image\":{\"@id\":\"https:\\\/\\\/www.bellunopress.it\\\/#\\\/schema\\\/logo\\\/image\\\/\"},\"sameAs\":[\"https:\\\/\\\/www.facebook.com\\\/profile.php?id=100008943462799\",\"https:\\\/\\\/x.com\\\/bellunopress\",\"https:\\\/\\\/www.linkedin.com\\\/hp\\\/?dnr=JBzUWaJfMUw8vbXJJ2tVW5-I3jZKvC4wsoxE&amp;amp;amp;amp;amp;amp;trk=nav_responsive_tab_home\",\"https:\\\/\\\/www.youtube.com\\\/channel\\\/UCxL0wu1uN0_3_7hGG0306cw\"]},{\"@type\":\"Person\",\"@id\":\"https:\\\/\\\/www.bellunopress.it\\\/#\\\/schema\\\/person\\\/79bb06722b37ece1c03d3e94beb30d73\",\"name\":\"redazione\",\"image\":{\"@type\":\"ImageObject\",\"inLanguage\":\"fr-FR\",\"@id\":\"https:\\\/\\\/secure.gravatar.com\\\/avatar\\\/37d968a2e67a6fd04c169c4bdef102d0bc5d31b2546345219e348575eb80e9a0?s=96&d=mm&r=g\",\"url\":\"https:\\\/\\\/secure.gravatar.com\\\/avatar\\\/37d968a2e67a6fd04c169c4bdef102d0bc5d31b2546345219e348575eb80e9a0?s=96&d=mm&r=g\",\"contentUrl\":\"https:\\\/\\\/secure.gravatar.com\\\/avatar\\\/37d968a2e67a6fd04c169c4bdef102d0bc5d31b2546345219e348575eb80e9a0?s=96&d=mm&r=g\",\"caption\":\"redazione\"},\"sameAs\":[\"http:\\\/\\\/www.bellunopress.it\",\"https:\\\/\\\/x.com\\\/bellunopress\"],\"url\":\"https:\\\/\\\/www.bellunopress.it\\\/fr\\\/author\\\/redazione\\\/\"}]}<\/script>\n<!-- \/ Yoast SEO plugin. -->","yoast_head_json":{"title":"Soccorso Alpino. Un riconoscimento per oltre 40 anni di attivit\u00e0 a Gianni Sitta e Claudio Scardanzan - Bellunopress - Dolomiti","robots":{"index":"index","follow":"follow","max-snippet":"max-snippet:-1","max-image-preview":"max-image-preview:large","max-video-preview":"max-video-preview:-1"},"canonical":"https:\/\/www.bellunopress.it\/fr\/2022\/10\/29\/soccorso-alpino-un-riconoscimento-per-oltre-40-anni-di-attivita-a-gianni-sitta-e-claudio-scardanzan\/","og_locale":"fr_FR","og_type":"article","og_title":"Soccorso Alpino. Un riconoscimento per oltre 40 anni di attivit\u00e0 a Gianni Sitta e Claudio Scardanzan - Bellunopress - Dolomiti","og_description":"Belluno, 29 &#8211; 10 &#8211; 2022\u00a0 Sono stati consegnati oggi pomeriggio, in una sentita cerimonia in Sala consiliare, gli attestati di riconoscimento per oltre 40 anni di attivit\u00e0 all&#8217;interno del Soccorso alpino di Belluno a Gianni Sitta e Claudio Scardanzan. Alla presenza del sindaco di Belluno, Oscar De Pellegrin, del consigliere nazionale del Cnsas Fabio [&hellip;]","og_url":"https:\/\/www.bellunopress.it\/fr\/2022\/10\/29\/soccorso-alpino-un-riconoscimento-per-oltre-40-anni-di-attivita-a-gianni-sitta-e-claudio-scardanzan\/","og_site_name":"Bellunopress - Dolomiti","article_publisher":"https:\/\/www.facebook.com\/profile.php?id=100008943462799","article_published_time":"2022-10-29T16:11:19+00:00","og_image":[{"width":1000,"height":879,"url":"https:\/\/www.bellunopress.it\/wp-content\/uploads\/2022\/10\/gianni-sitta-claudio-scardanzan-40-anni-soccorso-alpino_edited.jpg","type":"image\/jpeg"}],"author":"redazione","twitter_card":"summary_large_image","twitter_creator":"@bellunopress","twitter_site":"@bellunopress","twitter_misc":{"Written by":"redazione","Est. reading time":"4 minutes"},"schema":{"@context":"https:\/\/schema.org","@graph":[{"@type":"Article","@id":"https:\/\/www.bellunopress.it\/2022\/10\/29\/soccorso-alpino-un-riconoscimento-per-oltre-40-anni-di-attivita-a-gianni-sitta-e-claudio-scardanzan\/#article","isPartOf":{"@id":"https:\/\/www.bellunopress.it\/2022\/10\/29\/soccorso-alpino-un-riconoscimento-per-oltre-40-anni-di-attivita-a-gianni-sitta-e-claudio-scardanzan\/"},"author":{"name":"redazione","@id":"https:\/\/www.bellunopress.it\/#\/schema\/person\/79bb06722b37ece1c03d3e94beb30d73"},"headline":"Soccorso Alpino. Un riconoscimento per oltre 40 anni di attivit\u00e0 a Gianni Sitta e Claudio Scardanzan","datePublished":"2022-10-29T16:11:19+00:00","mainEntityOfPage":{"@id":"https:\/\/www.bellunopress.it\/2022\/10\/29\/soccorso-alpino-un-riconoscimento-per-oltre-40-anni-di-attivita-a-gianni-sitta-e-claudio-scardanzan\/"},"wordCount":665,"publisher":{"@id":"https:\/\/www.bellunopress.it\/#organization"},"image":{"@id":"https:\/\/www.bellunopress.it\/2022\/10\/29\/soccorso-alpino-un-riconoscimento-per-oltre-40-anni-di-attivita-a-gianni-sitta-e-claudio-scardanzan\/#primaryimage"},"thumbnailUrl":"https:\/\/www.bellunopress.it\/wp-content\/uploads\/2022\/10\/gianni-sitta-claudio-scardanzan-40-anni-soccorso-alpino_edited.jpg","articleSection":["Prima Pagina","Societ\u00e0, Associazioni, Istituzioni"],"inLanguage":"fr-FR"},{"@type":"WebPage","@id":"https:\/\/www.bellunopress.it\/2022\/10\/29\/soccorso-alpino-un-riconoscimento-per-oltre-40-anni-di-attivita-a-gianni-sitta-e-claudio-scardanzan\/","url":"https:\/\/www.bellunopress.it\/2022\/10\/29\/soccorso-alpino-un-riconoscimento-per-oltre-40-anni-di-attivita-a-gianni-sitta-e-claudio-scardanzan\/","name":"Soccorso Alpino. Un riconoscimento per oltre 40 anni di attivit\u00e0 a Gianni Sitta e Claudio Scardanzan - Bellunopress - Dolomiti","isPartOf":{"@id":"https:\/\/www.bellunopress.it\/#website"},"primaryImageOfPage":{"@id":"https:\/\/www.bellunopress.it\/2022\/10\/29\/soccorso-alpino-un-riconoscimento-per-oltre-40-anni-di-attivita-a-gianni-sitta-e-claudio-scardanzan\/#primaryimage"},"image":{"@id":"https:\/\/www.bellunopress.it\/2022\/10\/29\/soccorso-alpino-un-riconoscimento-per-oltre-40-anni-di-attivita-a-gianni-sitta-e-claudio-scardanzan\/#primaryimage"},"thumbnailUrl":"https:\/\/www.bellunopress.it\/wp-content\/uploads\/2022\/10\/gianni-sitta-claudio-scardanzan-40-anni-soccorso-alpino_edited.jpg","datePublished":"2022-10-29T16:11:19+00:00","breadcrumb":{"@id":"https:\/\/www.bellunopress.it\/2022\/10\/29\/soccorso-alpino-un-riconoscimento-per-oltre-40-anni-di-attivita-a-gianni-sitta-e-claudio-scardanzan\/#breadcrumb"},"inLanguage":"fr-FR","potentialAction":[{"@type":"ReadAction","target":["https:\/\/www.bellunopress.it\/2022\/10\/29\/soccorso-alpino-un-riconoscimento-per-oltre-40-anni-di-attivita-a-gianni-sitta-e-claudio-scardanzan\/"]}]},{"@type":"ImageObject","inLanguage":"fr-FR","@id":"https:\/\/www.bellunopress.it\/2022\/10\/29\/soccorso-alpino-un-riconoscimento-per-oltre-40-anni-di-attivita-a-gianni-sitta-e-claudio-scardanzan\/#primaryimage","url":"https:\/\/www.bellunopress.it\/wp-content\/uploads\/2022\/10\/gianni-sitta-claudio-scardanzan-40-anni-soccorso-alpino_edited.jpg","contentUrl":"https:\/\/www.bellunopress.it\/wp-content\/uploads\/2022\/10\/gianni-sitta-claudio-scardanzan-40-anni-soccorso-alpino_edited.jpg","width":1000,"height":879},{"@type":"BreadcrumbList","@id":"https:\/\/www.bellunopress.it\/2022\/10\/29\/soccorso-alpino-un-riconoscimento-per-oltre-40-anni-di-attivita-a-gianni-sitta-e-claudio-scardanzan\/#breadcrumb","itemListElement":[{"@type":"ListItem","position":1,"name":"Home","item":"https:\/\/www.bellunopress.it\/"},{"@type":"ListItem","position":2,"name":"Soccorso Alpino. Un riconoscimento per oltre 40 anni di attivit\u00e0 a Gianni Sitta e Claudio Scardanzan"}]},{"@type":"WebSite","@id":"https:\/\/www.bellunopress.it\/#website","url":"https:\/\/www.bellunopress.it\/","name":"Bellunopress - Dolomiti","description":"e-mail: redazione@bellunopress.it","publisher":{"@id":"https:\/\/www.bellunopress.it\/#organization"},"potentialAction":[{"@type":"SearchAction","target":{"@type":"EntryPoint","urlTemplate":"https:\/\/www.bellunopress.it\/?s={search_term_string}"},"query-input":{"@type":"PropertyValueSpecification","valueRequired":true,"valueName":"search_term_string"}}],"inLanguage":"fr-FR"},{"@type":"Organization","@id":"https:\/\/www.bellunopress.it\/#organization","name":"Bellunopress","url":"https:\/\/www.bellunopress.it\/","logo":{"@type":"ImageObject","inLanguage":"fr-FR","@id":"https:\/\/www.bellunopress.it\/#\/schema\/logo\/image\/","url":"https:\/\/www.bellunopress.it\/wp-content\/uploads\/2011\/05\/cropped-logo-bellunopress-.jpg","contentUrl":"https:\/\/www.bellunopress.it\/wp-content\/uploads\/2011\/05\/cropped-logo-bellunopress-.jpg","width":512,"height":512,"caption":"Bellunopress"},"image":{"@id":"https:\/\/www.bellunopress.it\/#\/schema\/logo\/image\/"},"sameAs":["https:\/\/www.facebook.com\/profile.php?id=100008943462799","https:\/\/x.com\/bellunopress","https:\/\/www.linkedin.com\/hp\/?dnr=JBzUWaJfMUw8vbXJJ2tVW5-I3jZKvC4wsoxE&amp;amp;amp;amp;amp;amp;trk=nav_responsive_tab_home","https:\/\/www.youtube.com\/channel\/UCxL0wu1uN0_3_7hGG0306cw"]},{"@type":"Person","@id":"https:\/\/www.bellunopress.it\/#\/schema\/person\/79bb06722b37ece1c03d3e94beb30d73","name":"r\u00e9daction","image":{"@type":"ImageObject","inLanguage":"fr-FR","@id":"https:\/\/secure.gravatar.com\/avatar\/37d968a2e67a6fd04c169c4bdef102d0bc5d31b2546345219e348575eb80e9a0?s=96&d=mm&r=g","url":"https:\/\/secure.gravatar.com\/avatar\/37d968a2e67a6fd04c169c4bdef102d0bc5d31b2546345219e348575eb80e9a0?s=96&d=mm&r=g","contentUrl":"https:\/\/secure.gravatar.com\/avatar\/37d968a2e67a6fd04c169c4bdef102d0bc5d31b2546345219e348575eb80e9a0?s=96&d=mm&r=g","caption":"redazione"},"sameAs":["http:\/\/www.bellunopress.it","https:\/\/x.com\/bellunopress"],"url":"https:\/\/www.bellunopress.it\/fr\/author\/redazione\/"}]}},"_links":{"self":[{"href":"https:\/\/www.bellunopress.it\/fr\/wp-json\/wp\/v2\/posts\/137345","targetHints":{"allow":["GET"]}}],"collection":[{"href":"https:\/\/www.bellunopress.it\/fr\/wp-json\/wp\/v2\/posts"}],"about":[{"href":"https:\/\/www.bellunopress.it\/fr\/wp-json\/wp\/v2\/types\/post"}],"author":[{"embeddable":true,"href":"https:\/\/www.bellunopress.it\/fr\/wp-json\/wp\/v2\/users\/2"}],"replies":[{"embeddable":true,"href":"https:\/\/www.bellunopress.it\/fr\/wp-json\/wp\/v2\/comments?post=137345"}],"version-history":[{"count":1,"href":"https:\/\/www.bellunopress.it\/fr\/wp-json\/wp\/v2\/posts\/137345\/revisions"}],"predecessor-version":[{"id":137347,"href":"https:\/\/www.bellunopress.it\/fr\/wp-json\/wp\/v2\/posts\/137345\/revisions\/137347"}],"wp:featuredmedia":[{"embeddable":true,"href":"https:\/\/www.bellunopress.it\/fr\/wp-json\/wp\/v2\/media\/137346"}],"wp:attachment":[{"href":"https:\/\/www.bellunopress.it\/fr\/wp-json\/wp\/v2\/media?parent=137345"}],"wp:term":[{"taxonomy":"category","embeddable":true,"href":"https:\/\/www.bellunopress.it\/fr\/wp-json\/wp\/v2\/categories?post=137345"},{"taxonomy":"post_tag","embeddable":true,"href":"https:\/\/www.bellunopress.it\/fr\/wp-json\/wp\/v2\/tags?post=137345"}],"curies":[{"name":"wp","href":"https:\/\/api.w.org\/{rel}","templated":true}]}}