{"id":137333,"date":"2022-10-29T16:59:48","date_gmt":"2022-10-29T14:59:48","guid":{"rendered":"https:\/\/www.bellunopress.it\/?p=137333"},"modified":"2022-10-29T16:59:48","modified_gmt":"2022-10-29T14:59:48","slug":"ripuliti-i-96-cippi-del-cimitero-di-prade-coinvolti-anche-gli-studenti-del-catullo","status":"publish","type":"post","link":"https:\/\/www.bellunopress.it\/fr\/2022\/10\/29\/ripuliti-i-96-cippi-del-cimitero-di-prade-coinvolti-anche-gli-studenti-del-catullo\/","title":{"rendered":"Ripuliti i 96 cippi del cimitero di Prade. Coinvolti anche gli studenti del Catullo"},"content":{"rendered":"<p><img loading=\"lazy\" decoding=\"async\" class=\"alignleft size-full wp-image-137334\" src=\"https:\/\/www.bellunopress.it\/wp-content\/uploads\/2022\/10\/cippi-Caduti-cimitero-Prade-pulizia-studenti-Catullo.jpg\" alt=\"\" width=\"1000\" height=\"741\" srcset=\"https:\/\/www.bellunopress.it\/wp-content\/uploads\/2022\/10\/cippi-Caduti-cimitero-Prade-pulizia-studenti-Catullo.jpg 1000w, https:\/\/www.bellunopress.it\/wp-content\/uploads\/2022\/10\/cippi-Caduti-cimitero-Prade-pulizia-studenti-Catullo-500x371.jpg 500w, https:\/\/www.bellunopress.it\/wp-content\/uploads\/2022\/10\/cippi-Caduti-cimitero-Prade-pulizia-studenti-Catullo-485x360.jpg 485w, https:\/\/www.bellunopress.it\/wp-content\/uploads\/2022\/10\/cippi-Caduti-cimitero-Prade-pulizia-studenti-Catullo-696x516.jpg 696w, https:\/\/www.bellunopress.it\/wp-content\/uploads\/2022\/10\/cippi-Caduti-cimitero-Prade-pulizia-studenti-Catullo-567x420.jpg 567w, https:\/\/www.bellunopress.it\/wp-content\/uploads\/2022\/10\/cippi-Caduti-cimitero-Prade-pulizia-studenti-Catullo-80x60.jpg 80w\" sizes=\"auto, (max-width: 1000px) 100vw, 1000px\" \/>Belluno, 29 ottobre 2022 &#8211; Rimessi a nuovo i 96 cippi del cimitero di Prade dedicati ai Caduti in guerra. Nell\u2019operazione \u00e8 stata coinvolta anche una classe dell\u2019Istituto Catullo indirizzo artistico, per la quale l\u2019esperienza verr\u00e0 valutata all\u2019interno delle ore dell\u2019alternanza scuola \u2013 lavoro.<\/p>\n<p>Questa mattina gli studenti hanno preso posto davanti ai cippi attorno alle 8.30 e, armati di pennelli e vernice, hanno ripassato le scritte incise nella pietra con precisione e impegno. Nei giorni scorsi il lavoro era stato iniziato dal consigliere comunale di maggioranza Alessandro Farina.<\/p>\n<p>\u201cE\u2019 stata un\u2019iniziativa pensata per ridare decoro ad una parte spesso dimenticata del cimitero, i cippi non venivano sistemati da decenni \u2013 spiega l\u2019assessore Lorenza De Kunovich -, allo stesso tempo \u00e8 stato positivo coinvolgere i ragazzi delle superiori, per proporre loro un\u2019esperienza concreta e utile per la comunit\u00e0, mettendoli davanti ad una necessit\u00e0 e facendoli sentire utili. Intendiamo ripetere la formula, con altre manutenzioni\u201d.<\/p>\n<p>La pulizia della lastra in pietra era stata affidata, settimane fa, ad una ditta esterna mentre il ripasso del colore nelle scritte incise \u00e8 stato gestito dall\u2019assessore De Kunovich e dal consigliere Farina. Oggi l\u2019intervento degli studenti ha permesso di arrivare quasi alla conclusione. \u201cNei mesi scorsi pi\u00f9 di qualche cittadino mi ha segnalato lo stato dei cippi di Prade, non venivano puliti da anni ed erano in abbandono \u2013 spiega l\u2019assessore -, riportarli al loro aspetto originario \u00e8 stato un segnale per la citt\u00e0. A Prade, inoltre, \u00e8 stato sistemato un chiostro e in occasione delle festivit\u00e0 dei Santi e dei morti abbiamo effettuato il giro di tutti i campi santi della citt\u00e0 per assicurarci che ci fosse ordine e pulizia\u201d.<\/p>\n<p>\u201cUn vero gioco di squadra \u2013 commenta il sindaco, Oscar De Pellegrin -, ringrazio tutti quelli che si sono spesi per raggiungere l\u2019obiettivo. Con la pulizia dei cippi e del monumento ai caduti di Caleipo abbiamo dato un segnale alla comunit\u00e0: del passato dobbiamo prenderci cura tutti, rappresenta le nostre radici e la nostra identit\u00e0\u201d.<\/p>\n<p>&nbsp;<\/p>\n<p>&nbsp;<\/p>\n<p>&nbsp;<\/p>\n<p>&nbsp;<\/p>","protected":false},"excerpt":{"rendered":"<p>Belluno, 29 ottobre 2022 &#8211; Rimessi a nuovo i 96 cippi del cimitero di Prade dedicati ai Caduti in guerra. Nell\u2019operazione \u00e8 stata coinvolta anche una classe dell\u2019Istituto Catullo indirizzo artistico, per la quale l\u2019esperienza verr\u00e0 valutata all\u2019interno delle ore dell\u2019alternanza scuola \u2013 lavoro. Questa mattina gli studenti hanno preso posto davanti ai cippi attorno [&hellip;]<\/p>\n","protected":false},"author":2,"featured_media":137334,"comment_status":"closed","ping_status":"open","sticky":false,"template":"","format":"standard","meta":{"footnotes":""},"categories":[26,15,8],"tags":[],"class_list":["post-137333","post","type-post","status-publish","format-standard","has-post-thumbnail","category-prima-pagina","category-scuola","category-societa-istituzioni"],"yoast_head":"<!-- This site is optimized with the Yoast SEO plugin v28.4 - https:\/\/yoast.com\/product\/yoast-seo-wordpress\/ -->\n<title>Ripuliti i 96 cippi del cimitero di Prade. Coinvolti anche gli studenti del Catullo - Bellunopress - Dolomiti<\/title>\n<meta name=\"robots\" content=\"index, follow, max-snippet:-1, max-image-preview:large, max-video-preview:-1\" \/>\n<link rel=\"canonical\" href=\"https:\/\/www.bellunopress.it\/fr\/2022\/10\/29\/ripuliti-i-96-cippi-del-cimitero-di-prade-coinvolti-anche-gli-studenti-del-catullo\/\" \/>\n<meta property=\"og:locale\" content=\"fr_FR\" \/>\n<meta property=\"og:type\" content=\"article\" \/>\n<meta property=\"og:title\" content=\"Ripuliti i 96 cippi del cimitero di Prade. Coinvolti anche gli studenti del Catullo - Bellunopress - Dolomiti\" \/>\n<meta property=\"og:description\" content=\"Belluno, 29 ottobre 2022 &#8211; Rimessi a nuovo i 96 cippi del cimitero di Prade dedicati ai Caduti in guerra. Nell\u2019operazione \u00e8 stata coinvolta anche una classe dell\u2019Istituto Catullo indirizzo artistico, per la quale l\u2019esperienza verr\u00e0 valutata all\u2019interno delle ore dell\u2019alternanza scuola \u2013 lavoro. Questa mattina gli studenti hanno preso posto davanti ai cippi attorno [&hellip;]\" \/>\n<meta property=\"og:url\" content=\"https:\/\/www.bellunopress.it\/fr\/2022\/10\/29\/ripuliti-i-96-cippi-del-cimitero-di-prade-coinvolti-anche-gli-studenti-del-catullo\/\" \/>\n<meta property=\"og:site_name\" content=\"Bellunopress - Dolomiti\" \/>\n<meta property=\"article:publisher\" content=\"https:\/\/www.facebook.com\/profile.php?id=100008943462799\" \/>\n<meta property=\"article:published_time\" content=\"2022-10-29T14:59:48+00:00\" \/>\n<meta property=\"og:image\" content=\"https:\/\/www.bellunopress.it\/wp-content\/uploads\/2022\/10\/cippi-Caduti-cimitero-Prade-pulizia-studenti-Catullo.jpg\" \/>\n\t<meta property=\"og:image:width\" content=\"1000\" \/>\n\t<meta property=\"og:image:height\" content=\"741\" \/>\n\t<meta property=\"og:image:type\" content=\"image\/jpeg\" \/>\n<meta name=\"author\" content=\"redazione\" \/>\n<meta name=\"twitter:card\" content=\"summary_large_image\" \/>\n<meta name=\"twitter:creator\" content=\"@bellunopress\" \/>\n<meta name=\"twitter:site\" content=\"@bellunopress\" \/>\n<meta name=\"twitter:label1\" content=\"\u00c9crit par\" \/>\n\t<meta name=\"twitter:data1\" content=\"redazione\" \/>\n\t<meta name=\"twitter:label2\" content=\"Dur\u00e9e de lecture estim\u00e9e\" \/>\n\t<meta name=\"twitter:data2\" content=\"2 minutes\" \/>\n<script type=\"application\/ld+json\" class=\"yoast-schema-graph\">{\"@context\":\"https:\\\/\\\/schema.org\",\"@graph\":[{\"@type\":\"Article\",\"@id\":\"https:\\\/\\\/www.bellunopress.it\\\/2022\\\/10\\\/29\\\/ripuliti-i-96-cippi-del-cimitero-di-prade-coinvolti-anche-gli-studenti-del-catullo\\\/#article\",\"isPartOf\":{\"@id\":\"https:\\\/\\\/www.bellunopress.it\\\/2022\\\/10\\\/29\\\/ripuliti-i-96-cippi-del-cimitero-di-prade-coinvolti-anche-gli-studenti-del-catullo\\\/\"},\"author\":{\"name\":\"redazione\",\"@id\":\"https:\\\/\\\/www.bellunopress.it\\\/#\\\/schema\\\/person\\\/79bb06722b37ece1c03d3e94beb30d73\"},\"headline\":\"Ripuliti i 96 cippi del cimitero di Prade. Coinvolti anche gli studenti del Catullo\",\"datePublished\":\"2022-10-29T14:59:48+00:00\",\"mainEntityOfPage\":{\"@id\":\"https:\\\/\\\/www.bellunopress.it\\\/2022\\\/10\\\/29\\\/ripuliti-i-96-cippi-del-cimitero-di-prade-coinvolti-anche-gli-studenti-del-catullo\\\/\"},\"wordCount\":347,\"publisher\":{\"@id\":\"https:\\\/\\\/www.bellunopress.it\\\/#organization\"},\"image\":{\"@id\":\"https:\\\/\\\/www.bellunopress.it\\\/2022\\\/10\\\/29\\\/ripuliti-i-96-cippi-del-cimitero-di-prade-coinvolti-anche-gli-studenti-del-catullo\\\/#primaryimage\"},\"thumbnailUrl\":\"https:\\\/\\\/www.bellunopress.it\\\/wp-content\\\/uploads\\\/2022\\\/10\\\/cippi-Caduti-cimitero-Prade-pulizia-studenti-Catullo.jpg\",\"articleSection\":[\"Prima Pagina\",\"Scuola\",\"Societ\u00e0, Associazioni, Istituzioni\"],\"inLanguage\":\"fr-FR\"},{\"@type\":\"WebPage\",\"@id\":\"https:\\\/\\\/www.bellunopress.it\\\/2022\\\/10\\\/29\\\/ripuliti-i-96-cippi-del-cimitero-di-prade-coinvolti-anche-gli-studenti-del-catullo\\\/\",\"url\":\"https:\\\/\\\/www.bellunopress.it\\\/2022\\\/10\\\/29\\\/ripuliti-i-96-cippi-del-cimitero-di-prade-coinvolti-anche-gli-studenti-del-catullo\\\/\",\"name\":\"Ripuliti i 96 cippi del cimitero di Prade. Coinvolti anche gli studenti del Catullo - Bellunopress - Dolomiti\",\"isPartOf\":{\"@id\":\"https:\\\/\\\/www.bellunopress.it\\\/#website\"},\"primaryImageOfPage\":{\"@id\":\"https:\\\/\\\/www.bellunopress.it\\\/2022\\\/10\\\/29\\\/ripuliti-i-96-cippi-del-cimitero-di-prade-coinvolti-anche-gli-studenti-del-catullo\\\/#primaryimage\"},\"image\":{\"@id\":\"https:\\\/\\\/www.bellunopress.it\\\/2022\\\/10\\\/29\\\/ripuliti-i-96-cippi-del-cimitero-di-prade-coinvolti-anche-gli-studenti-del-catullo\\\/#primaryimage\"},\"thumbnailUrl\":\"https:\\\/\\\/www.bellunopress.it\\\/wp-content\\\/uploads\\\/2022\\\/10\\\/cippi-Caduti-cimitero-Prade-pulizia-studenti-Catullo.jpg\",\"datePublished\":\"2022-10-29T14:59:48+00:00\",\"breadcrumb\":{\"@id\":\"https:\\\/\\\/www.bellunopress.it\\\/2022\\\/10\\\/29\\\/ripuliti-i-96-cippi-del-cimitero-di-prade-coinvolti-anche-gli-studenti-del-catullo\\\/#breadcrumb\"},\"inLanguage\":\"fr-FR\",\"potentialAction\":[{\"@type\":\"ReadAction\",\"target\":[\"https:\\\/\\\/www.bellunopress.it\\\/2022\\\/10\\\/29\\\/ripuliti-i-96-cippi-del-cimitero-di-prade-coinvolti-anche-gli-studenti-del-catullo\\\/\"]}]},{\"@type\":\"ImageObject\",\"inLanguage\":\"fr-FR\",\"@id\":\"https:\\\/\\\/www.bellunopress.it\\\/2022\\\/10\\\/29\\\/ripuliti-i-96-cippi-del-cimitero-di-prade-coinvolti-anche-gli-studenti-del-catullo\\\/#primaryimage\",\"url\":\"https:\\\/\\\/www.bellunopress.it\\\/wp-content\\\/uploads\\\/2022\\\/10\\\/cippi-Caduti-cimitero-Prade-pulizia-studenti-Catullo.jpg\",\"contentUrl\":\"https:\\\/\\\/www.bellunopress.it\\\/wp-content\\\/uploads\\\/2022\\\/10\\\/cippi-Caduti-cimitero-Prade-pulizia-studenti-Catullo.jpg\",\"width\":1000,\"height\":741},{\"@type\":\"BreadcrumbList\",\"@id\":\"https:\\\/\\\/www.bellunopress.it\\\/2022\\\/10\\\/29\\\/ripuliti-i-96-cippi-del-cimitero-di-prade-coinvolti-anche-gli-studenti-del-catullo\\\/#breadcrumb\",\"itemListElement\":[{\"@type\":\"ListItem\",\"position\":1,\"name\":\"Home\",\"item\":\"https:\\\/\\\/www.bellunopress.it\\\/\"},{\"@type\":\"ListItem\",\"position\":2,\"name\":\"Ripuliti i 96 cippi del cimitero di Prade. Coinvolti anche gli studenti del Catullo\"}]},{\"@type\":\"WebSite\",\"@id\":\"https:\\\/\\\/www.bellunopress.it\\\/#website\",\"url\":\"https:\\\/\\\/www.bellunopress.it\\\/\",\"name\":\"Bellunopress - Dolomiti\",\"description\":\"e-mail: redazione@bellunopress.it\",\"publisher\":{\"@id\":\"https:\\\/\\\/www.bellunopress.it\\\/#organization\"},\"potentialAction\":[{\"@type\":\"SearchAction\",\"target\":{\"@type\":\"EntryPoint\",\"urlTemplate\":\"https:\\\/\\\/www.bellunopress.it\\\/?s={search_term_string}\"},\"query-input\":{\"@type\":\"PropertyValueSpecification\",\"valueRequired\":true,\"valueName\":\"search_term_string\"}}],\"inLanguage\":\"fr-FR\"},{\"@type\":\"Organization\",\"@id\":\"https:\\\/\\\/www.bellunopress.it\\\/#organization\",\"name\":\"Bellunopress\",\"url\":\"https:\\\/\\\/www.bellunopress.it\\\/\",\"logo\":{\"@type\":\"ImageObject\",\"inLanguage\":\"fr-FR\",\"@id\":\"https:\\\/\\\/www.bellunopress.it\\\/#\\\/schema\\\/logo\\\/image\\\/\",\"url\":\"https:\\\/\\\/www.bellunopress.it\\\/wp-content\\\/uploads\\\/2011\\\/05\\\/cropped-logo-bellunopress-.jpg\",\"contentUrl\":\"https:\\\/\\\/www.bellunopress.it\\\/wp-content\\\/uploads\\\/2011\\\/05\\\/cropped-logo-bellunopress-.jpg\",\"width\":512,\"height\":512,\"caption\":\"Bellunopress\"},\"image\":{\"@id\":\"https:\\\/\\\/www.bellunopress.it\\\/#\\\/schema\\\/logo\\\/image\\\/\"},\"sameAs\":[\"https:\\\/\\\/www.facebook.com\\\/profile.php?id=100008943462799\",\"https:\\\/\\\/x.com\\\/bellunopress\",\"https:\\\/\\\/www.linkedin.com\\\/hp\\\/?dnr=JBzUWaJfMUw8vbXJJ2tVW5-I3jZKvC4wsoxE&amp;amp;amp;amp;amp;amp;trk=nav_responsive_tab_home\",\"https:\\\/\\\/www.youtube.com\\\/channel\\\/UCxL0wu1uN0_3_7hGG0306cw\"]},{\"@type\":\"Person\",\"@id\":\"https:\\\/\\\/www.bellunopress.it\\\/#\\\/schema\\\/person\\\/79bb06722b37ece1c03d3e94beb30d73\",\"name\":\"redazione\",\"image\":{\"@type\":\"ImageObject\",\"inLanguage\":\"fr-FR\",\"@id\":\"https:\\\/\\\/secure.gravatar.com\\\/avatar\\\/37d968a2e67a6fd04c169c4bdef102d0bc5d31b2546345219e348575eb80e9a0?s=96&d=mm&r=g\",\"url\":\"https:\\\/\\\/secure.gravatar.com\\\/avatar\\\/37d968a2e67a6fd04c169c4bdef102d0bc5d31b2546345219e348575eb80e9a0?s=96&d=mm&r=g\",\"contentUrl\":\"https:\\\/\\\/secure.gravatar.com\\\/avatar\\\/37d968a2e67a6fd04c169c4bdef102d0bc5d31b2546345219e348575eb80e9a0?s=96&d=mm&r=g\",\"caption\":\"redazione\"},\"sameAs\":[\"http:\\\/\\\/www.bellunopress.it\",\"https:\\\/\\\/x.com\\\/bellunopress\"],\"url\":\"https:\\\/\\\/www.bellunopress.it\\\/fr\\\/author\\\/redazione\\\/\"}]}<\/script>\n<!-- \/ Yoast SEO plugin. -->","yoast_head_json":{"title":"Ripuliti i 96 cippi del cimitero di Prade. Coinvolti anche gli studenti del Catullo - Bellunopress - Dolomiti","robots":{"index":"index","follow":"follow","max-snippet":"max-snippet:-1","max-image-preview":"max-image-preview:large","max-video-preview":"max-video-preview:-1"},"canonical":"https:\/\/www.bellunopress.it\/fr\/2022\/10\/29\/ripuliti-i-96-cippi-del-cimitero-di-prade-coinvolti-anche-gli-studenti-del-catullo\/","og_locale":"fr_FR","og_type":"article","og_title":"Ripuliti i 96 cippi del cimitero di Prade. Coinvolti anche gli studenti del Catullo - Bellunopress - Dolomiti","og_description":"Belluno, 29 ottobre 2022 &#8211; Rimessi a nuovo i 96 cippi del cimitero di Prade dedicati ai Caduti in guerra. Nell\u2019operazione \u00e8 stata coinvolta anche una classe dell\u2019Istituto Catullo indirizzo artistico, per la quale l\u2019esperienza verr\u00e0 valutata all\u2019interno delle ore dell\u2019alternanza scuola \u2013 lavoro. Questa mattina gli studenti hanno preso posto davanti ai cippi attorno [&hellip;]","og_url":"https:\/\/www.bellunopress.it\/fr\/2022\/10\/29\/ripuliti-i-96-cippi-del-cimitero-di-prade-coinvolti-anche-gli-studenti-del-catullo\/","og_site_name":"Bellunopress - Dolomiti","article_publisher":"https:\/\/www.facebook.com\/profile.php?id=100008943462799","article_published_time":"2022-10-29T14:59:48+00:00","og_image":[{"width":1000,"height":741,"url":"https:\/\/www.bellunopress.it\/wp-content\/uploads\/2022\/10\/cippi-Caduti-cimitero-Prade-pulizia-studenti-Catullo.jpg","type":"image\/jpeg"}],"author":"redazione","twitter_card":"summary_large_image","twitter_creator":"@bellunopress","twitter_site":"@bellunopress","twitter_misc":{"\u00c9crit par":"redazione","Dur\u00e9e de lecture estim\u00e9e":"2 minutes"},"schema":{"@context":"https:\/\/schema.org","@graph":[{"@type":"Article","@id":"https:\/\/www.bellunopress.it\/2022\/10\/29\/ripuliti-i-96-cippi-del-cimitero-di-prade-coinvolti-anche-gli-studenti-del-catullo\/#article","isPartOf":{"@id":"https:\/\/www.bellunopress.it\/2022\/10\/29\/ripuliti-i-96-cippi-del-cimitero-di-prade-coinvolti-anche-gli-studenti-del-catullo\/"},"author":{"name":"redazione","@id":"https:\/\/www.bellunopress.it\/#\/schema\/person\/79bb06722b37ece1c03d3e94beb30d73"},"headline":"Ripuliti i 96 cippi del cimitero di Prade. Coinvolti anche gli studenti del Catullo","datePublished":"2022-10-29T14:59:48+00:00","mainEntityOfPage":{"@id":"https:\/\/www.bellunopress.it\/2022\/10\/29\/ripuliti-i-96-cippi-del-cimitero-di-prade-coinvolti-anche-gli-studenti-del-catullo\/"},"wordCount":347,"publisher":{"@id":"https:\/\/www.bellunopress.it\/#organization"},"image":{"@id":"https:\/\/www.bellunopress.it\/2022\/10\/29\/ripuliti-i-96-cippi-del-cimitero-di-prade-coinvolti-anche-gli-studenti-del-catullo\/#primaryimage"},"thumbnailUrl":"https:\/\/www.bellunopress.it\/wp-content\/uploads\/2022\/10\/cippi-Caduti-cimitero-Prade-pulizia-studenti-Catullo.jpg","articleSection":["Prima Pagina","Scuola","Societ\u00e0, Associazioni, Istituzioni"],"inLanguage":"fr-FR"},{"@type":"WebPage","@id":"https:\/\/www.bellunopress.it\/2022\/10\/29\/ripuliti-i-96-cippi-del-cimitero-di-prade-coinvolti-anche-gli-studenti-del-catullo\/","url":"https:\/\/www.bellunopress.it\/2022\/10\/29\/ripuliti-i-96-cippi-del-cimitero-di-prade-coinvolti-anche-gli-studenti-del-catullo\/","name":"Ripuliti i 96 cippi del cimitero di Prade. Coinvolti anche gli studenti del Catullo - Bellunopress - Dolomiti","isPartOf":{"@id":"https:\/\/www.bellunopress.it\/#website"},"primaryImageOfPage":{"@id":"https:\/\/www.bellunopress.it\/2022\/10\/29\/ripuliti-i-96-cippi-del-cimitero-di-prade-coinvolti-anche-gli-studenti-del-catullo\/#primaryimage"},"image":{"@id":"https:\/\/www.bellunopress.it\/2022\/10\/29\/ripuliti-i-96-cippi-del-cimitero-di-prade-coinvolti-anche-gli-studenti-del-catullo\/#primaryimage"},"thumbnailUrl":"https:\/\/www.bellunopress.it\/wp-content\/uploads\/2022\/10\/cippi-Caduti-cimitero-Prade-pulizia-studenti-Catullo.jpg","datePublished":"2022-10-29T14:59:48+00:00","breadcrumb":{"@id":"https:\/\/www.bellunopress.it\/2022\/10\/29\/ripuliti-i-96-cippi-del-cimitero-di-prade-coinvolti-anche-gli-studenti-del-catullo\/#breadcrumb"},"inLanguage":"fr-FR","potentialAction":[{"@type":"ReadAction","target":["https:\/\/www.bellunopress.it\/2022\/10\/29\/ripuliti-i-96-cippi-del-cimitero-di-prade-coinvolti-anche-gli-studenti-del-catullo\/"]}]},{"@type":"ImageObject","inLanguage":"fr-FR","@id":"https:\/\/www.bellunopress.it\/2022\/10\/29\/ripuliti-i-96-cippi-del-cimitero-di-prade-coinvolti-anche-gli-studenti-del-catullo\/#primaryimage","url":"https:\/\/www.bellunopress.it\/wp-content\/uploads\/2022\/10\/cippi-Caduti-cimitero-Prade-pulizia-studenti-Catullo.jpg","contentUrl":"https:\/\/www.bellunopress.it\/wp-content\/uploads\/2022\/10\/cippi-Caduti-cimitero-Prade-pulizia-studenti-Catullo.jpg","width":1000,"height":741},{"@type":"BreadcrumbList","@id":"https:\/\/www.bellunopress.it\/2022\/10\/29\/ripuliti-i-96-cippi-del-cimitero-di-prade-coinvolti-anche-gli-studenti-del-catullo\/#breadcrumb","itemListElement":[{"@type":"ListItem","position":1,"name":"Home","item":"https:\/\/www.bellunopress.it\/"},{"@type":"ListItem","position":2,"name":"Ripuliti i 96 cippi del cimitero di Prade. Coinvolti anche gli studenti del Catullo"}]},{"@type":"WebSite","@id":"https:\/\/www.bellunopress.it\/#website","url":"https:\/\/www.bellunopress.it\/","name":"Bellunopress - Dolomiti","description":"e-mail: redazione@bellunopress.it","publisher":{"@id":"https:\/\/www.bellunopress.it\/#organization"},"potentialAction":[{"@type":"SearchAction","target":{"@type":"EntryPoint","urlTemplate":"https:\/\/www.bellunopress.it\/?s={search_term_string}"},"query-input":{"@type":"PropertyValueSpecification","valueRequired":true,"valueName":"search_term_string"}}],"inLanguage":"fr-FR"},{"@type":"Organization","@id":"https:\/\/www.bellunopress.it\/#organization","name":"Bellunopress","url":"https:\/\/www.bellunopress.it\/","logo":{"@type":"ImageObject","inLanguage":"fr-FR","@id":"https:\/\/www.bellunopress.it\/#\/schema\/logo\/image\/","url":"https:\/\/www.bellunopress.it\/wp-content\/uploads\/2011\/05\/cropped-logo-bellunopress-.jpg","contentUrl":"https:\/\/www.bellunopress.it\/wp-content\/uploads\/2011\/05\/cropped-logo-bellunopress-.jpg","width":512,"height":512,"caption":"Bellunopress"},"image":{"@id":"https:\/\/www.bellunopress.it\/#\/schema\/logo\/image\/"},"sameAs":["https:\/\/www.facebook.com\/profile.php?id=100008943462799","https:\/\/x.com\/bellunopress","https:\/\/www.linkedin.com\/hp\/?dnr=JBzUWaJfMUw8vbXJJ2tVW5-I3jZKvC4wsoxE&amp;amp;amp;amp;amp;amp;trk=nav_responsive_tab_home","https:\/\/www.youtube.com\/channel\/UCxL0wu1uN0_3_7hGG0306cw"]},{"@type":"Person","@id":"https:\/\/www.bellunopress.it\/#\/schema\/person\/79bb06722b37ece1c03d3e94beb30d73","name":"r\u00e9daction","image":{"@type":"ImageObject","inLanguage":"fr-FR","@id":"https:\/\/secure.gravatar.com\/avatar\/37d968a2e67a6fd04c169c4bdef102d0bc5d31b2546345219e348575eb80e9a0?s=96&d=mm&r=g","url":"https:\/\/secure.gravatar.com\/avatar\/37d968a2e67a6fd04c169c4bdef102d0bc5d31b2546345219e348575eb80e9a0?s=96&d=mm&r=g","contentUrl":"https:\/\/secure.gravatar.com\/avatar\/37d968a2e67a6fd04c169c4bdef102d0bc5d31b2546345219e348575eb80e9a0?s=96&d=mm&r=g","caption":"redazione"},"sameAs":["http:\/\/www.bellunopress.it","https:\/\/x.com\/bellunopress"],"url":"https:\/\/www.bellunopress.it\/fr\/author\/redazione\/"}]}},"_links":{"self":[{"href":"https:\/\/www.bellunopress.it\/fr\/wp-json\/wp\/v2\/posts\/137333","targetHints":{"allow":["GET"]}}],"collection":[{"href":"https:\/\/www.bellunopress.it\/fr\/wp-json\/wp\/v2\/posts"}],"about":[{"href":"https:\/\/www.bellunopress.it\/fr\/wp-json\/wp\/v2\/types\/post"}],"author":[{"embeddable":true,"href":"https:\/\/www.bellunopress.it\/fr\/wp-json\/wp\/v2\/users\/2"}],"replies":[{"embeddable":true,"href":"https:\/\/www.bellunopress.it\/fr\/wp-json\/wp\/v2\/comments?post=137333"}],"version-history":[{"count":1,"href":"https:\/\/www.bellunopress.it\/fr\/wp-json\/wp\/v2\/posts\/137333\/revisions"}],"predecessor-version":[{"id":137335,"href":"https:\/\/www.bellunopress.it\/fr\/wp-json\/wp\/v2\/posts\/137333\/revisions\/137335"}],"wp:featuredmedia":[{"embeddable":true,"href":"https:\/\/www.bellunopress.it\/fr\/wp-json\/wp\/v2\/media\/137334"}],"wp:attachment":[{"href":"https:\/\/www.bellunopress.it\/fr\/wp-json\/wp\/v2\/media?parent=137333"}],"wp:term":[{"taxonomy":"category","embeddable":true,"href":"https:\/\/www.bellunopress.it\/fr\/wp-json\/wp\/v2\/categories?post=137333"},{"taxonomy":"post_tag","embeddable":true,"href":"https:\/\/www.bellunopress.it\/fr\/wp-json\/wp\/v2\/tags?post=137333"}],"curies":[{"name":"wp","href":"https:\/\/api.w.org\/{rel}","templated":true}]}}