{"id":137327,"date":"2022-10-29T13:34:11","date_gmt":"2022-10-29T11:34:11","guid":{"rendered":"https:\/\/www.bellunopress.it\/?p=137327"},"modified":"2022-10-29T13:34:11","modified_gmt":"2022-10-29T11:34:11","slug":"a-limana-nasce-civicamente-associazione-di-idee","status":"publish","type":"post","link":"https:\/\/www.bellunopress.it\/fr\/2022\/10\/29\/a-limana-nasce-civicamente-associazione-di-idee\/","title":{"rendered":"A Limana nasce CivicaMente-Associazione di idee\u00a0"},"content":{"rendered":"<p><em><strong>L&#8217;associazione di promozione sociale ha scelto di presentarsi con un&#8217;iniziativa legata al Vajont, sabato 5 novembre, a Borgo Valbelluna<\/strong><\/em><\/p>\n<figure id=\"attachment_137328\" aria-describedby=\"caption-attachment-137328\" style=\"width: 970px\" class=\"wp-caption alignleft\"><img loading=\"lazy\" decoding=\"async\" class=\"size-full wp-image-137328\" src=\"https:\/\/www.bellunopress.it\/wp-content\/uploads\/2022\/10\/Edi-Fontana_edited.jpg\" alt=\"\" width=\"970\" height=\"976\" srcset=\"https:\/\/www.bellunopress.it\/wp-content\/uploads\/2022\/10\/Edi-Fontana_edited.jpg 970w, https:\/\/www.bellunopress.it\/wp-content\/uploads\/2022\/10\/Edi-Fontana_edited-497x500.jpg 497w, https:\/\/www.bellunopress.it\/wp-content\/uploads\/2022\/10\/Edi-Fontana_edited-696x700.jpg 696w, https:\/\/www.bellunopress.it\/wp-content\/uploads\/2022\/10\/Edi-Fontana_edited-417x420.jpg 417w\" sizes=\"auto, (max-width: 970px) 100vw, 970px\" \/><figcaption id=\"caption-attachment-137328\" class=\"wp-caption-text\">Edi Fontana<\/figcaption><\/figure>\n<p>Stimolare le persone nell&#8217;operare per l&#8217;animazione sociale e culturale delle comunit\u00e0: \u00e8 l&#8217;obiettivo dell&#8217;associazione CivicaMente-Associazione di idee, nata a Limana, ma aperta a collaborazioni oltre i confini comunali, &#8220;per far s\u00ec che si possa costruire, tutti insieme qualcosa di importante e coinvolgente per i cittadini&#8221;.<\/p>\n<p>La nuova realt\u00e0 \u00e8 &#8220;un laboratorio di idee e buone pratiche&#8221;, come la definisce il presidente Edi Fontana. &#8220;Sono particolarmente contento della nascita di questa associazione di promozione sociale. Siamo convinti che se ne sentiva la mancanza, in modo particolare dopo gli anni della pandemia, dove siamo stati tutti isolati e senza la possibilit\u00e0 di condivisione e di partecipazione.<\/p>\n<p>&#8220;Vogliamo promuovere la cultura, la buona socialit\u00e0, la qualit\u00e0 delle relazioni umane e degli stili di vita, nell&#8217;uguaglianza dei diritti e nella giustizia sociale, nel rispetto delle differenze, nei diritti della Terra&#8221;, continua, ribadendo l&#8217;importanza della cultura, &#8220;fondamentale per la costruzione di un moderno sistema di welfare per il benessere delle persone e delle comunit\u00e0. Cos\u00ec come \u00e8 di straordinaria importanza per combattere ignoranza e intolleranza nei confronti di ogni diversit\u00e0, promuovendo percorsi di inclusione sociale e culturale&#8221;.<\/p>\n<p>Sono tanti gli eventi in programma, primo fra tutti il reading musicale &#8220;Vajont. Viaggio nell&#8217;oltre&#8221;, di e con Susanna Cro, con musiche di Diego de Pasqual, disegno luci di Piero Bolzan audiogruppo. L&#8217;appuntamento \u00e8 per sabato 5 novembre alle 20:30 nella Chiesa di S. Pietro a Mel di Borgo Valbelluna.<\/p>\n<p>Lo spettacolo, un intreccio di narrazione, musica e spaccati di esistenza ricavati da testimonianze dirette, \u00e8 un viaggio attraverso l&#8217;esperienza dei soccorritori, di coloro che per primi giunsero in quel paesaggio lunare.<\/p>\n<p>Debuttato in occasione del 50 anniversario del disastro del Vajont, ha ricevuto il primo premio al concorso nazionale Actors&amp;Poetry 2014 e il Fiorino d&#8217;oro al primo posto del Premio Firenze Europa 2014-sezione drammaturgia teatrale.<\/p>\n<p>L&#8217;evento, patrocinato da Fondazione Dolomiti Unesco e Centro internazionale civilt\u00e0 dell&#8217;acqua, \u00e8 proposto nell&#8217;ambito dell&#8217;iniziativa &#8220;Le memorie del Vajont&#8221;, promossa dal Comune di Borgo Valbelluna. Ingresso libero fino a esaurimento posti.<\/p>","protected":false},"excerpt":{"rendered":"<p>L&#8217;associazione di promozione sociale ha scelto di presentarsi con un&#8217;iniziativa legata al Vajont, sabato 5 novembre, a Borgo Valbelluna Stimolare le persone nell&#8217;operare per l&#8217;animazione sociale e culturale delle comunit\u00e0: \u00e8 l&#8217;obiettivo dell&#8217;associazione CivicaMente-Associazione di idee, nata a Limana, ma aperta a collaborazioni oltre i confini comunali, &#8220;per far s\u00ec che si possa costruire, tutti [&hellip;]<\/p>\n","protected":false},"author":2,"featured_media":137328,"comment_status":"closed","ping_status":"open","sticky":false,"template":"","format":"standard","meta":{"footnotes":""},"categories":[27,8],"tags":[],"class_list":["post-137327","post","type-post","status-publish","format-standard","has-post-thumbnail","category-appuntamenti","category-societa-istituzioni"],"yoast_head":"<!-- This site is optimized with the Yoast SEO plugin v28.4 - https:\/\/yoast.com\/product\/yoast-seo-wordpress\/ -->\n<title>A Limana nasce CivicaMente-Associazione di idee\u00a0 - Bellunopress - Dolomiti<\/title>\n<meta name=\"robots\" content=\"index, follow, max-snippet:-1, max-image-preview:large, max-video-preview:-1\" \/>\n<link rel=\"canonical\" href=\"https:\/\/www.bellunopress.it\/fr\/2022\/10\/29\/a-limana-nasce-civicamente-associazione-di-idee\/\" \/>\n<meta property=\"og:locale\" content=\"fr_FR\" \/>\n<meta property=\"og:type\" content=\"article\" \/>\n<meta property=\"og:title\" content=\"A Limana nasce CivicaMente-Associazione di idee\u00a0 - Bellunopress - Dolomiti\" \/>\n<meta property=\"og:description\" content=\"L&#8217;associazione di promozione sociale ha scelto di presentarsi con un&#8217;iniziativa legata al Vajont, sabato 5 novembre, a Borgo Valbelluna Stimolare le persone nell&#8217;operare per l&#8217;animazione sociale e culturale delle comunit\u00e0: \u00e8 l&#8217;obiettivo dell&#8217;associazione CivicaMente-Associazione di idee, nata a Limana, ma aperta a collaborazioni oltre i confini comunali, &#8220;per far s\u00ec che si possa costruire, tutti [&hellip;]\" \/>\n<meta property=\"og:url\" content=\"https:\/\/www.bellunopress.it\/fr\/2022\/10\/29\/a-limana-nasce-civicamente-associazione-di-idee\/\" \/>\n<meta property=\"og:site_name\" content=\"Bellunopress - Dolomiti\" \/>\n<meta property=\"article:publisher\" content=\"https:\/\/www.facebook.com\/profile.php?id=100008943462799\" \/>\n<meta property=\"article:published_time\" content=\"2022-10-29T11:34:11+00:00\" \/>\n<meta property=\"og:image\" content=\"https:\/\/www.bellunopress.it\/wp-content\/uploads\/2022\/10\/Edi-Fontana_edited.jpg\" \/>\n\t<meta property=\"og:image:width\" content=\"970\" \/>\n\t<meta property=\"og:image:height\" content=\"976\" \/>\n\t<meta property=\"og:image:type\" content=\"image\/jpeg\" \/>\n<meta name=\"author\" content=\"redazione\" \/>\n<meta name=\"twitter:card\" content=\"summary_large_image\" \/>\n<meta name=\"twitter:creator\" content=\"@bellunopress\" \/>\n<meta name=\"twitter:site\" content=\"@bellunopress\" \/>\n<meta name=\"twitter:label1\" content=\"\u00c9crit par\" \/>\n\t<meta name=\"twitter:data1\" content=\"redazione\" \/>\n\t<meta name=\"twitter:label2\" content=\"Dur\u00e9e de lecture estim\u00e9e\" \/>\n\t<meta name=\"twitter:data2\" content=\"3 minutes\" \/>\n<script type=\"application\/ld+json\" class=\"yoast-schema-graph\">{\"@context\":\"https:\\\/\\\/schema.org\",\"@graph\":[{\"@type\":\"Article\",\"@id\":\"https:\\\/\\\/www.bellunopress.it\\\/2022\\\/10\\\/29\\\/a-limana-nasce-civicamente-associazione-di-idee\\\/#article\",\"isPartOf\":{\"@id\":\"https:\\\/\\\/www.bellunopress.it\\\/2022\\\/10\\\/29\\\/a-limana-nasce-civicamente-associazione-di-idee\\\/\"},\"author\":{\"name\":\"redazione\",\"@id\":\"https:\\\/\\\/www.bellunopress.it\\\/#\\\/schema\\\/person\\\/79bb06722b37ece1c03d3e94beb30d73\"},\"headline\":\"A Limana nasce CivicaMente-Associazione di idee\u00a0\",\"datePublished\":\"2022-10-29T11:34:11+00:00\",\"mainEntityOfPage\":{\"@id\":\"https:\\\/\\\/www.bellunopress.it\\\/2022\\\/10\\\/29\\\/a-limana-nasce-civicamente-associazione-di-idee\\\/\"},\"wordCount\":370,\"publisher\":{\"@id\":\"https:\\\/\\\/www.bellunopress.it\\\/#organization\"},\"image\":{\"@id\":\"https:\\\/\\\/www.bellunopress.it\\\/2022\\\/10\\\/29\\\/a-limana-nasce-civicamente-associazione-di-idee\\\/#primaryimage\"},\"thumbnailUrl\":\"https:\\\/\\\/www.bellunopress.it\\\/wp-content\\\/uploads\\\/2022\\\/10\\\/Edi-Fontana_edited.jpg\",\"articleSection\":[\"Appuntamenti, Eventi\",\"Societ\u00e0, Associazioni, Istituzioni\"],\"inLanguage\":\"fr-FR\"},{\"@type\":\"WebPage\",\"@id\":\"https:\\\/\\\/www.bellunopress.it\\\/2022\\\/10\\\/29\\\/a-limana-nasce-civicamente-associazione-di-idee\\\/\",\"url\":\"https:\\\/\\\/www.bellunopress.it\\\/2022\\\/10\\\/29\\\/a-limana-nasce-civicamente-associazione-di-idee\\\/\",\"name\":\"A Limana nasce CivicaMente-Associazione di idee\u00a0 - Bellunopress - Dolomiti\",\"isPartOf\":{\"@id\":\"https:\\\/\\\/www.bellunopress.it\\\/#website\"},\"primaryImageOfPage\":{\"@id\":\"https:\\\/\\\/www.bellunopress.it\\\/2022\\\/10\\\/29\\\/a-limana-nasce-civicamente-associazione-di-idee\\\/#primaryimage\"},\"image\":{\"@id\":\"https:\\\/\\\/www.bellunopress.it\\\/2022\\\/10\\\/29\\\/a-limana-nasce-civicamente-associazione-di-idee\\\/#primaryimage\"},\"thumbnailUrl\":\"https:\\\/\\\/www.bellunopress.it\\\/wp-content\\\/uploads\\\/2022\\\/10\\\/Edi-Fontana_edited.jpg\",\"datePublished\":\"2022-10-29T11:34:11+00:00\",\"breadcrumb\":{\"@id\":\"https:\\\/\\\/www.bellunopress.it\\\/2022\\\/10\\\/29\\\/a-limana-nasce-civicamente-associazione-di-idee\\\/#breadcrumb\"},\"inLanguage\":\"fr-FR\",\"potentialAction\":[{\"@type\":\"ReadAction\",\"target\":[\"https:\\\/\\\/www.bellunopress.it\\\/2022\\\/10\\\/29\\\/a-limana-nasce-civicamente-associazione-di-idee\\\/\"]}]},{\"@type\":\"ImageObject\",\"inLanguage\":\"fr-FR\",\"@id\":\"https:\\\/\\\/www.bellunopress.it\\\/2022\\\/10\\\/29\\\/a-limana-nasce-civicamente-associazione-di-idee\\\/#primaryimage\",\"url\":\"https:\\\/\\\/www.bellunopress.it\\\/wp-content\\\/uploads\\\/2022\\\/10\\\/Edi-Fontana_edited.jpg\",\"contentUrl\":\"https:\\\/\\\/www.bellunopress.it\\\/wp-content\\\/uploads\\\/2022\\\/10\\\/Edi-Fontana_edited.jpg\",\"width\":970,\"height\":976,\"caption\":\"Edi Fontana\"},{\"@type\":\"BreadcrumbList\",\"@id\":\"https:\\\/\\\/www.bellunopress.it\\\/2022\\\/10\\\/29\\\/a-limana-nasce-civicamente-associazione-di-idee\\\/#breadcrumb\",\"itemListElement\":[{\"@type\":\"ListItem\",\"position\":1,\"name\":\"Home\",\"item\":\"https:\\\/\\\/www.bellunopress.it\\\/\"},{\"@type\":\"ListItem\",\"position\":2,\"name\":\"A Limana nasce CivicaMente-Associazione di idee\u00a0\"}]},{\"@type\":\"WebSite\",\"@id\":\"https:\\\/\\\/www.bellunopress.it\\\/#website\",\"url\":\"https:\\\/\\\/www.bellunopress.it\\\/\",\"name\":\"Bellunopress - Dolomiti\",\"description\":\"e-mail: redazione@bellunopress.it\",\"publisher\":{\"@id\":\"https:\\\/\\\/www.bellunopress.it\\\/#organization\"},\"potentialAction\":[{\"@type\":\"SearchAction\",\"target\":{\"@type\":\"EntryPoint\",\"urlTemplate\":\"https:\\\/\\\/www.bellunopress.it\\\/?s={search_term_string}\"},\"query-input\":{\"@type\":\"PropertyValueSpecification\",\"valueRequired\":true,\"valueName\":\"search_term_string\"}}],\"inLanguage\":\"fr-FR\"},{\"@type\":\"Organization\",\"@id\":\"https:\\\/\\\/www.bellunopress.it\\\/#organization\",\"name\":\"Bellunopress\",\"url\":\"https:\\\/\\\/www.bellunopress.it\\\/\",\"logo\":{\"@type\":\"ImageObject\",\"inLanguage\":\"fr-FR\",\"@id\":\"https:\\\/\\\/www.bellunopress.it\\\/#\\\/schema\\\/logo\\\/image\\\/\",\"url\":\"https:\\\/\\\/www.bellunopress.it\\\/wp-content\\\/uploads\\\/2011\\\/05\\\/cropped-logo-bellunopress-.jpg\",\"contentUrl\":\"https:\\\/\\\/www.bellunopress.it\\\/wp-content\\\/uploads\\\/2011\\\/05\\\/cropped-logo-bellunopress-.jpg\",\"width\":512,\"height\":512,\"caption\":\"Bellunopress\"},\"image\":{\"@id\":\"https:\\\/\\\/www.bellunopress.it\\\/#\\\/schema\\\/logo\\\/image\\\/\"},\"sameAs\":[\"https:\\\/\\\/www.facebook.com\\\/profile.php?id=100008943462799\",\"https:\\\/\\\/x.com\\\/bellunopress\",\"https:\\\/\\\/www.linkedin.com\\\/hp\\\/?dnr=JBzUWaJfMUw8vbXJJ2tVW5-I3jZKvC4wsoxE&amp;amp;amp;amp;amp;amp;trk=nav_responsive_tab_home\",\"https:\\\/\\\/www.youtube.com\\\/channel\\\/UCxL0wu1uN0_3_7hGG0306cw\"]},{\"@type\":\"Person\",\"@id\":\"https:\\\/\\\/www.bellunopress.it\\\/#\\\/schema\\\/person\\\/79bb06722b37ece1c03d3e94beb30d73\",\"name\":\"redazione\",\"image\":{\"@type\":\"ImageObject\",\"inLanguage\":\"fr-FR\",\"@id\":\"https:\\\/\\\/secure.gravatar.com\\\/avatar\\\/37d968a2e67a6fd04c169c4bdef102d0bc5d31b2546345219e348575eb80e9a0?s=96&d=mm&r=g\",\"url\":\"https:\\\/\\\/secure.gravatar.com\\\/avatar\\\/37d968a2e67a6fd04c169c4bdef102d0bc5d31b2546345219e348575eb80e9a0?s=96&d=mm&r=g\",\"contentUrl\":\"https:\\\/\\\/secure.gravatar.com\\\/avatar\\\/37d968a2e67a6fd04c169c4bdef102d0bc5d31b2546345219e348575eb80e9a0?s=96&d=mm&r=g\",\"caption\":\"redazione\"},\"sameAs\":[\"http:\\\/\\\/www.bellunopress.it\",\"https:\\\/\\\/x.com\\\/bellunopress\"],\"url\":\"https:\\\/\\\/www.bellunopress.it\\\/fr\\\/author\\\/redazione\\\/\"}]}<\/script>\n<!-- \/ Yoast SEO plugin. -->","yoast_head_json":{"title":"A Limana nasce CivicaMente-Associazione di idee\u00a0 - Bellunopress - Dolomiti","robots":{"index":"index","follow":"follow","max-snippet":"max-snippet:-1","max-image-preview":"max-image-preview:large","max-video-preview":"max-video-preview:-1"},"canonical":"https:\/\/www.bellunopress.it\/fr\/2022\/10\/29\/a-limana-nasce-civicamente-associazione-di-idee\/","og_locale":"fr_FR","og_type":"article","og_title":"A Limana nasce CivicaMente-Associazione di idee\u00a0 - Bellunopress - Dolomiti","og_description":"L&#8217;associazione di promozione sociale ha scelto di presentarsi con un&#8217;iniziativa legata al Vajont, sabato 5 novembre, a Borgo Valbelluna Stimolare le persone nell&#8217;operare per l&#8217;animazione sociale e culturale delle comunit\u00e0: \u00e8 l&#8217;obiettivo dell&#8217;associazione CivicaMente-Associazione di idee, nata a Limana, ma aperta a collaborazioni oltre i confini comunali, &#8220;per far s\u00ec che si possa costruire, tutti [&hellip;]","og_url":"https:\/\/www.bellunopress.it\/fr\/2022\/10\/29\/a-limana-nasce-civicamente-associazione-di-idee\/","og_site_name":"Bellunopress - Dolomiti","article_publisher":"https:\/\/www.facebook.com\/profile.php?id=100008943462799","article_published_time":"2022-10-29T11:34:11+00:00","og_image":[{"width":970,"height":976,"url":"https:\/\/www.bellunopress.it\/wp-content\/uploads\/2022\/10\/Edi-Fontana_edited.jpg","type":"image\/jpeg"}],"author":"redazione","twitter_card":"summary_large_image","twitter_creator":"@bellunopress","twitter_site":"@bellunopress","twitter_misc":{"\u00c9crit par":"redazione","Dur\u00e9e de lecture estim\u00e9e":"3 minutes"},"schema":{"@context":"https:\/\/schema.org","@graph":[{"@type":"Article","@id":"https:\/\/www.bellunopress.it\/2022\/10\/29\/a-limana-nasce-civicamente-associazione-di-idee\/#article","isPartOf":{"@id":"https:\/\/www.bellunopress.it\/2022\/10\/29\/a-limana-nasce-civicamente-associazione-di-idee\/"},"author":{"name":"redazione","@id":"https:\/\/www.bellunopress.it\/#\/schema\/person\/79bb06722b37ece1c03d3e94beb30d73"},"headline":"A Limana nasce CivicaMente-Associazione di idee\u00a0","datePublished":"2022-10-29T11:34:11+00:00","mainEntityOfPage":{"@id":"https:\/\/www.bellunopress.it\/2022\/10\/29\/a-limana-nasce-civicamente-associazione-di-idee\/"},"wordCount":370,"publisher":{"@id":"https:\/\/www.bellunopress.it\/#organization"},"image":{"@id":"https:\/\/www.bellunopress.it\/2022\/10\/29\/a-limana-nasce-civicamente-associazione-di-idee\/#primaryimage"},"thumbnailUrl":"https:\/\/www.bellunopress.it\/wp-content\/uploads\/2022\/10\/Edi-Fontana_edited.jpg","articleSection":["Appuntamenti, Eventi","Societ\u00e0, Associazioni, Istituzioni"],"inLanguage":"fr-FR"},{"@type":"WebPage","@id":"https:\/\/www.bellunopress.it\/2022\/10\/29\/a-limana-nasce-civicamente-associazione-di-idee\/","url":"https:\/\/www.bellunopress.it\/2022\/10\/29\/a-limana-nasce-civicamente-associazione-di-idee\/","name":"A Limana nasce CivicaMente-Associazione di idee\u00a0 - Bellunopress - Dolomiti","isPartOf":{"@id":"https:\/\/www.bellunopress.it\/#website"},"primaryImageOfPage":{"@id":"https:\/\/www.bellunopress.it\/2022\/10\/29\/a-limana-nasce-civicamente-associazione-di-idee\/#primaryimage"},"image":{"@id":"https:\/\/www.bellunopress.it\/2022\/10\/29\/a-limana-nasce-civicamente-associazione-di-idee\/#primaryimage"},"thumbnailUrl":"https:\/\/www.bellunopress.it\/wp-content\/uploads\/2022\/10\/Edi-Fontana_edited.jpg","datePublished":"2022-10-29T11:34:11+00:00","breadcrumb":{"@id":"https:\/\/www.bellunopress.it\/2022\/10\/29\/a-limana-nasce-civicamente-associazione-di-idee\/#breadcrumb"},"inLanguage":"fr-FR","potentialAction":[{"@type":"ReadAction","target":["https:\/\/www.bellunopress.it\/2022\/10\/29\/a-limana-nasce-civicamente-associazione-di-idee\/"]}]},{"@type":"ImageObject","inLanguage":"fr-FR","@id":"https:\/\/www.bellunopress.it\/2022\/10\/29\/a-limana-nasce-civicamente-associazione-di-idee\/#primaryimage","url":"https:\/\/www.bellunopress.it\/wp-content\/uploads\/2022\/10\/Edi-Fontana_edited.jpg","contentUrl":"https:\/\/www.bellunopress.it\/wp-content\/uploads\/2022\/10\/Edi-Fontana_edited.jpg","width":970,"height":976,"caption":"Edi Fontana"},{"@type":"BreadcrumbList","@id":"https:\/\/www.bellunopress.it\/2022\/10\/29\/a-limana-nasce-civicamente-associazione-di-idee\/#breadcrumb","itemListElement":[{"@type":"ListItem","position":1,"name":"Home","item":"https:\/\/www.bellunopress.it\/"},{"@type":"ListItem","position":2,"name":"A Limana nasce CivicaMente-Associazione di idee\u00a0"}]},{"@type":"WebSite","@id":"https:\/\/www.bellunopress.it\/#website","url":"https:\/\/www.bellunopress.it\/","name":"Bellunopress - Dolomiti","description":"e-mail: redazione@bellunopress.it","publisher":{"@id":"https:\/\/www.bellunopress.it\/#organization"},"potentialAction":[{"@type":"SearchAction","target":{"@type":"EntryPoint","urlTemplate":"https:\/\/www.bellunopress.it\/?s={search_term_string}"},"query-input":{"@type":"PropertyValueSpecification","valueRequired":true,"valueName":"search_term_string"}}],"inLanguage":"fr-FR"},{"@type":"Organization","@id":"https:\/\/www.bellunopress.it\/#organization","name":"Bellunopress","url":"https:\/\/www.bellunopress.it\/","logo":{"@type":"ImageObject","inLanguage":"fr-FR","@id":"https:\/\/www.bellunopress.it\/#\/schema\/logo\/image\/","url":"https:\/\/www.bellunopress.it\/wp-content\/uploads\/2011\/05\/cropped-logo-bellunopress-.jpg","contentUrl":"https:\/\/www.bellunopress.it\/wp-content\/uploads\/2011\/05\/cropped-logo-bellunopress-.jpg","width":512,"height":512,"caption":"Bellunopress"},"image":{"@id":"https:\/\/www.bellunopress.it\/#\/schema\/logo\/image\/"},"sameAs":["https:\/\/www.facebook.com\/profile.php?id=100008943462799","https:\/\/x.com\/bellunopress","https:\/\/www.linkedin.com\/hp\/?dnr=JBzUWaJfMUw8vbXJJ2tVW5-I3jZKvC4wsoxE&amp;amp;amp;amp;amp;amp;trk=nav_responsive_tab_home","https:\/\/www.youtube.com\/channel\/UCxL0wu1uN0_3_7hGG0306cw"]},{"@type":"Person","@id":"https:\/\/www.bellunopress.it\/#\/schema\/person\/79bb06722b37ece1c03d3e94beb30d73","name":"r\u00e9daction","image":{"@type":"ImageObject","inLanguage":"fr-FR","@id":"https:\/\/secure.gravatar.com\/avatar\/37d968a2e67a6fd04c169c4bdef102d0bc5d31b2546345219e348575eb80e9a0?s=96&d=mm&r=g","url":"https:\/\/secure.gravatar.com\/avatar\/37d968a2e67a6fd04c169c4bdef102d0bc5d31b2546345219e348575eb80e9a0?s=96&d=mm&r=g","contentUrl":"https:\/\/secure.gravatar.com\/avatar\/37d968a2e67a6fd04c169c4bdef102d0bc5d31b2546345219e348575eb80e9a0?s=96&d=mm&r=g","caption":"redazione"},"sameAs":["http:\/\/www.bellunopress.it","https:\/\/x.com\/bellunopress"],"url":"https:\/\/www.bellunopress.it\/fr\/author\/redazione\/"}]}},"_links":{"self":[{"href":"https:\/\/www.bellunopress.it\/fr\/wp-json\/wp\/v2\/posts\/137327","targetHints":{"allow":["GET"]}}],"collection":[{"href":"https:\/\/www.bellunopress.it\/fr\/wp-json\/wp\/v2\/posts"}],"about":[{"href":"https:\/\/www.bellunopress.it\/fr\/wp-json\/wp\/v2\/types\/post"}],"author":[{"embeddable":true,"href":"https:\/\/www.bellunopress.it\/fr\/wp-json\/wp\/v2\/users\/2"}],"replies":[{"embeddable":true,"href":"https:\/\/www.bellunopress.it\/fr\/wp-json\/wp\/v2\/comments?post=137327"}],"version-history":[{"count":1,"href":"https:\/\/www.bellunopress.it\/fr\/wp-json\/wp\/v2\/posts\/137327\/revisions"}],"predecessor-version":[{"id":137329,"href":"https:\/\/www.bellunopress.it\/fr\/wp-json\/wp\/v2\/posts\/137327\/revisions\/137329"}],"wp:featuredmedia":[{"embeddable":true,"href":"https:\/\/www.bellunopress.it\/fr\/wp-json\/wp\/v2\/media\/137328"}],"wp:attachment":[{"href":"https:\/\/www.bellunopress.it\/fr\/wp-json\/wp\/v2\/media?parent=137327"}],"wp:term":[{"taxonomy":"category","embeddable":true,"href":"https:\/\/www.bellunopress.it\/fr\/wp-json\/wp\/v2\/categories?post=137327"},{"taxonomy":"post_tag","embeddable":true,"href":"https:\/\/www.bellunopress.it\/fr\/wp-json\/wp\/v2\/tags?post=137327"}],"curies":[{"name":"wp","href":"https:\/\/api.w.org\/{rel}","templated":true}]}}